{"id":107904,"date":"2019-09-15T22:03:15","date_gmt":"2019-09-15T20:03:15","guid":{"rendered":"http:\/\/www.bellunopress.it\/?p=107904"},"modified":"2019-09-15T22:03:15","modified_gmt":"2019-09-15T20:03:15","slug":"premio-la-continuita-dimpresa-dal-lato-delle-donne-pozza-ringrazio-le-imprenditrici-che-hanno-saputo-fare-nuova-impresa-nel-nostro-territorio","status":"publish","type":"post","link":"https:\/\/www.bellunopress.it\/fr\/2019\/09\/15\/premio-la-continuita-dimpresa-dal-lato-delle-donne-pozza-ringrazio-le-imprenditrici-che-hanno-saputo-fare-nuova-impresa-nel-nostro-territorio\/","title":{"rendered":"Premio &#8220;la continuit\u00e0 d&#8217;impresa dal lato delle donne&#8221;.\u00a0Pozza: &#8220;Ringrazio le imprenditrici che hanno saputo fare nuova impresa nel nostro territorio&#8221;"},"content":{"rendered":"<figure id=\"attachment_98121\" aria-describedby=\"caption-attachment-98121\" style=\"width: 232px\" class=\"wp-caption alignleft\"><a href=\"http:\/\/www.bellunopress.it\/fr\/2018\/09\/21\/unioncamere-veneto-pozza-confermato-alla-presidenza-fino-al-2021\/mario-pozza-2\/\" rel=\"attachment wp-att-98121\"><img loading=\"lazy\" decoding=\"async\" class=\"size-full wp-image-98121\" src=\"http:\/\/www.bellunopress.it\/wp-content\/uploads\/2018\/09\/Mario-Pozza.jpg\" alt=\"\" width=\"232\" height=\"300\" \/><\/a><figcaption id=\"caption-attachment-98121\" class=\"wp-caption-text\">Mario Pozza<\/figcaption><\/figure>\n<p>Il Comitato per la promozione dell&#8217;Imprenditoria Femminile e la Camera di Commercio, Industria, Artigianato e Agricoltura di Treviso-Belluno hanno istituito l&#8217;edizione 2018-2019 del Premio &#8220;La continuit\u00e0 d&#8217;impresa dal lato delle donne&#8221; con l&#8217;obiettivo di selezionare 6 nuove imprese femminili del territorio di Treviso e di Belluno caratterizzate da innovazione e\/o creativit\u00e0.<\/p>\n<p>Sono davvero orgoglioso e ringrazio per il lavoro svolto, il Comitato per l&#8217;imprenditoria femminile &#8211; elogia il Presidente Pozza &#8211; perch\u00e9 sa individuare e sa motivare il fare impresa di tante donne che si caratterizza sempre di pi\u00f9 nella creativit\u00e0 coniugata all&#8217;innovazione.<\/p>\n<p>Progetti d&#8217;impresa e di vita che arricchiscono l&#8217;idea di affrontare i mercati e le nuove aspettative dei consumatori. La Camera di Commercio sar\u00e0 sempre presente e vicina nelle vostre attivit\u00e0 sia nella promozione che nell&#8217;assistenza con i nostri uffici soprattutto ora che c&#8217;\u00e8 questa grande trasformazione digitale nei prodotti e nei processi del fare impresa.<\/p>\n<p>L&#8217;avviso di candidatura, dotato di un fondo complessivo di 18.000.00 euro, stabiliva l&#8217;assegnazione dei singoli premi, di 3.000,00 euro ciascuno, ad imprese femminili che, nel periodo 2010-2018, avessero avviato la loro attivit\u00e0 subentrando ad un&#8217;impresa precedente e garantendo, nell&#8217;innovazione, la continuit\u00e0 aziendale, secondo i seguenti parametri:<\/p>\n<p>&#8211; Innovazione nell&#8217;organizzazione e nella gestione delle risorse umane;<\/p>\n<p>&#8211; Innovazione nelle nuove tecnologie;<\/p>\n<p>&#8211; Innovazione nelle modalit\u00e0 di commercializzazione e distribuzione di prodotti;<\/p>\n<p>&#8211; Creativit\u00e0 e originalit\u00e0 nel servizio al cliente;<\/p>\n<p>&#8211; Eco-sostenibilit\u00e0 e user-experience del prodotto-servizio.<\/p>\n<p>Sono pervenute 58 candidature, tra le quali il Comitato ha individuato le 6 vincitrici.<\/p>\n<p>Si tratta di :<\/p>\n<p>&#8211; AZ. AGR. EL PUNER DI BORTOLIN NICOLETTA \u2013 FELTRE (BL)<\/p>\n<p>Sito: https:\/\/sites.google.com\/view\/az-agr-elpuner\/home?authuser=0<\/p>\n<p>Motivazione: premio per aver portato in agricoltura una nuova visione di organizzazione, comunicazione ed integrazione sociale, sviluppando sia il mercato locale che il mercato internazionale con partecipazione a fiere ed eventi che danno visibilit\u00e0 indirettamente anche al territorio di origine.<\/p>\n<p>&#8211; TOLOTTI MARMI SRL \u2013 BORGO VALBELLUNA (BL)<\/p>\n<p>Sito: http:\/\/www.marmitolotti.it\/<\/p>\n<p>Motivazione: premio per aver introdotto in azienda innovazioni di prodotto e di processo con tecnologie avanzate dalle elevate prestazioni eco-produttive ed aver ampliato la linea di prodotti con soddisfazione di requisiti dimensionali e spiccate caratteristiche estetiche e di design funzionali per il settore artistico a basso impatto ambientale.<\/p>\n<p>&#8211; ISET SRL \u2013 LIMANA (BL)<\/p>\n<p>Sito: http:\/\/iset.it\/<\/p>\n<p>Motivazione: premio per la capacit\u00e0 di dare continuit\u00e0 ad un&#8217;azienda grazie ad un progetto di rinnovamento e di risposta al digital divide soddisfacendo obiettivi di sostenibilit\u00e0 ambientale che l&#8217;azienda promuove.<\/p>\n<p>&#8211; EDICOLA VITTORIA DI FANIA ZANFORLIN &#8211; TREVISO<\/p>\n<p>SITO: https:\/\/www.facebook.com\/edicolavittoriatreviso\/<\/p>\n<p>Motivazione: premio attribuito per la capacit\u00e0 di trasformare una tradizionale attivit\u00e0 commerciale in un luogo di aggregazione sociale e culturale coinvolgendo tutte le fasce d&#8217;et\u00e0 della popolazione cittadina e veicolando iniziative di stimolo ed incentivo alla lettura.<\/p>\n<p>&#8211; BEPI BOSOL SNC DI GNEC MALVINA E SPERANZA SARA \u2013 RIVAMONTE AGORDINO (BL)<\/p>\n<p>Motivazione: premio attribuito per la capacit\u00e0, la tenacia e la dedizione nel perseguire attivit\u00e0 imprenditoriali, e recuperare attivit\u00e0 dismesse, a favore di un territorio montano con conseguente incremento dell&#8217;occupazione e dei servizi erogati alla popolazione.<\/p>\n<p>&#8211; PHOTOART CASONATO DI CASONATO ALESSANDRA \u2013 ODERZO (TV)<\/p>\n<p>Sito: http:\/\/www.photoartcasonato.it\/it\/<\/p>\n<p>Motivazione: premio assegnato per la intuizione e la ricerca della fotografia come mezzo di autoaffermazione e d autostima per le persone, specialmente per le donne, che in qualche passaggio della loro vita necessitano di essere sostenute<\/p>","protected":false},"excerpt":{"rendered":"<p>Il Comitato per la promozione dell&#8217;Imprenditoria Femminile e la Camera di Commercio, Industria, Artigianato e Agricoltura di Treviso-Belluno hanno istituito l&#8217;edizione 2018-2019 del Premio &#8220;La continuit\u00e0 d&#8217;impresa dal lato delle donne&#8221; con l&#8217;obiettivo di selezionare 6 nuove imprese femminili del territorio di Treviso e di Belluno caratterizzate da innovazione e\/o creativit\u00e0. Sono davvero orgoglioso e [&hellip;]<\/p>\n","protected":false},"author":2,"featured_media":0,"comment_status":"closed","ping_status":"open","sticky":false,"template":"","format":"standard","meta":{"footnotes":""},"categories":[36,26],"tags":[],"class_list":["post-107904","post","type-post","status-publish","format-standard","category-lavoro-economia","category-prima-pagina"],"yoast_head":"<!-- This site is optimized with the Yoast SEO plugin v28.4 - https:\/\/yoast.com\/product\/yoast-seo-wordpress\/ -->\n<title>Premio &quot;la continuit\u00e0 d&#039;impresa dal lato delle donne&quot;.\u00a0Pozza: &quot;Ringrazio le imprenditrici che hanno saputo fare nuova impresa nel nostro territorio&quot; - Bellunopress - Dolomiti<\/title>\n<meta name=\"robots\" content=\"index, follow, max-snippet:-1, max-image-preview:large, max-video-preview:-1\" \/>\n<link rel=\"canonical\" href=\"https:\/\/www.bellunopress.it\/fr\/2019\/09\/15\/premio-la-continuita-dimpresa-dal-lato-delle-donne-pozza-ringrazio-le-imprenditrici-che-hanno-saputo-fare-nuova-impresa-nel-nostro-territorio\/\" \/>\n<meta property=\"og:locale\" content=\"fr_FR\" \/>\n<meta property=\"og:type\" content=\"article\" \/>\n<meta property=\"og:title\" content=\"Premio &quot;la continuit\u00e0 d&#039;impresa dal lato delle donne&quot;.\u00a0Pozza: &quot;Ringrazio le imprenditrici che hanno saputo fare nuova impresa nel nostro territorio&quot; - Bellunopress - Dolomiti\" \/>\n<meta property=\"og:description\" content=\"Il Comitato per la promozione dell&#8217;Imprenditoria Femminile e la Camera di Commercio, Industria, Artigianato e Agricoltura di Treviso-Belluno hanno istituito l&#8217;edizione 2018-2019 del Premio &#8220;La continuit\u00e0 d&#8217;impresa dal lato delle donne&#8221; con l&#8217;obiettivo di selezionare 6 nuove imprese femminili del territorio di Treviso e di Belluno caratterizzate da innovazione e\/o creativit\u00e0. Sono davvero orgoglioso e [&hellip;]\" \/>\n<meta property=\"og:url\" content=\"https:\/\/www.bellunopress.it\/fr\/2019\/09\/15\/premio-la-continuita-dimpresa-dal-lato-delle-donne-pozza-ringrazio-le-imprenditrici-che-hanno-saputo-fare-nuova-impresa-nel-nostro-territorio\/\" \/>\n<meta property=\"og:site_name\" content=\"Bellunopress - Dolomiti\" \/>\n<meta property=\"article:publisher\" content=\"https:\/\/www.facebook.com\/profile.php?id=100008943462799\" \/>\n<meta property=\"article:published_time\" content=\"2019-09-15T20:03:15+00:00\" \/>\n<meta property=\"og:image\" content=\"http:\/\/www.bellunopress.it\/wp-content\/uploads\/2018\/09\/Mario-Pozza.jpg\" \/>\n<meta name=\"author\" content=\"redazione\" \/>\n<meta name=\"twitter:card\" content=\"summary_large_image\" \/>\n<meta name=\"twitter:creator\" content=\"@bellunopress\" \/>\n<meta name=\"twitter:site\" content=\"@bellunopress\" \/>\n<meta name=\"twitter:label1\" content=\"\u00c9crit par\" \/>\n\t<meta name=\"twitter:data1\" content=\"redazione\" \/>\n\t<meta name=\"twitter:label2\" content=\"Dur\u00e9e de lecture estim\u00e9e\" \/>\n\t<meta name=\"twitter:data2\" content=\"3 minutes\" \/>\n<script type=\"application\/ld+json\" class=\"yoast-schema-graph\">{\"@context\":\"https:\\\/\\\/schema.org\",\"@graph\":[{\"@type\":\"Article\",\"@id\":\"https:\\\/\\\/www.bellunopress.it\\\/2019\\\/09\\\/15\\\/premio-la-continuita-dimpresa-dal-lato-delle-donne-pozza-ringrazio-le-imprenditrici-che-hanno-saputo-fare-nuova-impresa-nel-nostro-territorio\\\/#article\",\"isPartOf\":{\"@id\":\"https:\\\/\\\/www.bellunopress.it\\\/2019\\\/09\\\/15\\\/premio-la-continuita-dimpresa-dal-lato-delle-donne-pozza-ringrazio-le-imprenditrici-che-hanno-saputo-fare-nuova-impresa-nel-nostro-territorio\\\/\"},\"author\":{\"name\":\"redazione\",\"@id\":\"https:\\\/\\\/www.bellunopress.it\\\/#\\\/schema\\\/person\\\/79bb06722b37ece1c03d3e94beb30d73\"},\"headline\":\"Premio &#8220;la continuit\u00e0 d&#8217;impresa dal lato delle donne&#8221;.\u00a0Pozza: &#8220;Ringrazio le imprenditrici che hanno saputo fare nuova impresa nel nostro territorio&#8221;\",\"datePublished\":\"2019-09-15T20:03:15+00:00\",\"mainEntityOfPage\":{\"@id\":\"https:\\\/\\\/www.bellunopress.it\\\/2019\\\/09\\\/15\\\/premio-la-continuita-dimpresa-dal-lato-delle-donne-pozza-ringrazio-le-imprenditrici-che-hanno-saputo-fare-nuova-impresa-nel-nostro-territorio\\\/\"},\"wordCount\":601,\"publisher\":{\"@id\":\"https:\\\/\\\/www.bellunopress.it\\\/#organization\"},\"image\":{\"@id\":\"https:\\\/\\\/www.bellunopress.it\\\/2019\\\/09\\\/15\\\/premio-la-continuita-dimpresa-dal-lato-delle-donne-pozza-ringrazio-le-imprenditrici-che-hanno-saputo-fare-nuova-impresa-nel-nostro-territorio\\\/#primaryimage\"},\"thumbnailUrl\":\"http:\\\/\\\/www.bellunopress.it\\\/wp-content\\\/uploads\\\/2018\\\/09\\\/Mario-Pozza.jpg\",\"articleSection\":[\"Lavoro, Economia, Turismo\",\"Prima Pagina\"],\"inLanguage\":\"fr-FR\"},{\"@type\":\"WebPage\",\"@id\":\"https:\\\/\\\/www.bellunopress.it\\\/2019\\\/09\\\/15\\\/premio-la-continuita-dimpresa-dal-lato-delle-donne-pozza-ringrazio-le-imprenditrici-che-hanno-saputo-fare-nuova-impresa-nel-nostro-territorio\\\/\",\"url\":\"https:\\\/\\\/www.bellunopress.it\\\/2019\\\/09\\\/15\\\/premio-la-continuita-dimpresa-dal-lato-delle-donne-pozza-ringrazio-le-imprenditrici-che-hanno-saputo-fare-nuova-impresa-nel-nostro-territorio\\\/\",\"name\":\"Premio \\\"la continuit\u00e0 d'impresa dal lato delle donne\\\".\u00a0Pozza: \\\"Ringrazio le imprenditrici che hanno saputo fare nuova impresa nel nostro territorio\\\" - Bellunopress - Dolomiti\",\"isPartOf\":{\"@id\":\"https:\\\/\\\/www.bellunopress.it\\\/#website\"},\"primaryImageOfPage\":{\"@id\":\"https:\\\/\\\/www.bellunopress.it\\\/2019\\\/09\\\/15\\\/premio-la-continuita-dimpresa-dal-lato-delle-donne-pozza-ringrazio-le-imprenditrici-che-hanno-saputo-fare-nuova-impresa-nel-nostro-territorio\\\/#primaryimage\"},\"image\":{\"@id\":\"https:\\\/\\\/www.bellunopress.it\\\/2019\\\/09\\\/15\\\/premio-la-continuita-dimpresa-dal-lato-delle-donne-pozza-ringrazio-le-imprenditrici-che-hanno-saputo-fare-nuova-impresa-nel-nostro-territorio\\\/#primaryimage\"},\"thumbnailUrl\":\"http:\\\/\\\/www.bellunopress.it\\\/wp-content\\\/uploads\\\/2018\\\/09\\\/Mario-Pozza.jpg\",\"datePublished\":\"2019-09-15T20:03:15+00:00\",\"breadcrumb\":{\"@id\":\"https:\\\/\\\/www.bellunopress.it\\\/2019\\\/09\\\/15\\\/premio-la-continuita-dimpresa-dal-lato-delle-donne-pozza-ringrazio-le-imprenditrici-che-hanno-saputo-fare-nuova-impresa-nel-nostro-territorio\\\/#breadcrumb\"},\"inLanguage\":\"fr-FR\",\"potentialAction\":[{\"@type\":\"ReadAction\",\"target\":[\"https:\\\/\\\/www.bellunopress.it\\\/2019\\\/09\\\/15\\\/premio-la-continuita-dimpresa-dal-lato-delle-donne-pozza-ringrazio-le-imprenditrici-che-hanno-saputo-fare-nuova-impresa-nel-nostro-territorio\\\/\"]}]},{\"@type\":\"ImageObject\",\"inLanguage\":\"fr-FR\",\"@id\":\"https:\\\/\\\/www.bellunopress.it\\\/2019\\\/09\\\/15\\\/premio-la-continuita-dimpresa-dal-lato-delle-donne-pozza-ringrazio-le-imprenditrici-che-hanno-saputo-fare-nuova-impresa-nel-nostro-territorio\\\/#primaryimage\",\"url\":\"http:\\\/\\\/www.bellunopress.it\\\/wp-content\\\/uploads\\\/2018\\\/09\\\/Mario-Pozza.jpg\",\"contentUrl\":\"http:\\\/\\\/www.bellunopress.it\\\/wp-content\\\/uploads\\\/2018\\\/09\\\/Mario-Pozza.jpg\"},{\"@type\":\"BreadcrumbList\",\"@id\":\"https:\\\/\\\/www.bellunopress.it\\\/2019\\\/09\\\/15\\\/premio-la-continuita-dimpresa-dal-lato-delle-donne-pozza-ringrazio-le-imprenditrici-che-hanno-saputo-fare-nuova-impresa-nel-nostro-territorio\\\/#breadcrumb\",\"itemListElement\":[{\"@type\":\"ListItem\",\"position\":1,\"name\":\"Home\",\"item\":\"https:\\\/\\\/www.bellunopress.it\\\/\"},{\"@type\":\"ListItem\",\"position\":2,\"name\":\"Premio &#8220;la continuit\u00e0 d&#8217;impresa dal lato delle donne&#8221;.\u00a0Pozza: &#8220;Ringrazio le imprenditrici che hanno saputo fare nuova impresa nel nostro territorio&#8221;\"}]},{\"@type\":\"WebSite\",\"@id\":\"https:\\\/\\\/www.bellunopress.it\\\/#website\",\"url\":\"https:\\\/\\\/www.bellunopress.it\\\/\",\"name\":\"Bellunopress - Dolomiti\",\"description\":\"e-mail: redazione@bellunopress.it\",\"publisher\":{\"@id\":\"https:\\\/\\\/www.bellunopress.it\\\/#organization\"},\"potentialAction\":[{\"@type\":\"SearchAction\",\"target\":{\"@type\":\"EntryPoint\",\"urlTemplate\":\"https:\\\/\\\/www.bellunopress.it\\\/?s={search_term_string}\"},\"query-input\":{\"@type\":\"PropertyValueSpecification\",\"valueRequired\":true,\"valueName\":\"search_term_string\"}}],\"inLanguage\":\"fr-FR\"},{\"@type\":\"Organization\",\"@id\":\"https:\\\/\\\/www.bellunopress.it\\\/#organization\",\"name\":\"Bellunopress\",\"url\":\"https:\\\/\\\/www.bellunopress.it\\\/\",\"logo\":{\"@type\":\"ImageObject\",\"inLanguage\":\"fr-FR\",\"@id\":\"https:\\\/\\\/www.bellunopress.it\\\/#\\\/schema\\\/logo\\\/image\\\/\",\"url\":\"https:\\\/\\\/www.bellunopress.it\\\/wp-content\\\/uploads\\\/2011\\\/05\\\/cropped-logo-bellunopress-.jpg\",\"contentUrl\":\"https:\\\/\\\/www.bellunopress.it\\\/wp-content\\\/uploads\\\/2011\\\/05\\\/cropped-logo-bellunopress-.jpg\",\"width\":512,\"height\":512,\"caption\":\"Bellunopress\"},\"image\":{\"@id\":\"https:\\\/\\\/www.bellunopress.it\\\/#\\\/schema\\\/logo\\\/image\\\/\"},\"sameAs\":[\"https:\\\/\\\/www.facebook.com\\\/profile.php?id=100008943462799\",\"https:\\\/\\\/x.com\\\/bellunopress\",\"https:\\\/\\\/www.linkedin.com\\\/hp\\\/?dnr=JBzUWaJfMUw8vbXJJ2tVW5-I3jZKvC4wsoxE&amp;amp;amp;amp;amp;amp;trk=nav_responsive_tab_home\",\"https:\\\/\\\/www.youtube.com\\\/channel\\\/UCxL0wu1uN0_3_7hGG0306cw\"]},{\"@type\":\"Person\",\"@id\":\"https:\\\/\\\/www.bellunopress.it\\\/#\\\/schema\\\/person\\\/79bb06722b37ece1c03d3e94beb30d73\",\"name\":\"redazione\",\"image\":{\"@type\":\"ImageObject\",\"inLanguage\":\"fr-FR\",\"@id\":\"https:\\\/\\\/secure.gravatar.com\\\/avatar\\\/37d968a2e67a6fd04c169c4bdef102d0bc5d31b2546345219e348575eb80e9a0?s=96&d=mm&r=g\",\"url\":\"https:\\\/\\\/secure.gravatar.com\\\/avatar\\\/37d968a2e67a6fd04c169c4bdef102d0bc5d31b2546345219e348575eb80e9a0?s=96&d=mm&r=g\",\"contentUrl\":\"https:\\\/\\\/secure.gravatar.com\\\/avatar\\\/37d968a2e67a6fd04c169c4bdef102d0bc5d31b2546345219e348575eb80e9a0?s=96&d=mm&r=g\",\"caption\":\"redazione\"},\"sameAs\":[\"http:\\\/\\\/www.bellunopress.it\",\"https:\\\/\\\/x.com\\\/bellunopress\"],\"url\":\"https:\\\/\\\/www.bellunopress.it\\\/fr\\\/author\\\/redazione\\\/\"}]}<\/script>\n<!-- \/ Yoast SEO plugin. -->","yoast_head_json":{"title":"Premio \"la continuit\u00e0 d'impresa dal lato delle donne\".\u00a0Pozza: \"Ringrazio le imprenditrici che hanno saputo fare nuova impresa nel nostro territorio\" - Bellunopress - Dolomiti","robots":{"index":"index","follow":"follow","max-snippet":"max-snippet:-1","max-image-preview":"max-image-preview:large","max-video-preview":"max-video-preview:-1"},"canonical":"https:\/\/www.bellunopress.it\/fr\/2019\/09\/15\/premio-la-continuita-dimpresa-dal-lato-delle-donne-pozza-ringrazio-le-imprenditrici-che-hanno-saputo-fare-nuova-impresa-nel-nostro-territorio\/","og_locale":"fr_FR","og_type":"article","og_title":"Premio \"la continuit\u00e0 d'impresa dal lato delle donne\".\u00a0Pozza: \"Ringrazio le imprenditrici che hanno saputo fare nuova impresa nel nostro territorio\" - Bellunopress - Dolomiti","og_description":"Il Comitato per la promozione dell&#8217;Imprenditoria Femminile e la Camera di Commercio, Industria, Artigianato e Agricoltura di Treviso-Belluno hanno istituito l&#8217;edizione 2018-2019 del Premio &#8220;La continuit\u00e0 d&#8217;impresa dal lato delle donne&#8221; con l&#8217;obiettivo di selezionare 6 nuove imprese femminili del territorio di Treviso e di Belluno caratterizzate da innovazione e\/o creativit\u00e0. Sono davvero orgoglioso e [&hellip;]","og_url":"https:\/\/www.bellunopress.it\/fr\/2019\/09\/15\/premio-la-continuita-dimpresa-dal-lato-delle-donne-pozza-ringrazio-le-imprenditrici-che-hanno-saputo-fare-nuova-impresa-nel-nostro-territorio\/","og_site_name":"Bellunopress - Dolomiti","article_publisher":"https:\/\/www.facebook.com\/profile.php?id=100008943462799","article_published_time":"2019-09-15T20:03:15+00:00","og_image":[{"url":"http:\/\/www.bellunopress.it\/wp-content\/uploads\/2018\/09\/Mario-Pozza.jpg","type":"","width":"","height":""}],"author":"redazione","twitter_card":"summary_large_image","twitter_creator":"@bellunopress","twitter_site":"@bellunopress","twitter_misc":{"\u00c9crit par":"redazione","Dur\u00e9e de lecture estim\u00e9e":"3 minutes"},"schema":{"@context":"https:\/\/schema.org","@graph":[{"@type":"Article","@id":"https:\/\/www.bellunopress.it\/2019\/09\/15\/premio-la-continuita-dimpresa-dal-lato-delle-donne-pozza-ringrazio-le-imprenditrici-che-hanno-saputo-fare-nuova-impresa-nel-nostro-territorio\/#article","isPartOf":{"@id":"https:\/\/www.bellunopress.it\/2019\/09\/15\/premio-la-continuita-dimpresa-dal-lato-delle-donne-pozza-ringrazio-le-imprenditrici-che-hanno-saputo-fare-nuova-impresa-nel-nostro-territorio\/"},"author":{"name":"redazione","@id":"https:\/\/www.bellunopress.it\/#\/schema\/person\/79bb06722b37ece1c03d3e94beb30d73"},"headline":"Premio &#8220;la continuit\u00e0 d&#8217;impresa dal lato delle donne&#8221;.\u00a0Pozza: &#8220;Ringrazio le imprenditrici che hanno saputo fare nuova impresa nel nostro territorio&#8221;","datePublished":"2019-09-15T20:03:15+00:00","mainEntityOfPage":{"@id":"https:\/\/www.bellunopress.it\/2019\/09\/15\/premio-la-continuita-dimpresa-dal-lato-delle-donne-pozza-ringrazio-le-imprenditrici-che-hanno-saputo-fare-nuova-impresa-nel-nostro-territorio\/"},"wordCount":601,"publisher":{"@id":"https:\/\/www.bellunopress.it\/#organization"},"image":{"@id":"https:\/\/www.bellunopress.it\/2019\/09\/15\/premio-la-continuita-dimpresa-dal-lato-delle-donne-pozza-ringrazio-le-imprenditrici-che-hanno-saputo-fare-nuova-impresa-nel-nostro-territorio\/#primaryimage"},"thumbnailUrl":"http:\/\/www.bellunopress.it\/wp-content\/uploads\/2018\/09\/Mario-Pozza.jpg","articleSection":["Lavoro, Economia, Turismo","Prima Pagina"],"inLanguage":"fr-FR"},{"@type":"WebPage","@id":"https:\/\/www.bellunopress.it\/2019\/09\/15\/premio-la-continuita-dimpresa-dal-lato-delle-donne-pozza-ringrazio-le-imprenditrici-che-hanno-saputo-fare-nuova-impresa-nel-nostro-territorio\/","url":"https:\/\/www.bellunopress.it\/2019\/09\/15\/premio-la-continuita-dimpresa-dal-lato-delle-donne-pozza-ringrazio-le-imprenditrici-che-hanno-saputo-fare-nuova-impresa-nel-nostro-territorio\/","name":"Premio \"la continuit\u00e0 d'impresa dal lato delle donne\".\u00a0Pozza: \"Ringrazio le imprenditrici che hanno saputo fare nuova impresa nel nostro territorio\" - Bellunopress - Dolomiti","isPartOf":{"@id":"https:\/\/www.bellunopress.it\/#website"},"primaryImageOfPage":{"@id":"https:\/\/www.bellunopress.it\/2019\/09\/15\/premio-la-continuita-dimpresa-dal-lato-delle-donne-pozza-ringrazio-le-imprenditrici-che-hanno-saputo-fare-nuova-impresa-nel-nostro-territorio\/#primaryimage"},"image":{"@id":"https:\/\/www.bellunopress.it\/2019\/09\/15\/premio-la-continuita-dimpresa-dal-lato-delle-donne-pozza-ringrazio-le-imprenditrici-che-hanno-saputo-fare-nuova-impresa-nel-nostro-territorio\/#primaryimage"},"thumbnailUrl":"http:\/\/www.bellunopress.it\/wp-content\/uploads\/2018\/09\/Mario-Pozza.jpg","datePublished":"2019-09-15T20:03:15+00:00","breadcrumb":{"@id":"https:\/\/www.bellunopress.it\/2019\/09\/15\/premio-la-continuita-dimpresa-dal-lato-delle-donne-pozza-ringrazio-le-imprenditrici-che-hanno-saputo-fare-nuova-impresa-nel-nostro-territorio\/#breadcrumb"},"inLanguage":"fr-FR","potentialAction":[{"@type":"ReadAction","target":["https:\/\/www.bellunopress.it\/2019\/09\/15\/premio-la-continuita-dimpresa-dal-lato-delle-donne-pozza-ringrazio-le-imprenditrici-che-hanno-saputo-fare-nuova-impresa-nel-nostro-territorio\/"]}]},{"@type":"ImageObject","inLanguage":"fr-FR","@id":"https:\/\/www.bellunopress.it\/2019\/09\/15\/premio-la-continuita-dimpresa-dal-lato-delle-donne-pozza-ringrazio-le-imprenditrici-che-hanno-saputo-fare-nuova-impresa-nel-nostro-territorio\/#primaryimage","url":"http:\/\/www.bellunopress.it\/wp-content\/uploads\/2018\/09\/Mario-Pozza.jpg","contentUrl":"http:\/\/www.bellunopress.it\/wp-content\/uploads\/2018\/09\/Mario-Pozza.jpg"},{"@type":"BreadcrumbList","@id":"https:\/\/www.bellunopress.it\/2019\/09\/15\/premio-la-continuita-dimpresa-dal-lato-delle-donne-pozza-ringrazio-le-imprenditrici-che-hanno-saputo-fare-nuova-impresa-nel-nostro-territorio\/#breadcrumb","itemListElement":[{"@type":"ListItem","position":1,"name":"Home","item":"https:\/\/www.bellunopress.it\/"},{"@type":"ListItem","position":2,"name":"Premio &#8220;la continuit\u00e0 d&#8217;impresa dal lato delle donne&#8221;.\u00a0Pozza: &#8220;Ringrazio le imprenditrici che hanno saputo fare nuova impresa nel nostro territorio&#8221;"}]},{"@type":"WebSite","@id":"https:\/\/www.bellunopress.it\/#website","url":"https:\/\/www.bellunopress.it\/","name":"Bellunopress - Dolomiti","description":"e-mail: redazione@bellunopress.it","publisher":{"@id":"https:\/\/www.bellunopress.it\/#organization"},"potentialAction":[{"@type":"SearchAction","target":{"@type":"EntryPoint","urlTemplate":"https:\/\/www.bellunopress.it\/?s={search_term_string}"},"query-input":{"@type":"PropertyValueSpecification","valueRequired":true,"valueName":"search_term_string"}}],"inLanguage":"fr-FR"},{"@type":"Organization","@id":"https:\/\/www.bellunopress.it\/#organization","name":"Bellunopress","url":"https:\/\/www.bellunopress.it\/","logo":{"@type":"ImageObject","inLanguage":"fr-FR","@id":"https:\/\/www.bellunopress.it\/#\/schema\/logo\/image\/","url":"https:\/\/www.bellunopress.it\/wp-content\/uploads\/2011\/05\/cropped-logo-bellunopress-.jpg","contentUrl":"https:\/\/www.bellunopress.it\/wp-content\/uploads\/2011\/05\/cropped-logo-bellunopress-.jpg","width":512,"height":512,"caption":"Bellunopress"},"image":{"@id":"https:\/\/www.bellunopress.it\/#\/schema\/logo\/image\/"},"sameAs":["https:\/\/www.facebook.com\/profile.php?id=100008943462799","https:\/\/x.com\/bellunopress","https:\/\/www.linkedin.com\/hp\/?dnr=JBzUWaJfMUw8vbXJJ2tVW5-I3jZKvC4wsoxE&amp;amp;amp;amp;amp;amp;trk=nav_responsive_tab_home","https:\/\/www.youtube.com\/channel\/UCxL0wu1uN0_3_7hGG0306cw"]},{"@type":"Person","@id":"https:\/\/www.bellunopress.it\/#\/schema\/person\/79bb06722b37ece1c03d3e94beb30d73","name":"r\u00e9daction","image":{"@type":"ImageObject","inLanguage":"fr-FR","@id":"https:\/\/secure.gravatar.com\/avatar\/37d968a2e67a6fd04c169c4bdef102d0bc5d31b2546345219e348575eb80e9a0?s=96&d=mm&r=g","url":"https:\/\/secure.gravatar.com\/avatar\/37d968a2e67a6fd04c169c4bdef102d0bc5d31b2546345219e348575eb80e9a0?s=96&d=mm&r=g","contentUrl":"https:\/\/secure.gravatar.com\/avatar\/37d968a2e67a6fd04c169c4bdef102d0bc5d31b2546345219e348575eb80e9a0?s=96&d=mm&r=g","caption":"redazione"},"sameAs":["http:\/\/www.bellunopress.it","https:\/\/x.com\/bellunopress"],"url":"https:\/\/www.bellunopress.it\/fr\/author\/redazione\/"}]}},"_links":{"self":[{"href":"https:\/\/www.bellunopress.it\/fr\/wp-json\/wp\/v2\/posts\/107904","targetHints":{"allow":["GET"]}}],"collection":[{"href":"https:\/\/www.bellunopress.it\/fr\/wp-json\/wp\/v2\/posts"}],"about":[{"href":"https:\/\/www.bellunopress.it\/fr\/wp-json\/wp\/v2\/types\/post"}],"author":[{"embeddable":true,"href":"https:\/\/www.bellunopress.it\/fr\/wp-json\/wp\/v2\/users\/2"}],"replies":[{"embeddable":true,"href":"https:\/\/www.bellunopress.it\/fr\/wp-json\/wp\/v2\/comments?post=107904"}],"version-history":[{"count":1,"href":"https:\/\/www.bellunopress.it\/fr\/wp-json\/wp\/v2\/posts\/107904\/revisions"}],"predecessor-version":[{"id":107905,"href":"https:\/\/www.bellunopress.it\/fr\/wp-json\/wp\/v2\/posts\/107904\/revisions\/107905"}],"wp:attachment":[{"href":"https:\/\/www.bellunopress.it\/fr\/wp-json\/wp\/v2\/media?parent=107904"}],"wp:term":[{"taxonomy":"category","embeddable":true,"href":"https:\/\/www.bellunopress.it\/fr\/wp-json\/wp\/v2\/categories?post=107904"},{"taxonomy":"post_tag","embeddable":true,"href":"https:\/\/www.bellunopress.it\/fr\/wp-json\/wp\/v2\/tags?post=107904"}],"curies":[{"name":"wp","href":"https:\/\/api.w.org\/{rel}","templated":true}]}}