{"id":107900,"date":"2019-09-15T21:59:12","date_gmt":"2019-09-15T19:59:12","guid":{"rendered":"http:\/\/www.bellunopress.it\/?p=107900"},"modified":"2019-09-15T21:59:13","modified_gmt":"2019-09-15T19:59:13","slug":"bilancio-positivo-e-grande-partecipazione-per-la-conclusione-della-fiera-e-festival-delle-foreste-a-longarone-fiere","status":"publish","type":"post","link":"https:\/\/www.bellunopress.it\/fr\/2019\/09\/15\/bilancio-positivo-e-grande-partecipazione-per-la-conclusione-della-fiera-e-festival-delle-foreste-a-longarone-fiere\/","title":{"rendered":"Bilancio positivo e grande partecipazione per la conclusione della Fiera e Festival delle Foreste a Longarone Fiere"},"content":{"rendered":"<figure id=\"attachment_107901\" aria-describedby=\"caption-attachment-107901\" style=\"width: 300px\" class=\"wp-caption alignleft\"><a href=\"http:\/\/www.bellunopress.it\/fr\/2019\/09\/15\/bilancio-positivo-e-grande-partecipazione-per-la-conclusione-della-fiera-e-festival-delle-foreste-a-longarone-fiere\/gianni-rigoni-stern-e-raffaele-cavalli\/\" rel=\"attachment wp-att-107901\"><img loading=\"lazy\" decoding=\"async\" class=\"size-full wp-image-107901\" src=\"http:\/\/www.bellunopress.it\/wp-content\/uploads\/2019\/09\/Gianni-Rigoni-Stern-e-Raffaele-Cavalli.jpg\" alt=\"\" width=\"300\" height=\"200\" \/><\/a><figcaption id=\"caption-attachment-107901\" class=\"wp-caption-text\">Gianni Rigoni Stern e Raffaele Cavalli<\/figcaption><\/figure>\n<p>Longarone, 15 settembre 2019\u00a0 &#8211;\u00a0 Nella due giorni l\u2019esperienza fieristica si \u00e8 arricchita di un festival di altissima qualit\u00e0.<br \/>\nGrande partecipazione anche oggi, nella sua seconda e conclusiva giornata, per la Fiera &amp; Festival delle Foreste organizzati da Longarone Fiere in collaborazione con il Ministero delle Politiche agricole, ambientali, forestali e del turismo, la Regione del Veneto, la Provincia di Belluno, numerosi enti locali, associazioni di categoria e di volontariato e un nutrito gruppo di imprese del settore, come occasione di riflessione e confronto per riprendere la pianificazione e la gestione forestale della montagna.<\/p>\n<p>Tra gli eventi di oggi, una menzione particolare merita la presentazione del libro \u201cTi ho sconfitto felce aquilina\u201d, di Gianni Rigoni Stern, figlio dell\u2019indimenticabile Mario, e il Concerto Alpino del Coro femminile Plinius tenutosi nell\u2019anfiteatro della chiesa monumentale di Longarone, diretto dalla Maestra Antonella Pavan con i canti del maestro Bepi De Marzi \u2013 tra cui il celeberrimo \u201cSignore delle cime\u201d \u2013 presentati dallo stesso De Marzi, sempre applauditissimo, come tutti, dal pubblico presente.<\/p>\n<p>Accanto alla parte fieristica, il bilancio \u00e8 pi\u00f9 che soddisfacente anche per quanto riguarda il Festival.<br \/>\n\u201cPrendendo in considerazione le sue varie componenti, il risultato \u00e8 assolutamente positivo, grazie anche alla ricchezza e variet\u00e0 della proposta culturale e scientifica \u2013 spiega Giustino Mezzalira, coordinatore del Comitato scientifico \u2013 Decisiva \u00e8 stata la collaborazione con i numerosi partner di assoluto rilievo nel settore forestale, che hanno ritenuto fin da subito d\u2019identificarsi nella manifestazione. \u00c8 stato messo a punto un programma ambizioso per una prima edizione, ma che si \u00e8 riusciti a portare a termine al meglio: non solo per il numero delle iniziative proposte, ma anche per la loro qualit\u00e0, a dimostrazione che il format del Festival ha saputo centrare gli obiettivi offrendo in poco tempo un ampio spettro di opportunit\u00e0 e di approfondimenti per un vasto numero di operatori\u201d.<\/p>\n<p>Durante la due giorni \u2013 a ingresso libero \u2013 si \u00e8 tenuta una dozzina di convegni e workshop a tema, dedicati alla valorizzazione del legno, alla riqualificazione fluviale, allo sviluppo dei territori montani e specificamente alla ricostruzione dei boschi distrutti dalla tempesta Vaia nella notte tra il 29 e il 30 ottobre dell\u2019anno scorso. La Fiera e il Festival sono stati arricchiti dalla sezione artistica a cura di Arte in Fiera Dolomiti, mostre fotografiche e didattico-informative e un\u2019area ludica per famiglie e scuole, con percorso sensoriale e laboratori. Nell\u2019area dimostrativa esterna, il pubblico ha potuto assistere a prove di movimentazione e selezione dei tronchi, di classificazione a vista del legno strutturale, dimostrazione della realizzazione di tavoli e panche con ausilio della segheria mobile, cippatura degli scarti.<br \/>\nOggi, inoltre, dopo il convegno dal titolo \u201cL\u2019operatore forestale \u2013 Dalla sicurezza alle opportunit\u00e0 economiche\u201d, nella sala del Consiglio di Longarone Fiere \u00e8 stata ospitata per la prima volta l\u2019assemblea ordinaria annuale di Conaibo, Coordinamento nazionale delle imprese boschive, guidata dal presidente Livio Bozzolo.<br \/>\n\u201cSiamo molto soddisfatti di questa prima edizione \u2013 dichiara il presidente di Longarone Fiere Gian Angelo Bellati \u2013 La Fiera e il Festival delle foreste ha favorito anche l\u2019incontro tra il mondo tecnico e gli amministratori pubblici, un risultato ulteriore che permetter\u00e0 di aprire delle dinamiche di sviluppo per il futuro sicuramente pi\u00f9 organiche e di successo. L\u2019appuntamento \u00e8 sicuramente al prossimo anno\u201d.<\/p>","protected":false},"excerpt":{"rendered":"<p>Longarone, 15 settembre 2019\u00a0 &#8211;\u00a0 Nella due giorni l\u2019esperienza fieristica si \u00e8 arricchita di un festival di altissima qualit\u00e0. Grande partecipazione anche oggi, nella sua seconda e conclusiva giornata, per la Fiera &amp; Festival delle Foreste organizzati da Longarone Fiere in collaborazione con il Ministero delle Politiche agricole, ambientali, forestali e del turismo, la Regione [&hellip;]<\/p>\n","protected":false},"author":2,"featured_media":0,"comment_status":"closed","ping_status":"open","sticky":false,"template":"","format":"standard","meta":{"footnotes":""},"categories":[36,26],"tags":[],"class_list":["post-107900","post","type-post","status-publish","format-standard","category-lavoro-economia","category-prima-pagina"],"yoast_head":"<!-- This site is optimized with the Yoast SEO plugin v28.4 - https:\/\/yoast.com\/product\/yoast-seo-wordpress\/ -->\n<title>Bilancio positivo e grande partecipazione per la conclusione della Fiera e Festival delle Foreste a Longarone Fiere - Bellunopress - Dolomiti<\/title>\n<meta name=\"robots\" content=\"index, follow, max-snippet:-1, max-image-preview:large, max-video-preview:-1\" \/>\n<link rel=\"canonical\" href=\"https:\/\/www.bellunopress.it\/fr\/2019\/09\/15\/bilancio-positivo-e-grande-partecipazione-per-la-conclusione-della-fiera-e-festival-delle-foreste-a-longarone-fiere\/\" \/>\n<meta property=\"og:locale\" content=\"fr_FR\" \/>\n<meta property=\"og:type\" content=\"article\" \/>\n<meta property=\"og:title\" content=\"Bilancio positivo e grande partecipazione per la conclusione della Fiera e Festival delle Foreste a Longarone Fiere - Bellunopress - Dolomiti\" \/>\n<meta property=\"og:description\" content=\"Longarone, 15 settembre 2019\u00a0 &#8211;\u00a0 Nella due giorni l\u2019esperienza fieristica si \u00e8 arricchita di un festival di altissima qualit\u00e0. Grande partecipazione anche oggi, nella sua seconda e conclusiva giornata, per la Fiera &amp; Festival delle Foreste organizzati da Longarone Fiere in collaborazione con il Ministero delle Politiche agricole, ambientali, forestali e del turismo, la Regione [&hellip;]\" \/>\n<meta property=\"og:url\" content=\"https:\/\/www.bellunopress.it\/fr\/2019\/09\/15\/bilancio-positivo-e-grande-partecipazione-per-la-conclusione-della-fiera-e-festival-delle-foreste-a-longarone-fiere\/\" \/>\n<meta property=\"og:site_name\" content=\"Bellunopress - Dolomiti\" \/>\n<meta property=\"article:publisher\" content=\"https:\/\/www.facebook.com\/profile.php?id=100008943462799\" \/>\n<meta property=\"article:published_time\" content=\"2019-09-15T19:59:12+00:00\" \/>\n<meta property=\"article:modified_time\" content=\"2019-09-15T19:59:13+00:00\" \/>\n<meta property=\"og:image\" content=\"http:\/\/www.bellunopress.it\/wp-content\/uploads\/2019\/09\/Gianni-Rigoni-Stern-e-Raffaele-Cavalli.jpg\" \/>\n<meta name=\"author\" content=\"redazione\" \/>\n<meta name=\"twitter:card\" content=\"summary_large_image\" \/>\n<meta name=\"twitter:creator\" content=\"@bellunopress\" \/>\n<meta name=\"twitter:site\" content=\"@bellunopress\" \/>\n<meta name=\"twitter:label1\" content=\"\u00c9crit par\" \/>\n\t<meta name=\"twitter:data1\" content=\"redazione\" \/>\n\t<meta name=\"twitter:label2\" content=\"Dur\u00e9e de lecture estim\u00e9e\" \/>\n\t<meta name=\"twitter:data2\" content=\"3 minutes\" \/>\n<script type=\"application\/ld+json\" class=\"yoast-schema-graph\">{\"@context\":\"https:\\\/\\\/schema.org\",\"@graph\":[{\"@type\":\"Article\",\"@id\":\"https:\\\/\\\/www.bellunopress.it\\\/2019\\\/09\\\/15\\\/bilancio-positivo-e-grande-partecipazione-per-la-conclusione-della-fiera-e-festival-delle-foreste-a-longarone-fiere\\\/#article\",\"isPartOf\":{\"@id\":\"https:\\\/\\\/www.bellunopress.it\\\/2019\\\/09\\\/15\\\/bilancio-positivo-e-grande-partecipazione-per-la-conclusione-della-fiera-e-festival-delle-foreste-a-longarone-fiere\\\/\"},\"author\":{\"name\":\"redazione\",\"@id\":\"https:\\\/\\\/www.bellunopress.it\\\/#\\\/schema\\\/person\\\/79bb06722b37ece1c03d3e94beb30d73\"},\"headline\":\"Bilancio positivo e grande partecipazione per la conclusione della Fiera e Festival delle Foreste a Longarone Fiere\",\"datePublished\":\"2019-09-15T19:59:12+00:00\",\"dateModified\":\"2019-09-15T19:59:13+00:00\",\"mainEntityOfPage\":{\"@id\":\"https:\\\/\\\/www.bellunopress.it\\\/2019\\\/09\\\/15\\\/bilancio-positivo-e-grande-partecipazione-per-la-conclusione-della-fiera-e-festival-delle-foreste-a-longarone-fiere\\\/\"},\"wordCount\":559,\"publisher\":{\"@id\":\"https:\\\/\\\/www.bellunopress.it\\\/#organization\"},\"image\":{\"@id\":\"https:\\\/\\\/www.bellunopress.it\\\/2019\\\/09\\\/15\\\/bilancio-positivo-e-grande-partecipazione-per-la-conclusione-della-fiera-e-festival-delle-foreste-a-longarone-fiere\\\/#primaryimage\"},\"thumbnailUrl\":\"http:\\\/\\\/www.bellunopress.it\\\/wp-content\\\/uploads\\\/2019\\\/09\\\/Gianni-Rigoni-Stern-e-Raffaele-Cavalli.jpg\",\"articleSection\":[\"Lavoro, Economia, Turismo\",\"Prima Pagina\"],\"inLanguage\":\"fr-FR\"},{\"@type\":\"WebPage\",\"@id\":\"https:\\\/\\\/www.bellunopress.it\\\/2019\\\/09\\\/15\\\/bilancio-positivo-e-grande-partecipazione-per-la-conclusione-della-fiera-e-festival-delle-foreste-a-longarone-fiere\\\/\",\"url\":\"https:\\\/\\\/www.bellunopress.it\\\/2019\\\/09\\\/15\\\/bilancio-positivo-e-grande-partecipazione-per-la-conclusione-della-fiera-e-festival-delle-foreste-a-longarone-fiere\\\/\",\"name\":\"Bilancio positivo e grande partecipazione per la conclusione della Fiera e Festival delle Foreste a Longarone Fiere - Bellunopress - Dolomiti\",\"isPartOf\":{\"@id\":\"https:\\\/\\\/www.bellunopress.it\\\/#website\"},\"primaryImageOfPage\":{\"@id\":\"https:\\\/\\\/www.bellunopress.it\\\/2019\\\/09\\\/15\\\/bilancio-positivo-e-grande-partecipazione-per-la-conclusione-della-fiera-e-festival-delle-foreste-a-longarone-fiere\\\/#primaryimage\"},\"image\":{\"@id\":\"https:\\\/\\\/www.bellunopress.it\\\/2019\\\/09\\\/15\\\/bilancio-positivo-e-grande-partecipazione-per-la-conclusione-della-fiera-e-festival-delle-foreste-a-longarone-fiere\\\/#primaryimage\"},\"thumbnailUrl\":\"http:\\\/\\\/www.bellunopress.it\\\/wp-content\\\/uploads\\\/2019\\\/09\\\/Gianni-Rigoni-Stern-e-Raffaele-Cavalli.jpg\",\"datePublished\":\"2019-09-15T19:59:12+00:00\",\"dateModified\":\"2019-09-15T19:59:13+00:00\",\"breadcrumb\":{\"@id\":\"https:\\\/\\\/www.bellunopress.it\\\/2019\\\/09\\\/15\\\/bilancio-positivo-e-grande-partecipazione-per-la-conclusione-della-fiera-e-festival-delle-foreste-a-longarone-fiere\\\/#breadcrumb\"},\"inLanguage\":\"fr-FR\",\"potentialAction\":[{\"@type\":\"ReadAction\",\"target\":[\"https:\\\/\\\/www.bellunopress.it\\\/2019\\\/09\\\/15\\\/bilancio-positivo-e-grande-partecipazione-per-la-conclusione-della-fiera-e-festival-delle-foreste-a-longarone-fiere\\\/\"]}]},{\"@type\":\"ImageObject\",\"inLanguage\":\"fr-FR\",\"@id\":\"https:\\\/\\\/www.bellunopress.it\\\/2019\\\/09\\\/15\\\/bilancio-positivo-e-grande-partecipazione-per-la-conclusione-della-fiera-e-festival-delle-foreste-a-longarone-fiere\\\/#primaryimage\",\"url\":\"http:\\\/\\\/www.bellunopress.it\\\/wp-content\\\/uploads\\\/2019\\\/09\\\/Gianni-Rigoni-Stern-e-Raffaele-Cavalli.jpg\",\"contentUrl\":\"http:\\\/\\\/www.bellunopress.it\\\/wp-content\\\/uploads\\\/2019\\\/09\\\/Gianni-Rigoni-Stern-e-Raffaele-Cavalli.jpg\"},{\"@type\":\"BreadcrumbList\",\"@id\":\"https:\\\/\\\/www.bellunopress.it\\\/2019\\\/09\\\/15\\\/bilancio-positivo-e-grande-partecipazione-per-la-conclusione-della-fiera-e-festival-delle-foreste-a-longarone-fiere\\\/#breadcrumb\",\"itemListElement\":[{\"@type\":\"ListItem\",\"position\":1,\"name\":\"Home\",\"item\":\"https:\\\/\\\/www.bellunopress.it\\\/\"},{\"@type\":\"ListItem\",\"position\":2,\"name\":\"Bilancio positivo e grande partecipazione per la conclusione della Fiera e Festival delle Foreste a Longarone Fiere\"}]},{\"@type\":\"WebSite\",\"@id\":\"https:\\\/\\\/www.bellunopress.it\\\/#website\",\"url\":\"https:\\\/\\\/www.bellunopress.it\\\/\",\"name\":\"Bellunopress - Dolomiti\",\"description\":\"e-mail: redazione@bellunopress.it\",\"publisher\":{\"@id\":\"https:\\\/\\\/www.bellunopress.it\\\/#organization\"},\"potentialAction\":[{\"@type\":\"SearchAction\",\"target\":{\"@type\":\"EntryPoint\",\"urlTemplate\":\"https:\\\/\\\/www.bellunopress.it\\\/?s={search_term_string}\"},\"query-input\":{\"@type\":\"PropertyValueSpecification\",\"valueRequired\":true,\"valueName\":\"search_term_string\"}}],\"inLanguage\":\"fr-FR\"},{\"@type\":\"Organization\",\"@id\":\"https:\\\/\\\/www.bellunopress.it\\\/#organization\",\"name\":\"Bellunopress\",\"url\":\"https:\\\/\\\/www.bellunopress.it\\\/\",\"logo\":{\"@type\":\"ImageObject\",\"inLanguage\":\"fr-FR\",\"@id\":\"https:\\\/\\\/www.bellunopress.it\\\/#\\\/schema\\\/logo\\\/image\\\/\",\"url\":\"https:\\\/\\\/www.bellunopress.it\\\/wp-content\\\/uploads\\\/2011\\\/05\\\/cropped-logo-bellunopress-.jpg\",\"contentUrl\":\"https:\\\/\\\/www.bellunopress.it\\\/wp-content\\\/uploads\\\/2011\\\/05\\\/cropped-logo-bellunopress-.jpg\",\"width\":512,\"height\":512,\"caption\":\"Bellunopress\"},\"image\":{\"@id\":\"https:\\\/\\\/www.bellunopress.it\\\/#\\\/schema\\\/logo\\\/image\\\/\"},\"sameAs\":[\"https:\\\/\\\/www.facebook.com\\\/profile.php?id=100008943462799\",\"https:\\\/\\\/x.com\\\/bellunopress\",\"https:\\\/\\\/www.linkedin.com\\\/hp\\\/?dnr=JBzUWaJfMUw8vbXJJ2tVW5-I3jZKvC4wsoxE&amp;amp;amp;amp;amp;amp;trk=nav_responsive_tab_home\",\"https:\\\/\\\/www.youtube.com\\\/channel\\\/UCxL0wu1uN0_3_7hGG0306cw\"]},{\"@type\":\"Person\",\"@id\":\"https:\\\/\\\/www.bellunopress.it\\\/#\\\/schema\\\/person\\\/79bb06722b37ece1c03d3e94beb30d73\",\"name\":\"redazione\",\"image\":{\"@type\":\"ImageObject\",\"inLanguage\":\"fr-FR\",\"@id\":\"https:\\\/\\\/secure.gravatar.com\\\/avatar\\\/37d968a2e67a6fd04c169c4bdef102d0bc5d31b2546345219e348575eb80e9a0?s=96&d=mm&r=g\",\"url\":\"https:\\\/\\\/secure.gravatar.com\\\/avatar\\\/37d968a2e67a6fd04c169c4bdef102d0bc5d31b2546345219e348575eb80e9a0?s=96&d=mm&r=g\",\"contentUrl\":\"https:\\\/\\\/secure.gravatar.com\\\/avatar\\\/37d968a2e67a6fd04c169c4bdef102d0bc5d31b2546345219e348575eb80e9a0?s=96&d=mm&r=g\",\"caption\":\"redazione\"},\"sameAs\":[\"http:\\\/\\\/www.bellunopress.it\",\"https:\\\/\\\/x.com\\\/bellunopress\"],\"url\":\"https:\\\/\\\/www.bellunopress.it\\\/fr\\\/author\\\/redazione\\\/\"}]}<\/script>\n<!-- \/ Yoast SEO plugin. -->","yoast_head_json":{"title":"Bilancio positivo e grande partecipazione per la conclusione della Fiera e Festival delle Foreste a Longarone Fiere - Bellunopress - Dolomiti","robots":{"index":"index","follow":"follow","max-snippet":"max-snippet:-1","max-image-preview":"max-image-preview:large","max-video-preview":"max-video-preview:-1"},"canonical":"https:\/\/www.bellunopress.it\/fr\/2019\/09\/15\/bilancio-positivo-e-grande-partecipazione-per-la-conclusione-della-fiera-e-festival-delle-foreste-a-longarone-fiere\/","og_locale":"fr_FR","og_type":"article","og_title":"Bilancio positivo e grande partecipazione per la conclusione della Fiera e Festival delle Foreste a Longarone Fiere - Bellunopress - Dolomiti","og_description":"Longarone, 15 settembre 2019\u00a0 &#8211;\u00a0 Nella due giorni l\u2019esperienza fieristica si \u00e8 arricchita di un festival di altissima qualit\u00e0. Grande partecipazione anche oggi, nella sua seconda e conclusiva giornata, per la Fiera &amp; Festival delle Foreste organizzati da Longarone Fiere in collaborazione con il Ministero delle Politiche agricole, ambientali, forestali e del turismo, la Regione [&hellip;]","og_url":"https:\/\/www.bellunopress.it\/fr\/2019\/09\/15\/bilancio-positivo-e-grande-partecipazione-per-la-conclusione-della-fiera-e-festival-delle-foreste-a-longarone-fiere\/","og_site_name":"Bellunopress - Dolomiti","article_publisher":"https:\/\/www.facebook.com\/profile.php?id=100008943462799","article_published_time":"2019-09-15T19:59:12+00:00","article_modified_time":"2019-09-15T19:59:13+00:00","og_image":[{"url":"http:\/\/www.bellunopress.it\/wp-content\/uploads\/2019\/09\/Gianni-Rigoni-Stern-e-Raffaele-Cavalli.jpg","type":"","width":"","height":""}],"author":"redazione","twitter_card":"summary_large_image","twitter_creator":"@bellunopress","twitter_site":"@bellunopress","twitter_misc":{"\u00c9crit par":"redazione","Dur\u00e9e de lecture estim\u00e9e":"3 minutes"},"schema":{"@context":"https:\/\/schema.org","@graph":[{"@type":"Article","@id":"https:\/\/www.bellunopress.it\/2019\/09\/15\/bilancio-positivo-e-grande-partecipazione-per-la-conclusione-della-fiera-e-festival-delle-foreste-a-longarone-fiere\/#article","isPartOf":{"@id":"https:\/\/www.bellunopress.it\/2019\/09\/15\/bilancio-positivo-e-grande-partecipazione-per-la-conclusione-della-fiera-e-festival-delle-foreste-a-longarone-fiere\/"},"author":{"name":"redazione","@id":"https:\/\/www.bellunopress.it\/#\/schema\/person\/79bb06722b37ece1c03d3e94beb30d73"},"headline":"Bilancio positivo e grande partecipazione per la conclusione della Fiera e Festival delle Foreste a Longarone Fiere","datePublished":"2019-09-15T19:59:12+00:00","dateModified":"2019-09-15T19:59:13+00:00","mainEntityOfPage":{"@id":"https:\/\/www.bellunopress.it\/2019\/09\/15\/bilancio-positivo-e-grande-partecipazione-per-la-conclusione-della-fiera-e-festival-delle-foreste-a-longarone-fiere\/"},"wordCount":559,"publisher":{"@id":"https:\/\/www.bellunopress.it\/#organization"},"image":{"@id":"https:\/\/www.bellunopress.it\/2019\/09\/15\/bilancio-positivo-e-grande-partecipazione-per-la-conclusione-della-fiera-e-festival-delle-foreste-a-longarone-fiere\/#primaryimage"},"thumbnailUrl":"http:\/\/www.bellunopress.it\/wp-content\/uploads\/2019\/09\/Gianni-Rigoni-Stern-e-Raffaele-Cavalli.jpg","articleSection":["Lavoro, Economia, Turismo","Prima Pagina"],"inLanguage":"fr-FR"},{"@type":"WebPage","@id":"https:\/\/www.bellunopress.it\/2019\/09\/15\/bilancio-positivo-e-grande-partecipazione-per-la-conclusione-della-fiera-e-festival-delle-foreste-a-longarone-fiere\/","url":"https:\/\/www.bellunopress.it\/2019\/09\/15\/bilancio-positivo-e-grande-partecipazione-per-la-conclusione-della-fiera-e-festival-delle-foreste-a-longarone-fiere\/","name":"Bilancio positivo e grande partecipazione per la conclusione della Fiera e Festival delle Foreste a Longarone Fiere - Bellunopress - Dolomiti","isPartOf":{"@id":"https:\/\/www.bellunopress.it\/#website"},"primaryImageOfPage":{"@id":"https:\/\/www.bellunopress.it\/2019\/09\/15\/bilancio-positivo-e-grande-partecipazione-per-la-conclusione-della-fiera-e-festival-delle-foreste-a-longarone-fiere\/#primaryimage"},"image":{"@id":"https:\/\/www.bellunopress.it\/2019\/09\/15\/bilancio-positivo-e-grande-partecipazione-per-la-conclusione-della-fiera-e-festival-delle-foreste-a-longarone-fiere\/#primaryimage"},"thumbnailUrl":"http:\/\/www.bellunopress.it\/wp-content\/uploads\/2019\/09\/Gianni-Rigoni-Stern-e-Raffaele-Cavalli.jpg","datePublished":"2019-09-15T19:59:12+00:00","dateModified":"2019-09-15T19:59:13+00:00","breadcrumb":{"@id":"https:\/\/www.bellunopress.it\/2019\/09\/15\/bilancio-positivo-e-grande-partecipazione-per-la-conclusione-della-fiera-e-festival-delle-foreste-a-longarone-fiere\/#breadcrumb"},"inLanguage":"fr-FR","potentialAction":[{"@type":"ReadAction","target":["https:\/\/www.bellunopress.it\/2019\/09\/15\/bilancio-positivo-e-grande-partecipazione-per-la-conclusione-della-fiera-e-festival-delle-foreste-a-longarone-fiere\/"]}]},{"@type":"ImageObject","inLanguage":"fr-FR","@id":"https:\/\/www.bellunopress.it\/2019\/09\/15\/bilancio-positivo-e-grande-partecipazione-per-la-conclusione-della-fiera-e-festival-delle-foreste-a-longarone-fiere\/#primaryimage","url":"http:\/\/www.bellunopress.it\/wp-content\/uploads\/2019\/09\/Gianni-Rigoni-Stern-e-Raffaele-Cavalli.jpg","contentUrl":"http:\/\/www.bellunopress.it\/wp-content\/uploads\/2019\/09\/Gianni-Rigoni-Stern-e-Raffaele-Cavalli.jpg"},{"@type":"BreadcrumbList","@id":"https:\/\/www.bellunopress.it\/2019\/09\/15\/bilancio-positivo-e-grande-partecipazione-per-la-conclusione-della-fiera-e-festival-delle-foreste-a-longarone-fiere\/#breadcrumb","itemListElement":[{"@type":"ListItem","position":1,"name":"Home","item":"https:\/\/www.bellunopress.it\/"},{"@type":"ListItem","position":2,"name":"Bilancio positivo e grande partecipazione per la conclusione della Fiera e Festival delle Foreste a Longarone Fiere"}]},{"@type":"WebSite","@id":"https:\/\/www.bellunopress.it\/#website","url":"https:\/\/www.bellunopress.it\/","name":"Bellunopress - Dolomiti","description":"e-mail: redazione@bellunopress.it","publisher":{"@id":"https:\/\/www.bellunopress.it\/#organization"},"potentialAction":[{"@type":"SearchAction","target":{"@type":"EntryPoint","urlTemplate":"https:\/\/www.bellunopress.it\/?s={search_term_string}"},"query-input":{"@type":"PropertyValueSpecification","valueRequired":true,"valueName":"search_term_string"}}],"inLanguage":"fr-FR"},{"@type":"Organization","@id":"https:\/\/www.bellunopress.it\/#organization","name":"Bellunopress","url":"https:\/\/www.bellunopress.it\/","logo":{"@type":"ImageObject","inLanguage":"fr-FR","@id":"https:\/\/www.bellunopress.it\/#\/schema\/logo\/image\/","url":"https:\/\/www.bellunopress.it\/wp-content\/uploads\/2011\/05\/cropped-logo-bellunopress-.jpg","contentUrl":"https:\/\/www.bellunopress.it\/wp-content\/uploads\/2011\/05\/cropped-logo-bellunopress-.jpg","width":512,"height":512,"caption":"Bellunopress"},"image":{"@id":"https:\/\/www.bellunopress.it\/#\/schema\/logo\/image\/"},"sameAs":["https:\/\/www.facebook.com\/profile.php?id=100008943462799","https:\/\/x.com\/bellunopress","https:\/\/www.linkedin.com\/hp\/?dnr=JBzUWaJfMUw8vbXJJ2tVW5-I3jZKvC4wsoxE&amp;amp;amp;amp;amp;amp;trk=nav_responsive_tab_home","https:\/\/www.youtube.com\/channel\/UCxL0wu1uN0_3_7hGG0306cw"]},{"@type":"Person","@id":"https:\/\/www.bellunopress.it\/#\/schema\/person\/79bb06722b37ece1c03d3e94beb30d73","name":"r\u00e9daction","image":{"@type":"ImageObject","inLanguage":"fr-FR","@id":"https:\/\/secure.gravatar.com\/avatar\/37d968a2e67a6fd04c169c4bdef102d0bc5d31b2546345219e348575eb80e9a0?s=96&d=mm&r=g","url":"https:\/\/secure.gravatar.com\/avatar\/37d968a2e67a6fd04c169c4bdef102d0bc5d31b2546345219e348575eb80e9a0?s=96&d=mm&r=g","contentUrl":"https:\/\/secure.gravatar.com\/avatar\/37d968a2e67a6fd04c169c4bdef102d0bc5d31b2546345219e348575eb80e9a0?s=96&d=mm&r=g","caption":"redazione"},"sameAs":["http:\/\/www.bellunopress.it","https:\/\/x.com\/bellunopress"],"url":"https:\/\/www.bellunopress.it\/fr\/author\/redazione\/"}]}},"_links":{"self":[{"href":"https:\/\/www.bellunopress.it\/fr\/wp-json\/wp\/v2\/posts\/107900","targetHints":{"allow":["GET"]}}],"collection":[{"href":"https:\/\/www.bellunopress.it\/fr\/wp-json\/wp\/v2\/posts"}],"about":[{"href":"https:\/\/www.bellunopress.it\/fr\/wp-json\/wp\/v2\/types\/post"}],"author":[{"embeddable":true,"href":"https:\/\/www.bellunopress.it\/fr\/wp-json\/wp\/v2\/users\/2"}],"replies":[{"embeddable":true,"href":"https:\/\/www.bellunopress.it\/fr\/wp-json\/wp\/v2\/comments?post=107900"}],"version-history":[{"count":2,"href":"https:\/\/www.bellunopress.it\/fr\/wp-json\/wp\/v2\/posts\/107900\/revisions"}],"predecessor-version":[{"id":107903,"href":"https:\/\/www.bellunopress.it\/fr\/wp-json\/wp\/v2\/posts\/107900\/revisions\/107903"}],"wp:attachment":[{"href":"https:\/\/www.bellunopress.it\/fr\/wp-json\/wp\/v2\/media?parent=107900"}],"wp:term":[{"taxonomy":"category","embeddable":true,"href":"https:\/\/www.bellunopress.it\/fr\/wp-json\/wp\/v2\/categories?post=107900"},{"taxonomy":"post_tag","embeddable":true,"href":"https:\/\/www.bellunopress.it\/fr\/wp-json\/wp\/v2\/tags?post=107900"}],"curies":[{"name":"wp","href":"https:\/\/api.w.org\/{rel}","templated":true}]}}