{"id":107876,"date":"2019-09-14T20:53:50","date_gmt":"2019-09-14T18:53:50","guid":{"rendered":"http:\/\/www.bellunopress.it\/?p=107876"},"modified":"2019-09-14T20:53:50","modified_gmt":"2019-09-14T18:53:50","slug":"massaro-replica-alle-accuse-di-presunti-conflitti-di-interesse-lanciate-a-mezzo-stampa-dalle-opposizioni","status":"publish","type":"post","link":"https:\/\/www.bellunopress.it\/fr\/2019\/09\/14\/massaro-replica-alle-accuse-di-presunti-conflitti-di-interesse-lanciate-a-mezzo-stampa-dalle-opposizioni\/","title":{"rendered":"Massaro replica alle accuse di presunti conflitti di interesse lanciate a mezzo stampa dalle opposizioni"},"content":{"rendered":"<figure id=\"attachment_102803\" aria-describedby=\"caption-attachment-102803\" style=\"width: 239px\" class=\"wp-caption alignleft\"><a href=\"http:\/\/www.bellunopress.it\/fr\/2019\/03\/12\/i-discorsi-ufficiali-del-sindaco-massaro-del-presidente-della-provincia-padrin-e-del-presidente-della-repubblica-mattarella\/jacopo-massaro-11\/\" rel=\"attachment wp-att-102803\"><img loading=\"lazy\" decoding=\"async\" class=\"size-full wp-image-102803\" src=\"http:\/\/www.bellunopress.it\/wp-content\/uploads\/2019\/03\/Jacopo-Massaro.jpg\" alt=\"\" width=\"239\" height=\"300\" \/><\/a><figcaption id=\"caption-attachment-102803\" class=\"wp-caption-text\">Jacopo Massaro, sindaco di Belluno<\/figcaption><\/figure>\n<p>Belluno, 14 settembre 2019\u00a0 &#8211;\u00a0 Il sindaco di Belluno Jacopo Massaro \u00e8 stato attaccato oggi sulla stampa locale dalle opposizioni in consiglio comunale (Paolo Gamba, Franco Roccon, Fabio Bristot &#8220;Rufus&#8221;), per dei presunti conflitti di interesse che coinvolgerebbero anche dei suoi esponenti (Marco Ciociano Bottaretto, Valentina Tomasi).<\/p>\n<p>Ecco la replica del sindaco Massaro.<\/p>\n<p>&#8220;Sono amareggiato &#8211; scrive in una nota il sindaco di Belluno &#8211; pensavo di dover rispondere in sede istituzionale a delle critiche politiche, e mai avrei pensato di dover commentare pesanti illazioni, diffuse attraverso i mezzi d\u2019informazione, sulla liceit\u00e0 del comportamento mio e di altre persone.<\/p>\n<p>Ad ogni modo, rispondendo alle principali obiezioni sollevate, ricordo che:<\/p>\n<p>1) non \u00e8 vero che nell\u2019ambito di InLab il Comune di Belluno ha acquistato delle prestazioni dalla Cooperativa Societ\u00e0 Nuova: il Comune non sborsa un euro per tali prestazioni. Infatti, non vi sarebbe stata alcuna necessit\u00e0 di selezionare i partner (visto che il Comune non acquista prestazioni); tuttavia, questo paternariato \u00e8 stato selezionati attraverso l&#8217;avviso pubblico per le partnership della rigenerazione urbana, di cui inLab \u00e8 la pi\u00f9 importante prosecuzione.<\/p>\n<p>2) Per quanto riguarda la posizione di un attuale consigliere di maggioranza dipendente di Societ\u00e0 Nuova (il direttore generale Marco Ciociano Bottaretto\u00a0 ndr), sottolineo che costui come Consigliere non si \u00e8 occupato di questo progetto; d\u2019altronde la stessa opposizione mi critica proprio perch\u00e9 il Consiglio comunale (ove siede l\u2019interessato) non \u00e8 stato preventivamente coinvolto. Peraltro, osservo che in una citt\u00e0 come Belluno in tutte le legislature ci sono stati tanti consiglieri ed assessori che per motivi di lavoro si sono talora \u201cincrociati\u201d con le attivit\u00e0 comunali; ovviamente, \u00e8 sempre stata premura di tutti &#8211; dell\u2019interessato, dei dirigenti, dei segretari generali, della giunta, del consiglio comunale &#8211; verificare che, in caso di incompatibilit\u00e0 o anche solo di opportunit\u00e0, l&#8217;interessato fosse tenuto lontano dagli atti che lo interessano. Ed \u00e8 ci\u00f2 che \u00e8 accaduto in questo caso, come risulta dagli atti, che peraltro hanno tutti i pareri favorevoli dei tecnici in ordine alla regolarit\u00e0 e alla legittimit\u00e0.<\/p>\n<p>3) Non posso commentare le assunzioni che un\u2019azienda privata fa nell\u2019ambito della sua autonomia (il riferimento \u00e8 all&#8217;assunzione dell&#8217;ex assessore Valentina Tomasi ndr); non posso per\u00f2 non sottolineare come nessuna risorsa comunale sia stata utilizzata a questo scopo.<\/p>\n<p>Tutte queste informazioni sono facilmente reperibili nelle deliberazioni e nelle determine comunali, accessibili a chiunque attraverso il sito comunale. Di solito, chi ha un incarico istituzionale, come il Consigliere comunale, quando ha dei dubbi pu\u00f2 interrogare il Sindaco in Consiglio Comunale, pu\u00f2 scrivergli o pu\u00f2 chiedere la convocazione di apposite commissioni. Nulla di tutto questo \u00e8 stato fatto, e quindi invito l\u2019opposizione a chiedermi chiarimenti: li ho sempre forniti ed ho sempre avuto il massimo rispetto del diritto del Consigliere di criticare politicamente l\u2019operato della Giunta. E non potrebbe essere altrimenti, avendo io stesso fatto in passato il Consigliere di opposizione. Tuttavia, coloro che avessero dubbi sulla liceit\u00e0 dell\u2019operato di chicchessia credo che dovrebbero approfondire ed eventualmente recarsi alla Procura della Repubblica anzich\u00e9 ai media insinuando dubbi: perch\u00e9 \u00e8 cosa ben diversa dalla critica politica.<\/p>\n<p>Per quanto riguarda la richiesta di dimissioni, direi che fa parte del classico rito della politica di una volta: si dice genericamente che non va bene nulla, si butta un po\u2019 di fango, poi si\u00a0chiede le dimissioni del Sindaco. Ecco, il nostro progetto di maggioranza nasceva proprio dall\u2019idea di dover combattere questo modo, che faceva leva sui rancori, sulle antipatie e sulla necessit\u00e0 di dire che noi siamo sempre meglio degli altri. Sono contento che il nostro progetto politico stia andando avanti e stia combattendo questo metodo, che ha avvelenato e distrutto la politica italiana. E sono contento di rivedere l\u2019unit\u00e0 della mia maggioranza anche oggi, proprio attorno a questi nostri ideali.<\/p>\n<p>Concludo &#8211; scrive Massaro &#8211;\u00a0 ricordando che il progetto inLab \u00e8 forse il pi\u00f9 ambizioso che abbiamo costruito in questi anni: basato su una rete di partner di eccellenza, trasversale, autosostenibile. E per questo premiato e da Fondazione Cariverona e dal suo Presidente, che ha speso bellissime parole in occasione della sua inaugurazione. Lo porteremo avanti con grande convinzione&#8221;.<\/p>","protected":false},"excerpt":{"rendered":"<p>Belluno, 14 settembre 2019\u00a0 &#8211;\u00a0 Il sindaco di Belluno Jacopo Massaro \u00e8 stato attaccato oggi sulla stampa locale dalle opposizioni in consiglio comunale (Paolo Gamba, Franco Roccon, Fabio Bristot &#8220;Rufus&#8221;), per dei presunti conflitti di interesse che coinvolgerebbero anche dei suoi esponenti (Marco Ciociano Bottaretto, Valentina Tomasi). Ecco la replica del sindaco Massaro. &#8220;Sono amareggiato [&hellip;]<\/p>\n","protected":false},"author":2,"featured_media":0,"comment_status":"closed","ping_status":"open","sticky":false,"template":"","format":"standard","meta":{"footnotes":""},"categories":[5,26],"tags":[],"class_list":["post-107876","post","type-post","status-publish","format-standard","category-cronaca","category-prima-pagina"],"yoast_head":"<!-- This site is optimized with the Yoast SEO plugin v28.4 - https:\/\/yoast.com\/product\/yoast-seo-wordpress\/ -->\n<title>Massaro replica alle accuse di presunti conflitti di interesse lanciate a mezzo stampa dalle opposizioni - Bellunopress - Dolomiti<\/title>\n<meta name=\"robots\" content=\"index, follow, max-snippet:-1, max-image-preview:large, max-video-preview:-1\" \/>\n<link rel=\"canonical\" href=\"https:\/\/www.bellunopress.it\/fr\/2019\/09\/14\/massaro-replica-alle-accuse-di-presunti-conflitti-di-interesse-lanciate-a-mezzo-stampa-dalle-opposizioni\/\" \/>\n<meta property=\"og:locale\" content=\"fr_FR\" \/>\n<meta property=\"og:type\" content=\"article\" \/>\n<meta property=\"og:title\" content=\"Massaro replica alle accuse di presunti conflitti di interesse lanciate a mezzo stampa dalle opposizioni - Bellunopress - Dolomiti\" \/>\n<meta property=\"og:description\" content=\"Belluno, 14 settembre 2019\u00a0 &#8211;\u00a0 Il sindaco di Belluno Jacopo Massaro \u00e8 stato attaccato oggi sulla stampa locale dalle opposizioni in consiglio comunale (Paolo Gamba, Franco Roccon, Fabio Bristot &#8220;Rufus&#8221;), per dei presunti conflitti di interesse che coinvolgerebbero anche dei suoi esponenti (Marco Ciociano Bottaretto, Valentina Tomasi). Ecco la replica del sindaco Massaro. &#8220;Sono amareggiato [&hellip;]\" \/>\n<meta property=\"og:url\" content=\"https:\/\/www.bellunopress.it\/fr\/2019\/09\/14\/massaro-replica-alle-accuse-di-presunti-conflitti-di-interesse-lanciate-a-mezzo-stampa-dalle-opposizioni\/\" \/>\n<meta property=\"og:site_name\" content=\"Bellunopress - Dolomiti\" \/>\n<meta property=\"article:publisher\" content=\"https:\/\/www.facebook.com\/profile.php?id=100008943462799\" \/>\n<meta property=\"article:published_time\" content=\"2019-09-14T18:53:50+00:00\" \/>\n<meta property=\"og:image\" content=\"http:\/\/www.bellunopress.it\/wp-content\/uploads\/2019\/03\/Jacopo-Massaro.jpg\" \/>\n<meta name=\"author\" content=\"redazione\" \/>\n<meta name=\"twitter:card\" content=\"summary_large_image\" \/>\n<meta name=\"twitter:creator\" content=\"@bellunopress\" \/>\n<meta name=\"twitter:site\" content=\"@bellunopress\" \/>\n<meta name=\"twitter:label1\" content=\"\u00c9crit par\" \/>\n\t<meta name=\"twitter:data1\" content=\"redazione\" \/>\n\t<meta name=\"twitter:label2\" content=\"Dur\u00e9e de lecture estim\u00e9e\" \/>\n\t<meta name=\"twitter:data2\" content=\"3 minutes\" \/>\n<script type=\"application\/ld+json\" class=\"yoast-schema-graph\">{\"@context\":\"https:\\\/\\\/schema.org\",\"@graph\":[{\"@type\":\"Article\",\"@id\":\"https:\\\/\\\/www.bellunopress.it\\\/2019\\\/09\\\/14\\\/massaro-replica-alle-accuse-di-presunti-conflitti-di-interesse-lanciate-a-mezzo-stampa-dalle-opposizioni\\\/#article\",\"isPartOf\":{\"@id\":\"https:\\\/\\\/www.bellunopress.it\\\/2019\\\/09\\\/14\\\/massaro-replica-alle-accuse-di-presunti-conflitti-di-interesse-lanciate-a-mezzo-stampa-dalle-opposizioni\\\/\"},\"author\":{\"name\":\"redazione\",\"@id\":\"https:\\\/\\\/www.bellunopress.it\\\/#\\\/schema\\\/person\\\/79bb06722b37ece1c03d3e94beb30d73\"},\"headline\":\"Massaro replica alle accuse di presunti conflitti di interesse lanciate a mezzo stampa dalle opposizioni\",\"datePublished\":\"2019-09-14T18:53:50+00:00\",\"mainEntityOfPage\":{\"@id\":\"https:\\\/\\\/www.bellunopress.it\\\/2019\\\/09\\\/14\\\/massaro-replica-alle-accuse-di-presunti-conflitti-di-interesse-lanciate-a-mezzo-stampa-dalle-opposizioni\\\/\"},\"wordCount\":704,\"publisher\":{\"@id\":\"https:\\\/\\\/www.bellunopress.it\\\/#organization\"},\"image\":{\"@id\":\"https:\\\/\\\/www.bellunopress.it\\\/2019\\\/09\\\/14\\\/massaro-replica-alle-accuse-di-presunti-conflitti-di-interesse-lanciate-a-mezzo-stampa-dalle-opposizioni\\\/#primaryimage\"},\"thumbnailUrl\":\"http:\\\/\\\/www.bellunopress.it\\\/wp-content\\\/uploads\\\/2019\\\/03\\\/Jacopo-Massaro.jpg\",\"articleSection\":[\"Cronaca\\\/Politica\",\"Prima Pagina\"],\"inLanguage\":\"fr-FR\"},{\"@type\":\"WebPage\",\"@id\":\"https:\\\/\\\/www.bellunopress.it\\\/2019\\\/09\\\/14\\\/massaro-replica-alle-accuse-di-presunti-conflitti-di-interesse-lanciate-a-mezzo-stampa-dalle-opposizioni\\\/\",\"url\":\"https:\\\/\\\/www.bellunopress.it\\\/2019\\\/09\\\/14\\\/massaro-replica-alle-accuse-di-presunti-conflitti-di-interesse-lanciate-a-mezzo-stampa-dalle-opposizioni\\\/\",\"name\":\"Massaro replica alle accuse di presunti conflitti di interesse lanciate a mezzo stampa dalle opposizioni - Bellunopress - Dolomiti\",\"isPartOf\":{\"@id\":\"https:\\\/\\\/www.bellunopress.it\\\/#website\"},\"primaryImageOfPage\":{\"@id\":\"https:\\\/\\\/www.bellunopress.it\\\/2019\\\/09\\\/14\\\/massaro-replica-alle-accuse-di-presunti-conflitti-di-interesse-lanciate-a-mezzo-stampa-dalle-opposizioni\\\/#primaryimage\"},\"image\":{\"@id\":\"https:\\\/\\\/www.bellunopress.it\\\/2019\\\/09\\\/14\\\/massaro-replica-alle-accuse-di-presunti-conflitti-di-interesse-lanciate-a-mezzo-stampa-dalle-opposizioni\\\/#primaryimage\"},\"thumbnailUrl\":\"http:\\\/\\\/www.bellunopress.it\\\/wp-content\\\/uploads\\\/2019\\\/03\\\/Jacopo-Massaro.jpg\",\"datePublished\":\"2019-09-14T18:53:50+00:00\",\"breadcrumb\":{\"@id\":\"https:\\\/\\\/www.bellunopress.it\\\/2019\\\/09\\\/14\\\/massaro-replica-alle-accuse-di-presunti-conflitti-di-interesse-lanciate-a-mezzo-stampa-dalle-opposizioni\\\/#breadcrumb\"},\"inLanguage\":\"fr-FR\",\"potentialAction\":[{\"@type\":\"ReadAction\",\"target\":[\"https:\\\/\\\/www.bellunopress.it\\\/2019\\\/09\\\/14\\\/massaro-replica-alle-accuse-di-presunti-conflitti-di-interesse-lanciate-a-mezzo-stampa-dalle-opposizioni\\\/\"]}]},{\"@type\":\"ImageObject\",\"inLanguage\":\"fr-FR\",\"@id\":\"https:\\\/\\\/www.bellunopress.it\\\/2019\\\/09\\\/14\\\/massaro-replica-alle-accuse-di-presunti-conflitti-di-interesse-lanciate-a-mezzo-stampa-dalle-opposizioni\\\/#primaryimage\",\"url\":\"http:\\\/\\\/www.bellunopress.it\\\/wp-content\\\/uploads\\\/2019\\\/03\\\/Jacopo-Massaro.jpg\",\"contentUrl\":\"http:\\\/\\\/www.bellunopress.it\\\/wp-content\\\/uploads\\\/2019\\\/03\\\/Jacopo-Massaro.jpg\"},{\"@type\":\"BreadcrumbList\",\"@id\":\"https:\\\/\\\/www.bellunopress.it\\\/2019\\\/09\\\/14\\\/massaro-replica-alle-accuse-di-presunti-conflitti-di-interesse-lanciate-a-mezzo-stampa-dalle-opposizioni\\\/#breadcrumb\",\"itemListElement\":[{\"@type\":\"ListItem\",\"position\":1,\"name\":\"Home\",\"item\":\"https:\\\/\\\/www.bellunopress.it\\\/\"},{\"@type\":\"ListItem\",\"position\":2,\"name\":\"Massaro replica alle accuse di presunti conflitti di interesse lanciate a mezzo stampa dalle opposizioni\"}]},{\"@type\":\"WebSite\",\"@id\":\"https:\\\/\\\/www.bellunopress.it\\\/#website\",\"url\":\"https:\\\/\\\/www.bellunopress.it\\\/\",\"name\":\"Bellunopress - Dolomiti\",\"description\":\"e-mail: redazione@bellunopress.it\",\"publisher\":{\"@id\":\"https:\\\/\\\/www.bellunopress.it\\\/#organization\"},\"potentialAction\":[{\"@type\":\"SearchAction\",\"target\":{\"@type\":\"EntryPoint\",\"urlTemplate\":\"https:\\\/\\\/www.bellunopress.it\\\/?s={search_term_string}\"},\"query-input\":{\"@type\":\"PropertyValueSpecification\",\"valueRequired\":true,\"valueName\":\"search_term_string\"}}],\"inLanguage\":\"fr-FR\"},{\"@type\":\"Organization\",\"@id\":\"https:\\\/\\\/www.bellunopress.it\\\/#organization\",\"name\":\"Bellunopress\",\"url\":\"https:\\\/\\\/www.bellunopress.it\\\/\",\"logo\":{\"@type\":\"ImageObject\",\"inLanguage\":\"fr-FR\",\"@id\":\"https:\\\/\\\/www.bellunopress.it\\\/#\\\/schema\\\/logo\\\/image\\\/\",\"url\":\"https:\\\/\\\/www.bellunopress.it\\\/wp-content\\\/uploads\\\/2011\\\/05\\\/cropped-logo-bellunopress-.jpg\",\"contentUrl\":\"https:\\\/\\\/www.bellunopress.it\\\/wp-content\\\/uploads\\\/2011\\\/05\\\/cropped-logo-bellunopress-.jpg\",\"width\":512,\"height\":512,\"caption\":\"Bellunopress\"},\"image\":{\"@id\":\"https:\\\/\\\/www.bellunopress.it\\\/#\\\/schema\\\/logo\\\/image\\\/\"},\"sameAs\":[\"https:\\\/\\\/www.facebook.com\\\/profile.php?id=100008943462799\",\"https:\\\/\\\/x.com\\\/bellunopress\",\"https:\\\/\\\/www.linkedin.com\\\/hp\\\/?dnr=JBzUWaJfMUw8vbXJJ2tVW5-I3jZKvC4wsoxE&amp;amp;amp;amp;amp;amp;trk=nav_responsive_tab_home\",\"https:\\\/\\\/www.youtube.com\\\/channel\\\/UCxL0wu1uN0_3_7hGG0306cw\"]},{\"@type\":\"Person\",\"@id\":\"https:\\\/\\\/www.bellunopress.it\\\/#\\\/schema\\\/person\\\/79bb06722b37ece1c03d3e94beb30d73\",\"name\":\"redazione\",\"image\":{\"@type\":\"ImageObject\",\"inLanguage\":\"fr-FR\",\"@id\":\"https:\\\/\\\/secure.gravatar.com\\\/avatar\\\/37d968a2e67a6fd04c169c4bdef102d0bc5d31b2546345219e348575eb80e9a0?s=96&d=mm&r=g\",\"url\":\"https:\\\/\\\/secure.gravatar.com\\\/avatar\\\/37d968a2e67a6fd04c169c4bdef102d0bc5d31b2546345219e348575eb80e9a0?s=96&d=mm&r=g\",\"contentUrl\":\"https:\\\/\\\/secure.gravatar.com\\\/avatar\\\/37d968a2e67a6fd04c169c4bdef102d0bc5d31b2546345219e348575eb80e9a0?s=96&d=mm&r=g\",\"caption\":\"redazione\"},\"sameAs\":[\"http:\\\/\\\/www.bellunopress.it\",\"https:\\\/\\\/x.com\\\/bellunopress\"],\"url\":\"https:\\\/\\\/www.bellunopress.it\\\/fr\\\/author\\\/redazione\\\/\"}]}<\/script>\n<!-- \/ Yoast SEO plugin. -->","yoast_head_json":{"title":"Massaro replica alle accuse di presunti conflitti di interesse lanciate a mezzo stampa dalle opposizioni - Bellunopress - Dolomiti","robots":{"index":"index","follow":"follow","max-snippet":"max-snippet:-1","max-image-preview":"max-image-preview:large","max-video-preview":"max-video-preview:-1"},"canonical":"https:\/\/www.bellunopress.it\/fr\/2019\/09\/14\/massaro-replica-alle-accuse-di-presunti-conflitti-di-interesse-lanciate-a-mezzo-stampa-dalle-opposizioni\/","og_locale":"fr_FR","og_type":"article","og_title":"Massaro replica alle accuse di presunti conflitti di interesse lanciate a mezzo stampa dalle opposizioni - Bellunopress - Dolomiti","og_description":"Belluno, 14 settembre 2019\u00a0 &#8211;\u00a0 Il sindaco di Belluno Jacopo Massaro \u00e8 stato attaccato oggi sulla stampa locale dalle opposizioni in consiglio comunale (Paolo Gamba, Franco Roccon, Fabio Bristot &#8220;Rufus&#8221;), per dei presunti conflitti di interesse che coinvolgerebbero anche dei suoi esponenti (Marco Ciociano Bottaretto, Valentina Tomasi). Ecco la replica del sindaco Massaro. &#8220;Sono amareggiato [&hellip;]","og_url":"https:\/\/www.bellunopress.it\/fr\/2019\/09\/14\/massaro-replica-alle-accuse-di-presunti-conflitti-di-interesse-lanciate-a-mezzo-stampa-dalle-opposizioni\/","og_site_name":"Bellunopress - Dolomiti","article_publisher":"https:\/\/www.facebook.com\/profile.php?id=100008943462799","article_published_time":"2019-09-14T18:53:50+00:00","og_image":[{"url":"http:\/\/www.bellunopress.it\/wp-content\/uploads\/2019\/03\/Jacopo-Massaro.jpg","type":"","width":"","height":""}],"author":"redazione","twitter_card":"summary_large_image","twitter_creator":"@bellunopress","twitter_site":"@bellunopress","twitter_misc":{"\u00c9crit par":"redazione","Dur\u00e9e de lecture estim\u00e9e":"3 minutes"},"schema":{"@context":"https:\/\/schema.org","@graph":[{"@type":"Article","@id":"https:\/\/www.bellunopress.it\/2019\/09\/14\/massaro-replica-alle-accuse-di-presunti-conflitti-di-interesse-lanciate-a-mezzo-stampa-dalle-opposizioni\/#article","isPartOf":{"@id":"https:\/\/www.bellunopress.it\/2019\/09\/14\/massaro-replica-alle-accuse-di-presunti-conflitti-di-interesse-lanciate-a-mezzo-stampa-dalle-opposizioni\/"},"author":{"name":"redazione","@id":"https:\/\/www.bellunopress.it\/#\/schema\/person\/79bb06722b37ece1c03d3e94beb30d73"},"headline":"Massaro replica alle accuse di presunti conflitti di interesse lanciate a mezzo stampa dalle opposizioni","datePublished":"2019-09-14T18:53:50+00:00","mainEntityOfPage":{"@id":"https:\/\/www.bellunopress.it\/2019\/09\/14\/massaro-replica-alle-accuse-di-presunti-conflitti-di-interesse-lanciate-a-mezzo-stampa-dalle-opposizioni\/"},"wordCount":704,"publisher":{"@id":"https:\/\/www.bellunopress.it\/#organization"},"image":{"@id":"https:\/\/www.bellunopress.it\/2019\/09\/14\/massaro-replica-alle-accuse-di-presunti-conflitti-di-interesse-lanciate-a-mezzo-stampa-dalle-opposizioni\/#primaryimage"},"thumbnailUrl":"http:\/\/www.bellunopress.it\/wp-content\/uploads\/2019\/03\/Jacopo-Massaro.jpg","articleSection":["Cronaca\/Politica","Prima Pagina"],"inLanguage":"fr-FR"},{"@type":"WebPage","@id":"https:\/\/www.bellunopress.it\/2019\/09\/14\/massaro-replica-alle-accuse-di-presunti-conflitti-di-interesse-lanciate-a-mezzo-stampa-dalle-opposizioni\/","url":"https:\/\/www.bellunopress.it\/2019\/09\/14\/massaro-replica-alle-accuse-di-presunti-conflitti-di-interesse-lanciate-a-mezzo-stampa-dalle-opposizioni\/","name":"Massaro replica alle accuse di presunti conflitti di interesse lanciate a mezzo stampa dalle opposizioni - Bellunopress - Dolomiti","isPartOf":{"@id":"https:\/\/www.bellunopress.it\/#website"},"primaryImageOfPage":{"@id":"https:\/\/www.bellunopress.it\/2019\/09\/14\/massaro-replica-alle-accuse-di-presunti-conflitti-di-interesse-lanciate-a-mezzo-stampa-dalle-opposizioni\/#primaryimage"},"image":{"@id":"https:\/\/www.bellunopress.it\/2019\/09\/14\/massaro-replica-alle-accuse-di-presunti-conflitti-di-interesse-lanciate-a-mezzo-stampa-dalle-opposizioni\/#primaryimage"},"thumbnailUrl":"http:\/\/www.bellunopress.it\/wp-content\/uploads\/2019\/03\/Jacopo-Massaro.jpg","datePublished":"2019-09-14T18:53:50+00:00","breadcrumb":{"@id":"https:\/\/www.bellunopress.it\/2019\/09\/14\/massaro-replica-alle-accuse-di-presunti-conflitti-di-interesse-lanciate-a-mezzo-stampa-dalle-opposizioni\/#breadcrumb"},"inLanguage":"fr-FR","potentialAction":[{"@type":"ReadAction","target":["https:\/\/www.bellunopress.it\/2019\/09\/14\/massaro-replica-alle-accuse-di-presunti-conflitti-di-interesse-lanciate-a-mezzo-stampa-dalle-opposizioni\/"]}]},{"@type":"ImageObject","inLanguage":"fr-FR","@id":"https:\/\/www.bellunopress.it\/2019\/09\/14\/massaro-replica-alle-accuse-di-presunti-conflitti-di-interesse-lanciate-a-mezzo-stampa-dalle-opposizioni\/#primaryimage","url":"http:\/\/www.bellunopress.it\/wp-content\/uploads\/2019\/03\/Jacopo-Massaro.jpg","contentUrl":"http:\/\/www.bellunopress.it\/wp-content\/uploads\/2019\/03\/Jacopo-Massaro.jpg"},{"@type":"BreadcrumbList","@id":"https:\/\/www.bellunopress.it\/2019\/09\/14\/massaro-replica-alle-accuse-di-presunti-conflitti-di-interesse-lanciate-a-mezzo-stampa-dalle-opposizioni\/#breadcrumb","itemListElement":[{"@type":"ListItem","position":1,"name":"Home","item":"https:\/\/www.bellunopress.it\/"},{"@type":"ListItem","position":2,"name":"Massaro replica alle accuse di presunti conflitti di interesse lanciate a mezzo stampa dalle opposizioni"}]},{"@type":"WebSite","@id":"https:\/\/www.bellunopress.it\/#website","url":"https:\/\/www.bellunopress.it\/","name":"Bellunopress - Dolomiti","description":"e-mail: redazione@bellunopress.it","publisher":{"@id":"https:\/\/www.bellunopress.it\/#organization"},"potentialAction":[{"@type":"SearchAction","target":{"@type":"EntryPoint","urlTemplate":"https:\/\/www.bellunopress.it\/?s={search_term_string}"},"query-input":{"@type":"PropertyValueSpecification","valueRequired":true,"valueName":"search_term_string"}}],"inLanguage":"fr-FR"},{"@type":"Organization","@id":"https:\/\/www.bellunopress.it\/#organization","name":"Bellunopress","url":"https:\/\/www.bellunopress.it\/","logo":{"@type":"ImageObject","inLanguage":"fr-FR","@id":"https:\/\/www.bellunopress.it\/#\/schema\/logo\/image\/","url":"https:\/\/www.bellunopress.it\/wp-content\/uploads\/2011\/05\/cropped-logo-bellunopress-.jpg","contentUrl":"https:\/\/www.bellunopress.it\/wp-content\/uploads\/2011\/05\/cropped-logo-bellunopress-.jpg","width":512,"height":512,"caption":"Bellunopress"},"image":{"@id":"https:\/\/www.bellunopress.it\/#\/schema\/logo\/image\/"},"sameAs":["https:\/\/www.facebook.com\/profile.php?id=100008943462799","https:\/\/x.com\/bellunopress","https:\/\/www.linkedin.com\/hp\/?dnr=JBzUWaJfMUw8vbXJJ2tVW5-I3jZKvC4wsoxE&amp;amp;amp;amp;amp;amp;trk=nav_responsive_tab_home","https:\/\/www.youtube.com\/channel\/UCxL0wu1uN0_3_7hGG0306cw"]},{"@type":"Person","@id":"https:\/\/www.bellunopress.it\/#\/schema\/person\/79bb06722b37ece1c03d3e94beb30d73","name":"r\u00e9daction","image":{"@type":"ImageObject","inLanguage":"fr-FR","@id":"https:\/\/secure.gravatar.com\/avatar\/37d968a2e67a6fd04c169c4bdef102d0bc5d31b2546345219e348575eb80e9a0?s=96&d=mm&r=g","url":"https:\/\/secure.gravatar.com\/avatar\/37d968a2e67a6fd04c169c4bdef102d0bc5d31b2546345219e348575eb80e9a0?s=96&d=mm&r=g","contentUrl":"https:\/\/secure.gravatar.com\/avatar\/37d968a2e67a6fd04c169c4bdef102d0bc5d31b2546345219e348575eb80e9a0?s=96&d=mm&r=g","caption":"redazione"},"sameAs":["http:\/\/www.bellunopress.it","https:\/\/x.com\/bellunopress"],"url":"https:\/\/www.bellunopress.it\/fr\/author\/redazione\/"}]}},"_links":{"self":[{"href":"https:\/\/www.bellunopress.it\/fr\/wp-json\/wp\/v2\/posts\/107876","targetHints":{"allow":["GET"]}}],"collection":[{"href":"https:\/\/www.bellunopress.it\/fr\/wp-json\/wp\/v2\/posts"}],"about":[{"href":"https:\/\/www.bellunopress.it\/fr\/wp-json\/wp\/v2\/types\/post"}],"author":[{"embeddable":true,"href":"https:\/\/www.bellunopress.it\/fr\/wp-json\/wp\/v2\/users\/2"}],"replies":[{"embeddable":true,"href":"https:\/\/www.bellunopress.it\/fr\/wp-json\/wp\/v2\/comments?post=107876"}],"version-history":[{"count":1,"href":"https:\/\/www.bellunopress.it\/fr\/wp-json\/wp\/v2\/posts\/107876\/revisions"}],"predecessor-version":[{"id":107877,"href":"https:\/\/www.bellunopress.it\/fr\/wp-json\/wp\/v2\/posts\/107876\/revisions\/107877"}],"wp:attachment":[{"href":"https:\/\/www.bellunopress.it\/fr\/wp-json\/wp\/v2\/media?parent=107876"}],"wp:term":[{"taxonomy":"category","embeddable":true,"href":"https:\/\/www.bellunopress.it\/fr\/wp-json\/wp\/v2\/categories?post=107876"},{"taxonomy":"post_tag","embeddable":true,"href":"https:\/\/www.bellunopress.it\/fr\/wp-json\/wp\/v2\/tags?post=107876"}],"curies":[{"name":"wp","href":"https:\/\/api.w.org\/{rel}","templated":true}]}}