{"id":107874,"date":"2019-09-14T17:25:59","date_gmt":"2019-09-14T15:25:59","guid":{"rendered":"http:\/\/www.bellunopress.it\/?p=107874"},"modified":"2019-09-14T17:25:59","modified_gmt":"2019-09-14T15:25:59","slug":"gli-artiglieri-di-ponte-nelle-alpi-celebrano-i-loro-50-anni","status":"publish","type":"post","link":"https:\/\/www.bellunopress.it\/fr\/2019\/09\/14\/gli-artiglieri-di-ponte-nelle-alpi-celebrano-i-loro-50-anni\/","title":{"rendered":"Gli artiglieri di Ponte nelle Alpi celebrano i loro 50 anni"},"content":{"rendered":"<p>Gli artiglieri di Ponte nelle Alpi festeggiano il 50\u00b0 anniversario di fondazione della sezione &#8220;Fratelli Venzon&#8221;. Lo faranno domenica 22 settembre nella loro sede di Nuova Erto. Ma prima parteciperanno alla celebrazione della messa e alla deposizione di una corona d&#8217;alloro al monumento di Polpet dedicato ai Caduti in guerra. Il programma della manifestazione prevede inoltre la consegna di riconoscimenti e la partecipazione delle sezioni Anarti bellunesi e dei territori limitrofi alla provincia, dei rappresentanti d&#8217;arma e degli amici degli artiglieri. Per questo stanno lavorando con impegno il presidente Gianluigi Rusconi, il segretario Evaristo Sacchet insieme con tutti gli artiglieri pontalpini.<\/p>\n<p>L&#8217;appuntamento \u00e8 alle 9 in piazza Marinai d&#8217;Italia per dirigersi in sfilata fino alla chiesa di Polpet per assistere alla messa delle 9.45. Ci sar\u00e0 poi il corteo al monumento in piazza Boito dove si terr\u00e0 la cerimonia dell&#8217;alzabandiera e verr\u00e0 deposta la corona ai Caduti.<br \/>\nSi proceder\u00e0 quindi alla celebrazione vera e propria con il saluto di benvenuto da parte del presidente di sezione e gli interventi delle autorit\u00e0. Saranno quindi offerti i gagliardetti in ricordo a tutte le associazioni d&#8217;arma presenti. Particolare risalto sar\u00e0 dato alla consegna delle targhe alle due figlie di Armando Sartori, alla memoria di questo artigliere che nel 1969 fond\u00f2 e fu il primo presidente della sezione dell&#8217;Anarti &#8220;Fratelli Venzon&#8221; di Ponte nelle Alpi.<br \/>\nLa giornata proseguir\u00e0 nella sede degli artiglieri a Nuova Erto per il rinfresco. Tutta la cerimonia sar\u00e0 accompagnata dalle note del complesso bandistico Valcantuna.<\/p>","protected":false},"excerpt":{"rendered":"<p>Gli artiglieri di Ponte nelle Alpi festeggiano il 50\u00b0 anniversario di fondazione della sezione &#8220;Fratelli Venzon&#8221;. Lo faranno domenica 22 settembre nella loro sede di Nuova Erto. Ma prima parteciperanno alla celebrazione della messa e alla deposizione di una corona d&#8217;alloro al monumento di Polpet dedicato ai Caduti in guerra. Il programma della manifestazione prevede [&hellip;]<\/p>\n","protected":false},"author":2,"featured_media":0,"comment_status":"closed","ping_status":"open","sticky":false,"template":"","format":"standard","meta":{"footnotes":""},"categories":[27,25,8],"tags":[],"class_list":["post-107874","post","type-post","status-publish","format-standard","category-appuntamenti","category-pausa-caffe","category-societa-istituzioni"],"yoast_head":"<!-- This site is optimized with the Yoast SEO plugin v28.4 - https:\/\/yoast.com\/product\/yoast-seo-wordpress\/ -->\n<title>Gli artiglieri di Ponte nelle Alpi celebrano i loro 50 anni - Bellunopress - Dolomiti<\/title>\n<meta name=\"robots\" content=\"index, follow, max-snippet:-1, max-image-preview:large, max-video-preview:-1\" \/>\n<link rel=\"canonical\" href=\"https:\/\/www.bellunopress.it\/fr\/2019\/09\/14\/gli-artiglieri-di-ponte-nelle-alpi-celebrano-i-loro-50-anni\/\" \/>\n<meta property=\"og:locale\" content=\"fr_FR\" \/>\n<meta property=\"og:type\" content=\"article\" \/>\n<meta property=\"og:title\" content=\"Gli artiglieri di Ponte nelle Alpi celebrano i loro 50 anni - Bellunopress - Dolomiti\" \/>\n<meta property=\"og:description\" content=\"Gli artiglieri di Ponte nelle Alpi festeggiano il 50\u00b0 anniversario di fondazione della sezione &#8220;Fratelli Venzon&#8221;. Lo faranno domenica 22 settembre nella loro sede di Nuova Erto. Ma prima parteciperanno alla celebrazione della messa e alla deposizione di una corona d&#8217;alloro al monumento di Polpet dedicato ai Caduti in guerra. Il programma della manifestazione prevede [&hellip;]\" \/>\n<meta property=\"og:url\" content=\"https:\/\/www.bellunopress.it\/fr\/2019\/09\/14\/gli-artiglieri-di-ponte-nelle-alpi-celebrano-i-loro-50-anni\/\" \/>\n<meta property=\"og:site_name\" content=\"Bellunopress - Dolomiti\" \/>\n<meta property=\"article:publisher\" content=\"https:\/\/www.facebook.com\/profile.php?id=100008943462799\" \/>\n<meta property=\"article:published_time\" content=\"2019-09-14T15:25:59+00:00\" \/>\n<meta property=\"og:image\" content=\"http:\/\/www.bellunopress.it\/wp-content\/uploads\/2012\/07\/logo-bellunopress-250x250-2012.jpg\" \/>\n<meta name=\"author\" content=\"redazione\" \/>\n<meta name=\"twitter:card\" content=\"summary_large_image\" \/>\n<meta name=\"twitter:creator\" content=\"@bellunopress\" \/>\n<meta name=\"twitter:site\" content=\"@bellunopress\" \/>\n<meta name=\"twitter:label1\" content=\"\u00c9crit par\" \/>\n\t<meta name=\"twitter:data1\" content=\"redazione\" \/>\n\t<meta name=\"twitter:label2\" content=\"Dur\u00e9e de lecture estim\u00e9e\" \/>\n\t<meta name=\"twitter:data2\" content=\"1 minute\" \/>\n<script type=\"application\/ld+json\" class=\"yoast-schema-graph\">{\"@context\":\"https:\\\/\\\/schema.org\",\"@graph\":[{\"@type\":\"Article\",\"@id\":\"https:\\\/\\\/www.bellunopress.it\\\/2019\\\/09\\\/14\\\/gli-artiglieri-di-ponte-nelle-alpi-celebrano-i-loro-50-anni\\\/#article\",\"isPartOf\":{\"@id\":\"https:\\\/\\\/www.bellunopress.it\\\/2019\\\/09\\\/14\\\/gli-artiglieri-di-ponte-nelle-alpi-celebrano-i-loro-50-anni\\\/\"},\"author\":{\"name\":\"redazione\",\"@id\":\"https:\\\/\\\/www.bellunopress.it\\\/#\\\/schema\\\/person\\\/79bb06722b37ece1c03d3e94beb30d73\"},\"headline\":\"Gli artiglieri di Ponte nelle Alpi celebrano i loro 50 anni\",\"datePublished\":\"2019-09-14T15:25:59+00:00\",\"mainEntityOfPage\":{\"@id\":\"https:\\\/\\\/www.bellunopress.it\\\/2019\\\/09\\\/14\\\/gli-artiglieri-di-ponte-nelle-alpi-celebrano-i-loro-50-anni\\\/\"},\"wordCount\":256,\"publisher\":{\"@id\":\"https:\\\/\\\/www.bellunopress.it\\\/#organization\"},\"articleSection\":[\"Appuntamenti, Eventi\",\"Pausa Caff\u00e8\",\"Societ\u00e0, Associazioni, Istituzioni\"],\"inLanguage\":\"fr-FR\"},{\"@type\":\"WebPage\",\"@id\":\"https:\\\/\\\/www.bellunopress.it\\\/2019\\\/09\\\/14\\\/gli-artiglieri-di-ponte-nelle-alpi-celebrano-i-loro-50-anni\\\/\",\"url\":\"https:\\\/\\\/www.bellunopress.it\\\/2019\\\/09\\\/14\\\/gli-artiglieri-di-ponte-nelle-alpi-celebrano-i-loro-50-anni\\\/\",\"name\":\"Gli artiglieri di Ponte nelle Alpi celebrano i loro 50 anni - Bellunopress - Dolomiti\",\"isPartOf\":{\"@id\":\"https:\\\/\\\/www.bellunopress.it\\\/#website\"},\"datePublished\":\"2019-09-14T15:25:59+00:00\",\"breadcrumb\":{\"@id\":\"https:\\\/\\\/www.bellunopress.it\\\/2019\\\/09\\\/14\\\/gli-artiglieri-di-ponte-nelle-alpi-celebrano-i-loro-50-anni\\\/#breadcrumb\"},\"inLanguage\":\"fr-FR\",\"potentialAction\":[{\"@type\":\"ReadAction\",\"target\":[\"https:\\\/\\\/www.bellunopress.it\\\/2019\\\/09\\\/14\\\/gli-artiglieri-di-ponte-nelle-alpi-celebrano-i-loro-50-anni\\\/\"]}]},{\"@type\":\"BreadcrumbList\",\"@id\":\"https:\\\/\\\/www.bellunopress.it\\\/2019\\\/09\\\/14\\\/gli-artiglieri-di-ponte-nelle-alpi-celebrano-i-loro-50-anni\\\/#breadcrumb\",\"itemListElement\":[{\"@type\":\"ListItem\",\"position\":1,\"name\":\"Home\",\"item\":\"https:\\\/\\\/www.bellunopress.it\\\/\"},{\"@type\":\"ListItem\",\"position\":2,\"name\":\"Gli artiglieri di Ponte nelle Alpi celebrano i loro 50 anni\"}]},{\"@type\":\"WebSite\",\"@id\":\"https:\\\/\\\/www.bellunopress.it\\\/#website\",\"url\":\"https:\\\/\\\/www.bellunopress.it\\\/\",\"name\":\"Bellunopress - Dolomiti\",\"description\":\"e-mail: redazione@bellunopress.it\",\"publisher\":{\"@id\":\"https:\\\/\\\/www.bellunopress.it\\\/#organization\"},\"potentialAction\":[{\"@type\":\"SearchAction\",\"target\":{\"@type\":\"EntryPoint\",\"urlTemplate\":\"https:\\\/\\\/www.bellunopress.it\\\/?s={search_term_string}\"},\"query-input\":{\"@type\":\"PropertyValueSpecification\",\"valueRequired\":true,\"valueName\":\"search_term_string\"}}],\"inLanguage\":\"fr-FR\"},{\"@type\":\"Organization\",\"@id\":\"https:\\\/\\\/www.bellunopress.it\\\/#organization\",\"name\":\"Bellunopress\",\"url\":\"https:\\\/\\\/www.bellunopress.it\\\/\",\"logo\":{\"@type\":\"ImageObject\",\"inLanguage\":\"fr-FR\",\"@id\":\"https:\\\/\\\/www.bellunopress.it\\\/#\\\/schema\\\/logo\\\/image\\\/\",\"url\":\"https:\\\/\\\/www.bellunopress.it\\\/wp-content\\\/uploads\\\/2011\\\/05\\\/cropped-logo-bellunopress-.jpg\",\"contentUrl\":\"https:\\\/\\\/www.bellunopress.it\\\/wp-content\\\/uploads\\\/2011\\\/05\\\/cropped-logo-bellunopress-.jpg\",\"width\":512,\"height\":512,\"caption\":\"Bellunopress\"},\"image\":{\"@id\":\"https:\\\/\\\/www.bellunopress.it\\\/#\\\/schema\\\/logo\\\/image\\\/\"},\"sameAs\":[\"https:\\\/\\\/www.facebook.com\\\/profile.php?id=100008943462799\",\"https:\\\/\\\/x.com\\\/bellunopress\",\"https:\\\/\\\/www.linkedin.com\\\/hp\\\/?dnr=JBzUWaJfMUw8vbXJJ2tVW5-I3jZKvC4wsoxE&amp;amp;amp;amp;amp;amp;trk=nav_responsive_tab_home\",\"https:\\\/\\\/www.youtube.com\\\/channel\\\/UCxL0wu1uN0_3_7hGG0306cw\"]},{\"@type\":\"Person\",\"@id\":\"https:\\\/\\\/www.bellunopress.it\\\/#\\\/schema\\\/person\\\/79bb06722b37ece1c03d3e94beb30d73\",\"name\":\"redazione\",\"image\":{\"@type\":\"ImageObject\",\"inLanguage\":\"fr-FR\",\"@id\":\"https:\\\/\\\/secure.gravatar.com\\\/avatar\\\/37d968a2e67a6fd04c169c4bdef102d0bc5d31b2546345219e348575eb80e9a0?s=96&d=mm&r=g\",\"url\":\"https:\\\/\\\/secure.gravatar.com\\\/avatar\\\/37d968a2e67a6fd04c169c4bdef102d0bc5d31b2546345219e348575eb80e9a0?s=96&d=mm&r=g\",\"contentUrl\":\"https:\\\/\\\/secure.gravatar.com\\\/avatar\\\/37d968a2e67a6fd04c169c4bdef102d0bc5d31b2546345219e348575eb80e9a0?s=96&d=mm&r=g\",\"caption\":\"redazione\"},\"sameAs\":[\"http:\\\/\\\/www.bellunopress.it\",\"https:\\\/\\\/x.com\\\/bellunopress\"],\"url\":\"https:\\\/\\\/www.bellunopress.it\\\/fr\\\/author\\\/redazione\\\/\"}]}<\/script>\n<!-- \/ Yoast SEO plugin. -->","yoast_head_json":{"title":"Gli artiglieri di Ponte nelle Alpi celebrano i loro 50 anni - Bellunopress - Dolomiti","robots":{"index":"index","follow":"follow","max-snippet":"max-snippet:-1","max-image-preview":"max-image-preview:large","max-video-preview":"max-video-preview:-1"},"canonical":"https:\/\/www.bellunopress.it\/fr\/2019\/09\/14\/gli-artiglieri-di-ponte-nelle-alpi-celebrano-i-loro-50-anni\/","og_locale":"fr_FR","og_type":"article","og_title":"Gli artiglieri di Ponte nelle Alpi celebrano i loro 50 anni - Bellunopress - Dolomiti","og_description":"Gli artiglieri di Ponte nelle Alpi festeggiano il 50\u00b0 anniversario di fondazione della sezione &#8220;Fratelli Venzon&#8221;. Lo faranno domenica 22 settembre nella loro sede di Nuova Erto. Ma prima parteciperanno alla celebrazione della messa e alla deposizione di una corona d&#8217;alloro al monumento di Polpet dedicato ai Caduti in guerra. Il programma della manifestazione prevede [&hellip;]","og_url":"https:\/\/www.bellunopress.it\/fr\/2019\/09\/14\/gli-artiglieri-di-ponte-nelle-alpi-celebrano-i-loro-50-anni\/","og_site_name":"Bellunopress - Dolomiti","article_publisher":"https:\/\/www.facebook.com\/profile.php?id=100008943462799","article_published_time":"2019-09-14T15:25:59+00:00","og_image":[{"url":"http:\/\/www.bellunopress.it\/wp-content\/uploads\/2012\/07\/logo-bellunopress-250x250-2012.jpg","type":"","width":"","height":""}],"author":"redazione","twitter_card":"summary_large_image","twitter_creator":"@bellunopress","twitter_site":"@bellunopress","twitter_misc":{"\u00c9crit par":"redazione","Dur\u00e9e de lecture estim\u00e9e":"1 minute"},"schema":{"@context":"https:\/\/schema.org","@graph":[{"@type":"Article","@id":"https:\/\/www.bellunopress.it\/2019\/09\/14\/gli-artiglieri-di-ponte-nelle-alpi-celebrano-i-loro-50-anni\/#article","isPartOf":{"@id":"https:\/\/www.bellunopress.it\/2019\/09\/14\/gli-artiglieri-di-ponte-nelle-alpi-celebrano-i-loro-50-anni\/"},"author":{"name":"redazione","@id":"https:\/\/www.bellunopress.it\/#\/schema\/person\/79bb06722b37ece1c03d3e94beb30d73"},"headline":"Gli artiglieri di Ponte nelle Alpi celebrano i loro 50 anni","datePublished":"2019-09-14T15:25:59+00:00","mainEntityOfPage":{"@id":"https:\/\/www.bellunopress.it\/2019\/09\/14\/gli-artiglieri-di-ponte-nelle-alpi-celebrano-i-loro-50-anni\/"},"wordCount":256,"publisher":{"@id":"https:\/\/www.bellunopress.it\/#organization"},"articleSection":["Appuntamenti, Eventi","Pausa Caff\u00e8","Societ\u00e0, Associazioni, Istituzioni"],"inLanguage":"fr-FR"},{"@type":"WebPage","@id":"https:\/\/www.bellunopress.it\/2019\/09\/14\/gli-artiglieri-di-ponte-nelle-alpi-celebrano-i-loro-50-anni\/","url":"https:\/\/www.bellunopress.it\/2019\/09\/14\/gli-artiglieri-di-ponte-nelle-alpi-celebrano-i-loro-50-anni\/","name":"Gli artiglieri di Ponte nelle Alpi celebrano i loro 50 anni - Bellunopress - Dolomiti","isPartOf":{"@id":"https:\/\/www.bellunopress.it\/#website"},"datePublished":"2019-09-14T15:25:59+00:00","breadcrumb":{"@id":"https:\/\/www.bellunopress.it\/2019\/09\/14\/gli-artiglieri-di-ponte-nelle-alpi-celebrano-i-loro-50-anni\/#breadcrumb"},"inLanguage":"fr-FR","potentialAction":[{"@type":"ReadAction","target":["https:\/\/www.bellunopress.it\/2019\/09\/14\/gli-artiglieri-di-ponte-nelle-alpi-celebrano-i-loro-50-anni\/"]}]},{"@type":"BreadcrumbList","@id":"https:\/\/www.bellunopress.it\/2019\/09\/14\/gli-artiglieri-di-ponte-nelle-alpi-celebrano-i-loro-50-anni\/#breadcrumb","itemListElement":[{"@type":"ListItem","position":1,"name":"Home","item":"https:\/\/www.bellunopress.it\/"},{"@type":"ListItem","position":2,"name":"Gli artiglieri di Ponte nelle Alpi celebrano i loro 50 anni"}]},{"@type":"WebSite","@id":"https:\/\/www.bellunopress.it\/#website","url":"https:\/\/www.bellunopress.it\/","name":"Bellunopress - Dolomiti","description":"e-mail: redazione@bellunopress.it","publisher":{"@id":"https:\/\/www.bellunopress.it\/#organization"},"potentialAction":[{"@type":"SearchAction","target":{"@type":"EntryPoint","urlTemplate":"https:\/\/www.bellunopress.it\/?s={search_term_string}"},"query-input":{"@type":"PropertyValueSpecification","valueRequired":true,"valueName":"search_term_string"}}],"inLanguage":"fr-FR"},{"@type":"Organization","@id":"https:\/\/www.bellunopress.it\/#organization","name":"Bellunopress","url":"https:\/\/www.bellunopress.it\/","logo":{"@type":"ImageObject","inLanguage":"fr-FR","@id":"https:\/\/www.bellunopress.it\/#\/schema\/logo\/image\/","url":"https:\/\/www.bellunopress.it\/wp-content\/uploads\/2011\/05\/cropped-logo-bellunopress-.jpg","contentUrl":"https:\/\/www.bellunopress.it\/wp-content\/uploads\/2011\/05\/cropped-logo-bellunopress-.jpg","width":512,"height":512,"caption":"Bellunopress"},"image":{"@id":"https:\/\/www.bellunopress.it\/#\/schema\/logo\/image\/"},"sameAs":["https:\/\/www.facebook.com\/profile.php?id=100008943462799","https:\/\/x.com\/bellunopress","https:\/\/www.linkedin.com\/hp\/?dnr=JBzUWaJfMUw8vbXJJ2tVW5-I3jZKvC4wsoxE&amp;amp;amp;amp;amp;amp;trk=nav_responsive_tab_home","https:\/\/www.youtube.com\/channel\/UCxL0wu1uN0_3_7hGG0306cw"]},{"@type":"Person","@id":"https:\/\/www.bellunopress.it\/#\/schema\/person\/79bb06722b37ece1c03d3e94beb30d73","name":"r\u00e9daction","image":{"@type":"ImageObject","inLanguage":"fr-FR","@id":"https:\/\/secure.gravatar.com\/avatar\/37d968a2e67a6fd04c169c4bdef102d0bc5d31b2546345219e348575eb80e9a0?s=96&d=mm&r=g","url":"https:\/\/secure.gravatar.com\/avatar\/37d968a2e67a6fd04c169c4bdef102d0bc5d31b2546345219e348575eb80e9a0?s=96&d=mm&r=g","contentUrl":"https:\/\/secure.gravatar.com\/avatar\/37d968a2e67a6fd04c169c4bdef102d0bc5d31b2546345219e348575eb80e9a0?s=96&d=mm&r=g","caption":"redazione"},"sameAs":["http:\/\/www.bellunopress.it","https:\/\/x.com\/bellunopress"],"url":"https:\/\/www.bellunopress.it\/fr\/author\/redazione\/"}]}},"_links":{"self":[{"href":"https:\/\/www.bellunopress.it\/fr\/wp-json\/wp\/v2\/posts\/107874","targetHints":{"allow":["GET"]}}],"collection":[{"href":"https:\/\/www.bellunopress.it\/fr\/wp-json\/wp\/v2\/posts"}],"about":[{"href":"https:\/\/www.bellunopress.it\/fr\/wp-json\/wp\/v2\/types\/post"}],"author":[{"embeddable":true,"href":"https:\/\/www.bellunopress.it\/fr\/wp-json\/wp\/v2\/users\/2"}],"replies":[{"embeddable":true,"href":"https:\/\/www.bellunopress.it\/fr\/wp-json\/wp\/v2\/comments?post=107874"}],"version-history":[{"count":1,"href":"https:\/\/www.bellunopress.it\/fr\/wp-json\/wp\/v2\/posts\/107874\/revisions"}],"predecessor-version":[{"id":107875,"href":"https:\/\/www.bellunopress.it\/fr\/wp-json\/wp\/v2\/posts\/107874\/revisions\/107875"}],"wp:attachment":[{"href":"https:\/\/www.bellunopress.it\/fr\/wp-json\/wp\/v2\/media?parent=107874"}],"wp:term":[{"taxonomy":"category","embeddable":true,"href":"https:\/\/www.bellunopress.it\/fr\/wp-json\/wp\/v2\/categories?post=107874"},{"taxonomy":"post_tag","embeddable":true,"href":"https:\/\/www.bellunopress.it\/fr\/wp-json\/wp\/v2\/tags?post=107874"}],"curies":[{"name":"wp","href":"https:\/\/api.w.org\/{rel}","templated":true}]}}