{"id":107868,"date":"2019-09-14T19:00:31","date_gmt":"2019-09-14T17:00:31","guid":{"rendered":"http:\/\/www.bellunopress.it\/?p=107868"},"modified":"2019-09-17T20:43:01","modified_gmt":"2019-09-17T18:43:01","slug":"effetto-montagna-uomini-boschi-animali-mauro-corona-apre-la-rassegna-martedi-alla-libreria-tarantola","status":"publish","type":"post","link":"https:\/\/www.bellunopress.it\/fr\/2019\/09\/14\/effetto-montagna-uomini-boschi-animali-mauro-corona-apre-la-rassegna-martedi-alla-libreria-tarantola\/","title":{"rendered":"Evento rinviato. Effetto Montagna. Uomini, Boschi, Animali. Mauro Corona apre la rassegna marted\u00ec alla Libreria Tarantola"},"content":{"rendered":"<ul>\n<li>Evento rinviato &#8211;<\/li>\n<\/ul>\n<p>Marted\u00ec 17 settembre alle ore 18.30, la Libreria Tarantola ospiter\u00e0 nella sede di Belluno in via Psaro 13, il primo incontro della rassegna &#8220;Effetto Montagna. Uomini, Boschi, Animali.&#8221;<\/p>\n<figure id=\"attachment_90503\" aria-describedby=\"caption-attachment-90503\" style=\"width: 227px\" class=\"wp-caption alignleft\"><a href=\"http:\/\/www.bellunopress.it\/2017\/11\/05\/mauro-corona-contro-tutti-applaudito-gigi-maieron-con-i-suoi-brani-alla-chitarra\/mauro-corona-6\/\" rel=\"attachment wp-att-90503\"><img loading=\"lazy\" decoding=\"async\" class=\"size-full wp-image-90503\" src=\"http:\/\/www.bellunopress.it\/wp-content\/uploads\/2017\/11\/mauro-corona.jpg\" alt=\"\" width=\"227\" height=\"290\" \/><\/a><figcaption id=\"caption-attachment-90503\" class=\"wp-caption-text\">Mauro Corona<\/figcaption><\/figure>\n<p>Aprir\u00e0 la rassegna\u00a0 Mauro Corona, all&#8217;anagrafe Maurizio Corona nato a Baselga di Pin\u00e9, il 9 agosto 1950, \u00e8 uno scrittore, alpinista e scultore italiano. Ha scalato numerose vette italiane ed estere, aprendo oltre 300 vie di scalata nelle Dolomiti. \u00c8 autore di svariati libri, alcuni dei quali best seller. Risiede a Erto e Casso, in provincia di Pordenone, luogo d&#8217;origine dei genitori.<\/p>\n<p><strong>Corona scrittore<\/strong><br \/>\nLa carriera di scrittore inizia nel 1997 quando un amico giornalista pubblic\u00f2 alcuni suoi racconti sul quotidiano Il Gazzettino. Da allora ha pubblicato svariati libri, tutti con discreto successo. Nei suoi romanzi e nei suoi racconti Corona porta a contatto il lettore con un mondo quasi del tutto scomparso: quello della vita e delle tradizioni nei paesi della Valle del Vajont, un ecosistema che sub\u00ec violenti sconvolgimenti a seguito della tragedia che vi accadde. Personaggi ed echi del passato riaffiorano tra le righe di Corona, che affronta con uno sguardo appassionato e un po&#8217; malinconico tematiche come il rapporto dell&#8217;uomo con la natura, con le proprie radici e con l&#8217;incombente progresso economico e tecnologico.<\/p>\n<p>Corona continua ad alternare momenti di scrittura, anche erotica, scultura lignea e arrampicata a conferenze, incontri e manifestazioni, e partecipa alla realizzazione di alcuni documentari sulla sua vita. \u00c8 stato comparsa nel film Vajont, interpretando suo padre. Tra i suoi amici e corrispondenti vi \u00e8 il coetaneo Erri De Luca, anch&#8217;egli scrittore e arrampicatore.<\/p>\n<p>Nel 2002 lo scrittore fumettista Paolo Cossi pubblica Corona &#8211; L&#8217;uomo del bosco di Erto per Edizioni Biblioteca dell&#8217;Immagine. Un libro a fumetti che narra alcune vicende raccontate a Cossi da Corona e delle avventure che Cossi dovette intraprendere per ascoltare di persona i racconti di Corona.<\/p>\n<p>Cani, camosci, cuculi (e un corvo) si \u00e8 aggiudicato il Cardo d&#8217;argento al 37\u00ba Premio Itas del libro di montagna, ritirato da Corona il 29 aprile 2008.<\/p>\n<p>Il 17 luglio 2011 il libro La fine del mondo storto vince, con 75 preferenze, il Premio Bancarella 2011[11]. Nel 2014 vince il Premio Mario Rigoni Stern.<\/p>\n<p>Le sue opere sono state tradotte in varie lingue, tra cui cinese, tedesco e spagnolo. (Fonte Wikipedia)<\/p>\n","protected":false},"excerpt":{"rendered":"<p>Evento rinviato &#8211; Marted\u00ec 17 settembre alle ore 18.30, la Libreria Tarantola ospiter\u00e0 nella sede di Belluno in via Psaro 13, il primo incontro della rassegna &#8220;Effetto Montagna. Uomini, Boschi, Animali.&#8221; Aprir\u00e0 la rassegna\u00a0 Mauro Corona, all&#8217;anagrafe Maurizio Corona nato a Baselga di Pin\u00e9, il 9 agosto 1950, \u00e8 uno scrittore, alpinista e scultore italiano. [&hellip;]<\/p>\n","protected":false},"author":2,"featured_media":0,"comment_status":"closed","ping_status":"open","sticky":false,"template":"","format":"standard","meta":{"footnotes":""},"categories":[27,3],"tags":[],"class_list":["post-107868","post","type-post","status-publish","format-standard","category-appuntamenti","category-arte-cultura-spettacoli-scienza-archivi"],"yoast_head":"<!-- This site is optimized with the Yoast SEO plugin v28.4 - https:\/\/yoast.com\/product\/yoast-seo-wordpress\/ -->\n<title>Evento rinviato. Effetto Montagna. Uomini, Boschi, Animali. Mauro Corona apre la rassegna marted\u00ec alla Libreria Tarantola - Bellunopress - Dolomiti<\/title>\n<meta name=\"robots\" content=\"index, follow, max-snippet:-1, max-image-preview:large, max-video-preview:-1\" \/>\n<link rel=\"canonical\" href=\"https:\/\/www.bellunopress.it\/fr\/2019\/09\/14\/effetto-montagna-uomini-boschi-animali-mauro-corona-apre-la-rassegna-martedi-alla-libreria-tarantola\/\" \/>\n<meta property=\"og:locale\" content=\"fr_FR\" \/>\n<meta property=\"og:type\" content=\"article\" \/>\n<meta property=\"og:title\" content=\"Evento rinviato. Effetto Montagna. Uomini, Boschi, Animali. Mauro Corona apre la rassegna marted\u00ec alla Libreria Tarantola - Bellunopress - Dolomiti\" \/>\n<meta property=\"og:description\" content=\"Evento rinviato &#8211; Marted\u00ec 17 settembre alle ore 18.30, la Libreria Tarantola ospiter\u00e0 nella sede di Belluno in via Psaro 13, il primo incontro della rassegna &#8220;Effetto Montagna. Uomini, Boschi, Animali.&#8221; Aprir\u00e0 la rassegna\u00a0 Mauro Corona, all&#8217;anagrafe Maurizio Corona nato a Baselga di Pin\u00e9, il 9 agosto 1950, \u00e8 uno scrittore, alpinista e scultore italiano. [&hellip;]\" \/>\n<meta property=\"og:url\" content=\"https:\/\/www.bellunopress.it\/fr\/2019\/09\/14\/effetto-montagna-uomini-boschi-animali-mauro-corona-apre-la-rassegna-martedi-alla-libreria-tarantola\/\" \/>\n<meta property=\"og:site_name\" content=\"Bellunopress - Dolomiti\" \/>\n<meta property=\"article:publisher\" content=\"https:\/\/www.facebook.com\/profile.php?id=100008943462799\" \/>\n<meta property=\"article:published_time\" content=\"2019-09-14T17:00:31+00:00\" \/>\n<meta property=\"article:modified_time\" content=\"2019-09-17T18:43:01+00:00\" \/>\n<meta property=\"og:image\" content=\"http:\/\/www.bellunopress.it\/wp-content\/uploads\/2017\/11\/mauro-corona.jpg\" \/>\n<meta name=\"author\" content=\"redazione\" \/>\n<meta name=\"twitter:card\" content=\"summary_large_image\" \/>\n<meta name=\"twitter:creator\" content=\"@bellunopress\" \/>\n<meta name=\"twitter:site\" content=\"@bellunopress\" \/>\n<meta name=\"twitter:label1\" content=\"\u00c9crit par\" \/>\n\t<meta name=\"twitter:data1\" content=\"redazione\" \/>\n\t<meta name=\"twitter:label2\" content=\"Dur\u00e9e de lecture estim\u00e9e\" \/>\n\t<meta name=\"twitter:data2\" content=\"2 minutes\" \/>\n<script type=\"application\/ld+json\" class=\"yoast-schema-graph\">{\"@context\":\"https:\\\/\\\/schema.org\",\"@graph\":[{\"@type\":\"Article\",\"@id\":\"https:\\\/\\\/www.bellunopress.it\\\/2019\\\/09\\\/14\\\/effetto-montagna-uomini-boschi-animali-mauro-corona-apre-la-rassegna-martedi-alla-libreria-tarantola\\\/#article\",\"isPartOf\":{\"@id\":\"https:\\\/\\\/www.bellunopress.it\\\/2019\\\/09\\\/14\\\/effetto-montagna-uomini-boschi-animali-mauro-corona-apre-la-rassegna-martedi-alla-libreria-tarantola\\\/\"},\"author\":{\"name\":\"redazione\",\"@id\":\"https:\\\/\\\/www.bellunopress.it\\\/#\\\/schema\\\/person\\\/79bb06722b37ece1c03d3e94beb30d73\"},\"headline\":\"Evento rinviato. Effetto Montagna. Uomini, Boschi, Animali. Mauro Corona apre la rassegna marted\u00ec alla Libreria Tarantola\",\"datePublished\":\"2019-09-14T17:00:31+00:00\",\"dateModified\":\"2019-09-17T18:43:01+00:00\",\"mainEntityOfPage\":{\"@id\":\"https:\\\/\\\/www.bellunopress.it\\\/2019\\\/09\\\/14\\\/effetto-montagna-uomini-boschi-animali-mauro-corona-apre-la-rassegna-martedi-alla-libreria-tarantola\\\/\"},\"wordCount\":393,\"publisher\":{\"@id\":\"https:\\\/\\\/www.bellunopress.it\\\/#organization\"},\"image\":{\"@id\":\"https:\\\/\\\/www.bellunopress.it\\\/2019\\\/09\\\/14\\\/effetto-montagna-uomini-boschi-animali-mauro-corona-apre-la-rassegna-martedi-alla-libreria-tarantola\\\/#primaryimage\"},\"thumbnailUrl\":\"http:\\\/\\\/www.bellunopress.it\\\/wp-content\\\/uploads\\\/2017\\\/11\\\/mauro-corona.jpg\",\"articleSection\":[\"Appuntamenti, Eventi\",\"Arte, Cultura, Spettacoli, Scienza\"],\"inLanguage\":\"fr-FR\"},{\"@type\":\"WebPage\",\"@id\":\"https:\\\/\\\/www.bellunopress.it\\\/2019\\\/09\\\/14\\\/effetto-montagna-uomini-boschi-animali-mauro-corona-apre-la-rassegna-martedi-alla-libreria-tarantola\\\/\",\"url\":\"https:\\\/\\\/www.bellunopress.it\\\/2019\\\/09\\\/14\\\/effetto-montagna-uomini-boschi-animali-mauro-corona-apre-la-rassegna-martedi-alla-libreria-tarantola\\\/\",\"name\":\"Evento rinviato. Effetto Montagna. Uomini, Boschi, Animali. Mauro Corona apre la rassegna marted\u00ec alla Libreria Tarantola - Bellunopress - Dolomiti\",\"isPartOf\":{\"@id\":\"https:\\\/\\\/www.bellunopress.it\\\/#website\"},\"primaryImageOfPage\":{\"@id\":\"https:\\\/\\\/www.bellunopress.it\\\/2019\\\/09\\\/14\\\/effetto-montagna-uomini-boschi-animali-mauro-corona-apre-la-rassegna-martedi-alla-libreria-tarantola\\\/#primaryimage\"},\"image\":{\"@id\":\"https:\\\/\\\/www.bellunopress.it\\\/2019\\\/09\\\/14\\\/effetto-montagna-uomini-boschi-animali-mauro-corona-apre-la-rassegna-martedi-alla-libreria-tarantola\\\/#primaryimage\"},\"thumbnailUrl\":\"http:\\\/\\\/www.bellunopress.it\\\/wp-content\\\/uploads\\\/2017\\\/11\\\/mauro-corona.jpg\",\"datePublished\":\"2019-09-14T17:00:31+00:00\",\"dateModified\":\"2019-09-17T18:43:01+00:00\",\"breadcrumb\":{\"@id\":\"https:\\\/\\\/www.bellunopress.it\\\/2019\\\/09\\\/14\\\/effetto-montagna-uomini-boschi-animali-mauro-corona-apre-la-rassegna-martedi-alla-libreria-tarantola\\\/#breadcrumb\"},\"inLanguage\":\"fr-FR\",\"potentialAction\":[{\"@type\":\"ReadAction\",\"target\":[\"https:\\\/\\\/www.bellunopress.it\\\/2019\\\/09\\\/14\\\/effetto-montagna-uomini-boschi-animali-mauro-corona-apre-la-rassegna-martedi-alla-libreria-tarantola\\\/\"]}]},{\"@type\":\"ImageObject\",\"inLanguage\":\"fr-FR\",\"@id\":\"https:\\\/\\\/www.bellunopress.it\\\/2019\\\/09\\\/14\\\/effetto-montagna-uomini-boschi-animali-mauro-corona-apre-la-rassegna-martedi-alla-libreria-tarantola\\\/#primaryimage\",\"url\":\"http:\\\/\\\/www.bellunopress.it\\\/wp-content\\\/uploads\\\/2017\\\/11\\\/mauro-corona.jpg\",\"contentUrl\":\"http:\\\/\\\/www.bellunopress.it\\\/wp-content\\\/uploads\\\/2017\\\/11\\\/mauro-corona.jpg\"},{\"@type\":\"BreadcrumbList\",\"@id\":\"https:\\\/\\\/www.bellunopress.it\\\/2019\\\/09\\\/14\\\/effetto-montagna-uomini-boschi-animali-mauro-corona-apre-la-rassegna-martedi-alla-libreria-tarantola\\\/#breadcrumb\",\"itemListElement\":[{\"@type\":\"ListItem\",\"position\":1,\"name\":\"Home\",\"item\":\"https:\\\/\\\/www.bellunopress.it\\\/\"},{\"@type\":\"ListItem\",\"position\":2,\"name\":\"Evento rinviato. Effetto Montagna. Uomini, Boschi, Animali. Mauro Corona apre la rassegna marted\u00ec alla Libreria Tarantola\"}]},{\"@type\":\"WebSite\",\"@id\":\"https:\\\/\\\/www.bellunopress.it\\\/#website\",\"url\":\"https:\\\/\\\/www.bellunopress.it\\\/\",\"name\":\"Bellunopress - Dolomiti\",\"description\":\"e-mail: redazione@bellunopress.it\",\"publisher\":{\"@id\":\"https:\\\/\\\/www.bellunopress.it\\\/#organization\"},\"potentialAction\":[{\"@type\":\"SearchAction\",\"target\":{\"@type\":\"EntryPoint\",\"urlTemplate\":\"https:\\\/\\\/www.bellunopress.it\\\/?s={search_term_string}\"},\"query-input\":{\"@type\":\"PropertyValueSpecification\",\"valueRequired\":true,\"valueName\":\"search_term_string\"}}],\"inLanguage\":\"fr-FR\"},{\"@type\":\"Organization\",\"@id\":\"https:\\\/\\\/www.bellunopress.it\\\/#organization\",\"name\":\"Bellunopress\",\"url\":\"https:\\\/\\\/www.bellunopress.it\\\/\",\"logo\":{\"@type\":\"ImageObject\",\"inLanguage\":\"fr-FR\",\"@id\":\"https:\\\/\\\/www.bellunopress.it\\\/#\\\/schema\\\/logo\\\/image\\\/\",\"url\":\"https:\\\/\\\/www.bellunopress.it\\\/wp-content\\\/uploads\\\/2011\\\/05\\\/cropped-logo-bellunopress-.jpg\",\"contentUrl\":\"https:\\\/\\\/www.bellunopress.it\\\/wp-content\\\/uploads\\\/2011\\\/05\\\/cropped-logo-bellunopress-.jpg\",\"width\":512,\"height\":512,\"caption\":\"Bellunopress\"},\"image\":{\"@id\":\"https:\\\/\\\/www.bellunopress.it\\\/#\\\/schema\\\/logo\\\/image\\\/\"},\"sameAs\":[\"https:\\\/\\\/www.facebook.com\\\/profile.php?id=100008943462799\",\"https:\\\/\\\/x.com\\\/bellunopress\",\"https:\\\/\\\/www.linkedin.com\\\/hp\\\/?dnr=JBzUWaJfMUw8vbXJJ2tVW5-I3jZKvC4wsoxE&amp;amp;amp;amp;amp;amp;trk=nav_responsive_tab_home\",\"https:\\\/\\\/www.youtube.com\\\/channel\\\/UCxL0wu1uN0_3_7hGG0306cw\"]},{\"@type\":\"Person\",\"@id\":\"https:\\\/\\\/www.bellunopress.it\\\/#\\\/schema\\\/person\\\/79bb06722b37ece1c03d3e94beb30d73\",\"name\":\"redazione\",\"image\":{\"@type\":\"ImageObject\",\"inLanguage\":\"fr-FR\",\"@id\":\"https:\\\/\\\/secure.gravatar.com\\\/avatar\\\/37d968a2e67a6fd04c169c4bdef102d0bc5d31b2546345219e348575eb80e9a0?s=96&d=mm&r=g\",\"url\":\"https:\\\/\\\/secure.gravatar.com\\\/avatar\\\/37d968a2e67a6fd04c169c4bdef102d0bc5d31b2546345219e348575eb80e9a0?s=96&d=mm&r=g\",\"contentUrl\":\"https:\\\/\\\/secure.gravatar.com\\\/avatar\\\/37d968a2e67a6fd04c169c4bdef102d0bc5d31b2546345219e348575eb80e9a0?s=96&d=mm&r=g\",\"caption\":\"redazione\"},\"sameAs\":[\"http:\\\/\\\/www.bellunopress.it\",\"https:\\\/\\\/x.com\\\/bellunopress\"],\"url\":\"https:\\\/\\\/www.bellunopress.it\\\/fr\\\/author\\\/redazione\\\/\"}]}<\/script>\n<!-- \/ Yoast SEO plugin. -->","yoast_head_json":{"title":"Evento rinviato. Effetto Montagna. Uomini, Boschi, Animali. Mauro Corona apre la rassegna marted\u00ec alla Libreria Tarantola - Bellunopress - Dolomiti","robots":{"index":"index","follow":"follow","max-snippet":"max-snippet:-1","max-image-preview":"max-image-preview:large","max-video-preview":"max-video-preview:-1"},"canonical":"https:\/\/www.bellunopress.it\/fr\/2019\/09\/14\/effetto-montagna-uomini-boschi-animali-mauro-corona-apre-la-rassegna-martedi-alla-libreria-tarantola\/","og_locale":"fr_FR","og_type":"article","og_title":"Evento rinviato. Effetto Montagna. Uomini, Boschi, Animali. Mauro Corona apre la rassegna marted\u00ec alla Libreria Tarantola - Bellunopress - Dolomiti","og_description":"Evento rinviato &#8211; Marted\u00ec 17 settembre alle ore 18.30, la Libreria Tarantola ospiter\u00e0 nella sede di Belluno in via Psaro 13, il primo incontro della rassegna &#8220;Effetto Montagna. Uomini, Boschi, Animali.&#8221; Aprir\u00e0 la rassegna\u00a0 Mauro Corona, all&#8217;anagrafe Maurizio Corona nato a Baselga di Pin\u00e9, il 9 agosto 1950, \u00e8 uno scrittore, alpinista e scultore italiano. [&hellip;]","og_url":"https:\/\/www.bellunopress.it\/fr\/2019\/09\/14\/effetto-montagna-uomini-boschi-animali-mauro-corona-apre-la-rassegna-martedi-alla-libreria-tarantola\/","og_site_name":"Bellunopress - Dolomiti","article_publisher":"https:\/\/www.facebook.com\/profile.php?id=100008943462799","article_published_time":"2019-09-14T17:00:31+00:00","article_modified_time":"2019-09-17T18:43:01+00:00","og_image":[{"url":"http:\/\/www.bellunopress.it\/wp-content\/uploads\/2017\/11\/mauro-corona.jpg","type":"","width":"","height":""}],"author":"redazione","twitter_card":"summary_large_image","twitter_creator":"@bellunopress","twitter_site":"@bellunopress","twitter_misc":{"\u00c9crit par":"redazione","Dur\u00e9e de lecture estim\u00e9e":"2 minutes"},"schema":{"@context":"https:\/\/schema.org","@graph":[{"@type":"Article","@id":"https:\/\/www.bellunopress.it\/2019\/09\/14\/effetto-montagna-uomini-boschi-animali-mauro-corona-apre-la-rassegna-martedi-alla-libreria-tarantola\/#article","isPartOf":{"@id":"https:\/\/www.bellunopress.it\/2019\/09\/14\/effetto-montagna-uomini-boschi-animali-mauro-corona-apre-la-rassegna-martedi-alla-libreria-tarantola\/"},"author":{"name":"redazione","@id":"https:\/\/www.bellunopress.it\/#\/schema\/person\/79bb06722b37ece1c03d3e94beb30d73"},"headline":"Evento rinviato. Effetto Montagna. Uomini, Boschi, Animali. Mauro Corona apre la rassegna marted\u00ec alla Libreria Tarantola","datePublished":"2019-09-14T17:00:31+00:00","dateModified":"2019-09-17T18:43:01+00:00","mainEntityOfPage":{"@id":"https:\/\/www.bellunopress.it\/2019\/09\/14\/effetto-montagna-uomini-boschi-animali-mauro-corona-apre-la-rassegna-martedi-alla-libreria-tarantola\/"},"wordCount":393,"publisher":{"@id":"https:\/\/www.bellunopress.it\/#organization"},"image":{"@id":"https:\/\/www.bellunopress.it\/2019\/09\/14\/effetto-montagna-uomini-boschi-animali-mauro-corona-apre-la-rassegna-martedi-alla-libreria-tarantola\/#primaryimage"},"thumbnailUrl":"http:\/\/www.bellunopress.it\/wp-content\/uploads\/2017\/11\/mauro-corona.jpg","articleSection":["Appuntamenti, Eventi","Arte, Cultura, Spettacoli, Scienza"],"inLanguage":"fr-FR"},{"@type":"WebPage","@id":"https:\/\/www.bellunopress.it\/2019\/09\/14\/effetto-montagna-uomini-boschi-animali-mauro-corona-apre-la-rassegna-martedi-alla-libreria-tarantola\/","url":"https:\/\/www.bellunopress.it\/2019\/09\/14\/effetto-montagna-uomini-boschi-animali-mauro-corona-apre-la-rassegna-martedi-alla-libreria-tarantola\/","name":"Evento rinviato. Effetto Montagna. Uomini, Boschi, Animali. Mauro Corona apre la rassegna marted\u00ec alla Libreria Tarantola - Bellunopress - Dolomiti","isPartOf":{"@id":"https:\/\/www.bellunopress.it\/#website"},"primaryImageOfPage":{"@id":"https:\/\/www.bellunopress.it\/2019\/09\/14\/effetto-montagna-uomini-boschi-animali-mauro-corona-apre-la-rassegna-martedi-alla-libreria-tarantola\/#primaryimage"},"image":{"@id":"https:\/\/www.bellunopress.it\/2019\/09\/14\/effetto-montagna-uomini-boschi-animali-mauro-corona-apre-la-rassegna-martedi-alla-libreria-tarantola\/#primaryimage"},"thumbnailUrl":"http:\/\/www.bellunopress.it\/wp-content\/uploads\/2017\/11\/mauro-corona.jpg","datePublished":"2019-09-14T17:00:31+00:00","dateModified":"2019-09-17T18:43:01+00:00","breadcrumb":{"@id":"https:\/\/www.bellunopress.it\/2019\/09\/14\/effetto-montagna-uomini-boschi-animali-mauro-corona-apre-la-rassegna-martedi-alla-libreria-tarantola\/#breadcrumb"},"inLanguage":"fr-FR","potentialAction":[{"@type":"ReadAction","target":["https:\/\/www.bellunopress.it\/2019\/09\/14\/effetto-montagna-uomini-boschi-animali-mauro-corona-apre-la-rassegna-martedi-alla-libreria-tarantola\/"]}]},{"@type":"ImageObject","inLanguage":"fr-FR","@id":"https:\/\/www.bellunopress.it\/2019\/09\/14\/effetto-montagna-uomini-boschi-animali-mauro-corona-apre-la-rassegna-martedi-alla-libreria-tarantola\/#primaryimage","url":"http:\/\/www.bellunopress.it\/wp-content\/uploads\/2017\/11\/mauro-corona.jpg","contentUrl":"http:\/\/www.bellunopress.it\/wp-content\/uploads\/2017\/11\/mauro-corona.jpg"},{"@type":"BreadcrumbList","@id":"https:\/\/www.bellunopress.it\/2019\/09\/14\/effetto-montagna-uomini-boschi-animali-mauro-corona-apre-la-rassegna-martedi-alla-libreria-tarantola\/#breadcrumb","itemListElement":[{"@type":"ListItem","position":1,"name":"Home","item":"https:\/\/www.bellunopress.it\/"},{"@type":"ListItem","position":2,"name":"Evento rinviato. Effetto Montagna. Uomini, Boschi, Animali. Mauro Corona apre la rassegna marted\u00ec alla Libreria Tarantola"}]},{"@type":"WebSite","@id":"https:\/\/www.bellunopress.it\/#website","url":"https:\/\/www.bellunopress.it\/","name":"Bellunopress - Dolomiti","description":"e-mail: redazione@bellunopress.it","publisher":{"@id":"https:\/\/www.bellunopress.it\/#organization"},"potentialAction":[{"@type":"SearchAction","target":{"@type":"EntryPoint","urlTemplate":"https:\/\/www.bellunopress.it\/?s={search_term_string}"},"query-input":{"@type":"PropertyValueSpecification","valueRequired":true,"valueName":"search_term_string"}}],"inLanguage":"fr-FR"},{"@type":"Organization","@id":"https:\/\/www.bellunopress.it\/#organization","name":"Bellunopress","url":"https:\/\/www.bellunopress.it\/","logo":{"@type":"ImageObject","inLanguage":"fr-FR","@id":"https:\/\/www.bellunopress.it\/#\/schema\/logo\/image\/","url":"https:\/\/www.bellunopress.it\/wp-content\/uploads\/2011\/05\/cropped-logo-bellunopress-.jpg","contentUrl":"https:\/\/www.bellunopress.it\/wp-content\/uploads\/2011\/05\/cropped-logo-bellunopress-.jpg","width":512,"height":512,"caption":"Bellunopress"},"image":{"@id":"https:\/\/www.bellunopress.it\/#\/schema\/logo\/image\/"},"sameAs":["https:\/\/www.facebook.com\/profile.php?id=100008943462799","https:\/\/x.com\/bellunopress","https:\/\/www.linkedin.com\/hp\/?dnr=JBzUWaJfMUw8vbXJJ2tVW5-I3jZKvC4wsoxE&amp;amp;amp;amp;amp;amp;trk=nav_responsive_tab_home","https:\/\/www.youtube.com\/channel\/UCxL0wu1uN0_3_7hGG0306cw"]},{"@type":"Person","@id":"https:\/\/www.bellunopress.it\/#\/schema\/person\/79bb06722b37ece1c03d3e94beb30d73","name":"r\u00e9daction","image":{"@type":"ImageObject","inLanguage":"fr-FR","@id":"https:\/\/secure.gravatar.com\/avatar\/37d968a2e67a6fd04c169c4bdef102d0bc5d31b2546345219e348575eb80e9a0?s=96&d=mm&r=g","url":"https:\/\/secure.gravatar.com\/avatar\/37d968a2e67a6fd04c169c4bdef102d0bc5d31b2546345219e348575eb80e9a0?s=96&d=mm&r=g","contentUrl":"https:\/\/secure.gravatar.com\/avatar\/37d968a2e67a6fd04c169c4bdef102d0bc5d31b2546345219e348575eb80e9a0?s=96&d=mm&r=g","caption":"redazione"},"sameAs":["http:\/\/www.bellunopress.it","https:\/\/x.com\/bellunopress"],"url":"https:\/\/www.bellunopress.it\/fr\/author\/redazione\/"}]}},"_links":{"self":[{"href":"https:\/\/www.bellunopress.it\/fr\/wp-json\/wp\/v2\/posts\/107868","targetHints":{"allow":["GET"]}}],"collection":[{"href":"https:\/\/www.bellunopress.it\/fr\/wp-json\/wp\/v2\/posts"}],"about":[{"href":"https:\/\/www.bellunopress.it\/fr\/wp-json\/wp\/v2\/types\/post"}],"author":[{"embeddable":true,"href":"https:\/\/www.bellunopress.it\/fr\/wp-json\/wp\/v2\/users\/2"}],"replies":[{"embeddable":true,"href":"https:\/\/www.bellunopress.it\/fr\/wp-json\/wp\/v2\/comments?post=107868"}],"version-history":[{"count":2,"href":"https:\/\/www.bellunopress.it\/fr\/wp-json\/wp\/v2\/posts\/107868\/revisions"}],"predecessor-version":[{"id":107948,"href":"https:\/\/www.bellunopress.it\/fr\/wp-json\/wp\/v2\/posts\/107868\/revisions\/107948"}],"wp:attachment":[{"href":"https:\/\/www.bellunopress.it\/fr\/wp-json\/wp\/v2\/media?parent=107868"}],"wp:term":[{"taxonomy":"category","embeddable":true,"href":"https:\/\/www.bellunopress.it\/fr\/wp-json\/wp\/v2\/categories?post=107868"},{"taxonomy":"post_tag","embeddable":true,"href":"https:\/\/www.bellunopress.it\/fr\/wp-json\/wp\/v2\/tags?post=107868"}],"curies":[{"name":"wp","href":"https:\/\/api.w.org\/{rel}","templated":true}]}}