{"id":107825,"date":"2019-09-12T19:25:07","date_gmt":"2019-09-12T17:25:07","guid":{"rendered":"http:\/\/www.bellunopress.it\/?p=107825"},"modified":"2019-09-12T19:25:08","modified_gmt":"2019-09-12T17:25:08","slug":"incontro-sul-lupo-alle-ronce-massaro-provvedimenti-da-rivedere-comune-intermediario-tra-allevatori-e-regione","status":"publish","type":"post","link":"https:\/\/www.bellunopress.it\/fr\/2019\/09\/12\/incontro-sul-lupo-alle-ronce-massaro-provvedimenti-da-rivedere-comune-intermediario-tra-allevatori-e-regione\/","title":{"rendered":"Incontro sul lupo alle Ronce. Massaro: \u00abProvvedimenti da rivedere. Comune intermediario tra allevatori e Regione\u00bb"},"content":{"rendered":"<p><a href=\"http:\/\/www.bellunopress.it\/fr\/2019\/09\/12\/incontro-sul-lupo-alle-ronce-massaro-provvedimenti-da-rivedere-comune-intermediario-tra-allevatori-e-regione\/lupo-2\/\" rel=\"attachment wp-att-107826\"><img loading=\"lazy\" decoding=\"async\" class=\"alignleft size-full wp-image-107826\" src=\"http:\/\/www.bellunopress.it\/wp-content\/uploads\/2019\/09\/lupo.jpg\" alt=\"\" width=\"300\" height=\"217\" \/><\/a>Partecipato e affollato l&#8217;incontro di mercoled\u00ec sera organizzato dall&#8217;associazione Belluno Alpina alle Ronce sul tema del lupo: decine tra<br \/>\nresidenti e allevatori si sono confrontati con l&#8217;amministrazione per illustrare<br \/>\nla situazione, raccontare le problematiche e cercare possibili soluzioni.<\/p>\n<p>\u00ab\u00c8 stato certamente un confronto interessante, che ha portato alla luce<br \/>\nalcuni nodi cruciali: &#8211; evidenzia il sindaco di Belluno, Jacopo Massaro \u2013 ad esempio, in questi anni \u00e8 mancata una comunicazione e una preparazione all&#8217;arrivo, annunciato, del lupo nelle nostre zone. \u00c8 poi positivo che la Regione si sia attivata e stia ancora lavorando per contrastare le razzie di questi predatori, ma gli strumenti attualmente forniti non sembrano essere adatti alle necessit\u00e0 dei piccoli allevatori o degli allevatori di montagna, che portano il bestiame a pascolare su prati in pendenza. Ci siamo presi quindi l&#8217;impegno<br \/>\ndi contattare la Regione per far s\u00ec che le azioni in materia di gestione del<br \/>\nlupo non siano calate dall&#8217;alto dalle stanze veneziane, ma anzi siano il frutto<br \/>\ndelle richieste e delle osservazioni fatte da chi vive e conosce il territorio.<br \/>\nSe non difendiamo i nostri allevatori, professionisti o hobbisti che siano,<br \/>\nmancher\u00e0 quel servizio di manutenzione del territorio di montagna, senza il<br \/>\nquale l&#8217;unica conseguenza sar\u00e0 l&#8217;abbandono e lo spopolamento\u00bb.<\/p>\n<p>Presente all&#8217;incontro anche l&#8217;assessore alle politiche ambientali, Stefania<br \/>\nGanz, che ricorda come da inizio 2017 sia accertata la presenza in Visentin<br \/>\ndi un branco di lupi (inizialmente solo una coppia, a cui poi si sono aggiunti i<br \/>\ncuccioli) che spazia dall&#8217;area del Nevegal e delle Ronce fino a Valmorel e le<br \/>\nzone alte della Valbelluna: \u00abL&#8217;arrivo del lupo da un lato indica certo un<br \/>\naumento della biodiversit\u00e0 animale, ma dall&#8217;altro rischia di provocare<br \/>\nl&#8217;abbandono delle terre, con una conseguente riduzione della biodiversit\u00e0<br \/>\nvegetale. Serve individuare presto le strategie necessarie per consentire<br \/>\nalle persone di vivere nelle terre alte del nostro comune, tutelando quel<br \/>\nbestiame che consente la cura del territorio, necessaria per la sicurezza e<br \/>\nper l&#8217;attrattivit\u00e0 turistica. &#8211; commenta \u2013 Questo non \u00e8 un problema che tocca\u200b<br \/>\nsolo gli allevatori di professione, per i quali la predazione comporta una<br \/>\ngrossa perdita di reddito con la perdita dell&#8217;animale e degli introiti dalla<br \/>\nvendita di latte o carne, ma anche di quegli hobbisti che tengono animali<br \/>\ncome asini o capre per la semplice pulizia dei prati e dei boschi; in questi<br \/>\ncasi, \u00e8 pi\u00f9 difficile installare le necessarie protezioni e adottare strategie di<br \/>\nconvivenza con il lupo\u00bb.<\/p>","protected":false},"excerpt":{"rendered":"<p>Partecipato e affollato l&#8217;incontro di mercoled\u00ec sera organizzato dall&#8217;associazione Belluno Alpina alle Ronce sul tema del lupo: decine tra residenti e allevatori si sono confrontati con l&#8217;amministrazione per illustrare la situazione, raccontare le problematiche e cercare possibili soluzioni. \u00ab\u00c8 stato certamente un confronto interessante, che ha portato alla luce alcuni nodi cruciali: &#8211; evidenzia il [&hellip;]<\/p>\n","protected":false},"author":2,"featured_media":0,"comment_status":"closed","ping_status":"open","sticky":false,"template":"","format":"standard","meta":{"footnotes":""},"categories":[26,8],"tags":[],"class_list":["post-107825","post","type-post","status-publish","format-standard","category-prima-pagina","category-societa-istituzioni"],"yoast_head":"<!-- This site is optimized with the Yoast SEO plugin v28.4 - https:\/\/yoast.com\/product\/yoast-seo-wordpress\/ -->\n<title>Incontro sul lupo alle Ronce. Massaro: \u00abProvvedimenti da rivedere. Comune intermediario tra allevatori e Regione\u00bb - Bellunopress - Dolomiti<\/title>\n<meta name=\"robots\" content=\"index, follow, max-snippet:-1, max-image-preview:large, max-video-preview:-1\" \/>\n<link rel=\"canonical\" href=\"https:\/\/www.bellunopress.it\/fr\/2019\/09\/12\/incontro-sul-lupo-alle-ronce-massaro-provvedimenti-da-rivedere-comune-intermediario-tra-allevatori-e-regione\/\" \/>\n<meta property=\"og:locale\" content=\"fr_FR\" \/>\n<meta property=\"og:type\" content=\"article\" \/>\n<meta property=\"og:title\" content=\"Incontro sul lupo alle Ronce. Massaro: \u00abProvvedimenti da rivedere. Comune intermediario tra allevatori e Regione\u00bb - Bellunopress - Dolomiti\" \/>\n<meta property=\"og:description\" content=\"Partecipato e affollato l&#8217;incontro di mercoled\u00ec sera organizzato dall&#8217;associazione Belluno Alpina alle Ronce sul tema del lupo: decine tra residenti e allevatori si sono confrontati con l&#8217;amministrazione per illustrare la situazione, raccontare le problematiche e cercare possibili soluzioni. \u00ab\u00c8 stato certamente un confronto interessante, che ha portato alla luce alcuni nodi cruciali: &#8211; evidenzia il [&hellip;]\" \/>\n<meta property=\"og:url\" content=\"https:\/\/www.bellunopress.it\/fr\/2019\/09\/12\/incontro-sul-lupo-alle-ronce-massaro-provvedimenti-da-rivedere-comune-intermediario-tra-allevatori-e-regione\/\" \/>\n<meta property=\"og:site_name\" content=\"Bellunopress - Dolomiti\" \/>\n<meta property=\"article:publisher\" content=\"https:\/\/www.facebook.com\/profile.php?id=100008943462799\" \/>\n<meta property=\"article:published_time\" content=\"2019-09-12T17:25:07+00:00\" \/>\n<meta property=\"article:modified_time\" content=\"2019-09-12T17:25:08+00:00\" \/>\n<meta property=\"og:image\" content=\"http:\/\/www.bellunopress.it\/wp-content\/uploads\/2019\/09\/lupo.jpg\" \/>\n<meta name=\"author\" content=\"redazione\" \/>\n<meta name=\"twitter:card\" content=\"summary_large_image\" \/>\n<meta name=\"twitter:creator\" content=\"@bellunopress\" \/>\n<meta name=\"twitter:site\" content=\"@bellunopress\" \/>\n<meta name=\"twitter:label1\" content=\"\u00c9crit par\" \/>\n\t<meta name=\"twitter:data1\" content=\"redazione\" \/>\n\t<meta name=\"twitter:label2\" content=\"Dur\u00e9e de lecture estim\u00e9e\" \/>\n\t<meta name=\"twitter:data2\" content=\"2 minutes\" \/>\n<script type=\"application\/ld+json\" class=\"yoast-schema-graph\">{\"@context\":\"https:\\\/\\\/schema.org\",\"@graph\":[{\"@type\":\"Article\",\"@id\":\"https:\\\/\\\/www.bellunopress.it\\\/2019\\\/09\\\/12\\\/incontro-sul-lupo-alle-ronce-massaro-provvedimenti-da-rivedere-comune-intermediario-tra-allevatori-e-regione\\\/#article\",\"isPartOf\":{\"@id\":\"https:\\\/\\\/www.bellunopress.it\\\/2019\\\/09\\\/12\\\/incontro-sul-lupo-alle-ronce-massaro-provvedimenti-da-rivedere-comune-intermediario-tra-allevatori-e-regione\\\/\"},\"author\":{\"name\":\"redazione\",\"@id\":\"https:\\\/\\\/www.bellunopress.it\\\/#\\\/schema\\\/person\\\/79bb06722b37ece1c03d3e94beb30d73\"},\"headline\":\"Incontro sul lupo alle Ronce. Massaro: \u00abProvvedimenti da rivedere. Comune intermediario tra allevatori e Regione\u00bb\",\"datePublished\":\"2019-09-12T17:25:07+00:00\",\"dateModified\":\"2019-09-12T17:25:08+00:00\",\"mainEntityOfPage\":{\"@id\":\"https:\\\/\\\/www.bellunopress.it\\\/2019\\\/09\\\/12\\\/incontro-sul-lupo-alle-ronce-massaro-provvedimenti-da-rivedere-comune-intermediario-tra-allevatori-e-regione\\\/\"},\"wordCount\":424,\"publisher\":{\"@id\":\"https:\\\/\\\/www.bellunopress.it\\\/#organization\"},\"image\":{\"@id\":\"https:\\\/\\\/www.bellunopress.it\\\/2019\\\/09\\\/12\\\/incontro-sul-lupo-alle-ronce-massaro-provvedimenti-da-rivedere-comune-intermediario-tra-allevatori-e-regione\\\/#primaryimage\"},\"thumbnailUrl\":\"http:\\\/\\\/www.bellunopress.it\\\/wp-content\\\/uploads\\\/2019\\\/09\\\/lupo.jpg\",\"articleSection\":[\"Prima Pagina\",\"Societ\u00e0, Associazioni, Istituzioni\"],\"inLanguage\":\"fr-FR\"},{\"@type\":\"WebPage\",\"@id\":\"https:\\\/\\\/www.bellunopress.it\\\/2019\\\/09\\\/12\\\/incontro-sul-lupo-alle-ronce-massaro-provvedimenti-da-rivedere-comune-intermediario-tra-allevatori-e-regione\\\/\",\"url\":\"https:\\\/\\\/www.bellunopress.it\\\/2019\\\/09\\\/12\\\/incontro-sul-lupo-alle-ronce-massaro-provvedimenti-da-rivedere-comune-intermediario-tra-allevatori-e-regione\\\/\",\"name\":\"Incontro sul lupo alle Ronce. Massaro: \u00abProvvedimenti da rivedere. Comune intermediario tra allevatori e Regione\u00bb - Bellunopress - Dolomiti\",\"isPartOf\":{\"@id\":\"https:\\\/\\\/www.bellunopress.it\\\/#website\"},\"primaryImageOfPage\":{\"@id\":\"https:\\\/\\\/www.bellunopress.it\\\/2019\\\/09\\\/12\\\/incontro-sul-lupo-alle-ronce-massaro-provvedimenti-da-rivedere-comune-intermediario-tra-allevatori-e-regione\\\/#primaryimage\"},\"image\":{\"@id\":\"https:\\\/\\\/www.bellunopress.it\\\/2019\\\/09\\\/12\\\/incontro-sul-lupo-alle-ronce-massaro-provvedimenti-da-rivedere-comune-intermediario-tra-allevatori-e-regione\\\/#primaryimage\"},\"thumbnailUrl\":\"http:\\\/\\\/www.bellunopress.it\\\/wp-content\\\/uploads\\\/2019\\\/09\\\/lupo.jpg\",\"datePublished\":\"2019-09-12T17:25:07+00:00\",\"dateModified\":\"2019-09-12T17:25:08+00:00\",\"breadcrumb\":{\"@id\":\"https:\\\/\\\/www.bellunopress.it\\\/2019\\\/09\\\/12\\\/incontro-sul-lupo-alle-ronce-massaro-provvedimenti-da-rivedere-comune-intermediario-tra-allevatori-e-regione\\\/#breadcrumb\"},\"inLanguage\":\"fr-FR\",\"potentialAction\":[{\"@type\":\"ReadAction\",\"target\":[\"https:\\\/\\\/www.bellunopress.it\\\/2019\\\/09\\\/12\\\/incontro-sul-lupo-alle-ronce-massaro-provvedimenti-da-rivedere-comune-intermediario-tra-allevatori-e-regione\\\/\"]}]},{\"@type\":\"ImageObject\",\"inLanguage\":\"fr-FR\",\"@id\":\"https:\\\/\\\/www.bellunopress.it\\\/2019\\\/09\\\/12\\\/incontro-sul-lupo-alle-ronce-massaro-provvedimenti-da-rivedere-comune-intermediario-tra-allevatori-e-regione\\\/#primaryimage\",\"url\":\"http:\\\/\\\/www.bellunopress.it\\\/wp-content\\\/uploads\\\/2019\\\/09\\\/lupo.jpg\",\"contentUrl\":\"http:\\\/\\\/www.bellunopress.it\\\/wp-content\\\/uploads\\\/2019\\\/09\\\/lupo.jpg\"},{\"@type\":\"BreadcrumbList\",\"@id\":\"https:\\\/\\\/www.bellunopress.it\\\/2019\\\/09\\\/12\\\/incontro-sul-lupo-alle-ronce-massaro-provvedimenti-da-rivedere-comune-intermediario-tra-allevatori-e-regione\\\/#breadcrumb\",\"itemListElement\":[{\"@type\":\"ListItem\",\"position\":1,\"name\":\"Home\",\"item\":\"https:\\\/\\\/www.bellunopress.it\\\/\"},{\"@type\":\"ListItem\",\"position\":2,\"name\":\"Incontro sul lupo alle Ronce. Massaro: \u00abProvvedimenti da rivedere. Comune intermediario tra allevatori e Regione\u00bb\"}]},{\"@type\":\"WebSite\",\"@id\":\"https:\\\/\\\/www.bellunopress.it\\\/#website\",\"url\":\"https:\\\/\\\/www.bellunopress.it\\\/\",\"name\":\"Bellunopress - Dolomiti\",\"description\":\"e-mail: redazione@bellunopress.it\",\"publisher\":{\"@id\":\"https:\\\/\\\/www.bellunopress.it\\\/#organization\"},\"potentialAction\":[{\"@type\":\"SearchAction\",\"target\":{\"@type\":\"EntryPoint\",\"urlTemplate\":\"https:\\\/\\\/www.bellunopress.it\\\/?s={search_term_string}\"},\"query-input\":{\"@type\":\"PropertyValueSpecification\",\"valueRequired\":true,\"valueName\":\"search_term_string\"}}],\"inLanguage\":\"fr-FR\"},{\"@type\":\"Organization\",\"@id\":\"https:\\\/\\\/www.bellunopress.it\\\/#organization\",\"name\":\"Bellunopress\",\"url\":\"https:\\\/\\\/www.bellunopress.it\\\/\",\"logo\":{\"@type\":\"ImageObject\",\"inLanguage\":\"fr-FR\",\"@id\":\"https:\\\/\\\/www.bellunopress.it\\\/#\\\/schema\\\/logo\\\/image\\\/\",\"url\":\"https:\\\/\\\/www.bellunopress.it\\\/wp-content\\\/uploads\\\/2011\\\/05\\\/cropped-logo-bellunopress-.jpg\",\"contentUrl\":\"https:\\\/\\\/www.bellunopress.it\\\/wp-content\\\/uploads\\\/2011\\\/05\\\/cropped-logo-bellunopress-.jpg\",\"width\":512,\"height\":512,\"caption\":\"Bellunopress\"},\"image\":{\"@id\":\"https:\\\/\\\/www.bellunopress.it\\\/#\\\/schema\\\/logo\\\/image\\\/\"},\"sameAs\":[\"https:\\\/\\\/www.facebook.com\\\/profile.php?id=100008943462799\",\"https:\\\/\\\/x.com\\\/bellunopress\",\"https:\\\/\\\/www.linkedin.com\\\/hp\\\/?dnr=JBzUWaJfMUw8vbXJJ2tVW5-I3jZKvC4wsoxE&amp;amp;amp;amp;amp;amp;trk=nav_responsive_tab_home\",\"https:\\\/\\\/www.youtube.com\\\/channel\\\/UCxL0wu1uN0_3_7hGG0306cw\"]},{\"@type\":\"Person\",\"@id\":\"https:\\\/\\\/www.bellunopress.it\\\/#\\\/schema\\\/person\\\/79bb06722b37ece1c03d3e94beb30d73\",\"name\":\"redazione\",\"image\":{\"@type\":\"ImageObject\",\"inLanguage\":\"fr-FR\",\"@id\":\"https:\\\/\\\/secure.gravatar.com\\\/avatar\\\/37d968a2e67a6fd04c169c4bdef102d0bc5d31b2546345219e348575eb80e9a0?s=96&d=mm&r=g\",\"url\":\"https:\\\/\\\/secure.gravatar.com\\\/avatar\\\/37d968a2e67a6fd04c169c4bdef102d0bc5d31b2546345219e348575eb80e9a0?s=96&d=mm&r=g\",\"contentUrl\":\"https:\\\/\\\/secure.gravatar.com\\\/avatar\\\/37d968a2e67a6fd04c169c4bdef102d0bc5d31b2546345219e348575eb80e9a0?s=96&d=mm&r=g\",\"caption\":\"redazione\"},\"sameAs\":[\"http:\\\/\\\/www.bellunopress.it\",\"https:\\\/\\\/x.com\\\/bellunopress\"],\"url\":\"https:\\\/\\\/www.bellunopress.it\\\/fr\\\/author\\\/redazione\\\/\"}]}<\/script>\n<!-- \/ Yoast SEO plugin. -->","yoast_head_json":{"title":"Incontro sul lupo alle Ronce. Massaro: \u00abProvvedimenti da rivedere. Comune intermediario tra allevatori e Regione\u00bb - Bellunopress - Dolomiti","robots":{"index":"index","follow":"follow","max-snippet":"max-snippet:-1","max-image-preview":"max-image-preview:large","max-video-preview":"max-video-preview:-1"},"canonical":"https:\/\/www.bellunopress.it\/fr\/2019\/09\/12\/incontro-sul-lupo-alle-ronce-massaro-provvedimenti-da-rivedere-comune-intermediario-tra-allevatori-e-regione\/","og_locale":"fr_FR","og_type":"article","og_title":"Incontro sul lupo alle Ronce. Massaro: \u00abProvvedimenti da rivedere. Comune intermediario tra allevatori e Regione\u00bb - Bellunopress - Dolomiti","og_description":"Partecipato e affollato l&#8217;incontro di mercoled\u00ec sera organizzato dall&#8217;associazione Belluno Alpina alle Ronce sul tema del lupo: decine tra residenti e allevatori si sono confrontati con l&#8217;amministrazione per illustrare la situazione, raccontare le problematiche e cercare possibili soluzioni. \u00ab\u00c8 stato certamente un confronto interessante, che ha portato alla luce alcuni nodi cruciali: &#8211; evidenzia il [&hellip;]","og_url":"https:\/\/www.bellunopress.it\/fr\/2019\/09\/12\/incontro-sul-lupo-alle-ronce-massaro-provvedimenti-da-rivedere-comune-intermediario-tra-allevatori-e-regione\/","og_site_name":"Bellunopress - Dolomiti","article_publisher":"https:\/\/www.facebook.com\/profile.php?id=100008943462799","article_published_time":"2019-09-12T17:25:07+00:00","article_modified_time":"2019-09-12T17:25:08+00:00","og_image":[{"url":"http:\/\/www.bellunopress.it\/wp-content\/uploads\/2019\/09\/lupo.jpg","type":"","width":"","height":""}],"author":"redazione","twitter_card":"summary_large_image","twitter_creator":"@bellunopress","twitter_site":"@bellunopress","twitter_misc":{"\u00c9crit par":"redazione","Dur\u00e9e de lecture estim\u00e9e":"2 minutes"},"schema":{"@context":"https:\/\/schema.org","@graph":[{"@type":"Article","@id":"https:\/\/www.bellunopress.it\/2019\/09\/12\/incontro-sul-lupo-alle-ronce-massaro-provvedimenti-da-rivedere-comune-intermediario-tra-allevatori-e-regione\/#article","isPartOf":{"@id":"https:\/\/www.bellunopress.it\/2019\/09\/12\/incontro-sul-lupo-alle-ronce-massaro-provvedimenti-da-rivedere-comune-intermediario-tra-allevatori-e-regione\/"},"author":{"name":"redazione","@id":"https:\/\/www.bellunopress.it\/#\/schema\/person\/79bb06722b37ece1c03d3e94beb30d73"},"headline":"Incontro sul lupo alle Ronce. Massaro: \u00abProvvedimenti da rivedere. Comune intermediario tra allevatori e Regione\u00bb","datePublished":"2019-09-12T17:25:07+00:00","dateModified":"2019-09-12T17:25:08+00:00","mainEntityOfPage":{"@id":"https:\/\/www.bellunopress.it\/2019\/09\/12\/incontro-sul-lupo-alle-ronce-massaro-provvedimenti-da-rivedere-comune-intermediario-tra-allevatori-e-regione\/"},"wordCount":424,"publisher":{"@id":"https:\/\/www.bellunopress.it\/#organization"},"image":{"@id":"https:\/\/www.bellunopress.it\/2019\/09\/12\/incontro-sul-lupo-alle-ronce-massaro-provvedimenti-da-rivedere-comune-intermediario-tra-allevatori-e-regione\/#primaryimage"},"thumbnailUrl":"http:\/\/www.bellunopress.it\/wp-content\/uploads\/2019\/09\/lupo.jpg","articleSection":["Prima Pagina","Societ\u00e0, Associazioni, Istituzioni"],"inLanguage":"fr-FR"},{"@type":"WebPage","@id":"https:\/\/www.bellunopress.it\/2019\/09\/12\/incontro-sul-lupo-alle-ronce-massaro-provvedimenti-da-rivedere-comune-intermediario-tra-allevatori-e-regione\/","url":"https:\/\/www.bellunopress.it\/2019\/09\/12\/incontro-sul-lupo-alle-ronce-massaro-provvedimenti-da-rivedere-comune-intermediario-tra-allevatori-e-regione\/","name":"Incontro sul lupo alle Ronce. Massaro: \u00abProvvedimenti da rivedere. Comune intermediario tra allevatori e Regione\u00bb - Bellunopress - Dolomiti","isPartOf":{"@id":"https:\/\/www.bellunopress.it\/#website"},"primaryImageOfPage":{"@id":"https:\/\/www.bellunopress.it\/2019\/09\/12\/incontro-sul-lupo-alle-ronce-massaro-provvedimenti-da-rivedere-comune-intermediario-tra-allevatori-e-regione\/#primaryimage"},"image":{"@id":"https:\/\/www.bellunopress.it\/2019\/09\/12\/incontro-sul-lupo-alle-ronce-massaro-provvedimenti-da-rivedere-comune-intermediario-tra-allevatori-e-regione\/#primaryimage"},"thumbnailUrl":"http:\/\/www.bellunopress.it\/wp-content\/uploads\/2019\/09\/lupo.jpg","datePublished":"2019-09-12T17:25:07+00:00","dateModified":"2019-09-12T17:25:08+00:00","breadcrumb":{"@id":"https:\/\/www.bellunopress.it\/2019\/09\/12\/incontro-sul-lupo-alle-ronce-massaro-provvedimenti-da-rivedere-comune-intermediario-tra-allevatori-e-regione\/#breadcrumb"},"inLanguage":"fr-FR","potentialAction":[{"@type":"ReadAction","target":["https:\/\/www.bellunopress.it\/2019\/09\/12\/incontro-sul-lupo-alle-ronce-massaro-provvedimenti-da-rivedere-comune-intermediario-tra-allevatori-e-regione\/"]}]},{"@type":"ImageObject","inLanguage":"fr-FR","@id":"https:\/\/www.bellunopress.it\/2019\/09\/12\/incontro-sul-lupo-alle-ronce-massaro-provvedimenti-da-rivedere-comune-intermediario-tra-allevatori-e-regione\/#primaryimage","url":"http:\/\/www.bellunopress.it\/wp-content\/uploads\/2019\/09\/lupo.jpg","contentUrl":"http:\/\/www.bellunopress.it\/wp-content\/uploads\/2019\/09\/lupo.jpg"},{"@type":"BreadcrumbList","@id":"https:\/\/www.bellunopress.it\/2019\/09\/12\/incontro-sul-lupo-alle-ronce-massaro-provvedimenti-da-rivedere-comune-intermediario-tra-allevatori-e-regione\/#breadcrumb","itemListElement":[{"@type":"ListItem","position":1,"name":"Home","item":"https:\/\/www.bellunopress.it\/"},{"@type":"ListItem","position":2,"name":"Incontro sul lupo alle Ronce. Massaro: \u00abProvvedimenti da rivedere. Comune intermediario tra allevatori e Regione\u00bb"}]},{"@type":"WebSite","@id":"https:\/\/www.bellunopress.it\/#website","url":"https:\/\/www.bellunopress.it\/","name":"Bellunopress - Dolomiti","description":"e-mail: redazione@bellunopress.it","publisher":{"@id":"https:\/\/www.bellunopress.it\/#organization"},"potentialAction":[{"@type":"SearchAction","target":{"@type":"EntryPoint","urlTemplate":"https:\/\/www.bellunopress.it\/?s={search_term_string}"},"query-input":{"@type":"PropertyValueSpecification","valueRequired":true,"valueName":"search_term_string"}}],"inLanguage":"fr-FR"},{"@type":"Organization","@id":"https:\/\/www.bellunopress.it\/#organization","name":"Bellunopress","url":"https:\/\/www.bellunopress.it\/","logo":{"@type":"ImageObject","inLanguage":"fr-FR","@id":"https:\/\/www.bellunopress.it\/#\/schema\/logo\/image\/","url":"https:\/\/www.bellunopress.it\/wp-content\/uploads\/2011\/05\/cropped-logo-bellunopress-.jpg","contentUrl":"https:\/\/www.bellunopress.it\/wp-content\/uploads\/2011\/05\/cropped-logo-bellunopress-.jpg","width":512,"height":512,"caption":"Bellunopress"},"image":{"@id":"https:\/\/www.bellunopress.it\/#\/schema\/logo\/image\/"},"sameAs":["https:\/\/www.facebook.com\/profile.php?id=100008943462799","https:\/\/x.com\/bellunopress","https:\/\/www.linkedin.com\/hp\/?dnr=JBzUWaJfMUw8vbXJJ2tVW5-I3jZKvC4wsoxE&amp;amp;amp;amp;amp;amp;trk=nav_responsive_tab_home","https:\/\/www.youtube.com\/channel\/UCxL0wu1uN0_3_7hGG0306cw"]},{"@type":"Person","@id":"https:\/\/www.bellunopress.it\/#\/schema\/person\/79bb06722b37ece1c03d3e94beb30d73","name":"r\u00e9daction","image":{"@type":"ImageObject","inLanguage":"fr-FR","@id":"https:\/\/secure.gravatar.com\/avatar\/37d968a2e67a6fd04c169c4bdef102d0bc5d31b2546345219e348575eb80e9a0?s=96&d=mm&r=g","url":"https:\/\/secure.gravatar.com\/avatar\/37d968a2e67a6fd04c169c4bdef102d0bc5d31b2546345219e348575eb80e9a0?s=96&d=mm&r=g","contentUrl":"https:\/\/secure.gravatar.com\/avatar\/37d968a2e67a6fd04c169c4bdef102d0bc5d31b2546345219e348575eb80e9a0?s=96&d=mm&r=g","caption":"redazione"},"sameAs":["http:\/\/www.bellunopress.it","https:\/\/x.com\/bellunopress"],"url":"https:\/\/www.bellunopress.it\/fr\/author\/redazione\/"}]}},"_links":{"self":[{"href":"https:\/\/www.bellunopress.it\/fr\/wp-json\/wp\/v2\/posts\/107825","targetHints":{"allow":["GET"]}}],"collection":[{"href":"https:\/\/www.bellunopress.it\/fr\/wp-json\/wp\/v2\/posts"}],"about":[{"href":"https:\/\/www.bellunopress.it\/fr\/wp-json\/wp\/v2\/types\/post"}],"author":[{"embeddable":true,"href":"https:\/\/www.bellunopress.it\/fr\/wp-json\/wp\/v2\/users\/2"}],"replies":[{"embeddable":true,"href":"https:\/\/www.bellunopress.it\/fr\/wp-json\/wp\/v2\/comments?post=107825"}],"version-history":[{"count":2,"href":"https:\/\/www.bellunopress.it\/fr\/wp-json\/wp\/v2\/posts\/107825\/revisions"}],"predecessor-version":[{"id":107828,"href":"https:\/\/www.bellunopress.it\/fr\/wp-json\/wp\/v2\/posts\/107825\/revisions\/107828"}],"wp:attachment":[{"href":"https:\/\/www.bellunopress.it\/fr\/wp-json\/wp\/v2\/media?parent=107825"}],"wp:term":[{"taxonomy":"category","embeddable":true,"href":"https:\/\/www.bellunopress.it\/fr\/wp-json\/wp\/v2\/categories?post=107825"},{"taxonomy":"post_tag","embeddable":true,"href":"https:\/\/www.bellunopress.it\/fr\/wp-json\/wp\/v2\/tags?post=107825"}],"curies":[{"name":"wp","href":"https:\/\/api.w.org\/{rel}","templated":true}]}}