{"id":107823,"date":"2019-09-12T18:47:46","date_gmt":"2019-09-12T16:47:46","guid":{"rendered":"http:\/\/www.bellunopress.it\/?p=107823"},"modified":"2019-09-13T22:19:31","modified_gmt":"2019-09-13T20:19:31","slug":"fiera-e-festival-delle-foreste-di-longarone-sara-il-m-inistro-dinca-a-tagliare-il-nastro-delledizione-dedicata-a-vaia","status":"publish","type":"post","link":"https:\/\/www.bellunopress.it\/fr\/2019\/09\/12\/fiera-e-festival-delle-foreste-di-longarone-sara-il-m-inistro-dinca-a-tagliare-il-nastro-delledizione-dedicata-a-vaia\/","title":{"rendered":"Fiera e Festival delle Foreste di Longarone: sar\u00e0 il ministro D&#8217;Inc\u00e0 a tagliare il nastro dell&#8217;edizione dedicata a Vaia"},"content":{"rendered":"<p><a href=\"http:\/\/www.bellunopress.it\/fr\/2011\/10\/30\/longarone-fiere-grande-pubblico-domenica-per-la-seconda-giornata-di-arredamont-lunedi-riapre-dalle-15-alle-20\/longarone-fiere-280x210\/\" rel=\"attachment wp-att-31960\"><img loading=\"lazy\" decoding=\"async\" class=\"alignleft size-full wp-image-31960\" src=\"http:\/\/www.bellunopress.it\/wp-content\/uploads\/2011\/10\/longarone-fiere-280x210.jpg\" alt=\"\" width=\"280\" height=\"210\" \/><\/a>Sar\u00e0 il ministro per i rapporti con il parlamento Federico D\u2019Inc\u00e0, primo ministro bellunese nella storia della Repubblica, a tagliare il nastro sabato 14 alle 10.00 della prima \u201cFiera &amp; Festival delle Foreste\u201d presso Longarone Fiere.<\/p>\n<p>Presentata ufficialmente ieri presso il palazzo della Provincia di Belluno alla presenza del presidente della Provincia Roberto Padrin, del presidente della Fiera di Longarone Gian Angelo Bellati e del direttore artistico Franco Fonzo la Fiera &amp; Festival delle Foreste \u00e8 una novit\u00e0 assoluta. \u00ab\u00c8 un evento di estremo interesse e di attualit\u00e0 a quasi un anno di quanto accaduto con la tragedia di Vaia \u2013 ha esordito Padrin \u2013 e sar\u00e0 un modo anche di fare il punto della situazione con tutti gli enti preposti e coinvolti visto che Vaia ha colpito anche la zona dell\u2019Altopiano di Asiago\u00bb. Bellati ha continuato: \u00abQuesta Fiera grazie a incontri, workshop e arte metter\u00e0 in evidenza la problematica del cambiamento climatico, problematica che vorremmo portare anche a livello europeo. L\u2019altro aspetto fondamentale collegato all\u2019ambiente e lo sviluppo dell\u2019ambiente montano che approfondiremo \u00e8 l\u2019analisi dell\u2019esenzione fiscale per creare condizioni paritarie tra economia montana e di pianura. La Fiera di Longarone \u00e8 la prima in assoluto ad ospitare questo evento dove incontri e convegni vedranno partecipare municipalit\u00e0, comuni, professori universitari ed esperti in materia. Saranno presenti anche moltissimi espositori sia nel campo della filiera legno che dipartimento delle politiche montane per programmare l\u2019edizione del prossimo anno e renderla internazionale. L\u2019entrata \u00e8 gratuita\u00bb. A chiudere Fonzo. \u00abAnche l\u2019aspetto della cultura e dell\u2019arte ha la sua importanza e svolge un ruolo fondamentale. Dallo sradicamento alla lavorazione il legno \u00e8 storia e cultura. Per questo avremo mostre di scultura. Un nome su tutti Murer che ha realizzato due panchine che saranno esposte fuori. Poi tre mostre fotografiche. Una dimostrazione di come una Fiera di questo tipo non avr\u00e0 mai fine\u00bb<\/p>","protected":false},"excerpt":{"rendered":"<p>Sar\u00e0 il ministro per i rapporti con il parlamento Federico D\u2019Inc\u00e0, primo ministro bellunese nella storia della Repubblica, a tagliare il nastro sabato 14 alle 10.00 della prima \u201cFiera &amp; Festival delle Foreste\u201d presso Longarone Fiere. Presentata ufficialmente ieri presso il palazzo della Provincia di Belluno alla presenza del presidente della Provincia Roberto Padrin, del [&hellip;]<\/p>\n","protected":false},"author":2,"featured_media":0,"comment_status":"closed","ping_status":"open","sticky":false,"template":"","format":"standard","meta":{"footnotes":""},"categories":[27,36,26],"tags":[],"class_list":["post-107823","post","type-post","status-publish","format-standard","category-appuntamenti","category-lavoro-economia","category-prima-pagina"],"yoast_head":"<!-- This site is optimized with the Yoast SEO plugin v28.4 - https:\/\/yoast.com\/product\/yoast-seo-wordpress\/ -->\n<title>Fiera e Festival delle Foreste di Longarone: sar\u00e0 il ministro D&#039;Inc\u00e0 a tagliare il nastro dell&#039;edizione dedicata a Vaia - Bellunopress - Dolomiti<\/title>\n<meta name=\"robots\" content=\"index, follow, max-snippet:-1, max-image-preview:large, max-video-preview:-1\" \/>\n<link rel=\"canonical\" href=\"https:\/\/www.bellunopress.it\/fr\/2019\/09\/12\/fiera-e-festival-delle-foreste-di-longarone-sara-il-m-inistro-dinca-a-tagliare-il-nastro-delledizione-dedicata-a-vaia\/\" \/>\n<meta property=\"og:locale\" content=\"fr_FR\" \/>\n<meta property=\"og:type\" content=\"article\" \/>\n<meta property=\"og:title\" content=\"Fiera e Festival delle Foreste di Longarone: sar\u00e0 il ministro D&#039;Inc\u00e0 a tagliare il nastro dell&#039;edizione dedicata a Vaia - Bellunopress - Dolomiti\" \/>\n<meta property=\"og:description\" content=\"Sar\u00e0 il ministro per i rapporti con il parlamento Federico D\u2019Inc\u00e0, primo ministro bellunese nella storia della Repubblica, a tagliare il nastro sabato 14 alle 10.00 della prima \u201cFiera &amp; Festival delle Foreste\u201d presso Longarone Fiere. Presentata ufficialmente ieri presso il palazzo della Provincia di Belluno alla presenza del presidente della Provincia Roberto Padrin, del [&hellip;]\" \/>\n<meta property=\"og:url\" content=\"https:\/\/www.bellunopress.it\/fr\/2019\/09\/12\/fiera-e-festival-delle-foreste-di-longarone-sara-il-m-inistro-dinca-a-tagliare-il-nastro-delledizione-dedicata-a-vaia\/\" \/>\n<meta property=\"og:site_name\" content=\"Bellunopress - Dolomiti\" \/>\n<meta property=\"article:publisher\" content=\"https:\/\/www.facebook.com\/profile.php?id=100008943462799\" \/>\n<meta property=\"article:published_time\" content=\"2019-09-12T16:47:46+00:00\" \/>\n<meta property=\"article:modified_time\" content=\"2019-09-13T20:19:31+00:00\" \/>\n<meta property=\"og:image\" content=\"http:\/\/www.bellunopress.it\/wp-content\/uploads\/2011\/10\/longarone-fiere-280x210.jpg\" \/>\n<meta name=\"author\" content=\"redazione\" \/>\n<meta name=\"twitter:card\" content=\"summary_large_image\" \/>\n<meta name=\"twitter:creator\" content=\"@bellunopress\" \/>\n<meta name=\"twitter:site\" content=\"@bellunopress\" \/>\n<meta name=\"twitter:label1\" content=\"\u00c9crit par\" \/>\n\t<meta name=\"twitter:data1\" content=\"redazione\" \/>\n\t<meta name=\"twitter:label2\" content=\"Dur\u00e9e de lecture estim\u00e9e\" \/>\n\t<meta name=\"twitter:data2\" content=\"2 minutes\" \/>\n<script type=\"application\/ld+json\" class=\"yoast-schema-graph\">{\"@context\":\"https:\\\/\\\/schema.org\",\"@graph\":[{\"@type\":\"Article\",\"@id\":\"https:\\\/\\\/www.bellunopress.it\\\/2019\\\/09\\\/12\\\/fiera-e-festival-delle-foreste-di-longarone-sara-il-m-inistro-dinca-a-tagliare-il-nastro-delledizione-dedicata-a-vaia\\\/#article\",\"isPartOf\":{\"@id\":\"https:\\\/\\\/www.bellunopress.it\\\/2019\\\/09\\\/12\\\/fiera-e-festival-delle-foreste-di-longarone-sara-il-m-inistro-dinca-a-tagliare-il-nastro-delledizione-dedicata-a-vaia\\\/\"},\"author\":{\"name\":\"redazione\",\"@id\":\"https:\\\/\\\/www.bellunopress.it\\\/#\\\/schema\\\/person\\\/79bb06722b37ece1c03d3e94beb30d73\"},\"headline\":\"Fiera e Festival delle Foreste di Longarone: sar\u00e0 il ministro D&#8217;Inc\u00e0 a tagliare il nastro dell&#8217;edizione dedicata a Vaia\",\"datePublished\":\"2019-09-12T16:47:46+00:00\",\"dateModified\":\"2019-09-13T20:19:31+00:00\",\"mainEntityOfPage\":{\"@id\":\"https:\\\/\\\/www.bellunopress.it\\\/2019\\\/09\\\/12\\\/fiera-e-festival-delle-foreste-di-longarone-sara-il-m-inistro-dinca-a-tagliare-il-nastro-delledizione-dedicata-a-vaia\\\/\"},\"wordCount\":329,\"publisher\":{\"@id\":\"https:\\\/\\\/www.bellunopress.it\\\/#organization\"},\"image\":{\"@id\":\"https:\\\/\\\/www.bellunopress.it\\\/2019\\\/09\\\/12\\\/fiera-e-festival-delle-foreste-di-longarone-sara-il-m-inistro-dinca-a-tagliare-il-nastro-delledizione-dedicata-a-vaia\\\/#primaryimage\"},\"thumbnailUrl\":\"http:\\\/\\\/www.bellunopress.it\\\/wp-content\\\/uploads\\\/2011\\\/10\\\/longarone-fiere-280x210.jpg\",\"articleSection\":[\"Appuntamenti, Eventi\",\"Lavoro, Economia, Turismo\",\"Prima Pagina\"],\"inLanguage\":\"fr-FR\"},{\"@type\":\"WebPage\",\"@id\":\"https:\\\/\\\/www.bellunopress.it\\\/2019\\\/09\\\/12\\\/fiera-e-festival-delle-foreste-di-longarone-sara-il-m-inistro-dinca-a-tagliare-il-nastro-delledizione-dedicata-a-vaia\\\/\",\"url\":\"https:\\\/\\\/www.bellunopress.it\\\/2019\\\/09\\\/12\\\/fiera-e-festival-delle-foreste-di-longarone-sara-il-m-inistro-dinca-a-tagliare-il-nastro-delledizione-dedicata-a-vaia\\\/\",\"name\":\"Fiera e Festival delle Foreste di Longarone: sar\u00e0 il ministro D'Inc\u00e0 a tagliare il nastro dell'edizione dedicata a Vaia - Bellunopress - Dolomiti\",\"isPartOf\":{\"@id\":\"https:\\\/\\\/www.bellunopress.it\\\/#website\"},\"primaryImageOfPage\":{\"@id\":\"https:\\\/\\\/www.bellunopress.it\\\/2019\\\/09\\\/12\\\/fiera-e-festival-delle-foreste-di-longarone-sara-il-m-inistro-dinca-a-tagliare-il-nastro-delledizione-dedicata-a-vaia\\\/#primaryimage\"},\"image\":{\"@id\":\"https:\\\/\\\/www.bellunopress.it\\\/2019\\\/09\\\/12\\\/fiera-e-festival-delle-foreste-di-longarone-sara-il-m-inistro-dinca-a-tagliare-il-nastro-delledizione-dedicata-a-vaia\\\/#primaryimage\"},\"thumbnailUrl\":\"http:\\\/\\\/www.bellunopress.it\\\/wp-content\\\/uploads\\\/2011\\\/10\\\/longarone-fiere-280x210.jpg\",\"datePublished\":\"2019-09-12T16:47:46+00:00\",\"dateModified\":\"2019-09-13T20:19:31+00:00\",\"breadcrumb\":{\"@id\":\"https:\\\/\\\/www.bellunopress.it\\\/2019\\\/09\\\/12\\\/fiera-e-festival-delle-foreste-di-longarone-sara-il-m-inistro-dinca-a-tagliare-il-nastro-delledizione-dedicata-a-vaia\\\/#breadcrumb\"},\"inLanguage\":\"fr-FR\",\"potentialAction\":[{\"@type\":\"ReadAction\",\"target\":[\"https:\\\/\\\/www.bellunopress.it\\\/2019\\\/09\\\/12\\\/fiera-e-festival-delle-foreste-di-longarone-sara-il-m-inistro-dinca-a-tagliare-il-nastro-delledizione-dedicata-a-vaia\\\/\"]}]},{\"@type\":\"ImageObject\",\"inLanguage\":\"fr-FR\",\"@id\":\"https:\\\/\\\/www.bellunopress.it\\\/2019\\\/09\\\/12\\\/fiera-e-festival-delle-foreste-di-longarone-sara-il-m-inistro-dinca-a-tagliare-il-nastro-delledizione-dedicata-a-vaia\\\/#primaryimage\",\"url\":\"http:\\\/\\\/www.bellunopress.it\\\/wp-content\\\/uploads\\\/2011\\\/10\\\/longarone-fiere-280x210.jpg\",\"contentUrl\":\"http:\\\/\\\/www.bellunopress.it\\\/wp-content\\\/uploads\\\/2011\\\/10\\\/longarone-fiere-280x210.jpg\"},{\"@type\":\"BreadcrumbList\",\"@id\":\"https:\\\/\\\/www.bellunopress.it\\\/2019\\\/09\\\/12\\\/fiera-e-festival-delle-foreste-di-longarone-sara-il-m-inistro-dinca-a-tagliare-il-nastro-delledizione-dedicata-a-vaia\\\/#breadcrumb\",\"itemListElement\":[{\"@type\":\"ListItem\",\"position\":1,\"name\":\"Home\",\"item\":\"https:\\\/\\\/www.bellunopress.it\\\/\"},{\"@type\":\"ListItem\",\"position\":2,\"name\":\"Fiera e Festival delle Foreste di Longarone: sar\u00e0 il ministro D&#8217;Inc\u00e0 a tagliare il nastro dell&#8217;edizione dedicata a Vaia\"}]},{\"@type\":\"WebSite\",\"@id\":\"https:\\\/\\\/www.bellunopress.it\\\/#website\",\"url\":\"https:\\\/\\\/www.bellunopress.it\\\/\",\"name\":\"Bellunopress - Dolomiti\",\"description\":\"e-mail: redazione@bellunopress.it\",\"publisher\":{\"@id\":\"https:\\\/\\\/www.bellunopress.it\\\/#organization\"},\"potentialAction\":[{\"@type\":\"SearchAction\",\"target\":{\"@type\":\"EntryPoint\",\"urlTemplate\":\"https:\\\/\\\/www.bellunopress.it\\\/?s={search_term_string}\"},\"query-input\":{\"@type\":\"PropertyValueSpecification\",\"valueRequired\":true,\"valueName\":\"search_term_string\"}}],\"inLanguage\":\"fr-FR\"},{\"@type\":\"Organization\",\"@id\":\"https:\\\/\\\/www.bellunopress.it\\\/#organization\",\"name\":\"Bellunopress\",\"url\":\"https:\\\/\\\/www.bellunopress.it\\\/\",\"logo\":{\"@type\":\"ImageObject\",\"inLanguage\":\"fr-FR\",\"@id\":\"https:\\\/\\\/www.bellunopress.it\\\/#\\\/schema\\\/logo\\\/image\\\/\",\"url\":\"https:\\\/\\\/www.bellunopress.it\\\/wp-content\\\/uploads\\\/2011\\\/05\\\/cropped-logo-bellunopress-.jpg\",\"contentUrl\":\"https:\\\/\\\/www.bellunopress.it\\\/wp-content\\\/uploads\\\/2011\\\/05\\\/cropped-logo-bellunopress-.jpg\",\"width\":512,\"height\":512,\"caption\":\"Bellunopress\"},\"image\":{\"@id\":\"https:\\\/\\\/www.bellunopress.it\\\/#\\\/schema\\\/logo\\\/image\\\/\"},\"sameAs\":[\"https:\\\/\\\/www.facebook.com\\\/profile.php?id=100008943462799\",\"https:\\\/\\\/x.com\\\/bellunopress\",\"https:\\\/\\\/www.linkedin.com\\\/hp\\\/?dnr=JBzUWaJfMUw8vbXJJ2tVW5-I3jZKvC4wsoxE&amp;amp;amp;amp;amp;amp;trk=nav_responsive_tab_home\",\"https:\\\/\\\/www.youtube.com\\\/channel\\\/UCxL0wu1uN0_3_7hGG0306cw\"]},{\"@type\":\"Person\",\"@id\":\"https:\\\/\\\/www.bellunopress.it\\\/#\\\/schema\\\/person\\\/79bb06722b37ece1c03d3e94beb30d73\",\"name\":\"redazione\",\"image\":{\"@type\":\"ImageObject\",\"inLanguage\":\"fr-FR\",\"@id\":\"https:\\\/\\\/secure.gravatar.com\\\/avatar\\\/37d968a2e67a6fd04c169c4bdef102d0bc5d31b2546345219e348575eb80e9a0?s=96&d=mm&r=g\",\"url\":\"https:\\\/\\\/secure.gravatar.com\\\/avatar\\\/37d968a2e67a6fd04c169c4bdef102d0bc5d31b2546345219e348575eb80e9a0?s=96&d=mm&r=g\",\"contentUrl\":\"https:\\\/\\\/secure.gravatar.com\\\/avatar\\\/37d968a2e67a6fd04c169c4bdef102d0bc5d31b2546345219e348575eb80e9a0?s=96&d=mm&r=g\",\"caption\":\"redazione\"},\"sameAs\":[\"http:\\\/\\\/www.bellunopress.it\",\"https:\\\/\\\/x.com\\\/bellunopress\"],\"url\":\"https:\\\/\\\/www.bellunopress.it\\\/fr\\\/author\\\/redazione\\\/\"}]}<\/script>\n<!-- \/ Yoast SEO plugin. -->","yoast_head_json":{"title":"Fiera e Festival delle Foreste di Longarone: sar\u00e0 il ministro D'Inc\u00e0 a tagliare il nastro dell'edizione dedicata a Vaia - Bellunopress - Dolomiti","robots":{"index":"index","follow":"follow","max-snippet":"max-snippet:-1","max-image-preview":"max-image-preview:large","max-video-preview":"max-video-preview:-1"},"canonical":"https:\/\/www.bellunopress.it\/fr\/2019\/09\/12\/fiera-e-festival-delle-foreste-di-longarone-sara-il-m-inistro-dinca-a-tagliare-il-nastro-delledizione-dedicata-a-vaia\/","og_locale":"fr_FR","og_type":"article","og_title":"Fiera e Festival delle Foreste di Longarone: sar\u00e0 il ministro D'Inc\u00e0 a tagliare il nastro dell'edizione dedicata a Vaia - Bellunopress - Dolomiti","og_description":"Sar\u00e0 il ministro per i rapporti con il parlamento Federico D\u2019Inc\u00e0, primo ministro bellunese nella storia della Repubblica, a tagliare il nastro sabato 14 alle 10.00 della prima \u201cFiera &amp; Festival delle Foreste\u201d presso Longarone Fiere. Presentata ufficialmente ieri presso il palazzo della Provincia di Belluno alla presenza del presidente della Provincia Roberto Padrin, del [&hellip;]","og_url":"https:\/\/www.bellunopress.it\/fr\/2019\/09\/12\/fiera-e-festival-delle-foreste-di-longarone-sara-il-m-inistro-dinca-a-tagliare-il-nastro-delledizione-dedicata-a-vaia\/","og_site_name":"Bellunopress - Dolomiti","article_publisher":"https:\/\/www.facebook.com\/profile.php?id=100008943462799","article_published_time":"2019-09-12T16:47:46+00:00","article_modified_time":"2019-09-13T20:19:31+00:00","og_image":[{"url":"http:\/\/www.bellunopress.it\/wp-content\/uploads\/2011\/10\/longarone-fiere-280x210.jpg","type":"","width":"","height":""}],"author":"redazione","twitter_card":"summary_large_image","twitter_creator":"@bellunopress","twitter_site":"@bellunopress","twitter_misc":{"\u00c9crit par":"redazione","Dur\u00e9e de lecture estim\u00e9e":"2 minutes"},"schema":{"@context":"https:\/\/schema.org","@graph":[{"@type":"Article","@id":"https:\/\/www.bellunopress.it\/2019\/09\/12\/fiera-e-festival-delle-foreste-di-longarone-sara-il-m-inistro-dinca-a-tagliare-il-nastro-delledizione-dedicata-a-vaia\/#article","isPartOf":{"@id":"https:\/\/www.bellunopress.it\/2019\/09\/12\/fiera-e-festival-delle-foreste-di-longarone-sara-il-m-inistro-dinca-a-tagliare-il-nastro-delledizione-dedicata-a-vaia\/"},"author":{"name":"redazione","@id":"https:\/\/www.bellunopress.it\/#\/schema\/person\/79bb06722b37ece1c03d3e94beb30d73"},"headline":"Fiera e Festival delle Foreste di Longarone: sar\u00e0 il ministro D&#8217;Inc\u00e0 a tagliare il nastro dell&#8217;edizione dedicata a Vaia","datePublished":"2019-09-12T16:47:46+00:00","dateModified":"2019-09-13T20:19:31+00:00","mainEntityOfPage":{"@id":"https:\/\/www.bellunopress.it\/2019\/09\/12\/fiera-e-festival-delle-foreste-di-longarone-sara-il-m-inistro-dinca-a-tagliare-il-nastro-delledizione-dedicata-a-vaia\/"},"wordCount":329,"publisher":{"@id":"https:\/\/www.bellunopress.it\/#organization"},"image":{"@id":"https:\/\/www.bellunopress.it\/2019\/09\/12\/fiera-e-festival-delle-foreste-di-longarone-sara-il-m-inistro-dinca-a-tagliare-il-nastro-delledizione-dedicata-a-vaia\/#primaryimage"},"thumbnailUrl":"http:\/\/www.bellunopress.it\/wp-content\/uploads\/2011\/10\/longarone-fiere-280x210.jpg","articleSection":["Appuntamenti, Eventi","Lavoro, Economia, Turismo","Prima Pagina"],"inLanguage":"fr-FR"},{"@type":"WebPage","@id":"https:\/\/www.bellunopress.it\/2019\/09\/12\/fiera-e-festival-delle-foreste-di-longarone-sara-il-m-inistro-dinca-a-tagliare-il-nastro-delledizione-dedicata-a-vaia\/","url":"https:\/\/www.bellunopress.it\/2019\/09\/12\/fiera-e-festival-delle-foreste-di-longarone-sara-il-m-inistro-dinca-a-tagliare-il-nastro-delledizione-dedicata-a-vaia\/","name":"Fiera e Festival delle Foreste di Longarone: sar\u00e0 il ministro D'Inc\u00e0 a tagliare il nastro dell'edizione dedicata a Vaia - Bellunopress - Dolomiti","isPartOf":{"@id":"https:\/\/www.bellunopress.it\/#website"},"primaryImageOfPage":{"@id":"https:\/\/www.bellunopress.it\/2019\/09\/12\/fiera-e-festival-delle-foreste-di-longarone-sara-il-m-inistro-dinca-a-tagliare-il-nastro-delledizione-dedicata-a-vaia\/#primaryimage"},"image":{"@id":"https:\/\/www.bellunopress.it\/2019\/09\/12\/fiera-e-festival-delle-foreste-di-longarone-sara-il-m-inistro-dinca-a-tagliare-il-nastro-delledizione-dedicata-a-vaia\/#primaryimage"},"thumbnailUrl":"http:\/\/www.bellunopress.it\/wp-content\/uploads\/2011\/10\/longarone-fiere-280x210.jpg","datePublished":"2019-09-12T16:47:46+00:00","dateModified":"2019-09-13T20:19:31+00:00","breadcrumb":{"@id":"https:\/\/www.bellunopress.it\/2019\/09\/12\/fiera-e-festival-delle-foreste-di-longarone-sara-il-m-inistro-dinca-a-tagliare-il-nastro-delledizione-dedicata-a-vaia\/#breadcrumb"},"inLanguage":"fr-FR","potentialAction":[{"@type":"ReadAction","target":["https:\/\/www.bellunopress.it\/2019\/09\/12\/fiera-e-festival-delle-foreste-di-longarone-sara-il-m-inistro-dinca-a-tagliare-il-nastro-delledizione-dedicata-a-vaia\/"]}]},{"@type":"ImageObject","inLanguage":"fr-FR","@id":"https:\/\/www.bellunopress.it\/2019\/09\/12\/fiera-e-festival-delle-foreste-di-longarone-sara-il-m-inistro-dinca-a-tagliare-il-nastro-delledizione-dedicata-a-vaia\/#primaryimage","url":"http:\/\/www.bellunopress.it\/wp-content\/uploads\/2011\/10\/longarone-fiere-280x210.jpg","contentUrl":"http:\/\/www.bellunopress.it\/wp-content\/uploads\/2011\/10\/longarone-fiere-280x210.jpg"},{"@type":"BreadcrumbList","@id":"https:\/\/www.bellunopress.it\/2019\/09\/12\/fiera-e-festival-delle-foreste-di-longarone-sara-il-m-inistro-dinca-a-tagliare-il-nastro-delledizione-dedicata-a-vaia\/#breadcrumb","itemListElement":[{"@type":"ListItem","position":1,"name":"Home","item":"https:\/\/www.bellunopress.it\/"},{"@type":"ListItem","position":2,"name":"Fiera e Festival delle Foreste di Longarone: sar\u00e0 il ministro D&#8217;Inc\u00e0 a tagliare il nastro dell&#8217;edizione dedicata a Vaia"}]},{"@type":"WebSite","@id":"https:\/\/www.bellunopress.it\/#website","url":"https:\/\/www.bellunopress.it\/","name":"Bellunopress - Dolomiti","description":"e-mail: redazione@bellunopress.it","publisher":{"@id":"https:\/\/www.bellunopress.it\/#organization"},"potentialAction":[{"@type":"SearchAction","target":{"@type":"EntryPoint","urlTemplate":"https:\/\/www.bellunopress.it\/?s={search_term_string}"},"query-input":{"@type":"PropertyValueSpecification","valueRequired":true,"valueName":"search_term_string"}}],"inLanguage":"fr-FR"},{"@type":"Organization","@id":"https:\/\/www.bellunopress.it\/#organization","name":"Bellunopress","url":"https:\/\/www.bellunopress.it\/","logo":{"@type":"ImageObject","inLanguage":"fr-FR","@id":"https:\/\/www.bellunopress.it\/#\/schema\/logo\/image\/","url":"https:\/\/www.bellunopress.it\/wp-content\/uploads\/2011\/05\/cropped-logo-bellunopress-.jpg","contentUrl":"https:\/\/www.bellunopress.it\/wp-content\/uploads\/2011\/05\/cropped-logo-bellunopress-.jpg","width":512,"height":512,"caption":"Bellunopress"},"image":{"@id":"https:\/\/www.bellunopress.it\/#\/schema\/logo\/image\/"},"sameAs":["https:\/\/www.facebook.com\/profile.php?id=100008943462799","https:\/\/x.com\/bellunopress","https:\/\/www.linkedin.com\/hp\/?dnr=JBzUWaJfMUw8vbXJJ2tVW5-I3jZKvC4wsoxE&amp;amp;amp;amp;amp;amp;trk=nav_responsive_tab_home","https:\/\/www.youtube.com\/channel\/UCxL0wu1uN0_3_7hGG0306cw"]},{"@type":"Person","@id":"https:\/\/www.bellunopress.it\/#\/schema\/person\/79bb06722b37ece1c03d3e94beb30d73","name":"r\u00e9daction","image":{"@type":"ImageObject","inLanguage":"fr-FR","@id":"https:\/\/secure.gravatar.com\/avatar\/37d968a2e67a6fd04c169c4bdef102d0bc5d31b2546345219e348575eb80e9a0?s=96&d=mm&r=g","url":"https:\/\/secure.gravatar.com\/avatar\/37d968a2e67a6fd04c169c4bdef102d0bc5d31b2546345219e348575eb80e9a0?s=96&d=mm&r=g","contentUrl":"https:\/\/secure.gravatar.com\/avatar\/37d968a2e67a6fd04c169c4bdef102d0bc5d31b2546345219e348575eb80e9a0?s=96&d=mm&r=g","caption":"redazione"},"sameAs":["http:\/\/www.bellunopress.it","https:\/\/x.com\/bellunopress"],"url":"https:\/\/www.bellunopress.it\/fr\/author\/redazione\/"}]}},"_links":{"self":[{"href":"https:\/\/www.bellunopress.it\/fr\/wp-json\/wp\/v2\/posts\/107823","targetHints":{"allow":["GET"]}}],"collection":[{"href":"https:\/\/www.bellunopress.it\/fr\/wp-json\/wp\/v2\/posts"}],"about":[{"href":"https:\/\/www.bellunopress.it\/fr\/wp-json\/wp\/v2\/types\/post"}],"author":[{"embeddable":true,"href":"https:\/\/www.bellunopress.it\/fr\/wp-json\/wp\/v2\/users\/2"}],"replies":[{"embeddable":true,"href":"https:\/\/www.bellunopress.it\/fr\/wp-json\/wp\/v2\/comments?post=107823"}],"version-history":[{"count":2,"href":"https:\/\/www.bellunopress.it\/fr\/wp-json\/wp\/v2\/posts\/107823\/revisions"}],"predecessor-version":[{"id":107852,"href":"https:\/\/www.bellunopress.it\/fr\/wp-json\/wp\/v2\/posts\/107823\/revisions\/107852"}],"wp:attachment":[{"href":"https:\/\/www.bellunopress.it\/fr\/wp-json\/wp\/v2\/media?parent=107823"}],"wp:term":[{"taxonomy":"category","embeddable":true,"href":"https:\/\/www.bellunopress.it\/fr\/wp-json\/wp\/v2\/categories?post=107823"},{"taxonomy":"post_tag","embeddable":true,"href":"https:\/\/www.bellunopress.it\/fr\/wp-json\/wp\/v2\/tags?post=107823"}],"curies":[{"name":"wp","href":"https:\/\/api.w.org\/{rel}","templated":true}]}}