{"id":107803,"date":"2019-09-12T11:12:27","date_gmt":"2019-09-12T09:12:27","guid":{"rendered":"http:\/\/www.bellunopress.it\/?p=107803"},"modified":"2019-09-12T11:12:27","modified_gmt":"2019-09-12T09:12:27","slug":"riqualificazione-impianti-di-risalita-e-piste-da-sci-approvati-i-6-progetti-nei-territori-di-cortina-marmolada-e-forcella-aurine","status":"publish","type":"post","link":"https:\/\/www.bellunopress.it\/fr\/2019\/09\/12\/riqualificazione-impianti-di-risalita-e-piste-da-sci-approvati-i-6-progetti-nei-territori-di-cortina-marmolada-e-forcella-aurine\/","title":{"rendered":"Riqualificazione impianti di risalita e piste da sci: approvati i 6 progetti nei territori di Cortina, Marmolada e Forcella Aurine"},"content":{"rendered":"<figure id=\"attachment_56298\" aria-describedby=\"caption-attachment-56298\" style=\"width: 300px\" class=\"wp-caption alignleft\"><a href=\"http:\/\/www.bellunopress.it\/fr\/2014\/02\/12\/valanga-in-pista-a-ra-valles\/tofana-forcella-rossa-ra-valles\/\" rel=\"attachment wp-att-56298\"><img loading=\"lazy\" decoding=\"async\" class=\"size-full wp-image-56298\" src=\"http:\/\/www.bellunopress.it\/wp-content\/uploads\/2014\/02\/Tofana-Forcella-Rossa-Ra-Valles.jpg\" alt=\"\" width=\"300\" height=\"225\" \/><\/a><figcaption id=\"caption-attachment-56298\" class=\"wp-caption-text\">Tofana Forcella Rossa Ra Valles<\/figcaption><\/figure>\n<p>Sono stati tutti approvati i sei progetti presentati alla Provincia di Belluno per altrettanti interventi di riqualificazione sugli impianti di risalita e sulle piste da sci. Le conferenze di servizi svoltesi marted\u00ec scorso, 10 settembre, hanno dato esito favorevole.<\/p>\n<p>Si tratta di quattro progetti inerenti il territorio di Cortina d\u2019Ampezzo, pi\u00f9<br \/>\naltri due interventi dislocati tra la Marmolada e Forcella Aurine. Il Servizio Impianti a fune della Provincia di Belluno ha autorizzato le pratiche (con qualche prescrizione, che comunque non stravolge l\u2019impostazione progettuale).<\/p>\n<p>Il primo progetto, a completamento degli interventi realizzati nel 2014, riguarda l\u2019area sciistica Marmolada-Padon, dove gli impianti di risalita sono chiusi da due anni, in attesa di nuovi sistemi di protezione dalle valanghe. Il piano, che prevede l\u2019installazione di un sistema di disgaggi<br \/>\nprogrammati (esploditori fissi tipo O\u2019Bellx) al posto dei tradizionali paravalanghe, ha ricevuto il via libera e quindi consentir\u00e0 un rapido rinnovo degli impianti stessi. \u00c8 prevista la realizzazione, a protezione della strada provinciale SP 641, di un argine in terra rinforzata, alto circa 7 metri e lungo 180 per il contenimento della massa movimentata dal distacco delle valanghe.<\/p>\n<p>Il secondo progetto insiste sull\u2019area sciistica di Forcella Aurine (tra<br \/>\nGosaldo e Voltago). La revisione generale dell\u2019impianto denominato<br \/>\n\u201cScm279 Monte Gardellon\u201d e la sistemazione della pista da discesa denominata \u201cBepi\u201d hanno ricevuto l\u2019ok degli uffici preposti: il passaggio successivo compete ora all\u2019amministrazione comunale che dovr\u00e0 perfezionare la pratica relativa alla modifica di destinazione dei terreni ad uso civico. Le altre pratiche rientrano tutte nel territorio di Cortina. Si tratta di interventi collaterali, ma funzionali ai Mondiali di Sci del 2021.<\/p>\n<p>Via libera quindi per l\u2019aggiornamento delle caratteristiche tecniche della \u201cStries\u201d (in pratica, si tratta di un accorciamento della pista da discesa) e per<br \/>\nla demolizione della seggiovia di \u201cCol Tondo-Mietres\u201d, con la dismissione delle piste asservite e la ridefinizione del tracciato della pista da discesa denominata \u201cQuattro\u201d per la decadenza della concessione di linea. Via libera anche per gli interventi di prima messa in sicurezza di \u201cRio Gere\u201d, conseguenti alla frana di marzo 2019 e necessari per poter avviare la prossima stagione invernale (in<br \/>\nquesto caso, seguiranno interventi di messa in sicurezza definitivi).<br \/>\nInfine, \u00e8 stato approvato il progetto di riposizionamento della seggiovia ad ammorsamento automatico denominata &#8220;Pian de Ra Valles-Ra Valles-Bus di Tofana&#8221; con stazione di valle, intermedia e di monte e la nuova pista di raccordo denominata &#8220;Raccordo Ra Valles&#8221;. L\u2019approvazione del progetto \u00e8 stata data per step successivi, in linea con le procedure autorizzative ministeriali.<\/p>","protected":false},"excerpt":{"rendered":"<p>Sono stati tutti approvati i sei progetti presentati alla Provincia di Belluno per altrettanti interventi di riqualificazione sugli impianti di risalita e sulle piste da sci. Le conferenze di servizi svoltesi marted\u00ec scorso, 10 settembre, hanno dato esito favorevole. Si tratta di quattro progetti inerenti il territorio di Cortina d\u2019Ampezzo, pi\u00f9 altri due interventi dislocati [&hellip;]<\/p>\n","protected":false},"author":2,"featured_media":0,"comment_status":"closed","ping_status":"open","sticky":false,"template":"","format":"standard","meta":{"footnotes":""},"categories":[1],"tags":[],"class_list":["post-107803","post","type-post","status-publish","format-standard","category-leo"],"yoast_head":"<!-- This site is optimized with the Yoast SEO plugin v28.4 - https:\/\/yoast.com\/product\/yoast-seo-wordpress\/ -->\n<title>Riqualificazione impianti di risalita e piste da sci: approvati i 6 progetti nei territori di Cortina, Marmolada e Forcella Aurine - Bellunopress - Dolomiti<\/title>\n<meta name=\"robots\" content=\"index, follow, max-snippet:-1, max-image-preview:large, max-video-preview:-1\" \/>\n<link rel=\"canonical\" href=\"https:\/\/www.bellunopress.it\/fr\/2019\/09\/12\/riqualificazione-impianti-di-risalita-e-piste-da-sci-approvati-i-6-progetti-nei-territori-di-cortina-marmolada-e-forcella-aurine\/\" \/>\n<meta property=\"og:locale\" content=\"fr_FR\" \/>\n<meta property=\"og:type\" content=\"article\" \/>\n<meta property=\"og:title\" content=\"Riqualificazione impianti di risalita e piste da sci: approvati i 6 progetti nei territori di Cortina, Marmolada e Forcella Aurine - Bellunopress - Dolomiti\" \/>\n<meta property=\"og:description\" content=\"Sono stati tutti approvati i sei progetti presentati alla Provincia di Belluno per altrettanti interventi di riqualificazione sugli impianti di risalita e sulle piste da sci. Le conferenze di servizi svoltesi marted\u00ec scorso, 10 settembre, hanno dato esito favorevole. Si tratta di quattro progetti inerenti il territorio di Cortina d\u2019Ampezzo, pi\u00f9 altri due interventi dislocati [&hellip;]\" \/>\n<meta property=\"og:url\" content=\"https:\/\/www.bellunopress.it\/fr\/2019\/09\/12\/riqualificazione-impianti-di-risalita-e-piste-da-sci-approvati-i-6-progetti-nei-territori-di-cortina-marmolada-e-forcella-aurine\/\" \/>\n<meta property=\"og:site_name\" content=\"Bellunopress - Dolomiti\" \/>\n<meta property=\"article:publisher\" content=\"https:\/\/www.facebook.com\/profile.php?id=100008943462799\" \/>\n<meta property=\"article:published_time\" content=\"2019-09-12T09:12:27+00:00\" \/>\n<meta property=\"og:image\" content=\"http:\/\/www.bellunopress.it\/wp-content\/uploads\/2014\/02\/Tofana-Forcella-Rossa-Ra-Valles.jpg\" \/>\n<meta name=\"author\" content=\"redazione\" \/>\n<meta name=\"twitter:card\" content=\"summary_large_image\" \/>\n<meta name=\"twitter:creator\" content=\"@bellunopress\" \/>\n<meta name=\"twitter:site\" content=\"@bellunopress\" \/>\n<meta name=\"twitter:label1\" content=\"\u00c9crit par\" \/>\n\t<meta name=\"twitter:data1\" content=\"redazione\" \/>\n\t<meta name=\"twitter:label2\" content=\"Dur\u00e9e de lecture estim\u00e9e\" \/>\n\t<meta name=\"twitter:data2\" content=\"2 minutes\" \/>\n<script type=\"application\/ld+json\" class=\"yoast-schema-graph\">{\"@context\":\"https:\\\/\\\/schema.org\",\"@graph\":[{\"@type\":\"Article\",\"@id\":\"https:\\\/\\\/www.bellunopress.it\\\/2019\\\/09\\\/12\\\/riqualificazione-impianti-di-risalita-e-piste-da-sci-approvati-i-6-progetti-nei-territori-di-cortina-marmolada-e-forcella-aurine\\\/#article\",\"isPartOf\":{\"@id\":\"https:\\\/\\\/www.bellunopress.it\\\/2019\\\/09\\\/12\\\/riqualificazione-impianti-di-risalita-e-piste-da-sci-approvati-i-6-progetti-nei-territori-di-cortina-marmolada-e-forcella-aurine\\\/\"},\"author\":{\"name\":\"redazione\",\"@id\":\"https:\\\/\\\/www.bellunopress.it\\\/#\\\/schema\\\/person\\\/79bb06722b37ece1c03d3e94beb30d73\"},\"headline\":\"Riqualificazione impianti di risalita e piste da sci: approvati i 6 progetti nei territori di Cortina, Marmolada e Forcella Aurine\",\"datePublished\":\"2019-09-12T09:12:27+00:00\",\"mainEntityOfPage\":{\"@id\":\"https:\\\/\\\/www.bellunopress.it\\\/2019\\\/09\\\/12\\\/riqualificazione-impianti-di-risalita-e-piste-da-sci-approvati-i-6-progetti-nei-territori-di-cortina-marmolada-e-forcella-aurine\\\/\"},\"wordCount\":444,\"publisher\":{\"@id\":\"https:\\\/\\\/www.bellunopress.it\\\/#organization\"},\"image\":{\"@id\":\"https:\\\/\\\/www.bellunopress.it\\\/2019\\\/09\\\/12\\\/riqualificazione-impianti-di-risalita-e-piste-da-sci-approvati-i-6-progetti-nei-territori-di-cortina-marmolada-e-forcella-aurine\\\/#primaryimage\"},\"thumbnailUrl\":\"http:\\\/\\\/www.bellunopress.it\\\/wp-content\\\/uploads\\\/2014\\\/02\\\/Tofana-Forcella-Rossa-Ra-Valles.jpg\",\"articleSection\":[\"Lettere Opinioni\"],\"inLanguage\":\"fr-FR\"},{\"@type\":\"WebPage\",\"@id\":\"https:\\\/\\\/www.bellunopress.it\\\/2019\\\/09\\\/12\\\/riqualificazione-impianti-di-risalita-e-piste-da-sci-approvati-i-6-progetti-nei-territori-di-cortina-marmolada-e-forcella-aurine\\\/\",\"url\":\"https:\\\/\\\/www.bellunopress.it\\\/2019\\\/09\\\/12\\\/riqualificazione-impianti-di-risalita-e-piste-da-sci-approvati-i-6-progetti-nei-territori-di-cortina-marmolada-e-forcella-aurine\\\/\",\"name\":\"Riqualificazione impianti di risalita e piste da sci: approvati i 6 progetti nei territori di Cortina, Marmolada e Forcella Aurine - Bellunopress - Dolomiti\",\"isPartOf\":{\"@id\":\"https:\\\/\\\/www.bellunopress.it\\\/#website\"},\"primaryImageOfPage\":{\"@id\":\"https:\\\/\\\/www.bellunopress.it\\\/2019\\\/09\\\/12\\\/riqualificazione-impianti-di-risalita-e-piste-da-sci-approvati-i-6-progetti-nei-territori-di-cortina-marmolada-e-forcella-aurine\\\/#primaryimage\"},\"image\":{\"@id\":\"https:\\\/\\\/www.bellunopress.it\\\/2019\\\/09\\\/12\\\/riqualificazione-impianti-di-risalita-e-piste-da-sci-approvati-i-6-progetti-nei-territori-di-cortina-marmolada-e-forcella-aurine\\\/#primaryimage\"},\"thumbnailUrl\":\"http:\\\/\\\/www.bellunopress.it\\\/wp-content\\\/uploads\\\/2014\\\/02\\\/Tofana-Forcella-Rossa-Ra-Valles.jpg\",\"datePublished\":\"2019-09-12T09:12:27+00:00\",\"breadcrumb\":{\"@id\":\"https:\\\/\\\/www.bellunopress.it\\\/2019\\\/09\\\/12\\\/riqualificazione-impianti-di-risalita-e-piste-da-sci-approvati-i-6-progetti-nei-territori-di-cortina-marmolada-e-forcella-aurine\\\/#breadcrumb\"},\"inLanguage\":\"fr-FR\",\"potentialAction\":[{\"@type\":\"ReadAction\",\"target\":[\"https:\\\/\\\/www.bellunopress.it\\\/2019\\\/09\\\/12\\\/riqualificazione-impianti-di-risalita-e-piste-da-sci-approvati-i-6-progetti-nei-territori-di-cortina-marmolada-e-forcella-aurine\\\/\"]}]},{\"@type\":\"ImageObject\",\"inLanguage\":\"fr-FR\",\"@id\":\"https:\\\/\\\/www.bellunopress.it\\\/2019\\\/09\\\/12\\\/riqualificazione-impianti-di-risalita-e-piste-da-sci-approvati-i-6-progetti-nei-territori-di-cortina-marmolada-e-forcella-aurine\\\/#primaryimage\",\"url\":\"http:\\\/\\\/www.bellunopress.it\\\/wp-content\\\/uploads\\\/2014\\\/02\\\/Tofana-Forcella-Rossa-Ra-Valles.jpg\",\"contentUrl\":\"http:\\\/\\\/www.bellunopress.it\\\/wp-content\\\/uploads\\\/2014\\\/02\\\/Tofana-Forcella-Rossa-Ra-Valles.jpg\"},{\"@type\":\"BreadcrumbList\",\"@id\":\"https:\\\/\\\/www.bellunopress.it\\\/2019\\\/09\\\/12\\\/riqualificazione-impianti-di-risalita-e-piste-da-sci-approvati-i-6-progetti-nei-territori-di-cortina-marmolada-e-forcella-aurine\\\/#breadcrumb\",\"itemListElement\":[{\"@type\":\"ListItem\",\"position\":1,\"name\":\"Home\",\"item\":\"https:\\\/\\\/www.bellunopress.it\\\/\"},{\"@type\":\"ListItem\",\"position\":2,\"name\":\"Riqualificazione impianti di risalita e piste da sci: approvati i 6 progetti nei territori di Cortina, Marmolada e Forcella Aurine\"}]},{\"@type\":\"WebSite\",\"@id\":\"https:\\\/\\\/www.bellunopress.it\\\/#website\",\"url\":\"https:\\\/\\\/www.bellunopress.it\\\/\",\"name\":\"Bellunopress - Dolomiti\",\"description\":\"e-mail: redazione@bellunopress.it\",\"publisher\":{\"@id\":\"https:\\\/\\\/www.bellunopress.it\\\/#organization\"},\"potentialAction\":[{\"@type\":\"SearchAction\",\"target\":{\"@type\":\"EntryPoint\",\"urlTemplate\":\"https:\\\/\\\/www.bellunopress.it\\\/?s={search_term_string}\"},\"query-input\":{\"@type\":\"PropertyValueSpecification\",\"valueRequired\":true,\"valueName\":\"search_term_string\"}}],\"inLanguage\":\"fr-FR\"},{\"@type\":\"Organization\",\"@id\":\"https:\\\/\\\/www.bellunopress.it\\\/#organization\",\"name\":\"Bellunopress\",\"url\":\"https:\\\/\\\/www.bellunopress.it\\\/\",\"logo\":{\"@type\":\"ImageObject\",\"inLanguage\":\"fr-FR\",\"@id\":\"https:\\\/\\\/www.bellunopress.it\\\/#\\\/schema\\\/logo\\\/image\\\/\",\"url\":\"https:\\\/\\\/www.bellunopress.it\\\/wp-content\\\/uploads\\\/2011\\\/05\\\/cropped-logo-bellunopress-.jpg\",\"contentUrl\":\"https:\\\/\\\/www.bellunopress.it\\\/wp-content\\\/uploads\\\/2011\\\/05\\\/cropped-logo-bellunopress-.jpg\",\"width\":512,\"height\":512,\"caption\":\"Bellunopress\"},\"image\":{\"@id\":\"https:\\\/\\\/www.bellunopress.it\\\/#\\\/schema\\\/logo\\\/image\\\/\"},\"sameAs\":[\"https:\\\/\\\/www.facebook.com\\\/profile.php?id=100008943462799\",\"https:\\\/\\\/x.com\\\/bellunopress\",\"https:\\\/\\\/www.linkedin.com\\\/hp\\\/?dnr=JBzUWaJfMUw8vbXJJ2tVW5-I3jZKvC4wsoxE&amp;amp;amp;amp;amp;amp;trk=nav_responsive_tab_home\",\"https:\\\/\\\/www.youtube.com\\\/channel\\\/UCxL0wu1uN0_3_7hGG0306cw\"]},{\"@type\":\"Person\",\"@id\":\"https:\\\/\\\/www.bellunopress.it\\\/#\\\/schema\\\/person\\\/79bb06722b37ece1c03d3e94beb30d73\",\"name\":\"redazione\",\"image\":{\"@type\":\"ImageObject\",\"inLanguage\":\"fr-FR\",\"@id\":\"https:\\\/\\\/secure.gravatar.com\\\/avatar\\\/37d968a2e67a6fd04c169c4bdef102d0bc5d31b2546345219e348575eb80e9a0?s=96&d=mm&r=g\",\"url\":\"https:\\\/\\\/secure.gravatar.com\\\/avatar\\\/37d968a2e67a6fd04c169c4bdef102d0bc5d31b2546345219e348575eb80e9a0?s=96&d=mm&r=g\",\"contentUrl\":\"https:\\\/\\\/secure.gravatar.com\\\/avatar\\\/37d968a2e67a6fd04c169c4bdef102d0bc5d31b2546345219e348575eb80e9a0?s=96&d=mm&r=g\",\"caption\":\"redazione\"},\"sameAs\":[\"http:\\\/\\\/www.bellunopress.it\",\"https:\\\/\\\/x.com\\\/bellunopress\"],\"url\":\"https:\\\/\\\/www.bellunopress.it\\\/fr\\\/author\\\/redazione\\\/\"}]}<\/script>\n<!-- \/ Yoast SEO plugin. -->","yoast_head_json":{"title":"Riqualificazione impianti di risalita e piste da sci: approvati i 6 progetti nei territori di Cortina, Marmolada e Forcella Aurine - Bellunopress - Dolomiti","robots":{"index":"index","follow":"follow","max-snippet":"max-snippet:-1","max-image-preview":"max-image-preview:large","max-video-preview":"max-video-preview:-1"},"canonical":"https:\/\/www.bellunopress.it\/fr\/2019\/09\/12\/riqualificazione-impianti-di-risalita-e-piste-da-sci-approvati-i-6-progetti-nei-territori-di-cortina-marmolada-e-forcella-aurine\/","og_locale":"fr_FR","og_type":"article","og_title":"Riqualificazione impianti di risalita e piste da sci: approvati i 6 progetti nei territori di Cortina, Marmolada e Forcella Aurine - Bellunopress - Dolomiti","og_description":"Sono stati tutti approvati i sei progetti presentati alla Provincia di Belluno per altrettanti interventi di riqualificazione sugli impianti di risalita e sulle piste da sci. Le conferenze di servizi svoltesi marted\u00ec scorso, 10 settembre, hanno dato esito favorevole. Si tratta di quattro progetti inerenti il territorio di Cortina d\u2019Ampezzo, pi\u00f9 altri due interventi dislocati [&hellip;]","og_url":"https:\/\/www.bellunopress.it\/fr\/2019\/09\/12\/riqualificazione-impianti-di-risalita-e-piste-da-sci-approvati-i-6-progetti-nei-territori-di-cortina-marmolada-e-forcella-aurine\/","og_site_name":"Bellunopress - Dolomiti","article_publisher":"https:\/\/www.facebook.com\/profile.php?id=100008943462799","article_published_time":"2019-09-12T09:12:27+00:00","og_image":[{"url":"http:\/\/www.bellunopress.it\/wp-content\/uploads\/2014\/02\/Tofana-Forcella-Rossa-Ra-Valles.jpg","type":"","width":"","height":""}],"author":"redazione","twitter_card":"summary_large_image","twitter_creator":"@bellunopress","twitter_site":"@bellunopress","twitter_misc":{"\u00c9crit par":"redazione","Dur\u00e9e de lecture estim\u00e9e":"2 minutes"},"schema":{"@context":"https:\/\/schema.org","@graph":[{"@type":"Article","@id":"https:\/\/www.bellunopress.it\/2019\/09\/12\/riqualificazione-impianti-di-risalita-e-piste-da-sci-approvati-i-6-progetti-nei-territori-di-cortina-marmolada-e-forcella-aurine\/#article","isPartOf":{"@id":"https:\/\/www.bellunopress.it\/2019\/09\/12\/riqualificazione-impianti-di-risalita-e-piste-da-sci-approvati-i-6-progetti-nei-territori-di-cortina-marmolada-e-forcella-aurine\/"},"author":{"name":"redazione","@id":"https:\/\/www.bellunopress.it\/#\/schema\/person\/79bb06722b37ece1c03d3e94beb30d73"},"headline":"Riqualificazione impianti di risalita e piste da sci: approvati i 6 progetti nei territori di Cortina, Marmolada e Forcella Aurine","datePublished":"2019-09-12T09:12:27+00:00","mainEntityOfPage":{"@id":"https:\/\/www.bellunopress.it\/2019\/09\/12\/riqualificazione-impianti-di-risalita-e-piste-da-sci-approvati-i-6-progetti-nei-territori-di-cortina-marmolada-e-forcella-aurine\/"},"wordCount":444,"publisher":{"@id":"https:\/\/www.bellunopress.it\/#organization"},"image":{"@id":"https:\/\/www.bellunopress.it\/2019\/09\/12\/riqualificazione-impianti-di-risalita-e-piste-da-sci-approvati-i-6-progetti-nei-territori-di-cortina-marmolada-e-forcella-aurine\/#primaryimage"},"thumbnailUrl":"http:\/\/www.bellunopress.it\/wp-content\/uploads\/2014\/02\/Tofana-Forcella-Rossa-Ra-Valles.jpg","articleSection":["Lettere Opinioni"],"inLanguage":"fr-FR"},{"@type":"WebPage","@id":"https:\/\/www.bellunopress.it\/2019\/09\/12\/riqualificazione-impianti-di-risalita-e-piste-da-sci-approvati-i-6-progetti-nei-territori-di-cortina-marmolada-e-forcella-aurine\/","url":"https:\/\/www.bellunopress.it\/2019\/09\/12\/riqualificazione-impianti-di-risalita-e-piste-da-sci-approvati-i-6-progetti-nei-territori-di-cortina-marmolada-e-forcella-aurine\/","name":"Riqualificazione impianti di risalita e piste da sci: approvati i 6 progetti nei territori di Cortina, Marmolada e Forcella Aurine - Bellunopress - Dolomiti","isPartOf":{"@id":"https:\/\/www.bellunopress.it\/#website"},"primaryImageOfPage":{"@id":"https:\/\/www.bellunopress.it\/2019\/09\/12\/riqualificazione-impianti-di-risalita-e-piste-da-sci-approvati-i-6-progetti-nei-territori-di-cortina-marmolada-e-forcella-aurine\/#primaryimage"},"image":{"@id":"https:\/\/www.bellunopress.it\/2019\/09\/12\/riqualificazione-impianti-di-risalita-e-piste-da-sci-approvati-i-6-progetti-nei-territori-di-cortina-marmolada-e-forcella-aurine\/#primaryimage"},"thumbnailUrl":"http:\/\/www.bellunopress.it\/wp-content\/uploads\/2014\/02\/Tofana-Forcella-Rossa-Ra-Valles.jpg","datePublished":"2019-09-12T09:12:27+00:00","breadcrumb":{"@id":"https:\/\/www.bellunopress.it\/2019\/09\/12\/riqualificazione-impianti-di-risalita-e-piste-da-sci-approvati-i-6-progetti-nei-territori-di-cortina-marmolada-e-forcella-aurine\/#breadcrumb"},"inLanguage":"fr-FR","potentialAction":[{"@type":"ReadAction","target":["https:\/\/www.bellunopress.it\/2019\/09\/12\/riqualificazione-impianti-di-risalita-e-piste-da-sci-approvati-i-6-progetti-nei-territori-di-cortina-marmolada-e-forcella-aurine\/"]}]},{"@type":"ImageObject","inLanguage":"fr-FR","@id":"https:\/\/www.bellunopress.it\/2019\/09\/12\/riqualificazione-impianti-di-risalita-e-piste-da-sci-approvati-i-6-progetti-nei-territori-di-cortina-marmolada-e-forcella-aurine\/#primaryimage","url":"http:\/\/www.bellunopress.it\/wp-content\/uploads\/2014\/02\/Tofana-Forcella-Rossa-Ra-Valles.jpg","contentUrl":"http:\/\/www.bellunopress.it\/wp-content\/uploads\/2014\/02\/Tofana-Forcella-Rossa-Ra-Valles.jpg"},{"@type":"BreadcrumbList","@id":"https:\/\/www.bellunopress.it\/2019\/09\/12\/riqualificazione-impianti-di-risalita-e-piste-da-sci-approvati-i-6-progetti-nei-territori-di-cortina-marmolada-e-forcella-aurine\/#breadcrumb","itemListElement":[{"@type":"ListItem","position":1,"name":"Home","item":"https:\/\/www.bellunopress.it\/"},{"@type":"ListItem","position":2,"name":"Riqualificazione impianti di risalita e piste da sci: approvati i 6 progetti nei territori di Cortina, Marmolada e Forcella Aurine"}]},{"@type":"WebSite","@id":"https:\/\/www.bellunopress.it\/#website","url":"https:\/\/www.bellunopress.it\/","name":"Bellunopress - Dolomiti","description":"e-mail: redazione@bellunopress.it","publisher":{"@id":"https:\/\/www.bellunopress.it\/#organization"},"potentialAction":[{"@type":"SearchAction","target":{"@type":"EntryPoint","urlTemplate":"https:\/\/www.bellunopress.it\/?s={search_term_string}"},"query-input":{"@type":"PropertyValueSpecification","valueRequired":true,"valueName":"search_term_string"}}],"inLanguage":"fr-FR"},{"@type":"Organization","@id":"https:\/\/www.bellunopress.it\/#organization","name":"Bellunopress","url":"https:\/\/www.bellunopress.it\/","logo":{"@type":"ImageObject","inLanguage":"fr-FR","@id":"https:\/\/www.bellunopress.it\/#\/schema\/logo\/image\/","url":"https:\/\/www.bellunopress.it\/wp-content\/uploads\/2011\/05\/cropped-logo-bellunopress-.jpg","contentUrl":"https:\/\/www.bellunopress.it\/wp-content\/uploads\/2011\/05\/cropped-logo-bellunopress-.jpg","width":512,"height":512,"caption":"Bellunopress"},"image":{"@id":"https:\/\/www.bellunopress.it\/#\/schema\/logo\/image\/"},"sameAs":["https:\/\/www.facebook.com\/profile.php?id=100008943462799","https:\/\/x.com\/bellunopress","https:\/\/www.linkedin.com\/hp\/?dnr=JBzUWaJfMUw8vbXJJ2tVW5-I3jZKvC4wsoxE&amp;amp;amp;amp;amp;amp;trk=nav_responsive_tab_home","https:\/\/www.youtube.com\/channel\/UCxL0wu1uN0_3_7hGG0306cw"]},{"@type":"Person","@id":"https:\/\/www.bellunopress.it\/#\/schema\/person\/79bb06722b37ece1c03d3e94beb30d73","name":"r\u00e9daction","image":{"@type":"ImageObject","inLanguage":"fr-FR","@id":"https:\/\/secure.gravatar.com\/avatar\/37d968a2e67a6fd04c169c4bdef102d0bc5d31b2546345219e348575eb80e9a0?s=96&d=mm&r=g","url":"https:\/\/secure.gravatar.com\/avatar\/37d968a2e67a6fd04c169c4bdef102d0bc5d31b2546345219e348575eb80e9a0?s=96&d=mm&r=g","contentUrl":"https:\/\/secure.gravatar.com\/avatar\/37d968a2e67a6fd04c169c4bdef102d0bc5d31b2546345219e348575eb80e9a0?s=96&d=mm&r=g","caption":"redazione"},"sameAs":["http:\/\/www.bellunopress.it","https:\/\/x.com\/bellunopress"],"url":"https:\/\/www.bellunopress.it\/fr\/author\/redazione\/"}]}},"_links":{"self":[{"href":"https:\/\/www.bellunopress.it\/fr\/wp-json\/wp\/v2\/posts\/107803","targetHints":{"allow":["GET"]}}],"collection":[{"href":"https:\/\/www.bellunopress.it\/fr\/wp-json\/wp\/v2\/posts"}],"about":[{"href":"https:\/\/www.bellunopress.it\/fr\/wp-json\/wp\/v2\/types\/post"}],"author":[{"embeddable":true,"href":"https:\/\/www.bellunopress.it\/fr\/wp-json\/wp\/v2\/users\/2"}],"replies":[{"embeddable":true,"href":"https:\/\/www.bellunopress.it\/fr\/wp-json\/wp\/v2\/comments?post=107803"}],"version-history":[{"count":1,"href":"https:\/\/www.bellunopress.it\/fr\/wp-json\/wp\/v2\/posts\/107803\/revisions"}],"predecessor-version":[{"id":107804,"href":"https:\/\/www.bellunopress.it\/fr\/wp-json\/wp\/v2\/posts\/107803\/revisions\/107804"}],"wp:attachment":[{"href":"https:\/\/www.bellunopress.it\/fr\/wp-json\/wp\/v2\/media?parent=107803"}],"wp:term":[{"taxonomy":"category","embeddable":true,"href":"https:\/\/www.bellunopress.it\/fr\/wp-json\/wp\/v2\/categories?post=107803"},{"taxonomy":"post_tag","embeddable":true,"href":"https:\/\/www.bellunopress.it\/fr\/wp-json\/wp\/v2\/tags?post=107803"}],"curies":[{"name":"wp","href":"https:\/\/api.w.org\/{rel}","templated":true}]}}