{"id":107793,"date":"2019-09-11T16:26:12","date_gmt":"2019-09-11T14:26:12","guid":{"rendered":"http:\/\/www.bellunopress.it\/?p=107793"},"modified":"2019-09-11T16:26:13","modified_gmt":"2019-09-11T14:26:13","slug":"wanbao-acc-italia-riunito-il-tavolo-donazzan-il-futuro-di-mel-non-e-solo-una-questione-industriale-ma-anche-diplomatica","status":"publish","type":"post","link":"https:\/\/www.bellunopress.it\/fr\/2019\/09\/11\/wanbao-acc-italia-riunito-il-tavolo-donazzan-il-futuro-di-mel-non-e-solo-una-questione-industriale-ma-anche-diplomatica\/","title":{"rendered":"Wanbao Acc Italia, riunito il Tavolo. Donazzan: &#8220;Il futuro di Mel non \u00e8 solo una questione industriale, ma anche diplomatica&#8221;"},"content":{"rendered":"<figure id=\"attachment_107794\" aria-describedby=\"caption-attachment-107794\" style=\"width: 300px\" class=\"wp-caption alignleft\"><a href=\"http:\/\/www.bellunopress.it\/fr\/2019\/09\/11\/wanbao-acc-italia-riunito-il-tavolo-donazzan-il-futuro-di-mel-non-e-solo-una-questione-industriale-ma-anche-diplomatica\/municipio-borgo-valbelluna-mel\/\" rel=\"attachment wp-att-107794\"><img loading=\"lazy\" decoding=\"async\" class=\"size-full wp-image-107794\" src=\"http:\/\/www.bellunopress.it\/wp-content\/uploads\/2019\/09\/municipio-borgo-valbelluna-mel.jpg\" alt=\"\" width=\"300\" height=\"225\" \/><\/a><figcaption id=\"caption-attachment-107794\" class=\"wp-caption-text\">Municipio Borgo Valbelluna, Mel<\/figcaption><\/figure>\n<p>Venezia, 11 settembre 2019\u00a0 &#8211;\u00a0 Oggi nel Municipio di Borgo Valbelluna, a Mel, \u00e8 stato convocato congiuntamente dal sindaco Stefano Cesa e dall\u2019assessore regionale Elena Donazzan il Consiglio di sorveglianza socio istituzionale di Wanbao-Acc.<br \/>\nAl tavolo erano presenti, oltre al sindaco Cesa e all\u2019assessore regionale Donazzan, il commissario straordinario Maurizio Castro, il presidente della provincia Roberto Padrin, il sindaco di Feltre Paolo Perenzin e l\u2019assessore Mariuccia Resenterra del comune di Lamon, l\u2019onorevole Dario Bond, il segretario particolare Antonio Codemo in rappresentanza del Ministro D\u2019Inc\u00e0; l\u2019azienda era rappresentata dall\u2019AD mr. Lu, il direttore di stabilimento<br \/>\nEnrico Zanivan, il consulente legale Bai Junyi e l\u2019assistente di direzione Stefania Cavallaro; presenti infine tutte le organizzazione territoriali di categoria Fiom-Cgil, Fim-Cisl e Uilm-Uil e tutte le Rsu di stabilimento.<\/p>\n<p><a href=\"http:\/\/www.bellunopress.it\/fr\/2013\/10\/26\/fate-presto-ultimo-appello-di-confindustria-belluno-dolomiti-alle-banche-per-la-salvezza-dellacc-di-mel\/acc-compressor-mel\/\" rel=\"attachment wp-att-53735\"><img loading=\"lazy\" decoding=\"async\" class=\"alignleft size-full wp-image-53735\" src=\"http:\/\/www.bellunopress.it\/wp-content\/uploads\/2013\/10\/Acc-Compressor-Mel.jpg\" alt=\"\" width=\"290\" height=\"217\" \/><\/a>Da parte di tutti i componenti del tavolo di sorveglianza socio istituzionale \u00e8 stata espressa grande insoddisfazione per le mancate risposte alle domande avanzate, in particolare agli interrogativi formulati con precisione dall\u2019assessore Donazzan e dalle organizzazioni sindacali. Domande che scaturivano dalle informazioni raccolte presso i fornitori e i clienti su<br \/>\nalcuni manovre commerciali intraprese, in particolare su bruschi incrementi dei prezzi e strette nei pagamenti .<br \/>\n\u201cNella scelte di politica industriale all\u2019attenzione della Regione del Veneto \u2013 ha dichiarato l\u2019assessore Donazzan &#8211; resta centrale lo stabilimento produttivo di Mel. Destano particolare preoccupazione le fibrillazioni legate al cambio di direzione rispetto agli accordi assunti da Wambao in sede ministeriale. Tale situazione ci impone di affrontare le relazioni con Wambao non solo dal punto di vista del rispetto del piano industriale, ma anche nel piano delle relazioni diplomatiche ai massimi livelli. La determinazione avuta nelle varie azioni sostenute dal Consiglio di sorveglianza socio istituzionale nella varie tematiche affrontate finora per Acc, ci trover\u00e0 nuovamente pronti nelle richieste di chiarimento sulle prospettive industriali e sulla volont\u00e0 di Wanbao di permanere in Italia, nello stabilimento bellunese. In queste risposte<br \/>\ndobbiamo trovare riscontro agli impegni assunti formalmente con l\u2019accordo del 2016 e dovranno essere chiariti i troppi e rilevanti aspetti emersi nella riunione odierna a cui dall\u2019azienda non \u00e8 stata data alcuna risposta\u201d.<br \/>\nIl Consiglio di sorveglianza socio istituzionale ha ringraziato la presenza del commissario Maurizio Castro per le preziose informazioni riportate nel corso del suo intervento relative al contesto internazionale dell\u2019elettrodomestico, ai possibili scenari legati ad un rinnovato interesse per lo stabilimento bellunese da parte di altri grandi produttori che stanno facendo investimenti importanti sul territorio europeo. Lo stesso ad Mr. Lu ha infatti sottolineato la qualit\u00e0 delle produzioni che contraddistinguono Mel e che rappresentano un valore per noi non rinunciabile nelle contrattazioni che riapriremo con Wanbao.<br \/>\nIl ministro D\u2019Inc\u00e0, rappresentato segretario particolare Antonio Codemo, ha confermato la massima attenzione da parte del ministro e ha preannunciato a breve un tavolo al MISE. Il ministro si \u00e8 gi\u00e0 attivato incontrando l\u2019ambasciata cinese nella persona del consigliere ministro Economia e Finanza chiedendo la massima attenzione per il sito di Mel.<\/p>\n<figure id=\"attachment_94736\" aria-describedby=\"caption-attachment-94736\" style=\"width: 190px\" class=\"wp-caption alignleft\"><a href=\"http:\/\/www.bellunopress.it\/fr\/2018\/05\/03\/pari-opportunita-donazzan-a-parita-di-contratto-una-donna-in-veneto-guadagna-tra-il-25-e-il-30-in-meno-deluomo\/elena-donazzan\/\" rel=\"attachment wp-att-94736\"><img loading=\"lazy\" decoding=\"async\" class=\"size-full wp-image-94736\" src=\"http:\/\/www.bellunopress.it\/wp-content\/uploads\/2018\/05\/Elena-Donazzan.jpg\" alt=\"\" width=\"190\" height=\"207\" \/><\/a><figcaption id=\"caption-attachment-94736\" class=\"wp-caption-text\">Elena Donazzan &#8211; Assessore regionale<\/figcaption><\/figure>\n<p>L\u2019assessore Donazzan ha auspicato che la gestione di Wanbao non rappresenti l\u2019ennesimo disdicevole fenomeno predatorio come quello rappresentato dalle gestione dei fondi speculativi guidati da Alix Partners che port\u00f2 alla costituzione di parte civile della Regione del Veneto, a seguito della mozione approvata all\u2019unanimit\u00e0 da parte del Consiglio regionale del Veneto, di cui stiamo attendendo la sentenza il giorno 30 settembre.<\/p>","protected":false},"excerpt":{"rendered":"<p>Venezia, 11 settembre 2019\u00a0 &#8211;\u00a0 Oggi nel Municipio di Borgo Valbelluna, a Mel, \u00e8 stato convocato congiuntamente dal sindaco Stefano Cesa e dall\u2019assessore regionale Elena Donazzan il Consiglio di sorveglianza socio istituzionale di Wanbao-Acc. Al tavolo erano presenti, oltre al sindaco Cesa e all\u2019assessore regionale Donazzan, il commissario straordinario Maurizio Castro, il presidente della provincia [&hellip;]<\/p>\n","protected":false},"author":2,"featured_media":0,"comment_status":"closed","ping_status":"open","sticky":false,"template":"","format":"standard","meta":{"footnotes":""},"categories":[5,36],"tags":[],"class_list":["post-107793","post","type-post","status-publish","format-standard","category-cronaca","category-lavoro-economia"],"yoast_head":"<!-- This site is optimized with the Yoast SEO plugin v28.4 - https:\/\/yoast.com\/product\/yoast-seo-wordpress\/ -->\n<title>Wanbao Acc Italia, riunito il Tavolo. Donazzan: &quot;Il futuro di Mel non \u00e8 solo una questione industriale, ma anche diplomatica&quot; - Bellunopress - Dolomiti<\/title>\n<meta name=\"robots\" content=\"index, follow, max-snippet:-1, max-image-preview:large, max-video-preview:-1\" \/>\n<link rel=\"canonical\" href=\"https:\/\/www.bellunopress.it\/fr\/2019\/09\/11\/wanbao-acc-italia-riunito-il-tavolo-donazzan-il-futuro-di-mel-non-e-solo-una-questione-industriale-ma-anche-diplomatica\/\" \/>\n<meta property=\"og:locale\" content=\"fr_FR\" \/>\n<meta property=\"og:type\" content=\"article\" \/>\n<meta property=\"og:title\" content=\"Wanbao Acc Italia, riunito il Tavolo. Donazzan: &quot;Il futuro di Mel non \u00e8 solo una questione industriale, ma anche diplomatica&quot; - Bellunopress - Dolomiti\" \/>\n<meta property=\"og:description\" content=\"Venezia, 11 settembre 2019\u00a0 &#8211;\u00a0 Oggi nel Municipio di Borgo Valbelluna, a Mel, \u00e8 stato convocato congiuntamente dal sindaco Stefano Cesa e dall\u2019assessore regionale Elena Donazzan il Consiglio di sorveglianza socio istituzionale di Wanbao-Acc. Al tavolo erano presenti, oltre al sindaco Cesa e all\u2019assessore regionale Donazzan, il commissario straordinario Maurizio Castro, il presidente della provincia [&hellip;]\" \/>\n<meta property=\"og:url\" content=\"https:\/\/www.bellunopress.it\/fr\/2019\/09\/11\/wanbao-acc-italia-riunito-il-tavolo-donazzan-il-futuro-di-mel-non-e-solo-una-questione-industriale-ma-anche-diplomatica\/\" \/>\n<meta property=\"og:site_name\" content=\"Bellunopress - Dolomiti\" \/>\n<meta property=\"article:publisher\" content=\"https:\/\/www.facebook.com\/profile.php?id=100008943462799\" \/>\n<meta property=\"article:published_time\" content=\"2019-09-11T14:26:12+00:00\" \/>\n<meta property=\"article:modified_time\" content=\"2019-09-11T14:26:13+00:00\" \/>\n<meta property=\"og:image\" content=\"http:\/\/www.bellunopress.it\/wp-content\/uploads\/2019\/09\/municipio-borgo-valbelluna-mel.jpg\" \/>\n<meta name=\"author\" content=\"redazione\" \/>\n<meta name=\"twitter:card\" content=\"summary_large_image\" \/>\n<meta name=\"twitter:creator\" content=\"@bellunopress\" \/>\n<meta name=\"twitter:site\" content=\"@bellunopress\" \/>\n<meta name=\"twitter:label1\" content=\"\u00c9crit par\" \/>\n\t<meta name=\"twitter:data1\" content=\"redazione\" \/>\n\t<meta name=\"twitter:label2\" content=\"Dur\u00e9e de lecture estim\u00e9e\" \/>\n\t<meta name=\"twitter:data2\" content=\"3 minutes\" \/>\n<script type=\"application\/ld+json\" class=\"yoast-schema-graph\">{\"@context\":\"https:\\\/\\\/schema.org\",\"@graph\":[{\"@type\":\"Article\",\"@id\":\"https:\\\/\\\/www.bellunopress.it\\\/2019\\\/09\\\/11\\\/wanbao-acc-italia-riunito-il-tavolo-donazzan-il-futuro-di-mel-non-e-solo-una-questione-industriale-ma-anche-diplomatica\\\/#article\",\"isPartOf\":{\"@id\":\"https:\\\/\\\/www.bellunopress.it\\\/2019\\\/09\\\/11\\\/wanbao-acc-italia-riunito-il-tavolo-donazzan-il-futuro-di-mel-non-e-solo-una-questione-industriale-ma-anche-diplomatica\\\/\"},\"author\":{\"name\":\"redazione\",\"@id\":\"https:\\\/\\\/www.bellunopress.it\\\/#\\\/schema\\\/person\\\/79bb06722b37ece1c03d3e94beb30d73\"},\"headline\":\"Wanbao Acc Italia, riunito il Tavolo. Donazzan: &#8220;Il futuro di Mel non \u00e8 solo una questione industriale, ma anche diplomatica&#8221;\",\"datePublished\":\"2019-09-11T14:26:12+00:00\",\"dateModified\":\"2019-09-11T14:26:13+00:00\",\"mainEntityOfPage\":{\"@id\":\"https:\\\/\\\/www.bellunopress.it\\\/2019\\\/09\\\/11\\\/wanbao-acc-italia-riunito-il-tavolo-donazzan-il-futuro-di-mel-non-e-solo-una-questione-industriale-ma-anche-diplomatica\\\/\"},\"wordCount\":592,\"publisher\":{\"@id\":\"https:\\\/\\\/www.bellunopress.it\\\/#organization\"},\"image\":{\"@id\":\"https:\\\/\\\/www.bellunopress.it\\\/2019\\\/09\\\/11\\\/wanbao-acc-italia-riunito-il-tavolo-donazzan-il-futuro-di-mel-non-e-solo-una-questione-industriale-ma-anche-diplomatica\\\/#primaryimage\"},\"thumbnailUrl\":\"http:\\\/\\\/www.bellunopress.it\\\/wp-content\\\/uploads\\\/2019\\\/09\\\/municipio-borgo-valbelluna-mel.jpg\",\"articleSection\":[\"Cronaca\\\/Politica\",\"Lavoro, Economia, Turismo\"],\"inLanguage\":\"fr-FR\"},{\"@type\":\"WebPage\",\"@id\":\"https:\\\/\\\/www.bellunopress.it\\\/2019\\\/09\\\/11\\\/wanbao-acc-italia-riunito-il-tavolo-donazzan-il-futuro-di-mel-non-e-solo-una-questione-industriale-ma-anche-diplomatica\\\/\",\"url\":\"https:\\\/\\\/www.bellunopress.it\\\/2019\\\/09\\\/11\\\/wanbao-acc-italia-riunito-il-tavolo-donazzan-il-futuro-di-mel-non-e-solo-una-questione-industriale-ma-anche-diplomatica\\\/\",\"name\":\"Wanbao Acc Italia, riunito il Tavolo. Donazzan: \\\"Il futuro di Mel non \u00e8 solo una questione industriale, ma anche diplomatica\\\" - Bellunopress - Dolomiti\",\"isPartOf\":{\"@id\":\"https:\\\/\\\/www.bellunopress.it\\\/#website\"},\"primaryImageOfPage\":{\"@id\":\"https:\\\/\\\/www.bellunopress.it\\\/2019\\\/09\\\/11\\\/wanbao-acc-italia-riunito-il-tavolo-donazzan-il-futuro-di-mel-non-e-solo-una-questione-industriale-ma-anche-diplomatica\\\/#primaryimage\"},\"image\":{\"@id\":\"https:\\\/\\\/www.bellunopress.it\\\/2019\\\/09\\\/11\\\/wanbao-acc-italia-riunito-il-tavolo-donazzan-il-futuro-di-mel-non-e-solo-una-questione-industriale-ma-anche-diplomatica\\\/#primaryimage\"},\"thumbnailUrl\":\"http:\\\/\\\/www.bellunopress.it\\\/wp-content\\\/uploads\\\/2019\\\/09\\\/municipio-borgo-valbelluna-mel.jpg\",\"datePublished\":\"2019-09-11T14:26:12+00:00\",\"dateModified\":\"2019-09-11T14:26:13+00:00\",\"breadcrumb\":{\"@id\":\"https:\\\/\\\/www.bellunopress.it\\\/2019\\\/09\\\/11\\\/wanbao-acc-italia-riunito-il-tavolo-donazzan-il-futuro-di-mel-non-e-solo-una-questione-industriale-ma-anche-diplomatica\\\/#breadcrumb\"},\"inLanguage\":\"fr-FR\",\"potentialAction\":[{\"@type\":\"ReadAction\",\"target\":[\"https:\\\/\\\/www.bellunopress.it\\\/2019\\\/09\\\/11\\\/wanbao-acc-italia-riunito-il-tavolo-donazzan-il-futuro-di-mel-non-e-solo-una-questione-industriale-ma-anche-diplomatica\\\/\"]}]},{\"@type\":\"ImageObject\",\"inLanguage\":\"fr-FR\",\"@id\":\"https:\\\/\\\/www.bellunopress.it\\\/2019\\\/09\\\/11\\\/wanbao-acc-italia-riunito-il-tavolo-donazzan-il-futuro-di-mel-non-e-solo-una-questione-industriale-ma-anche-diplomatica\\\/#primaryimage\",\"url\":\"http:\\\/\\\/www.bellunopress.it\\\/wp-content\\\/uploads\\\/2019\\\/09\\\/municipio-borgo-valbelluna-mel.jpg\",\"contentUrl\":\"http:\\\/\\\/www.bellunopress.it\\\/wp-content\\\/uploads\\\/2019\\\/09\\\/municipio-borgo-valbelluna-mel.jpg\"},{\"@type\":\"BreadcrumbList\",\"@id\":\"https:\\\/\\\/www.bellunopress.it\\\/2019\\\/09\\\/11\\\/wanbao-acc-italia-riunito-il-tavolo-donazzan-il-futuro-di-mel-non-e-solo-una-questione-industriale-ma-anche-diplomatica\\\/#breadcrumb\",\"itemListElement\":[{\"@type\":\"ListItem\",\"position\":1,\"name\":\"Home\",\"item\":\"https:\\\/\\\/www.bellunopress.it\\\/\"},{\"@type\":\"ListItem\",\"position\":2,\"name\":\"Wanbao Acc Italia, riunito il Tavolo. Donazzan: &#8220;Il futuro di Mel non \u00e8 solo una questione industriale, ma anche diplomatica&#8221;\"}]},{\"@type\":\"WebSite\",\"@id\":\"https:\\\/\\\/www.bellunopress.it\\\/#website\",\"url\":\"https:\\\/\\\/www.bellunopress.it\\\/\",\"name\":\"Bellunopress - Dolomiti\",\"description\":\"e-mail: redazione@bellunopress.it\",\"publisher\":{\"@id\":\"https:\\\/\\\/www.bellunopress.it\\\/#organization\"},\"potentialAction\":[{\"@type\":\"SearchAction\",\"target\":{\"@type\":\"EntryPoint\",\"urlTemplate\":\"https:\\\/\\\/www.bellunopress.it\\\/?s={search_term_string}\"},\"query-input\":{\"@type\":\"PropertyValueSpecification\",\"valueRequired\":true,\"valueName\":\"search_term_string\"}}],\"inLanguage\":\"fr-FR\"},{\"@type\":\"Organization\",\"@id\":\"https:\\\/\\\/www.bellunopress.it\\\/#organization\",\"name\":\"Bellunopress\",\"url\":\"https:\\\/\\\/www.bellunopress.it\\\/\",\"logo\":{\"@type\":\"ImageObject\",\"inLanguage\":\"fr-FR\",\"@id\":\"https:\\\/\\\/www.bellunopress.it\\\/#\\\/schema\\\/logo\\\/image\\\/\",\"url\":\"https:\\\/\\\/www.bellunopress.it\\\/wp-content\\\/uploads\\\/2011\\\/05\\\/cropped-logo-bellunopress-.jpg\",\"contentUrl\":\"https:\\\/\\\/www.bellunopress.it\\\/wp-content\\\/uploads\\\/2011\\\/05\\\/cropped-logo-bellunopress-.jpg\",\"width\":512,\"height\":512,\"caption\":\"Bellunopress\"},\"image\":{\"@id\":\"https:\\\/\\\/www.bellunopress.it\\\/#\\\/schema\\\/logo\\\/image\\\/\"},\"sameAs\":[\"https:\\\/\\\/www.facebook.com\\\/profile.php?id=100008943462799\",\"https:\\\/\\\/x.com\\\/bellunopress\",\"https:\\\/\\\/www.linkedin.com\\\/hp\\\/?dnr=JBzUWaJfMUw8vbXJJ2tVW5-I3jZKvC4wsoxE&amp;amp;amp;amp;amp;amp;trk=nav_responsive_tab_home\",\"https:\\\/\\\/www.youtube.com\\\/channel\\\/UCxL0wu1uN0_3_7hGG0306cw\"]},{\"@type\":\"Person\",\"@id\":\"https:\\\/\\\/www.bellunopress.it\\\/#\\\/schema\\\/person\\\/79bb06722b37ece1c03d3e94beb30d73\",\"name\":\"redazione\",\"image\":{\"@type\":\"ImageObject\",\"inLanguage\":\"fr-FR\",\"@id\":\"https:\\\/\\\/secure.gravatar.com\\\/avatar\\\/37d968a2e67a6fd04c169c4bdef102d0bc5d31b2546345219e348575eb80e9a0?s=96&d=mm&r=g\",\"url\":\"https:\\\/\\\/secure.gravatar.com\\\/avatar\\\/37d968a2e67a6fd04c169c4bdef102d0bc5d31b2546345219e348575eb80e9a0?s=96&d=mm&r=g\",\"contentUrl\":\"https:\\\/\\\/secure.gravatar.com\\\/avatar\\\/37d968a2e67a6fd04c169c4bdef102d0bc5d31b2546345219e348575eb80e9a0?s=96&d=mm&r=g\",\"caption\":\"redazione\"},\"sameAs\":[\"http:\\\/\\\/www.bellunopress.it\",\"https:\\\/\\\/x.com\\\/bellunopress\"],\"url\":\"https:\\\/\\\/www.bellunopress.it\\\/fr\\\/author\\\/redazione\\\/\"}]}<\/script>\n<!-- \/ Yoast SEO plugin. -->","yoast_head_json":{"title":"Wanbao Acc Italia, riunito il Tavolo. Donazzan: \"Il futuro di Mel non \u00e8 solo una questione industriale, ma anche diplomatica\" - Bellunopress - Dolomiti","robots":{"index":"index","follow":"follow","max-snippet":"max-snippet:-1","max-image-preview":"max-image-preview:large","max-video-preview":"max-video-preview:-1"},"canonical":"https:\/\/www.bellunopress.it\/fr\/2019\/09\/11\/wanbao-acc-italia-riunito-il-tavolo-donazzan-il-futuro-di-mel-non-e-solo-una-questione-industriale-ma-anche-diplomatica\/","og_locale":"fr_FR","og_type":"article","og_title":"Wanbao Acc Italia, riunito il Tavolo. Donazzan: \"Il futuro di Mel non \u00e8 solo una questione industriale, ma anche diplomatica\" - Bellunopress - Dolomiti","og_description":"Venezia, 11 settembre 2019\u00a0 &#8211;\u00a0 Oggi nel Municipio di Borgo Valbelluna, a Mel, \u00e8 stato convocato congiuntamente dal sindaco Stefano Cesa e dall\u2019assessore regionale Elena Donazzan il Consiglio di sorveglianza socio istituzionale di Wanbao-Acc. Al tavolo erano presenti, oltre al sindaco Cesa e all\u2019assessore regionale Donazzan, il commissario straordinario Maurizio Castro, il presidente della provincia [&hellip;]","og_url":"https:\/\/www.bellunopress.it\/fr\/2019\/09\/11\/wanbao-acc-italia-riunito-il-tavolo-donazzan-il-futuro-di-mel-non-e-solo-una-questione-industriale-ma-anche-diplomatica\/","og_site_name":"Bellunopress - Dolomiti","article_publisher":"https:\/\/www.facebook.com\/profile.php?id=100008943462799","article_published_time":"2019-09-11T14:26:12+00:00","article_modified_time":"2019-09-11T14:26:13+00:00","og_image":[{"url":"http:\/\/www.bellunopress.it\/wp-content\/uploads\/2019\/09\/municipio-borgo-valbelluna-mel.jpg","type":"","width":"","height":""}],"author":"redazione","twitter_card":"summary_large_image","twitter_creator":"@bellunopress","twitter_site":"@bellunopress","twitter_misc":{"\u00c9crit par":"redazione","Dur\u00e9e de lecture estim\u00e9e":"3 minutes"},"schema":{"@context":"https:\/\/schema.org","@graph":[{"@type":"Article","@id":"https:\/\/www.bellunopress.it\/2019\/09\/11\/wanbao-acc-italia-riunito-il-tavolo-donazzan-il-futuro-di-mel-non-e-solo-una-questione-industriale-ma-anche-diplomatica\/#article","isPartOf":{"@id":"https:\/\/www.bellunopress.it\/2019\/09\/11\/wanbao-acc-italia-riunito-il-tavolo-donazzan-il-futuro-di-mel-non-e-solo-una-questione-industriale-ma-anche-diplomatica\/"},"author":{"name":"redazione","@id":"https:\/\/www.bellunopress.it\/#\/schema\/person\/79bb06722b37ece1c03d3e94beb30d73"},"headline":"Wanbao Acc Italia, riunito il Tavolo. Donazzan: &#8220;Il futuro di Mel non \u00e8 solo una questione industriale, ma anche diplomatica&#8221;","datePublished":"2019-09-11T14:26:12+00:00","dateModified":"2019-09-11T14:26:13+00:00","mainEntityOfPage":{"@id":"https:\/\/www.bellunopress.it\/2019\/09\/11\/wanbao-acc-italia-riunito-il-tavolo-donazzan-il-futuro-di-mel-non-e-solo-una-questione-industriale-ma-anche-diplomatica\/"},"wordCount":592,"publisher":{"@id":"https:\/\/www.bellunopress.it\/#organization"},"image":{"@id":"https:\/\/www.bellunopress.it\/2019\/09\/11\/wanbao-acc-italia-riunito-il-tavolo-donazzan-il-futuro-di-mel-non-e-solo-una-questione-industriale-ma-anche-diplomatica\/#primaryimage"},"thumbnailUrl":"http:\/\/www.bellunopress.it\/wp-content\/uploads\/2019\/09\/municipio-borgo-valbelluna-mel.jpg","articleSection":["Cronaca\/Politica","Lavoro, Economia, Turismo"],"inLanguage":"fr-FR"},{"@type":"WebPage","@id":"https:\/\/www.bellunopress.it\/2019\/09\/11\/wanbao-acc-italia-riunito-il-tavolo-donazzan-il-futuro-di-mel-non-e-solo-una-questione-industriale-ma-anche-diplomatica\/","url":"https:\/\/www.bellunopress.it\/2019\/09\/11\/wanbao-acc-italia-riunito-il-tavolo-donazzan-il-futuro-di-mel-non-e-solo-una-questione-industriale-ma-anche-diplomatica\/","name":"Wanbao Acc Italia, riunito il Tavolo. Donazzan: \"Il futuro di Mel non \u00e8 solo una questione industriale, ma anche diplomatica\" - Bellunopress - Dolomiti","isPartOf":{"@id":"https:\/\/www.bellunopress.it\/#website"},"primaryImageOfPage":{"@id":"https:\/\/www.bellunopress.it\/2019\/09\/11\/wanbao-acc-italia-riunito-il-tavolo-donazzan-il-futuro-di-mel-non-e-solo-una-questione-industriale-ma-anche-diplomatica\/#primaryimage"},"image":{"@id":"https:\/\/www.bellunopress.it\/2019\/09\/11\/wanbao-acc-italia-riunito-il-tavolo-donazzan-il-futuro-di-mel-non-e-solo-una-questione-industriale-ma-anche-diplomatica\/#primaryimage"},"thumbnailUrl":"http:\/\/www.bellunopress.it\/wp-content\/uploads\/2019\/09\/municipio-borgo-valbelluna-mel.jpg","datePublished":"2019-09-11T14:26:12+00:00","dateModified":"2019-09-11T14:26:13+00:00","breadcrumb":{"@id":"https:\/\/www.bellunopress.it\/2019\/09\/11\/wanbao-acc-italia-riunito-il-tavolo-donazzan-il-futuro-di-mel-non-e-solo-una-questione-industriale-ma-anche-diplomatica\/#breadcrumb"},"inLanguage":"fr-FR","potentialAction":[{"@type":"ReadAction","target":["https:\/\/www.bellunopress.it\/2019\/09\/11\/wanbao-acc-italia-riunito-il-tavolo-donazzan-il-futuro-di-mel-non-e-solo-una-questione-industriale-ma-anche-diplomatica\/"]}]},{"@type":"ImageObject","inLanguage":"fr-FR","@id":"https:\/\/www.bellunopress.it\/2019\/09\/11\/wanbao-acc-italia-riunito-il-tavolo-donazzan-il-futuro-di-mel-non-e-solo-una-questione-industriale-ma-anche-diplomatica\/#primaryimage","url":"http:\/\/www.bellunopress.it\/wp-content\/uploads\/2019\/09\/municipio-borgo-valbelluna-mel.jpg","contentUrl":"http:\/\/www.bellunopress.it\/wp-content\/uploads\/2019\/09\/municipio-borgo-valbelluna-mel.jpg"},{"@type":"BreadcrumbList","@id":"https:\/\/www.bellunopress.it\/2019\/09\/11\/wanbao-acc-italia-riunito-il-tavolo-donazzan-il-futuro-di-mel-non-e-solo-una-questione-industriale-ma-anche-diplomatica\/#breadcrumb","itemListElement":[{"@type":"ListItem","position":1,"name":"Home","item":"https:\/\/www.bellunopress.it\/"},{"@type":"ListItem","position":2,"name":"Wanbao Acc Italia, riunito il Tavolo. Donazzan: &#8220;Il futuro di Mel non \u00e8 solo una questione industriale, ma anche diplomatica&#8221;"}]},{"@type":"WebSite","@id":"https:\/\/www.bellunopress.it\/#website","url":"https:\/\/www.bellunopress.it\/","name":"Bellunopress - Dolomiti","description":"e-mail: redazione@bellunopress.it","publisher":{"@id":"https:\/\/www.bellunopress.it\/#organization"},"potentialAction":[{"@type":"SearchAction","target":{"@type":"EntryPoint","urlTemplate":"https:\/\/www.bellunopress.it\/?s={search_term_string}"},"query-input":{"@type":"PropertyValueSpecification","valueRequired":true,"valueName":"search_term_string"}}],"inLanguage":"fr-FR"},{"@type":"Organization","@id":"https:\/\/www.bellunopress.it\/#organization","name":"Bellunopress","url":"https:\/\/www.bellunopress.it\/","logo":{"@type":"ImageObject","inLanguage":"fr-FR","@id":"https:\/\/www.bellunopress.it\/#\/schema\/logo\/image\/","url":"https:\/\/www.bellunopress.it\/wp-content\/uploads\/2011\/05\/cropped-logo-bellunopress-.jpg","contentUrl":"https:\/\/www.bellunopress.it\/wp-content\/uploads\/2011\/05\/cropped-logo-bellunopress-.jpg","width":512,"height":512,"caption":"Bellunopress"},"image":{"@id":"https:\/\/www.bellunopress.it\/#\/schema\/logo\/image\/"},"sameAs":["https:\/\/www.facebook.com\/profile.php?id=100008943462799","https:\/\/x.com\/bellunopress","https:\/\/www.linkedin.com\/hp\/?dnr=JBzUWaJfMUw8vbXJJ2tVW5-I3jZKvC4wsoxE&amp;amp;amp;amp;amp;amp;trk=nav_responsive_tab_home","https:\/\/www.youtube.com\/channel\/UCxL0wu1uN0_3_7hGG0306cw"]},{"@type":"Person","@id":"https:\/\/www.bellunopress.it\/#\/schema\/person\/79bb06722b37ece1c03d3e94beb30d73","name":"r\u00e9daction","image":{"@type":"ImageObject","inLanguage":"fr-FR","@id":"https:\/\/secure.gravatar.com\/avatar\/37d968a2e67a6fd04c169c4bdef102d0bc5d31b2546345219e348575eb80e9a0?s=96&d=mm&r=g","url":"https:\/\/secure.gravatar.com\/avatar\/37d968a2e67a6fd04c169c4bdef102d0bc5d31b2546345219e348575eb80e9a0?s=96&d=mm&r=g","contentUrl":"https:\/\/secure.gravatar.com\/avatar\/37d968a2e67a6fd04c169c4bdef102d0bc5d31b2546345219e348575eb80e9a0?s=96&d=mm&r=g","caption":"redazione"},"sameAs":["http:\/\/www.bellunopress.it","https:\/\/x.com\/bellunopress"],"url":"https:\/\/www.bellunopress.it\/fr\/author\/redazione\/"}]}},"_links":{"self":[{"href":"https:\/\/www.bellunopress.it\/fr\/wp-json\/wp\/v2\/posts\/107793","targetHints":{"allow":["GET"]}}],"collection":[{"href":"https:\/\/www.bellunopress.it\/fr\/wp-json\/wp\/v2\/posts"}],"about":[{"href":"https:\/\/www.bellunopress.it\/fr\/wp-json\/wp\/v2\/types\/post"}],"author":[{"embeddable":true,"href":"https:\/\/www.bellunopress.it\/fr\/wp-json\/wp\/v2\/users\/2"}],"replies":[{"embeddable":true,"href":"https:\/\/www.bellunopress.it\/fr\/wp-json\/wp\/v2\/comments?post=107793"}],"version-history":[{"count":2,"href":"https:\/\/www.bellunopress.it\/fr\/wp-json\/wp\/v2\/posts\/107793\/revisions"}],"predecessor-version":[{"id":107796,"href":"https:\/\/www.bellunopress.it\/fr\/wp-json\/wp\/v2\/posts\/107793\/revisions\/107796"}],"wp:attachment":[{"href":"https:\/\/www.bellunopress.it\/fr\/wp-json\/wp\/v2\/media?parent=107793"}],"wp:term":[{"taxonomy":"category","embeddable":true,"href":"https:\/\/www.bellunopress.it\/fr\/wp-json\/wp\/v2\/categories?post=107793"},{"taxonomy":"post_tag","embeddable":true,"href":"https:\/\/www.bellunopress.it\/fr\/wp-json\/wp\/v2\/tags?post=107793"}],"curies":[{"name":"wp","href":"https:\/\/api.w.org\/{rel}","templated":true}]}}