{"id":107789,"date":"2019-09-11T16:11:27","date_gmt":"2019-09-11T14:11:27","guid":{"rendered":"http:\/\/www.bellunopress.it\/?p=107789"},"modified":"2019-09-11T16:11:28","modified_gmt":"2019-09-11T14:11:28","slug":"fulcis-s-pietro-e-auditorium-linizio-di-stagione-della-miari","status":"publish","type":"post","link":"https:\/\/www.bellunopress.it\/fr\/2019\/09\/11\/fulcis-s-pietro-e-auditorium-linizio-di-stagione-della-miari\/","title":{"rendered":"Fulcis, S.Pietro e Auditorium: l&#8217;inizio di stagione della Miari"},"content":{"rendered":"<p><strong>Una nuova rassegna al Fulcis, un concerto a San Pietro e l&#8217;iniziativa &#8220;Scuola Aperta&#8221; riempiono di musica il weekend bellunese.<\/strong><\/p>\n<figure id=\"attachment_107790\" aria-describedby=\"caption-attachment-107790\" style=\"width: 266px\" class=\"wp-caption alignleft\"><a href=\"http:\/\/www.bellunopress.it\/fr\/2019\/09\/11\/fulcis-s-pietro-e-auditorium-linizio-di-stagione-della-miari\/palazzo-auditorium\/\" rel=\"attachment wp-att-107790\"><img loading=\"lazy\" decoding=\"async\" class=\"size-full wp-image-107790\" src=\"http:\/\/www.bellunopress.it\/wp-content\/uploads\/2019\/09\/Palazzo-Auditorium.jpg\" alt=\"\" width=\"266\" height=\"300\" \/><\/a><figcaption id=\"caption-attachment-107790\" class=\"wp-caption-text\">Auditorium di Belluno, sede della Scuola di musica Miari<\/figcaption><\/figure>\n<p>Con la riapertura delle iscrizioni (fino al 27 settembre) per l&#8217;avvio dell&#8217;anno scolastico 2019\/2020, la Scuola Comunale di Musica &#8220;Antonio Miari&#8221; di Belluno \u00e8 lieta di presentare alla Citt\u00e0 i colori degli strumenti musicali nella prestigiosa cornice di Palazzo Fulcis. Nasce cos\u00ec la nuova rassegna &#8220;Strumenti in Mostra &#8211; Concerti al Museo&#8221; che vede protagonisti non solo affermati interpreti del panorama musicale ma anche giovani e talentuosi esecutori che gi\u00e0 sono pronti a calcare il palcoscenico.<\/p>\n<p>Due dei quattro concerti in programma sono resi possibili grazie alla collaborazione del Conservatorio di Musica &#8220;Agostino Steffani&#8221; di Castelfranco Veneto (Treviso), da un anno ente gestore della &#8220;Miari&#8221; tramite un accordo di convenzione con il Comune di Belluno. Il primo appuntamento di &#8220;Strumenti in Mostra&#8221; \u00e8 in programma venerd\u00ec 13 settembre alle ore 17.30 presso il Salone nobiliare del Fulcis con l&#8217;esibizione del duo dissonAnce, composto dai fisarmonicisti Roberto Caberlotto e Gilberto Meneghin. I musicisti presenteranno una rielaborazione dei Contrappunti 1 \u2013 9 de L&#8217;arte della fuga (BWV 1080) di Johann Sebastian Bach, modellando la partitura (originariamente senza una precisa destinazione) intorno al profilo del proprio strumento, il quale, grazie alla ricchezza di dinamiche e timbriche, ne diventa un nuovo e sorprendente interprete. Il duo nasce nel 2005 dalla comune sensibilit\u00e0 di voler dare un&#8217;identit\u00e0 diversa alla fisarmonica, nota in particolare per il repertorio folclorico. Ingresso libero fino ad esaurimento posti.<\/p>\n<p>La Scuola &#8220;Miari&#8221; per quindici anni \u00e8 stata anche un laboratorio di progetti dedicati all&#8217;opera e alla musica vocale cameristica e sacra. Un&#8217;esperienza molto intensa, grazie al lavoro assiduo della prof.ssa Elena Filini, che ha visto produzioni sacre e liriche, progetti didattici e rassegne sul territorio e nella provincia. \u00c8 in questo quadro che si inserisce Hieronymus \u2013 Musiche per il Colloredo, il concerto dedicato a Mozart alla Chiesa di San Pietro di Belluno di sabato 14 settembre alle ore 20.45. L&#8217;evento riunisce alcuni degli ex allievi e degli ex insegnanti che hanno contribuito alla crescita artistica della Scuola. Il Colloredo \u00e8 stato il primo grande mecenate del giovane Amadeus: una figura controversa, destinata ad avere una grande influenza sulla vita del compositore. Queste le musiche che Mozart scrisse per il Principe Vescovo e che verranno eseguite da La Dominante Baroque consort e il Coro di Stramare diretto da Elena Filini: Kirchensonate in Sol maggiore KV 274, Mottetto Alma Dei Creatoris KV 277 per soli, coro, archi e basso continuo, Divertimento in Fa maggiore KV 138, Missa brevis in Fa maggiore KV 192 per soli, coro, archi e basso continuo. Ingresso libero.<\/p>\n<p>La Dominante Baroque consort, composto da Massimiliano Tieppo (violino), Massimiliano Simonetto (violino), Maril\u00f9 Barbon (viola), Simone Tieppo (violoncello), Daniele Carnio (contrabbasso) e Michele Geremia (organo e cembalo), \u00e8 un gruppo strumentale italiano specializzato nell&#8217;esecuzione di musica barocca su strumenti d&#8217;epoca. I suoi membri, cresciuti tra le aule dello &#8220;Steffani&#8221;, si sono formati in importanti complessi.<\/p>\n<p>Il coro di Stramare nasce nel 2008 per iniziativa di Mariano Lio. L&#8217;incontro nel 2010 con Elena Filini e il suo entourage di musicisti ha definito le caratteristiche attuali del coro.<\/p>\n<p>Inoltre sabato 14 settembre, dalle 15.00 alle 18.00, presso la sede della Scuola &#8220;Miari&#8221; (via Tomaso Catullo 2, Belluno) si terr\u00e0 il primo appuntamento de &#8220;Il giro degli strumenti&#8221;, iniziativa che rientra nell&#8217;ambito di &#8220;Scuola Aperta&#8221; con cui tradizionalmente vengono aperte le porte di Palazzo Auditorium al pubblico. Bambini, giovani e adulti avranno la possibilit\u00e0 di conoscere i corsi e le attivit\u00e0 della Scuola.<\/p>","protected":false},"excerpt":{"rendered":"<p>Una nuova rassegna al Fulcis, un concerto a San Pietro e l&#8217;iniziativa &#8220;Scuola Aperta&#8221; riempiono di musica il weekend bellunese. Con la riapertura delle iscrizioni (fino al 27 settembre) per l&#8217;avvio dell&#8217;anno scolastico 2019\/2020, la Scuola Comunale di Musica &#8220;Antonio Miari&#8221; di Belluno \u00e8 lieta di presentare alla Citt\u00e0 i colori degli strumenti musicali nella [&hellip;]<\/p>\n","protected":false},"author":2,"featured_media":0,"comment_status":"closed","ping_status":"open","sticky":false,"template":"","format":"standard","meta":{"footnotes":""},"categories":[27,3,25],"tags":[],"class_list":["post-107789","post","type-post","status-publish","format-standard","category-appuntamenti","category-arte-cultura-spettacoli-scienza-archivi","category-pausa-caffe"],"yoast_head":"<!-- This site is optimized with the Yoast SEO plugin v28.4 - https:\/\/yoast.com\/product\/yoast-seo-wordpress\/ -->\n<title>Fulcis, S.Pietro e Auditorium: l&#039;inizio di stagione della Miari - Bellunopress - Dolomiti<\/title>\n<meta name=\"robots\" content=\"index, follow, max-snippet:-1, max-image-preview:large, max-video-preview:-1\" \/>\n<link rel=\"canonical\" href=\"https:\/\/www.bellunopress.it\/fr\/2019\/09\/11\/fulcis-s-pietro-e-auditorium-linizio-di-stagione-della-miari\/\" \/>\n<meta property=\"og:locale\" content=\"fr_FR\" \/>\n<meta property=\"og:type\" content=\"article\" \/>\n<meta property=\"og:title\" content=\"Fulcis, S.Pietro e Auditorium: l&#039;inizio di stagione della Miari - Bellunopress - Dolomiti\" \/>\n<meta property=\"og:description\" content=\"Una nuova rassegna al Fulcis, un concerto a San Pietro e l&#8217;iniziativa &#8220;Scuola Aperta&#8221; riempiono di musica il weekend bellunese. Con la riapertura delle iscrizioni (fino al 27 settembre) per l&#8217;avvio dell&#8217;anno scolastico 2019\/2020, la Scuola Comunale di Musica &#8220;Antonio Miari&#8221; di Belluno \u00e8 lieta di presentare alla Citt\u00e0 i colori degli strumenti musicali nella [&hellip;]\" \/>\n<meta property=\"og:url\" content=\"https:\/\/www.bellunopress.it\/fr\/2019\/09\/11\/fulcis-s-pietro-e-auditorium-linizio-di-stagione-della-miari\/\" \/>\n<meta property=\"og:site_name\" content=\"Bellunopress - Dolomiti\" \/>\n<meta property=\"article:publisher\" content=\"https:\/\/www.facebook.com\/profile.php?id=100008943462799\" \/>\n<meta property=\"article:published_time\" content=\"2019-09-11T14:11:27+00:00\" \/>\n<meta property=\"article:modified_time\" content=\"2019-09-11T14:11:28+00:00\" \/>\n<meta property=\"og:image\" content=\"http:\/\/www.bellunopress.it\/wp-content\/uploads\/2019\/09\/Palazzo-Auditorium.jpg\" \/>\n<meta name=\"author\" content=\"redazione\" \/>\n<meta name=\"twitter:card\" content=\"summary_large_image\" \/>\n<meta name=\"twitter:creator\" content=\"@bellunopress\" \/>\n<meta name=\"twitter:site\" content=\"@bellunopress\" \/>\n<meta name=\"twitter:label1\" content=\"\u00c9crit par\" \/>\n\t<meta name=\"twitter:data1\" content=\"redazione\" \/>\n\t<meta name=\"twitter:label2\" content=\"Dur\u00e9e de lecture estim\u00e9e\" \/>\n\t<meta name=\"twitter:data2\" content=\"3 minutes\" \/>\n<script type=\"application\/ld+json\" class=\"yoast-schema-graph\">{\"@context\":\"https:\\\/\\\/schema.org\",\"@graph\":[{\"@type\":\"Article\",\"@id\":\"https:\\\/\\\/www.bellunopress.it\\\/2019\\\/09\\\/11\\\/fulcis-s-pietro-e-auditorium-linizio-di-stagione-della-miari\\\/#article\",\"isPartOf\":{\"@id\":\"https:\\\/\\\/www.bellunopress.it\\\/2019\\\/09\\\/11\\\/fulcis-s-pietro-e-auditorium-linizio-di-stagione-della-miari\\\/\"},\"author\":{\"name\":\"redazione\",\"@id\":\"https:\\\/\\\/www.bellunopress.it\\\/#\\\/schema\\\/person\\\/79bb06722b37ece1c03d3e94beb30d73\"},\"headline\":\"Fulcis, S.Pietro e Auditorium: l&#8217;inizio di stagione della Miari\",\"datePublished\":\"2019-09-11T14:11:27+00:00\",\"dateModified\":\"2019-09-11T14:11:28+00:00\",\"mainEntityOfPage\":{\"@id\":\"https:\\\/\\\/www.bellunopress.it\\\/2019\\\/09\\\/11\\\/fulcis-s-pietro-e-auditorium-linizio-di-stagione-della-miari\\\/\"},\"wordCount\":603,\"publisher\":{\"@id\":\"https:\\\/\\\/www.bellunopress.it\\\/#organization\"},\"image\":{\"@id\":\"https:\\\/\\\/www.bellunopress.it\\\/2019\\\/09\\\/11\\\/fulcis-s-pietro-e-auditorium-linizio-di-stagione-della-miari\\\/#primaryimage\"},\"thumbnailUrl\":\"http:\\\/\\\/www.bellunopress.it\\\/wp-content\\\/uploads\\\/2019\\\/09\\\/Palazzo-Auditorium.jpg\",\"articleSection\":[\"Appuntamenti, Eventi\",\"Arte, Cultura, Spettacoli, Scienza\",\"Pausa Caff\u00e8\"],\"inLanguage\":\"fr-FR\"},{\"@type\":\"WebPage\",\"@id\":\"https:\\\/\\\/www.bellunopress.it\\\/2019\\\/09\\\/11\\\/fulcis-s-pietro-e-auditorium-linizio-di-stagione-della-miari\\\/\",\"url\":\"https:\\\/\\\/www.bellunopress.it\\\/2019\\\/09\\\/11\\\/fulcis-s-pietro-e-auditorium-linizio-di-stagione-della-miari\\\/\",\"name\":\"Fulcis, S.Pietro e Auditorium: l'inizio di stagione della Miari - Bellunopress - Dolomiti\",\"isPartOf\":{\"@id\":\"https:\\\/\\\/www.bellunopress.it\\\/#website\"},\"primaryImageOfPage\":{\"@id\":\"https:\\\/\\\/www.bellunopress.it\\\/2019\\\/09\\\/11\\\/fulcis-s-pietro-e-auditorium-linizio-di-stagione-della-miari\\\/#primaryimage\"},\"image\":{\"@id\":\"https:\\\/\\\/www.bellunopress.it\\\/2019\\\/09\\\/11\\\/fulcis-s-pietro-e-auditorium-linizio-di-stagione-della-miari\\\/#primaryimage\"},\"thumbnailUrl\":\"http:\\\/\\\/www.bellunopress.it\\\/wp-content\\\/uploads\\\/2019\\\/09\\\/Palazzo-Auditorium.jpg\",\"datePublished\":\"2019-09-11T14:11:27+00:00\",\"dateModified\":\"2019-09-11T14:11:28+00:00\",\"breadcrumb\":{\"@id\":\"https:\\\/\\\/www.bellunopress.it\\\/2019\\\/09\\\/11\\\/fulcis-s-pietro-e-auditorium-linizio-di-stagione-della-miari\\\/#breadcrumb\"},\"inLanguage\":\"fr-FR\",\"potentialAction\":[{\"@type\":\"ReadAction\",\"target\":[\"https:\\\/\\\/www.bellunopress.it\\\/2019\\\/09\\\/11\\\/fulcis-s-pietro-e-auditorium-linizio-di-stagione-della-miari\\\/\"]}]},{\"@type\":\"ImageObject\",\"inLanguage\":\"fr-FR\",\"@id\":\"https:\\\/\\\/www.bellunopress.it\\\/2019\\\/09\\\/11\\\/fulcis-s-pietro-e-auditorium-linizio-di-stagione-della-miari\\\/#primaryimage\",\"url\":\"http:\\\/\\\/www.bellunopress.it\\\/wp-content\\\/uploads\\\/2019\\\/09\\\/Palazzo-Auditorium.jpg\",\"contentUrl\":\"http:\\\/\\\/www.bellunopress.it\\\/wp-content\\\/uploads\\\/2019\\\/09\\\/Palazzo-Auditorium.jpg\"},{\"@type\":\"BreadcrumbList\",\"@id\":\"https:\\\/\\\/www.bellunopress.it\\\/2019\\\/09\\\/11\\\/fulcis-s-pietro-e-auditorium-linizio-di-stagione-della-miari\\\/#breadcrumb\",\"itemListElement\":[{\"@type\":\"ListItem\",\"position\":1,\"name\":\"Home\",\"item\":\"https:\\\/\\\/www.bellunopress.it\\\/\"},{\"@type\":\"ListItem\",\"position\":2,\"name\":\"Fulcis, S.Pietro e Auditorium: l&#8217;inizio di stagione della Miari\"}]},{\"@type\":\"WebSite\",\"@id\":\"https:\\\/\\\/www.bellunopress.it\\\/#website\",\"url\":\"https:\\\/\\\/www.bellunopress.it\\\/\",\"name\":\"Bellunopress - Dolomiti\",\"description\":\"e-mail: redazione@bellunopress.it\",\"publisher\":{\"@id\":\"https:\\\/\\\/www.bellunopress.it\\\/#organization\"},\"potentialAction\":[{\"@type\":\"SearchAction\",\"target\":{\"@type\":\"EntryPoint\",\"urlTemplate\":\"https:\\\/\\\/www.bellunopress.it\\\/?s={search_term_string}\"},\"query-input\":{\"@type\":\"PropertyValueSpecification\",\"valueRequired\":true,\"valueName\":\"search_term_string\"}}],\"inLanguage\":\"fr-FR\"},{\"@type\":\"Organization\",\"@id\":\"https:\\\/\\\/www.bellunopress.it\\\/#organization\",\"name\":\"Bellunopress\",\"url\":\"https:\\\/\\\/www.bellunopress.it\\\/\",\"logo\":{\"@type\":\"ImageObject\",\"inLanguage\":\"fr-FR\",\"@id\":\"https:\\\/\\\/www.bellunopress.it\\\/#\\\/schema\\\/logo\\\/image\\\/\",\"url\":\"https:\\\/\\\/www.bellunopress.it\\\/wp-content\\\/uploads\\\/2011\\\/05\\\/cropped-logo-bellunopress-.jpg\",\"contentUrl\":\"https:\\\/\\\/www.bellunopress.it\\\/wp-content\\\/uploads\\\/2011\\\/05\\\/cropped-logo-bellunopress-.jpg\",\"width\":512,\"height\":512,\"caption\":\"Bellunopress\"},\"image\":{\"@id\":\"https:\\\/\\\/www.bellunopress.it\\\/#\\\/schema\\\/logo\\\/image\\\/\"},\"sameAs\":[\"https:\\\/\\\/www.facebook.com\\\/profile.php?id=100008943462799\",\"https:\\\/\\\/x.com\\\/bellunopress\",\"https:\\\/\\\/www.linkedin.com\\\/hp\\\/?dnr=JBzUWaJfMUw8vbXJJ2tVW5-I3jZKvC4wsoxE&amp;amp;amp;amp;amp;amp;trk=nav_responsive_tab_home\",\"https:\\\/\\\/www.youtube.com\\\/channel\\\/UCxL0wu1uN0_3_7hGG0306cw\"]},{\"@type\":\"Person\",\"@id\":\"https:\\\/\\\/www.bellunopress.it\\\/#\\\/schema\\\/person\\\/79bb06722b37ece1c03d3e94beb30d73\",\"name\":\"redazione\",\"image\":{\"@type\":\"ImageObject\",\"inLanguage\":\"fr-FR\",\"@id\":\"https:\\\/\\\/secure.gravatar.com\\\/avatar\\\/37d968a2e67a6fd04c169c4bdef102d0bc5d31b2546345219e348575eb80e9a0?s=96&d=mm&r=g\",\"url\":\"https:\\\/\\\/secure.gravatar.com\\\/avatar\\\/37d968a2e67a6fd04c169c4bdef102d0bc5d31b2546345219e348575eb80e9a0?s=96&d=mm&r=g\",\"contentUrl\":\"https:\\\/\\\/secure.gravatar.com\\\/avatar\\\/37d968a2e67a6fd04c169c4bdef102d0bc5d31b2546345219e348575eb80e9a0?s=96&d=mm&r=g\",\"caption\":\"redazione\"},\"sameAs\":[\"http:\\\/\\\/www.bellunopress.it\",\"https:\\\/\\\/x.com\\\/bellunopress\"],\"url\":\"https:\\\/\\\/www.bellunopress.it\\\/fr\\\/author\\\/redazione\\\/\"}]}<\/script>\n<!-- \/ Yoast SEO plugin. -->","yoast_head_json":{"title":"Fulcis, S.Pietro e Auditorium: l'inizio di stagione della Miari - Bellunopress - Dolomiti","robots":{"index":"index","follow":"follow","max-snippet":"max-snippet:-1","max-image-preview":"max-image-preview:large","max-video-preview":"max-video-preview:-1"},"canonical":"https:\/\/www.bellunopress.it\/fr\/2019\/09\/11\/fulcis-s-pietro-e-auditorium-linizio-di-stagione-della-miari\/","og_locale":"fr_FR","og_type":"article","og_title":"Fulcis, S.Pietro e Auditorium: l'inizio di stagione della Miari - Bellunopress - Dolomiti","og_description":"Una nuova rassegna al Fulcis, un concerto a San Pietro e l&#8217;iniziativa &#8220;Scuola Aperta&#8221; riempiono di musica il weekend bellunese. Con la riapertura delle iscrizioni (fino al 27 settembre) per l&#8217;avvio dell&#8217;anno scolastico 2019\/2020, la Scuola Comunale di Musica &#8220;Antonio Miari&#8221; di Belluno \u00e8 lieta di presentare alla Citt\u00e0 i colori degli strumenti musicali nella [&hellip;]","og_url":"https:\/\/www.bellunopress.it\/fr\/2019\/09\/11\/fulcis-s-pietro-e-auditorium-linizio-di-stagione-della-miari\/","og_site_name":"Bellunopress - Dolomiti","article_publisher":"https:\/\/www.facebook.com\/profile.php?id=100008943462799","article_published_time":"2019-09-11T14:11:27+00:00","article_modified_time":"2019-09-11T14:11:28+00:00","og_image":[{"url":"http:\/\/www.bellunopress.it\/wp-content\/uploads\/2019\/09\/Palazzo-Auditorium.jpg","type":"","width":"","height":""}],"author":"redazione","twitter_card":"summary_large_image","twitter_creator":"@bellunopress","twitter_site":"@bellunopress","twitter_misc":{"\u00c9crit par":"redazione","Dur\u00e9e de lecture estim\u00e9e":"3 minutes"},"schema":{"@context":"https:\/\/schema.org","@graph":[{"@type":"Article","@id":"https:\/\/www.bellunopress.it\/2019\/09\/11\/fulcis-s-pietro-e-auditorium-linizio-di-stagione-della-miari\/#article","isPartOf":{"@id":"https:\/\/www.bellunopress.it\/2019\/09\/11\/fulcis-s-pietro-e-auditorium-linizio-di-stagione-della-miari\/"},"author":{"name":"redazione","@id":"https:\/\/www.bellunopress.it\/#\/schema\/person\/79bb06722b37ece1c03d3e94beb30d73"},"headline":"Fulcis, S.Pietro e Auditorium: l&#8217;inizio di stagione della Miari","datePublished":"2019-09-11T14:11:27+00:00","dateModified":"2019-09-11T14:11:28+00:00","mainEntityOfPage":{"@id":"https:\/\/www.bellunopress.it\/2019\/09\/11\/fulcis-s-pietro-e-auditorium-linizio-di-stagione-della-miari\/"},"wordCount":603,"publisher":{"@id":"https:\/\/www.bellunopress.it\/#organization"},"image":{"@id":"https:\/\/www.bellunopress.it\/2019\/09\/11\/fulcis-s-pietro-e-auditorium-linizio-di-stagione-della-miari\/#primaryimage"},"thumbnailUrl":"http:\/\/www.bellunopress.it\/wp-content\/uploads\/2019\/09\/Palazzo-Auditorium.jpg","articleSection":["Appuntamenti, Eventi","Arte, Cultura, Spettacoli, Scienza","Pausa Caff\u00e8"],"inLanguage":"fr-FR"},{"@type":"WebPage","@id":"https:\/\/www.bellunopress.it\/2019\/09\/11\/fulcis-s-pietro-e-auditorium-linizio-di-stagione-della-miari\/","url":"https:\/\/www.bellunopress.it\/2019\/09\/11\/fulcis-s-pietro-e-auditorium-linizio-di-stagione-della-miari\/","name":"Fulcis, S.Pietro e Auditorium: l'inizio di stagione della Miari - Bellunopress - Dolomiti","isPartOf":{"@id":"https:\/\/www.bellunopress.it\/#website"},"primaryImageOfPage":{"@id":"https:\/\/www.bellunopress.it\/2019\/09\/11\/fulcis-s-pietro-e-auditorium-linizio-di-stagione-della-miari\/#primaryimage"},"image":{"@id":"https:\/\/www.bellunopress.it\/2019\/09\/11\/fulcis-s-pietro-e-auditorium-linizio-di-stagione-della-miari\/#primaryimage"},"thumbnailUrl":"http:\/\/www.bellunopress.it\/wp-content\/uploads\/2019\/09\/Palazzo-Auditorium.jpg","datePublished":"2019-09-11T14:11:27+00:00","dateModified":"2019-09-11T14:11:28+00:00","breadcrumb":{"@id":"https:\/\/www.bellunopress.it\/2019\/09\/11\/fulcis-s-pietro-e-auditorium-linizio-di-stagione-della-miari\/#breadcrumb"},"inLanguage":"fr-FR","potentialAction":[{"@type":"ReadAction","target":["https:\/\/www.bellunopress.it\/2019\/09\/11\/fulcis-s-pietro-e-auditorium-linizio-di-stagione-della-miari\/"]}]},{"@type":"ImageObject","inLanguage":"fr-FR","@id":"https:\/\/www.bellunopress.it\/2019\/09\/11\/fulcis-s-pietro-e-auditorium-linizio-di-stagione-della-miari\/#primaryimage","url":"http:\/\/www.bellunopress.it\/wp-content\/uploads\/2019\/09\/Palazzo-Auditorium.jpg","contentUrl":"http:\/\/www.bellunopress.it\/wp-content\/uploads\/2019\/09\/Palazzo-Auditorium.jpg"},{"@type":"BreadcrumbList","@id":"https:\/\/www.bellunopress.it\/2019\/09\/11\/fulcis-s-pietro-e-auditorium-linizio-di-stagione-della-miari\/#breadcrumb","itemListElement":[{"@type":"ListItem","position":1,"name":"Home","item":"https:\/\/www.bellunopress.it\/"},{"@type":"ListItem","position":2,"name":"Fulcis, S.Pietro e Auditorium: l&#8217;inizio di stagione della Miari"}]},{"@type":"WebSite","@id":"https:\/\/www.bellunopress.it\/#website","url":"https:\/\/www.bellunopress.it\/","name":"Bellunopress - Dolomiti","description":"e-mail: redazione@bellunopress.it","publisher":{"@id":"https:\/\/www.bellunopress.it\/#organization"},"potentialAction":[{"@type":"SearchAction","target":{"@type":"EntryPoint","urlTemplate":"https:\/\/www.bellunopress.it\/?s={search_term_string}"},"query-input":{"@type":"PropertyValueSpecification","valueRequired":true,"valueName":"search_term_string"}}],"inLanguage":"fr-FR"},{"@type":"Organization","@id":"https:\/\/www.bellunopress.it\/#organization","name":"Bellunopress","url":"https:\/\/www.bellunopress.it\/","logo":{"@type":"ImageObject","inLanguage":"fr-FR","@id":"https:\/\/www.bellunopress.it\/#\/schema\/logo\/image\/","url":"https:\/\/www.bellunopress.it\/wp-content\/uploads\/2011\/05\/cropped-logo-bellunopress-.jpg","contentUrl":"https:\/\/www.bellunopress.it\/wp-content\/uploads\/2011\/05\/cropped-logo-bellunopress-.jpg","width":512,"height":512,"caption":"Bellunopress"},"image":{"@id":"https:\/\/www.bellunopress.it\/#\/schema\/logo\/image\/"},"sameAs":["https:\/\/www.facebook.com\/profile.php?id=100008943462799","https:\/\/x.com\/bellunopress","https:\/\/www.linkedin.com\/hp\/?dnr=JBzUWaJfMUw8vbXJJ2tVW5-I3jZKvC4wsoxE&amp;amp;amp;amp;amp;amp;trk=nav_responsive_tab_home","https:\/\/www.youtube.com\/channel\/UCxL0wu1uN0_3_7hGG0306cw"]},{"@type":"Person","@id":"https:\/\/www.bellunopress.it\/#\/schema\/person\/79bb06722b37ece1c03d3e94beb30d73","name":"r\u00e9daction","image":{"@type":"ImageObject","inLanguage":"fr-FR","@id":"https:\/\/secure.gravatar.com\/avatar\/37d968a2e67a6fd04c169c4bdef102d0bc5d31b2546345219e348575eb80e9a0?s=96&d=mm&r=g","url":"https:\/\/secure.gravatar.com\/avatar\/37d968a2e67a6fd04c169c4bdef102d0bc5d31b2546345219e348575eb80e9a0?s=96&d=mm&r=g","contentUrl":"https:\/\/secure.gravatar.com\/avatar\/37d968a2e67a6fd04c169c4bdef102d0bc5d31b2546345219e348575eb80e9a0?s=96&d=mm&r=g","caption":"redazione"},"sameAs":["http:\/\/www.bellunopress.it","https:\/\/x.com\/bellunopress"],"url":"https:\/\/www.bellunopress.it\/fr\/author\/redazione\/"}]}},"_links":{"self":[{"href":"https:\/\/www.bellunopress.it\/fr\/wp-json\/wp\/v2\/posts\/107789","targetHints":{"allow":["GET"]}}],"collection":[{"href":"https:\/\/www.bellunopress.it\/fr\/wp-json\/wp\/v2\/posts"}],"about":[{"href":"https:\/\/www.bellunopress.it\/fr\/wp-json\/wp\/v2\/types\/post"}],"author":[{"embeddable":true,"href":"https:\/\/www.bellunopress.it\/fr\/wp-json\/wp\/v2\/users\/2"}],"replies":[{"embeddable":true,"href":"https:\/\/www.bellunopress.it\/fr\/wp-json\/wp\/v2\/comments?post=107789"}],"version-history":[{"count":2,"href":"https:\/\/www.bellunopress.it\/fr\/wp-json\/wp\/v2\/posts\/107789\/revisions"}],"predecessor-version":[{"id":107792,"href":"https:\/\/www.bellunopress.it\/fr\/wp-json\/wp\/v2\/posts\/107789\/revisions\/107792"}],"wp:attachment":[{"href":"https:\/\/www.bellunopress.it\/fr\/wp-json\/wp\/v2\/media?parent=107789"}],"wp:term":[{"taxonomy":"category","embeddable":true,"href":"https:\/\/www.bellunopress.it\/fr\/wp-json\/wp\/v2\/categories?post=107789"},{"taxonomy":"post_tag","embeddable":true,"href":"https:\/\/www.bellunopress.it\/fr\/wp-json\/wp\/v2\/tags?post=107789"}],"curies":[{"name":"wp","href":"https:\/\/api.w.org\/{rel}","templated":true}]}}