{"id":107737,"date":"2019-09-09T20:59:45","date_gmt":"2019-09-09T18:59:45","guid":{"rendered":"http:\/\/www.bellunopress.it\/?p=107737"},"modified":"2019-09-09T20:59:46","modified_gmt":"2019-09-09T18:59:46","slug":"fiera-festival-delle-foreste-a-longarone-fiere-il-14-e-15-settembre","status":"publish","type":"post","link":"https:\/\/www.bellunopress.it\/fr\/2019\/09\/09\/fiera-festival-delle-foreste-a-longarone-fiere-il-14-e-15-settembre\/","title":{"rendered":"Fiera &#038; Festival delle Foreste. A Longarone Fiere il 14 e 15 settembre"},"content":{"rendered":"<p><a href=\"http:\/\/www.bellunopress.it\/fr\/2019\/09\/09\/fiera-festival-delle-foreste-a-longarone-fiere-il-14-e-15-settembre\/murer-farfalla\/\" rel=\"attachment wp-att-107738\"><img loading=\"lazy\" decoding=\"async\" class=\"alignleft size-full wp-image-107738\" src=\"http:\/\/www.bellunopress.it\/wp-content\/uploads\/2019\/09\/Murer-farfalla.jpg\" alt=\"\" width=\"300\" height=\"222\" \/><\/a>Fiera &amp; Festival con in primo piano non solo workshop e incontri didattici ma anche l\u2019arte. Per la sua prima edizione Longarone fiere mette l\u2019abito elegante ed esporr\u00e0 durante la sua due giorni le opere di grandi artisti coordinati dal direttore artistico Franco Fonzo che ha svolto un lavoro straordinario.<\/p>\n<p>Dalle sculture di Franco Murer per chiudere con quelle di Andrea Valleri, alle fotografie di Giulia Corradini per finire con le panoramiche di Gabriele Chiopris. Tutte testimonianze di quanto successo a Vaia. Dall\u2019immagine che colpisce l\u2019occhio all\u2019emozione del recupero del legno distrutto plasmato dalle mani dell\u2019artista. L\u2019elenco completo degli espositori (con relativa scheda) si pu\u00f2 leggere al link http:\/\/www.arteinfiera.it\/FIERAFORESTE\/index.htm. Un modo diverso per mantenere vivo il ricordo e rivivere quell\u2019immane tragedia affinch\u00e9 non si ripeta. \u00c8 realt\u00e0 il riconoscere l\u2019impotenza dell\u2019uomo di fronte al potere della natura, prevedibile e imprevedibile, madre e matrigna da sempre. Foto e messaggi che arrivano fanno rabbrividire e&#8230; piangere. Proprio Murer per primo intuisce che quella apparente materia informe e senza vita pu\u00f2 diventare opera d\u2019arte. Ecco allora, ad esempio, l\u2019idea di scolpire due panchine. Per riposare e riflettere. Lui, insieme a tutti gli altri artisti hanno ridato vita a ci\u00f2 che tutti vedevano in quei tragici momenti come materia inanimata. E saranno in fiera. Perch\u00e9 non c\u2019\u00e8 errore pi\u00f9 grande che l\u2019uomo pu\u00f2 fare che dimenticare.<\/p>\n<p>Per approfondimenti:<br \/>\nhttp:\/\/www.arteinfiera.it\/FIERAFORESTE\/index.htm<\/p>\n<blockquote class=\"wp-embedded-content\" data-secret=\"eWBwZRsCOR\"><p><a href=\"https:\/\/www.longaronefiere.it\/scopri-il-programma-dettagliato-del-festival-delle-foreste\">Scopri il programma dettagliato del Festival delle Foreste<\/a><\/p><\/blockquote>\n<p><iframe loading=\"lazy\" title=\"&#8220;Scopri il programma dettagliato del Festival delle Foreste&#8221; &#8212; Longarone Fiere\" class=\"wp-embedded-content\" sandbox=\"allow-scripts\" security=\"restricted\" style=\"position: absolute; clip: rect(1px, 1px, 1px, 1px);\" src=\"https:\/\/www.longaronefiere.it\/scopri-il-programma-dettagliato-del-festival-delle-foreste\/embed#?secret=eWBwZRsCOR\" data-secret=\"eWBwZRsCOR\" width=\"600\" height=\"338\" frameborder=\"0\" marginwidth=\"0\" marginheight=\"0\" scrolling=\"no\"><\/iframe><\/p>\n<p>Longarone Fiere Dolomiti<br \/>\nwww.longaronefiere.it\/fiera-festival-foreste<br \/>\nwww.facebook.com\/foreste.dolomiti\/<\/p>","protected":false},"excerpt":{"rendered":"<p>Fiera &amp; Festival con in primo piano non solo workshop e incontri didattici ma anche l\u2019arte. Per la sua prima edizione Longarone fiere mette l\u2019abito elegante ed esporr\u00e0 durante la sua due giorni le opere di grandi artisti coordinati dal direttore artistico Franco Fonzo che ha svolto un lavoro straordinario. Dalle sculture di Franco Murer [&hellip;]<\/p>\n","protected":false},"author":2,"featured_media":0,"comment_status":"closed","ping_status":"open","sticky":false,"template":"","format":"standard","meta":{"footnotes":""},"categories":[27,3,26],"tags":[],"class_list":["post-107737","post","type-post","status-publish","format-standard","category-appuntamenti","category-arte-cultura-spettacoli-scienza-archivi","category-prima-pagina"],"yoast_head":"<!-- This site is optimized with the Yoast SEO plugin v28.4 - https:\/\/yoast.com\/product\/yoast-seo-wordpress\/ -->\n<title>Fiera &amp; Festival delle Foreste. A Longarone Fiere il 14 e 15 settembre - Bellunopress - Dolomiti<\/title>\n<meta name=\"robots\" content=\"index, follow, max-snippet:-1, max-image-preview:large, max-video-preview:-1\" \/>\n<link rel=\"canonical\" href=\"https:\/\/www.bellunopress.it\/fr\/2019\/09\/09\/fiera-festival-delle-foreste-a-longarone-fiere-il-14-e-15-settembre\/\" \/>\n<meta property=\"og:locale\" content=\"fr_FR\" \/>\n<meta property=\"og:type\" content=\"article\" \/>\n<meta property=\"og:title\" content=\"Fiera &amp; Festival delle Foreste. A Longarone Fiere il 14 e 15 settembre - Bellunopress - Dolomiti\" \/>\n<meta property=\"og:description\" content=\"Fiera &amp; Festival con in primo piano non solo workshop e incontri didattici ma anche l\u2019arte. Per la sua prima edizione Longarone fiere mette l\u2019abito elegante ed esporr\u00e0 durante la sua due giorni le opere di grandi artisti coordinati dal direttore artistico Franco Fonzo che ha svolto un lavoro straordinario. Dalle sculture di Franco Murer [&hellip;]\" \/>\n<meta property=\"og:url\" content=\"https:\/\/www.bellunopress.it\/fr\/2019\/09\/09\/fiera-festival-delle-foreste-a-longarone-fiere-il-14-e-15-settembre\/\" \/>\n<meta property=\"og:site_name\" content=\"Bellunopress - Dolomiti\" \/>\n<meta property=\"article:publisher\" content=\"https:\/\/www.facebook.com\/profile.php?id=100008943462799\" \/>\n<meta property=\"article:published_time\" content=\"2019-09-09T18:59:45+00:00\" \/>\n<meta property=\"article:modified_time\" content=\"2019-09-09T18:59:46+00:00\" \/>\n<meta property=\"og:image\" content=\"http:\/\/www.bellunopress.it\/wp-content\/uploads\/2019\/09\/Murer-farfalla.jpg\" \/>\n<meta name=\"author\" content=\"redazione\" \/>\n<meta name=\"twitter:card\" content=\"summary_large_image\" \/>\n<meta name=\"twitter:creator\" content=\"@bellunopress\" \/>\n<meta name=\"twitter:site\" content=\"@bellunopress\" \/>\n<meta name=\"twitter:label1\" content=\"\u00c9crit par\" \/>\n\t<meta name=\"twitter:data1\" content=\"redazione\" \/>\n\t<meta name=\"twitter:label2\" content=\"Dur\u00e9e de lecture estim\u00e9e\" \/>\n\t<meta name=\"twitter:data2\" content=\"1 minute\" \/>\n<script type=\"application\/ld+json\" class=\"yoast-schema-graph\">{\"@context\":\"https:\\\/\\\/schema.org\",\"@graph\":[{\"@type\":\"Article\",\"@id\":\"https:\\\/\\\/www.bellunopress.it\\\/2019\\\/09\\\/09\\\/fiera-festival-delle-foreste-a-longarone-fiere-il-14-e-15-settembre\\\/#article\",\"isPartOf\":{\"@id\":\"https:\\\/\\\/www.bellunopress.it\\\/2019\\\/09\\\/09\\\/fiera-festival-delle-foreste-a-longarone-fiere-il-14-e-15-settembre\\\/\"},\"author\":{\"name\":\"redazione\",\"@id\":\"https:\\\/\\\/www.bellunopress.it\\\/#\\\/schema\\\/person\\\/79bb06722b37ece1c03d3e94beb30d73\"},\"headline\":\"Fiera &#038; Festival delle Foreste. A Longarone Fiere il 14 e 15 settembre\",\"datePublished\":\"2019-09-09T18:59:45+00:00\",\"dateModified\":\"2019-09-09T18:59:46+00:00\",\"mainEntityOfPage\":{\"@id\":\"https:\\\/\\\/www.bellunopress.it\\\/2019\\\/09\\\/09\\\/fiera-festival-delle-foreste-a-longarone-fiere-il-14-e-15-settembre\\\/\"},\"wordCount\":276,\"publisher\":{\"@id\":\"https:\\\/\\\/www.bellunopress.it\\\/#organization\"},\"image\":{\"@id\":\"https:\\\/\\\/www.bellunopress.it\\\/2019\\\/09\\\/09\\\/fiera-festival-delle-foreste-a-longarone-fiere-il-14-e-15-settembre\\\/#primaryimage\"},\"thumbnailUrl\":\"http:\\\/\\\/www.bellunopress.it\\\/wp-content\\\/uploads\\\/2019\\\/09\\\/Murer-farfalla.jpg\",\"articleSection\":[\"Appuntamenti, Eventi\",\"Arte, Cultura, Spettacoli, Scienza\",\"Prima Pagina\"],\"inLanguage\":\"fr-FR\"},{\"@type\":\"WebPage\",\"@id\":\"https:\\\/\\\/www.bellunopress.it\\\/2019\\\/09\\\/09\\\/fiera-festival-delle-foreste-a-longarone-fiere-il-14-e-15-settembre\\\/\",\"url\":\"https:\\\/\\\/www.bellunopress.it\\\/2019\\\/09\\\/09\\\/fiera-festival-delle-foreste-a-longarone-fiere-il-14-e-15-settembre\\\/\",\"name\":\"Fiera & Festival delle Foreste. A Longarone Fiere il 14 e 15 settembre - Bellunopress - Dolomiti\",\"isPartOf\":{\"@id\":\"https:\\\/\\\/www.bellunopress.it\\\/#website\"},\"primaryImageOfPage\":{\"@id\":\"https:\\\/\\\/www.bellunopress.it\\\/2019\\\/09\\\/09\\\/fiera-festival-delle-foreste-a-longarone-fiere-il-14-e-15-settembre\\\/#primaryimage\"},\"image\":{\"@id\":\"https:\\\/\\\/www.bellunopress.it\\\/2019\\\/09\\\/09\\\/fiera-festival-delle-foreste-a-longarone-fiere-il-14-e-15-settembre\\\/#primaryimage\"},\"thumbnailUrl\":\"http:\\\/\\\/www.bellunopress.it\\\/wp-content\\\/uploads\\\/2019\\\/09\\\/Murer-farfalla.jpg\",\"datePublished\":\"2019-09-09T18:59:45+00:00\",\"dateModified\":\"2019-09-09T18:59:46+00:00\",\"breadcrumb\":{\"@id\":\"https:\\\/\\\/www.bellunopress.it\\\/2019\\\/09\\\/09\\\/fiera-festival-delle-foreste-a-longarone-fiere-il-14-e-15-settembre\\\/#breadcrumb\"},\"inLanguage\":\"fr-FR\",\"potentialAction\":[{\"@type\":\"ReadAction\",\"target\":[\"https:\\\/\\\/www.bellunopress.it\\\/2019\\\/09\\\/09\\\/fiera-festival-delle-foreste-a-longarone-fiere-il-14-e-15-settembre\\\/\"]}]},{\"@type\":\"ImageObject\",\"inLanguage\":\"fr-FR\",\"@id\":\"https:\\\/\\\/www.bellunopress.it\\\/2019\\\/09\\\/09\\\/fiera-festival-delle-foreste-a-longarone-fiere-il-14-e-15-settembre\\\/#primaryimage\",\"url\":\"http:\\\/\\\/www.bellunopress.it\\\/wp-content\\\/uploads\\\/2019\\\/09\\\/Murer-farfalla.jpg\",\"contentUrl\":\"http:\\\/\\\/www.bellunopress.it\\\/wp-content\\\/uploads\\\/2019\\\/09\\\/Murer-farfalla.jpg\"},{\"@type\":\"BreadcrumbList\",\"@id\":\"https:\\\/\\\/www.bellunopress.it\\\/2019\\\/09\\\/09\\\/fiera-festival-delle-foreste-a-longarone-fiere-il-14-e-15-settembre\\\/#breadcrumb\",\"itemListElement\":[{\"@type\":\"ListItem\",\"position\":1,\"name\":\"Home\",\"item\":\"https:\\\/\\\/www.bellunopress.it\\\/\"},{\"@type\":\"ListItem\",\"position\":2,\"name\":\"Fiera &#038; Festival delle Foreste. A Longarone Fiere il 14 e 15 settembre\"}]},{\"@type\":\"WebSite\",\"@id\":\"https:\\\/\\\/www.bellunopress.it\\\/#website\",\"url\":\"https:\\\/\\\/www.bellunopress.it\\\/\",\"name\":\"Bellunopress - Dolomiti\",\"description\":\"e-mail: redazione@bellunopress.it\",\"publisher\":{\"@id\":\"https:\\\/\\\/www.bellunopress.it\\\/#organization\"},\"potentialAction\":[{\"@type\":\"SearchAction\",\"target\":{\"@type\":\"EntryPoint\",\"urlTemplate\":\"https:\\\/\\\/www.bellunopress.it\\\/?s={search_term_string}\"},\"query-input\":{\"@type\":\"PropertyValueSpecification\",\"valueRequired\":true,\"valueName\":\"search_term_string\"}}],\"inLanguage\":\"fr-FR\"},{\"@type\":\"Organization\",\"@id\":\"https:\\\/\\\/www.bellunopress.it\\\/#organization\",\"name\":\"Bellunopress\",\"url\":\"https:\\\/\\\/www.bellunopress.it\\\/\",\"logo\":{\"@type\":\"ImageObject\",\"inLanguage\":\"fr-FR\",\"@id\":\"https:\\\/\\\/www.bellunopress.it\\\/#\\\/schema\\\/logo\\\/image\\\/\",\"url\":\"https:\\\/\\\/www.bellunopress.it\\\/wp-content\\\/uploads\\\/2011\\\/05\\\/cropped-logo-bellunopress-.jpg\",\"contentUrl\":\"https:\\\/\\\/www.bellunopress.it\\\/wp-content\\\/uploads\\\/2011\\\/05\\\/cropped-logo-bellunopress-.jpg\",\"width\":512,\"height\":512,\"caption\":\"Bellunopress\"},\"image\":{\"@id\":\"https:\\\/\\\/www.bellunopress.it\\\/#\\\/schema\\\/logo\\\/image\\\/\"},\"sameAs\":[\"https:\\\/\\\/www.facebook.com\\\/profile.php?id=100008943462799\",\"https:\\\/\\\/x.com\\\/bellunopress\",\"https:\\\/\\\/www.linkedin.com\\\/hp\\\/?dnr=JBzUWaJfMUw8vbXJJ2tVW5-I3jZKvC4wsoxE&amp;amp;amp;amp;amp;amp;trk=nav_responsive_tab_home\",\"https:\\\/\\\/www.youtube.com\\\/channel\\\/UCxL0wu1uN0_3_7hGG0306cw\"]},{\"@type\":\"Person\",\"@id\":\"https:\\\/\\\/www.bellunopress.it\\\/#\\\/schema\\\/person\\\/79bb06722b37ece1c03d3e94beb30d73\",\"name\":\"redazione\",\"image\":{\"@type\":\"ImageObject\",\"inLanguage\":\"fr-FR\",\"@id\":\"https:\\\/\\\/secure.gravatar.com\\\/avatar\\\/37d968a2e67a6fd04c169c4bdef102d0bc5d31b2546345219e348575eb80e9a0?s=96&d=mm&r=g\",\"url\":\"https:\\\/\\\/secure.gravatar.com\\\/avatar\\\/37d968a2e67a6fd04c169c4bdef102d0bc5d31b2546345219e348575eb80e9a0?s=96&d=mm&r=g\",\"contentUrl\":\"https:\\\/\\\/secure.gravatar.com\\\/avatar\\\/37d968a2e67a6fd04c169c4bdef102d0bc5d31b2546345219e348575eb80e9a0?s=96&d=mm&r=g\",\"caption\":\"redazione\"},\"sameAs\":[\"http:\\\/\\\/www.bellunopress.it\",\"https:\\\/\\\/x.com\\\/bellunopress\"],\"url\":\"https:\\\/\\\/www.bellunopress.it\\\/fr\\\/author\\\/redazione\\\/\"}]}<\/script>\n<!-- \/ Yoast SEO plugin. -->","yoast_head_json":{"title":"Fiera & Festival delle Foreste. A Longarone Fiere il 14 e 15 settembre - Bellunopress - Dolomiti","robots":{"index":"index","follow":"follow","max-snippet":"max-snippet:-1","max-image-preview":"max-image-preview:large","max-video-preview":"max-video-preview:-1"},"canonical":"https:\/\/www.bellunopress.it\/fr\/2019\/09\/09\/fiera-festival-delle-foreste-a-longarone-fiere-il-14-e-15-settembre\/","og_locale":"fr_FR","og_type":"article","og_title":"Fiera & Festival delle Foreste. A Longarone Fiere il 14 e 15 settembre - Bellunopress - Dolomiti","og_description":"Fiera &amp; Festival con in primo piano non solo workshop e incontri didattici ma anche l\u2019arte. Per la sua prima edizione Longarone fiere mette l\u2019abito elegante ed esporr\u00e0 durante la sua due giorni le opere di grandi artisti coordinati dal direttore artistico Franco Fonzo che ha svolto un lavoro straordinario. Dalle sculture di Franco Murer [&hellip;]","og_url":"https:\/\/www.bellunopress.it\/fr\/2019\/09\/09\/fiera-festival-delle-foreste-a-longarone-fiere-il-14-e-15-settembre\/","og_site_name":"Bellunopress - Dolomiti","article_publisher":"https:\/\/www.facebook.com\/profile.php?id=100008943462799","article_published_time":"2019-09-09T18:59:45+00:00","article_modified_time":"2019-09-09T18:59:46+00:00","og_image":[{"url":"http:\/\/www.bellunopress.it\/wp-content\/uploads\/2019\/09\/Murer-farfalla.jpg","type":"","width":"","height":""}],"author":"redazione","twitter_card":"summary_large_image","twitter_creator":"@bellunopress","twitter_site":"@bellunopress","twitter_misc":{"\u00c9crit par":"redazione","Dur\u00e9e de lecture estim\u00e9e":"1 minute"},"schema":{"@context":"https:\/\/schema.org","@graph":[{"@type":"Article","@id":"https:\/\/www.bellunopress.it\/2019\/09\/09\/fiera-festival-delle-foreste-a-longarone-fiere-il-14-e-15-settembre\/#article","isPartOf":{"@id":"https:\/\/www.bellunopress.it\/2019\/09\/09\/fiera-festival-delle-foreste-a-longarone-fiere-il-14-e-15-settembre\/"},"author":{"name":"redazione","@id":"https:\/\/www.bellunopress.it\/#\/schema\/person\/79bb06722b37ece1c03d3e94beb30d73"},"headline":"Fiera &#038; Festival delle Foreste. A Longarone Fiere il 14 e 15 settembre","datePublished":"2019-09-09T18:59:45+00:00","dateModified":"2019-09-09T18:59:46+00:00","mainEntityOfPage":{"@id":"https:\/\/www.bellunopress.it\/2019\/09\/09\/fiera-festival-delle-foreste-a-longarone-fiere-il-14-e-15-settembre\/"},"wordCount":276,"publisher":{"@id":"https:\/\/www.bellunopress.it\/#organization"},"image":{"@id":"https:\/\/www.bellunopress.it\/2019\/09\/09\/fiera-festival-delle-foreste-a-longarone-fiere-il-14-e-15-settembre\/#primaryimage"},"thumbnailUrl":"http:\/\/www.bellunopress.it\/wp-content\/uploads\/2019\/09\/Murer-farfalla.jpg","articleSection":["Appuntamenti, Eventi","Arte, Cultura, Spettacoli, Scienza","Prima Pagina"],"inLanguage":"fr-FR"},{"@type":"WebPage","@id":"https:\/\/www.bellunopress.it\/2019\/09\/09\/fiera-festival-delle-foreste-a-longarone-fiere-il-14-e-15-settembre\/","url":"https:\/\/www.bellunopress.it\/2019\/09\/09\/fiera-festival-delle-foreste-a-longarone-fiere-il-14-e-15-settembre\/","name":"Fiera & Festival delle Foreste. A Longarone Fiere il 14 e 15 settembre - Bellunopress - Dolomiti","isPartOf":{"@id":"https:\/\/www.bellunopress.it\/#website"},"primaryImageOfPage":{"@id":"https:\/\/www.bellunopress.it\/2019\/09\/09\/fiera-festival-delle-foreste-a-longarone-fiere-il-14-e-15-settembre\/#primaryimage"},"image":{"@id":"https:\/\/www.bellunopress.it\/2019\/09\/09\/fiera-festival-delle-foreste-a-longarone-fiere-il-14-e-15-settembre\/#primaryimage"},"thumbnailUrl":"http:\/\/www.bellunopress.it\/wp-content\/uploads\/2019\/09\/Murer-farfalla.jpg","datePublished":"2019-09-09T18:59:45+00:00","dateModified":"2019-09-09T18:59:46+00:00","breadcrumb":{"@id":"https:\/\/www.bellunopress.it\/2019\/09\/09\/fiera-festival-delle-foreste-a-longarone-fiere-il-14-e-15-settembre\/#breadcrumb"},"inLanguage":"fr-FR","potentialAction":[{"@type":"ReadAction","target":["https:\/\/www.bellunopress.it\/2019\/09\/09\/fiera-festival-delle-foreste-a-longarone-fiere-il-14-e-15-settembre\/"]}]},{"@type":"ImageObject","inLanguage":"fr-FR","@id":"https:\/\/www.bellunopress.it\/2019\/09\/09\/fiera-festival-delle-foreste-a-longarone-fiere-il-14-e-15-settembre\/#primaryimage","url":"http:\/\/www.bellunopress.it\/wp-content\/uploads\/2019\/09\/Murer-farfalla.jpg","contentUrl":"http:\/\/www.bellunopress.it\/wp-content\/uploads\/2019\/09\/Murer-farfalla.jpg"},{"@type":"BreadcrumbList","@id":"https:\/\/www.bellunopress.it\/2019\/09\/09\/fiera-festival-delle-foreste-a-longarone-fiere-il-14-e-15-settembre\/#breadcrumb","itemListElement":[{"@type":"ListItem","position":1,"name":"Home","item":"https:\/\/www.bellunopress.it\/"},{"@type":"ListItem","position":2,"name":"Fiera &#038; Festival delle Foreste. A Longarone Fiere il 14 e 15 settembre"}]},{"@type":"WebSite","@id":"https:\/\/www.bellunopress.it\/#website","url":"https:\/\/www.bellunopress.it\/","name":"Bellunopress - Dolomiti","description":"e-mail: redazione@bellunopress.it","publisher":{"@id":"https:\/\/www.bellunopress.it\/#organization"},"potentialAction":[{"@type":"SearchAction","target":{"@type":"EntryPoint","urlTemplate":"https:\/\/www.bellunopress.it\/?s={search_term_string}"},"query-input":{"@type":"PropertyValueSpecification","valueRequired":true,"valueName":"search_term_string"}}],"inLanguage":"fr-FR"},{"@type":"Organization","@id":"https:\/\/www.bellunopress.it\/#organization","name":"Bellunopress","url":"https:\/\/www.bellunopress.it\/","logo":{"@type":"ImageObject","inLanguage":"fr-FR","@id":"https:\/\/www.bellunopress.it\/#\/schema\/logo\/image\/","url":"https:\/\/www.bellunopress.it\/wp-content\/uploads\/2011\/05\/cropped-logo-bellunopress-.jpg","contentUrl":"https:\/\/www.bellunopress.it\/wp-content\/uploads\/2011\/05\/cropped-logo-bellunopress-.jpg","width":512,"height":512,"caption":"Bellunopress"},"image":{"@id":"https:\/\/www.bellunopress.it\/#\/schema\/logo\/image\/"},"sameAs":["https:\/\/www.facebook.com\/profile.php?id=100008943462799","https:\/\/x.com\/bellunopress","https:\/\/www.linkedin.com\/hp\/?dnr=JBzUWaJfMUw8vbXJJ2tVW5-I3jZKvC4wsoxE&amp;amp;amp;amp;amp;amp;trk=nav_responsive_tab_home","https:\/\/www.youtube.com\/channel\/UCxL0wu1uN0_3_7hGG0306cw"]},{"@type":"Person","@id":"https:\/\/www.bellunopress.it\/#\/schema\/person\/79bb06722b37ece1c03d3e94beb30d73","name":"r\u00e9daction","image":{"@type":"ImageObject","inLanguage":"fr-FR","@id":"https:\/\/secure.gravatar.com\/avatar\/37d968a2e67a6fd04c169c4bdef102d0bc5d31b2546345219e348575eb80e9a0?s=96&d=mm&r=g","url":"https:\/\/secure.gravatar.com\/avatar\/37d968a2e67a6fd04c169c4bdef102d0bc5d31b2546345219e348575eb80e9a0?s=96&d=mm&r=g","contentUrl":"https:\/\/secure.gravatar.com\/avatar\/37d968a2e67a6fd04c169c4bdef102d0bc5d31b2546345219e348575eb80e9a0?s=96&d=mm&r=g","caption":"redazione"},"sameAs":["http:\/\/www.bellunopress.it","https:\/\/x.com\/bellunopress"],"url":"https:\/\/www.bellunopress.it\/fr\/author\/redazione\/"}]}},"_links":{"self":[{"href":"https:\/\/www.bellunopress.it\/fr\/wp-json\/wp\/v2\/posts\/107737","targetHints":{"allow":["GET"]}}],"collection":[{"href":"https:\/\/www.bellunopress.it\/fr\/wp-json\/wp\/v2\/posts"}],"about":[{"href":"https:\/\/www.bellunopress.it\/fr\/wp-json\/wp\/v2\/types\/post"}],"author":[{"embeddable":true,"href":"https:\/\/www.bellunopress.it\/fr\/wp-json\/wp\/v2\/users\/2"}],"replies":[{"embeddable":true,"href":"https:\/\/www.bellunopress.it\/fr\/wp-json\/wp\/v2\/comments?post=107737"}],"version-history":[{"count":2,"href":"https:\/\/www.bellunopress.it\/fr\/wp-json\/wp\/v2\/posts\/107737\/revisions"}],"predecessor-version":[{"id":107740,"href":"https:\/\/www.bellunopress.it\/fr\/wp-json\/wp\/v2\/posts\/107737\/revisions\/107740"}],"wp:attachment":[{"href":"https:\/\/www.bellunopress.it\/fr\/wp-json\/wp\/v2\/media?parent=107737"}],"wp:term":[{"taxonomy":"category","embeddable":true,"href":"https:\/\/www.bellunopress.it\/fr\/wp-json\/wp\/v2\/categories?post=107737"},{"taxonomy":"post_tag","embeddable":true,"href":"https:\/\/www.bellunopress.it\/fr\/wp-json\/wp\/v2\/tags?post=107737"}],"curies":[{"name":"wp","href":"https:\/\/api.w.org\/{rel}","templated":true}]}}