{"id":107731,"date":"2019-09-09T15:37:43","date_gmt":"2019-09-09T13:37:43","guid":{"rendered":"http:\/\/www.bellunopress.it\/?p=107731"},"modified":"2019-09-09T15:37:43","modified_gmt":"2019-09-09T13:37:43","slug":"sabato-14-e-domenica-15-settembre-il-cammina-italia-cai-2019-sara-in-veneto-con-due-escursioni-tra-il-rifugio-rinfreddo-e-costa-dantola","status":"publish","type":"post","link":"https:\/\/www.bellunopress.it\/fr\/2019\/09\/09\/sabato-14-e-domenica-15-settembre-il-cammina-italia-cai-2019-sara-in-veneto-con-due-escursioni-tra-il-rifugio-rinfreddo-e-costa-dantola\/","title":{"rendered":"Sabato 14 e domenica 15 settembre il &#8220;Cammina Italia CAI 2019&#8221; sar\u00e0 in Veneto, con due escursioni tra il Rifugio Rinfreddo e Costa d&#8217;Antola"},"content":{"rendered":"<p><a href=\"http:\/\/www.bellunopress.it\/fr\/2012\/01\/11\/manovra-monti-tagli-anche-al-club-alpino-italiano-e-al-suo-soccorso-alpino-e-speleologico\/cai\/\" rel=\"attachment wp-att-34076\"><img loading=\"lazy\" decoding=\"async\" class=\"alignleft size-full wp-image-34076\" src=\"http:\/\/www.bellunopress.it\/wp-content\/uploads\/2012\/01\/cai.jpg\" alt=\"\" width=\"150\" height=\"125\" \/><\/a>Due escursioni nel Comelico sul Sentiero Italia CAI, lungo un itinerario con particolari caratteristiche geologiche, che attraversa luoghi ricchi di significato, teatro della Grande Guerra cento anni fa e duramente colpiti dalla Tempesta Vaia l&#8217;anno scorso.<\/p>\n<p>Questo prevedono le tappe venete della staffetta non continuativa &#8220;Cammina Italia CAI 2019&#8221; di sabato 14 e domenica 15 settembre, organizzate dalla Sezione CAI Val Comelico. Il &#8220;Cammina Italia CAI 2019&#8221;, lo ricordiamo, \u00e8 l&#8217;iniziativa escursionistica nazionale organizzata dal Club alpino italiano per rilanciare gli oltre 7000 km di un itinerario in gran parte ripristinato quest&#8217;anno dai Soci dell&#8217;associazione. Un percorso che inizia da Santa Teresa Gallura, in Sardegna, per terminare a Muggia, in provincia di Trieste. Partita lo scorso marzo, la staffetta ha risalito la penisola, lungo la dorsale appenninica prima e buona parte dell&#8217;arco alpino poi, con escursioni svolte in tutte le regioni (solo in Alto Adige sono state annullate il fine settimana appena trascorso per avverse previsioni meteo). Dopo il Veneto, mancheranno i due fine settimana programmati in Friuli Venezia Giulia (in Carnia e sul Carso triestino) per concludere il programma.<\/p>\n<p>Sabato 14 settembre l&#8217;escursione partir\u00e0 dal Rifugio Rinfreddo (1887 metri, adagiato in un verde pascolo al cospetto delle Dolomiti del Comelico) e avr\u00e0 come destinazione Malga Dignas (1686 metri). I partecipanti cammineranno per 21 km con dislivello in salita di 1300 metri (durata circa sette ore, difficolt\u00e0 &#8220;Escursionistica&#8221;). &#8220;La prima parte del percorso, fino al punto pi\u00f9 alto della tappa, la Sella del Col Quatern\u00e0 (2379 metri), consente di osservare arenarie e siltiti, con le filladi di colore grigio scuro. Sul Quatern\u00e0 troviamo le andesiti, rocce derivanti dalla lava vulcanica solidificata, di colore grigio verdastro con grossi cristalli scuri&#8221;, spiega il Presidente del CAI Val Comelico Gianluigi Topran d&#8217;Agata. &#8220;L&#8217;escursione toccher\u00e0 poi le creste di confine, teatro di aspri combattimenti un secolo fa&#8221;.<\/p>\n<p>Domenica 15 settembre si camminer\u00e0 da Malga Dignas (1686 metri) a Costa d&#8217;Antola (1332 metri): sono 22 km con dislivello in salita di 950 metri (tempo di percorrenza 6 ore circa, difficolt\u00e0 &#8220;Escursionistica&#8221;). Gli escursionisti percorreranno tutto il versante sud della cresta di confine tra la Val Visdende e l&#8217;Ost Tirol austriaco. Si attraversano le casere C\u00e8cido (2014m), Manzon (1890m), Chiastelin (1968m), da cui su buon sentiero si scende fino aMalga Antola (1872m). &#8220;Proprio dalla zona di Col Ciastlin verr\u00e0 lanciato un messaggio di pace e amicizia dal Sentiero Italia CAI. Tutto il percorso \u00e8 facile e panoramico sull&#8217;intera Val Visdende in vista dell&#8217;imponente mole del Monte Peralba (2694m)&#8221;, continua Topran. Nell&#8217;ultima parte del percorso, lungo la strada boschiva fino a Costa d&#8217;Antola, i partecipanti potranno rendersi conto &#8220;della distruzione del bosco in una delle zone pi\u00f9 colpite dall&#8217;uragano Vaia lo scorso 29 ottobre, della modifica del paesaggio nella sua meravigliosa drammaticit\u00e0, e dei lavori di recupero ed esbosco degli alberi schiantati a terra&#8221;.<\/p>\n<p>A Costa d&#8217;Antola l&#8217;escursione terminer\u00e0 con un momento conviviale e di festa: &#8220;questa tappa sar\u00e0 anche solidale, infatti vi partecipano alcuni rappresentanti di associazioni che hanno contribuito al ripristino dei sentieri dopo Vaia&#8221;, conclude Topran. &#8220;Percorrendola si possono osservare vari tratti del bosco distrutto, particolarmente nel tratto finale tra Malga Chivion e Costa d&#8217;Antola, il fu incantevole bosco di Sesis&#8221;.<\/p>\n<p>&nbsp;<\/p>","protected":false},"excerpt":{"rendered":"<p>Due escursioni nel Comelico sul Sentiero Italia CAI, lungo un itinerario con particolari caratteristiche geologiche, che attraversa luoghi ricchi di significato, teatro della Grande Guerra cento anni fa e duramente colpiti dalla Tempesta Vaia l&#8217;anno scorso. Questo prevedono le tappe venete della staffetta non continuativa &#8220;Cammina Italia CAI 2019&#8221; di sabato 14 e domenica 15 [&hellip;]<\/p>\n","protected":false},"author":2,"featured_media":0,"comment_status":"closed","ping_status":"open","sticky":false,"template":"","format":"standard","meta":{"footnotes":""},"categories":[27,26,8],"tags":[],"class_list":["post-107731","post","type-post","status-publish","format-standard","category-appuntamenti","category-prima-pagina","category-societa-istituzioni"],"yoast_head":"<!-- This site is optimized with the Yoast SEO plugin v28.4 - https:\/\/yoast.com\/product\/yoast-seo-wordpress\/ -->\n<title>Sabato 14 e domenica 15 settembre il &quot;Cammina Italia CAI 2019&quot; sar\u00e0 in Veneto, con due escursioni tra il Rifugio Rinfreddo e Costa d&#039;Antola - Bellunopress - Dolomiti<\/title>\n<meta name=\"robots\" content=\"index, follow, max-snippet:-1, max-image-preview:large, max-video-preview:-1\" \/>\n<link rel=\"canonical\" href=\"https:\/\/www.bellunopress.it\/fr\/2019\/09\/09\/sabato-14-e-domenica-15-settembre-il-cammina-italia-cai-2019-sara-in-veneto-con-due-escursioni-tra-il-rifugio-rinfreddo-e-costa-dantola\/\" \/>\n<meta property=\"og:locale\" content=\"fr_FR\" \/>\n<meta property=\"og:type\" content=\"article\" \/>\n<meta property=\"og:title\" content=\"Sabato 14 e domenica 15 settembre il &quot;Cammina Italia CAI 2019&quot; sar\u00e0 in Veneto, con due escursioni tra il Rifugio Rinfreddo e Costa d&#039;Antola - Bellunopress - Dolomiti\" \/>\n<meta property=\"og:description\" content=\"Due escursioni nel Comelico sul Sentiero Italia CAI, lungo un itinerario con particolari caratteristiche geologiche, che attraversa luoghi ricchi di significato, teatro della Grande Guerra cento anni fa e duramente colpiti dalla Tempesta Vaia l&#8217;anno scorso. Questo prevedono le tappe venete della staffetta non continuativa &#8220;Cammina Italia CAI 2019&#8221; di sabato 14 e domenica 15 [&hellip;]\" \/>\n<meta property=\"og:url\" content=\"https:\/\/www.bellunopress.it\/fr\/2019\/09\/09\/sabato-14-e-domenica-15-settembre-il-cammina-italia-cai-2019-sara-in-veneto-con-due-escursioni-tra-il-rifugio-rinfreddo-e-costa-dantola\/\" \/>\n<meta property=\"og:site_name\" content=\"Bellunopress - Dolomiti\" \/>\n<meta property=\"article:publisher\" content=\"https:\/\/www.facebook.com\/profile.php?id=100008943462799\" \/>\n<meta property=\"article:published_time\" content=\"2019-09-09T13:37:43+00:00\" \/>\n<meta property=\"og:image\" content=\"http:\/\/www.bellunopress.it\/wp-content\/uploads\/2012\/01\/cai.jpg\" \/>\n<meta name=\"author\" content=\"redazione\" \/>\n<meta name=\"twitter:card\" content=\"summary_large_image\" \/>\n<meta name=\"twitter:creator\" content=\"@bellunopress\" \/>\n<meta name=\"twitter:site\" content=\"@bellunopress\" \/>\n<meta name=\"twitter:label1\" content=\"\u00c9crit par\" \/>\n\t<meta name=\"twitter:data1\" content=\"redazione\" \/>\n\t<meta name=\"twitter:label2\" content=\"Dur\u00e9e de lecture estim\u00e9e\" \/>\n\t<meta name=\"twitter:data2\" content=\"3 minutes\" \/>\n<script type=\"application\/ld+json\" class=\"yoast-schema-graph\">{\"@context\":\"https:\\\/\\\/schema.org\",\"@graph\":[{\"@type\":\"Article\",\"@id\":\"https:\\\/\\\/www.bellunopress.it\\\/2019\\\/09\\\/09\\\/sabato-14-e-domenica-15-settembre-il-cammina-italia-cai-2019-sara-in-veneto-con-due-escursioni-tra-il-rifugio-rinfreddo-e-costa-dantola\\\/#article\",\"isPartOf\":{\"@id\":\"https:\\\/\\\/www.bellunopress.it\\\/2019\\\/09\\\/09\\\/sabato-14-e-domenica-15-settembre-il-cammina-italia-cai-2019-sara-in-veneto-con-due-escursioni-tra-il-rifugio-rinfreddo-e-costa-dantola\\\/\"},\"author\":{\"name\":\"redazione\",\"@id\":\"https:\\\/\\\/www.bellunopress.it\\\/#\\\/schema\\\/person\\\/79bb06722b37ece1c03d3e94beb30d73\"},\"headline\":\"Sabato 14 e domenica 15 settembre il &#8220;Cammina Italia CAI 2019&#8221; sar\u00e0 in Veneto, con due escursioni tra il Rifugio Rinfreddo e Costa d&#8217;Antola\",\"datePublished\":\"2019-09-09T13:37:43+00:00\",\"mainEntityOfPage\":{\"@id\":\"https:\\\/\\\/www.bellunopress.it\\\/2019\\\/09\\\/09\\\/sabato-14-e-domenica-15-settembre-il-cammina-italia-cai-2019-sara-in-veneto-con-due-escursioni-tra-il-rifugio-rinfreddo-e-costa-dantola\\\/\"},\"wordCount\":549,\"publisher\":{\"@id\":\"https:\\\/\\\/www.bellunopress.it\\\/#organization\"},\"image\":{\"@id\":\"https:\\\/\\\/www.bellunopress.it\\\/2019\\\/09\\\/09\\\/sabato-14-e-domenica-15-settembre-il-cammina-italia-cai-2019-sara-in-veneto-con-due-escursioni-tra-il-rifugio-rinfreddo-e-costa-dantola\\\/#primaryimage\"},\"thumbnailUrl\":\"http:\\\/\\\/www.bellunopress.it\\\/wp-content\\\/uploads\\\/2012\\\/01\\\/cai.jpg\",\"articleSection\":[\"Appuntamenti, Eventi\",\"Prima Pagina\",\"Societ\u00e0, Associazioni, Istituzioni\"],\"inLanguage\":\"fr-FR\"},{\"@type\":\"WebPage\",\"@id\":\"https:\\\/\\\/www.bellunopress.it\\\/2019\\\/09\\\/09\\\/sabato-14-e-domenica-15-settembre-il-cammina-italia-cai-2019-sara-in-veneto-con-due-escursioni-tra-il-rifugio-rinfreddo-e-costa-dantola\\\/\",\"url\":\"https:\\\/\\\/www.bellunopress.it\\\/2019\\\/09\\\/09\\\/sabato-14-e-domenica-15-settembre-il-cammina-italia-cai-2019-sara-in-veneto-con-due-escursioni-tra-il-rifugio-rinfreddo-e-costa-dantola\\\/\",\"name\":\"Sabato 14 e domenica 15 settembre il \\\"Cammina Italia CAI 2019\\\" sar\u00e0 in Veneto, con due escursioni tra il Rifugio Rinfreddo e Costa d'Antola - Bellunopress - Dolomiti\",\"isPartOf\":{\"@id\":\"https:\\\/\\\/www.bellunopress.it\\\/#website\"},\"primaryImageOfPage\":{\"@id\":\"https:\\\/\\\/www.bellunopress.it\\\/2019\\\/09\\\/09\\\/sabato-14-e-domenica-15-settembre-il-cammina-italia-cai-2019-sara-in-veneto-con-due-escursioni-tra-il-rifugio-rinfreddo-e-costa-dantola\\\/#primaryimage\"},\"image\":{\"@id\":\"https:\\\/\\\/www.bellunopress.it\\\/2019\\\/09\\\/09\\\/sabato-14-e-domenica-15-settembre-il-cammina-italia-cai-2019-sara-in-veneto-con-due-escursioni-tra-il-rifugio-rinfreddo-e-costa-dantola\\\/#primaryimage\"},\"thumbnailUrl\":\"http:\\\/\\\/www.bellunopress.it\\\/wp-content\\\/uploads\\\/2012\\\/01\\\/cai.jpg\",\"datePublished\":\"2019-09-09T13:37:43+00:00\",\"breadcrumb\":{\"@id\":\"https:\\\/\\\/www.bellunopress.it\\\/2019\\\/09\\\/09\\\/sabato-14-e-domenica-15-settembre-il-cammina-italia-cai-2019-sara-in-veneto-con-due-escursioni-tra-il-rifugio-rinfreddo-e-costa-dantola\\\/#breadcrumb\"},\"inLanguage\":\"fr-FR\",\"potentialAction\":[{\"@type\":\"ReadAction\",\"target\":[\"https:\\\/\\\/www.bellunopress.it\\\/2019\\\/09\\\/09\\\/sabato-14-e-domenica-15-settembre-il-cammina-italia-cai-2019-sara-in-veneto-con-due-escursioni-tra-il-rifugio-rinfreddo-e-costa-dantola\\\/\"]}]},{\"@type\":\"ImageObject\",\"inLanguage\":\"fr-FR\",\"@id\":\"https:\\\/\\\/www.bellunopress.it\\\/2019\\\/09\\\/09\\\/sabato-14-e-domenica-15-settembre-il-cammina-italia-cai-2019-sara-in-veneto-con-due-escursioni-tra-il-rifugio-rinfreddo-e-costa-dantola\\\/#primaryimage\",\"url\":\"http:\\\/\\\/www.bellunopress.it\\\/wp-content\\\/uploads\\\/2012\\\/01\\\/cai.jpg\",\"contentUrl\":\"http:\\\/\\\/www.bellunopress.it\\\/wp-content\\\/uploads\\\/2012\\\/01\\\/cai.jpg\"},{\"@type\":\"BreadcrumbList\",\"@id\":\"https:\\\/\\\/www.bellunopress.it\\\/2019\\\/09\\\/09\\\/sabato-14-e-domenica-15-settembre-il-cammina-italia-cai-2019-sara-in-veneto-con-due-escursioni-tra-il-rifugio-rinfreddo-e-costa-dantola\\\/#breadcrumb\",\"itemListElement\":[{\"@type\":\"ListItem\",\"position\":1,\"name\":\"Home\",\"item\":\"https:\\\/\\\/www.bellunopress.it\\\/\"},{\"@type\":\"ListItem\",\"position\":2,\"name\":\"Sabato 14 e domenica 15 settembre il &#8220;Cammina Italia CAI 2019&#8221; sar\u00e0 in Veneto, con due escursioni tra il Rifugio Rinfreddo e Costa d&#8217;Antola\"}]},{\"@type\":\"WebSite\",\"@id\":\"https:\\\/\\\/www.bellunopress.it\\\/#website\",\"url\":\"https:\\\/\\\/www.bellunopress.it\\\/\",\"name\":\"Bellunopress - Dolomiti\",\"description\":\"e-mail: redazione@bellunopress.it\",\"publisher\":{\"@id\":\"https:\\\/\\\/www.bellunopress.it\\\/#organization\"},\"potentialAction\":[{\"@type\":\"SearchAction\",\"target\":{\"@type\":\"EntryPoint\",\"urlTemplate\":\"https:\\\/\\\/www.bellunopress.it\\\/?s={search_term_string}\"},\"query-input\":{\"@type\":\"PropertyValueSpecification\",\"valueRequired\":true,\"valueName\":\"search_term_string\"}}],\"inLanguage\":\"fr-FR\"},{\"@type\":\"Organization\",\"@id\":\"https:\\\/\\\/www.bellunopress.it\\\/#organization\",\"name\":\"Bellunopress\",\"url\":\"https:\\\/\\\/www.bellunopress.it\\\/\",\"logo\":{\"@type\":\"ImageObject\",\"inLanguage\":\"fr-FR\",\"@id\":\"https:\\\/\\\/www.bellunopress.it\\\/#\\\/schema\\\/logo\\\/image\\\/\",\"url\":\"https:\\\/\\\/www.bellunopress.it\\\/wp-content\\\/uploads\\\/2011\\\/05\\\/cropped-logo-bellunopress-.jpg\",\"contentUrl\":\"https:\\\/\\\/www.bellunopress.it\\\/wp-content\\\/uploads\\\/2011\\\/05\\\/cropped-logo-bellunopress-.jpg\",\"width\":512,\"height\":512,\"caption\":\"Bellunopress\"},\"image\":{\"@id\":\"https:\\\/\\\/www.bellunopress.it\\\/#\\\/schema\\\/logo\\\/image\\\/\"},\"sameAs\":[\"https:\\\/\\\/www.facebook.com\\\/profile.php?id=100008943462799\",\"https:\\\/\\\/x.com\\\/bellunopress\",\"https:\\\/\\\/www.linkedin.com\\\/hp\\\/?dnr=JBzUWaJfMUw8vbXJJ2tVW5-I3jZKvC4wsoxE&amp;amp;amp;amp;amp;amp;trk=nav_responsive_tab_home\",\"https:\\\/\\\/www.youtube.com\\\/channel\\\/UCxL0wu1uN0_3_7hGG0306cw\"]},{\"@type\":\"Person\",\"@id\":\"https:\\\/\\\/www.bellunopress.it\\\/#\\\/schema\\\/person\\\/79bb06722b37ece1c03d3e94beb30d73\",\"name\":\"redazione\",\"image\":{\"@type\":\"ImageObject\",\"inLanguage\":\"fr-FR\",\"@id\":\"https:\\\/\\\/secure.gravatar.com\\\/avatar\\\/37d968a2e67a6fd04c169c4bdef102d0bc5d31b2546345219e348575eb80e9a0?s=96&d=mm&r=g\",\"url\":\"https:\\\/\\\/secure.gravatar.com\\\/avatar\\\/37d968a2e67a6fd04c169c4bdef102d0bc5d31b2546345219e348575eb80e9a0?s=96&d=mm&r=g\",\"contentUrl\":\"https:\\\/\\\/secure.gravatar.com\\\/avatar\\\/37d968a2e67a6fd04c169c4bdef102d0bc5d31b2546345219e348575eb80e9a0?s=96&d=mm&r=g\",\"caption\":\"redazione\"},\"sameAs\":[\"http:\\\/\\\/www.bellunopress.it\",\"https:\\\/\\\/x.com\\\/bellunopress\"],\"url\":\"https:\\\/\\\/www.bellunopress.it\\\/fr\\\/author\\\/redazione\\\/\"}]}<\/script>\n<!-- \/ Yoast SEO plugin. -->","yoast_head_json":{"title":"Sabato 14 e domenica 15 settembre il \"Cammina Italia CAI 2019\" sar\u00e0 in Veneto, con due escursioni tra il Rifugio Rinfreddo e Costa d'Antola - Bellunopress - Dolomiti","robots":{"index":"index","follow":"follow","max-snippet":"max-snippet:-1","max-image-preview":"max-image-preview:large","max-video-preview":"max-video-preview:-1"},"canonical":"https:\/\/www.bellunopress.it\/fr\/2019\/09\/09\/sabato-14-e-domenica-15-settembre-il-cammina-italia-cai-2019-sara-in-veneto-con-due-escursioni-tra-il-rifugio-rinfreddo-e-costa-dantola\/","og_locale":"fr_FR","og_type":"article","og_title":"Sabato 14 e domenica 15 settembre il \"Cammina Italia CAI 2019\" sar\u00e0 in Veneto, con due escursioni tra il Rifugio Rinfreddo e Costa d'Antola - Bellunopress - Dolomiti","og_description":"Due escursioni nel Comelico sul Sentiero Italia CAI, lungo un itinerario con particolari caratteristiche geologiche, che attraversa luoghi ricchi di significato, teatro della Grande Guerra cento anni fa e duramente colpiti dalla Tempesta Vaia l&#8217;anno scorso. Questo prevedono le tappe venete della staffetta non continuativa &#8220;Cammina Italia CAI 2019&#8221; di sabato 14 e domenica 15 [&hellip;]","og_url":"https:\/\/www.bellunopress.it\/fr\/2019\/09\/09\/sabato-14-e-domenica-15-settembre-il-cammina-italia-cai-2019-sara-in-veneto-con-due-escursioni-tra-il-rifugio-rinfreddo-e-costa-dantola\/","og_site_name":"Bellunopress - Dolomiti","article_publisher":"https:\/\/www.facebook.com\/profile.php?id=100008943462799","article_published_time":"2019-09-09T13:37:43+00:00","og_image":[{"url":"http:\/\/www.bellunopress.it\/wp-content\/uploads\/2012\/01\/cai.jpg","type":"","width":"","height":""}],"author":"redazione","twitter_card":"summary_large_image","twitter_creator":"@bellunopress","twitter_site":"@bellunopress","twitter_misc":{"\u00c9crit par":"redazione","Dur\u00e9e de lecture estim\u00e9e":"3 minutes"},"schema":{"@context":"https:\/\/schema.org","@graph":[{"@type":"Article","@id":"https:\/\/www.bellunopress.it\/2019\/09\/09\/sabato-14-e-domenica-15-settembre-il-cammina-italia-cai-2019-sara-in-veneto-con-due-escursioni-tra-il-rifugio-rinfreddo-e-costa-dantola\/#article","isPartOf":{"@id":"https:\/\/www.bellunopress.it\/2019\/09\/09\/sabato-14-e-domenica-15-settembre-il-cammina-italia-cai-2019-sara-in-veneto-con-due-escursioni-tra-il-rifugio-rinfreddo-e-costa-dantola\/"},"author":{"name":"redazione","@id":"https:\/\/www.bellunopress.it\/#\/schema\/person\/79bb06722b37ece1c03d3e94beb30d73"},"headline":"Sabato 14 e domenica 15 settembre il &#8220;Cammina Italia CAI 2019&#8221; sar\u00e0 in Veneto, con due escursioni tra il Rifugio Rinfreddo e Costa d&#8217;Antola","datePublished":"2019-09-09T13:37:43+00:00","mainEntityOfPage":{"@id":"https:\/\/www.bellunopress.it\/2019\/09\/09\/sabato-14-e-domenica-15-settembre-il-cammina-italia-cai-2019-sara-in-veneto-con-due-escursioni-tra-il-rifugio-rinfreddo-e-costa-dantola\/"},"wordCount":549,"publisher":{"@id":"https:\/\/www.bellunopress.it\/#organization"},"image":{"@id":"https:\/\/www.bellunopress.it\/2019\/09\/09\/sabato-14-e-domenica-15-settembre-il-cammina-italia-cai-2019-sara-in-veneto-con-due-escursioni-tra-il-rifugio-rinfreddo-e-costa-dantola\/#primaryimage"},"thumbnailUrl":"http:\/\/www.bellunopress.it\/wp-content\/uploads\/2012\/01\/cai.jpg","articleSection":["Appuntamenti, Eventi","Prima Pagina","Societ\u00e0, Associazioni, Istituzioni"],"inLanguage":"fr-FR"},{"@type":"WebPage","@id":"https:\/\/www.bellunopress.it\/2019\/09\/09\/sabato-14-e-domenica-15-settembre-il-cammina-italia-cai-2019-sara-in-veneto-con-due-escursioni-tra-il-rifugio-rinfreddo-e-costa-dantola\/","url":"https:\/\/www.bellunopress.it\/2019\/09\/09\/sabato-14-e-domenica-15-settembre-il-cammina-italia-cai-2019-sara-in-veneto-con-due-escursioni-tra-il-rifugio-rinfreddo-e-costa-dantola\/","name":"Sabato 14 e domenica 15 settembre il \"Cammina Italia CAI 2019\" sar\u00e0 in Veneto, con due escursioni tra il Rifugio Rinfreddo e Costa d'Antola - Bellunopress - Dolomiti","isPartOf":{"@id":"https:\/\/www.bellunopress.it\/#website"},"primaryImageOfPage":{"@id":"https:\/\/www.bellunopress.it\/2019\/09\/09\/sabato-14-e-domenica-15-settembre-il-cammina-italia-cai-2019-sara-in-veneto-con-due-escursioni-tra-il-rifugio-rinfreddo-e-costa-dantola\/#primaryimage"},"image":{"@id":"https:\/\/www.bellunopress.it\/2019\/09\/09\/sabato-14-e-domenica-15-settembre-il-cammina-italia-cai-2019-sara-in-veneto-con-due-escursioni-tra-il-rifugio-rinfreddo-e-costa-dantola\/#primaryimage"},"thumbnailUrl":"http:\/\/www.bellunopress.it\/wp-content\/uploads\/2012\/01\/cai.jpg","datePublished":"2019-09-09T13:37:43+00:00","breadcrumb":{"@id":"https:\/\/www.bellunopress.it\/2019\/09\/09\/sabato-14-e-domenica-15-settembre-il-cammina-italia-cai-2019-sara-in-veneto-con-due-escursioni-tra-il-rifugio-rinfreddo-e-costa-dantola\/#breadcrumb"},"inLanguage":"fr-FR","potentialAction":[{"@type":"ReadAction","target":["https:\/\/www.bellunopress.it\/2019\/09\/09\/sabato-14-e-domenica-15-settembre-il-cammina-italia-cai-2019-sara-in-veneto-con-due-escursioni-tra-il-rifugio-rinfreddo-e-costa-dantola\/"]}]},{"@type":"ImageObject","inLanguage":"fr-FR","@id":"https:\/\/www.bellunopress.it\/2019\/09\/09\/sabato-14-e-domenica-15-settembre-il-cammina-italia-cai-2019-sara-in-veneto-con-due-escursioni-tra-il-rifugio-rinfreddo-e-costa-dantola\/#primaryimage","url":"http:\/\/www.bellunopress.it\/wp-content\/uploads\/2012\/01\/cai.jpg","contentUrl":"http:\/\/www.bellunopress.it\/wp-content\/uploads\/2012\/01\/cai.jpg"},{"@type":"BreadcrumbList","@id":"https:\/\/www.bellunopress.it\/2019\/09\/09\/sabato-14-e-domenica-15-settembre-il-cammina-italia-cai-2019-sara-in-veneto-con-due-escursioni-tra-il-rifugio-rinfreddo-e-costa-dantola\/#breadcrumb","itemListElement":[{"@type":"ListItem","position":1,"name":"Home","item":"https:\/\/www.bellunopress.it\/"},{"@type":"ListItem","position":2,"name":"Sabato 14 e domenica 15 settembre il &#8220;Cammina Italia CAI 2019&#8221; sar\u00e0 in Veneto, con due escursioni tra il Rifugio Rinfreddo e Costa d&#8217;Antola"}]},{"@type":"WebSite","@id":"https:\/\/www.bellunopress.it\/#website","url":"https:\/\/www.bellunopress.it\/","name":"Bellunopress - Dolomiti","description":"e-mail: redazione@bellunopress.it","publisher":{"@id":"https:\/\/www.bellunopress.it\/#organization"},"potentialAction":[{"@type":"SearchAction","target":{"@type":"EntryPoint","urlTemplate":"https:\/\/www.bellunopress.it\/?s={search_term_string}"},"query-input":{"@type":"PropertyValueSpecification","valueRequired":true,"valueName":"search_term_string"}}],"inLanguage":"fr-FR"},{"@type":"Organization","@id":"https:\/\/www.bellunopress.it\/#organization","name":"Bellunopress","url":"https:\/\/www.bellunopress.it\/","logo":{"@type":"ImageObject","inLanguage":"fr-FR","@id":"https:\/\/www.bellunopress.it\/#\/schema\/logo\/image\/","url":"https:\/\/www.bellunopress.it\/wp-content\/uploads\/2011\/05\/cropped-logo-bellunopress-.jpg","contentUrl":"https:\/\/www.bellunopress.it\/wp-content\/uploads\/2011\/05\/cropped-logo-bellunopress-.jpg","width":512,"height":512,"caption":"Bellunopress"},"image":{"@id":"https:\/\/www.bellunopress.it\/#\/schema\/logo\/image\/"},"sameAs":["https:\/\/www.facebook.com\/profile.php?id=100008943462799","https:\/\/x.com\/bellunopress","https:\/\/www.linkedin.com\/hp\/?dnr=JBzUWaJfMUw8vbXJJ2tVW5-I3jZKvC4wsoxE&amp;amp;amp;amp;amp;amp;trk=nav_responsive_tab_home","https:\/\/www.youtube.com\/channel\/UCxL0wu1uN0_3_7hGG0306cw"]},{"@type":"Person","@id":"https:\/\/www.bellunopress.it\/#\/schema\/person\/79bb06722b37ece1c03d3e94beb30d73","name":"r\u00e9daction","image":{"@type":"ImageObject","inLanguage":"fr-FR","@id":"https:\/\/secure.gravatar.com\/avatar\/37d968a2e67a6fd04c169c4bdef102d0bc5d31b2546345219e348575eb80e9a0?s=96&d=mm&r=g","url":"https:\/\/secure.gravatar.com\/avatar\/37d968a2e67a6fd04c169c4bdef102d0bc5d31b2546345219e348575eb80e9a0?s=96&d=mm&r=g","contentUrl":"https:\/\/secure.gravatar.com\/avatar\/37d968a2e67a6fd04c169c4bdef102d0bc5d31b2546345219e348575eb80e9a0?s=96&d=mm&r=g","caption":"redazione"},"sameAs":["http:\/\/www.bellunopress.it","https:\/\/x.com\/bellunopress"],"url":"https:\/\/www.bellunopress.it\/fr\/author\/redazione\/"}]}},"_links":{"self":[{"href":"https:\/\/www.bellunopress.it\/fr\/wp-json\/wp\/v2\/posts\/107731","targetHints":{"allow":["GET"]}}],"collection":[{"href":"https:\/\/www.bellunopress.it\/fr\/wp-json\/wp\/v2\/posts"}],"about":[{"href":"https:\/\/www.bellunopress.it\/fr\/wp-json\/wp\/v2\/types\/post"}],"author":[{"embeddable":true,"href":"https:\/\/www.bellunopress.it\/fr\/wp-json\/wp\/v2\/users\/2"}],"replies":[{"embeddable":true,"href":"https:\/\/www.bellunopress.it\/fr\/wp-json\/wp\/v2\/comments?post=107731"}],"version-history":[{"count":1,"href":"https:\/\/www.bellunopress.it\/fr\/wp-json\/wp\/v2\/posts\/107731\/revisions"}],"predecessor-version":[{"id":107732,"href":"https:\/\/www.bellunopress.it\/fr\/wp-json\/wp\/v2\/posts\/107731\/revisions\/107732"}],"wp:attachment":[{"href":"https:\/\/www.bellunopress.it\/fr\/wp-json\/wp\/v2\/media?parent=107731"}],"wp:term":[{"taxonomy":"category","embeddable":true,"href":"https:\/\/www.bellunopress.it\/fr\/wp-json\/wp\/v2\/categories?post=107731"},{"taxonomy":"post_tag","embeddable":true,"href":"https:\/\/www.bellunopress.it\/fr\/wp-json\/wp\/v2\/tags?post=107731"}],"curies":[{"name":"wp","href":"https:\/\/api.w.org\/{rel}","templated":true}]}}