{"id":107729,"date":"2019-09-09T15:32:19","date_gmt":"2019-09-09T13:32:19","guid":{"rendered":"http:\/\/www.bellunopress.it\/?p=107729"},"modified":"2019-09-12T12:37:06","modified_gmt":"2019-09-12T10:37:06","slug":"vizart-mercoledi-laperitivo-con-gli-artisti-concerto-in-viza-con-gli-allievi-del-workshop-di-violino","status":"publish","type":"post","link":"https:\/\/www.bellunopress.it\/fr\/2019\/09\/09\/vizart-mercoledi-laperitivo-con-gli-artisti-concerto-in-viza-con-gli-allievi-del-workshop-di-violino\/","title":{"rendered":"VIZArt, mercoled\u00ec l&#8217;aperitivo con gli artisti.\u00a0Concerto in &#8220;Viza&#8221; con gli allievi del Workshop di Violino"},"content":{"rendered":"<p>Nuovo appuntamento con VIZArt mercoled\u00ec pomeriggio: alle 17.30, nell&#8217;anfiteatro naturale di VIZArt nella &#8220;Viza da Fabrica&#8221; del bosco di Valgrande, ci sar\u00e0 infatti l&#8217;aperitivo con gli artisti.<\/p>\n<figure id=\"attachment_107654\" aria-describedby=\"caption-attachment-107654\" style=\"width: 219px\" class=\"wp-caption alignleft\"><a href=\"http:\/\/www.bellunopress.it\/fr\/2019\/09\/06\/vizart-domani-il-via-alle-16-il-concerto-di-corinna-canzian-in-arrivo-da-rovigo-20-ragazzi-per-la-preparazione-del-percorso\/corinnacanzian-hd-francescofratto-4-1\/\" rel=\"attachment wp-att-107654\"><img loading=\"lazy\" decoding=\"async\" class=\"size-full wp-image-107654\" src=\"http:\/\/www.bellunopress.it\/wp-content\/uploads\/2019\/09\/CorinnaCanzian-HD-\u00a9francescofratto-4-1.jpg\" alt=\"\" width=\"219\" height=\"300\" \/><\/a><figcaption id=\"caption-attachment-107654\" class=\"wp-caption-text\">Corinna Canzian (Foto \u00a9francescofratto)<\/figcaption><\/figure>\n<p>Sar\u00e0 un&#8217;occasione per conoscere gli artisti e vedere da vicino le opere che stanno prendendo forma, dopo l&#8217;inaugurazione ufficiale della manifestazione di sabato scorso, aperta dall&#8217;esibizione della violinista Corinna Canzian.<\/p>\n<p>Oltre un centinaio di persone hanno seguito la performance, ospitata causa maltempo al Museo Algudnei di Dosoledo, dell&#8217;artista trevigiana, introdotta dalla presentazione della coordinatrice del progetto RI-ambientiamoci Daniela Zambelli, presidente della Societ\u00e0 Cooperativa Lass\u00f9 ideatrice del progetto, di Sebastiano Grosselle, segretario provinciale della FLAI Cgil Belluno, e di Claudio Zaccarin, amministratore delegato di CAAF Cgil Nordest, finanziatore dell&#8217;intero progetto.<\/p>\n<p>La musica sar\u00e0 protagonista anche dell&#8217;aperitivo di mercoled\u00ec: in Valgrande si esibiranno due dei migliori allievi del Workshop di Violino 2019 tenuto nei mesi scorsi dalla stessa Canzian e, anche in questo caso come in tutte le scelte artistiche della rassegna, si tratter\u00e0 di un musicista locale e di un&#8217;artista esterna.<\/p>\n<p>Si tratta di Sebastiano Menardi, 17 anni, di Calalzo di Cadore e di Sara Audenino, 21enne di Torino: per loro, oltre all&#8217;emozione di un concerto in uno scenario insolito e particolare come il bosco di Valgrande, anche la soddisfazione di una borsa di studio del valore di 150 euro ciascuno donata dal Gruppo di Ricerche Culturali Algudnei.<\/p>\n<p>Per gustare al meglio i salumi, formaggi e gli altri prodotti tipici locali che caratterizzeranno l&#8217;aperitivo con gli artisti, l&#8217;anfiteatro naturale si presenter\u00e0 agli ospiti sotto una nuova veste: in questi giorni, grazie al lavoro dei ragazzi della terza liceo linguistico dell&#8217;Istituto di Istruzione Superiore &#8220;Primo Levi&#8221; di Badia Polesine, a Rovigo, della ditta di trasporti Doriguzzi Mario e de La Segheria Mobile del Ticino &#8211; Boratt Petrolo, sono state realizzate sedute e panche dove potersi accomodare per vivere al meglio l&#8217;esperienza culturale, gastronomica e naturalistica.<\/p>\n<p>VIZArt \u00e8 l&#8217;iniziativa 2019 del progetto biennale &#8220;RI-ambientiamoci&#8221;, nato dalla collaborazione tra Lass\u00f9 &#8211; Societ\u00e0 Cooperativa, il CAAF CGIL Nordest, la FLAI CGIL, la Regola di Dosoledo, la Regola di Casada e il Gruppo di Ricerche Culturali Algudnei. &#8220;Ri-Ambientiamoci&#8221; gode anche del patrocinio della Fondazione Dolomiti Unesco e dell&#8217;Unione Montana Comelico.<\/p>","protected":false},"excerpt":{"rendered":"<p>Nuovo appuntamento con VIZArt mercoled\u00ec pomeriggio: alle 17.30, nell&#8217;anfiteatro naturale di VIZArt nella &#8220;Viza da Fabrica&#8221; del bosco di Valgrande, ci sar\u00e0 infatti l&#8217;aperitivo con gli artisti. Sar\u00e0 un&#8217;occasione per conoscere gli artisti e vedere da vicino le opere che stanno prendendo forma, dopo l&#8217;inaugurazione ufficiale della manifestazione di sabato scorso, aperta dall&#8217;esibizione della violinista [&hellip;]<\/p>\n","protected":false},"author":2,"featured_media":0,"comment_status":"closed","ping_status":"open","sticky":false,"template":"","format":"standard","meta":{"footnotes":""},"categories":[27,3],"tags":[],"class_list":["post-107729","post","type-post","status-publish","format-standard","category-appuntamenti","category-arte-cultura-spettacoli-scienza-archivi"],"yoast_head":"<!-- This site is optimized with the Yoast SEO plugin v28.4 - https:\/\/yoast.com\/product\/yoast-seo-wordpress\/ -->\n<title>VIZArt, mercoled\u00ec l&#039;aperitivo con gli artisti.\u00a0Concerto in &quot;Viza&quot; con gli allievi del Workshop di Violino - Bellunopress - Dolomiti<\/title>\n<meta name=\"robots\" content=\"index, follow, max-snippet:-1, max-image-preview:large, max-video-preview:-1\" \/>\n<link rel=\"canonical\" href=\"https:\/\/www.bellunopress.it\/fr\/2019\/09\/09\/vizart-mercoledi-laperitivo-con-gli-artisti-concerto-in-viza-con-gli-allievi-del-workshop-di-violino\/\" \/>\n<meta property=\"og:locale\" content=\"fr_FR\" \/>\n<meta property=\"og:type\" content=\"article\" \/>\n<meta property=\"og:title\" content=\"VIZArt, mercoled\u00ec l&#039;aperitivo con gli artisti.\u00a0Concerto in &quot;Viza&quot; con gli allievi del Workshop di Violino - Bellunopress - Dolomiti\" \/>\n<meta property=\"og:description\" content=\"Nuovo appuntamento con VIZArt mercoled\u00ec pomeriggio: alle 17.30, nell&#8217;anfiteatro naturale di VIZArt nella &#8220;Viza da Fabrica&#8221; del bosco di Valgrande, ci sar\u00e0 infatti l&#8217;aperitivo con gli artisti. Sar\u00e0 un&#8217;occasione per conoscere gli artisti e vedere da vicino le opere che stanno prendendo forma, dopo l&#8217;inaugurazione ufficiale della manifestazione di sabato scorso, aperta dall&#8217;esibizione della violinista [&hellip;]\" \/>\n<meta property=\"og:url\" content=\"https:\/\/www.bellunopress.it\/fr\/2019\/09\/09\/vizart-mercoledi-laperitivo-con-gli-artisti-concerto-in-viza-con-gli-allievi-del-workshop-di-violino\/\" \/>\n<meta property=\"og:site_name\" content=\"Bellunopress - Dolomiti\" \/>\n<meta property=\"article:publisher\" content=\"https:\/\/www.facebook.com\/profile.php?id=100008943462799\" \/>\n<meta property=\"article:published_time\" content=\"2019-09-09T13:32:19+00:00\" \/>\n<meta property=\"article:modified_time\" content=\"2019-09-12T10:37:06+00:00\" \/>\n<meta property=\"og:image\" content=\"http:\/\/www.bellunopress.it\/wp-content\/uploads\/2019\/09\/CorinnaCanzian-HD-\u00a9francescofratto-4-1.jpg\" \/>\n<meta name=\"author\" content=\"redazione\" \/>\n<meta name=\"twitter:card\" content=\"summary_large_image\" \/>\n<meta name=\"twitter:creator\" content=\"@bellunopress\" \/>\n<meta name=\"twitter:site\" content=\"@bellunopress\" \/>\n<meta name=\"twitter:label1\" content=\"\u00c9crit par\" \/>\n\t<meta name=\"twitter:data1\" content=\"redazione\" \/>\n\t<meta name=\"twitter:label2\" content=\"Dur\u00e9e de lecture estim\u00e9e\" \/>\n\t<meta name=\"twitter:data2\" content=\"2 minutes\" \/>\n<script type=\"application\/ld+json\" class=\"yoast-schema-graph\">{\"@context\":\"https:\\\/\\\/schema.org\",\"@graph\":[{\"@type\":\"Article\",\"@id\":\"https:\\\/\\\/www.bellunopress.it\\\/2019\\\/09\\\/09\\\/vizart-mercoledi-laperitivo-con-gli-artisti-concerto-in-viza-con-gli-allievi-del-workshop-di-violino\\\/#article\",\"isPartOf\":{\"@id\":\"https:\\\/\\\/www.bellunopress.it\\\/2019\\\/09\\\/09\\\/vizart-mercoledi-laperitivo-con-gli-artisti-concerto-in-viza-con-gli-allievi-del-workshop-di-violino\\\/\"},\"author\":{\"name\":\"redazione\",\"@id\":\"https:\\\/\\\/www.bellunopress.it\\\/#\\\/schema\\\/person\\\/79bb06722b37ece1c03d3e94beb30d73\"},\"headline\":\"VIZArt, mercoled\u00ec l&#8217;aperitivo con gli artisti.\u00a0Concerto in &#8220;Viza&#8221; con gli allievi del Workshop di Violino\",\"datePublished\":\"2019-09-09T13:32:19+00:00\",\"dateModified\":\"2019-09-12T10:37:06+00:00\",\"mainEntityOfPage\":{\"@id\":\"https:\\\/\\\/www.bellunopress.it\\\/2019\\\/09\\\/09\\\/vizart-mercoledi-laperitivo-con-gli-artisti-concerto-in-viza-con-gli-allievi-del-workshop-di-violino\\\/\"},\"wordCount\":399,\"publisher\":{\"@id\":\"https:\\\/\\\/www.bellunopress.it\\\/#organization\"},\"articleSection\":[\"Appuntamenti, Eventi\",\"Arte, Cultura, Spettacoli, Scienza\"],\"inLanguage\":\"fr-FR\"},{\"@type\":\"WebPage\",\"@id\":\"https:\\\/\\\/www.bellunopress.it\\\/2019\\\/09\\\/09\\\/vizart-mercoledi-laperitivo-con-gli-artisti-concerto-in-viza-con-gli-allievi-del-workshop-di-violino\\\/\",\"url\":\"https:\\\/\\\/www.bellunopress.it\\\/2019\\\/09\\\/09\\\/vizart-mercoledi-laperitivo-con-gli-artisti-concerto-in-viza-con-gli-allievi-del-workshop-di-violino\\\/\",\"name\":\"VIZArt, mercoled\u00ec l'aperitivo con gli artisti.\u00a0Concerto in \\\"Viza\\\" con gli allievi del Workshop di Violino - Bellunopress - Dolomiti\",\"isPartOf\":{\"@id\":\"https:\\\/\\\/www.bellunopress.it\\\/#website\"},\"datePublished\":\"2019-09-09T13:32:19+00:00\",\"dateModified\":\"2019-09-12T10:37:06+00:00\",\"breadcrumb\":{\"@id\":\"https:\\\/\\\/www.bellunopress.it\\\/2019\\\/09\\\/09\\\/vizart-mercoledi-laperitivo-con-gli-artisti-concerto-in-viza-con-gli-allievi-del-workshop-di-violino\\\/#breadcrumb\"},\"inLanguage\":\"fr-FR\",\"potentialAction\":[{\"@type\":\"ReadAction\",\"target\":[\"https:\\\/\\\/www.bellunopress.it\\\/2019\\\/09\\\/09\\\/vizart-mercoledi-laperitivo-con-gli-artisti-concerto-in-viza-con-gli-allievi-del-workshop-di-violino\\\/\"]}]},{\"@type\":\"BreadcrumbList\",\"@id\":\"https:\\\/\\\/www.bellunopress.it\\\/2019\\\/09\\\/09\\\/vizart-mercoledi-laperitivo-con-gli-artisti-concerto-in-viza-con-gli-allievi-del-workshop-di-violino\\\/#breadcrumb\",\"itemListElement\":[{\"@type\":\"ListItem\",\"position\":1,\"name\":\"Home\",\"item\":\"https:\\\/\\\/www.bellunopress.it\\\/\"},{\"@type\":\"ListItem\",\"position\":2,\"name\":\"VIZArt, mercoled\u00ec l&#8217;aperitivo con gli artisti.\u00a0Concerto in &#8220;Viza&#8221; con gli allievi del Workshop di Violino\"}]},{\"@type\":\"WebSite\",\"@id\":\"https:\\\/\\\/www.bellunopress.it\\\/#website\",\"url\":\"https:\\\/\\\/www.bellunopress.it\\\/\",\"name\":\"Bellunopress - Dolomiti\",\"description\":\"e-mail: redazione@bellunopress.it\",\"publisher\":{\"@id\":\"https:\\\/\\\/www.bellunopress.it\\\/#organization\"},\"potentialAction\":[{\"@type\":\"SearchAction\",\"target\":{\"@type\":\"EntryPoint\",\"urlTemplate\":\"https:\\\/\\\/www.bellunopress.it\\\/?s={search_term_string}\"},\"query-input\":{\"@type\":\"PropertyValueSpecification\",\"valueRequired\":true,\"valueName\":\"search_term_string\"}}],\"inLanguage\":\"fr-FR\"},{\"@type\":\"Organization\",\"@id\":\"https:\\\/\\\/www.bellunopress.it\\\/#organization\",\"name\":\"Bellunopress\",\"url\":\"https:\\\/\\\/www.bellunopress.it\\\/\",\"logo\":{\"@type\":\"ImageObject\",\"inLanguage\":\"fr-FR\",\"@id\":\"https:\\\/\\\/www.bellunopress.it\\\/#\\\/schema\\\/logo\\\/image\\\/\",\"url\":\"https:\\\/\\\/www.bellunopress.it\\\/wp-content\\\/uploads\\\/2011\\\/05\\\/cropped-logo-bellunopress-.jpg\",\"contentUrl\":\"https:\\\/\\\/www.bellunopress.it\\\/wp-content\\\/uploads\\\/2011\\\/05\\\/cropped-logo-bellunopress-.jpg\",\"width\":512,\"height\":512,\"caption\":\"Bellunopress\"},\"image\":{\"@id\":\"https:\\\/\\\/www.bellunopress.it\\\/#\\\/schema\\\/logo\\\/image\\\/\"},\"sameAs\":[\"https:\\\/\\\/www.facebook.com\\\/profile.php?id=100008943462799\",\"https:\\\/\\\/x.com\\\/bellunopress\",\"https:\\\/\\\/www.linkedin.com\\\/hp\\\/?dnr=JBzUWaJfMUw8vbXJJ2tVW5-I3jZKvC4wsoxE&amp;amp;amp;amp;amp;amp;trk=nav_responsive_tab_home\",\"https:\\\/\\\/www.youtube.com\\\/channel\\\/UCxL0wu1uN0_3_7hGG0306cw\"]},{\"@type\":\"Person\",\"@id\":\"https:\\\/\\\/www.bellunopress.it\\\/#\\\/schema\\\/person\\\/79bb06722b37ece1c03d3e94beb30d73\",\"name\":\"redazione\",\"image\":{\"@type\":\"ImageObject\",\"inLanguage\":\"fr-FR\",\"@id\":\"https:\\\/\\\/secure.gravatar.com\\\/avatar\\\/37d968a2e67a6fd04c169c4bdef102d0bc5d31b2546345219e348575eb80e9a0?s=96&d=mm&r=g\",\"url\":\"https:\\\/\\\/secure.gravatar.com\\\/avatar\\\/37d968a2e67a6fd04c169c4bdef102d0bc5d31b2546345219e348575eb80e9a0?s=96&d=mm&r=g\",\"contentUrl\":\"https:\\\/\\\/secure.gravatar.com\\\/avatar\\\/37d968a2e67a6fd04c169c4bdef102d0bc5d31b2546345219e348575eb80e9a0?s=96&d=mm&r=g\",\"caption\":\"redazione\"},\"sameAs\":[\"http:\\\/\\\/www.bellunopress.it\",\"https:\\\/\\\/x.com\\\/bellunopress\"],\"url\":\"https:\\\/\\\/www.bellunopress.it\\\/fr\\\/author\\\/redazione\\\/\"}]}<\/script>\n<!-- \/ Yoast SEO plugin. -->","yoast_head_json":{"title":"VIZArt, mercoled\u00ec l'aperitivo con gli artisti.\u00a0Concerto in \"Viza\" con gli allievi del Workshop di Violino - Bellunopress - Dolomiti","robots":{"index":"index","follow":"follow","max-snippet":"max-snippet:-1","max-image-preview":"max-image-preview:large","max-video-preview":"max-video-preview:-1"},"canonical":"https:\/\/www.bellunopress.it\/fr\/2019\/09\/09\/vizart-mercoledi-laperitivo-con-gli-artisti-concerto-in-viza-con-gli-allievi-del-workshop-di-violino\/","og_locale":"fr_FR","og_type":"article","og_title":"VIZArt, mercoled\u00ec l'aperitivo con gli artisti.\u00a0Concerto in \"Viza\" con gli allievi del Workshop di Violino - Bellunopress - Dolomiti","og_description":"Nuovo appuntamento con VIZArt mercoled\u00ec pomeriggio: alle 17.30, nell&#8217;anfiteatro naturale di VIZArt nella &#8220;Viza da Fabrica&#8221; del bosco di Valgrande, ci sar\u00e0 infatti l&#8217;aperitivo con gli artisti. Sar\u00e0 un&#8217;occasione per conoscere gli artisti e vedere da vicino le opere che stanno prendendo forma, dopo l&#8217;inaugurazione ufficiale della manifestazione di sabato scorso, aperta dall&#8217;esibizione della violinista [&hellip;]","og_url":"https:\/\/www.bellunopress.it\/fr\/2019\/09\/09\/vizart-mercoledi-laperitivo-con-gli-artisti-concerto-in-viza-con-gli-allievi-del-workshop-di-violino\/","og_site_name":"Bellunopress - Dolomiti","article_publisher":"https:\/\/www.facebook.com\/profile.php?id=100008943462799","article_published_time":"2019-09-09T13:32:19+00:00","article_modified_time":"2019-09-12T10:37:06+00:00","og_image":[{"url":"http:\/\/www.bellunopress.it\/wp-content\/uploads\/2019\/09\/CorinnaCanzian-HD-\u00a9francescofratto-4-1.jpg","type":"","width":"","height":""}],"author":"redazione","twitter_card":"summary_large_image","twitter_creator":"@bellunopress","twitter_site":"@bellunopress","twitter_misc":{"\u00c9crit par":"redazione","Dur\u00e9e de lecture estim\u00e9e":"2 minutes"},"schema":{"@context":"https:\/\/schema.org","@graph":[{"@type":"Article","@id":"https:\/\/www.bellunopress.it\/2019\/09\/09\/vizart-mercoledi-laperitivo-con-gli-artisti-concerto-in-viza-con-gli-allievi-del-workshop-di-violino\/#article","isPartOf":{"@id":"https:\/\/www.bellunopress.it\/2019\/09\/09\/vizart-mercoledi-laperitivo-con-gli-artisti-concerto-in-viza-con-gli-allievi-del-workshop-di-violino\/"},"author":{"name":"redazione","@id":"https:\/\/www.bellunopress.it\/#\/schema\/person\/79bb06722b37ece1c03d3e94beb30d73"},"headline":"VIZArt, mercoled\u00ec l&#8217;aperitivo con gli artisti.\u00a0Concerto in &#8220;Viza&#8221; con gli allievi del Workshop di Violino","datePublished":"2019-09-09T13:32:19+00:00","dateModified":"2019-09-12T10:37:06+00:00","mainEntityOfPage":{"@id":"https:\/\/www.bellunopress.it\/2019\/09\/09\/vizart-mercoledi-laperitivo-con-gli-artisti-concerto-in-viza-con-gli-allievi-del-workshop-di-violino\/"},"wordCount":399,"publisher":{"@id":"https:\/\/www.bellunopress.it\/#organization"},"articleSection":["Appuntamenti, Eventi","Arte, Cultura, Spettacoli, Scienza"],"inLanguage":"fr-FR"},{"@type":"WebPage","@id":"https:\/\/www.bellunopress.it\/2019\/09\/09\/vizart-mercoledi-laperitivo-con-gli-artisti-concerto-in-viza-con-gli-allievi-del-workshop-di-violino\/","url":"https:\/\/www.bellunopress.it\/2019\/09\/09\/vizart-mercoledi-laperitivo-con-gli-artisti-concerto-in-viza-con-gli-allievi-del-workshop-di-violino\/","name":"VIZArt, mercoled\u00ec l'aperitivo con gli artisti.\u00a0Concerto in \"Viza\" con gli allievi del Workshop di Violino - Bellunopress - Dolomiti","isPartOf":{"@id":"https:\/\/www.bellunopress.it\/#website"},"datePublished":"2019-09-09T13:32:19+00:00","dateModified":"2019-09-12T10:37:06+00:00","breadcrumb":{"@id":"https:\/\/www.bellunopress.it\/2019\/09\/09\/vizart-mercoledi-laperitivo-con-gli-artisti-concerto-in-viza-con-gli-allievi-del-workshop-di-violino\/#breadcrumb"},"inLanguage":"fr-FR","potentialAction":[{"@type":"ReadAction","target":["https:\/\/www.bellunopress.it\/2019\/09\/09\/vizart-mercoledi-laperitivo-con-gli-artisti-concerto-in-viza-con-gli-allievi-del-workshop-di-violino\/"]}]},{"@type":"BreadcrumbList","@id":"https:\/\/www.bellunopress.it\/2019\/09\/09\/vizart-mercoledi-laperitivo-con-gli-artisti-concerto-in-viza-con-gli-allievi-del-workshop-di-violino\/#breadcrumb","itemListElement":[{"@type":"ListItem","position":1,"name":"Home","item":"https:\/\/www.bellunopress.it\/"},{"@type":"ListItem","position":2,"name":"VIZArt, mercoled\u00ec l&#8217;aperitivo con gli artisti.\u00a0Concerto in &#8220;Viza&#8221; con gli allievi del Workshop di Violino"}]},{"@type":"WebSite","@id":"https:\/\/www.bellunopress.it\/#website","url":"https:\/\/www.bellunopress.it\/","name":"Bellunopress - Dolomiti","description":"e-mail: redazione@bellunopress.it","publisher":{"@id":"https:\/\/www.bellunopress.it\/#organization"},"potentialAction":[{"@type":"SearchAction","target":{"@type":"EntryPoint","urlTemplate":"https:\/\/www.bellunopress.it\/?s={search_term_string}"},"query-input":{"@type":"PropertyValueSpecification","valueRequired":true,"valueName":"search_term_string"}}],"inLanguage":"fr-FR"},{"@type":"Organization","@id":"https:\/\/www.bellunopress.it\/#organization","name":"Bellunopress","url":"https:\/\/www.bellunopress.it\/","logo":{"@type":"ImageObject","inLanguage":"fr-FR","@id":"https:\/\/www.bellunopress.it\/#\/schema\/logo\/image\/","url":"https:\/\/www.bellunopress.it\/wp-content\/uploads\/2011\/05\/cropped-logo-bellunopress-.jpg","contentUrl":"https:\/\/www.bellunopress.it\/wp-content\/uploads\/2011\/05\/cropped-logo-bellunopress-.jpg","width":512,"height":512,"caption":"Bellunopress"},"image":{"@id":"https:\/\/www.bellunopress.it\/#\/schema\/logo\/image\/"},"sameAs":["https:\/\/www.facebook.com\/profile.php?id=100008943462799","https:\/\/x.com\/bellunopress","https:\/\/www.linkedin.com\/hp\/?dnr=JBzUWaJfMUw8vbXJJ2tVW5-I3jZKvC4wsoxE&amp;amp;amp;amp;amp;amp;trk=nav_responsive_tab_home","https:\/\/www.youtube.com\/channel\/UCxL0wu1uN0_3_7hGG0306cw"]},{"@type":"Person","@id":"https:\/\/www.bellunopress.it\/#\/schema\/person\/79bb06722b37ece1c03d3e94beb30d73","name":"r\u00e9daction","image":{"@type":"ImageObject","inLanguage":"fr-FR","@id":"https:\/\/secure.gravatar.com\/avatar\/37d968a2e67a6fd04c169c4bdef102d0bc5d31b2546345219e348575eb80e9a0?s=96&d=mm&r=g","url":"https:\/\/secure.gravatar.com\/avatar\/37d968a2e67a6fd04c169c4bdef102d0bc5d31b2546345219e348575eb80e9a0?s=96&d=mm&r=g","contentUrl":"https:\/\/secure.gravatar.com\/avatar\/37d968a2e67a6fd04c169c4bdef102d0bc5d31b2546345219e348575eb80e9a0?s=96&d=mm&r=g","caption":"redazione"},"sameAs":["http:\/\/www.bellunopress.it","https:\/\/x.com\/bellunopress"],"url":"https:\/\/www.bellunopress.it\/fr\/author\/redazione\/"}]}},"_links":{"self":[{"href":"https:\/\/www.bellunopress.it\/fr\/wp-json\/wp\/v2\/posts\/107729","targetHints":{"allow":["GET"]}}],"collection":[{"href":"https:\/\/www.bellunopress.it\/fr\/wp-json\/wp\/v2\/posts"}],"about":[{"href":"https:\/\/www.bellunopress.it\/fr\/wp-json\/wp\/v2\/types\/post"}],"author":[{"embeddable":true,"href":"https:\/\/www.bellunopress.it\/fr\/wp-json\/wp\/v2\/users\/2"}],"replies":[{"embeddable":true,"href":"https:\/\/www.bellunopress.it\/fr\/wp-json\/wp\/v2\/comments?post=107729"}],"version-history":[{"count":1,"href":"https:\/\/www.bellunopress.it\/fr\/wp-json\/wp\/v2\/posts\/107729\/revisions"}],"predecessor-version":[{"id":107730,"href":"https:\/\/www.bellunopress.it\/fr\/wp-json\/wp\/v2\/posts\/107729\/revisions\/107730"}],"wp:attachment":[{"href":"https:\/\/www.bellunopress.it\/fr\/wp-json\/wp\/v2\/media?parent=107729"}],"wp:term":[{"taxonomy":"category","embeddable":true,"href":"https:\/\/www.bellunopress.it\/fr\/wp-json\/wp\/v2\/categories?post=107729"},{"taxonomy":"post_tag","embeddable":true,"href":"https:\/\/www.bellunopress.it\/fr\/wp-json\/wp\/v2\/tags?post=107729"}],"curies":[{"name":"wp","href":"https:\/\/api.w.org\/{rel}","templated":true}]}}