{"id":107725,"date":"2019-09-09T15:03:06","date_gmt":"2019-09-09T13:03:06","guid":{"rendered":"http:\/\/www.bellunopress.it\/?p=107725"},"modified":"2019-09-09T15:03:09","modified_gmt":"2019-09-09T13:03:09","slug":"gli-amici-del-nevegal-si-tingono-di-rosa-eletta-alla-presidenza-tiziana-caldart","status":"publish","type":"post","link":"https:\/\/www.bellunopress.it\/fr\/2019\/09\/09\/gli-amici-del-nevegal-si-tingono-di-rosa-eletta-alla-presidenza-tiziana-caldart\/","title":{"rendered":"Gli Amici del Nevegal si tingono di rosa: eletta alla presidenza Tiziana Caldart"},"content":{"rendered":"<figure id=\"attachment_107726\" aria-describedby=\"caption-attachment-107726\" style=\"width: 163px\" class=\"wp-caption alignleft\"><a href=\"http:\/\/www.bellunopress.it\/fr\/2019\/09\/09\/gli-amici-del-nevegal-si-tingono-di-rosa-eletta-alla-presidenza-tiziana-caldart\/tiziana-caldart\/\" rel=\"attachment wp-att-107726\"><img loading=\"lazy\" decoding=\"async\" class=\"size-full wp-image-107726\" src=\"http:\/\/www.bellunopress.it\/wp-content\/uploads\/2019\/09\/Tiziana-Caldart.jpg\" alt=\"\" width=\"163\" height=\"170\" \/><\/a><figcaption id=\"caption-attachment-107726\" class=\"wp-caption-text\">Tiziana Caldart<\/figcaption><\/figure>\n<p>Nato il 18 settembre 1971 il sodalizio, dopo il recente rinnovo delle cariche, vede al timone Tiziana Caldart che succede nella carica di presidente a Ezio De Pra, il quale rimane vice. Sono stati riconfermati per il triennio 2019-2022 gli altri membri del consiglio direttivo con aggiunta di 2 consiglieri e i revisori dei conti.<\/p>\n<p>La nuova presidente \u00e8 \u201cfiglia d\u2019arte\u201d. Infatti del padre Bepi Caldart nei bellunesi rimane la memoria di personaggio noto in ambito alpinistico dolomitico, accademico del Cai, membro del Soccorso alpino, capo fondatore delle Giubbe Rosse per soccorso in Nevegal, presidente dello Sci Club Nevegal e presidente dell\u2019Azienda autonoma di soggiorno e turismo di Belluno. \u00abLavoro in campo sanitario, di certo al di fuori delle dinamiche del Colle &#8211; esordisce Tiziana Caldart &#8211; ma e stato mio padre a trasmettermi un grande amore per il Nevegal e di ci\u00f2 mi servir\u00f2 per svolgere al meglio questo mio nuovo incarico\u00bb.<\/p>\n<p>\u00abUn primo obiettivo &#8211; sostiene la neo presidente &#8211; \u00e8 quello di rendere l\u2019Associazione sempre pi\u00f9 un punto di riferimento per il Colle anche se in questo momento delicato per il Nevegal, fare volontariato diventa assai complicato. Molti gruppi sorti recentemente, anche attraverso i social network, sono buon segno di interesse per il Nevegal, pertanto auspico la maggiore collaborazione possibile con essi, in primis con Nevegallika, viste le buone basi poste dal mio predecessore, pur mantenendo separate le caratteristiche di specificit\u00e0 di ciascuno\u00bb.<\/p>\n<p>\u00abRitengo che in un sodalizio la memoria storica non debba mai essere persa, &#8211; sottolinea Tiziana Caldart &#8211; pertanto ho voluto al mio fianco in qualit\u00e0 di vice Ezio De Pra, che in dodici anni di presidenza ha fatto molto e sicuramente mi dar\u00e0 preziosi consigli. Conto molto anche sulla squadra di collaboratori, pertanto ringrazio tutti i componenti vecchi e nuovi del nuovo Direttivo e spero che continueranno a dare una mano per cercare di valorizzare l\u2019Associazione e soprattutto per aiutare il Colle. Noi non godiamo di finanziamenti per cui non entriamo nelle dinamiche di sviluppo del Colle, ma da subito e come sempre saremo a disposizione per collaborare a qualsiasi iniziativa che valorizzi il nostro amato Nevegal\u00bb.<\/p>","protected":false},"excerpt":{"rendered":"<p>Nato il 18 settembre 1971 il sodalizio, dopo il recente rinnovo delle cariche, vede al timone Tiziana Caldart che succede nella carica di presidente a Ezio De Pra, il quale rimane vice. Sono stati riconfermati per il triennio 2019-2022 gli altri membri del consiglio direttivo con aggiunta di 2 consiglieri e i revisori dei conti. [&hellip;]<\/p>\n","protected":false},"author":2,"featured_media":0,"comment_status":"closed","ping_status":"open","sticky":false,"template":"","format":"standard","meta":{"footnotes":""},"categories":[26,8],"tags":[],"class_list":["post-107725","post","type-post","status-publish","format-standard","category-prima-pagina","category-societa-istituzioni"],"yoast_head":"<!-- This site is optimized with the Yoast SEO plugin v28.4 - https:\/\/yoast.com\/product\/yoast-seo-wordpress\/ -->\n<title>Gli Amici del Nevegal si tingono di rosa: eletta alla presidenza Tiziana Caldart - Bellunopress - Dolomiti<\/title>\n<meta name=\"robots\" content=\"index, follow, max-snippet:-1, max-image-preview:large, max-video-preview:-1\" \/>\n<link rel=\"canonical\" href=\"https:\/\/www.bellunopress.it\/fr\/2019\/09\/09\/gli-amici-del-nevegal-si-tingono-di-rosa-eletta-alla-presidenza-tiziana-caldart\/\" \/>\n<meta property=\"og:locale\" content=\"fr_FR\" \/>\n<meta property=\"og:type\" content=\"article\" \/>\n<meta property=\"og:title\" content=\"Gli Amici del Nevegal si tingono di rosa: eletta alla presidenza Tiziana Caldart - Bellunopress - Dolomiti\" \/>\n<meta property=\"og:description\" content=\"Nato il 18 settembre 1971 il sodalizio, dopo il recente rinnovo delle cariche, vede al timone Tiziana Caldart che succede nella carica di presidente a Ezio De Pra, il quale rimane vice. Sono stati riconfermati per il triennio 2019-2022 gli altri membri del consiglio direttivo con aggiunta di 2 consiglieri e i revisori dei conti. [&hellip;]\" \/>\n<meta property=\"og:url\" content=\"https:\/\/www.bellunopress.it\/fr\/2019\/09\/09\/gli-amici-del-nevegal-si-tingono-di-rosa-eletta-alla-presidenza-tiziana-caldart\/\" \/>\n<meta property=\"og:site_name\" content=\"Bellunopress - Dolomiti\" \/>\n<meta property=\"article:publisher\" content=\"https:\/\/www.facebook.com\/profile.php?id=100008943462799\" \/>\n<meta property=\"article:published_time\" content=\"2019-09-09T13:03:06+00:00\" \/>\n<meta property=\"article:modified_time\" content=\"2019-09-09T13:03:09+00:00\" \/>\n<meta property=\"og:image\" content=\"http:\/\/www.bellunopress.it\/wp-content\/uploads\/2019\/09\/Tiziana-Caldart.jpg\" \/>\n<meta name=\"author\" content=\"redazione\" \/>\n<meta name=\"twitter:card\" content=\"summary_large_image\" \/>\n<meta name=\"twitter:creator\" content=\"@bellunopress\" \/>\n<meta name=\"twitter:site\" content=\"@bellunopress\" \/>\n<meta name=\"twitter:label1\" content=\"\u00c9crit par\" \/>\n\t<meta name=\"twitter:data1\" content=\"redazione\" \/>\n\t<meta name=\"twitter:label2\" content=\"Dur\u00e9e de lecture estim\u00e9e\" \/>\n\t<meta name=\"twitter:data2\" content=\"2 minutes\" \/>\n<script type=\"application\/ld+json\" class=\"yoast-schema-graph\">{\"@context\":\"https:\\\/\\\/schema.org\",\"@graph\":[{\"@type\":\"Article\",\"@id\":\"https:\\\/\\\/www.bellunopress.it\\\/2019\\\/09\\\/09\\\/gli-amici-del-nevegal-si-tingono-di-rosa-eletta-alla-presidenza-tiziana-caldart\\\/#article\",\"isPartOf\":{\"@id\":\"https:\\\/\\\/www.bellunopress.it\\\/2019\\\/09\\\/09\\\/gli-amici-del-nevegal-si-tingono-di-rosa-eletta-alla-presidenza-tiziana-caldart\\\/\"},\"author\":{\"name\":\"redazione\",\"@id\":\"https:\\\/\\\/www.bellunopress.it\\\/#\\\/schema\\\/person\\\/79bb06722b37ece1c03d3e94beb30d73\"},\"headline\":\"Gli Amici del Nevegal si tingono di rosa: eletta alla presidenza Tiziana Caldart\",\"datePublished\":\"2019-09-09T13:03:06+00:00\",\"dateModified\":\"2019-09-09T13:03:09+00:00\",\"mainEntityOfPage\":{\"@id\":\"https:\\\/\\\/www.bellunopress.it\\\/2019\\\/09\\\/09\\\/gli-amici-del-nevegal-si-tingono-di-rosa-eletta-alla-presidenza-tiziana-caldart\\\/\"},\"wordCount\":375,\"publisher\":{\"@id\":\"https:\\\/\\\/www.bellunopress.it\\\/#organization\"},\"image\":{\"@id\":\"https:\\\/\\\/www.bellunopress.it\\\/2019\\\/09\\\/09\\\/gli-amici-del-nevegal-si-tingono-di-rosa-eletta-alla-presidenza-tiziana-caldart\\\/#primaryimage\"},\"thumbnailUrl\":\"http:\\\/\\\/www.bellunopress.it\\\/wp-content\\\/uploads\\\/2019\\\/09\\\/Tiziana-Caldart.jpg\",\"articleSection\":[\"Prima Pagina\",\"Societ\u00e0, Associazioni, Istituzioni\"],\"inLanguage\":\"fr-FR\"},{\"@type\":\"WebPage\",\"@id\":\"https:\\\/\\\/www.bellunopress.it\\\/2019\\\/09\\\/09\\\/gli-amici-del-nevegal-si-tingono-di-rosa-eletta-alla-presidenza-tiziana-caldart\\\/\",\"url\":\"https:\\\/\\\/www.bellunopress.it\\\/2019\\\/09\\\/09\\\/gli-amici-del-nevegal-si-tingono-di-rosa-eletta-alla-presidenza-tiziana-caldart\\\/\",\"name\":\"Gli Amici del Nevegal si tingono di rosa: eletta alla presidenza Tiziana Caldart - Bellunopress - Dolomiti\",\"isPartOf\":{\"@id\":\"https:\\\/\\\/www.bellunopress.it\\\/#website\"},\"primaryImageOfPage\":{\"@id\":\"https:\\\/\\\/www.bellunopress.it\\\/2019\\\/09\\\/09\\\/gli-amici-del-nevegal-si-tingono-di-rosa-eletta-alla-presidenza-tiziana-caldart\\\/#primaryimage\"},\"image\":{\"@id\":\"https:\\\/\\\/www.bellunopress.it\\\/2019\\\/09\\\/09\\\/gli-amici-del-nevegal-si-tingono-di-rosa-eletta-alla-presidenza-tiziana-caldart\\\/#primaryimage\"},\"thumbnailUrl\":\"http:\\\/\\\/www.bellunopress.it\\\/wp-content\\\/uploads\\\/2019\\\/09\\\/Tiziana-Caldart.jpg\",\"datePublished\":\"2019-09-09T13:03:06+00:00\",\"dateModified\":\"2019-09-09T13:03:09+00:00\",\"breadcrumb\":{\"@id\":\"https:\\\/\\\/www.bellunopress.it\\\/2019\\\/09\\\/09\\\/gli-amici-del-nevegal-si-tingono-di-rosa-eletta-alla-presidenza-tiziana-caldart\\\/#breadcrumb\"},\"inLanguage\":\"fr-FR\",\"potentialAction\":[{\"@type\":\"ReadAction\",\"target\":[\"https:\\\/\\\/www.bellunopress.it\\\/2019\\\/09\\\/09\\\/gli-amici-del-nevegal-si-tingono-di-rosa-eletta-alla-presidenza-tiziana-caldart\\\/\"]}]},{\"@type\":\"ImageObject\",\"inLanguage\":\"fr-FR\",\"@id\":\"https:\\\/\\\/www.bellunopress.it\\\/2019\\\/09\\\/09\\\/gli-amici-del-nevegal-si-tingono-di-rosa-eletta-alla-presidenza-tiziana-caldart\\\/#primaryimage\",\"url\":\"http:\\\/\\\/www.bellunopress.it\\\/wp-content\\\/uploads\\\/2019\\\/09\\\/Tiziana-Caldart.jpg\",\"contentUrl\":\"http:\\\/\\\/www.bellunopress.it\\\/wp-content\\\/uploads\\\/2019\\\/09\\\/Tiziana-Caldart.jpg\"},{\"@type\":\"BreadcrumbList\",\"@id\":\"https:\\\/\\\/www.bellunopress.it\\\/2019\\\/09\\\/09\\\/gli-amici-del-nevegal-si-tingono-di-rosa-eletta-alla-presidenza-tiziana-caldart\\\/#breadcrumb\",\"itemListElement\":[{\"@type\":\"ListItem\",\"position\":1,\"name\":\"Home\",\"item\":\"https:\\\/\\\/www.bellunopress.it\\\/\"},{\"@type\":\"ListItem\",\"position\":2,\"name\":\"Gli Amici del Nevegal si tingono di rosa: eletta alla presidenza Tiziana Caldart\"}]},{\"@type\":\"WebSite\",\"@id\":\"https:\\\/\\\/www.bellunopress.it\\\/#website\",\"url\":\"https:\\\/\\\/www.bellunopress.it\\\/\",\"name\":\"Bellunopress - Dolomiti\",\"description\":\"e-mail: redazione@bellunopress.it\",\"publisher\":{\"@id\":\"https:\\\/\\\/www.bellunopress.it\\\/#organization\"},\"potentialAction\":[{\"@type\":\"SearchAction\",\"target\":{\"@type\":\"EntryPoint\",\"urlTemplate\":\"https:\\\/\\\/www.bellunopress.it\\\/?s={search_term_string}\"},\"query-input\":{\"@type\":\"PropertyValueSpecification\",\"valueRequired\":true,\"valueName\":\"search_term_string\"}}],\"inLanguage\":\"fr-FR\"},{\"@type\":\"Organization\",\"@id\":\"https:\\\/\\\/www.bellunopress.it\\\/#organization\",\"name\":\"Bellunopress\",\"url\":\"https:\\\/\\\/www.bellunopress.it\\\/\",\"logo\":{\"@type\":\"ImageObject\",\"inLanguage\":\"fr-FR\",\"@id\":\"https:\\\/\\\/www.bellunopress.it\\\/#\\\/schema\\\/logo\\\/image\\\/\",\"url\":\"https:\\\/\\\/www.bellunopress.it\\\/wp-content\\\/uploads\\\/2011\\\/05\\\/cropped-logo-bellunopress-.jpg\",\"contentUrl\":\"https:\\\/\\\/www.bellunopress.it\\\/wp-content\\\/uploads\\\/2011\\\/05\\\/cropped-logo-bellunopress-.jpg\",\"width\":512,\"height\":512,\"caption\":\"Bellunopress\"},\"image\":{\"@id\":\"https:\\\/\\\/www.bellunopress.it\\\/#\\\/schema\\\/logo\\\/image\\\/\"},\"sameAs\":[\"https:\\\/\\\/www.facebook.com\\\/profile.php?id=100008943462799\",\"https:\\\/\\\/x.com\\\/bellunopress\",\"https:\\\/\\\/www.linkedin.com\\\/hp\\\/?dnr=JBzUWaJfMUw8vbXJJ2tVW5-I3jZKvC4wsoxE&amp;amp;amp;amp;amp;amp;trk=nav_responsive_tab_home\",\"https:\\\/\\\/www.youtube.com\\\/channel\\\/UCxL0wu1uN0_3_7hGG0306cw\"]},{\"@type\":\"Person\",\"@id\":\"https:\\\/\\\/www.bellunopress.it\\\/#\\\/schema\\\/person\\\/79bb06722b37ece1c03d3e94beb30d73\",\"name\":\"redazione\",\"image\":{\"@type\":\"ImageObject\",\"inLanguage\":\"fr-FR\",\"@id\":\"https:\\\/\\\/secure.gravatar.com\\\/avatar\\\/37d968a2e67a6fd04c169c4bdef102d0bc5d31b2546345219e348575eb80e9a0?s=96&d=mm&r=g\",\"url\":\"https:\\\/\\\/secure.gravatar.com\\\/avatar\\\/37d968a2e67a6fd04c169c4bdef102d0bc5d31b2546345219e348575eb80e9a0?s=96&d=mm&r=g\",\"contentUrl\":\"https:\\\/\\\/secure.gravatar.com\\\/avatar\\\/37d968a2e67a6fd04c169c4bdef102d0bc5d31b2546345219e348575eb80e9a0?s=96&d=mm&r=g\",\"caption\":\"redazione\"},\"sameAs\":[\"http:\\\/\\\/www.bellunopress.it\",\"https:\\\/\\\/x.com\\\/bellunopress\"],\"url\":\"https:\\\/\\\/www.bellunopress.it\\\/fr\\\/author\\\/redazione\\\/\"}]}<\/script>\n<!-- \/ Yoast SEO plugin. -->","yoast_head_json":{"title":"Gli Amici del Nevegal si tingono di rosa: eletta alla presidenza Tiziana Caldart - Bellunopress - Dolomiti","robots":{"index":"index","follow":"follow","max-snippet":"max-snippet:-1","max-image-preview":"max-image-preview:large","max-video-preview":"max-video-preview:-1"},"canonical":"https:\/\/www.bellunopress.it\/fr\/2019\/09\/09\/gli-amici-del-nevegal-si-tingono-di-rosa-eletta-alla-presidenza-tiziana-caldart\/","og_locale":"fr_FR","og_type":"article","og_title":"Gli Amici del Nevegal si tingono di rosa: eletta alla presidenza Tiziana Caldart - Bellunopress - Dolomiti","og_description":"Nato il 18 settembre 1971 il sodalizio, dopo il recente rinnovo delle cariche, vede al timone Tiziana Caldart che succede nella carica di presidente a Ezio De Pra, il quale rimane vice. Sono stati riconfermati per il triennio 2019-2022 gli altri membri del consiglio direttivo con aggiunta di 2 consiglieri e i revisori dei conti. [&hellip;]","og_url":"https:\/\/www.bellunopress.it\/fr\/2019\/09\/09\/gli-amici-del-nevegal-si-tingono-di-rosa-eletta-alla-presidenza-tiziana-caldart\/","og_site_name":"Bellunopress - Dolomiti","article_publisher":"https:\/\/www.facebook.com\/profile.php?id=100008943462799","article_published_time":"2019-09-09T13:03:06+00:00","article_modified_time":"2019-09-09T13:03:09+00:00","og_image":[{"url":"http:\/\/www.bellunopress.it\/wp-content\/uploads\/2019\/09\/Tiziana-Caldart.jpg","type":"","width":"","height":""}],"author":"redazione","twitter_card":"summary_large_image","twitter_creator":"@bellunopress","twitter_site":"@bellunopress","twitter_misc":{"\u00c9crit par":"redazione","Dur\u00e9e de lecture estim\u00e9e":"2 minutes"},"schema":{"@context":"https:\/\/schema.org","@graph":[{"@type":"Article","@id":"https:\/\/www.bellunopress.it\/2019\/09\/09\/gli-amici-del-nevegal-si-tingono-di-rosa-eletta-alla-presidenza-tiziana-caldart\/#article","isPartOf":{"@id":"https:\/\/www.bellunopress.it\/2019\/09\/09\/gli-amici-del-nevegal-si-tingono-di-rosa-eletta-alla-presidenza-tiziana-caldart\/"},"author":{"name":"redazione","@id":"https:\/\/www.bellunopress.it\/#\/schema\/person\/79bb06722b37ece1c03d3e94beb30d73"},"headline":"Gli Amici del Nevegal si tingono di rosa: eletta alla presidenza Tiziana Caldart","datePublished":"2019-09-09T13:03:06+00:00","dateModified":"2019-09-09T13:03:09+00:00","mainEntityOfPage":{"@id":"https:\/\/www.bellunopress.it\/2019\/09\/09\/gli-amici-del-nevegal-si-tingono-di-rosa-eletta-alla-presidenza-tiziana-caldart\/"},"wordCount":375,"publisher":{"@id":"https:\/\/www.bellunopress.it\/#organization"},"image":{"@id":"https:\/\/www.bellunopress.it\/2019\/09\/09\/gli-amici-del-nevegal-si-tingono-di-rosa-eletta-alla-presidenza-tiziana-caldart\/#primaryimage"},"thumbnailUrl":"http:\/\/www.bellunopress.it\/wp-content\/uploads\/2019\/09\/Tiziana-Caldart.jpg","articleSection":["Prima Pagina","Societ\u00e0, Associazioni, Istituzioni"],"inLanguage":"fr-FR"},{"@type":"WebPage","@id":"https:\/\/www.bellunopress.it\/2019\/09\/09\/gli-amici-del-nevegal-si-tingono-di-rosa-eletta-alla-presidenza-tiziana-caldart\/","url":"https:\/\/www.bellunopress.it\/2019\/09\/09\/gli-amici-del-nevegal-si-tingono-di-rosa-eletta-alla-presidenza-tiziana-caldart\/","name":"Gli Amici del Nevegal si tingono di rosa: eletta alla presidenza Tiziana Caldart - Bellunopress - Dolomiti","isPartOf":{"@id":"https:\/\/www.bellunopress.it\/#website"},"primaryImageOfPage":{"@id":"https:\/\/www.bellunopress.it\/2019\/09\/09\/gli-amici-del-nevegal-si-tingono-di-rosa-eletta-alla-presidenza-tiziana-caldart\/#primaryimage"},"image":{"@id":"https:\/\/www.bellunopress.it\/2019\/09\/09\/gli-amici-del-nevegal-si-tingono-di-rosa-eletta-alla-presidenza-tiziana-caldart\/#primaryimage"},"thumbnailUrl":"http:\/\/www.bellunopress.it\/wp-content\/uploads\/2019\/09\/Tiziana-Caldart.jpg","datePublished":"2019-09-09T13:03:06+00:00","dateModified":"2019-09-09T13:03:09+00:00","breadcrumb":{"@id":"https:\/\/www.bellunopress.it\/2019\/09\/09\/gli-amici-del-nevegal-si-tingono-di-rosa-eletta-alla-presidenza-tiziana-caldart\/#breadcrumb"},"inLanguage":"fr-FR","potentialAction":[{"@type":"ReadAction","target":["https:\/\/www.bellunopress.it\/2019\/09\/09\/gli-amici-del-nevegal-si-tingono-di-rosa-eletta-alla-presidenza-tiziana-caldart\/"]}]},{"@type":"ImageObject","inLanguage":"fr-FR","@id":"https:\/\/www.bellunopress.it\/2019\/09\/09\/gli-amici-del-nevegal-si-tingono-di-rosa-eletta-alla-presidenza-tiziana-caldart\/#primaryimage","url":"http:\/\/www.bellunopress.it\/wp-content\/uploads\/2019\/09\/Tiziana-Caldart.jpg","contentUrl":"http:\/\/www.bellunopress.it\/wp-content\/uploads\/2019\/09\/Tiziana-Caldart.jpg"},{"@type":"BreadcrumbList","@id":"https:\/\/www.bellunopress.it\/2019\/09\/09\/gli-amici-del-nevegal-si-tingono-di-rosa-eletta-alla-presidenza-tiziana-caldart\/#breadcrumb","itemListElement":[{"@type":"ListItem","position":1,"name":"Home","item":"https:\/\/www.bellunopress.it\/"},{"@type":"ListItem","position":2,"name":"Gli Amici del Nevegal si tingono di rosa: eletta alla presidenza Tiziana Caldart"}]},{"@type":"WebSite","@id":"https:\/\/www.bellunopress.it\/#website","url":"https:\/\/www.bellunopress.it\/","name":"Bellunopress - Dolomiti","description":"e-mail: redazione@bellunopress.it","publisher":{"@id":"https:\/\/www.bellunopress.it\/#organization"},"potentialAction":[{"@type":"SearchAction","target":{"@type":"EntryPoint","urlTemplate":"https:\/\/www.bellunopress.it\/?s={search_term_string}"},"query-input":{"@type":"PropertyValueSpecification","valueRequired":true,"valueName":"search_term_string"}}],"inLanguage":"fr-FR"},{"@type":"Organization","@id":"https:\/\/www.bellunopress.it\/#organization","name":"Bellunopress","url":"https:\/\/www.bellunopress.it\/","logo":{"@type":"ImageObject","inLanguage":"fr-FR","@id":"https:\/\/www.bellunopress.it\/#\/schema\/logo\/image\/","url":"https:\/\/www.bellunopress.it\/wp-content\/uploads\/2011\/05\/cropped-logo-bellunopress-.jpg","contentUrl":"https:\/\/www.bellunopress.it\/wp-content\/uploads\/2011\/05\/cropped-logo-bellunopress-.jpg","width":512,"height":512,"caption":"Bellunopress"},"image":{"@id":"https:\/\/www.bellunopress.it\/#\/schema\/logo\/image\/"},"sameAs":["https:\/\/www.facebook.com\/profile.php?id=100008943462799","https:\/\/x.com\/bellunopress","https:\/\/www.linkedin.com\/hp\/?dnr=JBzUWaJfMUw8vbXJJ2tVW5-I3jZKvC4wsoxE&amp;amp;amp;amp;amp;amp;trk=nav_responsive_tab_home","https:\/\/www.youtube.com\/channel\/UCxL0wu1uN0_3_7hGG0306cw"]},{"@type":"Person","@id":"https:\/\/www.bellunopress.it\/#\/schema\/person\/79bb06722b37ece1c03d3e94beb30d73","name":"r\u00e9daction","image":{"@type":"ImageObject","inLanguage":"fr-FR","@id":"https:\/\/secure.gravatar.com\/avatar\/37d968a2e67a6fd04c169c4bdef102d0bc5d31b2546345219e348575eb80e9a0?s=96&d=mm&r=g","url":"https:\/\/secure.gravatar.com\/avatar\/37d968a2e67a6fd04c169c4bdef102d0bc5d31b2546345219e348575eb80e9a0?s=96&d=mm&r=g","contentUrl":"https:\/\/secure.gravatar.com\/avatar\/37d968a2e67a6fd04c169c4bdef102d0bc5d31b2546345219e348575eb80e9a0?s=96&d=mm&r=g","caption":"redazione"},"sameAs":["http:\/\/www.bellunopress.it","https:\/\/x.com\/bellunopress"],"url":"https:\/\/www.bellunopress.it\/fr\/author\/redazione\/"}]}},"_links":{"self":[{"href":"https:\/\/www.bellunopress.it\/fr\/wp-json\/wp\/v2\/posts\/107725","targetHints":{"allow":["GET"]}}],"collection":[{"href":"https:\/\/www.bellunopress.it\/fr\/wp-json\/wp\/v2\/posts"}],"about":[{"href":"https:\/\/www.bellunopress.it\/fr\/wp-json\/wp\/v2\/types\/post"}],"author":[{"embeddable":true,"href":"https:\/\/www.bellunopress.it\/fr\/wp-json\/wp\/v2\/users\/2"}],"replies":[{"embeddable":true,"href":"https:\/\/www.bellunopress.it\/fr\/wp-json\/wp\/v2\/comments?post=107725"}],"version-history":[{"count":2,"href":"https:\/\/www.bellunopress.it\/fr\/wp-json\/wp\/v2\/posts\/107725\/revisions"}],"predecessor-version":[{"id":107728,"href":"https:\/\/www.bellunopress.it\/fr\/wp-json\/wp\/v2\/posts\/107725\/revisions\/107728"}],"wp:attachment":[{"href":"https:\/\/www.bellunopress.it\/fr\/wp-json\/wp\/v2\/media?parent=107725"}],"wp:term":[{"taxonomy":"category","embeddable":true,"href":"https:\/\/www.bellunopress.it\/fr\/wp-json\/wp\/v2\/categories?post=107725"},{"taxonomy":"post_tag","embeddable":true,"href":"https:\/\/www.bellunopress.it\/fr\/wp-json\/wp\/v2\/tags?post=107725"}],"curies":[{"name":"wp","href":"https:\/\/api.w.org\/{rel}","templated":true}]}}