{"id":107716,"date":"2019-09-09T14:32:20","date_gmt":"2019-09-09T12:32:20","guid":{"rendered":"http:\/\/www.bellunopress.it\/?p=107716"},"modified":"2019-09-09T14:32:21","modified_gmt":"2019-09-09T12:32:21","slug":"il-cercatore-dinfinito-dalla-marmolada-al-burundi-la-storia-di-armando-aste-alpinista-e-poeta-della-montagna","status":"publish","type":"post","link":"https:\/\/www.bellunopress.it\/fr\/2019\/09\/09\/il-cercatore-dinfinito-dalla-marmolada-al-burundi-la-storia-di-armando-aste-alpinista-e-poeta-della-montagna\/","title":{"rendered":"Il cercatore d&#8217;infinito, dalla Marmolada al Burundi la storia\u00a0di Armando Aste, alpinista e poeta della montagna"},"content":{"rendered":"<p><a href=\"http:\/\/www.bellunopress.it\/fr\/2019\/09\/09\/il-cercatore-dinfinito-dalla-marmolada-al-burundi-la-storia-di-armando-aste-alpinista-e-poeta-della-montagna\/il-cercatore-di-infinito-documentario\/\" rel=\"attachment wp-att-107717\"><img loading=\"lazy\" decoding=\"async\" class=\"alignleft size-full wp-image-107717\" src=\"http:\/\/www.bellunopress.it\/wp-content\/uploads\/2019\/09\/il-cercatore-di-infinito-documentario.jpg\" alt=\"\" width=\"300\" height=\"172\" \/><\/a>Sono iniziate dalla Marmolada le riprese in Veneto de Il cercatore di Infinito: il documentario di Andrea Azzetti e Federico Mazza dedicato alla mitica figura di Armando Aste, grandissimo scalatore, poeta della montagna, uomo di pensiero e di anima che ha fatto dell&#8217;alpinismo un&#8217;occasione preziosa di riflessione umana ed etica, ponendosi come esempio per le nuove generazioni.<\/p>\n<p>Il film \u00e8 prodotto dalla padovana AVilAB, dalla trentina GiUMa Produzioni e dalla inglese The Old Film Farm in collaborazione con Trento Film Commission, con il contributo del Centro di Cinematografia e Cineteca del CAI, di SAT, MONTURA, della Comunit\u00e0 della Vallagarina, del Comune di Rovereto e della Regione Veneto Unione Europea POR &#8211; FESR Veneto 2014-2020.<\/p>\n<p>&#8220;Dio non mi chieder\u00e0 quante montagne ho conquistato ma cosa ho fatto per gli altri.&#8221; Questo il messaggio di Armando Aste, grande alpinista, scomparso nel 2017. Il documentario mostra gli autori nei luoghi che hanno formato l&#8217;uomo e l&#8217;alpinista, andando all&#8217;origine della sua Fede. Il viaggio termina in Africa: all&#8217;inaugurazione di un ospedale realizzato con una donazione di Aste. La riflessione sui valori che ispirano la montagna si apre a una riflessione sull&#8217;uomo e i suoi limiti.<\/p>\n<p>La troupe si sposter\u00e0 a met\u00e0 settembre a Rovereto per terminare le riprese e, a fine settembre, in Burundi presso la Missione che ospita l&#8217;Ospedale realizzato grazie al contributo di Armando Aste e lui dedicato.<\/p>","protected":false},"excerpt":{"rendered":"<p>Sono iniziate dalla Marmolada le riprese in Veneto de Il cercatore di Infinito: il documentario di Andrea Azzetti e Federico Mazza dedicato alla mitica figura di Armando Aste, grandissimo scalatore, poeta della montagna, uomo di pensiero e di anima che ha fatto dell&#8217;alpinismo un&#8217;occasione preziosa di riflessione umana ed etica, ponendosi come esempio per le [&hellip;]<\/p>\n","protected":false},"author":2,"featured_media":0,"comment_status":"closed","ping_status":"open","sticky":false,"template":"","format":"standard","meta":{"footnotes":""},"categories":[3,26],"tags":[],"class_list":["post-107716","post","type-post","status-publish","format-standard","category-arte-cultura-spettacoli-scienza-archivi","category-prima-pagina"],"yoast_head":"<!-- This site is optimized with the Yoast SEO plugin v28.4 - https:\/\/yoast.com\/product\/yoast-seo-wordpress\/ -->\n<title>Il cercatore d&#039;infinito, dalla Marmolada al Burundi la storia\u00a0di Armando Aste, alpinista e poeta della montagna - Bellunopress - Dolomiti<\/title>\n<meta name=\"robots\" content=\"index, follow, max-snippet:-1, max-image-preview:large, max-video-preview:-1\" \/>\n<link rel=\"canonical\" href=\"https:\/\/www.bellunopress.it\/fr\/2019\/09\/09\/il-cercatore-dinfinito-dalla-marmolada-al-burundi-la-storia-di-armando-aste-alpinista-e-poeta-della-montagna\/\" \/>\n<meta property=\"og:locale\" content=\"fr_FR\" \/>\n<meta property=\"og:type\" content=\"article\" \/>\n<meta property=\"og:title\" content=\"Il cercatore d&#039;infinito, dalla Marmolada al Burundi la storia\u00a0di Armando Aste, alpinista e poeta della montagna - Bellunopress - Dolomiti\" \/>\n<meta property=\"og:description\" content=\"Sono iniziate dalla Marmolada le riprese in Veneto de Il cercatore di Infinito: il documentario di Andrea Azzetti e Federico Mazza dedicato alla mitica figura di Armando Aste, grandissimo scalatore, poeta della montagna, uomo di pensiero e di anima che ha fatto dell&#8217;alpinismo un&#8217;occasione preziosa di riflessione umana ed etica, ponendosi come esempio per le [&hellip;]\" \/>\n<meta property=\"og:url\" content=\"https:\/\/www.bellunopress.it\/fr\/2019\/09\/09\/il-cercatore-dinfinito-dalla-marmolada-al-burundi-la-storia-di-armando-aste-alpinista-e-poeta-della-montagna\/\" \/>\n<meta property=\"og:site_name\" content=\"Bellunopress - Dolomiti\" \/>\n<meta property=\"article:publisher\" content=\"https:\/\/www.facebook.com\/profile.php?id=100008943462799\" \/>\n<meta property=\"article:published_time\" content=\"2019-09-09T12:32:20+00:00\" \/>\n<meta property=\"article:modified_time\" content=\"2019-09-09T12:32:21+00:00\" \/>\n<meta property=\"og:image\" content=\"http:\/\/www.bellunopress.it\/wp-content\/uploads\/2019\/09\/il-cercatore-di-infinito-documentario.jpg\" \/>\n<meta name=\"author\" content=\"redazione\" \/>\n<meta name=\"twitter:card\" content=\"summary_large_image\" \/>\n<meta name=\"twitter:creator\" content=\"@bellunopress\" \/>\n<meta name=\"twitter:site\" content=\"@bellunopress\" \/>\n<meta name=\"twitter:label1\" content=\"\u00c9crit par\" \/>\n\t<meta name=\"twitter:data1\" content=\"redazione\" \/>\n\t<meta name=\"twitter:label2\" content=\"Dur\u00e9e de lecture estim\u00e9e\" \/>\n\t<meta name=\"twitter:data2\" content=\"1 minute\" \/>\n<script type=\"application\/ld+json\" class=\"yoast-schema-graph\">{\"@context\":\"https:\\\/\\\/schema.org\",\"@graph\":[{\"@type\":\"Article\",\"@id\":\"https:\\\/\\\/www.bellunopress.it\\\/2019\\\/09\\\/09\\\/il-cercatore-dinfinito-dalla-marmolada-al-burundi-la-storia-di-armando-aste-alpinista-e-poeta-della-montagna\\\/#article\",\"isPartOf\":{\"@id\":\"https:\\\/\\\/www.bellunopress.it\\\/2019\\\/09\\\/09\\\/il-cercatore-dinfinito-dalla-marmolada-al-burundi-la-storia-di-armando-aste-alpinista-e-poeta-della-montagna\\\/\"},\"author\":{\"name\":\"redazione\",\"@id\":\"https:\\\/\\\/www.bellunopress.it\\\/#\\\/schema\\\/person\\\/79bb06722b37ece1c03d3e94beb30d73\"},\"headline\":\"Il cercatore d&#8217;infinito, dalla Marmolada al Burundi la storia\u00a0di Armando Aste, alpinista e poeta della montagna\",\"datePublished\":\"2019-09-09T12:32:20+00:00\",\"dateModified\":\"2019-09-09T12:32:21+00:00\",\"mainEntityOfPage\":{\"@id\":\"https:\\\/\\\/www.bellunopress.it\\\/2019\\\/09\\\/09\\\/il-cercatore-dinfinito-dalla-marmolada-al-burundi-la-storia-di-armando-aste-alpinista-e-poeta-della-montagna\\\/\"},\"wordCount\":250,\"publisher\":{\"@id\":\"https:\\\/\\\/www.bellunopress.it\\\/#organization\"},\"image\":{\"@id\":\"https:\\\/\\\/www.bellunopress.it\\\/2019\\\/09\\\/09\\\/il-cercatore-dinfinito-dalla-marmolada-al-burundi-la-storia-di-armando-aste-alpinista-e-poeta-della-montagna\\\/#primaryimage\"},\"thumbnailUrl\":\"http:\\\/\\\/www.bellunopress.it\\\/wp-content\\\/uploads\\\/2019\\\/09\\\/il-cercatore-di-infinito-documentario.jpg\",\"articleSection\":[\"Arte, Cultura, Spettacoli, Scienza\",\"Prima Pagina\"],\"inLanguage\":\"fr-FR\"},{\"@type\":\"WebPage\",\"@id\":\"https:\\\/\\\/www.bellunopress.it\\\/2019\\\/09\\\/09\\\/il-cercatore-dinfinito-dalla-marmolada-al-burundi-la-storia-di-armando-aste-alpinista-e-poeta-della-montagna\\\/\",\"url\":\"https:\\\/\\\/www.bellunopress.it\\\/2019\\\/09\\\/09\\\/il-cercatore-dinfinito-dalla-marmolada-al-burundi-la-storia-di-armando-aste-alpinista-e-poeta-della-montagna\\\/\",\"name\":\"Il cercatore d'infinito, dalla Marmolada al Burundi la storia\u00a0di Armando Aste, alpinista e poeta della montagna - Bellunopress - Dolomiti\",\"isPartOf\":{\"@id\":\"https:\\\/\\\/www.bellunopress.it\\\/#website\"},\"primaryImageOfPage\":{\"@id\":\"https:\\\/\\\/www.bellunopress.it\\\/2019\\\/09\\\/09\\\/il-cercatore-dinfinito-dalla-marmolada-al-burundi-la-storia-di-armando-aste-alpinista-e-poeta-della-montagna\\\/#primaryimage\"},\"image\":{\"@id\":\"https:\\\/\\\/www.bellunopress.it\\\/2019\\\/09\\\/09\\\/il-cercatore-dinfinito-dalla-marmolada-al-burundi-la-storia-di-armando-aste-alpinista-e-poeta-della-montagna\\\/#primaryimage\"},\"thumbnailUrl\":\"http:\\\/\\\/www.bellunopress.it\\\/wp-content\\\/uploads\\\/2019\\\/09\\\/il-cercatore-di-infinito-documentario.jpg\",\"datePublished\":\"2019-09-09T12:32:20+00:00\",\"dateModified\":\"2019-09-09T12:32:21+00:00\",\"breadcrumb\":{\"@id\":\"https:\\\/\\\/www.bellunopress.it\\\/2019\\\/09\\\/09\\\/il-cercatore-dinfinito-dalla-marmolada-al-burundi-la-storia-di-armando-aste-alpinista-e-poeta-della-montagna\\\/#breadcrumb\"},\"inLanguage\":\"fr-FR\",\"potentialAction\":[{\"@type\":\"ReadAction\",\"target\":[\"https:\\\/\\\/www.bellunopress.it\\\/2019\\\/09\\\/09\\\/il-cercatore-dinfinito-dalla-marmolada-al-burundi-la-storia-di-armando-aste-alpinista-e-poeta-della-montagna\\\/\"]}]},{\"@type\":\"ImageObject\",\"inLanguage\":\"fr-FR\",\"@id\":\"https:\\\/\\\/www.bellunopress.it\\\/2019\\\/09\\\/09\\\/il-cercatore-dinfinito-dalla-marmolada-al-burundi-la-storia-di-armando-aste-alpinista-e-poeta-della-montagna\\\/#primaryimage\",\"url\":\"http:\\\/\\\/www.bellunopress.it\\\/wp-content\\\/uploads\\\/2019\\\/09\\\/il-cercatore-di-infinito-documentario.jpg\",\"contentUrl\":\"http:\\\/\\\/www.bellunopress.it\\\/wp-content\\\/uploads\\\/2019\\\/09\\\/il-cercatore-di-infinito-documentario.jpg\"},{\"@type\":\"BreadcrumbList\",\"@id\":\"https:\\\/\\\/www.bellunopress.it\\\/2019\\\/09\\\/09\\\/il-cercatore-dinfinito-dalla-marmolada-al-burundi-la-storia-di-armando-aste-alpinista-e-poeta-della-montagna\\\/#breadcrumb\",\"itemListElement\":[{\"@type\":\"ListItem\",\"position\":1,\"name\":\"Home\",\"item\":\"https:\\\/\\\/www.bellunopress.it\\\/\"},{\"@type\":\"ListItem\",\"position\":2,\"name\":\"Il cercatore d&#8217;infinito, dalla Marmolada al Burundi la storia\u00a0di Armando Aste, alpinista e poeta della montagna\"}]},{\"@type\":\"WebSite\",\"@id\":\"https:\\\/\\\/www.bellunopress.it\\\/#website\",\"url\":\"https:\\\/\\\/www.bellunopress.it\\\/\",\"name\":\"Bellunopress - Dolomiti\",\"description\":\"e-mail: redazione@bellunopress.it\",\"publisher\":{\"@id\":\"https:\\\/\\\/www.bellunopress.it\\\/#organization\"},\"potentialAction\":[{\"@type\":\"SearchAction\",\"target\":{\"@type\":\"EntryPoint\",\"urlTemplate\":\"https:\\\/\\\/www.bellunopress.it\\\/?s={search_term_string}\"},\"query-input\":{\"@type\":\"PropertyValueSpecification\",\"valueRequired\":true,\"valueName\":\"search_term_string\"}}],\"inLanguage\":\"fr-FR\"},{\"@type\":\"Organization\",\"@id\":\"https:\\\/\\\/www.bellunopress.it\\\/#organization\",\"name\":\"Bellunopress\",\"url\":\"https:\\\/\\\/www.bellunopress.it\\\/\",\"logo\":{\"@type\":\"ImageObject\",\"inLanguage\":\"fr-FR\",\"@id\":\"https:\\\/\\\/www.bellunopress.it\\\/#\\\/schema\\\/logo\\\/image\\\/\",\"url\":\"https:\\\/\\\/www.bellunopress.it\\\/wp-content\\\/uploads\\\/2011\\\/05\\\/cropped-logo-bellunopress-.jpg\",\"contentUrl\":\"https:\\\/\\\/www.bellunopress.it\\\/wp-content\\\/uploads\\\/2011\\\/05\\\/cropped-logo-bellunopress-.jpg\",\"width\":512,\"height\":512,\"caption\":\"Bellunopress\"},\"image\":{\"@id\":\"https:\\\/\\\/www.bellunopress.it\\\/#\\\/schema\\\/logo\\\/image\\\/\"},\"sameAs\":[\"https:\\\/\\\/www.facebook.com\\\/profile.php?id=100008943462799\",\"https:\\\/\\\/x.com\\\/bellunopress\",\"https:\\\/\\\/www.linkedin.com\\\/hp\\\/?dnr=JBzUWaJfMUw8vbXJJ2tVW5-I3jZKvC4wsoxE&amp;amp;amp;amp;amp;amp;trk=nav_responsive_tab_home\",\"https:\\\/\\\/www.youtube.com\\\/channel\\\/UCxL0wu1uN0_3_7hGG0306cw\"]},{\"@type\":\"Person\",\"@id\":\"https:\\\/\\\/www.bellunopress.it\\\/#\\\/schema\\\/person\\\/79bb06722b37ece1c03d3e94beb30d73\",\"name\":\"redazione\",\"image\":{\"@type\":\"ImageObject\",\"inLanguage\":\"fr-FR\",\"@id\":\"https:\\\/\\\/secure.gravatar.com\\\/avatar\\\/37d968a2e67a6fd04c169c4bdef102d0bc5d31b2546345219e348575eb80e9a0?s=96&d=mm&r=g\",\"url\":\"https:\\\/\\\/secure.gravatar.com\\\/avatar\\\/37d968a2e67a6fd04c169c4bdef102d0bc5d31b2546345219e348575eb80e9a0?s=96&d=mm&r=g\",\"contentUrl\":\"https:\\\/\\\/secure.gravatar.com\\\/avatar\\\/37d968a2e67a6fd04c169c4bdef102d0bc5d31b2546345219e348575eb80e9a0?s=96&d=mm&r=g\",\"caption\":\"redazione\"},\"sameAs\":[\"http:\\\/\\\/www.bellunopress.it\",\"https:\\\/\\\/x.com\\\/bellunopress\"],\"url\":\"https:\\\/\\\/www.bellunopress.it\\\/fr\\\/author\\\/redazione\\\/\"}]}<\/script>\n<!-- \/ Yoast SEO plugin. -->","yoast_head_json":{"title":"Il cercatore d'infinito, dalla Marmolada al Burundi la storia\u00a0di Armando Aste, alpinista e poeta della montagna - Bellunopress - Dolomiti","robots":{"index":"index","follow":"follow","max-snippet":"max-snippet:-1","max-image-preview":"max-image-preview:large","max-video-preview":"max-video-preview:-1"},"canonical":"https:\/\/www.bellunopress.it\/fr\/2019\/09\/09\/il-cercatore-dinfinito-dalla-marmolada-al-burundi-la-storia-di-armando-aste-alpinista-e-poeta-della-montagna\/","og_locale":"fr_FR","og_type":"article","og_title":"Il cercatore d'infinito, dalla Marmolada al Burundi la storia\u00a0di Armando Aste, alpinista e poeta della montagna - Bellunopress - Dolomiti","og_description":"Sono iniziate dalla Marmolada le riprese in Veneto de Il cercatore di Infinito: il documentario di Andrea Azzetti e Federico Mazza dedicato alla mitica figura di Armando Aste, grandissimo scalatore, poeta della montagna, uomo di pensiero e di anima che ha fatto dell&#8217;alpinismo un&#8217;occasione preziosa di riflessione umana ed etica, ponendosi come esempio per le [&hellip;]","og_url":"https:\/\/www.bellunopress.it\/fr\/2019\/09\/09\/il-cercatore-dinfinito-dalla-marmolada-al-burundi-la-storia-di-armando-aste-alpinista-e-poeta-della-montagna\/","og_site_name":"Bellunopress - Dolomiti","article_publisher":"https:\/\/www.facebook.com\/profile.php?id=100008943462799","article_published_time":"2019-09-09T12:32:20+00:00","article_modified_time":"2019-09-09T12:32:21+00:00","og_image":[{"url":"http:\/\/www.bellunopress.it\/wp-content\/uploads\/2019\/09\/il-cercatore-di-infinito-documentario.jpg","type":"","width":"","height":""}],"author":"redazione","twitter_card":"summary_large_image","twitter_creator":"@bellunopress","twitter_site":"@bellunopress","twitter_misc":{"\u00c9crit par":"redazione","Dur\u00e9e de lecture estim\u00e9e":"1 minute"},"schema":{"@context":"https:\/\/schema.org","@graph":[{"@type":"Article","@id":"https:\/\/www.bellunopress.it\/2019\/09\/09\/il-cercatore-dinfinito-dalla-marmolada-al-burundi-la-storia-di-armando-aste-alpinista-e-poeta-della-montagna\/#article","isPartOf":{"@id":"https:\/\/www.bellunopress.it\/2019\/09\/09\/il-cercatore-dinfinito-dalla-marmolada-al-burundi-la-storia-di-armando-aste-alpinista-e-poeta-della-montagna\/"},"author":{"name":"redazione","@id":"https:\/\/www.bellunopress.it\/#\/schema\/person\/79bb06722b37ece1c03d3e94beb30d73"},"headline":"Il cercatore d&#8217;infinito, dalla Marmolada al Burundi la storia\u00a0di Armando Aste, alpinista e poeta della montagna","datePublished":"2019-09-09T12:32:20+00:00","dateModified":"2019-09-09T12:32:21+00:00","mainEntityOfPage":{"@id":"https:\/\/www.bellunopress.it\/2019\/09\/09\/il-cercatore-dinfinito-dalla-marmolada-al-burundi-la-storia-di-armando-aste-alpinista-e-poeta-della-montagna\/"},"wordCount":250,"publisher":{"@id":"https:\/\/www.bellunopress.it\/#organization"},"image":{"@id":"https:\/\/www.bellunopress.it\/2019\/09\/09\/il-cercatore-dinfinito-dalla-marmolada-al-burundi-la-storia-di-armando-aste-alpinista-e-poeta-della-montagna\/#primaryimage"},"thumbnailUrl":"http:\/\/www.bellunopress.it\/wp-content\/uploads\/2019\/09\/il-cercatore-di-infinito-documentario.jpg","articleSection":["Arte, Cultura, Spettacoli, Scienza","Prima Pagina"],"inLanguage":"fr-FR"},{"@type":"WebPage","@id":"https:\/\/www.bellunopress.it\/2019\/09\/09\/il-cercatore-dinfinito-dalla-marmolada-al-burundi-la-storia-di-armando-aste-alpinista-e-poeta-della-montagna\/","url":"https:\/\/www.bellunopress.it\/2019\/09\/09\/il-cercatore-dinfinito-dalla-marmolada-al-burundi-la-storia-di-armando-aste-alpinista-e-poeta-della-montagna\/","name":"Il cercatore d'infinito, dalla Marmolada al Burundi la storia\u00a0di Armando Aste, alpinista e poeta della montagna - Bellunopress - Dolomiti","isPartOf":{"@id":"https:\/\/www.bellunopress.it\/#website"},"primaryImageOfPage":{"@id":"https:\/\/www.bellunopress.it\/2019\/09\/09\/il-cercatore-dinfinito-dalla-marmolada-al-burundi-la-storia-di-armando-aste-alpinista-e-poeta-della-montagna\/#primaryimage"},"image":{"@id":"https:\/\/www.bellunopress.it\/2019\/09\/09\/il-cercatore-dinfinito-dalla-marmolada-al-burundi-la-storia-di-armando-aste-alpinista-e-poeta-della-montagna\/#primaryimage"},"thumbnailUrl":"http:\/\/www.bellunopress.it\/wp-content\/uploads\/2019\/09\/il-cercatore-di-infinito-documentario.jpg","datePublished":"2019-09-09T12:32:20+00:00","dateModified":"2019-09-09T12:32:21+00:00","breadcrumb":{"@id":"https:\/\/www.bellunopress.it\/2019\/09\/09\/il-cercatore-dinfinito-dalla-marmolada-al-burundi-la-storia-di-armando-aste-alpinista-e-poeta-della-montagna\/#breadcrumb"},"inLanguage":"fr-FR","potentialAction":[{"@type":"ReadAction","target":["https:\/\/www.bellunopress.it\/2019\/09\/09\/il-cercatore-dinfinito-dalla-marmolada-al-burundi-la-storia-di-armando-aste-alpinista-e-poeta-della-montagna\/"]}]},{"@type":"ImageObject","inLanguage":"fr-FR","@id":"https:\/\/www.bellunopress.it\/2019\/09\/09\/il-cercatore-dinfinito-dalla-marmolada-al-burundi-la-storia-di-armando-aste-alpinista-e-poeta-della-montagna\/#primaryimage","url":"http:\/\/www.bellunopress.it\/wp-content\/uploads\/2019\/09\/il-cercatore-di-infinito-documentario.jpg","contentUrl":"http:\/\/www.bellunopress.it\/wp-content\/uploads\/2019\/09\/il-cercatore-di-infinito-documentario.jpg"},{"@type":"BreadcrumbList","@id":"https:\/\/www.bellunopress.it\/2019\/09\/09\/il-cercatore-dinfinito-dalla-marmolada-al-burundi-la-storia-di-armando-aste-alpinista-e-poeta-della-montagna\/#breadcrumb","itemListElement":[{"@type":"ListItem","position":1,"name":"Home","item":"https:\/\/www.bellunopress.it\/"},{"@type":"ListItem","position":2,"name":"Il cercatore d&#8217;infinito, dalla Marmolada al Burundi la storia\u00a0di Armando Aste, alpinista e poeta della montagna"}]},{"@type":"WebSite","@id":"https:\/\/www.bellunopress.it\/#website","url":"https:\/\/www.bellunopress.it\/","name":"Bellunopress - Dolomiti","description":"e-mail: redazione@bellunopress.it","publisher":{"@id":"https:\/\/www.bellunopress.it\/#organization"},"potentialAction":[{"@type":"SearchAction","target":{"@type":"EntryPoint","urlTemplate":"https:\/\/www.bellunopress.it\/?s={search_term_string}"},"query-input":{"@type":"PropertyValueSpecification","valueRequired":true,"valueName":"search_term_string"}}],"inLanguage":"fr-FR"},{"@type":"Organization","@id":"https:\/\/www.bellunopress.it\/#organization","name":"Bellunopress","url":"https:\/\/www.bellunopress.it\/","logo":{"@type":"ImageObject","inLanguage":"fr-FR","@id":"https:\/\/www.bellunopress.it\/#\/schema\/logo\/image\/","url":"https:\/\/www.bellunopress.it\/wp-content\/uploads\/2011\/05\/cropped-logo-bellunopress-.jpg","contentUrl":"https:\/\/www.bellunopress.it\/wp-content\/uploads\/2011\/05\/cropped-logo-bellunopress-.jpg","width":512,"height":512,"caption":"Bellunopress"},"image":{"@id":"https:\/\/www.bellunopress.it\/#\/schema\/logo\/image\/"},"sameAs":["https:\/\/www.facebook.com\/profile.php?id=100008943462799","https:\/\/x.com\/bellunopress","https:\/\/www.linkedin.com\/hp\/?dnr=JBzUWaJfMUw8vbXJJ2tVW5-I3jZKvC4wsoxE&amp;amp;amp;amp;amp;amp;trk=nav_responsive_tab_home","https:\/\/www.youtube.com\/channel\/UCxL0wu1uN0_3_7hGG0306cw"]},{"@type":"Person","@id":"https:\/\/www.bellunopress.it\/#\/schema\/person\/79bb06722b37ece1c03d3e94beb30d73","name":"r\u00e9daction","image":{"@type":"ImageObject","inLanguage":"fr-FR","@id":"https:\/\/secure.gravatar.com\/avatar\/37d968a2e67a6fd04c169c4bdef102d0bc5d31b2546345219e348575eb80e9a0?s=96&d=mm&r=g","url":"https:\/\/secure.gravatar.com\/avatar\/37d968a2e67a6fd04c169c4bdef102d0bc5d31b2546345219e348575eb80e9a0?s=96&d=mm&r=g","contentUrl":"https:\/\/secure.gravatar.com\/avatar\/37d968a2e67a6fd04c169c4bdef102d0bc5d31b2546345219e348575eb80e9a0?s=96&d=mm&r=g","caption":"redazione"},"sameAs":["http:\/\/www.bellunopress.it","https:\/\/x.com\/bellunopress"],"url":"https:\/\/www.bellunopress.it\/fr\/author\/redazione\/"}]}},"_links":{"self":[{"href":"https:\/\/www.bellunopress.it\/fr\/wp-json\/wp\/v2\/posts\/107716","targetHints":{"allow":["GET"]}}],"collection":[{"href":"https:\/\/www.bellunopress.it\/fr\/wp-json\/wp\/v2\/posts"}],"about":[{"href":"https:\/\/www.bellunopress.it\/fr\/wp-json\/wp\/v2\/types\/post"}],"author":[{"embeddable":true,"href":"https:\/\/www.bellunopress.it\/fr\/wp-json\/wp\/v2\/users\/2"}],"replies":[{"embeddable":true,"href":"https:\/\/www.bellunopress.it\/fr\/wp-json\/wp\/v2\/comments?post=107716"}],"version-history":[{"count":2,"href":"https:\/\/www.bellunopress.it\/fr\/wp-json\/wp\/v2\/posts\/107716\/revisions"}],"predecessor-version":[{"id":107719,"href":"https:\/\/www.bellunopress.it\/fr\/wp-json\/wp\/v2\/posts\/107716\/revisions\/107719"}],"wp:attachment":[{"href":"https:\/\/www.bellunopress.it\/fr\/wp-json\/wp\/v2\/media?parent=107716"}],"wp:term":[{"taxonomy":"category","embeddable":true,"href":"https:\/\/www.bellunopress.it\/fr\/wp-json\/wp\/v2\/categories?post=107716"},{"taxonomy":"post_tag","embeddable":true,"href":"https:\/\/www.bellunopress.it\/fr\/wp-json\/wp\/v2\/tags?post=107716"}],"curies":[{"name":"wp","href":"https:\/\/api.w.org\/{rel}","templated":true}]}}