{"id":107714,"date":"2019-09-09T14:23:48","date_gmt":"2019-09-09T12:23:48","guid":{"rendered":"http:\/\/www.bellunopress.it\/?p=107714"},"modified":"2019-09-09T14:23:48","modified_gmt":"2019-09-09T12:23:48","slug":"al-via-il-servizio-civile-universale-selezione-per-46-nuovi-volontari","status":"publish","type":"post","link":"https:\/\/www.bellunopress.it\/fr\/2019\/09\/09\/al-via-il-servizio-civile-universale-selezione-per-46-nuovi-volontari\/","title":{"rendered":"Al via il servizio civile universale. Selezione per 46 nuovi volontari"},"content":{"rendered":"<p><a href=\"http:\/\/www.bellunopress.it\/fr\/2016\/06\/14\/un-ponte-la-pace-la-democrazia-dal-19-al-26-giugno-belluno-seminario-internazionale-7-delegazioni\/comitato-dintesa\/\" rel=\"attachment wp-att-78348\"><img loading=\"lazy\" decoding=\"async\" class=\"alignleft size-full wp-image-78348\" src=\"http:\/\/www.bellunopress.it\/wp-content\/uploads\/2016\/06\/comitato-dintesa.jpg\" alt=\"\" width=\"250\" height=\"112\" \/><\/a>Parte la selezione di\u00a046 nuovi volontari del Servizio civile universale. I tre progetti presentati dal\u00a0Comitato d\u2019Intesa\u00a0e dall&#8217;Unione montana feltrina, nell\u2019ambito dei quali impiegare giovani volontari, hanno ottenuto l\u2019approvazione dal Dipartimento per le politiche giovanili e il Servizio civile universale &#8211; presidenza del Consiglio dei Ministri.<br \/>\nIl Servizio civile \u00e8 la possibilit\u00e0,\u00a0per i giovani dai 18 ai 29 anni\u00a0non compiuti, di dedicare un anno della propria vita a favore di un impegno solidaristico inteso come impegno per il bene di tutti, quindi come valore della ricerca di pace.<\/p>\n<p>I posti a disposizione sono distribuiti tra il Comitato d\u2019Intesa di Belluno, la cooperativa Portaperta scs Onlus, la cooperativa Dumia scs Onlus, l\u2019Unione montana feltrina,\u00a0i comuni di Arsi\u00e8, Cesiomaggiore, Fonzaso, Feltre, Lamon, Pedavena, San Gregorio nelle Alpi, Santa Giustina, Sedico, Seren del Grappa, Sovramonte, Taibon Agordino, Pieve di Cadore, l\u2019Unione dei comuni Sette Ville, l\u2019ente Parco nazionale Dolomiti Bellunesi, il Centro internazionale del Libro parlato, la Magnifica Comunit\u00e0 di Cadore e la Provincia di Belluno.<br \/>\nI progetti s&#8217;intitolano\u00a0\u201cCostruire insieme la solidariet\u00e0 e la responsabilit\u00e0 civile\u201d del Comitato d\u2019Intesa (settore: assistenza) e \u201cGiovani in rete per una cultura da riscoprire\u201d\u00a0(settore: educazione e promozione culturale),\u00a0\u201cGiovani in rete per un territorio da salvaguardare\u201d(settore: patrimonio ambientale e riqualificazione urbana) dell\u2019Unione montana feltrina.<\/p>\n<p>I giovani interessati, rispondenti ai requisiti specificati nel bando, dovranno presentare apposita\u00a0domanda on-line\u00a0entro e non oltre le\u00a0ore 14 del 10 ottobre 2019.<br \/>\nIl Comitato d\u2019Intesa e l&#8217;Unione montana feltrina, forti dell\u2019esperienza di Servizio civile degli ultimi 15 anni, saranno a coordinamento del lavoro di relazione, analisi e programmazione nel territorio provinciale.<br \/>\nL\u2019indennit\u00e0 mensile prevista per i volontari, per un impegno settimanale di\u00a025 ore,\u00a0sar\u00e0 di\u00a0439,50 euro.<br \/>\nPer ulteriori informazioni, gli uffici sono a disposizione (su appuntamento): Comitato d\u2019Intesa<br \/>\n(Paolo Capraro e Paola Benvegn\u00f9; 0437 25775 \u2013 0437 950374 &#8211; (anche whatsapp) 392 005 0327, serviziocivile@csvbelluno.it); Unione montana feltrina (Andrea Raveane e Selene Costa, 0439\/396033\/236, serviziocivile.umf@feltrino.bl.it).<br \/>\nBando e istruzioni a partire da www.csvbelluno.it e www.feltrino.bl.it\/web\/cmfeltrina.<\/p>","protected":false},"excerpt":{"rendered":"<p>Parte la selezione di\u00a046 nuovi volontari del Servizio civile universale. I tre progetti presentati dal\u00a0Comitato d\u2019Intesa\u00a0e dall&#8217;Unione montana feltrina, nell\u2019ambito dei quali impiegare giovani volontari, hanno ottenuto l\u2019approvazione dal Dipartimento per le politiche giovanili e il Servizio civile universale &#8211; presidenza del Consiglio dei Ministri. Il Servizio civile \u00e8 la possibilit\u00e0,\u00a0per i giovani dai 18 [&hellip;]<\/p>\n","protected":false},"author":2,"featured_media":0,"comment_status":"closed","ping_status":"open","sticky":false,"template":"","format":"standard","meta":{"footnotes":""},"categories":[26,8],"tags":[],"class_list":["post-107714","post","type-post","status-publish","format-standard","category-prima-pagina","category-societa-istituzioni"],"yoast_head":"<!-- This site is optimized with the Yoast SEO plugin v28.4 - https:\/\/yoast.com\/product\/yoast-seo-wordpress\/ -->\n<title>Al via il servizio civile universale. Selezione per 46 nuovi volontari - Bellunopress - Dolomiti<\/title>\n<meta name=\"robots\" content=\"index, follow, max-snippet:-1, max-image-preview:large, max-video-preview:-1\" \/>\n<link rel=\"canonical\" href=\"https:\/\/www.bellunopress.it\/fr\/2019\/09\/09\/al-via-il-servizio-civile-universale-selezione-per-46-nuovi-volontari\/\" \/>\n<meta property=\"og:locale\" content=\"fr_FR\" \/>\n<meta property=\"og:type\" content=\"article\" \/>\n<meta property=\"og:title\" content=\"Al via il servizio civile universale. Selezione per 46 nuovi volontari - Bellunopress - Dolomiti\" \/>\n<meta property=\"og:description\" content=\"Parte la selezione di\u00a046 nuovi volontari del Servizio civile universale. I tre progetti presentati dal\u00a0Comitato d\u2019Intesa\u00a0e dall&#8217;Unione montana feltrina, nell\u2019ambito dei quali impiegare giovani volontari, hanno ottenuto l\u2019approvazione dal Dipartimento per le politiche giovanili e il Servizio civile universale &#8211; presidenza del Consiglio dei Ministri. Il Servizio civile \u00e8 la possibilit\u00e0,\u00a0per i giovani dai 18 [&hellip;]\" \/>\n<meta property=\"og:url\" content=\"https:\/\/www.bellunopress.it\/fr\/2019\/09\/09\/al-via-il-servizio-civile-universale-selezione-per-46-nuovi-volontari\/\" \/>\n<meta property=\"og:site_name\" content=\"Bellunopress - Dolomiti\" \/>\n<meta property=\"article:publisher\" content=\"https:\/\/www.facebook.com\/profile.php?id=100008943462799\" \/>\n<meta property=\"article:published_time\" content=\"2019-09-09T12:23:48+00:00\" \/>\n<meta property=\"og:image\" content=\"http:\/\/www.bellunopress.it\/wp-content\/uploads\/2016\/06\/comitato-dintesa.jpg\" \/>\n<meta name=\"author\" content=\"redazione\" \/>\n<meta name=\"twitter:card\" content=\"summary_large_image\" \/>\n<meta name=\"twitter:creator\" content=\"@bellunopress\" \/>\n<meta name=\"twitter:site\" content=\"@bellunopress\" \/>\n<meta name=\"twitter:label1\" content=\"\u00c9crit par\" \/>\n\t<meta name=\"twitter:data1\" content=\"redazione\" \/>\n\t<meta name=\"twitter:label2\" content=\"Dur\u00e9e de lecture estim\u00e9e\" \/>\n\t<meta name=\"twitter:data2\" content=\"2 minutes\" \/>\n<script type=\"application\/ld+json\" class=\"yoast-schema-graph\">{\"@context\":\"https:\\\/\\\/schema.org\",\"@graph\":[{\"@type\":\"Article\",\"@id\":\"https:\\\/\\\/www.bellunopress.it\\\/2019\\\/09\\\/09\\\/al-via-il-servizio-civile-universale-selezione-per-46-nuovi-volontari\\\/#article\",\"isPartOf\":{\"@id\":\"https:\\\/\\\/www.bellunopress.it\\\/2019\\\/09\\\/09\\\/al-via-il-servizio-civile-universale-selezione-per-46-nuovi-volontari\\\/\"},\"author\":{\"name\":\"redazione\",\"@id\":\"https:\\\/\\\/www.bellunopress.it\\\/#\\\/schema\\\/person\\\/79bb06722b37ece1c03d3e94beb30d73\"},\"headline\":\"Al via il servizio civile universale. Selezione per 46 nuovi volontari\",\"datePublished\":\"2019-09-09T12:23:48+00:00\",\"mainEntityOfPage\":{\"@id\":\"https:\\\/\\\/www.bellunopress.it\\\/2019\\\/09\\\/09\\\/al-via-il-servizio-civile-universale-selezione-per-46-nuovi-volontari\\\/\"},\"wordCount\":354,\"publisher\":{\"@id\":\"https:\\\/\\\/www.bellunopress.it\\\/#organization\"},\"image\":{\"@id\":\"https:\\\/\\\/www.bellunopress.it\\\/2019\\\/09\\\/09\\\/al-via-il-servizio-civile-universale-selezione-per-46-nuovi-volontari\\\/#primaryimage\"},\"thumbnailUrl\":\"http:\\\/\\\/www.bellunopress.it\\\/wp-content\\\/uploads\\\/2016\\\/06\\\/comitato-dintesa.jpg\",\"articleSection\":[\"Prima Pagina\",\"Societ\u00e0, Associazioni, Istituzioni\"],\"inLanguage\":\"fr-FR\"},{\"@type\":\"WebPage\",\"@id\":\"https:\\\/\\\/www.bellunopress.it\\\/2019\\\/09\\\/09\\\/al-via-il-servizio-civile-universale-selezione-per-46-nuovi-volontari\\\/\",\"url\":\"https:\\\/\\\/www.bellunopress.it\\\/2019\\\/09\\\/09\\\/al-via-il-servizio-civile-universale-selezione-per-46-nuovi-volontari\\\/\",\"name\":\"Al via il servizio civile universale. Selezione per 46 nuovi volontari - Bellunopress - Dolomiti\",\"isPartOf\":{\"@id\":\"https:\\\/\\\/www.bellunopress.it\\\/#website\"},\"primaryImageOfPage\":{\"@id\":\"https:\\\/\\\/www.bellunopress.it\\\/2019\\\/09\\\/09\\\/al-via-il-servizio-civile-universale-selezione-per-46-nuovi-volontari\\\/#primaryimage\"},\"image\":{\"@id\":\"https:\\\/\\\/www.bellunopress.it\\\/2019\\\/09\\\/09\\\/al-via-il-servizio-civile-universale-selezione-per-46-nuovi-volontari\\\/#primaryimage\"},\"thumbnailUrl\":\"http:\\\/\\\/www.bellunopress.it\\\/wp-content\\\/uploads\\\/2016\\\/06\\\/comitato-dintesa.jpg\",\"datePublished\":\"2019-09-09T12:23:48+00:00\",\"breadcrumb\":{\"@id\":\"https:\\\/\\\/www.bellunopress.it\\\/2019\\\/09\\\/09\\\/al-via-il-servizio-civile-universale-selezione-per-46-nuovi-volontari\\\/#breadcrumb\"},\"inLanguage\":\"fr-FR\",\"potentialAction\":[{\"@type\":\"ReadAction\",\"target\":[\"https:\\\/\\\/www.bellunopress.it\\\/2019\\\/09\\\/09\\\/al-via-il-servizio-civile-universale-selezione-per-46-nuovi-volontari\\\/\"]}]},{\"@type\":\"ImageObject\",\"inLanguage\":\"fr-FR\",\"@id\":\"https:\\\/\\\/www.bellunopress.it\\\/2019\\\/09\\\/09\\\/al-via-il-servizio-civile-universale-selezione-per-46-nuovi-volontari\\\/#primaryimage\",\"url\":\"http:\\\/\\\/www.bellunopress.it\\\/wp-content\\\/uploads\\\/2016\\\/06\\\/comitato-dintesa.jpg\",\"contentUrl\":\"http:\\\/\\\/www.bellunopress.it\\\/wp-content\\\/uploads\\\/2016\\\/06\\\/comitato-dintesa.jpg\"},{\"@type\":\"BreadcrumbList\",\"@id\":\"https:\\\/\\\/www.bellunopress.it\\\/2019\\\/09\\\/09\\\/al-via-il-servizio-civile-universale-selezione-per-46-nuovi-volontari\\\/#breadcrumb\",\"itemListElement\":[{\"@type\":\"ListItem\",\"position\":1,\"name\":\"Home\",\"item\":\"https:\\\/\\\/www.bellunopress.it\\\/\"},{\"@type\":\"ListItem\",\"position\":2,\"name\":\"Al via il servizio civile universale. Selezione per 46 nuovi volontari\"}]},{\"@type\":\"WebSite\",\"@id\":\"https:\\\/\\\/www.bellunopress.it\\\/#website\",\"url\":\"https:\\\/\\\/www.bellunopress.it\\\/\",\"name\":\"Bellunopress - Dolomiti\",\"description\":\"e-mail: redazione@bellunopress.it\",\"publisher\":{\"@id\":\"https:\\\/\\\/www.bellunopress.it\\\/#organization\"},\"potentialAction\":[{\"@type\":\"SearchAction\",\"target\":{\"@type\":\"EntryPoint\",\"urlTemplate\":\"https:\\\/\\\/www.bellunopress.it\\\/?s={search_term_string}\"},\"query-input\":{\"@type\":\"PropertyValueSpecification\",\"valueRequired\":true,\"valueName\":\"search_term_string\"}}],\"inLanguage\":\"fr-FR\"},{\"@type\":\"Organization\",\"@id\":\"https:\\\/\\\/www.bellunopress.it\\\/#organization\",\"name\":\"Bellunopress\",\"url\":\"https:\\\/\\\/www.bellunopress.it\\\/\",\"logo\":{\"@type\":\"ImageObject\",\"inLanguage\":\"fr-FR\",\"@id\":\"https:\\\/\\\/www.bellunopress.it\\\/#\\\/schema\\\/logo\\\/image\\\/\",\"url\":\"https:\\\/\\\/www.bellunopress.it\\\/wp-content\\\/uploads\\\/2011\\\/05\\\/cropped-logo-bellunopress-.jpg\",\"contentUrl\":\"https:\\\/\\\/www.bellunopress.it\\\/wp-content\\\/uploads\\\/2011\\\/05\\\/cropped-logo-bellunopress-.jpg\",\"width\":512,\"height\":512,\"caption\":\"Bellunopress\"},\"image\":{\"@id\":\"https:\\\/\\\/www.bellunopress.it\\\/#\\\/schema\\\/logo\\\/image\\\/\"},\"sameAs\":[\"https:\\\/\\\/www.facebook.com\\\/profile.php?id=100008943462799\",\"https:\\\/\\\/x.com\\\/bellunopress\",\"https:\\\/\\\/www.linkedin.com\\\/hp\\\/?dnr=JBzUWaJfMUw8vbXJJ2tVW5-I3jZKvC4wsoxE&amp;amp;amp;amp;amp;amp;trk=nav_responsive_tab_home\",\"https:\\\/\\\/www.youtube.com\\\/channel\\\/UCxL0wu1uN0_3_7hGG0306cw\"]},{\"@type\":\"Person\",\"@id\":\"https:\\\/\\\/www.bellunopress.it\\\/#\\\/schema\\\/person\\\/79bb06722b37ece1c03d3e94beb30d73\",\"name\":\"redazione\",\"image\":{\"@type\":\"ImageObject\",\"inLanguage\":\"fr-FR\",\"@id\":\"https:\\\/\\\/secure.gravatar.com\\\/avatar\\\/37d968a2e67a6fd04c169c4bdef102d0bc5d31b2546345219e348575eb80e9a0?s=96&d=mm&r=g\",\"url\":\"https:\\\/\\\/secure.gravatar.com\\\/avatar\\\/37d968a2e67a6fd04c169c4bdef102d0bc5d31b2546345219e348575eb80e9a0?s=96&d=mm&r=g\",\"contentUrl\":\"https:\\\/\\\/secure.gravatar.com\\\/avatar\\\/37d968a2e67a6fd04c169c4bdef102d0bc5d31b2546345219e348575eb80e9a0?s=96&d=mm&r=g\",\"caption\":\"redazione\"},\"sameAs\":[\"http:\\\/\\\/www.bellunopress.it\",\"https:\\\/\\\/x.com\\\/bellunopress\"],\"url\":\"https:\\\/\\\/www.bellunopress.it\\\/fr\\\/author\\\/redazione\\\/\"}]}<\/script>\n<!-- \/ Yoast SEO plugin. -->","yoast_head_json":{"title":"Al via il servizio civile universale. Selezione per 46 nuovi volontari - Bellunopress - Dolomiti","robots":{"index":"index","follow":"follow","max-snippet":"max-snippet:-1","max-image-preview":"max-image-preview:large","max-video-preview":"max-video-preview:-1"},"canonical":"https:\/\/www.bellunopress.it\/fr\/2019\/09\/09\/al-via-il-servizio-civile-universale-selezione-per-46-nuovi-volontari\/","og_locale":"fr_FR","og_type":"article","og_title":"Al via il servizio civile universale. Selezione per 46 nuovi volontari - Bellunopress - Dolomiti","og_description":"Parte la selezione di\u00a046 nuovi volontari del Servizio civile universale. I tre progetti presentati dal\u00a0Comitato d\u2019Intesa\u00a0e dall&#8217;Unione montana feltrina, nell\u2019ambito dei quali impiegare giovani volontari, hanno ottenuto l\u2019approvazione dal Dipartimento per le politiche giovanili e il Servizio civile universale &#8211; presidenza del Consiglio dei Ministri. Il Servizio civile \u00e8 la possibilit\u00e0,\u00a0per i giovani dai 18 [&hellip;]","og_url":"https:\/\/www.bellunopress.it\/fr\/2019\/09\/09\/al-via-il-servizio-civile-universale-selezione-per-46-nuovi-volontari\/","og_site_name":"Bellunopress - Dolomiti","article_publisher":"https:\/\/www.facebook.com\/profile.php?id=100008943462799","article_published_time":"2019-09-09T12:23:48+00:00","og_image":[{"url":"http:\/\/www.bellunopress.it\/wp-content\/uploads\/2016\/06\/comitato-dintesa.jpg","type":"","width":"","height":""}],"author":"redazione","twitter_card":"summary_large_image","twitter_creator":"@bellunopress","twitter_site":"@bellunopress","twitter_misc":{"\u00c9crit par":"redazione","Dur\u00e9e de lecture estim\u00e9e":"2 minutes"},"schema":{"@context":"https:\/\/schema.org","@graph":[{"@type":"Article","@id":"https:\/\/www.bellunopress.it\/2019\/09\/09\/al-via-il-servizio-civile-universale-selezione-per-46-nuovi-volontari\/#article","isPartOf":{"@id":"https:\/\/www.bellunopress.it\/2019\/09\/09\/al-via-il-servizio-civile-universale-selezione-per-46-nuovi-volontari\/"},"author":{"name":"redazione","@id":"https:\/\/www.bellunopress.it\/#\/schema\/person\/79bb06722b37ece1c03d3e94beb30d73"},"headline":"Al via il servizio civile universale. Selezione per 46 nuovi volontari","datePublished":"2019-09-09T12:23:48+00:00","mainEntityOfPage":{"@id":"https:\/\/www.bellunopress.it\/2019\/09\/09\/al-via-il-servizio-civile-universale-selezione-per-46-nuovi-volontari\/"},"wordCount":354,"publisher":{"@id":"https:\/\/www.bellunopress.it\/#organization"},"image":{"@id":"https:\/\/www.bellunopress.it\/2019\/09\/09\/al-via-il-servizio-civile-universale-selezione-per-46-nuovi-volontari\/#primaryimage"},"thumbnailUrl":"http:\/\/www.bellunopress.it\/wp-content\/uploads\/2016\/06\/comitato-dintesa.jpg","articleSection":["Prima Pagina","Societ\u00e0, Associazioni, Istituzioni"],"inLanguage":"fr-FR"},{"@type":"WebPage","@id":"https:\/\/www.bellunopress.it\/2019\/09\/09\/al-via-il-servizio-civile-universale-selezione-per-46-nuovi-volontari\/","url":"https:\/\/www.bellunopress.it\/2019\/09\/09\/al-via-il-servizio-civile-universale-selezione-per-46-nuovi-volontari\/","name":"Al via il servizio civile universale. Selezione per 46 nuovi volontari - Bellunopress - Dolomiti","isPartOf":{"@id":"https:\/\/www.bellunopress.it\/#website"},"primaryImageOfPage":{"@id":"https:\/\/www.bellunopress.it\/2019\/09\/09\/al-via-il-servizio-civile-universale-selezione-per-46-nuovi-volontari\/#primaryimage"},"image":{"@id":"https:\/\/www.bellunopress.it\/2019\/09\/09\/al-via-il-servizio-civile-universale-selezione-per-46-nuovi-volontari\/#primaryimage"},"thumbnailUrl":"http:\/\/www.bellunopress.it\/wp-content\/uploads\/2016\/06\/comitato-dintesa.jpg","datePublished":"2019-09-09T12:23:48+00:00","breadcrumb":{"@id":"https:\/\/www.bellunopress.it\/2019\/09\/09\/al-via-il-servizio-civile-universale-selezione-per-46-nuovi-volontari\/#breadcrumb"},"inLanguage":"fr-FR","potentialAction":[{"@type":"ReadAction","target":["https:\/\/www.bellunopress.it\/2019\/09\/09\/al-via-il-servizio-civile-universale-selezione-per-46-nuovi-volontari\/"]}]},{"@type":"ImageObject","inLanguage":"fr-FR","@id":"https:\/\/www.bellunopress.it\/2019\/09\/09\/al-via-il-servizio-civile-universale-selezione-per-46-nuovi-volontari\/#primaryimage","url":"http:\/\/www.bellunopress.it\/wp-content\/uploads\/2016\/06\/comitato-dintesa.jpg","contentUrl":"http:\/\/www.bellunopress.it\/wp-content\/uploads\/2016\/06\/comitato-dintesa.jpg"},{"@type":"BreadcrumbList","@id":"https:\/\/www.bellunopress.it\/2019\/09\/09\/al-via-il-servizio-civile-universale-selezione-per-46-nuovi-volontari\/#breadcrumb","itemListElement":[{"@type":"ListItem","position":1,"name":"Home","item":"https:\/\/www.bellunopress.it\/"},{"@type":"ListItem","position":2,"name":"Al via il servizio civile universale. Selezione per 46 nuovi volontari"}]},{"@type":"WebSite","@id":"https:\/\/www.bellunopress.it\/#website","url":"https:\/\/www.bellunopress.it\/","name":"Bellunopress - Dolomiti","description":"e-mail: redazione@bellunopress.it","publisher":{"@id":"https:\/\/www.bellunopress.it\/#organization"},"potentialAction":[{"@type":"SearchAction","target":{"@type":"EntryPoint","urlTemplate":"https:\/\/www.bellunopress.it\/?s={search_term_string}"},"query-input":{"@type":"PropertyValueSpecification","valueRequired":true,"valueName":"search_term_string"}}],"inLanguage":"fr-FR"},{"@type":"Organization","@id":"https:\/\/www.bellunopress.it\/#organization","name":"Bellunopress","url":"https:\/\/www.bellunopress.it\/","logo":{"@type":"ImageObject","inLanguage":"fr-FR","@id":"https:\/\/www.bellunopress.it\/#\/schema\/logo\/image\/","url":"https:\/\/www.bellunopress.it\/wp-content\/uploads\/2011\/05\/cropped-logo-bellunopress-.jpg","contentUrl":"https:\/\/www.bellunopress.it\/wp-content\/uploads\/2011\/05\/cropped-logo-bellunopress-.jpg","width":512,"height":512,"caption":"Bellunopress"},"image":{"@id":"https:\/\/www.bellunopress.it\/#\/schema\/logo\/image\/"},"sameAs":["https:\/\/www.facebook.com\/profile.php?id=100008943462799","https:\/\/x.com\/bellunopress","https:\/\/www.linkedin.com\/hp\/?dnr=JBzUWaJfMUw8vbXJJ2tVW5-I3jZKvC4wsoxE&amp;amp;amp;amp;amp;amp;trk=nav_responsive_tab_home","https:\/\/www.youtube.com\/channel\/UCxL0wu1uN0_3_7hGG0306cw"]},{"@type":"Person","@id":"https:\/\/www.bellunopress.it\/#\/schema\/person\/79bb06722b37ece1c03d3e94beb30d73","name":"r\u00e9daction","image":{"@type":"ImageObject","inLanguage":"fr-FR","@id":"https:\/\/secure.gravatar.com\/avatar\/37d968a2e67a6fd04c169c4bdef102d0bc5d31b2546345219e348575eb80e9a0?s=96&d=mm&r=g","url":"https:\/\/secure.gravatar.com\/avatar\/37d968a2e67a6fd04c169c4bdef102d0bc5d31b2546345219e348575eb80e9a0?s=96&d=mm&r=g","contentUrl":"https:\/\/secure.gravatar.com\/avatar\/37d968a2e67a6fd04c169c4bdef102d0bc5d31b2546345219e348575eb80e9a0?s=96&d=mm&r=g","caption":"redazione"},"sameAs":["http:\/\/www.bellunopress.it","https:\/\/x.com\/bellunopress"],"url":"https:\/\/www.bellunopress.it\/fr\/author\/redazione\/"}]}},"_links":{"self":[{"href":"https:\/\/www.bellunopress.it\/fr\/wp-json\/wp\/v2\/posts\/107714","targetHints":{"allow":["GET"]}}],"collection":[{"href":"https:\/\/www.bellunopress.it\/fr\/wp-json\/wp\/v2\/posts"}],"about":[{"href":"https:\/\/www.bellunopress.it\/fr\/wp-json\/wp\/v2\/types\/post"}],"author":[{"embeddable":true,"href":"https:\/\/www.bellunopress.it\/fr\/wp-json\/wp\/v2\/users\/2"}],"replies":[{"embeddable":true,"href":"https:\/\/www.bellunopress.it\/fr\/wp-json\/wp\/v2\/comments?post=107714"}],"version-history":[{"count":1,"href":"https:\/\/www.bellunopress.it\/fr\/wp-json\/wp\/v2\/posts\/107714\/revisions"}],"predecessor-version":[{"id":107715,"href":"https:\/\/www.bellunopress.it\/fr\/wp-json\/wp\/v2\/posts\/107714\/revisions\/107715"}],"wp:attachment":[{"href":"https:\/\/www.bellunopress.it\/fr\/wp-json\/wp\/v2\/media?parent=107714"}],"wp:term":[{"taxonomy":"category","embeddable":true,"href":"https:\/\/www.bellunopress.it\/fr\/wp-json\/wp\/v2\/categories?post=107714"},{"taxonomy":"post_tag","embeddable":true,"href":"https:\/\/www.bellunopress.it\/fr\/wp-json\/wp\/v2\/tags?post=107714"}],"curies":[{"name":"wp","href":"https:\/\/api.w.org\/{rel}","templated":true}]}}