{"id":107659,"date":"2019-09-06T20:08:53","date_gmt":"2019-09-06T18:08:53","guid":{"rendered":"http:\/\/www.bellunopress.it\/?p=107659"},"modified":"2019-09-06T20:10:03","modified_gmt":"2019-09-06T18:10:03","slug":"palazzo-bembo-apre-le-porte-a-korarte-danza-con-letture-delle-bretelle-lasche-sabato-la-prima-di-tre-serate","status":"publish","type":"post","link":"https:\/\/www.bellunopress.it\/fr\/2019\/09\/06\/palazzo-bembo-apre-le-porte-a-korarte-danza-con-letture-delle-bretelle-lasche-sabato-la-prima-di-tre-serate\/","title":{"rendered":"Palazzo Bembo apre le porte a Korarte Danza, con letture delle Bretelle Lasche. Sabato la prima di tre serate"},"content":{"rendered":"<p>Palazzo Bembo, in centro di Belluno, svela le atmosfere magiche della propria architettura, recentemente restaurata, ospitando tre eventi dedicati alla storia della danza e all&#8217;incontro con alcune delle coreografe pi\u00f9 innovative del &#8216;900.<\/p>\n<figure id=\"attachment_107660\" aria-describedby=\"caption-attachment-107660\" style=\"width: 300px\" class=\"wp-caption alignleft\"><a href=\"http:\/\/www.bellunopress.it\/fr\/2019\/09\/06\/palazzo-bembo-apre-le-porte-a-korarte-danza-con-letture-delle-bretelle-lasche-sabato-la-prima-di-tre-serate\/palazzo-bembo\/\" rel=\"attachment wp-att-107660\"><img loading=\"lazy\" decoding=\"async\" class=\"size-full wp-image-107660\" src=\"http:\/\/www.bellunopress.it\/wp-content\/uploads\/2019\/09\/Palazzo-Bembo.jpg\" alt=\"\" width=\"300\" height=\"225\" \/><\/a><figcaption id=\"caption-attachment-107660\" class=\"wp-caption-text\">Palazzo Bembo &#8211; Belluno<\/figcaption><\/figure>\n<p>Tre incontri con performance, conferenze e video proiezioni all&#8217;interno delle sale del Palazzo Bembo a cura di Laura Zago, docente di Tecnica della Danza contemporanea e Storia della danza presso il Liceo Coreutico Bonporti di Trento.<\/p>\n<p>7 settembre &#8211; Da Isadora Duncan a Mary Wigman<br \/>\n14 settembre &#8211; Martha Graham<br \/>\n21 settembre &#8211; Pina Bausch<\/p>\n<p>Ogni incontro si concluder\u00e0 con un buffet\/cena presso la terrazza del Bistr\u00f2 Bembo a cui si accede direttamente dal Palazzo.<\/p>\n<p>Ingresso \u20ac 20 &#8211; posti limitati.<br \/>\nSolo su prenotazione presso la biglietteria del Museo Civico di Palazzo Fulcis, via Roma, 28 &#8211; Belluno, o telefonando allo 0437.956305.<\/p>\n<p>Orario del Museo:<br \/>\nMartedi, mercoledi, venerdi dalle 9.30 alle 12.30 e dalle 15.30 alle 18.30.<br \/>\nGiovedi 9.30 -12.30.<br \/>\nSabato e domenica 10.00 &#8211; 18.30.<br \/>\nLunedi chiuso.<\/p>\n<p>Organizzazione: Fondazione Teatri delle Dolomiti, Comune di Belluno, Musei Civici di Belluno.<br \/>\nCon la partecipazione di Associazione Korarte Danza e Associazione Bretelle Lasche.<br \/>\nPartner: RadioBelluno, Idea Musica Expert, Bistro Bembo.<\/p>\n<p>www.fondazioneteatridolomiti.it<br \/>\nwww.mubel.comune.belluno.it<\/p>","protected":false},"excerpt":{"rendered":"<p>Palazzo Bembo, in centro di Belluno, svela le atmosfere magiche della propria architettura, recentemente restaurata, ospitando tre eventi dedicati alla storia della danza e all&#8217;incontro con alcune delle coreografe pi\u00f9 innovative del &#8216;900. Tre incontri con performance, conferenze e video proiezioni all&#8217;interno delle sale del Palazzo Bembo a cura di Laura Zago, docente di Tecnica [&hellip;]<\/p>\n","protected":false},"author":2,"featured_media":0,"comment_status":"closed","ping_status":"open","sticky":false,"template":"","format":"standard","meta":{"footnotes":""},"categories":[27,3,26],"tags":[],"class_list":["post-107659","post","type-post","status-publish","format-standard","category-appuntamenti","category-arte-cultura-spettacoli-scienza-archivi","category-prima-pagina"],"yoast_head":"<!-- This site is optimized with the Yoast SEO plugin v28.4 - https:\/\/yoast.com\/product\/yoast-seo-wordpress\/ -->\n<title>Palazzo Bembo apre le porte a Korarte Danza, con letture delle Bretelle Lasche. Sabato la prima di tre serate - Bellunopress - Dolomiti<\/title>\n<meta name=\"robots\" content=\"index, follow, max-snippet:-1, max-image-preview:large, max-video-preview:-1\" \/>\n<link rel=\"canonical\" href=\"https:\/\/www.bellunopress.it\/fr\/2019\/09\/06\/palazzo-bembo-apre-le-porte-a-korarte-danza-con-letture-delle-bretelle-lasche-sabato-la-prima-di-tre-serate\/\" \/>\n<meta property=\"og:locale\" content=\"fr_FR\" \/>\n<meta property=\"og:type\" content=\"article\" \/>\n<meta property=\"og:title\" content=\"Palazzo Bembo apre le porte a Korarte Danza, con letture delle Bretelle Lasche. Sabato la prima di tre serate - Bellunopress - Dolomiti\" \/>\n<meta property=\"og:description\" content=\"Palazzo Bembo, in centro di Belluno, svela le atmosfere magiche della propria architettura, recentemente restaurata, ospitando tre eventi dedicati alla storia della danza e all&#8217;incontro con alcune delle coreografe pi\u00f9 innovative del &#8216;900. Tre incontri con performance, conferenze e video proiezioni all&#8217;interno delle sale del Palazzo Bembo a cura di Laura Zago, docente di Tecnica [&hellip;]\" \/>\n<meta property=\"og:url\" content=\"https:\/\/www.bellunopress.it\/fr\/2019\/09\/06\/palazzo-bembo-apre-le-porte-a-korarte-danza-con-letture-delle-bretelle-lasche-sabato-la-prima-di-tre-serate\/\" \/>\n<meta property=\"og:site_name\" content=\"Bellunopress - Dolomiti\" \/>\n<meta property=\"article:publisher\" content=\"https:\/\/www.facebook.com\/profile.php?id=100008943462799\" \/>\n<meta property=\"article:published_time\" content=\"2019-09-06T18:08:53+00:00\" \/>\n<meta property=\"article:modified_time\" content=\"2019-09-06T18:10:03+00:00\" \/>\n<meta property=\"og:image\" content=\"http:\/\/www.bellunopress.it\/wp-content\/uploads\/2019\/09\/Palazzo-Bembo.jpg\" \/>\n<meta name=\"author\" content=\"redazione\" \/>\n<meta name=\"twitter:card\" content=\"summary_large_image\" \/>\n<meta name=\"twitter:creator\" content=\"@bellunopress\" \/>\n<meta name=\"twitter:site\" content=\"@bellunopress\" \/>\n<meta name=\"twitter:label1\" content=\"\u00c9crit par\" \/>\n\t<meta name=\"twitter:data1\" content=\"redazione\" \/>\n\t<meta name=\"twitter:label2\" content=\"Dur\u00e9e de lecture estim\u00e9e\" \/>\n\t<meta name=\"twitter:data2\" content=\"1 minute\" \/>\n<script type=\"application\/ld+json\" class=\"yoast-schema-graph\">{\"@context\":\"https:\\\/\\\/schema.org\",\"@graph\":[{\"@type\":\"Article\",\"@id\":\"https:\\\/\\\/www.bellunopress.it\\\/2019\\\/09\\\/06\\\/palazzo-bembo-apre-le-porte-a-korarte-danza-con-letture-delle-bretelle-lasche-sabato-la-prima-di-tre-serate\\\/#article\",\"isPartOf\":{\"@id\":\"https:\\\/\\\/www.bellunopress.it\\\/2019\\\/09\\\/06\\\/palazzo-bembo-apre-le-porte-a-korarte-danza-con-letture-delle-bretelle-lasche-sabato-la-prima-di-tre-serate\\\/\"},\"author\":{\"name\":\"redazione\",\"@id\":\"https:\\\/\\\/www.bellunopress.it\\\/#\\\/schema\\\/person\\\/79bb06722b37ece1c03d3e94beb30d73\"},\"headline\":\"Palazzo Bembo apre le porte a Korarte Danza, con letture delle Bretelle Lasche. Sabato la prima di tre serate\",\"datePublished\":\"2019-09-06T18:08:53+00:00\",\"dateModified\":\"2019-09-06T18:10:03+00:00\",\"mainEntityOfPage\":{\"@id\":\"https:\\\/\\\/www.bellunopress.it\\\/2019\\\/09\\\/06\\\/palazzo-bembo-apre-le-porte-a-korarte-danza-con-letture-delle-bretelle-lasche-sabato-la-prima-di-tre-serate\\\/\"},\"wordCount\":217,\"publisher\":{\"@id\":\"https:\\\/\\\/www.bellunopress.it\\\/#organization\"},\"image\":{\"@id\":\"https:\\\/\\\/www.bellunopress.it\\\/2019\\\/09\\\/06\\\/palazzo-bembo-apre-le-porte-a-korarte-danza-con-letture-delle-bretelle-lasche-sabato-la-prima-di-tre-serate\\\/#primaryimage\"},\"thumbnailUrl\":\"http:\\\/\\\/www.bellunopress.it\\\/wp-content\\\/uploads\\\/2019\\\/09\\\/Palazzo-Bembo.jpg\",\"articleSection\":[\"Appuntamenti, Eventi\",\"Arte, Cultura, Spettacoli, Scienza\",\"Prima Pagina\"],\"inLanguage\":\"fr-FR\"},{\"@type\":\"WebPage\",\"@id\":\"https:\\\/\\\/www.bellunopress.it\\\/2019\\\/09\\\/06\\\/palazzo-bembo-apre-le-porte-a-korarte-danza-con-letture-delle-bretelle-lasche-sabato-la-prima-di-tre-serate\\\/\",\"url\":\"https:\\\/\\\/www.bellunopress.it\\\/2019\\\/09\\\/06\\\/palazzo-bembo-apre-le-porte-a-korarte-danza-con-letture-delle-bretelle-lasche-sabato-la-prima-di-tre-serate\\\/\",\"name\":\"Palazzo Bembo apre le porte a Korarte Danza, con letture delle Bretelle Lasche. Sabato la prima di tre serate - Bellunopress - Dolomiti\",\"isPartOf\":{\"@id\":\"https:\\\/\\\/www.bellunopress.it\\\/#website\"},\"primaryImageOfPage\":{\"@id\":\"https:\\\/\\\/www.bellunopress.it\\\/2019\\\/09\\\/06\\\/palazzo-bembo-apre-le-porte-a-korarte-danza-con-letture-delle-bretelle-lasche-sabato-la-prima-di-tre-serate\\\/#primaryimage\"},\"image\":{\"@id\":\"https:\\\/\\\/www.bellunopress.it\\\/2019\\\/09\\\/06\\\/palazzo-bembo-apre-le-porte-a-korarte-danza-con-letture-delle-bretelle-lasche-sabato-la-prima-di-tre-serate\\\/#primaryimage\"},\"thumbnailUrl\":\"http:\\\/\\\/www.bellunopress.it\\\/wp-content\\\/uploads\\\/2019\\\/09\\\/Palazzo-Bembo.jpg\",\"datePublished\":\"2019-09-06T18:08:53+00:00\",\"dateModified\":\"2019-09-06T18:10:03+00:00\",\"breadcrumb\":{\"@id\":\"https:\\\/\\\/www.bellunopress.it\\\/2019\\\/09\\\/06\\\/palazzo-bembo-apre-le-porte-a-korarte-danza-con-letture-delle-bretelle-lasche-sabato-la-prima-di-tre-serate\\\/#breadcrumb\"},\"inLanguage\":\"fr-FR\",\"potentialAction\":[{\"@type\":\"ReadAction\",\"target\":[\"https:\\\/\\\/www.bellunopress.it\\\/2019\\\/09\\\/06\\\/palazzo-bembo-apre-le-porte-a-korarte-danza-con-letture-delle-bretelle-lasche-sabato-la-prima-di-tre-serate\\\/\"]}]},{\"@type\":\"ImageObject\",\"inLanguage\":\"fr-FR\",\"@id\":\"https:\\\/\\\/www.bellunopress.it\\\/2019\\\/09\\\/06\\\/palazzo-bembo-apre-le-porte-a-korarte-danza-con-letture-delle-bretelle-lasche-sabato-la-prima-di-tre-serate\\\/#primaryimage\",\"url\":\"http:\\\/\\\/www.bellunopress.it\\\/wp-content\\\/uploads\\\/2019\\\/09\\\/Palazzo-Bembo.jpg\",\"contentUrl\":\"http:\\\/\\\/www.bellunopress.it\\\/wp-content\\\/uploads\\\/2019\\\/09\\\/Palazzo-Bembo.jpg\"},{\"@type\":\"BreadcrumbList\",\"@id\":\"https:\\\/\\\/www.bellunopress.it\\\/2019\\\/09\\\/06\\\/palazzo-bembo-apre-le-porte-a-korarte-danza-con-letture-delle-bretelle-lasche-sabato-la-prima-di-tre-serate\\\/#breadcrumb\",\"itemListElement\":[{\"@type\":\"ListItem\",\"position\":1,\"name\":\"Home\",\"item\":\"https:\\\/\\\/www.bellunopress.it\\\/\"},{\"@type\":\"ListItem\",\"position\":2,\"name\":\"Palazzo Bembo apre le porte a Korarte Danza, con letture delle Bretelle Lasche. Sabato la prima di tre serate\"}]},{\"@type\":\"WebSite\",\"@id\":\"https:\\\/\\\/www.bellunopress.it\\\/#website\",\"url\":\"https:\\\/\\\/www.bellunopress.it\\\/\",\"name\":\"Bellunopress - Dolomiti\",\"description\":\"e-mail: redazione@bellunopress.it\",\"publisher\":{\"@id\":\"https:\\\/\\\/www.bellunopress.it\\\/#organization\"},\"potentialAction\":[{\"@type\":\"SearchAction\",\"target\":{\"@type\":\"EntryPoint\",\"urlTemplate\":\"https:\\\/\\\/www.bellunopress.it\\\/?s={search_term_string}\"},\"query-input\":{\"@type\":\"PropertyValueSpecification\",\"valueRequired\":true,\"valueName\":\"search_term_string\"}}],\"inLanguage\":\"fr-FR\"},{\"@type\":\"Organization\",\"@id\":\"https:\\\/\\\/www.bellunopress.it\\\/#organization\",\"name\":\"Bellunopress\",\"url\":\"https:\\\/\\\/www.bellunopress.it\\\/\",\"logo\":{\"@type\":\"ImageObject\",\"inLanguage\":\"fr-FR\",\"@id\":\"https:\\\/\\\/www.bellunopress.it\\\/#\\\/schema\\\/logo\\\/image\\\/\",\"url\":\"https:\\\/\\\/www.bellunopress.it\\\/wp-content\\\/uploads\\\/2011\\\/05\\\/cropped-logo-bellunopress-.jpg\",\"contentUrl\":\"https:\\\/\\\/www.bellunopress.it\\\/wp-content\\\/uploads\\\/2011\\\/05\\\/cropped-logo-bellunopress-.jpg\",\"width\":512,\"height\":512,\"caption\":\"Bellunopress\"},\"image\":{\"@id\":\"https:\\\/\\\/www.bellunopress.it\\\/#\\\/schema\\\/logo\\\/image\\\/\"},\"sameAs\":[\"https:\\\/\\\/www.facebook.com\\\/profile.php?id=100008943462799\",\"https:\\\/\\\/x.com\\\/bellunopress\",\"https:\\\/\\\/www.linkedin.com\\\/hp\\\/?dnr=JBzUWaJfMUw8vbXJJ2tVW5-I3jZKvC4wsoxE&amp;amp;amp;amp;amp;amp;trk=nav_responsive_tab_home\",\"https:\\\/\\\/www.youtube.com\\\/channel\\\/UCxL0wu1uN0_3_7hGG0306cw\"]},{\"@type\":\"Person\",\"@id\":\"https:\\\/\\\/www.bellunopress.it\\\/#\\\/schema\\\/person\\\/79bb06722b37ece1c03d3e94beb30d73\",\"name\":\"redazione\",\"image\":{\"@type\":\"ImageObject\",\"inLanguage\":\"fr-FR\",\"@id\":\"https:\\\/\\\/secure.gravatar.com\\\/avatar\\\/37d968a2e67a6fd04c169c4bdef102d0bc5d31b2546345219e348575eb80e9a0?s=96&d=mm&r=g\",\"url\":\"https:\\\/\\\/secure.gravatar.com\\\/avatar\\\/37d968a2e67a6fd04c169c4bdef102d0bc5d31b2546345219e348575eb80e9a0?s=96&d=mm&r=g\",\"contentUrl\":\"https:\\\/\\\/secure.gravatar.com\\\/avatar\\\/37d968a2e67a6fd04c169c4bdef102d0bc5d31b2546345219e348575eb80e9a0?s=96&d=mm&r=g\",\"caption\":\"redazione\"},\"sameAs\":[\"http:\\\/\\\/www.bellunopress.it\",\"https:\\\/\\\/x.com\\\/bellunopress\"],\"url\":\"https:\\\/\\\/www.bellunopress.it\\\/fr\\\/author\\\/redazione\\\/\"}]}<\/script>\n<!-- \/ Yoast SEO plugin. -->","yoast_head_json":{"title":"Palazzo Bembo apre le porte a Korarte Danza, con letture delle Bretelle Lasche. Sabato la prima di tre serate - Bellunopress - Dolomiti","robots":{"index":"index","follow":"follow","max-snippet":"max-snippet:-1","max-image-preview":"max-image-preview:large","max-video-preview":"max-video-preview:-1"},"canonical":"https:\/\/www.bellunopress.it\/fr\/2019\/09\/06\/palazzo-bembo-apre-le-porte-a-korarte-danza-con-letture-delle-bretelle-lasche-sabato-la-prima-di-tre-serate\/","og_locale":"fr_FR","og_type":"article","og_title":"Palazzo Bembo apre le porte a Korarte Danza, con letture delle Bretelle Lasche. Sabato la prima di tre serate - Bellunopress - Dolomiti","og_description":"Palazzo Bembo, in centro di Belluno, svela le atmosfere magiche della propria architettura, recentemente restaurata, ospitando tre eventi dedicati alla storia della danza e all&#8217;incontro con alcune delle coreografe pi\u00f9 innovative del &#8216;900. Tre incontri con performance, conferenze e video proiezioni all&#8217;interno delle sale del Palazzo Bembo a cura di Laura Zago, docente di Tecnica [&hellip;]","og_url":"https:\/\/www.bellunopress.it\/fr\/2019\/09\/06\/palazzo-bembo-apre-le-porte-a-korarte-danza-con-letture-delle-bretelle-lasche-sabato-la-prima-di-tre-serate\/","og_site_name":"Bellunopress - Dolomiti","article_publisher":"https:\/\/www.facebook.com\/profile.php?id=100008943462799","article_published_time":"2019-09-06T18:08:53+00:00","article_modified_time":"2019-09-06T18:10:03+00:00","og_image":[{"url":"http:\/\/www.bellunopress.it\/wp-content\/uploads\/2019\/09\/Palazzo-Bembo.jpg","type":"","width":"","height":""}],"author":"redazione","twitter_card":"summary_large_image","twitter_creator":"@bellunopress","twitter_site":"@bellunopress","twitter_misc":{"\u00c9crit par":"redazione","Dur\u00e9e de lecture estim\u00e9e":"1 minute"},"schema":{"@context":"https:\/\/schema.org","@graph":[{"@type":"Article","@id":"https:\/\/www.bellunopress.it\/2019\/09\/06\/palazzo-bembo-apre-le-porte-a-korarte-danza-con-letture-delle-bretelle-lasche-sabato-la-prima-di-tre-serate\/#article","isPartOf":{"@id":"https:\/\/www.bellunopress.it\/2019\/09\/06\/palazzo-bembo-apre-le-porte-a-korarte-danza-con-letture-delle-bretelle-lasche-sabato-la-prima-di-tre-serate\/"},"author":{"name":"redazione","@id":"https:\/\/www.bellunopress.it\/#\/schema\/person\/79bb06722b37ece1c03d3e94beb30d73"},"headline":"Palazzo Bembo apre le porte a Korarte Danza, con letture delle Bretelle Lasche. Sabato la prima di tre serate","datePublished":"2019-09-06T18:08:53+00:00","dateModified":"2019-09-06T18:10:03+00:00","mainEntityOfPage":{"@id":"https:\/\/www.bellunopress.it\/2019\/09\/06\/palazzo-bembo-apre-le-porte-a-korarte-danza-con-letture-delle-bretelle-lasche-sabato-la-prima-di-tre-serate\/"},"wordCount":217,"publisher":{"@id":"https:\/\/www.bellunopress.it\/#organization"},"image":{"@id":"https:\/\/www.bellunopress.it\/2019\/09\/06\/palazzo-bembo-apre-le-porte-a-korarte-danza-con-letture-delle-bretelle-lasche-sabato-la-prima-di-tre-serate\/#primaryimage"},"thumbnailUrl":"http:\/\/www.bellunopress.it\/wp-content\/uploads\/2019\/09\/Palazzo-Bembo.jpg","articleSection":["Appuntamenti, Eventi","Arte, Cultura, Spettacoli, Scienza","Prima Pagina"],"inLanguage":"fr-FR"},{"@type":"WebPage","@id":"https:\/\/www.bellunopress.it\/2019\/09\/06\/palazzo-bembo-apre-le-porte-a-korarte-danza-con-letture-delle-bretelle-lasche-sabato-la-prima-di-tre-serate\/","url":"https:\/\/www.bellunopress.it\/2019\/09\/06\/palazzo-bembo-apre-le-porte-a-korarte-danza-con-letture-delle-bretelle-lasche-sabato-la-prima-di-tre-serate\/","name":"Palazzo Bembo apre le porte a Korarte Danza, con letture delle Bretelle Lasche. Sabato la prima di tre serate - Bellunopress - Dolomiti","isPartOf":{"@id":"https:\/\/www.bellunopress.it\/#website"},"primaryImageOfPage":{"@id":"https:\/\/www.bellunopress.it\/2019\/09\/06\/palazzo-bembo-apre-le-porte-a-korarte-danza-con-letture-delle-bretelle-lasche-sabato-la-prima-di-tre-serate\/#primaryimage"},"image":{"@id":"https:\/\/www.bellunopress.it\/2019\/09\/06\/palazzo-bembo-apre-le-porte-a-korarte-danza-con-letture-delle-bretelle-lasche-sabato-la-prima-di-tre-serate\/#primaryimage"},"thumbnailUrl":"http:\/\/www.bellunopress.it\/wp-content\/uploads\/2019\/09\/Palazzo-Bembo.jpg","datePublished":"2019-09-06T18:08:53+00:00","dateModified":"2019-09-06T18:10:03+00:00","breadcrumb":{"@id":"https:\/\/www.bellunopress.it\/2019\/09\/06\/palazzo-bembo-apre-le-porte-a-korarte-danza-con-letture-delle-bretelle-lasche-sabato-la-prima-di-tre-serate\/#breadcrumb"},"inLanguage":"fr-FR","potentialAction":[{"@type":"ReadAction","target":["https:\/\/www.bellunopress.it\/2019\/09\/06\/palazzo-bembo-apre-le-porte-a-korarte-danza-con-letture-delle-bretelle-lasche-sabato-la-prima-di-tre-serate\/"]}]},{"@type":"ImageObject","inLanguage":"fr-FR","@id":"https:\/\/www.bellunopress.it\/2019\/09\/06\/palazzo-bembo-apre-le-porte-a-korarte-danza-con-letture-delle-bretelle-lasche-sabato-la-prima-di-tre-serate\/#primaryimage","url":"http:\/\/www.bellunopress.it\/wp-content\/uploads\/2019\/09\/Palazzo-Bembo.jpg","contentUrl":"http:\/\/www.bellunopress.it\/wp-content\/uploads\/2019\/09\/Palazzo-Bembo.jpg"},{"@type":"BreadcrumbList","@id":"https:\/\/www.bellunopress.it\/2019\/09\/06\/palazzo-bembo-apre-le-porte-a-korarte-danza-con-letture-delle-bretelle-lasche-sabato-la-prima-di-tre-serate\/#breadcrumb","itemListElement":[{"@type":"ListItem","position":1,"name":"Home","item":"https:\/\/www.bellunopress.it\/"},{"@type":"ListItem","position":2,"name":"Palazzo Bembo apre le porte a Korarte Danza, con letture delle Bretelle Lasche. Sabato la prima di tre serate"}]},{"@type":"WebSite","@id":"https:\/\/www.bellunopress.it\/#website","url":"https:\/\/www.bellunopress.it\/","name":"Bellunopress - Dolomiti","description":"e-mail: redazione@bellunopress.it","publisher":{"@id":"https:\/\/www.bellunopress.it\/#organization"},"potentialAction":[{"@type":"SearchAction","target":{"@type":"EntryPoint","urlTemplate":"https:\/\/www.bellunopress.it\/?s={search_term_string}"},"query-input":{"@type":"PropertyValueSpecification","valueRequired":true,"valueName":"search_term_string"}}],"inLanguage":"fr-FR"},{"@type":"Organization","@id":"https:\/\/www.bellunopress.it\/#organization","name":"Bellunopress","url":"https:\/\/www.bellunopress.it\/","logo":{"@type":"ImageObject","inLanguage":"fr-FR","@id":"https:\/\/www.bellunopress.it\/#\/schema\/logo\/image\/","url":"https:\/\/www.bellunopress.it\/wp-content\/uploads\/2011\/05\/cropped-logo-bellunopress-.jpg","contentUrl":"https:\/\/www.bellunopress.it\/wp-content\/uploads\/2011\/05\/cropped-logo-bellunopress-.jpg","width":512,"height":512,"caption":"Bellunopress"},"image":{"@id":"https:\/\/www.bellunopress.it\/#\/schema\/logo\/image\/"},"sameAs":["https:\/\/www.facebook.com\/profile.php?id=100008943462799","https:\/\/x.com\/bellunopress","https:\/\/www.linkedin.com\/hp\/?dnr=JBzUWaJfMUw8vbXJJ2tVW5-I3jZKvC4wsoxE&amp;amp;amp;amp;amp;amp;trk=nav_responsive_tab_home","https:\/\/www.youtube.com\/channel\/UCxL0wu1uN0_3_7hGG0306cw"]},{"@type":"Person","@id":"https:\/\/www.bellunopress.it\/#\/schema\/person\/79bb06722b37ece1c03d3e94beb30d73","name":"r\u00e9daction","image":{"@type":"ImageObject","inLanguage":"fr-FR","@id":"https:\/\/secure.gravatar.com\/avatar\/37d968a2e67a6fd04c169c4bdef102d0bc5d31b2546345219e348575eb80e9a0?s=96&d=mm&r=g","url":"https:\/\/secure.gravatar.com\/avatar\/37d968a2e67a6fd04c169c4bdef102d0bc5d31b2546345219e348575eb80e9a0?s=96&d=mm&r=g","contentUrl":"https:\/\/secure.gravatar.com\/avatar\/37d968a2e67a6fd04c169c4bdef102d0bc5d31b2546345219e348575eb80e9a0?s=96&d=mm&r=g","caption":"redazione"},"sameAs":["http:\/\/www.bellunopress.it","https:\/\/x.com\/bellunopress"],"url":"https:\/\/www.bellunopress.it\/fr\/author\/redazione\/"}]}},"_links":{"self":[{"href":"https:\/\/www.bellunopress.it\/fr\/wp-json\/wp\/v2\/posts\/107659","targetHints":{"allow":["GET"]}}],"collection":[{"href":"https:\/\/www.bellunopress.it\/fr\/wp-json\/wp\/v2\/posts"}],"about":[{"href":"https:\/\/www.bellunopress.it\/fr\/wp-json\/wp\/v2\/types\/post"}],"author":[{"embeddable":true,"href":"https:\/\/www.bellunopress.it\/fr\/wp-json\/wp\/v2\/users\/2"}],"replies":[{"embeddable":true,"href":"https:\/\/www.bellunopress.it\/fr\/wp-json\/wp\/v2\/comments?post=107659"}],"version-history":[{"count":3,"href":"https:\/\/www.bellunopress.it\/fr\/wp-json\/wp\/v2\/posts\/107659\/revisions"}],"predecessor-version":[{"id":107663,"href":"https:\/\/www.bellunopress.it\/fr\/wp-json\/wp\/v2\/posts\/107659\/revisions\/107663"}],"wp:attachment":[{"href":"https:\/\/www.bellunopress.it\/fr\/wp-json\/wp\/v2\/media?parent=107659"}],"wp:term":[{"taxonomy":"category","embeddable":true,"href":"https:\/\/www.bellunopress.it\/fr\/wp-json\/wp\/v2\/categories?post=107659"},{"taxonomy":"post_tag","embeddable":true,"href":"https:\/\/www.bellunopress.it\/fr\/wp-json\/wp\/v2\/tags?post=107659"}],"curies":[{"name":"wp","href":"https:\/\/api.w.org\/{rel}","templated":true}]}}