{"id":107648,"date":"2019-09-22T09:58:29","date_gmt":"2019-09-22T07:58:29","guid":{"rendered":"http:\/\/www.bellunopress.it\/?p=107648"},"modified":"2019-09-27T16:57:15","modified_gmt":"2019-09-27T14:57:15","slug":"giovedi-in-taverna-ritornano-le-conversazione-di-liberal-belluno-dal-sol-levante-allo-scorrere-del-nilo-con-mario-vattani-diplomatico-e-scrittore-che","status":"publish","type":"post","link":"https:\/\/www.bellunopress.it\/fr\/2019\/09\/22\/giovedi-in-taverna-ritornano-le-conversazione-di-liberal-belluno-dal-sol-levante-allo-scorrere-del-nilo-con-mario-vattani-diplomatico-e-scrittore-che\/","title":{"rendered":"Gioved\u00ec in Taverna ritornano le conversazione di Liberal Belluno. Dal Sol Levante allo scorrere del Nilo con Mario Vattani, diplomatico e scrittore che"},"content":{"rendered":"<p>Ritornano le Conversazioni in Taverna dell&#8217;Associazione Liberal Belluno, presieduta da Rosalba Schenal. Gioved\u00ec 26 settembre 2019, alle ore 18,30 al ristorante La Taverna in via Cipro 7, Belluno si terr\u00e0 l&#8217;incontro con Mario Vattani, diplomatico e scrittore.<\/p>\n<p><a href=\"http:\/\/www.bellunopress.it\/fr\/2017\/09\/17\/porto-marghera-cento-anni-di-storie-1917-2017-conversazioni-in-taverna-giovedi-ore-18-30-via-al-primo-appuntamento-della-stagione-2017-18-di-liberal-belluno\/liberal-conversazioni-in-taverna\/\" rel=\"attachment wp-att-89092\"><img loading=\"lazy\" decoding=\"async\" class=\"alignleft size-full wp-image-89092\" src=\"http:\/\/www.bellunopress.it\/wp-content\/uploads\/2017\/09\/Liberal-conversazioni-in-taverna.jpg\" alt=\"\" width=\"290\" height=\"89\" \/><\/a>Tema della serata &#8220;Dal Sol Levante allo scorrere del Nilo&#8221;, un viaggio estremo e seducente nel nuovo libro di Vattani.<\/p>\n<p>(&#8230;Il sole \u00e8 calato rapidamente. Le ombre si sono allungate, il disco arancione si \u00e8 ingrandito a dismisura accanto al profilo opaco delle piramidi, e poi improvvisamente \u00e8 scomparso nella foschia, appena sopra l&#8217;orizzonte.) Da Al Tayar, La corrente, Mondadori.<\/p>\n<p>Conduce\u00a0Franco Tosolini, ricercatore storico.<\/p>\n<p>&nbsp;<\/p>","protected":false},"excerpt":{"rendered":"<p>Ritornano le Conversazioni in Taverna dell&#8217;Associazione Liberal Belluno, presieduta da Rosalba Schenal. Gioved\u00ec 26 settembre 2019, alle ore 18,30 al ristorante La Taverna in via Cipro 7, Belluno si terr\u00e0 l&#8217;incontro con Mario Vattani, diplomatico e scrittore. Tema della serata &#8220;Dal Sol Levante allo scorrere del Nilo&#8221;, un viaggio estremo e seducente nel nuovo libro [&hellip;]<\/p>\n","protected":false},"author":2,"featured_media":0,"comment_status":"closed","ping_status":"open","sticky":false,"template":"","format":"standard","meta":{"footnotes":""},"categories":[27,3],"tags":[],"class_list":["post-107648","post","type-post","status-publish","format-standard","category-appuntamenti","category-arte-cultura-spettacoli-scienza-archivi"],"yoast_head":"<!-- This site is optimized with the Yoast SEO plugin v28.4 - https:\/\/yoast.com\/product\/yoast-seo-wordpress\/ -->\n<title>Gioved\u00ec in Taverna ritornano le conversazione di Liberal Belluno. Dal Sol Levante allo scorrere del Nilo con Mario Vattani, diplomatico e scrittore che - Bellunopress - Dolomiti<\/title>\n<meta name=\"robots\" content=\"index, follow, max-snippet:-1, max-image-preview:large, max-video-preview:-1\" \/>\n<link rel=\"canonical\" href=\"https:\/\/www.bellunopress.it\/fr\/2019\/09\/22\/giovedi-in-taverna-ritornano-le-conversazione-di-liberal-belluno-dal-sol-levante-allo-scorrere-del-nilo-con-mario-vattani-diplomatico-e-scrittore-che\/\" \/>\n<meta property=\"og:locale\" content=\"fr_FR\" \/>\n<meta property=\"og:type\" content=\"article\" \/>\n<meta property=\"og:title\" content=\"Gioved\u00ec in Taverna ritornano le conversazione di Liberal Belluno. Dal Sol Levante allo scorrere del Nilo con Mario Vattani, diplomatico e scrittore che - Bellunopress - Dolomiti\" \/>\n<meta property=\"og:description\" content=\"Ritornano le Conversazioni in Taverna dell&#8217;Associazione Liberal Belluno, presieduta da Rosalba Schenal. Gioved\u00ec 26 settembre 2019, alle ore 18,30 al ristorante La Taverna in via Cipro 7, Belluno si terr\u00e0 l&#8217;incontro con Mario Vattani, diplomatico e scrittore. Tema della serata &#8220;Dal Sol Levante allo scorrere del Nilo&#8221;, un viaggio estremo e seducente nel nuovo libro [&hellip;]\" \/>\n<meta property=\"og:url\" content=\"https:\/\/www.bellunopress.it\/fr\/2019\/09\/22\/giovedi-in-taverna-ritornano-le-conversazione-di-liberal-belluno-dal-sol-levante-allo-scorrere-del-nilo-con-mario-vattani-diplomatico-e-scrittore-che\/\" \/>\n<meta property=\"og:site_name\" content=\"Bellunopress - Dolomiti\" \/>\n<meta property=\"article:publisher\" content=\"https:\/\/www.facebook.com\/profile.php?id=100008943462799\" \/>\n<meta property=\"article:published_time\" content=\"2019-09-22T07:58:29+00:00\" \/>\n<meta property=\"article:modified_time\" content=\"2019-09-27T14:57:15+00:00\" \/>\n<meta property=\"og:image\" content=\"http:\/\/www.bellunopress.it\/wp-content\/uploads\/2017\/09\/Liberal-conversazioni-in-taverna.jpg\" \/>\n<meta name=\"author\" content=\"redazione\" \/>\n<meta name=\"twitter:card\" content=\"summary_large_image\" \/>\n<meta name=\"twitter:creator\" content=\"@bellunopress\" \/>\n<meta name=\"twitter:site\" content=\"@bellunopress\" \/>\n<meta name=\"twitter:label1\" content=\"\u00c9crit par\" \/>\n\t<meta name=\"twitter:data1\" content=\"redazione\" \/>\n<script type=\"application\/ld+json\" class=\"yoast-schema-graph\">{\"@context\":\"https:\\\/\\\/schema.org\",\"@graph\":[{\"@type\":\"Article\",\"@id\":\"https:\\\/\\\/www.bellunopress.it\\\/2019\\\/09\\\/22\\\/giovedi-in-taverna-ritornano-le-conversazione-di-liberal-belluno-dal-sol-levante-allo-scorrere-del-nilo-con-mario-vattani-diplomatico-e-scrittore-che\\\/#article\",\"isPartOf\":{\"@id\":\"https:\\\/\\\/www.bellunopress.it\\\/2019\\\/09\\\/22\\\/giovedi-in-taverna-ritornano-le-conversazione-di-liberal-belluno-dal-sol-levante-allo-scorrere-del-nilo-con-mario-vattani-diplomatico-e-scrittore-che\\\/\"},\"author\":{\"name\":\"redazione\",\"@id\":\"https:\\\/\\\/www.bellunopress.it\\\/#\\\/schema\\\/person\\\/79bb06722b37ece1c03d3e94beb30d73\"},\"headline\":\"Gioved\u00ec in Taverna ritornano le conversazione di Liberal Belluno. Dal Sol Levante allo scorrere del Nilo con Mario Vattani, diplomatico e scrittore che\",\"datePublished\":\"2019-09-22T07:58:29+00:00\",\"dateModified\":\"2019-09-27T14:57:15+00:00\",\"mainEntityOfPage\":{\"@id\":\"https:\\\/\\\/www.bellunopress.it\\\/2019\\\/09\\\/22\\\/giovedi-in-taverna-ritornano-le-conversazione-di-liberal-belluno-dal-sol-levante-allo-scorrere-del-nilo-con-mario-vattani-diplomatico-e-scrittore-che\\\/\"},\"wordCount\":122,\"publisher\":{\"@id\":\"https:\\\/\\\/www.bellunopress.it\\\/#organization\"},\"image\":{\"@id\":\"https:\\\/\\\/www.bellunopress.it\\\/2019\\\/09\\\/22\\\/giovedi-in-taverna-ritornano-le-conversazione-di-liberal-belluno-dal-sol-levante-allo-scorrere-del-nilo-con-mario-vattani-diplomatico-e-scrittore-che\\\/#primaryimage\"},\"thumbnailUrl\":\"http:\\\/\\\/www.bellunopress.it\\\/wp-content\\\/uploads\\\/2017\\\/09\\\/Liberal-conversazioni-in-taverna.jpg\",\"articleSection\":[\"Appuntamenti, Eventi\",\"Arte, Cultura, Spettacoli, Scienza\"],\"inLanguage\":\"fr-FR\"},{\"@type\":\"WebPage\",\"@id\":\"https:\\\/\\\/www.bellunopress.it\\\/2019\\\/09\\\/22\\\/giovedi-in-taverna-ritornano-le-conversazione-di-liberal-belluno-dal-sol-levante-allo-scorrere-del-nilo-con-mario-vattani-diplomatico-e-scrittore-che\\\/\",\"url\":\"https:\\\/\\\/www.bellunopress.it\\\/2019\\\/09\\\/22\\\/giovedi-in-taverna-ritornano-le-conversazione-di-liberal-belluno-dal-sol-levante-allo-scorrere-del-nilo-con-mario-vattani-diplomatico-e-scrittore-che\\\/\",\"name\":\"Gioved\u00ec in Taverna ritornano le conversazione di Liberal Belluno. Dal Sol Levante allo scorrere del Nilo con Mario Vattani, diplomatico e scrittore che - Bellunopress - Dolomiti\",\"isPartOf\":{\"@id\":\"https:\\\/\\\/www.bellunopress.it\\\/#website\"},\"primaryImageOfPage\":{\"@id\":\"https:\\\/\\\/www.bellunopress.it\\\/2019\\\/09\\\/22\\\/giovedi-in-taverna-ritornano-le-conversazione-di-liberal-belluno-dal-sol-levante-allo-scorrere-del-nilo-con-mario-vattani-diplomatico-e-scrittore-che\\\/#primaryimage\"},\"image\":{\"@id\":\"https:\\\/\\\/www.bellunopress.it\\\/2019\\\/09\\\/22\\\/giovedi-in-taverna-ritornano-le-conversazione-di-liberal-belluno-dal-sol-levante-allo-scorrere-del-nilo-con-mario-vattani-diplomatico-e-scrittore-che\\\/#primaryimage\"},\"thumbnailUrl\":\"http:\\\/\\\/www.bellunopress.it\\\/wp-content\\\/uploads\\\/2017\\\/09\\\/Liberal-conversazioni-in-taverna.jpg\",\"datePublished\":\"2019-09-22T07:58:29+00:00\",\"dateModified\":\"2019-09-27T14:57:15+00:00\",\"breadcrumb\":{\"@id\":\"https:\\\/\\\/www.bellunopress.it\\\/2019\\\/09\\\/22\\\/giovedi-in-taverna-ritornano-le-conversazione-di-liberal-belluno-dal-sol-levante-allo-scorrere-del-nilo-con-mario-vattani-diplomatico-e-scrittore-che\\\/#breadcrumb\"},\"inLanguage\":\"fr-FR\",\"potentialAction\":[{\"@type\":\"ReadAction\",\"target\":[\"https:\\\/\\\/www.bellunopress.it\\\/2019\\\/09\\\/22\\\/giovedi-in-taverna-ritornano-le-conversazione-di-liberal-belluno-dal-sol-levante-allo-scorrere-del-nilo-con-mario-vattani-diplomatico-e-scrittore-che\\\/\"]}]},{\"@type\":\"ImageObject\",\"inLanguage\":\"fr-FR\",\"@id\":\"https:\\\/\\\/www.bellunopress.it\\\/2019\\\/09\\\/22\\\/giovedi-in-taverna-ritornano-le-conversazione-di-liberal-belluno-dal-sol-levante-allo-scorrere-del-nilo-con-mario-vattani-diplomatico-e-scrittore-che\\\/#primaryimage\",\"url\":\"http:\\\/\\\/www.bellunopress.it\\\/wp-content\\\/uploads\\\/2017\\\/09\\\/Liberal-conversazioni-in-taverna.jpg\",\"contentUrl\":\"http:\\\/\\\/www.bellunopress.it\\\/wp-content\\\/uploads\\\/2017\\\/09\\\/Liberal-conversazioni-in-taverna.jpg\"},{\"@type\":\"BreadcrumbList\",\"@id\":\"https:\\\/\\\/www.bellunopress.it\\\/2019\\\/09\\\/22\\\/giovedi-in-taverna-ritornano-le-conversazione-di-liberal-belluno-dal-sol-levante-allo-scorrere-del-nilo-con-mario-vattani-diplomatico-e-scrittore-che\\\/#breadcrumb\",\"itemListElement\":[{\"@type\":\"ListItem\",\"position\":1,\"name\":\"Home\",\"item\":\"https:\\\/\\\/www.bellunopress.it\\\/\"},{\"@type\":\"ListItem\",\"position\":2,\"name\":\"Gioved\u00ec in Taverna ritornano le conversazione di Liberal Belluno. Dal Sol Levante allo scorrere del Nilo con Mario Vattani, diplomatico e scrittore che\"}]},{\"@type\":\"WebSite\",\"@id\":\"https:\\\/\\\/www.bellunopress.it\\\/#website\",\"url\":\"https:\\\/\\\/www.bellunopress.it\\\/\",\"name\":\"Bellunopress - Dolomiti\",\"description\":\"e-mail: redazione@bellunopress.it\",\"publisher\":{\"@id\":\"https:\\\/\\\/www.bellunopress.it\\\/#organization\"},\"potentialAction\":[{\"@type\":\"SearchAction\",\"target\":{\"@type\":\"EntryPoint\",\"urlTemplate\":\"https:\\\/\\\/www.bellunopress.it\\\/?s={search_term_string}\"},\"query-input\":{\"@type\":\"PropertyValueSpecification\",\"valueRequired\":true,\"valueName\":\"search_term_string\"}}],\"inLanguage\":\"fr-FR\"},{\"@type\":\"Organization\",\"@id\":\"https:\\\/\\\/www.bellunopress.it\\\/#organization\",\"name\":\"Bellunopress\",\"url\":\"https:\\\/\\\/www.bellunopress.it\\\/\",\"logo\":{\"@type\":\"ImageObject\",\"inLanguage\":\"fr-FR\",\"@id\":\"https:\\\/\\\/www.bellunopress.it\\\/#\\\/schema\\\/logo\\\/image\\\/\",\"url\":\"https:\\\/\\\/www.bellunopress.it\\\/wp-content\\\/uploads\\\/2011\\\/05\\\/cropped-logo-bellunopress-.jpg\",\"contentUrl\":\"https:\\\/\\\/www.bellunopress.it\\\/wp-content\\\/uploads\\\/2011\\\/05\\\/cropped-logo-bellunopress-.jpg\",\"width\":512,\"height\":512,\"caption\":\"Bellunopress\"},\"image\":{\"@id\":\"https:\\\/\\\/www.bellunopress.it\\\/#\\\/schema\\\/logo\\\/image\\\/\"},\"sameAs\":[\"https:\\\/\\\/www.facebook.com\\\/profile.php?id=100008943462799\",\"https:\\\/\\\/x.com\\\/bellunopress\",\"https:\\\/\\\/www.linkedin.com\\\/hp\\\/?dnr=JBzUWaJfMUw8vbXJJ2tVW5-I3jZKvC4wsoxE&amp;amp;amp;amp;amp;amp;trk=nav_responsive_tab_home\",\"https:\\\/\\\/www.youtube.com\\\/channel\\\/UCxL0wu1uN0_3_7hGG0306cw\"]},{\"@type\":\"Person\",\"@id\":\"https:\\\/\\\/www.bellunopress.it\\\/#\\\/schema\\\/person\\\/79bb06722b37ece1c03d3e94beb30d73\",\"name\":\"redazione\",\"image\":{\"@type\":\"ImageObject\",\"inLanguage\":\"fr-FR\",\"@id\":\"https:\\\/\\\/secure.gravatar.com\\\/avatar\\\/37d968a2e67a6fd04c169c4bdef102d0bc5d31b2546345219e348575eb80e9a0?s=96&d=mm&r=g\",\"url\":\"https:\\\/\\\/secure.gravatar.com\\\/avatar\\\/37d968a2e67a6fd04c169c4bdef102d0bc5d31b2546345219e348575eb80e9a0?s=96&d=mm&r=g\",\"contentUrl\":\"https:\\\/\\\/secure.gravatar.com\\\/avatar\\\/37d968a2e67a6fd04c169c4bdef102d0bc5d31b2546345219e348575eb80e9a0?s=96&d=mm&r=g\",\"caption\":\"redazione\"},\"sameAs\":[\"http:\\\/\\\/www.bellunopress.it\",\"https:\\\/\\\/x.com\\\/bellunopress\"],\"url\":\"https:\\\/\\\/www.bellunopress.it\\\/fr\\\/author\\\/redazione\\\/\"}]}<\/script>\n<!-- \/ Yoast SEO plugin. -->","yoast_head_json":{"title":"Gioved\u00ec in Taverna ritornano le conversazione di Liberal Belluno. Dal Sol Levante allo scorrere del Nilo con Mario Vattani, diplomatico e scrittore che - Bellunopress - Dolomiti","robots":{"index":"index","follow":"follow","max-snippet":"max-snippet:-1","max-image-preview":"max-image-preview:large","max-video-preview":"max-video-preview:-1"},"canonical":"https:\/\/www.bellunopress.it\/fr\/2019\/09\/22\/giovedi-in-taverna-ritornano-le-conversazione-di-liberal-belluno-dal-sol-levante-allo-scorrere-del-nilo-con-mario-vattani-diplomatico-e-scrittore-che\/","og_locale":"fr_FR","og_type":"article","og_title":"Gioved\u00ec in Taverna ritornano le conversazione di Liberal Belluno. Dal Sol Levante allo scorrere del Nilo con Mario Vattani, diplomatico e scrittore che - Bellunopress - Dolomiti","og_description":"Ritornano le Conversazioni in Taverna dell&#8217;Associazione Liberal Belluno, presieduta da Rosalba Schenal. Gioved\u00ec 26 settembre 2019, alle ore 18,30 al ristorante La Taverna in via Cipro 7, Belluno si terr\u00e0 l&#8217;incontro con Mario Vattani, diplomatico e scrittore. Tema della serata &#8220;Dal Sol Levante allo scorrere del Nilo&#8221;, un viaggio estremo e seducente nel nuovo libro [&hellip;]","og_url":"https:\/\/www.bellunopress.it\/fr\/2019\/09\/22\/giovedi-in-taverna-ritornano-le-conversazione-di-liberal-belluno-dal-sol-levante-allo-scorrere-del-nilo-con-mario-vattani-diplomatico-e-scrittore-che\/","og_site_name":"Bellunopress - Dolomiti","article_publisher":"https:\/\/www.facebook.com\/profile.php?id=100008943462799","article_published_time":"2019-09-22T07:58:29+00:00","article_modified_time":"2019-09-27T14:57:15+00:00","og_image":[{"url":"http:\/\/www.bellunopress.it\/wp-content\/uploads\/2017\/09\/Liberal-conversazioni-in-taverna.jpg","type":"","width":"","height":""}],"author":"redazione","twitter_card":"summary_large_image","twitter_creator":"@bellunopress","twitter_site":"@bellunopress","twitter_misc":{"\u00c9crit par":"redazione"},"schema":{"@context":"https:\/\/schema.org","@graph":[{"@type":"Article","@id":"https:\/\/www.bellunopress.it\/2019\/09\/22\/giovedi-in-taverna-ritornano-le-conversazione-di-liberal-belluno-dal-sol-levante-allo-scorrere-del-nilo-con-mario-vattani-diplomatico-e-scrittore-che\/#article","isPartOf":{"@id":"https:\/\/www.bellunopress.it\/2019\/09\/22\/giovedi-in-taverna-ritornano-le-conversazione-di-liberal-belluno-dal-sol-levante-allo-scorrere-del-nilo-con-mario-vattani-diplomatico-e-scrittore-che\/"},"author":{"name":"redazione","@id":"https:\/\/www.bellunopress.it\/#\/schema\/person\/79bb06722b37ece1c03d3e94beb30d73"},"headline":"Gioved\u00ec in Taverna ritornano le conversazione di Liberal Belluno. Dal Sol Levante allo scorrere del Nilo con Mario Vattani, diplomatico e scrittore che","datePublished":"2019-09-22T07:58:29+00:00","dateModified":"2019-09-27T14:57:15+00:00","mainEntityOfPage":{"@id":"https:\/\/www.bellunopress.it\/2019\/09\/22\/giovedi-in-taverna-ritornano-le-conversazione-di-liberal-belluno-dal-sol-levante-allo-scorrere-del-nilo-con-mario-vattani-diplomatico-e-scrittore-che\/"},"wordCount":122,"publisher":{"@id":"https:\/\/www.bellunopress.it\/#organization"},"image":{"@id":"https:\/\/www.bellunopress.it\/2019\/09\/22\/giovedi-in-taverna-ritornano-le-conversazione-di-liberal-belluno-dal-sol-levante-allo-scorrere-del-nilo-con-mario-vattani-diplomatico-e-scrittore-che\/#primaryimage"},"thumbnailUrl":"http:\/\/www.bellunopress.it\/wp-content\/uploads\/2017\/09\/Liberal-conversazioni-in-taverna.jpg","articleSection":["Appuntamenti, Eventi","Arte, Cultura, Spettacoli, Scienza"],"inLanguage":"fr-FR"},{"@type":"WebPage","@id":"https:\/\/www.bellunopress.it\/2019\/09\/22\/giovedi-in-taverna-ritornano-le-conversazione-di-liberal-belluno-dal-sol-levante-allo-scorrere-del-nilo-con-mario-vattani-diplomatico-e-scrittore-che\/","url":"https:\/\/www.bellunopress.it\/2019\/09\/22\/giovedi-in-taverna-ritornano-le-conversazione-di-liberal-belluno-dal-sol-levante-allo-scorrere-del-nilo-con-mario-vattani-diplomatico-e-scrittore-che\/","name":"Gioved\u00ec in Taverna ritornano le conversazione di Liberal Belluno. Dal Sol Levante allo scorrere del Nilo con Mario Vattani, diplomatico e scrittore che - Bellunopress - Dolomiti","isPartOf":{"@id":"https:\/\/www.bellunopress.it\/#website"},"primaryImageOfPage":{"@id":"https:\/\/www.bellunopress.it\/2019\/09\/22\/giovedi-in-taverna-ritornano-le-conversazione-di-liberal-belluno-dal-sol-levante-allo-scorrere-del-nilo-con-mario-vattani-diplomatico-e-scrittore-che\/#primaryimage"},"image":{"@id":"https:\/\/www.bellunopress.it\/2019\/09\/22\/giovedi-in-taverna-ritornano-le-conversazione-di-liberal-belluno-dal-sol-levante-allo-scorrere-del-nilo-con-mario-vattani-diplomatico-e-scrittore-che\/#primaryimage"},"thumbnailUrl":"http:\/\/www.bellunopress.it\/wp-content\/uploads\/2017\/09\/Liberal-conversazioni-in-taverna.jpg","datePublished":"2019-09-22T07:58:29+00:00","dateModified":"2019-09-27T14:57:15+00:00","breadcrumb":{"@id":"https:\/\/www.bellunopress.it\/2019\/09\/22\/giovedi-in-taverna-ritornano-le-conversazione-di-liberal-belluno-dal-sol-levante-allo-scorrere-del-nilo-con-mario-vattani-diplomatico-e-scrittore-che\/#breadcrumb"},"inLanguage":"fr-FR","potentialAction":[{"@type":"ReadAction","target":["https:\/\/www.bellunopress.it\/2019\/09\/22\/giovedi-in-taverna-ritornano-le-conversazione-di-liberal-belluno-dal-sol-levante-allo-scorrere-del-nilo-con-mario-vattani-diplomatico-e-scrittore-che\/"]}]},{"@type":"ImageObject","inLanguage":"fr-FR","@id":"https:\/\/www.bellunopress.it\/2019\/09\/22\/giovedi-in-taverna-ritornano-le-conversazione-di-liberal-belluno-dal-sol-levante-allo-scorrere-del-nilo-con-mario-vattani-diplomatico-e-scrittore-che\/#primaryimage","url":"http:\/\/www.bellunopress.it\/wp-content\/uploads\/2017\/09\/Liberal-conversazioni-in-taverna.jpg","contentUrl":"http:\/\/www.bellunopress.it\/wp-content\/uploads\/2017\/09\/Liberal-conversazioni-in-taverna.jpg"},{"@type":"BreadcrumbList","@id":"https:\/\/www.bellunopress.it\/2019\/09\/22\/giovedi-in-taverna-ritornano-le-conversazione-di-liberal-belluno-dal-sol-levante-allo-scorrere-del-nilo-con-mario-vattani-diplomatico-e-scrittore-che\/#breadcrumb","itemListElement":[{"@type":"ListItem","position":1,"name":"Home","item":"https:\/\/www.bellunopress.it\/"},{"@type":"ListItem","position":2,"name":"Gioved\u00ec in Taverna ritornano le conversazione di Liberal Belluno. Dal Sol Levante allo scorrere del Nilo con Mario Vattani, diplomatico e scrittore che"}]},{"@type":"WebSite","@id":"https:\/\/www.bellunopress.it\/#website","url":"https:\/\/www.bellunopress.it\/","name":"Bellunopress - Dolomiti","description":"e-mail: redazione@bellunopress.it","publisher":{"@id":"https:\/\/www.bellunopress.it\/#organization"},"potentialAction":[{"@type":"SearchAction","target":{"@type":"EntryPoint","urlTemplate":"https:\/\/www.bellunopress.it\/?s={search_term_string}"},"query-input":{"@type":"PropertyValueSpecification","valueRequired":true,"valueName":"search_term_string"}}],"inLanguage":"fr-FR"},{"@type":"Organization","@id":"https:\/\/www.bellunopress.it\/#organization","name":"Bellunopress","url":"https:\/\/www.bellunopress.it\/","logo":{"@type":"ImageObject","inLanguage":"fr-FR","@id":"https:\/\/www.bellunopress.it\/#\/schema\/logo\/image\/","url":"https:\/\/www.bellunopress.it\/wp-content\/uploads\/2011\/05\/cropped-logo-bellunopress-.jpg","contentUrl":"https:\/\/www.bellunopress.it\/wp-content\/uploads\/2011\/05\/cropped-logo-bellunopress-.jpg","width":512,"height":512,"caption":"Bellunopress"},"image":{"@id":"https:\/\/www.bellunopress.it\/#\/schema\/logo\/image\/"},"sameAs":["https:\/\/www.facebook.com\/profile.php?id=100008943462799","https:\/\/x.com\/bellunopress","https:\/\/www.linkedin.com\/hp\/?dnr=JBzUWaJfMUw8vbXJJ2tVW5-I3jZKvC4wsoxE&amp;amp;amp;amp;amp;amp;trk=nav_responsive_tab_home","https:\/\/www.youtube.com\/channel\/UCxL0wu1uN0_3_7hGG0306cw"]},{"@type":"Person","@id":"https:\/\/www.bellunopress.it\/#\/schema\/person\/79bb06722b37ece1c03d3e94beb30d73","name":"r\u00e9daction","image":{"@type":"ImageObject","inLanguage":"fr-FR","@id":"https:\/\/secure.gravatar.com\/avatar\/37d968a2e67a6fd04c169c4bdef102d0bc5d31b2546345219e348575eb80e9a0?s=96&d=mm&r=g","url":"https:\/\/secure.gravatar.com\/avatar\/37d968a2e67a6fd04c169c4bdef102d0bc5d31b2546345219e348575eb80e9a0?s=96&d=mm&r=g","contentUrl":"https:\/\/secure.gravatar.com\/avatar\/37d968a2e67a6fd04c169c4bdef102d0bc5d31b2546345219e348575eb80e9a0?s=96&d=mm&r=g","caption":"redazione"},"sameAs":["http:\/\/www.bellunopress.it","https:\/\/x.com\/bellunopress"],"url":"https:\/\/www.bellunopress.it\/fr\/author\/redazione\/"}]}},"_links":{"self":[{"href":"https:\/\/www.bellunopress.it\/fr\/wp-json\/wp\/v2\/posts\/107648","targetHints":{"allow":["GET"]}}],"collection":[{"href":"https:\/\/www.bellunopress.it\/fr\/wp-json\/wp\/v2\/posts"}],"about":[{"href":"https:\/\/www.bellunopress.it\/fr\/wp-json\/wp\/v2\/types\/post"}],"author":[{"embeddable":true,"href":"https:\/\/www.bellunopress.it\/fr\/wp-json\/wp\/v2\/users\/2"}],"replies":[{"embeddable":true,"href":"https:\/\/www.bellunopress.it\/fr\/wp-json\/wp\/v2\/comments?post=107648"}],"version-history":[{"count":1,"href":"https:\/\/www.bellunopress.it\/fr\/wp-json\/wp\/v2\/posts\/107648\/revisions"}],"predecessor-version":[{"id":107649,"href":"https:\/\/www.bellunopress.it\/fr\/wp-json\/wp\/v2\/posts\/107648\/revisions\/107649"}],"wp:attachment":[{"href":"https:\/\/www.bellunopress.it\/fr\/wp-json\/wp\/v2\/media?parent=107648"}],"wp:term":[{"taxonomy":"category","embeddable":true,"href":"https:\/\/www.bellunopress.it\/fr\/wp-json\/wp\/v2\/categories?post=107648"},{"taxonomy":"post_tag","embeddable":true,"href":"https:\/\/www.bellunopress.it\/fr\/wp-json\/wp\/v2\/tags?post=107648"}],"curies":[{"name":"wp","href":"https:\/\/api.w.org\/{rel}","templated":true}]}}