{"id":107646,"date":"2019-09-08T09:51:45","date_gmt":"2019-09-08T07:51:45","guid":{"rendered":"http:\/\/www.bellunopress.it\/?p=107646"},"modified":"2019-09-06T09:53:33","modified_gmt":"2019-09-06T07:53:33","slug":"angelo-branduardi-a-belluno-in-scena-il-menestrello-della-canzone-italiana-venerdi-29-novembre-2019-alle-21-al-teatro-comunale-aperte-le-prevendite","status":"publish","type":"post","link":"https:\/\/www.bellunopress.it\/fr\/2019\/09\/08\/angelo-branduardi-a-belluno-in-scena-il-menestrello-della-canzone-italiana-venerdi-29-novembre-2019-alle-21-al-teatro-comunale-aperte-le-prevendite\/","title":{"rendered":"Angelo Branduardi a Belluno. In scena il menestrello della canzone italiana.\u00a0Venerd\u00ec 29 novembre 2019 alle 21 al Teatro Comunale. Aperte le prevendite"},"content":{"rendered":"<p>Venerd\u00ec 29 novembre alle 21 Veneto Jazz porta al Teatro Comunale di Belluno una nuova tappa dell'&#8221;Hits Tour&#8221; di Angelo Branduardi, accompagnato da Fabio Valdemarin alle tastiere, Antonello D&#8217;Urso alle chitarre, Stefano Olivato al basso e Davide Ragazzoni alla batteria.<\/p>\n<figure id=\"attachment_104120\" aria-describedby=\"caption-attachment-104120\" style=\"width: 300px\" class=\"wp-caption alignleft\"><a href=\"http:\/\/www.bellunopress.it\/fr\/2019\/04\/29\/giovedi-9-maggio-gli-abbadreams-al-comunale-di-belluno-per-la-rassegna-parole-e-pensieri\/rbsh\/\" rel=\"attachment wp-att-104120\"><img loading=\"lazy\" decoding=\"async\" class=\"size-full wp-image-104120\" src=\"http:\/\/www.bellunopress.it\/wp-content\/uploads\/2019\/04\/teatro-comunale.jpg\" alt=\"\" width=\"300\" height=\"226\" \/><\/a><figcaption id=\"caption-attachment-104120\" class=\"wp-caption-text\">Teatro Comunale di Belluno<\/figcaption><\/figure>\n<p>Il &#8220;menestrello italiano&#8221; gi\u00e0 da tempo asseconda la sua versatilit\u00e0 in campo musicale, presentandosi al pubblico con concerti basati su diverse formazioni. Pu\u00f2 cos\u00ec passare con grande facilit\u00e0 dall&#8217;esecuzione in duo del repertorio di musica del passato, che fa parte della sua collana &#8220;Futuro Antico&#8221;, alla classica formazione folk-rock, con basso e batteria.<\/p>\n<p>Se nel primo caso si assiste ad un concerto all&#8217;insegna del &#8220;meno c&#8217;\u00e8 pi\u00f9 c&#8217;\u00e8&#8221;, un viaggio intimo alla &#8220;ricerca della magia dei suoni&#8221;, nel secondo caso l&#8217;artista ripercorre tutta la sua travolgente e lunga carriera, costellata da grandi successi.<\/p>\n<p>Angelo Branduardi riporta sul palco quel mondo musicale e creativo che, attingendo dalle leggende popolari e dai suoni del passato, lo ha reso unico sulla scena musicale italiana e internazionale.<\/p>\n<p>Il &#8220;violinista che per combinazione ha scritto anche parole e musica&#8221;, come ama definirsi lui stesso, torna dunque sulle scene mettendo in scaletta i brani pi\u00f9 amati del suo repertorio, da &#8220;Si pu\u00f2 fare&#8221; a &#8220;Confessioni di un malandrino&#8221;, da &#8220;La pulce d&#8217;acqua&#8221; all&#8217;immortale &#8220;Alla Fiera dell&#8217;Est&#8221;. Tutti grandi successi che hanno arricchito gli ultimi 40 anni di musica italiana.<\/p>\n<p>Biglietti:<br \/>\nPlatea 42 \u20ac + diritti di prevendita<br \/>\nGalleria 36 \u20ac + diritti di prevendita<br \/>\nLoggione non numerato 28 \u20ac + diritti di prevendita<\/p>\n<p>Prevendite:<br \/>\nTicketone \u2013 on line e punti vendita<br \/>\nGeticket \u2013 on line e punti vendita<\/p>\n<p>Biglietteria Teatro Comunale di Belluno:<\/p>\n<blockquote class=\"wp-embedded-content\" data-secret=\"6ohiqCSTeu\"><p><a href=\"http:\/\/www.fondazioneteatridolomiti.it\/biglietterie\/\">BIGLIETTERIE<\/a><\/p><\/blockquote>\n<p><iframe loading=\"lazy\" title=\"&#8220;BIGLIETTERIE&#8221; &#8212; Fondazione Teatri delle Dolomiti\" class=\"wp-embedded-content\" sandbox=\"allow-scripts\" security=\"restricted\" style=\"position: absolute; clip: rect(1px, 1px, 1px, 1px);\" src=\"http:\/\/www.fondazioneteatridolomiti.it\/biglietterie\/embed\/#?secret=6ohiqCSTeu\" data-secret=\"6ohiqCSTeu\" width=\"600\" height=\"338\" frameborder=\"0\" marginwidth=\"0\" marginheight=\"0\" scrolling=\"no\"><\/iframe><\/p>","protected":false},"excerpt":{"rendered":"<p>Venerd\u00ec 29 novembre alle 21 Veneto Jazz porta al Teatro Comunale di Belluno una nuova tappa dell&#8217;&#8221;Hits Tour&#8221; di Angelo Branduardi, accompagnato da Fabio Valdemarin alle tastiere, Antonello D&#8217;Urso alle chitarre, Stefano Olivato al basso e Davide Ragazzoni alla batteria. Il &#8220;menestrello italiano&#8221; gi\u00e0 da tempo asseconda la sua versatilit\u00e0 in campo musicale, presentandosi al [&hellip;]<\/p>\n","protected":false},"author":2,"featured_media":0,"comment_status":"closed","ping_status":"open","sticky":false,"template":"","format":"standard","meta":{"footnotes":""},"categories":[27,3,25],"tags":[],"class_list":["post-107646","post","type-post","status-publish","format-standard","category-appuntamenti","category-arte-cultura-spettacoli-scienza-archivi","category-pausa-caffe"],"yoast_head":"<!-- This site is optimized with the Yoast SEO plugin v28.4 - https:\/\/yoast.com\/product\/yoast-seo-wordpress\/ -->\n<title>Angelo Branduardi a Belluno. In scena il menestrello della canzone italiana.\u00a0Venerd\u00ec 29 novembre 2019 alle 21 al Teatro Comunale. Aperte le prevendite - Bellunopress - Dolomiti<\/title>\n<meta name=\"robots\" content=\"index, follow, max-snippet:-1, max-image-preview:large, max-video-preview:-1\" \/>\n<link rel=\"canonical\" href=\"https:\/\/www.bellunopress.it\/fr\/2019\/09\/08\/angelo-branduardi-a-belluno-in-scena-il-menestrello-della-canzone-italiana-venerdi-29-novembre-2019-alle-21-al-teatro-comunale-aperte-le-prevendite\/\" \/>\n<meta property=\"og:locale\" content=\"fr_FR\" \/>\n<meta property=\"og:type\" content=\"article\" \/>\n<meta property=\"og:title\" content=\"Angelo Branduardi a Belluno. In scena il menestrello della canzone italiana.\u00a0Venerd\u00ec 29 novembre 2019 alle 21 al Teatro Comunale. Aperte le prevendite - Bellunopress - Dolomiti\" \/>\n<meta property=\"og:description\" content=\"Venerd\u00ec 29 novembre alle 21 Veneto Jazz porta al Teatro Comunale di Belluno una nuova tappa dell&#039;&#8221;Hits Tour&#8221; di Angelo Branduardi, accompagnato da Fabio Valdemarin alle tastiere, Antonello D&#8217;Urso alle chitarre, Stefano Olivato al basso e Davide Ragazzoni alla batteria. Il &#8220;menestrello italiano&#8221; gi\u00e0 da tempo asseconda la sua versatilit\u00e0 in campo musicale, presentandosi al [&hellip;]\" \/>\n<meta property=\"og:url\" content=\"https:\/\/www.bellunopress.it\/fr\/2019\/09\/08\/angelo-branduardi-a-belluno-in-scena-il-menestrello-della-canzone-italiana-venerdi-29-novembre-2019-alle-21-al-teatro-comunale-aperte-le-prevendite\/\" \/>\n<meta property=\"og:site_name\" content=\"Bellunopress - Dolomiti\" \/>\n<meta property=\"article:publisher\" content=\"https:\/\/www.facebook.com\/profile.php?id=100008943462799\" \/>\n<meta property=\"article:published_time\" content=\"2019-09-08T07:51:45+00:00\" \/>\n<meta property=\"og:image\" content=\"http:\/\/www.bellunopress.it\/wp-content\/uploads\/2019\/04\/teatro-comunale.jpg\" \/>\n<meta name=\"author\" content=\"redazione\" \/>\n<meta name=\"twitter:card\" content=\"summary_large_image\" \/>\n<meta name=\"twitter:creator\" content=\"@bellunopress\" \/>\n<meta name=\"twitter:site\" content=\"@bellunopress\" \/>\n<meta name=\"twitter:label1\" content=\"\u00c9crit par\" \/>\n\t<meta name=\"twitter:data1\" content=\"redazione\" \/>\n\t<meta name=\"twitter:label2\" content=\"Dur\u00e9e de lecture estim\u00e9e\" \/>\n\t<meta name=\"twitter:data2\" content=\"1 minute\" \/>\n<script type=\"application\/ld+json\" class=\"yoast-schema-graph\">{\"@context\":\"https:\\\/\\\/schema.org\",\"@graph\":[{\"@type\":\"Article\",\"@id\":\"https:\\\/\\\/www.bellunopress.it\\\/2019\\\/09\\\/08\\\/angelo-branduardi-a-belluno-in-scena-il-menestrello-della-canzone-italiana-venerdi-29-novembre-2019-alle-21-al-teatro-comunale-aperte-le-prevendite\\\/#article\",\"isPartOf\":{\"@id\":\"https:\\\/\\\/www.bellunopress.it\\\/2019\\\/09\\\/08\\\/angelo-branduardi-a-belluno-in-scena-il-menestrello-della-canzone-italiana-venerdi-29-novembre-2019-alle-21-al-teatro-comunale-aperte-le-prevendite\\\/\"},\"author\":{\"name\":\"redazione\",\"@id\":\"https:\\\/\\\/www.bellunopress.it\\\/#\\\/schema\\\/person\\\/79bb06722b37ece1c03d3e94beb30d73\"},\"headline\":\"Angelo Branduardi a Belluno. In scena il menestrello della canzone italiana.\u00a0Venerd\u00ec 29 novembre 2019 alle 21 al Teatro Comunale. Aperte le prevendite\",\"datePublished\":\"2019-09-08T07:51:45+00:00\",\"mainEntityOfPage\":{\"@id\":\"https:\\\/\\\/www.bellunopress.it\\\/2019\\\/09\\\/08\\\/angelo-branduardi-a-belluno-in-scena-il-menestrello-della-canzone-italiana-venerdi-29-novembre-2019-alle-21-al-teatro-comunale-aperte-le-prevendite\\\/\"},\"wordCount\":297,\"publisher\":{\"@id\":\"https:\\\/\\\/www.bellunopress.it\\\/#organization\"},\"image\":{\"@id\":\"https:\\\/\\\/www.bellunopress.it\\\/2019\\\/09\\\/08\\\/angelo-branduardi-a-belluno-in-scena-il-menestrello-della-canzone-italiana-venerdi-29-novembre-2019-alle-21-al-teatro-comunale-aperte-le-prevendite\\\/#primaryimage\"},\"thumbnailUrl\":\"http:\\\/\\\/www.bellunopress.it\\\/wp-content\\\/uploads\\\/2019\\\/04\\\/teatro-comunale.jpg\",\"articleSection\":[\"Appuntamenti, Eventi\",\"Arte, Cultura, Spettacoli, Scienza\",\"Pausa Caff\u00e8\"],\"inLanguage\":\"fr-FR\"},{\"@type\":\"WebPage\",\"@id\":\"https:\\\/\\\/www.bellunopress.it\\\/2019\\\/09\\\/08\\\/angelo-branduardi-a-belluno-in-scena-il-menestrello-della-canzone-italiana-venerdi-29-novembre-2019-alle-21-al-teatro-comunale-aperte-le-prevendite\\\/\",\"url\":\"https:\\\/\\\/www.bellunopress.it\\\/2019\\\/09\\\/08\\\/angelo-branduardi-a-belluno-in-scena-il-menestrello-della-canzone-italiana-venerdi-29-novembre-2019-alle-21-al-teatro-comunale-aperte-le-prevendite\\\/\",\"name\":\"Angelo Branduardi a Belluno. In scena il menestrello della canzone italiana.\u00a0Venerd\u00ec 29 novembre 2019 alle 21 al Teatro Comunale. Aperte le prevendite - Bellunopress - Dolomiti\",\"isPartOf\":{\"@id\":\"https:\\\/\\\/www.bellunopress.it\\\/#website\"},\"primaryImageOfPage\":{\"@id\":\"https:\\\/\\\/www.bellunopress.it\\\/2019\\\/09\\\/08\\\/angelo-branduardi-a-belluno-in-scena-il-menestrello-della-canzone-italiana-venerdi-29-novembre-2019-alle-21-al-teatro-comunale-aperte-le-prevendite\\\/#primaryimage\"},\"image\":{\"@id\":\"https:\\\/\\\/www.bellunopress.it\\\/2019\\\/09\\\/08\\\/angelo-branduardi-a-belluno-in-scena-il-menestrello-della-canzone-italiana-venerdi-29-novembre-2019-alle-21-al-teatro-comunale-aperte-le-prevendite\\\/#primaryimage\"},\"thumbnailUrl\":\"http:\\\/\\\/www.bellunopress.it\\\/wp-content\\\/uploads\\\/2019\\\/04\\\/teatro-comunale.jpg\",\"datePublished\":\"2019-09-08T07:51:45+00:00\",\"breadcrumb\":{\"@id\":\"https:\\\/\\\/www.bellunopress.it\\\/2019\\\/09\\\/08\\\/angelo-branduardi-a-belluno-in-scena-il-menestrello-della-canzone-italiana-venerdi-29-novembre-2019-alle-21-al-teatro-comunale-aperte-le-prevendite\\\/#breadcrumb\"},\"inLanguage\":\"fr-FR\",\"potentialAction\":[{\"@type\":\"ReadAction\",\"target\":[\"https:\\\/\\\/www.bellunopress.it\\\/2019\\\/09\\\/08\\\/angelo-branduardi-a-belluno-in-scena-il-menestrello-della-canzone-italiana-venerdi-29-novembre-2019-alle-21-al-teatro-comunale-aperte-le-prevendite\\\/\"]}]},{\"@type\":\"ImageObject\",\"inLanguage\":\"fr-FR\",\"@id\":\"https:\\\/\\\/www.bellunopress.it\\\/2019\\\/09\\\/08\\\/angelo-branduardi-a-belluno-in-scena-il-menestrello-della-canzone-italiana-venerdi-29-novembre-2019-alle-21-al-teatro-comunale-aperte-le-prevendite\\\/#primaryimage\",\"url\":\"http:\\\/\\\/www.bellunopress.it\\\/wp-content\\\/uploads\\\/2019\\\/04\\\/teatro-comunale.jpg\",\"contentUrl\":\"http:\\\/\\\/www.bellunopress.it\\\/wp-content\\\/uploads\\\/2019\\\/04\\\/teatro-comunale.jpg\"},{\"@type\":\"BreadcrumbList\",\"@id\":\"https:\\\/\\\/www.bellunopress.it\\\/2019\\\/09\\\/08\\\/angelo-branduardi-a-belluno-in-scena-il-menestrello-della-canzone-italiana-venerdi-29-novembre-2019-alle-21-al-teatro-comunale-aperte-le-prevendite\\\/#breadcrumb\",\"itemListElement\":[{\"@type\":\"ListItem\",\"position\":1,\"name\":\"Home\",\"item\":\"https:\\\/\\\/www.bellunopress.it\\\/\"},{\"@type\":\"ListItem\",\"position\":2,\"name\":\"Angelo Branduardi a Belluno. In scena il menestrello della canzone italiana.\u00a0Venerd\u00ec 29 novembre 2019 alle 21 al Teatro Comunale. Aperte le prevendite\"}]},{\"@type\":\"WebSite\",\"@id\":\"https:\\\/\\\/www.bellunopress.it\\\/#website\",\"url\":\"https:\\\/\\\/www.bellunopress.it\\\/\",\"name\":\"Bellunopress - Dolomiti\",\"description\":\"e-mail: redazione@bellunopress.it\",\"publisher\":{\"@id\":\"https:\\\/\\\/www.bellunopress.it\\\/#organization\"},\"potentialAction\":[{\"@type\":\"SearchAction\",\"target\":{\"@type\":\"EntryPoint\",\"urlTemplate\":\"https:\\\/\\\/www.bellunopress.it\\\/?s={search_term_string}\"},\"query-input\":{\"@type\":\"PropertyValueSpecification\",\"valueRequired\":true,\"valueName\":\"search_term_string\"}}],\"inLanguage\":\"fr-FR\"},{\"@type\":\"Organization\",\"@id\":\"https:\\\/\\\/www.bellunopress.it\\\/#organization\",\"name\":\"Bellunopress\",\"url\":\"https:\\\/\\\/www.bellunopress.it\\\/\",\"logo\":{\"@type\":\"ImageObject\",\"inLanguage\":\"fr-FR\",\"@id\":\"https:\\\/\\\/www.bellunopress.it\\\/#\\\/schema\\\/logo\\\/image\\\/\",\"url\":\"https:\\\/\\\/www.bellunopress.it\\\/wp-content\\\/uploads\\\/2011\\\/05\\\/cropped-logo-bellunopress-.jpg\",\"contentUrl\":\"https:\\\/\\\/www.bellunopress.it\\\/wp-content\\\/uploads\\\/2011\\\/05\\\/cropped-logo-bellunopress-.jpg\",\"width\":512,\"height\":512,\"caption\":\"Bellunopress\"},\"image\":{\"@id\":\"https:\\\/\\\/www.bellunopress.it\\\/#\\\/schema\\\/logo\\\/image\\\/\"},\"sameAs\":[\"https:\\\/\\\/www.facebook.com\\\/profile.php?id=100008943462799\",\"https:\\\/\\\/x.com\\\/bellunopress\",\"https:\\\/\\\/www.linkedin.com\\\/hp\\\/?dnr=JBzUWaJfMUw8vbXJJ2tVW5-I3jZKvC4wsoxE&amp;amp;amp;amp;amp;amp;trk=nav_responsive_tab_home\",\"https:\\\/\\\/www.youtube.com\\\/channel\\\/UCxL0wu1uN0_3_7hGG0306cw\"]},{\"@type\":\"Person\",\"@id\":\"https:\\\/\\\/www.bellunopress.it\\\/#\\\/schema\\\/person\\\/79bb06722b37ece1c03d3e94beb30d73\",\"name\":\"redazione\",\"image\":{\"@type\":\"ImageObject\",\"inLanguage\":\"fr-FR\",\"@id\":\"https:\\\/\\\/secure.gravatar.com\\\/avatar\\\/37d968a2e67a6fd04c169c4bdef102d0bc5d31b2546345219e348575eb80e9a0?s=96&d=mm&r=g\",\"url\":\"https:\\\/\\\/secure.gravatar.com\\\/avatar\\\/37d968a2e67a6fd04c169c4bdef102d0bc5d31b2546345219e348575eb80e9a0?s=96&d=mm&r=g\",\"contentUrl\":\"https:\\\/\\\/secure.gravatar.com\\\/avatar\\\/37d968a2e67a6fd04c169c4bdef102d0bc5d31b2546345219e348575eb80e9a0?s=96&d=mm&r=g\",\"caption\":\"redazione\"},\"sameAs\":[\"http:\\\/\\\/www.bellunopress.it\",\"https:\\\/\\\/x.com\\\/bellunopress\"],\"url\":\"https:\\\/\\\/www.bellunopress.it\\\/fr\\\/author\\\/redazione\\\/\"}]}<\/script>\n<!-- \/ Yoast SEO plugin. -->","yoast_head_json":{"title":"Angelo Branduardi a Belluno. In scena il menestrello della canzone italiana.\u00a0Venerd\u00ec 29 novembre 2019 alle 21 al Teatro Comunale. Aperte le prevendite - Bellunopress - Dolomiti","robots":{"index":"index","follow":"follow","max-snippet":"max-snippet:-1","max-image-preview":"max-image-preview:large","max-video-preview":"max-video-preview:-1"},"canonical":"https:\/\/www.bellunopress.it\/fr\/2019\/09\/08\/angelo-branduardi-a-belluno-in-scena-il-menestrello-della-canzone-italiana-venerdi-29-novembre-2019-alle-21-al-teatro-comunale-aperte-le-prevendite\/","og_locale":"fr_FR","og_type":"article","og_title":"Angelo Branduardi a Belluno. In scena il menestrello della canzone italiana.\u00a0Venerd\u00ec 29 novembre 2019 alle 21 al Teatro Comunale. Aperte le prevendite - Bellunopress - Dolomiti","og_description":"Venerd\u00ec 29 novembre alle 21 Veneto Jazz porta al Teatro Comunale di Belluno una nuova tappa dell'&#8221;Hits Tour&#8221; di Angelo Branduardi, accompagnato da Fabio Valdemarin alle tastiere, Antonello D&#8217;Urso alle chitarre, Stefano Olivato al basso e Davide Ragazzoni alla batteria. Il &#8220;menestrello italiano&#8221; gi\u00e0 da tempo asseconda la sua versatilit\u00e0 in campo musicale, presentandosi al [&hellip;]","og_url":"https:\/\/www.bellunopress.it\/fr\/2019\/09\/08\/angelo-branduardi-a-belluno-in-scena-il-menestrello-della-canzone-italiana-venerdi-29-novembre-2019-alle-21-al-teatro-comunale-aperte-le-prevendite\/","og_site_name":"Bellunopress - Dolomiti","article_publisher":"https:\/\/www.facebook.com\/profile.php?id=100008943462799","article_published_time":"2019-09-08T07:51:45+00:00","og_image":[{"url":"http:\/\/www.bellunopress.it\/wp-content\/uploads\/2019\/04\/teatro-comunale.jpg","type":"","width":"","height":""}],"author":"redazione","twitter_card":"summary_large_image","twitter_creator":"@bellunopress","twitter_site":"@bellunopress","twitter_misc":{"\u00c9crit par":"redazione","Dur\u00e9e de lecture estim\u00e9e":"1 minute"},"schema":{"@context":"https:\/\/schema.org","@graph":[{"@type":"Article","@id":"https:\/\/www.bellunopress.it\/2019\/09\/08\/angelo-branduardi-a-belluno-in-scena-il-menestrello-della-canzone-italiana-venerdi-29-novembre-2019-alle-21-al-teatro-comunale-aperte-le-prevendite\/#article","isPartOf":{"@id":"https:\/\/www.bellunopress.it\/2019\/09\/08\/angelo-branduardi-a-belluno-in-scena-il-menestrello-della-canzone-italiana-venerdi-29-novembre-2019-alle-21-al-teatro-comunale-aperte-le-prevendite\/"},"author":{"name":"redazione","@id":"https:\/\/www.bellunopress.it\/#\/schema\/person\/79bb06722b37ece1c03d3e94beb30d73"},"headline":"Angelo Branduardi a Belluno. In scena il menestrello della canzone italiana.\u00a0Venerd\u00ec 29 novembre 2019 alle 21 al Teatro Comunale. Aperte le prevendite","datePublished":"2019-09-08T07:51:45+00:00","mainEntityOfPage":{"@id":"https:\/\/www.bellunopress.it\/2019\/09\/08\/angelo-branduardi-a-belluno-in-scena-il-menestrello-della-canzone-italiana-venerdi-29-novembre-2019-alle-21-al-teatro-comunale-aperte-le-prevendite\/"},"wordCount":297,"publisher":{"@id":"https:\/\/www.bellunopress.it\/#organization"},"image":{"@id":"https:\/\/www.bellunopress.it\/2019\/09\/08\/angelo-branduardi-a-belluno-in-scena-il-menestrello-della-canzone-italiana-venerdi-29-novembre-2019-alle-21-al-teatro-comunale-aperte-le-prevendite\/#primaryimage"},"thumbnailUrl":"http:\/\/www.bellunopress.it\/wp-content\/uploads\/2019\/04\/teatro-comunale.jpg","articleSection":["Appuntamenti, Eventi","Arte, Cultura, Spettacoli, Scienza","Pausa Caff\u00e8"],"inLanguage":"fr-FR"},{"@type":"WebPage","@id":"https:\/\/www.bellunopress.it\/2019\/09\/08\/angelo-branduardi-a-belluno-in-scena-il-menestrello-della-canzone-italiana-venerdi-29-novembre-2019-alle-21-al-teatro-comunale-aperte-le-prevendite\/","url":"https:\/\/www.bellunopress.it\/2019\/09\/08\/angelo-branduardi-a-belluno-in-scena-il-menestrello-della-canzone-italiana-venerdi-29-novembre-2019-alle-21-al-teatro-comunale-aperte-le-prevendite\/","name":"Angelo Branduardi a Belluno. In scena il menestrello della canzone italiana.\u00a0Venerd\u00ec 29 novembre 2019 alle 21 al Teatro Comunale. Aperte le prevendite - Bellunopress - Dolomiti","isPartOf":{"@id":"https:\/\/www.bellunopress.it\/#website"},"primaryImageOfPage":{"@id":"https:\/\/www.bellunopress.it\/2019\/09\/08\/angelo-branduardi-a-belluno-in-scena-il-menestrello-della-canzone-italiana-venerdi-29-novembre-2019-alle-21-al-teatro-comunale-aperte-le-prevendite\/#primaryimage"},"image":{"@id":"https:\/\/www.bellunopress.it\/2019\/09\/08\/angelo-branduardi-a-belluno-in-scena-il-menestrello-della-canzone-italiana-venerdi-29-novembre-2019-alle-21-al-teatro-comunale-aperte-le-prevendite\/#primaryimage"},"thumbnailUrl":"http:\/\/www.bellunopress.it\/wp-content\/uploads\/2019\/04\/teatro-comunale.jpg","datePublished":"2019-09-08T07:51:45+00:00","breadcrumb":{"@id":"https:\/\/www.bellunopress.it\/2019\/09\/08\/angelo-branduardi-a-belluno-in-scena-il-menestrello-della-canzone-italiana-venerdi-29-novembre-2019-alle-21-al-teatro-comunale-aperte-le-prevendite\/#breadcrumb"},"inLanguage":"fr-FR","potentialAction":[{"@type":"ReadAction","target":["https:\/\/www.bellunopress.it\/2019\/09\/08\/angelo-branduardi-a-belluno-in-scena-il-menestrello-della-canzone-italiana-venerdi-29-novembre-2019-alle-21-al-teatro-comunale-aperte-le-prevendite\/"]}]},{"@type":"ImageObject","inLanguage":"fr-FR","@id":"https:\/\/www.bellunopress.it\/2019\/09\/08\/angelo-branduardi-a-belluno-in-scena-il-menestrello-della-canzone-italiana-venerdi-29-novembre-2019-alle-21-al-teatro-comunale-aperte-le-prevendite\/#primaryimage","url":"http:\/\/www.bellunopress.it\/wp-content\/uploads\/2019\/04\/teatro-comunale.jpg","contentUrl":"http:\/\/www.bellunopress.it\/wp-content\/uploads\/2019\/04\/teatro-comunale.jpg"},{"@type":"BreadcrumbList","@id":"https:\/\/www.bellunopress.it\/2019\/09\/08\/angelo-branduardi-a-belluno-in-scena-il-menestrello-della-canzone-italiana-venerdi-29-novembre-2019-alle-21-al-teatro-comunale-aperte-le-prevendite\/#breadcrumb","itemListElement":[{"@type":"ListItem","position":1,"name":"Home","item":"https:\/\/www.bellunopress.it\/"},{"@type":"ListItem","position":2,"name":"Angelo Branduardi a Belluno. In scena il menestrello della canzone italiana.\u00a0Venerd\u00ec 29 novembre 2019 alle 21 al Teatro Comunale. Aperte le prevendite"}]},{"@type":"WebSite","@id":"https:\/\/www.bellunopress.it\/#website","url":"https:\/\/www.bellunopress.it\/","name":"Bellunopress - Dolomiti","description":"e-mail: redazione@bellunopress.it","publisher":{"@id":"https:\/\/www.bellunopress.it\/#organization"},"potentialAction":[{"@type":"SearchAction","target":{"@type":"EntryPoint","urlTemplate":"https:\/\/www.bellunopress.it\/?s={search_term_string}"},"query-input":{"@type":"PropertyValueSpecification","valueRequired":true,"valueName":"search_term_string"}}],"inLanguage":"fr-FR"},{"@type":"Organization","@id":"https:\/\/www.bellunopress.it\/#organization","name":"Bellunopress","url":"https:\/\/www.bellunopress.it\/","logo":{"@type":"ImageObject","inLanguage":"fr-FR","@id":"https:\/\/www.bellunopress.it\/#\/schema\/logo\/image\/","url":"https:\/\/www.bellunopress.it\/wp-content\/uploads\/2011\/05\/cropped-logo-bellunopress-.jpg","contentUrl":"https:\/\/www.bellunopress.it\/wp-content\/uploads\/2011\/05\/cropped-logo-bellunopress-.jpg","width":512,"height":512,"caption":"Bellunopress"},"image":{"@id":"https:\/\/www.bellunopress.it\/#\/schema\/logo\/image\/"},"sameAs":["https:\/\/www.facebook.com\/profile.php?id=100008943462799","https:\/\/x.com\/bellunopress","https:\/\/www.linkedin.com\/hp\/?dnr=JBzUWaJfMUw8vbXJJ2tVW5-I3jZKvC4wsoxE&amp;amp;amp;amp;amp;amp;trk=nav_responsive_tab_home","https:\/\/www.youtube.com\/channel\/UCxL0wu1uN0_3_7hGG0306cw"]},{"@type":"Person","@id":"https:\/\/www.bellunopress.it\/#\/schema\/person\/79bb06722b37ece1c03d3e94beb30d73","name":"r\u00e9daction","image":{"@type":"ImageObject","inLanguage":"fr-FR","@id":"https:\/\/secure.gravatar.com\/avatar\/37d968a2e67a6fd04c169c4bdef102d0bc5d31b2546345219e348575eb80e9a0?s=96&d=mm&r=g","url":"https:\/\/secure.gravatar.com\/avatar\/37d968a2e67a6fd04c169c4bdef102d0bc5d31b2546345219e348575eb80e9a0?s=96&d=mm&r=g","contentUrl":"https:\/\/secure.gravatar.com\/avatar\/37d968a2e67a6fd04c169c4bdef102d0bc5d31b2546345219e348575eb80e9a0?s=96&d=mm&r=g","caption":"redazione"},"sameAs":["http:\/\/www.bellunopress.it","https:\/\/x.com\/bellunopress"],"url":"https:\/\/www.bellunopress.it\/fr\/author\/redazione\/"}]}},"_links":{"self":[{"href":"https:\/\/www.bellunopress.it\/fr\/wp-json\/wp\/v2\/posts\/107646","targetHints":{"allow":["GET"]}}],"collection":[{"href":"https:\/\/www.bellunopress.it\/fr\/wp-json\/wp\/v2\/posts"}],"about":[{"href":"https:\/\/www.bellunopress.it\/fr\/wp-json\/wp\/v2\/types\/post"}],"author":[{"embeddable":true,"href":"https:\/\/www.bellunopress.it\/fr\/wp-json\/wp\/v2\/users\/2"}],"replies":[{"embeddable":true,"href":"https:\/\/www.bellunopress.it\/fr\/wp-json\/wp\/v2\/comments?post=107646"}],"version-history":[{"count":1,"href":"https:\/\/www.bellunopress.it\/fr\/wp-json\/wp\/v2\/posts\/107646\/revisions"}],"predecessor-version":[{"id":107647,"href":"https:\/\/www.bellunopress.it\/fr\/wp-json\/wp\/v2\/posts\/107646\/revisions\/107647"}],"wp:attachment":[{"href":"https:\/\/www.bellunopress.it\/fr\/wp-json\/wp\/v2\/media?parent=107646"}],"wp:term":[{"taxonomy":"category","embeddable":true,"href":"https:\/\/www.bellunopress.it\/fr\/wp-json\/wp\/v2\/categories?post=107646"},{"taxonomy":"post_tag","embeddable":true,"href":"https:\/\/www.bellunopress.it\/fr\/wp-json\/wp\/v2\/tags?post=107646"}],"curies":[{"name":"wp","href":"https:\/\/api.w.org\/{rel}","templated":true}]}}