{"id":107630,"date":"2019-09-05T14:42:13","date_gmt":"2019-09-05T12:42:13","guid":{"rendered":"http:\/\/www.bellunopress.it\/?p=107630"},"modified":"2019-09-05T14:42:14","modified_gmt":"2019-09-05T12:42:14","slug":"dolomiti-wellness-hotel-fanes-alta-cucina-genuina-e-vini-selezionati","status":"publish","type":"post","link":"https:\/\/www.bellunopress.it\/fr\/2019\/09\/05\/dolomiti-wellness-hotel-fanes-alta-cucina-genuina-e-vini-selezionati\/","title":{"rendered":"Dolomiti Wellness Hotel Fanes, alta cucina genuina e vini selezionati"},"content":{"rendered":"<p style=\"font-weight: 400;\"><strong>I segreti dei professionisti di Cucina e Cantina del 5 stelle di San Cassiano: intervista doppia allo Chef e al Sommelier dell&#8217;Hotel Fanes. Punti in comune? La ricerca di sapori e prodotti buoni e genuini e l&#8217;attenzione alla territorialit\u00e0, per valorizzare l&#8217;Alto Adige anche in cucina.<\/strong><\/p>\n<p><a href=\"http:\/\/www.bellunopress.it\/fr\/2019\/09\/05\/dolomiti-wellness-hotel-fanes-alta-cucina-genuina-e-vini-selezionati\/cotoletta-di-cervo_hotel-fanes\/\" rel=\"attachment wp-att-107631\"><img loading=\"lazy\" decoding=\"async\" class=\"alignleft size-full wp-image-107631\" src=\"http:\/\/www.bellunopress.it\/wp-content\/uploads\/2019\/09\/Cotoletta-di-cervo_Hotel-Fanes.jpg\" alt=\"\" width=\"300\" height=\"219\" \/><\/a>San Cassiano (BZ), 5 settembre 2019\u00a0\u2013\u00a0Ogni dettaglio \u00e8 curato al\u00a0<a href=\"https:\/\/smstudiopress.us12.list-manage.com\/track\/click?u=25c5d837a09bb1047c0dece8d&amp;id=f14513d74a&amp;e=d2991fcdba\">Dolomiti Wellness Hotel Fanes<\/a>, caratteristico hotel di lusso a San Cassiano. Uno degli aspetti fondamentali dell&#8217;ospitalit\u00e0 \u00e8 senz&#8217;altro quello enogastronomico.<\/p>\n<p>Lo\u00a0Chef Giuseppe Claudio De Marc, cresciuto in Liguria, ha portato avanti gli studi in ospitalit\u00e0 ed enogastronomia a Genova, svolgendo lo stage pi\u00f9 significativo nel ristorante gourmet &#8220;Lord Nelson Pub&#8221; di Chiavari, prima di trasferirsi in Alto Adige proprio per approfondire la sua passione. \u00abIn Alto Adige ho trovato le condizioni perfette per crescere professionalmente, seguendo la corrente di cucina creativa dei maestri\u00a0quali Norbert Niederkofler, Gerhard Wieser, Helmut Bachmann, Heinrich Gasteiger, ma in primis Erich Domenico Costa, con cui ho potuto lavorare e imparare tantissimo prima di aprire una mia attivit\u00e0\u00bb. Il territorio ha importanza fondamentale nella sua concezione di cucina: \u00abUna cucina sana a mio parere quella altoatesina, che vuole mettere in risalto le ottime materie prime, gli eccezionali vini, i formaggi di malga e le carni da alpeggio, la selvaggina che popola i boschi e una tradizione agricola portata avanti nei secoli nel rispetto dell&#8217;ambiente\u00bb. Proprio l&#8217;attenzione alla tradizione fa s\u00ec che nelle sue ricette si trovino gli ingredienti pi\u00f9 rappresentativi del territorio \u00abNella mia cucina\u00a0non possono assolutamente mancare i formaggi e la ricotta del maso della famiglia Crazzolara, lo speck, la selvaggina che adoro come cervo e capriolo, le mele&#8230; l&#8217;elenco degli ottimi prodotti del territorio sarebbe lunghissimo\u00bb.\u00a0 Come unire la cucina di alto livello alle esigenze particolari degli ospiti che seguono specifici regimi alimentari? \u00abCucinare in hotel di lusso per molte persone con esigenze differenti e\u00a0dato anche il crescente aumento di allergie e intolleranze negli ultimi anni complica sicuramente il nostro lavoro, ma ci stimola anche a trovare soluzioni per riuscire a ricreare i piatti della tradizione adeguandoli alle differenti necessit\u00e0. Al ristorante dell&#8217;Hotel Fanes proponiamo ad esempio canederli senza glutine e lattosio per gli intolleranti, pasta fresca che trafiliamo in casa con ingredienti genuini e altri piatti rivisitati.\u00bb<\/p>\n<p>Ogni buon piatto deve essere accompagnato dal giusto vino, per questo servono gli ottimi consigli del\u00a0Sommelier dell&#8217;Hotel Fanes, Oriano Federa\u00a0\u00abLavorando nella ristorazione \u00e9 necessario imparare sempre cose nuove per accrescere la propria conoscenza ed essere preparati per svolgere questo lavoro, cos\u00ec, dopo un periodo nel settore bar, ho iniziato il\u00a0percorso di formazione nel mondo dei vini, che \u00e9 molto vario e sempre in evoluzione\u00bb. La scelta \u00e8 ampia nella Cantina dell&#8217;Hotel Fanes: \u00abProponiamo una lista di etichette prevalentemente italiane, con\u00a0un&#8217;importante presenza di vini dell&#8217;Alto Adige, ed una parte minore di vini esteri. I vini che teniamo vengono scelti seguendo vari criteri:\u00a0non possono mancare i vini regionali per attinenza con le pietanze locali, ma anche vini prodotti con metodi diversi (biologici, macerati, prodotti in anfora etc)\u00a0per avere la possibilit\u00e0 di far conoscere anche metodi particolari agli ospiti, e prima di tutto poter assecondare le richieste dell&#8217;ospite in base al gusto e preferenza\u00bb. Ogni settimana il Dolomiti Wellness Hotel Fanes propone ai propri ospiti\u00a0degustazioni guidate in Cantina, disponibili anche su richiesta.<\/p>\n<p><a href=\"https:\/\/smstudiopress.us12.list-manage.com\/track\/click?u=25c5d837a09bb1047c0dece8d&amp;id=9f92167086&amp;e=d2991fcdba\">www.hotelfanes.it\/it\/gastronomia\/gastronomia<\/a><br \/>\n<a href=\"https:\/\/smstudiopress.us12.list-manage.com\/track\/click?u=25c5d837a09bb1047c0dece8d&amp;id=cd18ed76b5&amp;e=d2991fcdba\">www.hotelfanes.it\/it\/gastronomia\/cantina-vini<\/a><\/p>\n<p>In foto:\u00a0COTOLETTA DI CERVO IN MANTO DI FRUTTA SECCA CON TORTINO DI PATATE, MARMELLATA DI FRUTTI ROSSI FATTA IN CASA E CAPUCCIO ROSSO STUFATO CON MELE E LAGREIN dello Chef Giuseppe Claudio De Marc &#8211;\u00a0ricetta:\u00a0<a href=\"https:\/\/smstudiopress.us12.list-manage.com\/track\/click?u=25c5d837a09bb1047c0dece8d&amp;id=a2708abfbb&amp;e=d2991fcdba\">bit.ly\/2lzVlt4<\/a><\/p>","protected":false},"excerpt":{"rendered":"<p>I segreti dei professionisti di Cucina e Cantina del 5 stelle di San Cassiano: intervista doppia allo Chef e al Sommelier dell&#8217;Hotel Fanes. Punti in comune? La ricerca di sapori e prodotti buoni e genuini e l&#8217;attenzione alla territorialit\u00e0, per valorizzare l&#8217;Alto Adige anche in cucina. San Cassiano (BZ), 5 settembre 2019\u00a0\u2013\u00a0Ogni dettaglio \u00e8 curato [&hellip;]<\/p>\n","protected":false},"author":2,"featured_media":0,"comment_status":"closed","ping_status":"open","sticky":false,"template":"","format":"standard","meta":{"footnotes":""},"categories":[3394,3393],"tags":[],"class_list":["post-107630","post","type-post","status-publish","format-standard","category-cultura-e-spettacoli-fuori-provincia","category-eventi-enogastronomici"],"yoast_head":"<!-- This site is optimized with the Yoast SEO plugin v28.4 - https:\/\/yoast.com\/product\/yoast-seo-wordpress\/ -->\n<title>Dolomiti Wellness Hotel Fanes, alta cucina genuina e vini selezionati - Bellunopress - Dolomiti<\/title>\n<meta name=\"robots\" content=\"index, follow, max-snippet:-1, max-image-preview:large, max-video-preview:-1\" \/>\n<link rel=\"canonical\" href=\"https:\/\/www.bellunopress.it\/fr\/2019\/09\/05\/dolomiti-wellness-hotel-fanes-alta-cucina-genuina-e-vini-selezionati\/\" \/>\n<meta property=\"og:locale\" content=\"fr_FR\" \/>\n<meta property=\"og:type\" content=\"article\" \/>\n<meta property=\"og:title\" content=\"Dolomiti Wellness Hotel Fanes, alta cucina genuina e vini selezionati - Bellunopress - Dolomiti\" \/>\n<meta property=\"og:description\" content=\"I segreti dei professionisti di Cucina e Cantina del 5 stelle di San Cassiano: intervista doppia allo Chef e al Sommelier dell&#8217;Hotel Fanes. Punti in comune? La ricerca di sapori e prodotti buoni e genuini e l&#8217;attenzione alla territorialit\u00e0, per valorizzare l&#8217;Alto Adige anche in cucina. San Cassiano (BZ), 5 settembre 2019\u00a0\u2013\u00a0Ogni dettaglio \u00e8 curato [&hellip;]\" \/>\n<meta property=\"og:url\" content=\"https:\/\/www.bellunopress.it\/fr\/2019\/09\/05\/dolomiti-wellness-hotel-fanes-alta-cucina-genuina-e-vini-selezionati\/\" \/>\n<meta property=\"og:site_name\" content=\"Bellunopress - Dolomiti\" \/>\n<meta property=\"article:publisher\" content=\"https:\/\/www.facebook.com\/profile.php?id=100008943462799\" \/>\n<meta property=\"article:published_time\" content=\"2019-09-05T12:42:13+00:00\" \/>\n<meta property=\"article:modified_time\" content=\"2019-09-05T12:42:14+00:00\" \/>\n<meta property=\"og:image\" content=\"http:\/\/www.bellunopress.it\/wp-content\/uploads\/2019\/09\/Cotoletta-di-cervo_Hotel-Fanes.jpg\" \/>\n<meta name=\"author\" content=\"redazione\" \/>\n<meta name=\"twitter:card\" content=\"summary_large_image\" \/>\n<meta name=\"twitter:creator\" content=\"@bellunopress\" \/>\n<meta name=\"twitter:site\" content=\"@bellunopress\" \/>\n<meta name=\"twitter:label1\" content=\"\u00c9crit par\" \/>\n\t<meta name=\"twitter:data1\" content=\"redazione\" \/>\n\t<meta name=\"twitter:label2\" content=\"Dur\u00e9e de lecture estim\u00e9e\" \/>\n\t<meta name=\"twitter:data2\" content=\"3 minutes\" \/>\n<script type=\"application\/ld+json\" class=\"yoast-schema-graph\">{\"@context\":\"https:\\\/\\\/schema.org\",\"@graph\":[{\"@type\":\"Article\",\"@id\":\"https:\\\/\\\/www.bellunopress.it\\\/2019\\\/09\\\/05\\\/dolomiti-wellness-hotel-fanes-alta-cucina-genuina-e-vini-selezionati\\\/#article\",\"isPartOf\":{\"@id\":\"https:\\\/\\\/www.bellunopress.it\\\/2019\\\/09\\\/05\\\/dolomiti-wellness-hotel-fanes-alta-cucina-genuina-e-vini-selezionati\\\/\"},\"author\":{\"name\":\"redazione\",\"@id\":\"https:\\\/\\\/www.bellunopress.it\\\/#\\\/schema\\\/person\\\/79bb06722b37ece1c03d3e94beb30d73\"},\"headline\":\"Dolomiti Wellness Hotel Fanes, alta cucina genuina e vini selezionati\",\"datePublished\":\"2019-09-05T12:42:13+00:00\",\"dateModified\":\"2019-09-05T12:42:14+00:00\",\"mainEntityOfPage\":{\"@id\":\"https:\\\/\\\/www.bellunopress.it\\\/2019\\\/09\\\/05\\\/dolomiti-wellness-hotel-fanes-alta-cucina-genuina-e-vini-selezionati\\\/\"},\"wordCount\":618,\"publisher\":{\"@id\":\"https:\\\/\\\/www.bellunopress.it\\\/#organization\"},\"image\":{\"@id\":\"https:\\\/\\\/www.bellunopress.it\\\/2019\\\/09\\\/05\\\/dolomiti-wellness-hotel-fanes-alta-cucina-genuina-e-vini-selezionati\\\/#primaryimage\"},\"thumbnailUrl\":\"http:\\\/\\\/www.bellunopress.it\\\/wp-content\\\/uploads\\\/2019\\\/09\\\/Cotoletta-di-cervo_Hotel-Fanes.jpg\",\"articleSection\":[\"Cultura e spettacoli, tempo libero, benessere, fuori provincia\",\"Eventi enogastronomici\"],\"inLanguage\":\"fr-FR\"},{\"@type\":\"WebPage\",\"@id\":\"https:\\\/\\\/www.bellunopress.it\\\/2019\\\/09\\\/05\\\/dolomiti-wellness-hotel-fanes-alta-cucina-genuina-e-vini-selezionati\\\/\",\"url\":\"https:\\\/\\\/www.bellunopress.it\\\/2019\\\/09\\\/05\\\/dolomiti-wellness-hotel-fanes-alta-cucina-genuina-e-vini-selezionati\\\/\",\"name\":\"Dolomiti Wellness Hotel Fanes, alta cucina genuina e vini selezionati - Bellunopress - Dolomiti\",\"isPartOf\":{\"@id\":\"https:\\\/\\\/www.bellunopress.it\\\/#website\"},\"primaryImageOfPage\":{\"@id\":\"https:\\\/\\\/www.bellunopress.it\\\/2019\\\/09\\\/05\\\/dolomiti-wellness-hotel-fanes-alta-cucina-genuina-e-vini-selezionati\\\/#primaryimage\"},\"image\":{\"@id\":\"https:\\\/\\\/www.bellunopress.it\\\/2019\\\/09\\\/05\\\/dolomiti-wellness-hotel-fanes-alta-cucina-genuina-e-vini-selezionati\\\/#primaryimage\"},\"thumbnailUrl\":\"http:\\\/\\\/www.bellunopress.it\\\/wp-content\\\/uploads\\\/2019\\\/09\\\/Cotoletta-di-cervo_Hotel-Fanes.jpg\",\"datePublished\":\"2019-09-05T12:42:13+00:00\",\"dateModified\":\"2019-09-05T12:42:14+00:00\",\"breadcrumb\":{\"@id\":\"https:\\\/\\\/www.bellunopress.it\\\/2019\\\/09\\\/05\\\/dolomiti-wellness-hotel-fanes-alta-cucina-genuina-e-vini-selezionati\\\/#breadcrumb\"},\"inLanguage\":\"fr-FR\",\"potentialAction\":[{\"@type\":\"ReadAction\",\"target\":[\"https:\\\/\\\/www.bellunopress.it\\\/2019\\\/09\\\/05\\\/dolomiti-wellness-hotel-fanes-alta-cucina-genuina-e-vini-selezionati\\\/\"]}]},{\"@type\":\"ImageObject\",\"inLanguage\":\"fr-FR\",\"@id\":\"https:\\\/\\\/www.bellunopress.it\\\/2019\\\/09\\\/05\\\/dolomiti-wellness-hotel-fanes-alta-cucina-genuina-e-vini-selezionati\\\/#primaryimage\",\"url\":\"http:\\\/\\\/www.bellunopress.it\\\/wp-content\\\/uploads\\\/2019\\\/09\\\/Cotoletta-di-cervo_Hotel-Fanes.jpg\",\"contentUrl\":\"http:\\\/\\\/www.bellunopress.it\\\/wp-content\\\/uploads\\\/2019\\\/09\\\/Cotoletta-di-cervo_Hotel-Fanes.jpg\"},{\"@type\":\"BreadcrumbList\",\"@id\":\"https:\\\/\\\/www.bellunopress.it\\\/2019\\\/09\\\/05\\\/dolomiti-wellness-hotel-fanes-alta-cucina-genuina-e-vini-selezionati\\\/#breadcrumb\",\"itemListElement\":[{\"@type\":\"ListItem\",\"position\":1,\"name\":\"Home\",\"item\":\"https:\\\/\\\/www.bellunopress.it\\\/\"},{\"@type\":\"ListItem\",\"position\":2,\"name\":\"Dolomiti Wellness Hotel Fanes, alta cucina genuina e vini selezionati\"}]},{\"@type\":\"WebSite\",\"@id\":\"https:\\\/\\\/www.bellunopress.it\\\/#website\",\"url\":\"https:\\\/\\\/www.bellunopress.it\\\/\",\"name\":\"Bellunopress - Dolomiti\",\"description\":\"e-mail: redazione@bellunopress.it\",\"publisher\":{\"@id\":\"https:\\\/\\\/www.bellunopress.it\\\/#organization\"},\"potentialAction\":[{\"@type\":\"SearchAction\",\"target\":{\"@type\":\"EntryPoint\",\"urlTemplate\":\"https:\\\/\\\/www.bellunopress.it\\\/?s={search_term_string}\"},\"query-input\":{\"@type\":\"PropertyValueSpecification\",\"valueRequired\":true,\"valueName\":\"search_term_string\"}}],\"inLanguage\":\"fr-FR\"},{\"@type\":\"Organization\",\"@id\":\"https:\\\/\\\/www.bellunopress.it\\\/#organization\",\"name\":\"Bellunopress\",\"url\":\"https:\\\/\\\/www.bellunopress.it\\\/\",\"logo\":{\"@type\":\"ImageObject\",\"inLanguage\":\"fr-FR\",\"@id\":\"https:\\\/\\\/www.bellunopress.it\\\/#\\\/schema\\\/logo\\\/image\\\/\",\"url\":\"https:\\\/\\\/www.bellunopress.it\\\/wp-content\\\/uploads\\\/2011\\\/05\\\/cropped-logo-bellunopress-.jpg\",\"contentUrl\":\"https:\\\/\\\/www.bellunopress.it\\\/wp-content\\\/uploads\\\/2011\\\/05\\\/cropped-logo-bellunopress-.jpg\",\"width\":512,\"height\":512,\"caption\":\"Bellunopress\"},\"image\":{\"@id\":\"https:\\\/\\\/www.bellunopress.it\\\/#\\\/schema\\\/logo\\\/image\\\/\"},\"sameAs\":[\"https:\\\/\\\/www.facebook.com\\\/profile.php?id=100008943462799\",\"https:\\\/\\\/x.com\\\/bellunopress\",\"https:\\\/\\\/www.linkedin.com\\\/hp\\\/?dnr=JBzUWaJfMUw8vbXJJ2tVW5-I3jZKvC4wsoxE&amp;amp;amp;amp;amp;amp;trk=nav_responsive_tab_home\",\"https:\\\/\\\/www.youtube.com\\\/channel\\\/UCxL0wu1uN0_3_7hGG0306cw\"]},{\"@type\":\"Person\",\"@id\":\"https:\\\/\\\/www.bellunopress.it\\\/#\\\/schema\\\/person\\\/79bb06722b37ece1c03d3e94beb30d73\",\"name\":\"redazione\",\"image\":{\"@type\":\"ImageObject\",\"inLanguage\":\"fr-FR\",\"@id\":\"https:\\\/\\\/secure.gravatar.com\\\/avatar\\\/37d968a2e67a6fd04c169c4bdef102d0bc5d31b2546345219e348575eb80e9a0?s=96&d=mm&r=g\",\"url\":\"https:\\\/\\\/secure.gravatar.com\\\/avatar\\\/37d968a2e67a6fd04c169c4bdef102d0bc5d31b2546345219e348575eb80e9a0?s=96&d=mm&r=g\",\"contentUrl\":\"https:\\\/\\\/secure.gravatar.com\\\/avatar\\\/37d968a2e67a6fd04c169c4bdef102d0bc5d31b2546345219e348575eb80e9a0?s=96&d=mm&r=g\",\"caption\":\"redazione\"},\"sameAs\":[\"http:\\\/\\\/www.bellunopress.it\",\"https:\\\/\\\/x.com\\\/bellunopress\"],\"url\":\"https:\\\/\\\/www.bellunopress.it\\\/fr\\\/author\\\/redazione\\\/\"}]}<\/script>\n<!-- \/ Yoast SEO plugin. -->","yoast_head_json":{"title":"Dolomiti Wellness Hotel Fanes, alta cucina genuina e vini selezionati - Bellunopress - Dolomiti","robots":{"index":"index","follow":"follow","max-snippet":"max-snippet:-1","max-image-preview":"max-image-preview:large","max-video-preview":"max-video-preview:-1"},"canonical":"https:\/\/www.bellunopress.it\/fr\/2019\/09\/05\/dolomiti-wellness-hotel-fanes-alta-cucina-genuina-e-vini-selezionati\/","og_locale":"fr_FR","og_type":"article","og_title":"Dolomiti Wellness Hotel Fanes, alta cucina genuina e vini selezionati - Bellunopress - Dolomiti","og_description":"I segreti dei professionisti di Cucina e Cantina del 5 stelle di San Cassiano: intervista doppia allo Chef e al Sommelier dell&#8217;Hotel Fanes. Punti in comune? La ricerca di sapori e prodotti buoni e genuini e l&#8217;attenzione alla territorialit\u00e0, per valorizzare l&#8217;Alto Adige anche in cucina. San Cassiano (BZ), 5 settembre 2019\u00a0\u2013\u00a0Ogni dettaglio \u00e8 curato [&hellip;]","og_url":"https:\/\/www.bellunopress.it\/fr\/2019\/09\/05\/dolomiti-wellness-hotel-fanes-alta-cucina-genuina-e-vini-selezionati\/","og_site_name":"Bellunopress - Dolomiti","article_publisher":"https:\/\/www.facebook.com\/profile.php?id=100008943462799","article_published_time":"2019-09-05T12:42:13+00:00","article_modified_time":"2019-09-05T12:42:14+00:00","og_image":[{"url":"http:\/\/www.bellunopress.it\/wp-content\/uploads\/2019\/09\/Cotoletta-di-cervo_Hotel-Fanes.jpg","type":"","width":"","height":""}],"author":"redazione","twitter_card":"summary_large_image","twitter_creator":"@bellunopress","twitter_site":"@bellunopress","twitter_misc":{"\u00c9crit par":"redazione","Dur\u00e9e de lecture estim\u00e9e":"3 minutes"},"schema":{"@context":"https:\/\/schema.org","@graph":[{"@type":"Article","@id":"https:\/\/www.bellunopress.it\/2019\/09\/05\/dolomiti-wellness-hotel-fanes-alta-cucina-genuina-e-vini-selezionati\/#article","isPartOf":{"@id":"https:\/\/www.bellunopress.it\/2019\/09\/05\/dolomiti-wellness-hotel-fanes-alta-cucina-genuina-e-vini-selezionati\/"},"author":{"name":"redazione","@id":"https:\/\/www.bellunopress.it\/#\/schema\/person\/79bb06722b37ece1c03d3e94beb30d73"},"headline":"Dolomiti Wellness Hotel Fanes, alta cucina genuina e vini selezionati","datePublished":"2019-09-05T12:42:13+00:00","dateModified":"2019-09-05T12:42:14+00:00","mainEntityOfPage":{"@id":"https:\/\/www.bellunopress.it\/2019\/09\/05\/dolomiti-wellness-hotel-fanes-alta-cucina-genuina-e-vini-selezionati\/"},"wordCount":618,"publisher":{"@id":"https:\/\/www.bellunopress.it\/#organization"},"image":{"@id":"https:\/\/www.bellunopress.it\/2019\/09\/05\/dolomiti-wellness-hotel-fanes-alta-cucina-genuina-e-vini-selezionati\/#primaryimage"},"thumbnailUrl":"http:\/\/www.bellunopress.it\/wp-content\/uploads\/2019\/09\/Cotoletta-di-cervo_Hotel-Fanes.jpg","articleSection":["Cultura e spettacoli, tempo libero, benessere, fuori provincia","Eventi enogastronomici"],"inLanguage":"fr-FR"},{"@type":"WebPage","@id":"https:\/\/www.bellunopress.it\/2019\/09\/05\/dolomiti-wellness-hotel-fanes-alta-cucina-genuina-e-vini-selezionati\/","url":"https:\/\/www.bellunopress.it\/2019\/09\/05\/dolomiti-wellness-hotel-fanes-alta-cucina-genuina-e-vini-selezionati\/","name":"Dolomiti Wellness Hotel Fanes, alta cucina genuina e vini selezionati - Bellunopress - Dolomiti","isPartOf":{"@id":"https:\/\/www.bellunopress.it\/#website"},"primaryImageOfPage":{"@id":"https:\/\/www.bellunopress.it\/2019\/09\/05\/dolomiti-wellness-hotel-fanes-alta-cucina-genuina-e-vini-selezionati\/#primaryimage"},"image":{"@id":"https:\/\/www.bellunopress.it\/2019\/09\/05\/dolomiti-wellness-hotel-fanes-alta-cucina-genuina-e-vini-selezionati\/#primaryimage"},"thumbnailUrl":"http:\/\/www.bellunopress.it\/wp-content\/uploads\/2019\/09\/Cotoletta-di-cervo_Hotel-Fanes.jpg","datePublished":"2019-09-05T12:42:13+00:00","dateModified":"2019-09-05T12:42:14+00:00","breadcrumb":{"@id":"https:\/\/www.bellunopress.it\/2019\/09\/05\/dolomiti-wellness-hotel-fanes-alta-cucina-genuina-e-vini-selezionati\/#breadcrumb"},"inLanguage":"fr-FR","potentialAction":[{"@type":"ReadAction","target":["https:\/\/www.bellunopress.it\/2019\/09\/05\/dolomiti-wellness-hotel-fanes-alta-cucina-genuina-e-vini-selezionati\/"]}]},{"@type":"ImageObject","inLanguage":"fr-FR","@id":"https:\/\/www.bellunopress.it\/2019\/09\/05\/dolomiti-wellness-hotel-fanes-alta-cucina-genuina-e-vini-selezionati\/#primaryimage","url":"http:\/\/www.bellunopress.it\/wp-content\/uploads\/2019\/09\/Cotoletta-di-cervo_Hotel-Fanes.jpg","contentUrl":"http:\/\/www.bellunopress.it\/wp-content\/uploads\/2019\/09\/Cotoletta-di-cervo_Hotel-Fanes.jpg"},{"@type":"BreadcrumbList","@id":"https:\/\/www.bellunopress.it\/2019\/09\/05\/dolomiti-wellness-hotel-fanes-alta-cucina-genuina-e-vini-selezionati\/#breadcrumb","itemListElement":[{"@type":"ListItem","position":1,"name":"Home","item":"https:\/\/www.bellunopress.it\/"},{"@type":"ListItem","position":2,"name":"Dolomiti Wellness Hotel Fanes, alta cucina genuina e vini selezionati"}]},{"@type":"WebSite","@id":"https:\/\/www.bellunopress.it\/#website","url":"https:\/\/www.bellunopress.it\/","name":"Bellunopress - Dolomiti","description":"e-mail: redazione@bellunopress.it","publisher":{"@id":"https:\/\/www.bellunopress.it\/#organization"},"potentialAction":[{"@type":"SearchAction","target":{"@type":"EntryPoint","urlTemplate":"https:\/\/www.bellunopress.it\/?s={search_term_string}"},"query-input":{"@type":"PropertyValueSpecification","valueRequired":true,"valueName":"search_term_string"}}],"inLanguage":"fr-FR"},{"@type":"Organization","@id":"https:\/\/www.bellunopress.it\/#organization","name":"Bellunopress","url":"https:\/\/www.bellunopress.it\/","logo":{"@type":"ImageObject","inLanguage":"fr-FR","@id":"https:\/\/www.bellunopress.it\/#\/schema\/logo\/image\/","url":"https:\/\/www.bellunopress.it\/wp-content\/uploads\/2011\/05\/cropped-logo-bellunopress-.jpg","contentUrl":"https:\/\/www.bellunopress.it\/wp-content\/uploads\/2011\/05\/cropped-logo-bellunopress-.jpg","width":512,"height":512,"caption":"Bellunopress"},"image":{"@id":"https:\/\/www.bellunopress.it\/#\/schema\/logo\/image\/"},"sameAs":["https:\/\/www.facebook.com\/profile.php?id=100008943462799","https:\/\/x.com\/bellunopress","https:\/\/www.linkedin.com\/hp\/?dnr=JBzUWaJfMUw8vbXJJ2tVW5-I3jZKvC4wsoxE&amp;amp;amp;amp;amp;amp;trk=nav_responsive_tab_home","https:\/\/www.youtube.com\/channel\/UCxL0wu1uN0_3_7hGG0306cw"]},{"@type":"Person","@id":"https:\/\/www.bellunopress.it\/#\/schema\/person\/79bb06722b37ece1c03d3e94beb30d73","name":"r\u00e9daction","image":{"@type":"ImageObject","inLanguage":"fr-FR","@id":"https:\/\/secure.gravatar.com\/avatar\/37d968a2e67a6fd04c169c4bdef102d0bc5d31b2546345219e348575eb80e9a0?s=96&d=mm&r=g","url":"https:\/\/secure.gravatar.com\/avatar\/37d968a2e67a6fd04c169c4bdef102d0bc5d31b2546345219e348575eb80e9a0?s=96&d=mm&r=g","contentUrl":"https:\/\/secure.gravatar.com\/avatar\/37d968a2e67a6fd04c169c4bdef102d0bc5d31b2546345219e348575eb80e9a0?s=96&d=mm&r=g","caption":"redazione"},"sameAs":["http:\/\/www.bellunopress.it","https:\/\/x.com\/bellunopress"],"url":"https:\/\/www.bellunopress.it\/fr\/author\/redazione\/"}]}},"_links":{"self":[{"href":"https:\/\/www.bellunopress.it\/fr\/wp-json\/wp\/v2\/posts\/107630","targetHints":{"allow":["GET"]}}],"collection":[{"href":"https:\/\/www.bellunopress.it\/fr\/wp-json\/wp\/v2\/posts"}],"about":[{"href":"https:\/\/www.bellunopress.it\/fr\/wp-json\/wp\/v2\/types\/post"}],"author":[{"embeddable":true,"href":"https:\/\/www.bellunopress.it\/fr\/wp-json\/wp\/v2\/users\/2"}],"replies":[{"embeddable":true,"href":"https:\/\/www.bellunopress.it\/fr\/wp-json\/wp\/v2\/comments?post=107630"}],"version-history":[{"count":2,"href":"https:\/\/www.bellunopress.it\/fr\/wp-json\/wp\/v2\/posts\/107630\/revisions"}],"predecessor-version":[{"id":107633,"href":"https:\/\/www.bellunopress.it\/fr\/wp-json\/wp\/v2\/posts\/107630\/revisions\/107633"}],"wp:attachment":[{"href":"https:\/\/www.bellunopress.it\/fr\/wp-json\/wp\/v2\/media?parent=107630"}],"wp:term":[{"taxonomy":"category","embeddable":true,"href":"https:\/\/www.bellunopress.it\/fr\/wp-json\/wp\/v2\/categories?post=107630"},{"taxonomy":"post_tag","embeddable":true,"href":"https:\/\/www.bellunopress.it\/fr\/wp-json\/wp\/v2\/tags?post=107630"}],"curies":[{"name":"wp","href":"https:\/\/api.w.org\/{rel}","templated":true}]}}