{"id":107586,"date":"2019-09-08T20:47:18","date_gmt":"2019-09-08T18:47:18","guid":{"rendered":"http:\/\/www.bellunopress.it\/?p=107586"},"modified":"2019-09-06T20:42:12","modified_gmt":"2019-09-06T18:42:12","slug":"laura-de-menech-presenta-nella-sabbia-del-tempo-sabato-alle-18-30-alla-libreria-tarantola-di-belluno","status":"publish","type":"post","link":"https:\/\/www.bellunopress.it\/fr\/2019\/09\/08\/laura-de-menech-presenta-nella-sabbia-del-tempo-sabato-alle-18-30-alla-libreria-tarantola-di-belluno\/","title":{"rendered":"Laura De Menech presenta &#8220;Nella sabbia del tempo&#8221;. Sabato alle 18.30 alla Libreria Tarantola di Belluno"},"content":{"rendered":"<p>Sabato 14 settembre alle ore 18.30 alla Libreria Tarantola di via Psaro 13, Laura De Menech presenta il suo libro &#8220;Nella sabbia del tempo&#8221;.<\/p>\n<p><strong>Il libro:<\/strong><br \/>\nAna\u00efs vive una vita che non le appartiene: \u00e8 un\u2019anima saggia in un corpo di bambina. La sua mente precoce brilla gi\u00e0 in tenera et\u00e0, e sar\u00e0 proprio l\u2019infanzia il periodo pi\u00f9 sereno della sua vita. Ma la sua sensibilit\u00e0 non comune la porter\u00e0 a scontrarsi con un mondo ostile, che lei rifiuta a priori. Seppur fragile come il cristallo, combatter\u00e0 da sola per difendere i veri valori della vita.<\/p>\n<p><strong><a href=\"http:\/\/www.bellunopress.it\/fr\/2018\/10\/26\/menzione-donore-a-laura-de-menech-al-premio-letterario-lord-byron-porto-venere-golfo-dei-poeti\/laura-de-menech\/\" rel=\"attachment wp-att-98918\"><img loading=\"lazy\" decoding=\"async\" class=\"alignleft size-full wp-image-98918\" src=\"http:\/\/www.bellunopress.it\/wp-content\/uploads\/2018\/10\/laura-de-menech.jpg\" alt=\"\" width=\"229\" height=\"300\" \/><\/a>L\u2019autore:<\/strong><br \/>\nLaura De Menech nasce a Belluno. Dopo gli studi di Filosofia all\u2019Universit\u00e0 di Padova collabora come giornalista freelance presso alcune testate.<\/p>\n<p>Il suo interesse \u00e8 rivolto principalmente alla Filosofia Teoretica e Orientale e viaggia molto tra India, Birmania e Thailandia, visitandone i monasteri.Ha ottenuto in questi ultimi anni ben sei riconoscimenti letterari con le sue opere.<\/p>\n<p>E\u2019 inoltre sommelier dal 2013.<\/p>\n<p>Attualmente vive e lavora a Belluno, nel cuore delle Dolomiti.<\/p>\n<p>&nbsp;<\/p>\n<p>&nbsp;<\/p>\n<p><strong>Riconoscimenti<\/strong><\/p>\n<p>Premio Letterario Internazionale \u201cUn Tempio per la Pace\u201d, Firenze, Palazzo Vecchio, dicembre 2015 con il<br \/>\nracconto\u201cN\u00e8 Acqua,\u00a0 n\u00e9 Luna\u201d<br \/>\n-Premio Letterario Internazionale \u201cC.Bukowski\u201d, Viareggio, luglio 2017 Menzione speciale con il\u00a0 racconto<br \/>\n\u201cQui e Ora\u201d<br \/>\n-Premio Letterario Internazionale \u201cMichelangelo Buonarroti\u201d,Seravezza(Lucca), novembre 2017 con il libro<br \/>\n\u201cQuel che resta di me\u201d<br \/>\n-Premio Letterario Internazionale\u201cLord Byron Golfo dei Poeti\u201d, Portovenere (LaSpezia), 4 novembre 2018<br \/>\nMenzione d\u2019Onore con il racconto\u201cQui e Ora\u201d<br \/>\n-Premio Letterario Internazionale \u201cMichelangelo Buonarroti\u201d, Forte dei Marmi, 24 novembre 2018 Diploma<br \/>\nd\u2019Onore con Menzione d\u2019Encomio con il racconto\u201cQui e Ora\u201d<br \/>\n-Premio Letterario Nazionale \u201cEquiLibri\u201d dell\u2019Associazione Piazza Navona 2018, Cava de \u2019Tirreni (Salerno),<br \/>\n26 gennaio 2018 3^classificata con il libro\u201cQuel che resta di me\u201d<\/p>","protected":false},"excerpt":{"rendered":"<p>Sabato 14 settembre alle ore 18.30 alla Libreria Tarantola di via Psaro 13, Laura De Menech presenta il suo libro &#8220;Nella sabbia del tempo&#8221;. Il libro: Ana\u00efs vive una vita che non le appartiene: \u00e8 un\u2019anima saggia in un corpo di bambina. La sua mente precoce brilla gi\u00e0 in tenera et\u00e0, e sar\u00e0 proprio l\u2019infanzia [&hellip;]<\/p>\n","protected":false},"author":2,"featured_media":0,"comment_status":"closed","ping_status":"open","sticky":false,"template":"","format":"standard","meta":{"footnotes":""},"categories":[27,3,25],"tags":[],"class_list":["post-107586","post","type-post","status-publish","format-standard","category-appuntamenti","category-arte-cultura-spettacoli-scienza-archivi","category-pausa-caffe"],"yoast_head":"<!-- This site is optimized with the Yoast SEO plugin v28.4 - https:\/\/yoast.com\/product\/yoast-seo-wordpress\/ -->\n<title>Laura De Menech presenta &quot;Nella sabbia del tempo&quot;. Sabato alle 18.30 alla Libreria Tarantola di Belluno - Bellunopress - Dolomiti<\/title>\n<meta name=\"robots\" content=\"index, follow, max-snippet:-1, max-image-preview:large, max-video-preview:-1\" \/>\n<link rel=\"canonical\" href=\"https:\/\/www.bellunopress.it\/fr\/2019\/09\/08\/laura-de-menech-presenta-nella-sabbia-del-tempo-sabato-alle-18-30-alla-libreria-tarantola-di-belluno\/\" \/>\n<meta property=\"og:locale\" content=\"fr_FR\" \/>\n<meta property=\"og:type\" content=\"article\" \/>\n<meta property=\"og:title\" content=\"Laura De Menech presenta &quot;Nella sabbia del tempo&quot;. Sabato alle 18.30 alla Libreria Tarantola di Belluno - Bellunopress - Dolomiti\" \/>\n<meta property=\"og:description\" content=\"Sabato 14 settembre alle ore 18.30 alla Libreria Tarantola di via Psaro 13, Laura De Menech presenta il suo libro &#8220;Nella sabbia del tempo&#8221;. Il libro: Ana\u00efs vive una vita che non le appartiene: \u00e8 un\u2019anima saggia in un corpo di bambina. La sua mente precoce brilla gi\u00e0 in tenera et\u00e0, e sar\u00e0 proprio l\u2019infanzia [&hellip;]\" \/>\n<meta property=\"og:url\" content=\"https:\/\/www.bellunopress.it\/fr\/2019\/09\/08\/laura-de-menech-presenta-nella-sabbia-del-tempo-sabato-alle-18-30-alla-libreria-tarantola-di-belluno\/\" \/>\n<meta property=\"og:site_name\" content=\"Bellunopress - Dolomiti\" \/>\n<meta property=\"article:publisher\" content=\"https:\/\/www.facebook.com\/profile.php?id=100008943462799\" \/>\n<meta property=\"article:published_time\" content=\"2019-09-08T18:47:18+00:00\" \/>\n<meta property=\"og:image\" content=\"http:\/\/www.bellunopress.it\/wp-content\/uploads\/2018\/10\/laura-de-menech.jpg\" \/>\n<meta name=\"author\" content=\"redazione\" \/>\n<meta name=\"twitter:card\" content=\"summary_large_image\" \/>\n<meta name=\"twitter:creator\" content=\"@bellunopress\" \/>\n<meta name=\"twitter:site\" content=\"@bellunopress\" \/>\n<meta name=\"twitter:label1\" content=\"\u00c9crit par\" \/>\n\t<meta name=\"twitter:data1\" content=\"redazione\" \/>\n\t<meta name=\"twitter:label2\" content=\"Dur\u00e9e de lecture estim\u00e9e\" \/>\n\t<meta name=\"twitter:data2\" content=\"1 minute\" \/>\n<script type=\"application\/ld+json\" class=\"yoast-schema-graph\">{\"@context\":\"https:\\\/\\\/schema.org\",\"@graph\":[{\"@type\":\"Article\",\"@id\":\"https:\\\/\\\/www.bellunopress.it\\\/2019\\\/09\\\/08\\\/laura-de-menech-presenta-nella-sabbia-del-tempo-sabato-alle-18-30-alla-libreria-tarantola-di-belluno\\\/#article\",\"isPartOf\":{\"@id\":\"https:\\\/\\\/www.bellunopress.it\\\/2019\\\/09\\\/08\\\/laura-de-menech-presenta-nella-sabbia-del-tempo-sabato-alle-18-30-alla-libreria-tarantola-di-belluno\\\/\"},\"author\":{\"name\":\"redazione\",\"@id\":\"https:\\\/\\\/www.bellunopress.it\\\/#\\\/schema\\\/person\\\/79bb06722b37ece1c03d3e94beb30d73\"},\"headline\":\"Laura De Menech presenta &#8220;Nella sabbia del tempo&#8221;. Sabato alle 18.30 alla Libreria Tarantola di Belluno\",\"datePublished\":\"2019-09-08T18:47:18+00:00\",\"mainEntityOfPage\":{\"@id\":\"https:\\\/\\\/www.bellunopress.it\\\/2019\\\/09\\\/08\\\/laura-de-menech-presenta-nella-sabbia-del-tempo-sabato-alle-18-30-alla-libreria-tarantola-di-belluno\\\/\"},\"wordCount\":300,\"publisher\":{\"@id\":\"https:\\\/\\\/www.bellunopress.it\\\/#organization\"},\"image\":{\"@id\":\"https:\\\/\\\/www.bellunopress.it\\\/2019\\\/09\\\/08\\\/laura-de-menech-presenta-nella-sabbia-del-tempo-sabato-alle-18-30-alla-libreria-tarantola-di-belluno\\\/#primaryimage\"},\"thumbnailUrl\":\"http:\\\/\\\/www.bellunopress.it\\\/wp-content\\\/uploads\\\/2018\\\/10\\\/laura-de-menech.jpg\",\"articleSection\":[\"Appuntamenti, Eventi\",\"Arte, Cultura, Spettacoli, Scienza\",\"Pausa Caff\u00e8\"],\"inLanguage\":\"fr-FR\"},{\"@type\":\"WebPage\",\"@id\":\"https:\\\/\\\/www.bellunopress.it\\\/2019\\\/09\\\/08\\\/laura-de-menech-presenta-nella-sabbia-del-tempo-sabato-alle-18-30-alla-libreria-tarantola-di-belluno\\\/\",\"url\":\"https:\\\/\\\/www.bellunopress.it\\\/2019\\\/09\\\/08\\\/laura-de-menech-presenta-nella-sabbia-del-tempo-sabato-alle-18-30-alla-libreria-tarantola-di-belluno\\\/\",\"name\":\"Laura De Menech presenta \\\"Nella sabbia del tempo\\\". Sabato alle 18.30 alla Libreria Tarantola di Belluno - Bellunopress - Dolomiti\",\"isPartOf\":{\"@id\":\"https:\\\/\\\/www.bellunopress.it\\\/#website\"},\"primaryImageOfPage\":{\"@id\":\"https:\\\/\\\/www.bellunopress.it\\\/2019\\\/09\\\/08\\\/laura-de-menech-presenta-nella-sabbia-del-tempo-sabato-alle-18-30-alla-libreria-tarantola-di-belluno\\\/#primaryimage\"},\"image\":{\"@id\":\"https:\\\/\\\/www.bellunopress.it\\\/2019\\\/09\\\/08\\\/laura-de-menech-presenta-nella-sabbia-del-tempo-sabato-alle-18-30-alla-libreria-tarantola-di-belluno\\\/#primaryimage\"},\"thumbnailUrl\":\"http:\\\/\\\/www.bellunopress.it\\\/wp-content\\\/uploads\\\/2018\\\/10\\\/laura-de-menech.jpg\",\"datePublished\":\"2019-09-08T18:47:18+00:00\",\"breadcrumb\":{\"@id\":\"https:\\\/\\\/www.bellunopress.it\\\/2019\\\/09\\\/08\\\/laura-de-menech-presenta-nella-sabbia-del-tempo-sabato-alle-18-30-alla-libreria-tarantola-di-belluno\\\/#breadcrumb\"},\"inLanguage\":\"fr-FR\",\"potentialAction\":[{\"@type\":\"ReadAction\",\"target\":[\"https:\\\/\\\/www.bellunopress.it\\\/2019\\\/09\\\/08\\\/laura-de-menech-presenta-nella-sabbia-del-tempo-sabato-alle-18-30-alla-libreria-tarantola-di-belluno\\\/\"]}]},{\"@type\":\"ImageObject\",\"inLanguage\":\"fr-FR\",\"@id\":\"https:\\\/\\\/www.bellunopress.it\\\/2019\\\/09\\\/08\\\/laura-de-menech-presenta-nella-sabbia-del-tempo-sabato-alle-18-30-alla-libreria-tarantola-di-belluno\\\/#primaryimage\",\"url\":\"http:\\\/\\\/www.bellunopress.it\\\/wp-content\\\/uploads\\\/2018\\\/10\\\/laura-de-menech.jpg\",\"contentUrl\":\"http:\\\/\\\/www.bellunopress.it\\\/wp-content\\\/uploads\\\/2018\\\/10\\\/laura-de-menech.jpg\"},{\"@type\":\"BreadcrumbList\",\"@id\":\"https:\\\/\\\/www.bellunopress.it\\\/2019\\\/09\\\/08\\\/laura-de-menech-presenta-nella-sabbia-del-tempo-sabato-alle-18-30-alla-libreria-tarantola-di-belluno\\\/#breadcrumb\",\"itemListElement\":[{\"@type\":\"ListItem\",\"position\":1,\"name\":\"Home\",\"item\":\"https:\\\/\\\/www.bellunopress.it\\\/\"},{\"@type\":\"ListItem\",\"position\":2,\"name\":\"Laura De Menech presenta &#8220;Nella sabbia del tempo&#8221;. Sabato alle 18.30 alla Libreria Tarantola di Belluno\"}]},{\"@type\":\"WebSite\",\"@id\":\"https:\\\/\\\/www.bellunopress.it\\\/#website\",\"url\":\"https:\\\/\\\/www.bellunopress.it\\\/\",\"name\":\"Bellunopress - Dolomiti\",\"description\":\"e-mail: redazione@bellunopress.it\",\"publisher\":{\"@id\":\"https:\\\/\\\/www.bellunopress.it\\\/#organization\"},\"potentialAction\":[{\"@type\":\"SearchAction\",\"target\":{\"@type\":\"EntryPoint\",\"urlTemplate\":\"https:\\\/\\\/www.bellunopress.it\\\/?s={search_term_string}\"},\"query-input\":{\"@type\":\"PropertyValueSpecification\",\"valueRequired\":true,\"valueName\":\"search_term_string\"}}],\"inLanguage\":\"fr-FR\"},{\"@type\":\"Organization\",\"@id\":\"https:\\\/\\\/www.bellunopress.it\\\/#organization\",\"name\":\"Bellunopress\",\"url\":\"https:\\\/\\\/www.bellunopress.it\\\/\",\"logo\":{\"@type\":\"ImageObject\",\"inLanguage\":\"fr-FR\",\"@id\":\"https:\\\/\\\/www.bellunopress.it\\\/#\\\/schema\\\/logo\\\/image\\\/\",\"url\":\"https:\\\/\\\/www.bellunopress.it\\\/wp-content\\\/uploads\\\/2011\\\/05\\\/cropped-logo-bellunopress-.jpg\",\"contentUrl\":\"https:\\\/\\\/www.bellunopress.it\\\/wp-content\\\/uploads\\\/2011\\\/05\\\/cropped-logo-bellunopress-.jpg\",\"width\":512,\"height\":512,\"caption\":\"Bellunopress\"},\"image\":{\"@id\":\"https:\\\/\\\/www.bellunopress.it\\\/#\\\/schema\\\/logo\\\/image\\\/\"},\"sameAs\":[\"https:\\\/\\\/www.facebook.com\\\/profile.php?id=100008943462799\",\"https:\\\/\\\/x.com\\\/bellunopress\",\"https:\\\/\\\/www.linkedin.com\\\/hp\\\/?dnr=JBzUWaJfMUw8vbXJJ2tVW5-I3jZKvC4wsoxE&amp;amp;amp;amp;amp;amp;trk=nav_responsive_tab_home\",\"https:\\\/\\\/www.youtube.com\\\/channel\\\/UCxL0wu1uN0_3_7hGG0306cw\"]},{\"@type\":\"Person\",\"@id\":\"https:\\\/\\\/www.bellunopress.it\\\/#\\\/schema\\\/person\\\/79bb06722b37ece1c03d3e94beb30d73\",\"name\":\"redazione\",\"image\":{\"@type\":\"ImageObject\",\"inLanguage\":\"fr-FR\",\"@id\":\"https:\\\/\\\/secure.gravatar.com\\\/avatar\\\/37d968a2e67a6fd04c169c4bdef102d0bc5d31b2546345219e348575eb80e9a0?s=96&d=mm&r=g\",\"url\":\"https:\\\/\\\/secure.gravatar.com\\\/avatar\\\/37d968a2e67a6fd04c169c4bdef102d0bc5d31b2546345219e348575eb80e9a0?s=96&d=mm&r=g\",\"contentUrl\":\"https:\\\/\\\/secure.gravatar.com\\\/avatar\\\/37d968a2e67a6fd04c169c4bdef102d0bc5d31b2546345219e348575eb80e9a0?s=96&d=mm&r=g\",\"caption\":\"redazione\"},\"sameAs\":[\"http:\\\/\\\/www.bellunopress.it\",\"https:\\\/\\\/x.com\\\/bellunopress\"],\"url\":\"https:\\\/\\\/www.bellunopress.it\\\/fr\\\/author\\\/redazione\\\/\"}]}<\/script>\n<!-- \/ Yoast SEO plugin. -->","yoast_head_json":{"title":"Laura De Menech presenta \"Nella sabbia del tempo\". Sabato alle 18.30 alla Libreria Tarantola di Belluno - Bellunopress - Dolomiti","robots":{"index":"index","follow":"follow","max-snippet":"max-snippet:-1","max-image-preview":"max-image-preview:large","max-video-preview":"max-video-preview:-1"},"canonical":"https:\/\/www.bellunopress.it\/fr\/2019\/09\/08\/laura-de-menech-presenta-nella-sabbia-del-tempo-sabato-alle-18-30-alla-libreria-tarantola-di-belluno\/","og_locale":"fr_FR","og_type":"article","og_title":"Laura De Menech presenta \"Nella sabbia del tempo\". Sabato alle 18.30 alla Libreria Tarantola di Belluno - Bellunopress - Dolomiti","og_description":"Sabato 14 settembre alle ore 18.30 alla Libreria Tarantola di via Psaro 13, Laura De Menech presenta il suo libro &#8220;Nella sabbia del tempo&#8221;. Il libro: Ana\u00efs vive una vita che non le appartiene: \u00e8 un\u2019anima saggia in un corpo di bambina. La sua mente precoce brilla gi\u00e0 in tenera et\u00e0, e sar\u00e0 proprio l\u2019infanzia [&hellip;]","og_url":"https:\/\/www.bellunopress.it\/fr\/2019\/09\/08\/laura-de-menech-presenta-nella-sabbia-del-tempo-sabato-alle-18-30-alla-libreria-tarantola-di-belluno\/","og_site_name":"Bellunopress - Dolomiti","article_publisher":"https:\/\/www.facebook.com\/profile.php?id=100008943462799","article_published_time":"2019-09-08T18:47:18+00:00","og_image":[{"url":"http:\/\/www.bellunopress.it\/wp-content\/uploads\/2018\/10\/laura-de-menech.jpg","type":"","width":"","height":""}],"author":"redazione","twitter_card":"summary_large_image","twitter_creator":"@bellunopress","twitter_site":"@bellunopress","twitter_misc":{"\u00c9crit par":"redazione","Dur\u00e9e de lecture estim\u00e9e":"1 minute"},"schema":{"@context":"https:\/\/schema.org","@graph":[{"@type":"Article","@id":"https:\/\/www.bellunopress.it\/2019\/09\/08\/laura-de-menech-presenta-nella-sabbia-del-tempo-sabato-alle-18-30-alla-libreria-tarantola-di-belluno\/#article","isPartOf":{"@id":"https:\/\/www.bellunopress.it\/2019\/09\/08\/laura-de-menech-presenta-nella-sabbia-del-tempo-sabato-alle-18-30-alla-libreria-tarantola-di-belluno\/"},"author":{"name":"redazione","@id":"https:\/\/www.bellunopress.it\/#\/schema\/person\/79bb06722b37ece1c03d3e94beb30d73"},"headline":"Laura De Menech presenta &#8220;Nella sabbia del tempo&#8221;. Sabato alle 18.30 alla Libreria Tarantola di Belluno","datePublished":"2019-09-08T18:47:18+00:00","mainEntityOfPage":{"@id":"https:\/\/www.bellunopress.it\/2019\/09\/08\/laura-de-menech-presenta-nella-sabbia-del-tempo-sabato-alle-18-30-alla-libreria-tarantola-di-belluno\/"},"wordCount":300,"publisher":{"@id":"https:\/\/www.bellunopress.it\/#organization"},"image":{"@id":"https:\/\/www.bellunopress.it\/2019\/09\/08\/laura-de-menech-presenta-nella-sabbia-del-tempo-sabato-alle-18-30-alla-libreria-tarantola-di-belluno\/#primaryimage"},"thumbnailUrl":"http:\/\/www.bellunopress.it\/wp-content\/uploads\/2018\/10\/laura-de-menech.jpg","articleSection":["Appuntamenti, Eventi","Arte, Cultura, Spettacoli, Scienza","Pausa Caff\u00e8"],"inLanguage":"fr-FR"},{"@type":"WebPage","@id":"https:\/\/www.bellunopress.it\/2019\/09\/08\/laura-de-menech-presenta-nella-sabbia-del-tempo-sabato-alle-18-30-alla-libreria-tarantola-di-belluno\/","url":"https:\/\/www.bellunopress.it\/2019\/09\/08\/laura-de-menech-presenta-nella-sabbia-del-tempo-sabato-alle-18-30-alla-libreria-tarantola-di-belluno\/","name":"Laura De Menech presenta \"Nella sabbia del tempo\". Sabato alle 18.30 alla Libreria Tarantola di Belluno - Bellunopress - Dolomiti","isPartOf":{"@id":"https:\/\/www.bellunopress.it\/#website"},"primaryImageOfPage":{"@id":"https:\/\/www.bellunopress.it\/2019\/09\/08\/laura-de-menech-presenta-nella-sabbia-del-tempo-sabato-alle-18-30-alla-libreria-tarantola-di-belluno\/#primaryimage"},"image":{"@id":"https:\/\/www.bellunopress.it\/2019\/09\/08\/laura-de-menech-presenta-nella-sabbia-del-tempo-sabato-alle-18-30-alla-libreria-tarantola-di-belluno\/#primaryimage"},"thumbnailUrl":"http:\/\/www.bellunopress.it\/wp-content\/uploads\/2018\/10\/laura-de-menech.jpg","datePublished":"2019-09-08T18:47:18+00:00","breadcrumb":{"@id":"https:\/\/www.bellunopress.it\/2019\/09\/08\/laura-de-menech-presenta-nella-sabbia-del-tempo-sabato-alle-18-30-alla-libreria-tarantola-di-belluno\/#breadcrumb"},"inLanguage":"fr-FR","potentialAction":[{"@type":"ReadAction","target":["https:\/\/www.bellunopress.it\/2019\/09\/08\/laura-de-menech-presenta-nella-sabbia-del-tempo-sabato-alle-18-30-alla-libreria-tarantola-di-belluno\/"]}]},{"@type":"ImageObject","inLanguage":"fr-FR","@id":"https:\/\/www.bellunopress.it\/2019\/09\/08\/laura-de-menech-presenta-nella-sabbia-del-tempo-sabato-alle-18-30-alla-libreria-tarantola-di-belluno\/#primaryimage","url":"http:\/\/www.bellunopress.it\/wp-content\/uploads\/2018\/10\/laura-de-menech.jpg","contentUrl":"http:\/\/www.bellunopress.it\/wp-content\/uploads\/2018\/10\/laura-de-menech.jpg"},{"@type":"BreadcrumbList","@id":"https:\/\/www.bellunopress.it\/2019\/09\/08\/laura-de-menech-presenta-nella-sabbia-del-tempo-sabato-alle-18-30-alla-libreria-tarantola-di-belluno\/#breadcrumb","itemListElement":[{"@type":"ListItem","position":1,"name":"Home","item":"https:\/\/www.bellunopress.it\/"},{"@type":"ListItem","position":2,"name":"Laura De Menech presenta &#8220;Nella sabbia del tempo&#8221;. Sabato alle 18.30 alla Libreria Tarantola di Belluno"}]},{"@type":"WebSite","@id":"https:\/\/www.bellunopress.it\/#website","url":"https:\/\/www.bellunopress.it\/","name":"Bellunopress - Dolomiti","description":"e-mail: redazione@bellunopress.it","publisher":{"@id":"https:\/\/www.bellunopress.it\/#organization"},"potentialAction":[{"@type":"SearchAction","target":{"@type":"EntryPoint","urlTemplate":"https:\/\/www.bellunopress.it\/?s={search_term_string}"},"query-input":{"@type":"PropertyValueSpecification","valueRequired":true,"valueName":"search_term_string"}}],"inLanguage":"fr-FR"},{"@type":"Organization","@id":"https:\/\/www.bellunopress.it\/#organization","name":"Bellunopress","url":"https:\/\/www.bellunopress.it\/","logo":{"@type":"ImageObject","inLanguage":"fr-FR","@id":"https:\/\/www.bellunopress.it\/#\/schema\/logo\/image\/","url":"https:\/\/www.bellunopress.it\/wp-content\/uploads\/2011\/05\/cropped-logo-bellunopress-.jpg","contentUrl":"https:\/\/www.bellunopress.it\/wp-content\/uploads\/2011\/05\/cropped-logo-bellunopress-.jpg","width":512,"height":512,"caption":"Bellunopress"},"image":{"@id":"https:\/\/www.bellunopress.it\/#\/schema\/logo\/image\/"},"sameAs":["https:\/\/www.facebook.com\/profile.php?id=100008943462799","https:\/\/x.com\/bellunopress","https:\/\/www.linkedin.com\/hp\/?dnr=JBzUWaJfMUw8vbXJJ2tVW5-I3jZKvC4wsoxE&amp;amp;amp;amp;amp;amp;trk=nav_responsive_tab_home","https:\/\/www.youtube.com\/channel\/UCxL0wu1uN0_3_7hGG0306cw"]},{"@type":"Person","@id":"https:\/\/www.bellunopress.it\/#\/schema\/person\/79bb06722b37ece1c03d3e94beb30d73","name":"r\u00e9daction","image":{"@type":"ImageObject","inLanguage":"fr-FR","@id":"https:\/\/secure.gravatar.com\/avatar\/37d968a2e67a6fd04c169c4bdef102d0bc5d31b2546345219e348575eb80e9a0?s=96&d=mm&r=g","url":"https:\/\/secure.gravatar.com\/avatar\/37d968a2e67a6fd04c169c4bdef102d0bc5d31b2546345219e348575eb80e9a0?s=96&d=mm&r=g","contentUrl":"https:\/\/secure.gravatar.com\/avatar\/37d968a2e67a6fd04c169c4bdef102d0bc5d31b2546345219e348575eb80e9a0?s=96&d=mm&r=g","caption":"redazione"},"sameAs":["http:\/\/www.bellunopress.it","https:\/\/x.com\/bellunopress"],"url":"https:\/\/www.bellunopress.it\/fr\/author\/redazione\/"}]}},"_links":{"self":[{"href":"https:\/\/www.bellunopress.it\/fr\/wp-json\/wp\/v2\/posts\/107586","targetHints":{"allow":["GET"]}}],"collection":[{"href":"https:\/\/www.bellunopress.it\/fr\/wp-json\/wp\/v2\/posts"}],"about":[{"href":"https:\/\/www.bellunopress.it\/fr\/wp-json\/wp\/v2\/types\/post"}],"author":[{"embeddable":true,"href":"https:\/\/www.bellunopress.it\/fr\/wp-json\/wp\/v2\/users\/2"}],"replies":[{"embeddable":true,"href":"https:\/\/www.bellunopress.it\/fr\/wp-json\/wp\/v2\/comments?post=107586"}],"version-history":[{"count":3,"href":"https:\/\/www.bellunopress.it\/fr\/wp-json\/wp\/v2\/posts\/107586\/revisions"}],"predecessor-version":[{"id":107673,"href":"https:\/\/www.bellunopress.it\/fr\/wp-json\/wp\/v2\/posts\/107586\/revisions\/107673"}],"wp:attachment":[{"href":"https:\/\/www.bellunopress.it\/fr\/wp-json\/wp\/v2\/media?parent=107586"}],"wp:term":[{"taxonomy":"category","embeddable":true,"href":"https:\/\/www.bellunopress.it\/fr\/wp-json\/wp\/v2\/categories?post=107586"},{"taxonomy":"post_tag","embeddable":true,"href":"https:\/\/www.bellunopress.it\/fr\/wp-json\/wp\/v2\/tags?post=107586"}],"curies":[{"name":"wp","href":"https:\/\/api.w.org\/{rel}","templated":true}]}}