{"id":10758,"date":"2009-12-17T19:44:21","date_gmt":"2009-12-17T18:44:21","guid":{"rendered":"http:\/\/www.bellunopress.it\/?p=10758"},"modified":"2009-12-17T19:44:21","modified_gmt":"2009-12-17T18:44:21","slug":"la-storia-di-pierino-e-il-lupo-un-cult-del-teatro-ragazzi-in-italia-festeggia-il-decennale-della-sua-tournee","status":"publish","type":"post","link":"https:\/\/www.bellunopress.it\/fr\/2009\/12\/17\/la-storia-di-pierino-e-il-lupo-un-cult-del-teatro-ragazzi-in-italia-festeggia-il-decennale-della-sua-tournee\/","title":{"rendered":"La storia di Pierino e il lupo: un cult del teatro ragazzi in Italia festeggia il decennale della sua tourn\u00e9e"},"content":{"rendered":"<p>Due pomeriggi di festa a teatro per grandi e piccini!!! Cos\u00ec Tib Teatro ha deciso di festeggiare il decimo compleanno dello spettacolo La storia di Pierino e il lupo, una produzione ormai storica nel panorama del teatro ragazzi in Italia, sabato 19 dicembre ad Auronzo (Teatro Kursaal alle ore 17:30) e domenica 20 dicembre a Belluno (Teatro Comunale ore 17:00). Lo spettacolo, tratto dall&#8217;opera Pierino e il lupo di Sergej Prokofiev riprodotta integralmente nella straordinaria esecuzione di Claudio Abbado, vede in scena gli apprezzatissimi Clara Libertini e Solimano Pontarollo che con la loro capacit\u00e0 narrativa ed evocativa ci racconteranno questa storia semplice, immediata e vivace, una storia in cui l\u2019intelligenza di un piccolo sa sconfiggere una grande paura: quella del lupo. Una storia che la regista Daniela Nicosia ha voluto raccontare con freschezza e delicatezza, non con le parole dei grandi ma con le grandi parole che sanno partorire i pi\u00f9 piccoli. Il fascino della composizione di Prokofiev sta nella felice intuizione di far raccontare la storia con la musica, di fare di ogni strumento dell\u2019orchestra un personaggio. Nello spettacolo gli attori raccontano la storia con i loro strumenti: la parola e il corpo, la danza e le immagini, mentre la partitura musicale corre libera. \u00c8 cos\u00ec che, mediata dalla figura di un cantastorie, l\u2019opera viene contestualizzata in una realt\u00e0 di emigrazione. Pierino, bambino \u201csolo\u201d in un paese popolato da soli vecchi ha come \u201camici del cuore\u201d: l\u2019uccellino, l\u2019anitra e il gatto. Una grande fame accomuna Pierino (che per un pezzo di pane si presta a far da \u201cspalla\u201d al cantastorie a sua volta affamato), gli abitanti di quel paese e il lupo che per mangiare, proprio come loro, deve \u201cmigrare\u201d\u2026 Ma i lupi a questo mondo sono tanti e hanno tanti volti, bisogna imparare a riconoscerli e a difendersi\u2026 Recitazione, musica, danza e immagine compongono cos\u00ec un armonico tessuto ricco, peraltro, di notevoli spunti comici e di riflessione capaci di rendervi partecipi e persino protagonisti&#8230; insieme a Pierino, l\u2019oca, il gatto, il nonno, l\u2019uccellino\u2026 E i cacciatori? Beh quello spetta proprio a voi&#8230;<br \/>\nNel corso di questi \u201cprimi\u201d dieci anni Pierino ha attraversato l\u2019Italia \u201cin lungo e in largo\u201d, arrivando fino a inesplorate sale teatrali dove ha avuto l\u2019onore di inaugurare progetti di teatro dedicati alle nuove generazioni, o raccogliendo consensi e apprezzamenti in alcuni fra i teatri pi\u00f9 prestigiosi della penisola (per citarne alcuni il Verdi di Padova e il Goldoni di Venezia,\u00a0 il Testori e il Piccolo di Forl\u00ec, la Sala Fontana di Milano, il Filippini di Verona, il Comunale di Ferrara, il Testoni di Bologna, il Mercadante di Napoli, il Metropolitan di Palermo, l\u2019Augusteo di Salerno, il Carlo Gesualdo di Avellino, l\u2019Alfieri di Cagliari oltre, naturalmente, il Comunale di Belluno). \u00c8 stato ospitato a festival importanti quali BassanoOperaEstate e Enfantheatre di Aosta e inoltre, dopo il successo ottenuto dalla versione inglese al meeting europeo della piattaforma EunetART nel 2005, ha scoperto una nuova vocazione e grazie all\u2019apprezzamento da parte degli operatori stranieri e italiani dell\u2019ottima e fedele traduzione del testo e della bravura attorale e linguistica di Solimano Pontarollo e Clara Libertini, lo spettacolo \u00e8 stato consacrato fra le proposte in lingua inglese pi\u00f9 richieste sul territorio nazionale.<br \/>\nLa storia di Pierino e il lupo \u00e8 una produzione Tib Teatro, tratta da Pierino e il Lupo di Sergej Prokofiev, per la drammaturgia e la regia Daniela Nicosia, in scena Solimano Pontarollo e Clara Libertini, elementi scenografici Gianni Volpe, tecnico luci-suono Paolo Pellicciari.<br \/>\n<strong>REPLICA AD AURONZO: sabato 19 dicembre ore 17:30 presso il Teatro Kursaal<\/strong>. Info e prenotazioni fino a venerd\u00ec 18 dicembre 0437-950555. Biglietteria presso il Teatro Kursaal sabato 19 dicembre dalle ore 16:30. Lo spettacolo \u00e8 inserito nella Stagione di Teatro Auronzo di scena, organizzata da Tib Teatro, per la direzione artistica di Daniela Nicosia, con il Comune di Auronzo di Cadore, il Ministero per i Beni e le Attivit\u00e0 Culturali e la collaborazione del Consorzio Turistico Auronzo-Misurina.<br \/>\n<strong>REPLICA A BELLUNO: domenica 20 dicembre ore 17:00 presso il Teatro Comunale<\/strong>. Info e prenotazioni fino a venerd\u00ec 18 dicembre 0437-950555. Biglietteria presso il Teatro Comunale (0437-940349) sabato 19 (dalle 11 alle 13 e dalle 17 alle 20) e domenica 20 (dalle 11 alle 13 e dalle 15:30 alle 16:30). Diciassettesima edizione della Stagione di Teatro per l\u2019Infanzia e la Giovent\u00f9 Comincio dai 3, organizzata da Tib Teatro, per la direzione artistica di Daniela Nicosia, con Comune di Belluno, Fondazione Teatri delle Dolomiti, Provincia di Belluno, Regione del Veneto, Ministero per i Beni e le Attivit\u00e0 Culturali, Miur-Ufficio Scolastico Provinciale di Belluno, Agiscuola e AICS-Comitato Provinciale di Belluno.<br \/>\nwww.tibteatro.it<\/p>","protected":false},"excerpt":{"rendered":"<p>Due pomeriggi di festa a teatro per grandi e piccini!!! Cos\u00ec Tib Teatro ha deciso di festeggiare il decimo compleanno dello spettacolo La storia di Pierino e il lupo, una produzione ormai storica nel panorama del teatro ragazzi in Italia, sabato 19 dicembre ad Auronzo (Teatro Kursaal alle ore 17:30) e domenica 20 dicembre a [&hellip;]<\/p>\n","protected":false},"author":2,"featured_media":0,"comment_status":"closed","ping_status":"open","sticky":false,"template":"","format":"standard","meta":{"footnotes":""},"categories":[3,25],"tags":[139,151,63],"class_list":["post-10758","post","type-post","status-publish","format-standard","category-arte-cultura-spettacoli-scienza-archivi","category-pausa-caffe","tag-belluno","tag-cadore","tag-dolomiti"],"yoast_head":"<!-- This site is optimized with the Yoast SEO plugin v28.4 - https:\/\/yoast.com\/product\/yoast-seo-wordpress\/ -->\n<title>La storia di Pierino e il lupo: un cult del teatro ragazzi in Italia festeggia il decennale della sua tourn\u00e9e - Bellunopress - Dolomiti<\/title>\n<meta name=\"robots\" content=\"index, follow, max-snippet:-1, max-image-preview:large, max-video-preview:-1\" \/>\n<link rel=\"canonical\" href=\"https:\/\/www.bellunopress.it\/fr\/2009\/12\/17\/la-storia-di-pierino-e-il-lupo-un-cult-del-teatro-ragazzi-in-italia-festeggia-il-decennale-della-sua-tournee\/\" \/>\n<meta property=\"og:locale\" content=\"fr_FR\" \/>\n<meta property=\"og:type\" content=\"article\" \/>\n<meta property=\"og:title\" content=\"La storia di Pierino e il lupo: un cult del teatro ragazzi in Italia festeggia il decennale della sua tourn\u00e9e - Bellunopress - Dolomiti\" \/>\n<meta property=\"og:description\" content=\"Due pomeriggi di festa a teatro per grandi e piccini!!! Cos\u00ec Tib Teatro ha deciso di festeggiare il decimo compleanno dello spettacolo La storia di Pierino e il lupo, una produzione ormai storica nel panorama del teatro ragazzi in Italia, sabato 19 dicembre ad Auronzo (Teatro Kursaal alle ore 17:30) e domenica 20 dicembre a [&hellip;]\" \/>\n<meta property=\"og:url\" content=\"https:\/\/www.bellunopress.it\/fr\/2009\/12\/17\/la-storia-di-pierino-e-il-lupo-un-cult-del-teatro-ragazzi-in-italia-festeggia-il-decennale-della-sua-tournee\/\" \/>\n<meta property=\"og:site_name\" content=\"Bellunopress - Dolomiti\" \/>\n<meta property=\"article:publisher\" content=\"https:\/\/www.facebook.com\/profile.php?id=100008943462799\" \/>\n<meta property=\"article:published_time\" content=\"2009-12-17T18:44:21+00:00\" \/>\n<meta property=\"og:image\" content=\"http:\/\/www.bellunopress.it\/wp-content\/uploads\/2012\/07\/logo-bellunopress-250x250-2012.jpg\" \/>\n<meta name=\"author\" content=\"redazione\" \/>\n<meta name=\"twitter:card\" content=\"summary_large_image\" \/>\n<meta name=\"twitter:creator\" content=\"@bellunopress\" \/>\n<meta name=\"twitter:site\" content=\"@bellunopress\" \/>\n<meta name=\"twitter:label1\" content=\"\u00c9crit par\" \/>\n\t<meta name=\"twitter:data1\" content=\"redazione\" \/>\n\t<meta name=\"twitter:label2\" content=\"Dur\u00e9e de lecture estim\u00e9e\" \/>\n\t<meta name=\"twitter:data2\" content=\"4 minutes\" \/>\n<script type=\"application\/ld+json\" class=\"yoast-schema-graph\">{\"@context\":\"https:\\\/\\\/schema.org\",\"@graph\":[{\"@type\":\"Article\",\"@id\":\"https:\\\/\\\/www.bellunopress.it\\\/2009\\\/12\\\/17\\\/la-storia-di-pierino-e-il-lupo-un-cult-del-teatro-ragazzi-in-italia-festeggia-il-decennale-della-sua-tournee\\\/#article\",\"isPartOf\":{\"@id\":\"https:\\\/\\\/www.bellunopress.it\\\/2009\\\/12\\\/17\\\/la-storia-di-pierino-e-il-lupo-un-cult-del-teatro-ragazzi-in-italia-festeggia-il-decennale-della-sua-tournee\\\/\"},\"author\":{\"name\":\"redazione\",\"@id\":\"https:\\\/\\\/www.bellunopress.it\\\/#\\\/schema\\\/person\\\/79bb06722b37ece1c03d3e94beb30d73\"},\"headline\":\"La storia di Pierino e il lupo: un cult del teatro ragazzi in Italia festeggia il decennale della sua tourn\u00e9e\",\"datePublished\":\"2009-12-17T18:44:21+00:00\",\"mainEntityOfPage\":{\"@id\":\"https:\\\/\\\/www.bellunopress.it\\\/2009\\\/12\\\/17\\\/la-storia-di-pierino-e-il-lupo-un-cult-del-teatro-ragazzi-in-italia-festeggia-il-decennale-della-sua-tournee\\\/\"},\"wordCount\":771,\"publisher\":{\"@id\":\"https:\\\/\\\/www.bellunopress.it\\\/#organization\"},\"keywords\":[\"Belluno\",\"Cadore\",\"Dolomiti\"],\"articleSection\":[\"Arte, Cultura, Spettacoli, Scienza\",\"Pausa Caff\u00e8\"],\"inLanguage\":\"fr-FR\"},{\"@type\":\"WebPage\",\"@id\":\"https:\\\/\\\/www.bellunopress.it\\\/2009\\\/12\\\/17\\\/la-storia-di-pierino-e-il-lupo-un-cult-del-teatro-ragazzi-in-italia-festeggia-il-decennale-della-sua-tournee\\\/\",\"url\":\"https:\\\/\\\/www.bellunopress.it\\\/2009\\\/12\\\/17\\\/la-storia-di-pierino-e-il-lupo-un-cult-del-teatro-ragazzi-in-italia-festeggia-il-decennale-della-sua-tournee\\\/\",\"name\":\"La storia di Pierino e il lupo: un cult del teatro ragazzi in Italia festeggia il decennale della sua tourn\u00e9e - Bellunopress - Dolomiti\",\"isPartOf\":{\"@id\":\"https:\\\/\\\/www.bellunopress.it\\\/#website\"},\"datePublished\":\"2009-12-17T18:44:21+00:00\",\"breadcrumb\":{\"@id\":\"https:\\\/\\\/www.bellunopress.it\\\/2009\\\/12\\\/17\\\/la-storia-di-pierino-e-il-lupo-un-cult-del-teatro-ragazzi-in-italia-festeggia-il-decennale-della-sua-tournee\\\/#breadcrumb\"},\"inLanguage\":\"fr-FR\",\"potentialAction\":[{\"@type\":\"ReadAction\",\"target\":[\"https:\\\/\\\/www.bellunopress.it\\\/2009\\\/12\\\/17\\\/la-storia-di-pierino-e-il-lupo-un-cult-del-teatro-ragazzi-in-italia-festeggia-il-decennale-della-sua-tournee\\\/\"]}]},{\"@type\":\"BreadcrumbList\",\"@id\":\"https:\\\/\\\/www.bellunopress.it\\\/2009\\\/12\\\/17\\\/la-storia-di-pierino-e-il-lupo-un-cult-del-teatro-ragazzi-in-italia-festeggia-il-decennale-della-sua-tournee\\\/#breadcrumb\",\"itemListElement\":[{\"@type\":\"ListItem\",\"position\":1,\"name\":\"Home\",\"item\":\"https:\\\/\\\/www.bellunopress.it\\\/\"},{\"@type\":\"ListItem\",\"position\":2,\"name\":\"La storia di Pierino e il lupo: un cult del teatro ragazzi in Italia festeggia il decennale della sua tourn\u00e9e\"}]},{\"@type\":\"WebSite\",\"@id\":\"https:\\\/\\\/www.bellunopress.it\\\/#website\",\"url\":\"https:\\\/\\\/www.bellunopress.it\\\/\",\"name\":\"Bellunopress - Dolomiti\",\"description\":\"e-mail: redazione@bellunopress.it\",\"publisher\":{\"@id\":\"https:\\\/\\\/www.bellunopress.it\\\/#organization\"},\"potentialAction\":[{\"@type\":\"SearchAction\",\"target\":{\"@type\":\"EntryPoint\",\"urlTemplate\":\"https:\\\/\\\/www.bellunopress.it\\\/?s={search_term_string}\"},\"query-input\":{\"@type\":\"PropertyValueSpecification\",\"valueRequired\":true,\"valueName\":\"search_term_string\"}}],\"inLanguage\":\"fr-FR\"},{\"@type\":\"Organization\",\"@id\":\"https:\\\/\\\/www.bellunopress.it\\\/#organization\",\"name\":\"Bellunopress\",\"url\":\"https:\\\/\\\/www.bellunopress.it\\\/\",\"logo\":{\"@type\":\"ImageObject\",\"inLanguage\":\"fr-FR\",\"@id\":\"https:\\\/\\\/www.bellunopress.it\\\/#\\\/schema\\\/logo\\\/image\\\/\",\"url\":\"https:\\\/\\\/www.bellunopress.it\\\/wp-content\\\/uploads\\\/2011\\\/05\\\/cropped-logo-bellunopress-.jpg\",\"contentUrl\":\"https:\\\/\\\/www.bellunopress.it\\\/wp-content\\\/uploads\\\/2011\\\/05\\\/cropped-logo-bellunopress-.jpg\",\"width\":512,\"height\":512,\"caption\":\"Bellunopress\"},\"image\":{\"@id\":\"https:\\\/\\\/www.bellunopress.it\\\/#\\\/schema\\\/logo\\\/image\\\/\"},\"sameAs\":[\"https:\\\/\\\/www.facebook.com\\\/profile.php?id=100008943462799\",\"https:\\\/\\\/x.com\\\/bellunopress\",\"https:\\\/\\\/www.linkedin.com\\\/hp\\\/?dnr=JBzUWaJfMUw8vbXJJ2tVW5-I3jZKvC4wsoxE&amp;amp;amp;amp;amp;amp;trk=nav_responsive_tab_home\",\"https:\\\/\\\/www.youtube.com\\\/channel\\\/UCxL0wu1uN0_3_7hGG0306cw\"]},{\"@type\":\"Person\",\"@id\":\"https:\\\/\\\/www.bellunopress.it\\\/#\\\/schema\\\/person\\\/79bb06722b37ece1c03d3e94beb30d73\",\"name\":\"redazione\",\"image\":{\"@type\":\"ImageObject\",\"inLanguage\":\"fr-FR\",\"@id\":\"https:\\\/\\\/secure.gravatar.com\\\/avatar\\\/37d968a2e67a6fd04c169c4bdef102d0bc5d31b2546345219e348575eb80e9a0?s=96&d=mm&r=g\",\"url\":\"https:\\\/\\\/secure.gravatar.com\\\/avatar\\\/37d968a2e67a6fd04c169c4bdef102d0bc5d31b2546345219e348575eb80e9a0?s=96&d=mm&r=g\",\"contentUrl\":\"https:\\\/\\\/secure.gravatar.com\\\/avatar\\\/37d968a2e67a6fd04c169c4bdef102d0bc5d31b2546345219e348575eb80e9a0?s=96&d=mm&r=g\",\"caption\":\"redazione\"},\"sameAs\":[\"http:\\\/\\\/www.bellunopress.it\",\"https:\\\/\\\/x.com\\\/bellunopress\"],\"url\":\"https:\\\/\\\/www.bellunopress.it\\\/fr\\\/author\\\/redazione\\\/\"}]}<\/script>\n<!-- \/ Yoast SEO plugin. -->","yoast_head_json":{"title":"La storia di Pierino e il lupo: un cult del teatro ragazzi in Italia festeggia il decennale della sua tourn\u00e9e - Bellunopress - Dolomiti","robots":{"index":"index","follow":"follow","max-snippet":"max-snippet:-1","max-image-preview":"max-image-preview:large","max-video-preview":"max-video-preview:-1"},"canonical":"https:\/\/www.bellunopress.it\/fr\/2009\/12\/17\/la-storia-di-pierino-e-il-lupo-un-cult-del-teatro-ragazzi-in-italia-festeggia-il-decennale-della-sua-tournee\/","og_locale":"fr_FR","og_type":"article","og_title":"La storia di Pierino e il lupo: un cult del teatro ragazzi in Italia festeggia il decennale della sua tourn\u00e9e - Bellunopress - Dolomiti","og_description":"Due pomeriggi di festa a teatro per grandi e piccini!!! Cos\u00ec Tib Teatro ha deciso di festeggiare il decimo compleanno dello spettacolo La storia di Pierino e il lupo, una produzione ormai storica nel panorama del teatro ragazzi in Italia, sabato 19 dicembre ad Auronzo (Teatro Kursaal alle ore 17:30) e domenica 20 dicembre a [&hellip;]","og_url":"https:\/\/www.bellunopress.it\/fr\/2009\/12\/17\/la-storia-di-pierino-e-il-lupo-un-cult-del-teatro-ragazzi-in-italia-festeggia-il-decennale-della-sua-tournee\/","og_site_name":"Bellunopress - Dolomiti","article_publisher":"https:\/\/www.facebook.com\/profile.php?id=100008943462799","article_published_time":"2009-12-17T18:44:21+00:00","og_image":[{"url":"http:\/\/www.bellunopress.it\/wp-content\/uploads\/2012\/07\/logo-bellunopress-250x250-2012.jpg","type":"","width":"","height":""}],"author":"redazione","twitter_card":"summary_large_image","twitter_creator":"@bellunopress","twitter_site":"@bellunopress","twitter_misc":{"\u00c9crit par":"redazione","Dur\u00e9e de lecture estim\u00e9e":"4 minutes"},"schema":{"@context":"https:\/\/schema.org","@graph":[{"@type":"Article","@id":"https:\/\/www.bellunopress.it\/2009\/12\/17\/la-storia-di-pierino-e-il-lupo-un-cult-del-teatro-ragazzi-in-italia-festeggia-il-decennale-della-sua-tournee\/#article","isPartOf":{"@id":"https:\/\/www.bellunopress.it\/2009\/12\/17\/la-storia-di-pierino-e-il-lupo-un-cult-del-teatro-ragazzi-in-italia-festeggia-il-decennale-della-sua-tournee\/"},"author":{"name":"redazione","@id":"https:\/\/www.bellunopress.it\/#\/schema\/person\/79bb06722b37ece1c03d3e94beb30d73"},"headline":"La storia di Pierino e il lupo: un cult del teatro ragazzi in Italia festeggia il decennale della sua tourn\u00e9e","datePublished":"2009-12-17T18:44:21+00:00","mainEntityOfPage":{"@id":"https:\/\/www.bellunopress.it\/2009\/12\/17\/la-storia-di-pierino-e-il-lupo-un-cult-del-teatro-ragazzi-in-italia-festeggia-il-decennale-della-sua-tournee\/"},"wordCount":771,"publisher":{"@id":"https:\/\/www.bellunopress.it\/#organization"},"keywords":["Belluno","Cadore","Dolomiti"],"articleSection":["Arte, Cultura, Spettacoli, Scienza","Pausa Caff\u00e8"],"inLanguage":"fr-FR"},{"@type":"WebPage","@id":"https:\/\/www.bellunopress.it\/2009\/12\/17\/la-storia-di-pierino-e-il-lupo-un-cult-del-teatro-ragazzi-in-italia-festeggia-il-decennale-della-sua-tournee\/","url":"https:\/\/www.bellunopress.it\/2009\/12\/17\/la-storia-di-pierino-e-il-lupo-un-cult-del-teatro-ragazzi-in-italia-festeggia-il-decennale-della-sua-tournee\/","name":"La storia di Pierino e il lupo: un cult del teatro ragazzi in Italia festeggia il decennale della sua tourn\u00e9e - Bellunopress - Dolomiti","isPartOf":{"@id":"https:\/\/www.bellunopress.it\/#website"},"datePublished":"2009-12-17T18:44:21+00:00","breadcrumb":{"@id":"https:\/\/www.bellunopress.it\/2009\/12\/17\/la-storia-di-pierino-e-il-lupo-un-cult-del-teatro-ragazzi-in-italia-festeggia-il-decennale-della-sua-tournee\/#breadcrumb"},"inLanguage":"fr-FR","potentialAction":[{"@type":"ReadAction","target":["https:\/\/www.bellunopress.it\/2009\/12\/17\/la-storia-di-pierino-e-il-lupo-un-cult-del-teatro-ragazzi-in-italia-festeggia-il-decennale-della-sua-tournee\/"]}]},{"@type":"BreadcrumbList","@id":"https:\/\/www.bellunopress.it\/2009\/12\/17\/la-storia-di-pierino-e-il-lupo-un-cult-del-teatro-ragazzi-in-italia-festeggia-il-decennale-della-sua-tournee\/#breadcrumb","itemListElement":[{"@type":"ListItem","position":1,"name":"Home","item":"https:\/\/www.bellunopress.it\/"},{"@type":"ListItem","position":2,"name":"La storia di Pierino e il lupo: un cult del teatro ragazzi in Italia festeggia il decennale della sua tourn\u00e9e"}]},{"@type":"WebSite","@id":"https:\/\/www.bellunopress.it\/#website","url":"https:\/\/www.bellunopress.it\/","name":"Bellunopress - Dolomiti","description":"e-mail: redazione@bellunopress.it","publisher":{"@id":"https:\/\/www.bellunopress.it\/#organization"},"potentialAction":[{"@type":"SearchAction","target":{"@type":"EntryPoint","urlTemplate":"https:\/\/www.bellunopress.it\/?s={search_term_string}"},"query-input":{"@type":"PropertyValueSpecification","valueRequired":true,"valueName":"search_term_string"}}],"inLanguage":"fr-FR"},{"@type":"Organization","@id":"https:\/\/www.bellunopress.it\/#organization","name":"Bellunopress","url":"https:\/\/www.bellunopress.it\/","logo":{"@type":"ImageObject","inLanguage":"fr-FR","@id":"https:\/\/www.bellunopress.it\/#\/schema\/logo\/image\/","url":"https:\/\/www.bellunopress.it\/wp-content\/uploads\/2011\/05\/cropped-logo-bellunopress-.jpg","contentUrl":"https:\/\/www.bellunopress.it\/wp-content\/uploads\/2011\/05\/cropped-logo-bellunopress-.jpg","width":512,"height":512,"caption":"Bellunopress"},"image":{"@id":"https:\/\/www.bellunopress.it\/#\/schema\/logo\/image\/"},"sameAs":["https:\/\/www.facebook.com\/profile.php?id=100008943462799","https:\/\/x.com\/bellunopress","https:\/\/www.linkedin.com\/hp\/?dnr=JBzUWaJfMUw8vbXJJ2tVW5-I3jZKvC4wsoxE&amp;amp;amp;amp;amp;amp;trk=nav_responsive_tab_home","https:\/\/www.youtube.com\/channel\/UCxL0wu1uN0_3_7hGG0306cw"]},{"@type":"Person","@id":"https:\/\/www.bellunopress.it\/#\/schema\/person\/79bb06722b37ece1c03d3e94beb30d73","name":"r\u00e9daction","image":{"@type":"ImageObject","inLanguage":"fr-FR","@id":"https:\/\/secure.gravatar.com\/avatar\/37d968a2e67a6fd04c169c4bdef102d0bc5d31b2546345219e348575eb80e9a0?s=96&d=mm&r=g","url":"https:\/\/secure.gravatar.com\/avatar\/37d968a2e67a6fd04c169c4bdef102d0bc5d31b2546345219e348575eb80e9a0?s=96&d=mm&r=g","contentUrl":"https:\/\/secure.gravatar.com\/avatar\/37d968a2e67a6fd04c169c4bdef102d0bc5d31b2546345219e348575eb80e9a0?s=96&d=mm&r=g","caption":"redazione"},"sameAs":["http:\/\/www.bellunopress.it","https:\/\/x.com\/bellunopress"],"url":"https:\/\/www.bellunopress.it\/fr\/author\/redazione\/"}]}},"_links":{"self":[{"href":"https:\/\/www.bellunopress.it\/fr\/wp-json\/wp\/v2\/posts\/10758","targetHints":{"allow":["GET"]}}],"collection":[{"href":"https:\/\/www.bellunopress.it\/fr\/wp-json\/wp\/v2\/posts"}],"about":[{"href":"https:\/\/www.bellunopress.it\/fr\/wp-json\/wp\/v2\/types\/post"}],"author":[{"embeddable":true,"href":"https:\/\/www.bellunopress.it\/fr\/wp-json\/wp\/v2\/users\/2"}],"replies":[{"embeddable":true,"href":"https:\/\/www.bellunopress.it\/fr\/wp-json\/wp\/v2\/comments?post=10758"}],"version-history":[{"count":1,"href":"https:\/\/www.bellunopress.it\/fr\/wp-json\/wp\/v2\/posts\/10758\/revisions"}],"predecessor-version":[{"id":10759,"href":"https:\/\/www.bellunopress.it\/fr\/wp-json\/wp\/v2\/posts\/10758\/revisions\/10759"}],"wp:attachment":[{"href":"https:\/\/www.bellunopress.it\/fr\/wp-json\/wp\/v2\/media?parent=10758"}],"wp:term":[{"taxonomy":"category","embeddable":true,"href":"https:\/\/www.bellunopress.it\/fr\/wp-json\/wp\/v2\/categories?post=10758"},{"taxonomy":"post_tag","embeddable":true,"href":"https:\/\/www.bellunopress.it\/fr\/wp-json\/wp\/v2\/tags?post=10758"}],"curies":[{"name":"wp","href":"https:\/\/api.w.org\/{rel}","templated":true}]}}