{"id":10754,"date":"2009-12-17T19:37:04","date_gmt":"2009-12-17T18:37:04","guid":{"rendered":"http:\/\/www.bellunopress.it\/?p=10754"},"modified":"2009-12-17T19:37:04","modified_gmt":"2009-12-17T18:37:04","slug":"e-in-uscita-il-programma-invernale-del-cai-di-agordo","status":"publish","type":"post","link":"https:\/\/www.bellunopress.it\/fr\/2009\/12\/17\/e-in-uscita-il-programma-invernale-del-cai-di-agordo\/","title":{"rendered":"E&#8217; in uscita il programma invernale del Cai di Agordo"},"content":{"rendered":"<p>Uscir\u00e0 nei prossimi giorni il curato depliant \u201cNote informative e programma invernale 2009-2010\u201d. Come consuetudine, sar\u00e0 reperibile presso l\u2019apposito espositore collocato al di sotto della bacheca CAI nella piazza di Agordo, cos\u00ec come in diversi esercizi commerciali (edicole, librerie, fotografi, negozi sportivi ecc.) della vallata. All\u2019interno del depliant il calendario di uscite ed escursioni nella neve in programma sia con le ci\u00e0spe che con le \u201cpelli di foca\u201d. Il corso sulla sicurezza invernale rivolto soprattutto ai \u201cciaspisti\u201d e il nuovo corso avanzato di sci alpinismo SA2. Ma non solo\u2026<br \/>\nUno sguardo all\u2019estate trascorsa, le nostre iniziative e altre utili notizie sulle vita sezionale e sul nuovo tesseramento. E ancora, un interessante \u201capprofondimento\u201d &#8211; realizzato da Anselmo Cagnati &#8211; sul tema della sicurezza invernale e la prevenzione degli incidenti da valanga.<br \/>\n<strong>Non sapete resistere alla curiosit\u00e0? <\/strong><br \/>\nAllora visitate il nostro sito www.caiagordo.it e\u2026 un doppio click alla voce PROGRAMMA INVERNO 2009-2010 ! \u00a0<strong> VENERDI\u2019 18 DICEMBRE 2009 \u2013 IL RITROVO PER GLI AUGURI NATALIZI <\/strong><br \/>\nCome consuetudine, anche quest\u2019anno la Sezione invita i propri collaboratori, le Associazioni locali, il volontariato e pi\u00f9 in generale tutte le persone che hanno contribuito, con il proprio lavoro, alla realizzazione delle nostre iniziative, alla tradizionale \u201cbicchierata\u201d e \u201cpizza\u201d che si terr\u00e0:<br \/>\nVenerd\u00ec 18 dicembre 2009 a partire dalle ore 17.30, presso la Pizzeria Agordina ad Agordo.<br \/>\nUn\u2019occasione di ritrovo in amicizia rivolto a tutto il gruppo \u201ctrainante\u201d, soprattutto per ringraziare tutti coloro che, a vario titolo, hanno prestato il loro tempo ed il loro lavoro alla buona riuscita delle nostre numerose iniziative succedutesi nel corso dell\u2019anno. RingraziandoVi fin d\u2019ora\u2026Vi aspettiamo!<\/p>","protected":false},"excerpt":{"rendered":"<p>Uscir\u00e0 nei prossimi giorni il curato depliant \u201cNote informative e programma invernale 2009-2010\u201d. Come consuetudine, sar\u00e0 reperibile presso l\u2019apposito espositore collocato al di sotto della bacheca CAI nella piazza di Agordo, cos\u00ec come in diversi esercizi commerciali (edicole, librerie, fotografi, negozi sportivi ecc.) della vallata. All\u2019interno del depliant il calendario di uscite ed escursioni nella [&hellip;]<\/p>\n","protected":false},"author":2,"featured_media":0,"comment_status":"closed","ping_status":"open","sticky":false,"template":"","format":"standard","meta":{"footnotes":""},"categories":[38,25],"tags":[],"class_list":["post-10754","post","type-post","status-publish","format-standard","category-natura-ambiente","category-pausa-caffe"],"yoast_head":"<!-- This site is optimized with the Yoast SEO plugin v28.4 - https:\/\/yoast.com\/product\/yoast-seo-wordpress\/ -->\n<title>E&#039; in uscita il programma invernale del Cai di Agordo - Bellunopress - Dolomiti<\/title>\n<meta name=\"robots\" content=\"index, follow, max-snippet:-1, max-image-preview:large, max-video-preview:-1\" \/>\n<link rel=\"canonical\" href=\"https:\/\/www.bellunopress.it\/fr\/2009\/12\/17\/e-in-uscita-il-programma-invernale-del-cai-di-agordo\/\" \/>\n<meta property=\"og:locale\" content=\"fr_FR\" \/>\n<meta property=\"og:type\" content=\"article\" \/>\n<meta property=\"og:title\" content=\"E&#039; in uscita il programma invernale del Cai di Agordo - Bellunopress - Dolomiti\" \/>\n<meta property=\"og:description\" content=\"Uscir\u00e0 nei prossimi giorni il curato depliant \u201cNote informative e programma invernale 2009-2010\u201d. Come consuetudine, sar\u00e0 reperibile presso l\u2019apposito espositore collocato al di sotto della bacheca CAI nella piazza di Agordo, cos\u00ec come in diversi esercizi commerciali (edicole, librerie, fotografi, negozi sportivi ecc.) della vallata. All\u2019interno del depliant il calendario di uscite ed escursioni nella [&hellip;]\" \/>\n<meta property=\"og:url\" content=\"https:\/\/www.bellunopress.it\/fr\/2009\/12\/17\/e-in-uscita-il-programma-invernale-del-cai-di-agordo\/\" \/>\n<meta property=\"og:site_name\" content=\"Bellunopress - Dolomiti\" \/>\n<meta property=\"article:publisher\" content=\"https:\/\/www.facebook.com\/profile.php?id=100008943462799\" \/>\n<meta property=\"article:published_time\" content=\"2009-12-17T18:37:04+00:00\" \/>\n<meta property=\"og:image\" content=\"http:\/\/www.bellunopress.it\/wp-content\/uploads\/2012\/07\/logo-bellunopress-250x250-2012.jpg\" \/>\n<meta name=\"author\" content=\"redazione\" \/>\n<meta name=\"twitter:card\" content=\"summary_large_image\" \/>\n<meta name=\"twitter:creator\" content=\"@bellunopress\" \/>\n<meta name=\"twitter:site\" content=\"@bellunopress\" \/>\n<meta name=\"twitter:label1\" content=\"\u00c9crit par\" \/>\n\t<meta name=\"twitter:data1\" content=\"redazione\" \/>\n\t<meta name=\"twitter:label2\" content=\"Dur\u00e9e de lecture estim\u00e9e\" \/>\n\t<meta name=\"twitter:data2\" content=\"1 minute\" \/>\n<script type=\"application\/ld+json\" class=\"yoast-schema-graph\">{\"@context\":\"https:\\\/\\\/schema.org\",\"@graph\":[{\"@type\":\"Article\",\"@id\":\"https:\\\/\\\/www.bellunopress.it\\\/2009\\\/12\\\/17\\\/e-in-uscita-il-programma-invernale-del-cai-di-agordo\\\/#article\",\"isPartOf\":{\"@id\":\"https:\\\/\\\/www.bellunopress.it\\\/2009\\\/12\\\/17\\\/e-in-uscita-il-programma-invernale-del-cai-di-agordo\\\/\"},\"author\":{\"name\":\"redazione\",\"@id\":\"https:\\\/\\\/www.bellunopress.it\\\/#\\\/schema\\\/person\\\/79bb06722b37ece1c03d3e94beb30d73\"},\"headline\":\"E&#8217; in uscita il programma invernale del Cai di Agordo\",\"datePublished\":\"2009-12-17T18:37:04+00:00\",\"mainEntityOfPage\":{\"@id\":\"https:\\\/\\\/www.bellunopress.it\\\/2009\\\/12\\\/17\\\/e-in-uscita-il-programma-invernale-del-cai-di-agordo\\\/\"},\"wordCount\":277,\"publisher\":{\"@id\":\"https:\\\/\\\/www.bellunopress.it\\\/#organization\"},\"articleSection\":[\"Meteo, natura, ambiente, animali\",\"Pausa Caff\u00e8\"],\"inLanguage\":\"fr-FR\"},{\"@type\":\"WebPage\",\"@id\":\"https:\\\/\\\/www.bellunopress.it\\\/2009\\\/12\\\/17\\\/e-in-uscita-il-programma-invernale-del-cai-di-agordo\\\/\",\"url\":\"https:\\\/\\\/www.bellunopress.it\\\/2009\\\/12\\\/17\\\/e-in-uscita-il-programma-invernale-del-cai-di-agordo\\\/\",\"name\":\"E' in uscita il programma invernale del Cai di Agordo - Bellunopress - Dolomiti\",\"isPartOf\":{\"@id\":\"https:\\\/\\\/www.bellunopress.it\\\/#website\"},\"datePublished\":\"2009-12-17T18:37:04+00:00\",\"breadcrumb\":{\"@id\":\"https:\\\/\\\/www.bellunopress.it\\\/2009\\\/12\\\/17\\\/e-in-uscita-il-programma-invernale-del-cai-di-agordo\\\/#breadcrumb\"},\"inLanguage\":\"fr-FR\",\"potentialAction\":[{\"@type\":\"ReadAction\",\"target\":[\"https:\\\/\\\/www.bellunopress.it\\\/2009\\\/12\\\/17\\\/e-in-uscita-il-programma-invernale-del-cai-di-agordo\\\/\"]}]},{\"@type\":\"BreadcrumbList\",\"@id\":\"https:\\\/\\\/www.bellunopress.it\\\/2009\\\/12\\\/17\\\/e-in-uscita-il-programma-invernale-del-cai-di-agordo\\\/#breadcrumb\",\"itemListElement\":[{\"@type\":\"ListItem\",\"position\":1,\"name\":\"Home\",\"item\":\"https:\\\/\\\/www.bellunopress.it\\\/\"},{\"@type\":\"ListItem\",\"position\":2,\"name\":\"E&#8217; in uscita il programma invernale del Cai di Agordo\"}]},{\"@type\":\"WebSite\",\"@id\":\"https:\\\/\\\/www.bellunopress.it\\\/#website\",\"url\":\"https:\\\/\\\/www.bellunopress.it\\\/\",\"name\":\"Bellunopress - Dolomiti\",\"description\":\"e-mail: redazione@bellunopress.it\",\"publisher\":{\"@id\":\"https:\\\/\\\/www.bellunopress.it\\\/#organization\"},\"potentialAction\":[{\"@type\":\"SearchAction\",\"target\":{\"@type\":\"EntryPoint\",\"urlTemplate\":\"https:\\\/\\\/www.bellunopress.it\\\/?s={search_term_string}\"},\"query-input\":{\"@type\":\"PropertyValueSpecification\",\"valueRequired\":true,\"valueName\":\"search_term_string\"}}],\"inLanguage\":\"fr-FR\"},{\"@type\":\"Organization\",\"@id\":\"https:\\\/\\\/www.bellunopress.it\\\/#organization\",\"name\":\"Bellunopress\",\"url\":\"https:\\\/\\\/www.bellunopress.it\\\/\",\"logo\":{\"@type\":\"ImageObject\",\"inLanguage\":\"fr-FR\",\"@id\":\"https:\\\/\\\/www.bellunopress.it\\\/#\\\/schema\\\/logo\\\/image\\\/\",\"url\":\"https:\\\/\\\/www.bellunopress.it\\\/wp-content\\\/uploads\\\/2011\\\/05\\\/cropped-logo-bellunopress-.jpg\",\"contentUrl\":\"https:\\\/\\\/www.bellunopress.it\\\/wp-content\\\/uploads\\\/2011\\\/05\\\/cropped-logo-bellunopress-.jpg\",\"width\":512,\"height\":512,\"caption\":\"Bellunopress\"},\"image\":{\"@id\":\"https:\\\/\\\/www.bellunopress.it\\\/#\\\/schema\\\/logo\\\/image\\\/\"},\"sameAs\":[\"https:\\\/\\\/www.facebook.com\\\/profile.php?id=100008943462799\",\"https:\\\/\\\/x.com\\\/bellunopress\",\"https:\\\/\\\/www.linkedin.com\\\/hp\\\/?dnr=JBzUWaJfMUw8vbXJJ2tVW5-I3jZKvC4wsoxE&amp;amp;amp;amp;amp;amp;trk=nav_responsive_tab_home\",\"https:\\\/\\\/www.youtube.com\\\/channel\\\/UCxL0wu1uN0_3_7hGG0306cw\"]},{\"@type\":\"Person\",\"@id\":\"https:\\\/\\\/www.bellunopress.it\\\/#\\\/schema\\\/person\\\/79bb06722b37ece1c03d3e94beb30d73\",\"name\":\"redazione\",\"image\":{\"@type\":\"ImageObject\",\"inLanguage\":\"fr-FR\",\"@id\":\"https:\\\/\\\/secure.gravatar.com\\\/avatar\\\/37d968a2e67a6fd04c169c4bdef102d0bc5d31b2546345219e348575eb80e9a0?s=96&d=mm&r=g\",\"url\":\"https:\\\/\\\/secure.gravatar.com\\\/avatar\\\/37d968a2e67a6fd04c169c4bdef102d0bc5d31b2546345219e348575eb80e9a0?s=96&d=mm&r=g\",\"contentUrl\":\"https:\\\/\\\/secure.gravatar.com\\\/avatar\\\/37d968a2e67a6fd04c169c4bdef102d0bc5d31b2546345219e348575eb80e9a0?s=96&d=mm&r=g\",\"caption\":\"redazione\"},\"sameAs\":[\"http:\\\/\\\/www.bellunopress.it\",\"https:\\\/\\\/x.com\\\/bellunopress\"],\"url\":\"https:\\\/\\\/www.bellunopress.it\\\/fr\\\/author\\\/redazione\\\/\"}]}<\/script>\n<!-- \/ Yoast SEO plugin. -->","yoast_head_json":{"title":"E' in uscita il programma invernale del Cai di Agordo - Bellunopress - Dolomiti","robots":{"index":"index","follow":"follow","max-snippet":"max-snippet:-1","max-image-preview":"max-image-preview:large","max-video-preview":"max-video-preview:-1"},"canonical":"https:\/\/www.bellunopress.it\/fr\/2009\/12\/17\/e-in-uscita-il-programma-invernale-del-cai-di-agordo\/","og_locale":"fr_FR","og_type":"article","og_title":"E' in uscita il programma invernale del Cai di Agordo - Bellunopress - Dolomiti","og_description":"Uscir\u00e0 nei prossimi giorni il curato depliant \u201cNote informative e programma invernale 2009-2010\u201d. Come consuetudine, sar\u00e0 reperibile presso l\u2019apposito espositore collocato al di sotto della bacheca CAI nella piazza di Agordo, cos\u00ec come in diversi esercizi commerciali (edicole, librerie, fotografi, negozi sportivi ecc.) della vallata. All\u2019interno del depliant il calendario di uscite ed escursioni nella [&hellip;]","og_url":"https:\/\/www.bellunopress.it\/fr\/2009\/12\/17\/e-in-uscita-il-programma-invernale-del-cai-di-agordo\/","og_site_name":"Bellunopress - Dolomiti","article_publisher":"https:\/\/www.facebook.com\/profile.php?id=100008943462799","article_published_time":"2009-12-17T18:37:04+00:00","og_image":[{"url":"http:\/\/www.bellunopress.it\/wp-content\/uploads\/2012\/07\/logo-bellunopress-250x250-2012.jpg","type":"","width":"","height":""}],"author":"redazione","twitter_card":"summary_large_image","twitter_creator":"@bellunopress","twitter_site":"@bellunopress","twitter_misc":{"\u00c9crit par":"redazione","Dur\u00e9e de lecture estim\u00e9e":"1 minute"},"schema":{"@context":"https:\/\/schema.org","@graph":[{"@type":"Article","@id":"https:\/\/www.bellunopress.it\/2009\/12\/17\/e-in-uscita-il-programma-invernale-del-cai-di-agordo\/#article","isPartOf":{"@id":"https:\/\/www.bellunopress.it\/2009\/12\/17\/e-in-uscita-il-programma-invernale-del-cai-di-agordo\/"},"author":{"name":"redazione","@id":"https:\/\/www.bellunopress.it\/#\/schema\/person\/79bb06722b37ece1c03d3e94beb30d73"},"headline":"E&#8217; in uscita il programma invernale del Cai di Agordo","datePublished":"2009-12-17T18:37:04+00:00","mainEntityOfPage":{"@id":"https:\/\/www.bellunopress.it\/2009\/12\/17\/e-in-uscita-il-programma-invernale-del-cai-di-agordo\/"},"wordCount":277,"publisher":{"@id":"https:\/\/www.bellunopress.it\/#organization"},"articleSection":["Meteo, natura, ambiente, animali","Pausa Caff\u00e8"],"inLanguage":"fr-FR"},{"@type":"WebPage","@id":"https:\/\/www.bellunopress.it\/2009\/12\/17\/e-in-uscita-il-programma-invernale-del-cai-di-agordo\/","url":"https:\/\/www.bellunopress.it\/2009\/12\/17\/e-in-uscita-il-programma-invernale-del-cai-di-agordo\/","name":"E' in uscita il programma invernale del Cai di Agordo - Bellunopress - Dolomiti","isPartOf":{"@id":"https:\/\/www.bellunopress.it\/#website"},"datePublished":"2009-12-17T18:37:04+00:00","breadcrumb":{"@id":"https:\/\/www.bellunopress.it\/2009\/12\/17\/e-in-uscita-il-programma-invernale-del-cai-di-agordo\/#breadcrumb"},"inLanguage":"fr-FR","potentialAction":[{"@type":"ReadAction","target":["https:\/\/www.bellunopress.it\/2009\/12\/17\/e-in-uscita-il-programma-invernale-del-cai-di-agordo\/"]}]},{"@type":"BreadcrumbList","@id":"https:\/\/www.bellunopress.it\/2009\/12\/17\/e-in-uscita-il-programma-invernale-del-cai-di-agordo\/#breadcrumb","itemListElement":[{"@type":"ListItem","position":1,"name":"Home","item":"https:\/\/www.bellunopress.it\/"},{"@type":"ListItem","position":2,"name":"E&#8217; in uscita il programma invernale del Cai di Agordo"}]},{"@type":"WebSite","@id":"https:\/\/www.bellunopress.it\/#website","url":"https:\/\/www.bellunopress.it\/","name":"Bellunopress - Dolomiti","description":"e-mail: redazione@bellunopress.it","publisher":{"@id":"https:\/\/www.bellunopress.it\/#organization"},"potentialAction":[{"@type":"SearchAction","target":{"@type":"EntryPoint","urlTemplate":"https:\/\/www.bellunopress.it\/?s={search_term_string}"},"query-input":{"@type":"PropertyValueSpecification","valueRequired":true,"valueName":"search_term_string"}}],"inLanguage":"fr-FR"},{"@type":"Organization","@id":"https:\/\/www.bellunopress.it\/#organization","name":"Bellunopress","url":"https:\/\/www.bellunopress.it\/","logo":{"@type":"ImageObject","inLanguage":"fr-FR","@id":"https:\/\/www.bellunopress.it\/#\/schema\/logo\/image\/","url":"https:\/\/www.bellunopress.it\/wp-content\/uploads\/2011\/05\/cropped-logo-bellunopress-.jpg","contentUrl":"https:\/\/www.bellunopress.it\/wp-content\/uploads\/2011\/05\/cropped-logo-bellunopress-.jpg","width":512,"height":512,"caption":"Bellunopress"},"image":{"@id":"https:\/\/www.bellunopress.it\/#\/schema\/logo\/image\/"},"sameAs":["https:\/\/www.facebook.com\/profile.php?id=100008943462799","https:\/\/x.com\/bellunopress","https:\/\/www.linkedin.com\/hp\/?dnr=JBzUWaJfMUw8vbXJJ2tVW5-I3jZKvC4wsoxE&amp;amp;amp;amp;amp;amp;trk=nav_responsive_tab_home","https:\/\/www.youtube.com\/channel\/UCxL0wu1uN0_3_7hGG0306cw"]},{"@type":"Person","@id":"https:\/\/www.bellunopress.it\/#\/schema\/person\/79bb06722b37ece1c03d3e94beb30d73","name":"r\u00e9daction","image":{"@type":"ImageObject","inLanguage":"fr-FR","@id":"https:\/\/secure.gravatar.com\/avatar\/37d968a2e67a6fd04c169c4bdef102d0bc5d31b2546345219e348575eb80e9a0?s=96&d=mm&r=g","url":"https:\/\/secure.gravatar.com\/avatar\/37d968a2e67a6fd04c169c4bdef102d0bc5d31b2546345219e348575eb80e9a0?s=96&d=mm&r=g","contentUrl":"https:\/\/secure.gravatar.com\/avatar\/37d968a2e67a6fd04c169c4bdef102d0bc5d31b2546345219e348575eb80e9a0?s=96&d=mm&r=g","caption":"redazione"},"sameAs":["http:\/\/www.bellunopress.it","https:\/\/x.com\/bellunopress"],"url":"https:\/\/www.bellunopress.it\/fr\/author\/redazione\/"}]}},"_links":{"self":[{"href":"https:\/\/www.bellunopress.it\/fr\/wp-json\/wp\/v2\/posts\/10754","targetHints":{"allow":["GET"]}}],"collection":[{"href":"https:\/\/www.bellunopress.it\/fr\/wp-json\/wp\/v2\/posts"}],"about":[{"href":"https:\/\/www.bellunopress.it\/fr\/wp-json\/wp\/v2\/types\/post"}],"author":[{"embeddable":true,"href":"https:\/\/www.bellunopress.it\/fr\/wp-json\/wp\/v2\/users\/2"}],"replies":[{"embeddable":true,"href":"https:\/\/www.bellunopress.it\/fr\/wp-json\/wp\/v2\/comments?post=10754"}],"version-history":[{"count":1,"href":"https:\/\/www.bellunopress.it\/fr\/wp-json\/wp\/v2\/posts\/10754\/revisions"}],"predecessor-version":[{"id":10755,"href":"https:\/\/www.bellunopress.it\/fr\/wp-json\/wp\/v2\/posts\/10754\/revisions\/10755"}],"wp:attachment":[{"href":"https:\/\/www.bellunopress.it\/fr\/wp-json\/wp\/v2\/media?parent=10754"}],"wp:term":[{"taxonomy":"category","embeddable":true,"href":"https:\/\/www.bellunopress.it\/fr\/wp-json\/wp\/v2\/categories?post=10754"},{"taxonomy":"post_tag","embeddable":true,"href":"https:\/\/www.bellunopress.it\/fr\/wp-json\/wp\/v2\/tags?post=10754"}],"curies":[{"name":"wp","href":"https:\/\/api.w.org\/{rel}","templated":true}]}}