{"id":107536,"date":"2019-09-02T15:40:29","date_gmt":"2019-09-02T13:40:29","guid":{"rendered":"http:\/\/www.bellunopress.it\/?p=107536"},"modified":"2019-09-03T16:58:26","modified_gmt":"2019-09-03T14:58:26","slug":"a-cremona-la-4-rassegna-nazionale-dei-maestri-intarsiatori-lignei-esposti-anche-i-lavori-di-bruno-de-pellegrin","status":"publish","type":"post","link":"https:\/\/www.bellunopress.it\/fr\/2019\/09\/02\/a-cremona-la-4-rassegna-nazionale-dei-maestri-intarsiatori-lignei-esposti-anche-i-lavori-di-bruno-de-pellegrin\/","title":{"rendered":"A Cremona la 4^ Rassegna Nazionale dei Maestri Intarsiatori Lignei. Esposti anche i lavori di Bruno De Pellegrin"},"content":{"rendered":"<p>Si terr\u00e0 dal 7 al 29 settembre 2019 presso Sala degli Alabardieri di Cremona la 4^ Rassegna Nazionale degli intarsiatori lignei. L&#8217;evento, organizzato dall\u2019Associazione Culturale Quinta Parete con il patrocinio e la collaborazione del Comune di Cremona, \u00e8 curato da Federico Martinelli con il coordinamento<br \/>\nartistico di Francesco Lazzar.<br \/>\nDiciotto intarsiatori (Arturo Biasato, Marcello Buccolieri, Carletto Cantoni, Bruno De Pellegrin, Giovanni De Poli, Nino Gambino, Fabrizio Giannerini, Lino Giussani, Francesco Lazzar, Vincenzo Mancini, Luigi Mandelli, Giuseppe Martini, Domenico Musi, Daniele Parasecolo, Alessandro Sun, Rita Turri, Luca Vicentini, con omaggio al<br \/>\ncremonese Sereno Cordani, prendono parte alla 4^ edizione consolidando sempre pi\u00f9 l\u2019idea di far diventare questa fucina culturale ed espositiva come un progetto continuativo, in un connubio tra il valore espositivo e necessit\u00e0 di consolidare quest\u2019arte.<br \/>\nCome sottolinea Martinelli, &#8220;Ogni anno proporremo due nuove edizioni della rassegna: l\u2019intento \u00e8 di raccontare, sempre pi\u00f9, l\u2019eterogeneit\u00e0 del lavoro degli intarsiatori. Cercheremo di raggiungere ogni parte d\u2019Italia per raccontare, oltre che con l\u2019esposizione, attraverso conferenze e laboratori, il fascino di quest\u2019antica arte che ancor oggi \u00e8 fonte di emozione ma che rischia di subire un contraccolpo per la mancanza di artisti e artigiani di nuova generazione&#8221;.<br \/>\nIn occasione dell\u2019inaugurazione, il 7 settembre alle 17:00 si terr\u00e0 la conferenza gratuita Dall\u2019 intarsio rinascimentale a quello moderno, tenuta da Francesco Lazzar e introdotta dal curatore Federico Martinelli nonch\u00e9 dalle autorit\u00e0 del comune.<br \/>\nLa necessit\u00e0 di dare un segnale culturale ha mosso l&#8217;entusiasmo dei partecipanti che, riuniti in questa collettiva, intendono mostrare come l&#8217;arte dell&#8217;intarsio sia in grado di rinnovarsi sia nella tecnica che nella raffigurazione dei soggetti.<\/p>\n<p>&nbsp;<\/p>\n<figure id=\"attachment_107537\" aria-describedby=\"caption-attachment-107537\" style=\"width: 240px\" class=\"wp-caption alignleft\"><a href=\"http:\/\/www.bellunopress.it\/fr\/2019\/09\/02\/a-cremona-la-4-rassegna-nazionale-dei-maestri-intarsiatori-lignei-esposti-anche-i-lavori-di-bruno-de-pellegrin\/bruno-de-pellegrin-composizione\/\" rel=\"attachment wp-att-107537\"><img loading=\"lazy\" decoding=\"async\" class=\"size-full wp-image-107537\" src=\"http:\/\/www.bellunopress.it\/wp-content\/uploads\/2019\/09\/Bruno-De-Pellegrin-Composizione.png\" alt=\"\" width=\"240\" height=\"260\" \/><\/a><figcaption id=\"caption-attachment-107537\" class=\"wp-caption-text\">Composizione &#8211; di Bruno De Pellegrin<\/figcaption><\/figure>\n<p><strong>Bruno de Pellegrin<\/strong><\/p>\n<p>E\u0300 nato a Belluno nel 1963. Fin dall&#8217;infanzia ha avuto contatto con il legno per tradizione di famiglia. Ha frequentato l&#8217;Istituto Statale d&#8217;Arte di Cortina d&#8217;Ampezzo apprendendo la tecnica dell&#8217;intarsio dal maestro Rinaldo Colle. Si e\u0300 specializzato a Sorrento con il maestro Giuseppe Rocco.<br \/>\nNel 1987 inizia la sua attivita\u0300 professionale di intarsiatore che alterna ad altre ricerche artistiche.<\/p>\n<p>E\u0300 stato insegnante alla Scuola del Legno di Sedico (BL). Ha tenuto molti corsi per la conoscenza della tecnica dell&#8217;intarsio tra i quali quello derivato dalla collaborazione con il Comune di San Gregorio nelle Alpi (BL), dal 2006 al 2014, dove sono stati realizzati con gli studenti quattro grandi pannelli. Nel 2018 ha presentato una tesi, poi pubblicata, all&#8217;Accademia delle Belle Arti di Venezia sul rapporto pittori\/intarsiatori.<\/p>\n<p>Il suo stile, cosi\u0300 originale, si serve dell&#8217;essenzialita\u0300 come strumento per esprimere ora delicatezza ora energia. Con linearita\u0300 pulite e ridotte al minimo da\u0300 forma a cose e persone, portando il concetto di sintesi anche nell&#8217;arte della tarsia. Una riduzione che riguarda anche i colori del legno utilizzato, tinte tenui, volutamente proiettate a descrivere il soggetto nella sua essenza.<\/p>","protected":false},"excerpt":{"rendered":"<p>Si terr\u00e0 dal 7 al 29 settembre 2019 presso Sala degli Alabardieri di Cremona la 4^ Rassegna Nazionale degli intarsiatori lignei. L&#8217;evento, organizzato dall\u2019Associazione Culturale Quinta Parete con il patrocinio e la collaborazione del Comune di Cremona, \u00e8 curato da Federico Martinelli con il coordinamento artistico di Francesco Lazzar. Diciotto intarsiatori (Arturo Biasato, Marcello Buccolieri, [&hellip;]<\/p>\n","protected":false},"author":2,"featured_media":0,"comment_status":"closed","ping_status":"open","sticky":false,"template":"","format":"standard","meta":{"footnotes":""},"categories":[27,3,3394],"tags":[],"class_list":["post-107536","post","type-post","status-publish","format-standard","category-appuntamenti","category-arte-cultura-spettacoli-scienza-archivi","category-cultura-e-spettacoli-fuori-provincia"],"yoast_head":"<!-- This site is optimized with the Yoast SEO plugin v28.4 - https:\/\/yoast.com\/product\/yoast-seo-wordpress\/ -->\n<title>A Cremona la 4^ Rassegna Nazionale dei Maestri Intarsiatori Lignei. Esposti anche i lavori di Bruno De Pellegrin - Bellunopress - Dolomiti<\/title>\n<meta name=\"robots\" content=\"index, follow, max-snippet:-1, max-image-preview:large, max-video-preview:-1\" \/>\n<link rel=\"canonical\" href=\"https:\/\/www.bellunopress.it\/fr\/2019\/09\/02\/a-cremona-la-4-rassegna-nazionale-dei-maestri-intarsiatori-lignei-esposti-anche-i-lavori-di-bruno-de-pellegrin\/\" \/>\n<meta property=\"og:locale\" content=\"fr_FR\" \/>\n<meta property=\"og:type\" content=\"article\" \/>\n<meta property=\"og:title\" content=\"A Cremona la 4^ Rassegna Nazionale dei Maestri Intarsiatori Lignei. Esposti anche i lavori di Bruno De Pellegrin - Bellunopress - Dolomiti\" \/>\n<meta property=\"og:description\" content=\"Si terr\u00e0 dal 7 al 29 settembre 2019 presso Sala degli Alabardieri di Cremona la 4^ Rassegna Nazionale degli intarsiatori lignei. L&#8217;evento, organizzato dall\u2019Associazione Culturale Quinta Parete con il patrocinio e la collaborazione del Comune di Cremona, \u00e8 curato da Federico Martinelli con il coordinamento artistico di Francesco Lazzar. Diciotto intarsiatori (Arturo Biasato, Marcello Buccolieri, [&hellip;]\" \/>\n<meta property=\"og:url\" content=\"https:\/\/www.bellunopress.it\/fr\/2019\/09\/02\/a-cremona-la-4-rassegna-nazionale-dei-maestri-intarsiatori-lignei-esposti-anche-i-lavori-di-bruno-de-pellegrin\/\" \/>\n<meta property=\"og:site_name\" content=\"Bellunopress - Dolomiti\" \/>\n<meta property=\"article:publisher\" content=\"https:\/\/www.facebook.com\/profile.php?id=100008943462799\" \/>\n<meta property=\"article:published_time\" content=\"2019-09-02T13:40:29+00:00\" \/>\n<meta property=\"article:modified_time\" content=\"2019-09-03T14:58:26+00:00\" \/>\n<meta property=\"og:image\" content=\"http:\/\/www.bellunopress.it\/wp-content\/uploads\/2019\/09\/Bruno-De-Pellegrin-Composizione.png\" \/>\n<meta name=\"author\" content=\"redazione\" \/>\n<meta name=\"twitter:card\" content=\"summary_large_image\" \/>\n<meta name=\"twitter:creator\" content=\"@bellunopress\" \/>\n<meta name=\"twitter:site\" content=\"@bellunopress\" \/>\n<meta name=\"twitter:label1\" content=\"\u00c9crit par\" \/>\n\t<meta name=\"twitter:data1\" content=\"redazione\" \/>\n\t<meta name=\"twitter:label2\" content=\"Dur\u00e9e de lecture estim\u00e9e\" \/>\n\t<meta name=\"twitter:data2\" content=\"2 minutes\" \/>\n<script type=\"application\/ld+json\" class=\"yoast-schema-graph\">{\"@context\":\"https:\\\/\\\/schema.org\",\"@graph\":[{\"@type\":\"Article\",\"@id\":\"https:\\\/\\\/www.bellunopress.it\\\/2019\\\/09\\\/02\\\/a-cremona-la-4-rassegna-nazionale-dei-maestri-intarsiatori-lignei-esposti-anche-i-lavori-di-bruno-de-pellegrin\\\/#article\",\"isPartOf\":{\"@id\":\"https:\\\/\\\/www.bellunopress.it\\\/2019\\\/09\\\/02\\\/a-cremona-la-4-rassegna-nazionale-dei-maestri-intarsiatori-lignei-esposti-anche-i-lavori-di-bruno-de-pellegrin\\\/\"},\"author\":{\"name\":\"redazione\",\"@id\":\"https:\\\/\\\/www.bellunopress.it\\\/#\\\/schema\\\/person\\\/79bb06722b37ece1c03d3e94beb30d73\"},\"headline\":\"A Cremona la 4^ Rassegna Nazionale dei Maestri Intarsiatori Lignei. Esposti anche i lavori di Bruno De Pellegrin\",\"datePublished\":\"2019-09-02T13:40:29+00:00\",\"dateModified\":\"2019-09-03T14:58:26+00:00\",\"mainEntityOfPage\":{\"@id\":\"https:\\\/\\\/www.bellunopress.it\\\/2019\\\/09\\\/02\\\/a-cremona-la-4-rassegna-nazionale-dei-maestri-intarsiatori-lignei-esposti-anche-i-lavori-di-bruno-de-pellegrin\\\/\"},\"wordCount\":489,\"publisher\":{\"@id\":\"https:\\\/\\\/www.bellunopress.it\\\/#organization\"},\"image\":{\"@id\":\"https:\\\/\\\/www.bellunopress.it\\\/2019\\\/09\\\/02\\\/a-cremona-la-4-rassegna-nazionale-dei-maestri-intarsiatori-lignei-esposti-anche-i-lavori-di-bruno-de-pellegrin\\\/#primaryimage\"},\"thumbnailUrl\":\"http:\\\/\\\/www.bellunopress.it\\\/wp-content\\\/uploads\\\/2019\\\/09\\\/Bruno-De-Pellegrin-Composizione.png\",\"articleSection\":[\"Appuntamenti, Eventi\",\"Arte, Cultura, Spettacoli, Scienza\",\"Cultura e spettacoli, tempo libero, benessere, fuori provincia\"],\"inLanguage\":\"fr-FR\"},{\"@type\":\"WebPage\",\"@id\":\"https:\\\/\\\/www.bellunopress.it\\\/2019\\\/09\\\/02\\\/a-cremona-la-4-rassegna-nazionale-dei-maestri-intarsiatori-lignei-esposti-anche-i-lavori-di-bruno-de-pellegrin\\\/\",\"url\":\"https:\\\/\\\/www.bellunopress.it\\\/2019\\\/09\\\/02\\\/a-cremona-la-4-rassegna-nazionale-dei-maestri-intarsiatori-lignei-esposti-anche-i-lavori-di-bruno-de-pellegrin\\\/\",\"name\":\"A Cremona la 4^ Rassegna Nazionale dei Maestri Intarsiatori Lignei. Esposti anche i lavori di Bruno De Pellegrin - Bellunopress - Dolomiti\",\"isPartOf\":{\"@id\":\"https:\\\/\\\/www.bellunopress.it\\\/#website\"},\"primaryImageOfPage\":{\"@id\":\"https:\\\/\\\/www.bellunopress.it\\\/2019\\\/09\\\/02\\\/a-cremona-la-4-rassegna-nazionale-dei-maestri-intarsiatori-lignei-esposti-anche-i-lavori-di-bruno-de-pellegrin\\\/#primaryimage\"},\"image\":{\"@id\":\"https:\\\/\\\/www.bellunopress.it\\\/2019\\\/09\\\/02\\\/a-cremona-la-4-rassegna-nazionale-dei-maestri-intarsiatori-lignei-esposti-anche-i-lavori-di-bruno-de-pellegrin\\\/#primaryimage\"},\"thumbnailUrl\":\"http:\\\/\\\/www.bellunopress.it\\\/wp-content\\\/uploads\\\/2019\\\/09\\\/Bruno-De-Pellegrin-Composizione.png\",\"datePublished\":\"2019-09-02T13:40:29+00:00\",\"dateModified\":\"2019-09-03T14:58:26+00:00\",\"breadcrumb\":{\"@id\":\"https:\\\/\\\/www.bellunopress.it\\\/2019\\\/09\\\/02\\\/a-cremona-la-4-rassegna-nazionale-dei-maestri-intarsiatori-lignei-esposti-anche-i-lavori-di-bruno-de-pellegrin\\\/#breadcrumb\"},\"inLanguage\":\"fr-FR\",\"potentialAction\":[{\"@type\":\"ReadAction\",\"target\":[\"https:\\\/\\\/www.bellunopress.it\\\/2019\\\/09\\\/02\\\/a-cremona-la-4-rassegna-nazionale-dei-maestri-intarsiatori-lignei-esposti-anche-i-lavori-di-bruno-de-pellegrin\\\/\"]}]},{\"@type\":\"ImageObject\",\"inLanguage\":\"fr-FR\",\"@id\":\"https:\\\/\\\/www.bellunopress.it\\\/2019\\\/09\\\/02\\\/a-cremona-la-4-rassegna-nazionale-dei-maestri-intarsiatori-lignei-esposti-anche-i-lavori-di-bruno-de-pellegrin\\\/#primaryimage\",\"url\":\"http:\\\/\\\/www.bellunopress.it\\\/wp-content\\\/uploads\\\/2019\\\/09\\\/Bruno-De-Pellegrin-Composizione.png\",\"contentUrl\":\"http:\\\/\\\/www.bellunopress.it\\\/wp-content\\\/uploads\\\/2019\\\/09\\\/Bruno-De-Pellegrin-Composizione.png\"},{\"@type\":\"BreadcrumbList\",\"@id\":\"https:\\\/\\\/www.bellunopress.it\\\/2019\\\/09\\\/02\\\/a-cremona-la-4-rassegna-nazionale-dei-maestri-intarsiatori-lignei-esposti-anche-i-lavori-di-bruno-de-pellegrin\\\/#breadcrumb\",\"itemListElement\":[{\"@type\":\"ListItem\",\"position\":1,\"name\":\"Home\",\"item\":\"https:\\\/\\\/www.bellunopress.it\\\/\"},{\"@type\":\"ListItem\",\"position\":2,\"name\":\"A Cremona la 4^ Rassegna Nazionale dei Maestri Intarsiatori Lignei. Esposti anche i lavori di Bruno De Pellegrin\"}]},{\"@type\":\"WebSite\",\"@id\":\"https:\\\/\\\/www.bellunopress.it\\\/#website\",\"url\":\"https:\\\/\\\/www.bellunopress.it\\\/\",\"name\":\"Bellunopress - Dolomiti\",\"description\":\"e-mail: redazione@bellunopress.it\",\"publisher\":{\"@id\":\"https:\\\/\\\/www.bellunopress.it\\\/#organization\"},\"potentialAction\":[{\"@type\":\"SearchAction\",\"target\":{\"@type\":\"EntryPoint\",\"urlTemplate\":\"https:\\\/\\\/www.bellunopress.it\\\/?s={search_term_string}\"},\"query-input\":{\"@type\":\"PropertyValueSpecification\",\"valueRequired\":true,\"valueName\":\"search_term_string\"}}],\"inLanguage\":\"fr-FR\"},{\"@type\":\"Organization\",\"@id\":\"https:\\\/\\\/www.bellunopress.it\\\/#organization\",\"name\":\"Bellunopress\",\"url\":\"https:\\\/\\\/www.bellunopress.it\\\/\",\"logo\":{\"@type\":\"ImageObject\",\"inLanguage\":\"fr-FR\",\"@id\":\"https:\\\/\\\/www.bellunopress.it\\\/#\\\/schema\\\/logo\\\/image\\\/\",\"url\":\"https:\\\/\\\/www.bellunopress.it\\\/wp-content\\\/uploads\\\/2011\\\/05\\\/cropped-logo-bellunopress-.jpg\",\"contentUrl\":\"https:\\\/\\\/www.bellunopress.it\\\/wp-content\\\/uploads\\\/2011\\\/05\\\/cropped-logo-bellunopress-.jpg\",\"width\":512,\"height\":512,\"caption\":\"Bellunopress\"},\"image\":{\"@id\":\"https:\\\/\\\/www.bellunopress.it\\\/#\\\/schema\\\/logo\\\/image\\\/\"},\"sameAs\":[\"https:\\\/\\\/www.facebook.com\\\/profile.php?id=100008943462799\",\"https:\\\/\\\/x.com\\\/bellunopress\",\"https:\\\/\\\/www.linkedin.com\\\/hp\\\/?dnr=JBzUWaJfMUw8vbXJJ2tVW5-I3jZKvC4wsoxE&amp;amp;amp;amp;amp;amp;trk=nav_responsive_tab_home\",\"https:\\\/\\\/www.youtube.com\\\/channel\\\/UCxL0wu1uN0_3_7hGG0306cw\"]},{\"@type\":\"Person\",\"@id\":\"https:\\\/\\\/www.bellunopress.it\\\/#\\\/schema\\\/person\\\/79bb06722b37ece1c03d3e94beb30d73\",\"name\":\"redazione\",\"image\":{\"@type\":\"ImageObject\",\"inLanguage\":\"fr-FR\",\"@id\":\"https:\\\/\\\/secure.gravatar.com\\\/avatar\\\/37d968a2e67a6fd04c169c4bdef102d0bc5d31b2546345219e348575eb80e9a0?s=96&d=mm&r=g\",\"url\":\"https:\\\/\\\/secure.gravatar.com\\\/avatar\\\/37d968a2e67a6fd04c169c4bdef102d0bc5d31b2546345219e348575eb80e9a0?s=96&d=mm&r=g\",\"contentUrl\":\"https:\\\/\\\/secure.gravatar.com\\\/avatar\\\/37d968a2e67a6fd04c169c4bdef102d0bc5d31b2546345219e348575eb80e9a0?s=96&d=mm&r=g\",\"caption\":\"redazione\"},\"sameAs\":[\"http:\\\/\\\/www.bellunopress.it\",\"https:\\\/\\\/x.com\\\/bellunopress\"],\"url\":\"https:\\\/\\\/www.bellunopress.it\\\/fr\\\/author\\\/redazione\\\/\"}]}<\/script>\n<!-- \/ Yoast SEO plugin. -->","yoast_head_json":{"title":"A Cremona la 4^ Rassegna Nazionale dei Maestri Intarsiatori Lignei. Esposti anche i lavori di Bruno De Pellegrin - Bellunopress - Dolomiti","robots":{"index":"index","follow":"follow","max-snippet":"max-snippet:-1","max-image-preview":"max-image-preview:large","max-video-preview":"max-video-preview:-1"},"canonical":"https:\/\/www.bellunopress.it\/fr\/2019\/09\/02\/a-cremona-la-4-rassegna-nazionale-dei-maestri-intarsiatori-lignei-esposti-anche-i-lavori-di-bruno-de-pellegrin\/","og_locale":"fr_FR","og_type":"article","og_title":"A Cremona la 4^ Rassegna Nazionale dei Maestri Intarsiatori Lignei. Esposti anche i lavori di Bruno De Pellegrin - Bellunopress - Dolomiti","og_description":"Si terr\u00e0 dal 7 al 29 settembre 2019 presso Sala degli Alabardieri di Cremona la 4^ Rassegna Nazionale degli intarsiatori lignei. L&#8217;evento, organizzato dall\u2019Associazione Culturale Quinta Parete con il patrocinio e la collaborazione del Comune di Cremona, \u00e8 curato da Federico Martinelli con il coordinamento artistico di Francesco Lazzar. Diciotto intarsiatori (Arturo Biasato, Marcello Buccolieri, [&hellip;]","og_url":"https:\/\/www.bellunopress.it\/fr\/2019\/09\/02\/a-cremona-la-4-rassegna-nazionale-dei-maestri-intarsiatori-lignei-esposti-anche-i-lavori-di-bruno-de-pellegrin\/","og_site_name":"Bellunopress - Dolomiti","article_publisher":"https:\/\/www.facebook.com\/profile.php?id=100008943462799","article_published_time":"2019-09-02T13:40:29+00:00","article_modified_time":"2019-09-03T14:58:26+00:00","og_image":[{"url":"http:\/\/www.bellunopress.it\/wp-content\/uploads\/2019\/09\/Bruno-De-Pellegrin-Composizione.png","type":"","width":"","height":""}],"author":"redazione","twitter_card":"summary_large_image","twitter_creator":"@bellunopress","twitter_site":"@bellunopress","twitter_misc":{"\u00c9crit par":"redazione","Dur\u00e9e de lecture estim\u00e9e":"2 minutes"},"schema":{"@context":"https:\/\/schema.org","@graph":[{"@type":"Article","@id":"https:\/\/www.bellunopress.it\/2019\/09\/02\/a-cremona-la-4-rassegna-nazionale-dei-maestri-intarsiatori-lignei-esposti-anche-i-lavori-di-bruno-de-pellegrin\/#article","isPartOf":{"@id":"https:\/\/www.bellunopress.it\/2019\/09\/02\/a-cremona-la-4-rassegna-nazionale-dei-maestri-intarsiatori-lignei-esposti-anche-i-lavori-di-bruno-de-pellegrin\/"},"author":{"name":"redazione","@id":"https:\/\/www.bellunopress.it\/#\/schema\/person\/79bb06722b37ece1c03d3e94beb30d73"},"headline":"A Cremona la 4^ Rassegna Nazionale dei Maestri Intarsiatori Lignei. Esposti anche i lavori di Bruno De Pellegrin","datePublished":"2019-09-02T13:40:29+00:00","dateModified":"2019-09-03T14:58:26+00:00","mainEntityOfPage":{"@id":"https:\/\/www.bellunopress.it\/2019\/09\/02\/a-cremona-la-4-rassegna-nazionale-dei-maestri-intarsiatori-lignei-esposti-anche-i-lavori-di-bruno-de-pellegrin\/"},"wordCount":489,"publisher":{"@id":"https:\/\/www.bellunopress.it\/#organization"},"image":{"@id":"https:\/\/www.bellunopress.it\/2019\/09\/02\/a-cremona-la-4-rassegna-nazionale-dei-maestri-intarsiatori-lignei-esposti-anche-i-lavori-di-bruno-de-pellegrin\/#primaryimage"},"thumbnailUrl":"http:\/\/www.bellunopress.it\/wp-content\/uploads\/2019\/09\/Bruno-De-Pellegrin-Composizione.png","articleSection":["Appuntamenti, Eventi","Arte, Cultura, Spettacoli, Scienza","Cultura e spettacoli, tempo libero, benessere, fuori provincia"],"inLanguage":"fr-FR"},{"@type":"WebPage","@id":"https:\/\/www.bellunopress.it\/2019\/09\/02\/a-cremona-la-4-rassegna-nazionale-dei-maestri-intarsiatori-lignei-esposti-anche-i-lavori-di-bruno-de-pellegrin\/","url":"https:\/\/www.bellunopress.it\/2019\/09\/02\/a-cremona-la-4-rassegna-nazionale-dei-maestri-intarsiatori-lignei-esposti-anche-i-lavori-di-bruno-de-pellegrin\/","name":"A Cremona la 4^ Rassegna Nazionale dei Maestri Intarsiatori Lignei. Esposti anche i lavori di Bruno De Pellegrin - Bellunopress - Dolomiti","isPartOf":{"@id":"https:\/\/www.bellunopress.it\/#website"},"primaryImageOfPage":{"@id":"https:\/\/www.bellunopress.it\/2019\/09\/02\/a-cremona-la-4-rassegna-nazionale-dei-maestri-intarsiatori-lignei-esposti-anche-i-lavori-di-bruno-de-pellegrin\/#primaryimage"},"image":{"@id":"https:\/\/www.bellunopress.it\/2019\/09\/02\/a-cremona-la-4-rassegna-nazionale-dei-maestri-intarsiatori-lignei-esposti-anche-i-lavori-di-bruno-de-pellegrin\/#primaryimage"},"thumbnailUrl":"http:\/\/www.bellunopress.it\/wp-content\/uploads\/2019\/09\/Bruno-De-Pellegrin-Composizione.png","datePublished":"2019-09-02T13:40:29+00:00","dateModified":"2019-09-03T14:58:26+00:00","breadcrumb":{"@id":"https:\/\/www.bellunopress.it\/2019\/09\/02\/a-cremona-la-4-rassegna-nazionale-dei-maestri-intarsiatori-lignei-esposti-anche-i-lavori-di-bruno-de-pellegrin\/#breadcrumb"},"inLanguage":"fr-FR","potentialAction":[{"@type":"ReadAction","target":["https:\/\/www.bellunopress.it\/2019\/09\/02\/a-cremona-la-4-rassegna-nazionale-dei-maestri-intarsiatori-lignei-esposti-anche-i-lavori-di-bruno-de-pellegrin\/"]}]},{"@type":"ImageObject","inLanguage":"fr-FR","@id":"https:\/\/www.bellunopress.it\/2019\/09\/02\/a-cremona-la-4-rassegna-nazionale-dei-maestri-intarsiatori-lignei-esposti-anche-i-lavori-di-bruno-de-pellegrin\/#primaryimage","url":"http:\/\/www.bellunopress.it\/wp-content\/uploads\/2019\/09\/Bruno-De-Pellegrin-Composizione.png","contentUrl":"http:\/\/www.bellunopress.it\/wp-content\/uploads\/2019\/09\/Bruno-De-Pellegrin-Composizione.png"},{"@type":"BreadcrumbList","@id":"https:\/\/www.bellunopress.it\/2019\/09\/02\/a-cremona-la-4-rassegna-nazionale-dei-maestri-intarsiatori-lignei-esposti-anche-i-lavori-di-bruno-de-pellegrin\/#breadcrumb","itemListElement":[{"@type":"ListItem","position":1,"name":"Home","item":"https:\/\/www.bellunopress.it\/"},{"@type":"ListItem","position":2,"name":"A Cremona la 4^ Rassegna Nazionale dei Maestri Intarsiatori Lignei. Esposti anche i lavori di Bruno De Pellegrin"}]},{"@type":"WebSite","@id":"https:\/\/www.bellunopress.it\/#website","url":"https:\/\/www.bellunopress.it\/","name":"Bellunopress - Dolomiti","description":"e-mail: redazione@bellunopress.it","publisher":{"@id":"https:\/\/www.bellunopress.it\/#organization"},"potentialAction":[{"@type":"SearchAction","target":{"@type":"EntryPoint","urlTemplate":"https:\/\/www.bellunopress.it\/?s={search_term_string}"},"query-input":{"@type":"PropertyValueSpecification","valueRequired":true,"valueName":"search_term_string"}}],"inLanguage":"fr-FR"},{"@type":"Organization","@id":"https:\/\/www.bellunopress.it\/#organization","name":"Bellunopress","url":"https:\/\/www.bellunopress.it\/","logo":{"@type":"ImageObject","inLanguage":"fr-FR","@id":"https:\/\/www.bellunopress.it\/#\/schema\/logo\/image\/","url":"https:\/\/www.bellunopress.it\/wp-content\/uploads\/2011\/05\/cropped-logo-bellunopress-.jpg","contentUrl":"https:\/\/www.bellunopress.it\/wp-content\/uploads\/2011\/05\/cropped-logo-bellunopress-.jpg","width":512,"height":512,"caption":"Bellunopress"},"image":{"@id":"https:\/\/www.bellunopress.it\/#\/schema\/logo\/image\/"},"sameAs":["https:\/\/www.facebook.com\/profile.php?id=100008943462799","https:\/\/x.com\/bellunopress","https:\/\/www.linkedin.com\/hp\/?dnr=JBzUWaJfMUw8vbXJJ2tVW5-I3jZKvC4wsoxE&amp;amp;amp;amp;amp;amp;trk=nav_responsive_tab_home","https:\/\/www.youtube.com\/channel\/UCxL0wu1uN0_3_7hGG0306cw"]},{"@type":"Person","@id":"https:\/\/www.bellunopress.it\/#\/schema\/person\/79bb06722b37ece1c03d3e94beb30d73","name":"r\u00e9daction","image":{"@type":"ImageObject","inLanguage":"fr-FR","@id":"https:\/\/secure.gravatar.com\/avatar\/37d968a2e67a6fd04c169c4bdef102d0bc5d31b2546345219e348575eb80e9a0?s=96&d=mm&r=g","url":"https:\/\/secure.gravatar.com\/avatar\/37d968a2e67a6fd04c169c4bdef102d0bc5d31b2546345219e348575eb80e9a0?s=96&d=mm&r=g","contentUrl":"https:\/\/secure.gravatar.com\/avatar\/37d968a2e67a6fd04c169c4bdef102d0bc5d31b2546345219e348575eb80e9a0?s=96&d=mm&r=g","caption":"redazione"},"sameAs":["http:\/\/www.bellunopress.it","https:\/\/x.com\/bellunopress"],"url":"https:\/\/www.bellunopress.it\/fr\/author\/redazione\/"}]}},"_links":{"self":[{"href":"https:\/\/www.bellunopress.it\/fr\/wp-json\/wp\/v2\/posts\/107536","targetHints":{"allow":["GET"]}}],"collection":[{"href":"https:\/\/www.bellunopress.it\/fr\/wp-json\/wp\/v2\/posts"}],"about":[{"href":"https:\/\/www.bellunopress.it\/fr\/wp-json\/wp\/v2\/types\/post"}],"author":[{"embeddable":true,"href":"https:\/\/www.bellunopress.it\/fr\/wp-json\/wp\/v2\/users\/2"}],"replies":[{"embeddable":true,"href":"https:\/\/www.bellunopress.it\/fr\/wp-json\/wp\/v2\/comments?post=107536"}],"version-history":[{"count":2,"href":"https:\/\/www.bellunopress.it\/fr\/wp-json\/wp\/v2\/posts\/107536\/revisions"}],"predecessor-version":[{"id":107539,"href":"https:\/\/www.bellunopress.it\/fr\/wp-json\/wp\/v2\/posts\/107536\/revisions\/107539"}],"wp:attachment":[{"href":"https:\/\/www.bellunopress.it\/fr\/wp-json\/wp\/v2\/media?parent=107536"}],"wp:term":[{"taxonomy":"category","embeddable":true,"href":"https:\/\/www.bellunopress.it\/fr\/wp-json\/wp\/v2\/categories?post=107536"},{"taxonomy":"post_tag","embeddable":true,"href":"https:\/\/www.bellunopress.it\/fr\/wp-json\/wp\/v2\/tags?post=107536"}],"curies":[{"name":"wp","href":"https:\/\/api.w.org\/{rel}","templated":true}]}}