{"id":107485,"date":"2019-08-30T15:21:32","date_gmt":"2019-08-30T13:21:32","guid":{"rendered":"http:\/\/www.bellunopress.it\/?p=107485"},"modified":"2019-08-30T22:28:02","modified_gmt":"2019-08-30T20:28:02","slug":"susanna-camusso-al-75-del-rastrellamento-del-44-in-cansiglio-domenica-8-settembre-ore-10","status":"publish","type":"post","link":"https:\/\/www.bellunopress.it\/fr\/2019\/08\/30\/susanna-camusso-al-75-del-rastrellamento-del-44-in-cansiglio-domenica-8-settembre-ore-10\/","title":{"rendered":"Susanna Camusso al 75\u00b0 del rastrellamento del &#8217;44 in Cansiglio domenica 8 settembre ore 10"},"content":{"rendered":"<p>La Camera del Lavoro &#8211; CGIL e il Comitato Provinciale ANPI di Belluno esprimono una grande preoccupazione per il perdurare di manifestazioni e iniziative volte a denigrare e a criminalizzare il grande ruolo della Resistenza per la rinascita della democrazia nel nostro Paese e nella nostra Provincia.<\/p>\n<figure id=\"attachment_78991\" aria-describedby=\"caption-attachment-78991\" style=\"width: 140px\" class=\"wp-caption alignleft\"><a href=\"http:\/\/www.bellunopress.it\/fr\/2016\/07\/07\/veneto-strade-ipotesi-cessione-parte-della-rete-viaria-ad-anas-de-carli-fontana-cgil-nessuna-certezza-la-viabilita-ne-futuro-dei-lavoratori\/mauro-de-carli-cgil\/\" rel=\"attachment wp-att-78991\"><img loading=\"lazy\" decoding=\"async\" class=\"size-full wp-image-78991\" src=\"http:\/\/www.bellunopress.it\/wp-content\/uploads\/2016\/07\/mauro-de-carli-cgil.jpg\" alt=\"\" width=\"140\" height=\"188\" \/><\/a><figcaption id=\"caption-attachment-78991\" class=\"wp-caption-text\">Mauro De Carli &#8211; Segretario generale Cgil Belluno<\/figcaption><\/figure>\n<figure id=\"attachment_449\" aria-describedby=\"caption-attachment-449\" style=\"width: 181px\" class=\"wp-caption alignleft\"><a href=\"http:\/\/www.bellunopress.it\/fr\/2015\/04\/23\/petizione-per-cancellare-il-nome-di-bianchi-eliseo-dal-pont-dalla-sala-del-comune-le-precisazioni-di-cgil-e-anpi-dal-pont-una-delle-figure-piu-limpide-della-resistenza-bellunese-e-dell\/gino-sperandio\/\" rel=\"attachment wp-att-449\"><img loading=\"lazy\" decoding=\"async\" class=\"size-full wp-image-449\" src=\"http:\/\/www.bellunopress.it\/wp-content\/uploads\/2009\/02\/gino-sperandio.jpg\" alt=\"\" width=\"181\" height=\"241\" \/><\/a><figcaption id=\"caption-attachment-449\" class=\"wp-caption-text\">Gino Sperandio presidente Anpi Belluno<\/figcaption><\/figure>\n<p>Non \u00e8 un caso che ogni anno proprio nell&#8217;approssimarsi della significativa manifestazione Partigiana che si tiene ogni anno in Cansiglio si scelga, da parte di organizzazioni che esplicitamente<br \/>\nsi rifanno alla sub cultura fascista, di organizzare manifestazioni che esplicitamente non solo attaccano la Resistenza e il suo ruolo nella Liberazione Nazionale, ma tendono, con comportamenti e esposizione di simboli a glorificare il regime fascista che ha portato al disastro l&#8217;Italia.<\/p>\n<p>Non sta a noi dire se tali comportamenti hanno un rilievo penalmente rilevante, ci\u00f2 \u00e8 compito della Magistratura e degli organi di Polizia, che invitiamo a vigilare in tal senso, ma quel che \u00e8 certamente paradossale \u00e8 veder esporre bandiere e simboli della famigerata RSI dentro il territorio di una delle Province che criminalmente e vilmente quei repubblichini cedettero allo straniero invasore.<\/p>\n<p>Quest&#8217;anno, nell&#8217;ambito del 75\u00b0 del rastrellamento del Cansiglio dell&#8217;estate del 1944, segnaliamo con soddisfazione la presenza come oratrice ufficiale di Susanna Camusso gi\u00e0 segretaria Generale della CGIL e invitiamo tutti i cittadini a partecipare alla manifestazione che si terr\u00e0 in Pian Cansiglio domenica 8 settembre dalle ore 10,00, anche per rispondere con una significativa manifestazione di massa agli attacchi che i valori dell&#8217;antifascismo stanno subendo.<br \/>\nLa presenza di una cos\u00ec autorevole esponente del mondo democratico e del lavoro ribadisce la volont\u00e0 sia degli organizzatori che della CGIL a ritenere indispensabile mantenere un forte livello di mobilitazione a difesa della nostra Repubblica e della Costituzione.<\/p>\n<p>Mauro De Carli\u00a0 \u00a0 \u00a0 \u00a0 \u00a0 \u00a0 \u00a0 \u00a0 \u00a0 \u00a0 \u00a0 \u00a0 \u00a0 \u00a0 \u00a0 \u00a0 \u00a0 \u00a0 \u00a0 \u00a0 \u00a0 \u00a0 \u00a0 \u00a0 \u00a0 \u00a0 \u00a0 \u00a0 \u00a0 \u00a0 \u00a0 \u00a0 \u00a0 \u00a0 \u00a0 \u00a0 \u00a0 \u00a0 \u00a0 \u00a0 \u00a0 \u00a0Gino Sperandio<br \/>\nSegretario della Camera del Lavoro di Belluno\u00a0 \u00a0 \u00a0 \u00a0 \u00a0 \u00a0 \u00a0 \u00a0 \u00a0 \u00a0 \u00a0 \u00a0 \u00a0 \u00a0Presidente prov. ANPI<\/p>","protected":false},"excerpt":{"rendered":"<p>La Camera del Lavoro &#8211; CGIL e il Comitato Provinciale ANPI di Belluno esprimono una grande preoccupazione per il perdurare di manifestazioni e iniziative volte a denigrare e a criminalizzare il grande ruolo della Resistenza per la rinascita della democrazia nel nostro Paese e nella nostra Provincia. Non \u00e8 un caso che ogni anno proprio [&hellip;]<\/p>\n","protected":false},"author":2,"featured_media":0,"comment_status":"closed","ping_status":"open","sticky":false,"template":"","format":"standard","meta":{"footnotes":""},"categories":[27,5,26],"tags":[],"class_list":["post-107485","post","type-post","status-publish","format-standard","category-appuntamenti","category-cronaca","category-prima-pagina"],"yoast_head":"<!-- This site is optimized with the Yoast SEO plugin v28.4 - https:\/\/yoast.com\/product\/yoast-seo-wordpress\/ -->\n<title>Susanna Camusso al 75\u00b0 del rastrellamento del &#039;44 in Cansiglio domenica 8 settembre ore 10 - Bellunopress - Dolomiti<\/title>\n<meta name=\"robots\" content=\"index, follow, max-snippet:-1, max-image-preview:large, max-video-preview:-1\" \/>\n<link rel=\"canonical\" href=\"https:\/\/www.bellunopress.it\/fr\/2019\/08\/30\/susanna-camusso-al-75-del-rastrellamento-del-44-in-cansiglio-domenica-8-settembre-ore-10\/\" \/>\n<meta property=\"og:locale\" content=\"fr_FR\" \/>\n<meta property=\"og:type\" content=\"article\" \/>\n<meta property=\"og:title\" content=\"Susanna Camusso al 75\u00b0 del rastrellamento del &#039;44 in Cansiglio domenica 8 settembre ore 10 - Bellunopress - Dolomiti\" \/>\n<meta property=\"og:description\" content=\"La Camera del Lavoro &#8211; CGIL e il Comitato Provinciale ANPI di Belluno esprimono una grande preoccupazione per il perdurare di manifestazioni e iniziative volte a denigrare e a criminalizzare il grande ruolo della Resistenza per la rinascita della democrazia nel nostro Paese e nella nostra Provincia. Non \u00e8 un caso che ogni anno proprio [&hellip;]\" \/>\n<meta property=\"og:url\" content=\"https:\/\/www.bellunopress.it\/fr\/2019\/08\/30\/susanna-camusso-al-75-del-rastrellamento-del-44-in-cansiglio-domenica-8-settembre-ore-10\/\" \/>\n<meta property=\"og:site_name\" content=\"Bellunopress - Dolomiti\" \/>\n<meta property=\"article:publisher\" content=\"https:\/\/www.facebook.com\/profile.php?id=100008943462799\" \/>\n<meta property=\"article:published_time\" content=\"2019-08-30T13:21:32+00:00\" \/>\n<meta property=\"article:modified_time\" content=\"2019-08-30T20:28:02+00:00\" \/>\n<meta property=\"og:image\" content=\"http:\/\/www.bellunopress.it\/wp-content\/uploads\/2016\/07\/mauro-de-carli-cgil.jpg\" \/>\n<meta name=\"author\" content=\"redazione\" \/>\n<meta name=\"twitter:card\" content=\"summary_large_image\" \/>\n<meta name=\"twitter:creator\" content=\"@bellunopress\" \/>\n<meta name=\"twitter:site\" content=\"@bellunopress\" \/>\n<meta name=\"twitter:label1\" content=\"\u00c9crit par\" \/>\n\t<meta name=\"twitter:data1\" content=\"redazione\" \/>\n\t<meta name=\"twitter:label2\" content=\"Dur\u00e9e de lecture estim\u00e9e\" \/>\n\t<meta name=\"twitter:data2\" content=\"2 minutes\" \/>\n<script type=\"application\/ld+json\" class=\"yoast-schema-graph\">{\"@context\":\"https:\\\/\\\/schema.org\",\"@graph\":[{\"@type\":\"Article\",\"@id\":\"https:\\\/\\\/www.bellunopress.it\\\/2019\\\/08\\\/30\\\/susanna-camusso-al-75-del-rastrellamento-del-44-in-cansiglio-domenica-8-settembre-ore-10\\\/#article\",\"isPartOf\":{\"@id\":\"https:\\\/\\\/www.bellunopress.it\\\/2019\\\/08\\\/30\\\/susanna-camusso-al-75-del-rastrellamento-del-44-in-cansiglio-domenica-8-settembre-ore-10\\\/\"},\"author\":{\"name\":\"redazione\",\"@id\":\"https:\\\/\\\/www.bellunopress.it\\\/#\\\/schema\\\/person\\\/79bb06722b37ece1c03d3e94beb30d73\"},\"headline\":\"Susanna Camusso al 75\u00b0 del rastrellamento del &#8217;44 in Cansiglio domenica 8 settembre ore 10\",\"datePublished\":\"2019-08-30T13:21:32+00:00\",\"dateModified\":\"2019-08-30T20:28:02+00:00\",\"mainEntityOfPage\":{\"@id\":\"https:\\\/\\\/www.bellunopress.it\\\/2019\\\/08\\\/30\\\/susanna-camusso-al-75-del-rastrellamento-del-44-in-cansiglio-domenica-8-settembre-ore-10\\\/\"},\"wordCount\":334,\"publisher\":{\"@id\":\"https:\\\/\\\/www.bellunopress.it\\\/#organization\"},\"image\":{\"@id\":\"https:\\\/\\\/www.bellunopress.it\\\/2019\\\/08\\\/30\\\/susanna-camusso-al-75-del-rastrellamento-del-44-in-cansiglio-domenica-8-settembre-ore-10\\\/#primaryimage\"},\"thumbnailUrl\":\"http:\\\/\\\/www.bellunopress.it\\\/wp-content\\\/uploads\\\/2016\\\/07\\\/mauro-de-carli-cgil.jpg\",\"articleSection\":[\"Appuntamenti, Eventi\",\"Cronaca\\\/Politica\",\"Prima Pagina\"],\"inLanguage\":\"fr-FR\"},{\"@type\":\"WebPage\",\"@id\":\"https:\\\/\\\/www.bellunopress.it\\\/2019\\\/08\\\/30\\\/susanna-camusso-al-75-del-rastrellamento-del-44-in-cansiglio-domenica-8-settembre-ore-10\\\/\",\"url\":\"https:\\\/\\\/www.bellunopress.it\\\/2019\\\/08\\\/30\\\/susanna-camusso-al-75-del-rastrellamento-del-44-in-cansiglio-domenica-8-settembre-ore-10\\\/\",\"name\":\"Susanna Camusso al 75\u00b0 del rastrellamento del '44 in Cansiglio domenica 8 settembre ore 10 - Bellunopress - Dolomiti\",\"isPartOf\":{\"@id\":\"https:\\\/\\\/www.bellunopress.it\\\/#website\"},\"primaryImageOfPage\":{\"@id\":\"https:\\\/\\\/www.bellunopress.it\\\/2019\\\/08\\\/30\\\/susanna-camusso-al-75-del-rastrellamento-del-44-in-cansiglio-domenica-8-settembre-ore-10\\\/#primaryimage\"},\"image\":{\"@id\":\"https:\\\/\\\/www.bellunopress.it\\\/2019\\\/08\\\/30\\\/susanna-camusso-al-75-del-rastrellamento-del-44-in-cansiglio-domenica-8-settembre-ore-10\\\/#primaryimage\"},\"thumbnailUrl\":\"http:\\\/\\\/www.bellunopress.it\\\/wp-content\\\/uploads\\\/2016\\\/07\\\/mauro-de-carli-cgil.jpg\",\"datePublished\":\"2019-08-30T13:21:32+00:00\",\"dateModified\":\"2019-08-30T20:28:02+00:00\",\"breadcrumb\":{\"@id\":\"https:\\\/\\\/www.bellunopress.it\\\/2019\\\/08\\\/30\\\/susanna-camusso-al-75-del-rastrellamento-del-44-in-cansiglio-domenica-8-settembre-ore-10\\\/#breadcrumb\"},\"inLanguage\":\"fr-FR\",\"potentialAction\":[{\"@type\":\"ReadAction\",\"target\":[\"https:\\\/\\\/www.bellunopress.it\\\/2019\\\/08\\\/30\\\/susanna-camusso-al-75-del-rastrellamento-del-44-in-cansiglio-domenica-8-settembre-ore-10\\\/\"]}]},{\"@type\":\"ImageObject\",\"inLanguage\":\"fr-FR\",\"@id\":\"https:\\\/\\\/www.bellunopress.it\\\/2019\\\/08\\\/30\\\/susanna-camusso-al-75-del-rastrellamento-del-44-in-cansiglio-domenica-8-settembre-ore-10\\\/#primaryimage\",\"url\":\"http:\\\/\\\/www.bellunopress.it\\\/wp-content\\\/uploads\\\/2016\\\/07\\\/mauro-de-carli-cgil.jpg\",\"contentUrl\":\"http:\\\/\\\/www.bellunopress.it\\\/wp-content\\\/uploads\\\/2016\\\/07\\\/mauro-de-carli-cgil.jpg\"},{\"@type\":\"BreadcrumbList\",\"@id\":\"https:\\\/\\\/www.bellunopress.it\\\/2019\\\/08\\\/30\\\/susanna-camusso-al-75-del-rastrellamento-del-44-in-cansiglio-domenica-8-settembre-ore-10\\\/#breadcrumb\",\"itemListElement\":[{\"@type\":\"ListItem\",\"position\":1,\"name\":\"Home\",\"item\":\"https:\\\/\\\/www.bellunopress.it\\\/\"},{\"@type\":\"ListItem\",\"position\":2,\"name\":\"Susanna Camusso al 75\u00b0 del rastrellamento del &#8217;44 in Cansiglio domenica 8 settembre ore 10\"}]},{\"@type\":\"WebSite\",\"@id\":\"https:\\\/\\\/www.bellunopress.it\\\/#website\",\"url\":\"https:\\\/\\\/www.bellunopress.it\\\/\",\"name\":\"Bellunopress - Dolomiti\",\"description\":\"e-mail: redazione@bellunopress.it\",\"publisher\":{\"@id\":\"https:\\\/\\\/www.bellunopress.it\\\/#organization\"},\"potentialAction\":[{\"@type\":\"SearchAction\",\"target\":{\"@type\":\"EntryPoint\",\"urlTemplate\":\"https:\\\/\\\/www.bellunopress.it\\\/?s={search_term_string}\"},\"query-input\":{\"@type\":\"PropertyValueSpecification\",\"valueRequired\":true,\"valueName\":\"search_term_string\"}}],\"inLanguage\":\"fr-FR\"},{\"@type\":\"Organization\",\"@id\":\"https:\\\/\\\/www.bellunopress.it\\\/#organization\",\"name\":\"Bellunopress\",\"url\":\"https:\\\/\\\/www.bellunopress.it\\\/\",\"logo\":{\"@type\":\"ImageObject\",\"inLanguage\":\"fr-FR\",\"@id\":\"https:\\\/\\\/www.bellunopress.it\\\/#\\\/schema\\\/logo\\\/image\\\/\",\"url\":\"https:\\\/\\\/www.bellunopress.it\\\/wp-content\\\/uploads\\\/2011\\\/05\\\/cropped-logo-bellunopress-.jpg\",\"contentUrl\":\"https:\\\/\\\/www.bellunopress.it\\\/wp-content\\\/uploads\\\/2011\\\/05\\\/cropped-logo-bellunopress-.jpg\",\"width\":512,\"height\":512,\"caption\":\"Bellunopress\"},\"image\":{\"@id\":\"https:\\\/\\\/www.bellunopress.it\\\/#\\\/schema\\\/logo\\\/image\\\/\"},\"sameAs\":[\"https:\\\/\\\/www.facebook.com\\\/profile.php?id=100008943462799\",\"https:\\\/\\\/x.com\\\/bellunopress\",\"https:\\\/\\\/www.linkedin.com\\\/hp\\\/?dnr=JBzUWaJfMUw8vbXJJ2tVW5-I3jZKvC4wsoxE&amp;amp;amp;amp;amp;amp;trk=nav_responsive_tab_home\",\"https:\\\/\\\/www.youtube.com\\\/channel\\\/UCxL0wu1uN0_3_7hGG0306cw\"]},{\"@type\":\"Person\",\"@id\":\"https:\\\/\\\/www.bellunopress.it\\\/#\\\/schema\\\/person\\\/79bb06722b37ece1c03d3e94beb30d73\",\"name\":\"redazione\",\"image\":{\"@type\":\"ImageObject\",\"inLanguage\":\"fr-FR\",\"@id\":\"https:\\\/\\\/secure.gravatar.com\\\/avatar\\\/37d968a2e67a6fd04c169c4bdef102d0bc5d31b2546345219e348575eb80e9a0?s=96&d=mm&r=g\",\"url\":\"https:\\\/\\\/secure.gravatar.com\\\/avatar\\\/37d968a2e67a6fd04c169c4bdef102d0bc5d31b2546345219e348575eb80e9a0?s=96&d=mm&r=g\",\"contentUrl\":\"https:\\\/\\\/secure.gravatar.com\\\/avatar\\\/37d968a2e67a6fd04c169c4bdef102d0bc5d31b2546345219e348575eb80e9a0?s=96&d=mm&r=g\",\"caption\":\"redazione\"},\"sameAs\":[\"http:\\\/\\\/www.bellunopress.it\",\"https:\\\/\\\/x.com\\\/bellunopress\"],\"url\":\"https:\\\/\\\/www.bellunopress.it\\\/fr\\\/author\\\/redazione\\\/\"}]}<\/script>\n<!-- \/ Yoast SEO plugin. -->","yoast_head_json":{"title":"Susanna Camusso al 75\u00b0 del rastrellamento del '44 in Cansiglio domenica 8 settembre ore 10 - Bellunopress - Dolomiti","robots":{"index":"index","follow":"follow","max-snippet":"max-snippet:-1","max-image-preview":"max-image-preview:large","max-video-preview":"max-video-preview:-1"},"canonical":"https:\/\/www.bellunopress.it\/fr\/2019\/08\/30\/susanna-camusso-al-75-del-rastrellamento-del-44-in-cansiglio-domenica-8-settembre-ore-10\/","og_locale":"fr_FR","og_type":"article","og_title":"Susanna Camusso al 75\u00b0 del rastrellamento del '44 in Cansiglio domenica 8 settembre ore 10 - Bellunopress - Dolomiti","og_description":"La Camera del Lavoro &#8211; CGIL e il Comitato Provinciale ANPI di Belluno esprimono una grande preoccupazione per il perdurare di manifestazioni e iniziative volte a denigrare e a criminalizzare il grande ruolo della Resistenza per la rinascita della democrazia nel nostro Paese e nella nostra Provincia. Non \u00e8 un caso che ogni anno proprio [&hellip;]","og_url":"https:\/\/www.bellunopress.it\/fr\/2019\/08\/30\/susanna-camusso-al-75-del-rastrellamento-del-44-in-cansiglio-domenica-8-settembre-ore-10\/","og_site_name":"Bellunopress - Dolomiti","article_publisher":"https:\/\/www.facebook.com\/profile.php?id=100008943462799","article_published_time":"2019-08-30T13:21:32+00:00","article_modified_time":"2019-08-30T20:28:02+00:00","og_image":[{"url":"http:\/\/www.bellunopress.it\/wp-content\/uploads\/2016\/07\/mauro-de-carli-cgil.jpg","type":"","width":"","height":""}],"author":"redazione","twitter_card":"summary_large_image","twitter_creator":"@bellunopress","twitter_site":"@bellunopress","twitter_misc":{"\u00c9crit par":"redazione","Dur\u00e9e de lecture estim\u00e9e":"2 minutes"},"schema":{"@context":"https:\/\/schema.org","@graph":[{"@type":"Article","@id":"https:\/\/www.bellunopress.it\/2019\/08\/30\/susanna-camusso-al-75-del-rastrellamento-del-44-in-cansiglio-domenica-8-settembre-ore-10\/#article","isPartOf":{"@id":"https:\/\/www.bellunopress.it\/2019\/08\/30\/susanna-camusso-al-75-del-rastrellamento-del-44-in-cansiglio-domenica-8-settembre-ore-10\/"},"author":{"name":"redazione","@id":"https:\/\/www.bellunopress.it\/#\/schema\/person\/79bb06722b37ece1c03d3e94beb30d73"},"headline":"Susanna Camusso al 75\u00b0 del rastrellamento del &#8217;44 in Cansiglio domenica 8 settembre ore 10","datePublished":"2019-08-30T13:21:32+00:00","dateModified":"2019-08-30T20:28:02+00:00","mainEntityOfPage":{"@id":"https:\/\/www.bellunopress.it\/2019\/08\/30\/susanna-camusso-al-75-del-rastrellamento-del-44-in-cansiglio-domenica-8-settembre-ore-10\/"},"wordCount":334,"publisher":{"@id":"https:\/\/www.bellunopress.it\/#organization"},"image":{"@id":"https:\/\/www.bellunopress.it\/2019\/08\/30\/susanna-camusso-al-75-del-rastrellamento-del-44-in-cansiglio-domenica-8-settembre-ore-10\/#primaryimage"},"thumbnailUrl":"http:\/\/www.bellunopress.it\/wp-content\/uploads\/2016\/07\/mauro-de-carli-cgil.jpg","articleSection":["Appuntamenti, Eventi","Cronaca\/Politica","Prima Pagina"],"inLanguage":"fr-FR"},{"@type":"WebPage","@id":"https:\/\/www.bellunopress.it\/2019\/08\/30\/susanna-camusso-al-75-del-rastrellamento-del-44-in-cansiglio-domenica-8-settembre-ore-10\/","url":"https:\/\/www.bellunopress.it\/2019\/08\/30\/susanna-camusso-al-75-del-rastrellamento-del-44-in-cansiglio-domenica-8-settembre-ore-10\/","name":"Susanna Camusso al 75\u00b0 del rastrellamento del '44 in Cansiglio domenica 8 settembre ore 10 - Bellunopress - Dolomiti","isPartOf":{"@id":"https:\/\/www.bellunopress.it\/#website"},"primaryImageOfPage":{"@id":"https:\/\/www.bellunopress.it\/2019\/08\/30\/susanna-camusso-al-75-del-rastrellamento-del-44-in-cansiglio-domenica-8-settembre-ore-10\/#primaryimage"},"image":{"@id":"https:\/\/www.bellunopress.it\/2019\/08\/30\/susanna-camusso-al-75-del-rastrellamento-del-44-in-cansiglio-domenica-8-settembre-ore-10\/#primaryimage"},"thumbnailUrl":"http:\/\/www.bellunopress.it\/wp-content\/uploads\/2016\/07\/mauro-de-carli-cgil.jpg","datePublished":"2019-08-30T13:21:32+00:00","dateModified":"2019-08-30T20:28:02+00:00","breadcrumb":{"@id":"https:\/\/www.bellunopress.it\/2019\/08\/30\/susanna-camusso-al-75-del-rastrellamento-del-44-in-cansiglio-domenica-8-settembre-ore-10\/#breadcrumb"},"inLanguage":"fr-FR","potentialAction":[{"@type":"ReadAction","target":["https:\/\/www.bellunopress.it\/2019\/08\/30\/susanna-camusso-al-75-del-rastrellamento-del-44-in-cansiglio-domenica-8-settembre-ore-10\/"]}]},{"@type":"ImageObject","inLanguage":"fr-FR","@id":"https:\/\/www.bellunopress.it\/2019\/08\/30\/susanna-camusso-al-75-del-rastrellamento-del-44-in-cansiglio-domenica-8-settembre-ore-10\/#primaryimage","url":"http:\/\/www.bellunopress.it\/wp-content\/uploads\/2016\/07\/mauro-de-carli-cgil.jpg","contentUrl":"http:\/\/www.bellunopress.it\/wp-content\/uploads\/2016\/07\/mauro-de-carli-cgil.jpg"},{"@type":"BreadcrumbList","@id":"https:\/\/www.bellunopress.it\/2019\/08\/30\/susanna-camusso-al-75-del-rastrellamento-del-44-in-cansiglio-domenica-8-settembre-ore-10\/#breadcrumb","itemListElement":[{"@type":"ListItem","position":1,"name":"Home","item":"https:\/\/www.bellunopress.it\/"},{"@type":"ListItem","position":2,"name":"Susanna Camusso al 75\u00b0 del rastrellamento del &#8217;44 in Cansiglio domenica 8 settembre ore 10"}]},{"@type":"WebSite","@id":"https:\/\/www.bellunopress.it\/#website","url":"https:\/\/www.bellunopress.it\/","name":"Bellunopress - Dolomiti","description":"e-mail: redazione@bellunopress.it","publisher":{"@id":"https:\/\/www.bellunopress.it\/#organization"},"potentialAction":[{"@type":"SearchAction","target":{"@type":"EntryPoint","urlTemplate":"https:\/\/www.bellunopress.it\/?s={search_term_string}"},"query-input":{"@type":"PropertyValueSpecification","valueRequired":true,"valueName":"search_term_string"}}],"inLanguage":"fr-FR"},{"@type":"Organization","@id":"https:\/\/www.bellunopress.it\/#organization","name":"Bellunopress","url":"https:\/\/www.bellunopress.it\/","logo":{"@type":"ImageObject","inLanguage":"fr-FR","@id":"https:\/\/www.bellunopress.it\/#\/schema\/logo\/image\/","url":"https:\/\/www.bellunopress.it\/wp-content\/uploads\/2011\/05\/cropped-logo-bellunopress-.jpg","contentUrl":"https:\/\/www.bellunopress.it\/wp-content\/uploads\/2011\/05\/cropped-logo-bellunopress-.jpg","width":512,"height":512,"caption":"Bellunopress"},"image":{"@id":"https:\/\/www.bellunopress.it\/#\/schema\/logo\/image\/"},"sameAs":["https:\/\/www.facebook.com\/profile.php?id=100008943462799","https:\/\/x.com\/bellunopress","https:\/\/www.linkedin.com\/hp\/?dnr=JBzUWaJfMUw8vbXJJ2tVW5-I3jZKvC4wsoxE&amp;amp;amp;amp;amp;amp;trk=nav_responsive_tab_home","https:\/\/www.youtube.com\/channel\/UCxL0wu1uN0_3_7hGG0306cw"]},{"@type":"Person","@id":"https:\/\/www.bellunopress.it\/#\/schema\/person\/79bb06722b37ece1c03d3e94beb30d73","name":"r\u00e9daction","image":{"@type":"ImageObject","inLanguage":"fr-FR","@id":"https:\/\/secure.gravatar.com\/avatar\/37d968a2e67a6fd04c169c4bdef102d0bc5d31b2546345219e348575eb80e9a0?s=96&d=mm&r=g","url":"https:\/\/secure.gravatar.com\/avatar\/37d968a2e67a6fd04c169c4bdef102d0bc5d31b2546345219e348575eb80e9a0?s=96&d=mm&r=g","contentUrl":"https:\/\/secure.gravatar.com\/avatar\/37d968a2e67a6fd04c169c4bdef102d0bc5d31b2546345219e348575eb80e9a0?s=96&d=mm&r=g","caption":"redazione"},"sameAs":["http:\/\/www.bellunopress.it","https:\/\/x.com\/bellunopress"],"url":"https:\/\/www.bellunopress.it\/fr\/author\/redazione\/"}]}},"_links":{"self":[{"href":"https:\/\/www.bellunopress.it\/fr\/wp-json\/wp\/v2\/posts\/107485","targetHints":{"allow":["GET"]}}],"collection":[{"href":"https:\/\/www.bellunopress.it\/fr\/wp-json\/wp\/v2\/posts"}],"about":[{"href":"https:\/\/www.bellunopress.it\/fr\/wp-json\/wp\/v2\/types\/post"}],"author":[{"embeddable":true,"href":"https:\/\/www.bellunopress.it\/fr\/wp-json\/wp\/v2\/users\/2"}],"replies":[{"embeddable":true,"href":"https:\/\/www.bellunopress.it\/fr\/wp-json\/wp\/v2\/comments?post=107485"}],"version-history":[{"count":1,"href":"https:\/\/www.bellunopress.it\/fr\/wp-json\/wp\/v2\/posts\/107485\/revisions"}],"predecessor-version":[{"id":107486,"href":"https:\/\/www.bellunopress.it\/fr\/wp-json\/wp\/v2\/posts\/107485\/revisions\/107486"}],"wp:attachment":[{"href":"https:\/\/www.bellunopress.it\/fr\/wp-json\/wp\/v2\/media?parent=107485"}],"wp:term":[{"taxonomy":"category","embeddable":true,"href":"https:\/\/www.bellunopress.it\/fr\/wp-json\/wp\/v2\/categories?post=107485"},{"taxonomy":"post_tag","embeddable":true,"href":"https:\/\/www.bellunopress.it\/fr\/wp-json\/wp\/v2\/tags?post=107485"}],"curies":[{"name":"wp","href":"https:\/\/api.w.org\/{rel}","templated":true}]}}