{"id":107442,"date":"2019-08-29T16:08:13","date_gmt":"2019-08-29T14:08:13","guid":{"rendered":"http:\/\/www.bellunopress.it\/?p=107442"},"modified":"2019-08-29T16:08:13","modified_gmt":"2019-08-29T14:08:13","slug":"un-nuovo-contributo-e-gruppi-di-lavoro-integrati-del-fondo-welfare","status":"publish","type":"post","link":"https:\/\/www.bellunopress.it\/fr\/2019\/08\/29\/un-nuovo-contributo-e-gruppi-di-lavoro-integrati-del-fondo-welfare\/","title":{"rendered":"Un nuovo contributo e gruppi di lavoro integrati del Fondo Welfare"},"content":{"rendered":"<figure id=\"attachment_106865\" aria-describedby=\"caption-attachment-106865\" style=\"width: 230px\" class=\"wp-caption alignleft\"><a href=\"http:\/\/www.bellunopress.it\/fr\/2019\/08\/05\/firmato-il-decreto-di-nomina-dellassessore-de-biasi-si-occupera-di-risorse-umane-logistica-e-organizzazione-welfare-aziendale-progettualita-con-lente-provincia-di-belluno\/francesca-de-biasi-2\/\" rel=\"attachment wp-att-106865\"><img loading=\"lazy\" decoding=\"async\" class=\"size-full wp-image-106865\" src=\"http:\/\/www.bellunopress.it\/wp-content\/uploads\/2019\/08\/Francesca-De-Biasi.jpg\" alt=\"\" width=\"230\" height=\"300\" \/><\/a><figcaption id=\"caption-attachment-106865\" class=\"wp-caption-text\">Francesca De Biasi, assessore al Comune di Belluno e presidente del Fondo Welfare<\/figcaption><\/figure>\n<p>Belluno, 29 agosto 2019 &#8211; A un mese dalla comunicazione dell&#8217;esito del bando promosso dal Fondo Welfare e Identit\u00e0 Territoriale per il maltempo, in questi giorni sono state completate le erogazioni alle famiglie richiedenti un contributo solidale per il danno subito da Vaia. Grazie al bando e alle segnalazione dei sindaci sono state raggiunte in totale 172 famiglie, di cui due terzi o presentavano gravi condizioni socio-economiche e\/o aveva nel proprio nucleo minori, anziani o invalidi, a cui il Fondo ha voluto mettere particolare attenzione.<\/p>\n<p>Nella seduta del 27 agosto 2019 il Tavolo del Fondo ha deciso di utilizzare un&#8217;altra piccola quota ancora disponibile, per sostenere anche chi non ha potuto presentare domanda al Fondo perch\u00e9, avendo presentato domanda alla Regione per danni sotto i 5000\u20ac, non ha poi ricevuto dalla Regione medesima alcun contributo per mancanza di pezze giustificative (in parte dovuta all&#8217;impossibilit\u00e0 della famiglia di anticipare la spesa).<\/p>\n<p>Nella stessa seduta sono stati inoltre individuati i referenti per le aree di lavoro per realizzare gli scopi e le finalit\u00e0 statutarie del Fondo Welfare e Identit\u00e0 territoriale: comunicazione, reperimento fondi e progetti.<\/p>\n<p>La risorsa del progetto vedr\u00e0 diverse realt\u00e0 collaborare tra loro forti della propria e diversa esperienza.<\/p>\n<p>Si riportano come esempi: lo SPI Cgil coordiner\u00e0 le azioni per la sensibilizzazione dei Comuni sul contributo al fondo, in collaborazione con la Conferenza dei Sindaci ed il Consorzio Bim.<\/p>\n<p>La Cisl con le Associazioni di categoria e gli altri sindacati Cgil e Uil, si occuper\u00e0 di promuovere il Fondo Welfare tra i lavoratori mentre, sempre la Cisl in collaborazione con il CSV e l&#8217;AICS lavoreranno per produrre video e materiale esplicativo utili a tutti i membri per la divulgazione delle finalit\u00e0 del Fondo. Ed ancora: il patto scuola lavoro sar\u00e0 promosso da Scuole in Rete in collaborazione con Confindustria e le altre Associazioni di categoria mentre la Diocesi e la Cgil si sono impegnate nell&#8217;esplorare i bisogni delle nuove coppie.<\/p>\n<p>Una ricchezza, quella della collaborazione tra tutte queste realt\u00e0 del nostro territorio, che riteniamo oggi indispensabile e unica per la nostra provincia.<\/p>","protected":false},"excerpt":{"rendered":"<p>Belluno, 29 agosto 2019 &#8211; A un mese dalla comunicazione dell&#8217;esito del bando promosso dal Fondo Welfare e Identit\u00e0 Territoriale per il maltempo, in questi giorni sono state completate le erogazioni alle famiglie richiedenti un contributo solidale per il danno subito da Vaia. Grazie al bando e alle segnalazione dei sindaci sono state raggiunte in [&hellip;]<\/p>\n","protected":false},"author":2,"featured_media":0,"comment_status":"closed","ping_status":"open","sticky":false,"template":"","format":"standard","meta":{"footnotes":""},"categories":[5,26,8],"tags":[],"class_list":["post-107442","post","type-post","status-publish","format-standard","category-cronaca","category-prima-pagina","category-societa-istituzioni"],"yoast_head":"<!-- This site is optimized with the Yoast SEO plugin v28.4 - https:\/\/yoast.com\/product\/yoast-seo-wordpress\/ -->\n<title>Un nuovo contributo e gruppi di lavoro integrati del Fondo Welfare - Bellunopress - Dolomiti<\/title>\n<meta name=\"robots\" content=\"index, follow, max-snippet:-1, max-image-preview:large, max-video-preview:-1\" \/>\n<link rel=\"canonical\" href=\"https:\/\/www.bellunopress.it\/fr\/2019\/08\/29\/un-nuovo-contributo-e-gruppi-di-lavoro-integrati-del-fondo-welfare\/\" \/>\n<meta property=\"og:locale\" content=\"fr_FR\" \/>\n<meta property=\"og:type\" content=\"article\" \/>\n<meta property=\"og:title\" content=\"Un nuovo contributo e gruppi di lavoro integrati del Fondo Welfare - Bellunopress - Dolomiti\" \/>\n<meta property=\"og:description\" content=\"Belluno, 29 agosto 2019 &#8211; A un mese dalla comunicazione dell&#8217;esito del bando promosso dal Fondo Welfare e Identit\u00e0 Territoriale per il maltempo, in questi giorni sono state completate le erogazioni alle famiglie richiedenti un contributo solidale per il danno subito da Vaia. Grazie al bando e alle segnalazione dei sindaci sono state raggiunte in [&hellip;]\" \/>\n<meta property=\"og:url\" content=\"https:\/\/www.bellunopress.it\/fr\/2019\/08\/29\/un-nuovo-contributo-e-gruppi-di-lavoro-integrati-del-fondo-welfare\/\" \/>\n<meta property=\"og:site_name\" content=\"Bellunopress - Dolomiti\" \/>\n<meta property=\"article:publisher\" content=\"https:\/\/www.facebook.com\/profile.php?id=100008943462799\" \/>\n<meta property=\"article:published_time\" content=\"2019-08-29T14:08:13+00:00\" \/>\n<meta property=\"og:image\" content=\"http:\/\/www.bellunopress.it\/wp-content\/uploads\/2019\/08\/Francesca-De-Biasi.jpg\" \/>\n<meta name=\"author\" content=\"redazione\" \/>\n<meta name=\"twitter:card\" content=\"summary_large_image\" \/>\n<meta name=\"twitter:creator\" content=\"@bellunopress\" \/>\n<meta name=\"twitter:site\" content=\"@bellunopress\" \/>\n<meta name=\"twitter:label1\" content=\"\u00c9crit par\" \/>\n\t<meta name=\"twitter:data1\" content=\"redazione\" \/>\n\t<meta name=\"twitter:label2\" content=\"Dur\u00e9e de lecture estim\u00e9e\" \/>\n\t<meta name=\"twitter:data2\" content=\"2 minutes\" \/>\n<script type=\"application\/ld+json\" class=\"yoast-schema-graph\">{\"@context\":\"https:\\\/\\\/schema.org\",\"@graph\":[{\"@type\":\"Article\",\"@id\":\"https:\\\/\\\/www.bellunopress.it\\\/2019\\\/08\\\/29\\\/un-nuovo-contributo-e-gruppi-di-lavoro-integrati-del-fondo-welfare\\\/#article\",\"isPartOf\":{\"@id\":\"https:\\\/\\\/www.bellunopress.it\\\/2019\\\/08\\\/29\\\/un-nuovo-contributo-e-gruppi-di-lavoro-integrati-del-fondo-welfare\\\/\"},\"author\":{\"name\":\"redazione\",\"@id\":\"https:\\\/\\\/www.bellunopress.it\\\/#\\\/schema\\\/person\\\/79bb06722b37ece1c03d3e94beb30d73\"},\"headline\":\"Un nuovo contributo e gruppi di lavoro integrati del Fondo Welfare\",\"datePublished\":\"2019-08-29T14:08:13+00:00\",\"mainEntityOfPage\":{\"@id\":\"https:\\\/\\\/www.bellunopress.it\\\/2019\\\/08\\\/29\\\/un-nuovo-contributo-e-gruppi-di-lavoro-integrati-del-fondo-welfare\\\/\"},\"wordCount\":373,\"publisher\":{\"@id\":\"https:\\\/\\\/www.bellunopress.it\\\/#organization\"},\"image\":{\"@id\":\"https:\\\/\\\/www.bellunopress.it\\\/2019\\\/08\\\/29\\\/un-nuovo-contributo-e-gruppi-di-lavoro-integrati-del-fondo-welfare\\\/#primaryimage\"},\"thumbnailUrl\":\"http:\\\/\\\/www.bellunopress.it\\\/wp-content\\\/uploads\\\/2019\\\/08\\\/Francesca-De-Biasi.jpg\",\"articleSection\":[\"Cronaca\\\/Politica\",\"Prima Pagina\",\"Societ\u00e0, Associazioni, Istituzioni\"],\"inLanguage\":\"fr-FR\"},{\"@type\":\"WebPage\",\"@id\":\"https:\\\/\\\/www.bellunopress.it\\\/2019\\\/08\\\/29\\\/un-nuovo-contributo-e-gruppi-di-lavoro-integrati-del-fondo-welfare\\\/\",\"url\":\"https:\\\/\\\/www.bellunopress.it\\\/2019\\\/08\\\/29\\\/un-nuovo-contributo-e-gruppi-di-lavoro-integrati-del-fondo-welfare\\\/\",\"name\":\"Un nuovo contributo e gruppi di lavoro integrati del Fondo Welfare - Bellunopress - Dolomiti\",\"isPartOf\":{\"@id\":\"https:\\\/\\\/www.bellunopress.it\\\/#website\"},\"primaryImageOfPage\":{\"@id\":\"https:\\\/\\\/www.bellunopress.it\\\/2019\\\/08\\\/29\\\/un-nuovo-contributo-e-gruppi-di-lavoro-integrati-del-fondo-welfare\\\/#primaryimage\"},\"image\":{\"@id\":\"https:\\\/\\\/www.bellunopress.it\\\/2019\\\/08\\\/29\\\/un-nuovo-contributo-e-gruppi-di-lavoro-integrati-del-fondo-welfare\\\/#primaryimage\"},\"thumbnailUrl\":\"http:\\\/\\\/www.bellunopress.it\\\/wp-content\\\/uploads\\\/2019\\\/08\\\/Francesca-De-Biasi.jpg\",\"datePublished\":\"2019-08-29T14:08:13+00:00\",\"breadcrumb\":{\"@id\":\"https:\\\/\\\/www.bellunopress.it\\\/2019\\\/08\\\/29\\\/un-nuovo-contributo-e-gruppi-di-lavoro-integrati-del-fondo-welfare\\\/#breadcrumb\"},\"inLanguage\":\"fr-FR\",\"potentialAction\":[{\"@type\":\"ReadAction\",\"target\":[\"https:\\\/\\\/www.bellunopress.it\\\/2019\\\/08\\\/29\\\/un-nuovo-contributo-e-gruppi-di-lavoro-integrati-del-fondo-welfare\\\/\"]}]},{\"@type\":\"ImageObject\",\"inLanguage\":\"fr-FR\",\"@id\":\"https:\\\/\\\/www.bellunopress.it\\\/2019\\\/08\\\/29\\\/un-nuovo-contributo-e-gruppi-di-lavoro-integrati-del-fondo-welfare\\\/#primaryimage\",\"url\":\"http:\\\/\\\/www.bellunopress.it\\\/wp-content\\\/uploads\\\/2019\\\/08\\\/Francesca-De-Biasi.jpg\",\"contentUrl\":\"http:\\\/\\\/www.bellunopress.it\\\/wp-content\\\/uploads\\\/2019\\\/08\\\/Francesca-De-Biasi.jpg\"},{\"@type\":\"BreadcrumbList\",\"@id\":\"https:\\\/\\\/www.bellunopress.it\\\/2019\\\/08\\\/29\\\/un-nuovo-contributo-e-gruppi-di-lavoro-integrati-del-fondo-welfare\\\/#breadcrumb\",\"itemListElement\":[{\"@type\":\"ListItem\",\"position\":1,\"name\":\"Home\",\"item\":\"https:\\\/\\\/www.bellunopress.it\\\/\"},{\"@type\":\"ListItem\",\"position\":2,\"name\":\"Un nuovo contributo e gruppi di lavoro integrati del Fondo Welfare\"}]},{\"@type\":\"WebSite\",\"@id\":\"https:\\\/\\\/www.bellunopress.it\\\/#website\",\"url\":\"https:\\\/\\\/www.bellunopress.it\\\/\",\"name\":\"Bellunopress - Dolomiti\",\"description\":\"e-mail: redazione@bellunopress.it\",\"publisher\":{\"@id\":\"https:\\\/\\\/www.bellunopress.it\\\/#organization\"},\"potentialAction\":[{\"@type\":\"SearchAction\",\"target\":{\"@type\":\"EntryPoint\",\"urlTemplate\":\"https:\\\/\\\/www.bellunopress.it\\\/?s={search_term_string}\"},\"query-input\":{\"@type\":\"PropertyValueSpecification\",\"valueRequired\":true,\"valueName\":\"search_term_string\"}}],\"inLanguage\":\"fr-FR\"},{\"@type\":\"Organization\",\"@id\":\"https:\\\/\\\/www.bellunopress.it\\\/#organization\",\"name\":\"Bellunopress\",\"url\":\"https:\\\/\\\/www.bellunopress.it\\\/\",\"logo\":{\"@type\":\"ImageObject\",\"inLanguage\":\"fr-FR\",\"@id\":\"https:\\\/\\\/www.bellunopress.it\\\/#\\\/schema\\\/logo\\\/image\\\/\",\"url\":\"https:\\\/\\\/www.bellunopress.it\\\/wp-content\\\/uploads\\\/2011\\\/05\\\/cropped-logo-bellunopress-.jpg\",\"contentUrl\":\"https:\\\/\\\/www.bellunopress.it\\\/wp-content\\\/uploads\\\/2011\\\/05\\\/cropped-logo-bellunopress-.jpg\",\"width\":512,\"height\":512,\"caption\":\"Bellunopress\"},\"image\":{\"@id\":\"https:\\\/\\\/www.bellunopress.it\\\/#\\\/schema\\\/logo\\\/image\\\/\"},\"sameAs\":[\"https:\\\/\\\/www.facebook.com\\\/profile.php?id=100008943462799\",\"https:\\\/\\\/x.com\\\/bellunopress\",\"https:\\\/\\\/www.linkedin.com\\\/hp\\\/?dnr=JBzUWaJfMUw8vbXJJ2tVW5-I3jZKvC4wsoxE&amp;amp;amp;amp;amp;amp;trk=nav_responsive_tab_home\",\"https:\\\/\\\/www.youtube.com\\\/channel\\\/UCxL0wu1uN0_3_7hGG0306cw\"]},{\"@type\":\"Person\",\"@id\":\"https:\\\/\\\/www.bellunopress.it\\\/#\\\/schema\\\/person\\\/79bb06722b37ece1c03d3e94beb30d73\",\"name\":\"redazione\",\"image\":{\"@type\":\"ImageObject\",\"inLanguage\":\"fr-FR\",\"@id\":\"https:\\\/\\\/secure.gravatar.com\\\/avatar\\\/37d968a2e67a6fd04c169c4bdef102d0bc5d31b2546345219e348575eb80e9a0?s=96&d=mm&r=g\",\"url\":\"https:\\\/\\\/secure.gravatar.com\\\/avatar\\\/37d968a2e67a6fd04c169c4bdef102d0bc5d31b2546345219e348575eb80e9a0?s=96&d=mm&r=g\",\"contentUrl\":\"https:\\\/\\\/secure.gravatar.com\\\/avatar\\\/37d968a2e67a6fd04c169c4bdef102d0bc5d31b2546345219e348575eb80e9a0?s=96&d=mm&r=g\",\"caption\":\"redazione\"},\"sameAs\":[\"http:\\\/\\\/www.bellunopress.it\",\"https:\\\/\\\/x.com\\\/bellunopress\"],\"url\":\"https:\\\/\\\/www.bellunopress.it\\\/fr\\\/author\\\/redazione\\\/\"}]}<\/script>\n<!-- \/ Yoast SEO plugin. -->","yoast_head_json":{"title":"Un nuovo contributo e gruppi di lavoro integrati del Fondo Welfare - Bellunopress - Dolomiti","robots":{"index":"index","follow":"follow","max-snippet":"max-snippet:-1","max-image-preview":"max-image-preview:large","max-video-preview":"max-video-preview:-1"},"canonical":"https:\/\/www.bellunopress.it\/fr\/2019\/08\/29\/un-nuovo-contributo-e-gruppi-di-lavoro-integrati-del-fondo-welfare\/","og_locale":"fr_FR","og_type":"article","og_title":"Un nuovo contributo e gruppi di lavoro integrati del Fondo Welfare - Bellunopress - Dolomiti","og_description":"Belluno, 29 agosto 2019 &#8211; A un mese dalla comunicazione dell&#8217;esito del bando promosso dal Fondo Welfare e Identit\u00e0 Territoriale per il maltempo, in questi giorni sono state completate le erogazioni alle famiglie richiedenti un contributo solidale per il danno subito da Vaia. Grazie al bando e alle segnalazione dei sindaci sono state raggiunte in [&hellip;]","og_url":"https:\/\/www.bellunopress.it\/fr\/2019\/08\/29\/un-nuovo-contributo-e-gruppi-di-lavoro-integrati-del-fondo-welfare\/","og_site_name":"Bellunopress - Dolomiti","article_publisher":"https:\/\/www.facebook.com\/profile.php?id=100008943462799","article_published_time":"2019-08-29T14:08:13+00:00","og_image":[{"url":"http:\/\/www.bellunopress.it\/wp-content\/uploads\/2019\/08\/Francesca-De-Biasi.jpg","type":"","width":"","height":""}],"author":"redazione","twitter_card":"summary_large_image","twitter_creator":"@bellunopress","twitter_site":"@bellunopress","twitter_misc":{"\u00c9crit par":"redazione","Dur\u00e9e de lecture estim\u00e9e":"2 minutes"},"schema":{"@context":"https:\/\/schema.org","@graph":[{"@type":"Article","@id":"https:\/\/www.bellunopress.it\/2019\/08\/29\/un-nuovo-contributo-e-gruppi-di-lavoro-integrati-del-fondo-welfare\/#article","isPartOf":{"@id":"https:\/\/www.bellunopress.it\/2019\/08\/29\/un-nuovo-contributo-e-gruppi-di-lavoro-integrati-del-fondo-welfare\/"},"author":{"name":"redazione","@id":"https:\/\/www.bellunopress.it\/#\/schema\/person\/79bb06722b37ece1c03d3e94beb30d73"},"headline":"Un nuovo contributo e gruppi di lavoro integrati del Fondo Welfare","datePublished":"2019-08-29T14:08:13+00:00","mainEntityOfPage":{"@id":"https:\/\/www.bellunopress.it\/2019\/08\/29\/un-nuovo-contributo-e-gruppi-di-lavoro-integrati-del-fondo-welfare\/"},"wordCount":373,"publisher":{"@id":"https:\/\/www.bellunopress.it\/#organization"},"image":{"@id":"https:\/\/www.bellunopress.it\/2019\/08\/29\/un-nuovo-contributo-e-gruppi-di-lavoro-integrati-del-fondo-welfare\/#primaryimage"},"thumbnailUrl":"http:\/\/www.bellunopress.it\/wp-content\/uploads\/2019\/08\/Francesca-De-Biasi.jpg","articleSection":["Cronaca\/Politica","Prima Pagina","Societ\u00e0, Associazioni, Istituzioni"],"inLanguage":"fr-FR"},{"@type":"WebPage","@id":"https:\/\/www.bellunopress.it\/2019\/08\/29\/un-nuovo-contributo-e-gruppi-di-lavoro-integrati-del-fondo-welfare\/","url":"https:\/\/www.bellunopress.it\/2019\/08\/29\/un-nuovo-contributo-e-gruppi-di-lavoro-integrati-del-fondo-welfare\/","name":"Un nuovo contributo e gruppi di lavoro integrati del Fondo Welfare - Bellunopress - Dolomiti","isPartOf":{"@id":"https:\/\/www.bellunopress.it\/#website"},"primaryImageOfPage":{"@id":"https:\/\/www.bellunopress.it\/2019\/08\/29\/un-nuovo-contributo-e-gruppi-di-lavoro-integrati-del-fondo-welfare\/#primaryimage"},"image":{"@id":"https:\/\/www.bellunopress.it\/2019\/08\/29\/un-nuovo-contributo-e-gruppi-di-lavoro-integrati-del-fondo-welfare\/#primaryimage"},"thumbnailUrl":"http:\/\/www.bellunopress.it\/wp-content\/uploads\/2019\/08\/Francesca-De-Biasi.jpg","datePublished":"2019-08-29T14:08:13+00:00","breadcrumb":{"@id":"https:\/\/www.bellunopress.it\/2019\/08\/29\/un-nuovo-contributo-e-gruppi-di-lavoro-integrati-del-fondo-welfare\/#breadcrumb"},"inLanguage":"fr-FR","potentialAction":[{"@type":"ReadAction","target":["https:\/\/www.bellunopress.it\/2019\/08\/29\/un-nuovo-contributo-e-gruppi-di-lavoro-integrati-del-fondo-welfare\/"]}]},{"@type":"ImageObject","inLanguage":"fr-FR","@id":"https:\/\/www.bellunopress.it\/2019\/08\/29\/un-nuovo-contributo-e-gruppi-di-lavoro-integrati-del-fondo-welfare\/#primaryimage","url":"http:\/\/www.bellunopress.it\/wp-content\/uploads\/2019\/08\/Francesca-De-Biasi.jpg","contentUrl":"http:\/\/www.bellunopress.it\/wp-content\/uploads\/2019\/08\/Francesca-De-Biasi.jpg"},{"@type":"BreadcrumbList","@id":"https:\/\/www.bellunopress.it\/2019\/08\/29\/un-nuovo-contributo-e-gruppi-di-lavoro-integrati-del-fondo-welfare\/#breadcrumb","itemListElement":[{"@type":"ListItem","position":1,"name":"Home","item":"https:\/\/www.bellunopress.it\/"},{"@type":"ListItem","position":2,"name":"Un nuovo contributo e gruppi di lavoro integrati del Fondo Welfare"}]},{"@type":"WebSite","@id":"https:\/\/www.bellunopress.it\/#website","url":"https:\/\/www.bellunopress.it\/","name":"Bellunopress - Dolomiti","description":"e-mail: redazione@bellunopress.it","publisher":{"@id":"https:\/\/www.bellunopress.it\/#organization"},"potentialAction":[{"@type":"SearchAction","target":{"@type":"EntryPoint","urlTemplate":"https:\/\/www.bellunopress.it\/?s={search_term_string}"},"query-input":{"@type":"PropertyValueSpecification","valueRequired":true,"valueName":"search_term_string"}}],"inLanguage":"fr-FR"},{"@type":"Organization","@id":"https:\/\/www.bellunopress.it\/#organization","name":"Bellunopress","url":"https:\/\/www.bellunopress.it\/","logo":{"@type":"ImageObject","inLanguage":"fr-FR","@id":"https:\/\/www.bellunopress.it\/#\/schema\/logo\/image\/","url":"https:\/\/www.bellunopress.it\/wp-content\/uploads\/2011\/05\/cropped-logo-bellunopress-.jpg","contentUrl":"https:\/\/www.bellunopress.it\/wp-content\/uploads\/2011\/05\/cropped-logo-bellunopress-.jpg","width":512,"height":512,"caption":"Bellunopress"},"image":{"@id":"https:\/\/www.bellunopress.it\/#\/schema\/logo\/image\/"},"sameAs":["https:\/\/www.facebook.com\/profile.php?id=100008943462799","https:\/\/x.com\/bellunopress","https:\/\/www.linkedin.com\/hp\/?dnr=JBzUWaJfMUw8vbXJJ2tVW5-I3jZKvC4wsoxE&amp;amp;amp;amp;amp;amp;trk=nav_responsive_tab_home","https:\/\/www.youtube.com\/channel\/UCxL0wu1uN0_3_7hGG0306cw"]},{"@type":"Person","@id":"https:\/\/www.bellunopress.it\/#\/schema\/person\/79bb06722b37ece1c03d3e94beb30d73","name":"r\u00e9daction","image":{"@type":"ImageObject","inLanguage":"fr-FR","@id":"https:\/\/secure.gravatar.com\/avatar\/37d968a2e67a6fd04c169c4bdef102d0bc5d31b2546345219e348575eb80e9a0?s=96&d=mm&r=g","url":"https:\/\/secure.gravatar.com\/avatar\/37d968a2e67a6fd04c169c4bdef102d0bc5d31b2546345219e348575eb80e9a0?s=96&d=mm&r=g","contentUrl":"https:\/\/secure.gravatar.com\/avatar\/37d968a2e67a6fd04c169c4bdef102d0bc5d31b2546345219e348575eb80e9a0?s=96&d=mm&r=g","caption":"redazione"},"sameAs":["http:\/\/www.bellunopress.it","https:\/\/x.com\/bellunopress"],"url":"https:\/\/www.bellunopress.it\/fr\/author\/redazione\/"}]}},"_links":{"self":[{"href":"https:\/\/www.bellunopress.it\/fr\/wp-json\/wp\/v2\/posts\/107442","targetHints":{"allow":["GET"]}}],"collection":[{"href":"https:\/\/www.bellunopress.it\/fr\/wp-json\/wp\/v2\/posts"}],"about":[{"href":"https:\/\/www.bellunopress.it\/fr\/wp-json\/wp\/v2\/types\/post"}],"author":[{"embeddable":true,"href":"https:\/\/www.bellunopress.it\/fr\/wp-json\/wp\/v2\/users\/2"}],"replies":[{"embeddable":true,"href":"https:\/\/www.bellunopress.it\/fr\/wp-json\/wp\/v2\/comments?post=107442"}],"version-history":[{"count":1,"href":"https:\/\/www.bellunopress.it\/fr\/wp-json\/wp\/v2\/posts\/107442\/revisions"}],"predecessor-version":[{"id":107443,"href":"https:\/\/www.bellunopress.it\/fr\/wp-json\/wp\/v2\/posts\/107442\/revisions\/107443"}],"wp:attachment":[{"href":"https:\/\/www.bellunopress.it\/fr\/wp-json\/wp\/v2\/media?parent=107442"}],"wp:term":[{"taxonomy":"category","embeddable":true,"href":"https:\/\/www.bellunopress.it\/fr\/wp-json\/wp\/v2\/categories?post=107442"},{"taxonomy":"post_tag","embeddable":true,"href":"https:\/\/www.bellunopress.it\/fr\/wp-json\/wp\/v2\/tags?post=107442"}],"curies":[{"name":"wp","href":"https:\/\/api.w.org\/{rel}","templated":true}]}}