{"id":107438,"date":"2019-08-29T16:01:45","date_gmt":"2019-08-29T14:01:45","guid":{"rendered":"http:\/\/www.bellunopress.it\/?p=107438"},"modified":"2019-08-29T16:01:47","modified_gmt":"2019-08-29T14:01:47","slug":"domenica-linaugurazione-del-bivacco-salvedella","status":"publish","type":"post","link":"https:\/\/www.bellunopress.it\/fr\/2019\/08\/29\/domenica-linaugurazione-del-bivacco-salvedella\/","title":{"rendered":"Domenica l&#8217;inaugurazione del bivacco Salvedella"},"content":{"rendered":"<figure id=\"attachment_107439\" aria-describedby=\"caption-attachment-107439\" style=\"width: 300px\" class=\"wp-caption alignleft\"><a href=\"http:\/\/www.bellunopress.it\/fr\/2019\/08\/29\/domenica-linaugurazione-del-bivacco-salvedella\/bivacco-salvedella-borgo-valbelluna\/\" rel=\"attachment wp-att-107439\"><img loading=\"lazy\" decoding=\"async\" class=\"size-full wp-image-107439\" src=\"http:\/\/www.bellunopress.it\/wp-content\/uploads\/2019\/08\/bivacco-salvedella-borgo-valbelluna.jpg\" alt=\"\" width=\"300\" height=\"225\" \/><\/a><figcaption id=\"caption-attachment-107439\" class=\"wp-caption-text\">Bivacco Salvedella &#8211; Borgo Valbelluna<\/figcaption><\/figure>\n<p>Domenica 1 settembre alle ore 11.00 si terr\u00e0 l\u2019inaugurazione per la fine dei lavori di recupero del terzo stallone del Bivacco Salvedella, all\u2019interno dell\u2019evento \u201cMalghe tra Miane e Borgo Valbelluna\u201d organizzato dai due comuni per dare risalto al patrimonio rurale della zona. Intervento di recupero eseguito dalle maestranze dell\u2019Unione Montana Val Belluna su progetto dell\u2019arch. Valter Salton. Il costo compessivo \u00e8 stato di 103.000\u20ac finanziati per 85.000\u20ac dal Gal.<\/p>\n<p>L\u2019intervento di riqualificazione della struttura si inserisce all\u2019interno del Programma di Sviluppo Rurale che ha l\u2019obbiettivo di conservare il patrimonio rurale storico come testimonianza culturale degli immobili tipici dell\u2019architettura e del paesaggio rurale della fascia pedemontana prealpina.<\/p>\n<p>\u201cIl Bivacco Salvedella \u00e8 localizzato in un\u2019area di importante valenza naturalistica-ambientale e paesaggistica e il suo recupero rappresenta la volont\u00e0 di valorizzare questi tipi di fabbricati rurali per migliorare qualitativamente l\u2019offerta turistica sostenibile e la tutela del territorio, mantenendo il valore storico-culturale che la struttura offre\u201d afferma il consigliere con delega all\u2019agricoltura Anna Isotton.<\/p>\n<p>Il bivacco, infatti, \u00e8 raggiungibile sia da Praderadego che dalla localit\u00e0 di Posa Puner, in comune di Miane, ed \u00e8 al centro di un\u2019importante rete di percorsi escursionistici e cicloturistici nonch\u00e9 dell\u2019Ippovia delle Prealpi Trevigiane e Bellunesi. Con quest\u2019intervento l\u2019ex stalla completa un complesso che costituisce una base logistica per gruppi organizzati permettendo di rispondere alla crescente fruizione turistica in forte espansione per merito sia del potenziamento delle attivit\u00e0 delle malghe, che dal recupero di alcuni vecchi fabbricati rurali e della riqualificazione dei boschi e pascoli, nonch\u00e9 dall\u2019organizzazione di numerose manifestazioni promozionali. Conclude l\u2019assessore al turismo e all\u2019ambiente Deola: \u201cL\u2019esecuzione di questi interventi risulta necessaria per mantenere viva la nostra storia rurale e poter tutelare il nostro territorio che deve essere conservato e trasmesso alle generazioni a venire come testimonianza dell\u2019architettura del paesaggio rurale. Si auspica che in un prossimo futuro tale complesso possa essere nuovamente destinato alla monticazione del bestiame.\u201d<\/p>","protected":false},"excerpt":{"rendered":"<p>Domenica 1 settembre alle ore 11.00 si terr\u00e0 l\u2019inaugurazione per la fine dei lavori di recupero del terzo stallone del Bivacco Salvedella, all\u2019interno dell\u2019evento \u201cMalghe tra Miane e Borgo Valbelluna\u201d organizzato dai due comuni per dare risalto al patrimonio rurale della zona. Intervento di recupero eseguito dalle maestranze dell\u2019Unione Montana Val Belluna su progetto dell\u2019arch. [&hellip;]<\/p>\n","protected":false},"author":2,"featured_media":0,"comment_status":"closed","ping_status":"open","sticky":false,"template":"","format":"standard","meta":{"footnotes":""},"categories":[27,26,8,4],"tags":[],"class_list":["post-107438","post","type-post","status-publish","format-standard","category-appuntamenti","category-prima-pagina","category-societa-istituzioni","category-sport"],"yoast_head":"<!-- This site is optimized with the Yoast SEO plugin v28.4 - https:\/\/yoast.com\/product\/yoast-seo-wordpress\/ -->\n<title>Domenica l&#039;inaugurazione del bivacco Salvedella - Bellunopress - Dolomiti<\/title>\n<meta name=\"robots\" content=\"index, follow, max-snippet:-1, max-image-preview:large, max-video-preview:-1\" \/>\n<link rel=\"canonical\" href=\"https:\/\/www.bellunopress.it\/fr\/2019\/08\/29\/domenica-linaugurazione-del-bivacco-salvedella\/\" \/>\n<meta property=\"og:locale\" content=\"fr_FR\" \/>\n<meta property=\"og:type\" content=\"article\" \/>\n<meta property=\"og:title\" content=\"Domenica l&#039;inaugurazione del bivacco Salvedella - Bellunopress - Dolomiti\" \/>\n<meta property=\"og:description\" content=\"Domenica 1 settembre alle ore 11.00 si terr\u00e0 l\u2019inaugurazione per la fine dei lavori di recupero del terzo stallone del Bivacco Salvedella, all\u2019interno dell\u2019evento \u201cMalghe tra Miane e Borgo Valbelluna\u201d organizzato dai due comuni per dare risalto al patrimonio rurale della zona. Intervento di recupero eseguito dalle maestranze dell\u2019Unione Montana Val Belluna su progetto dell\u2019arch. [&hellip;]\" \/>\n<meta property=\"og:url\" content=\"https:\/\/www.bellunopress.it\/fr\/2019\/08\/29\/domenica-linaugurazione-del-bivacco-salvedella\/\" \/>\n<meta property=\"og:site_name\" content=\"Bellunopress - Dolomiti\" \/>\n<meta property=\"article:publisher\" content=\"https:\/\/www.facebook.com\/profile.php?id=100008943462799\" \/>\n<meta property=\"article:published_time\" content=\"2019-08-29T14:01:45+00:00\" \/>\n<meta property=\"article:modified_time\" content=\"2019-08-29T14:01:47+00:00\" \/>\n<meta property=\"og:image\" content=\"http:\/\/www.bellunopress.it\/wp-content\/uploads\/2019\/08\/bivacco-salvedella-borgo-valbelluna.jpg\" \/>\n<meta name=\"author\" content=\"redazione\" \/>\n<meta name=\"twitter:card\" content=\"summary_large_image\" \/>\n<meta name=\"twitter:creator\" content=\"@bellunopress\" \/>\n<meta name=\"twitter:site\" content=\"@bellunopress\" \/>\n<meta name=\"twitter:label1\" content=\"\u00c9crit par\" \/>\n\t<meta name=\"twitter:data1\" content=\"redazione\" \/>\n\t<meta name=\"twitter:label2\" content=\"Dur\u00e9e de lecture estim\u00e9e\" \/>\n\t<meta name=\"twitter:data2\" content=\"2 minutes\" \/>\n<script type=\"application\/ld+json\" class=\"yoast-schema-graph\">{\"@context\":\"https:\\\/\\\/schema.org\",\"@graph\":[{\"@type\":\"Article\",\"@id\":\"https:\\\/\\\/www.bellunopress.it\\\/2019\\\/08\\\/29\\\/domenica-linaugurazione-del-bivacco-salvedella\\\/#article\",\"isPartOf\":{\"@id\":\"https:\\\/\\\/www.bellunopress.it\\\/2019\\\/08\\\/29\\\/domenica-linaugurazione-del-bivacco-salvedella\\\/\"},\"author\":{\"name\":\"redazione\",\"@id\":\"https:\\\/\\\/www.bellunopress.it\\\/#\\\/schema\\\/person\\\/79bb06722b37ece1c03d3e94beb30d73\"},\"headline\":\"Domenica l&#8217;inaugurazione del bivacco Salvedella\",\"datePublished\":\"2019-08-29T14:01:45+00:00\",\"dateModified\":\"2019-08-29T14:01:47+00:00\",\"mainEntityOfPage\":{\"@id\":\"https:\\\/\\\/www.bellunopress.it\\\/2019\\\/08\\\/29\\\/domenica-linaugurazione-del-bivacco-salvedella\\\/\"},\"wordCount\":342,\"publisher\":{\"@id\":\"https:\\\/\\\/www.bellunopress.it\\\/#organization\"},\"image\":{\"@id\":\"https:\\\/\\\/www.bellunopress.it\\\/2019\\\/08\\\/29\\\/domenica-linaugurazione-del-bivacco-salvedella\\\/#primaryimage\"},\"thumbnailUrl\":\"http:\\\/\\\/www.bellunopress.it\\\/wp-content\\\/uploads\\\/2019\\\/08\\\/bivacco-salvedella-borgo-valbelluna.jpg\",\"articleSection\":[\"Appuntamenti, Eventi\",\"Prima Pagina\",\"Societ\u00e0, Associazioni, Istituzioni\",\"Sport, tempo libero\"],\"inLanguage\":\"fr-FR\"},{\"@type\":\"WebPage\",\"@id\":\"https:\\\/\\\/www.bellunopress.it\\\/2019\\\/08\\\/29\\\/domenica-linaugurazione-del-bivacco-salvedella\\\/\",\"url\":\"https:\\\/\\\/www.bellunopress.it\\\/2019\\\/08\\\/29\\\/domenica-linaugurazione-del-bivacco-salvedella\\\/\",\"name\":\"Domenica l'inaugurazione del bivacco Salvedella - Bellunopress - Dolomiti\",\"isPartOf\":{\"@id\":\"https:\\\/\\\/www.bellunopress.it\\\/#website\"},\"primaryImageOfPage\":{\"@id\":\"https:\\\/\\\/www.bellunopress.it\\\/2019\\\/08\\\/29\\\/domenica-linaugurazione-del-bivacco-salvedella\\\/#primaryimage\"},\"image\":{\"@id\":\"https:\\\/\\\/www.bellunopress.it\\\/2019\\\/08\\\/29\\\/domenica-linaugurazione-del-bivacco-salvedella\\\/#primaryimage\"},\"thumbnailUrl\":\"http:\\\/\\\/www.bellunopress.it\\\/wp-content\\\/uploads\\\/2019\\\/08\\\/bivacco-salvedella-borgo-valbelluna.jpg\",\"datePublished\":\"2019-08-29T14:01:45+00:00\",\"dateModified\":\"2019-08-29T14:01:47+00:00\",\"breadcrumb\":{\"@id\":\"https:\\\/\\\/www.bellunopress.it\\\/2019\\\/08\\\/29\\\/domenica-linaugurazione-del-bivacco-salvedella\\\/#breadcrumb\"},\"inLanguage\":\"fr-FR\",\"potentialAction\":[{\"@type\":\"ReadAction\",\"target\":[\"https:\\\/\\\/www.bellunopress.it\\\/2019\\\/08\\\/29\\\/domenica-linaugurazione-del-bivacco-salvedella\\\/\"]}]},{\"@type\":\"ImageObject\",\"inLanguage\":\"fr-FR\",\"@id\":\"https:\\\/\\\/www.bellunopress.it\\\/2019\\\/08\\\/29\\\/domenica-linaugurazione-del-bivacco-salvedella\\\/#primaryimage\",\"url\":\"http:\\\/\\\/www.bellunopress.it\\\/wp-content\\\/uploads\\\/2019\\\/08\\\/bivacco-salvedella-borgo-valbelluna.jpg\",\"contentUrl\":\"http:\\\/\\\/www.bellunopress.it\\\/wp-content\\\/uploads\\\/2019\\\/08\\\/bivacco-salvedella-borgo-valbelluna.jpg\"},{\"@type\":\"BreadcrumbList\",\"@id\":\"https:\\\/\\\/www.bellunopress.it\\\/2019\\\/08\\\/29\\\/domenica-linaugurazione-del-bivacco-salvedella\\\/#breadcrumb\",\"itemListElement\":[{\"@type\":\"ListItem\",\"position\":1,\"name\":\"Home\",\"item\":\"https:\\\/\\\/www.bellunopress.it\\\/\"},{\"@type\":\"ListItem\",\"position\":2,\"name\":\"Domenica l&#8217;inaugurazione del bivacco Salvedella\"}]},{\"@type\":\"WebSite\",\"@id\":\"https:\\\/\\\/www.bellunopress.it\\\/#website\",\"url\":\"https:\\\/\\\/www.bellunopress.it\\\/\",\"name\":\"Bellunopress - Dolomiti\",\"description\":\"e-mail: redazione@bellunopress.it\",\"publisher\":{\"@id\":\"https:\\\/\\\/www.bellunopress.it\\\/#organization\"},\"potentialAction\":[{\"@type\":\"SearchAction\",\"target\":{\"@type\":\"EntryPoint\",\"urlTemplate\":\"https:\\\/\\\/www.bellunopress.it\\\/?s={search_term_string}\"},\"query-input\":{\"@type\":\"PropertyValueSpecification\",\"valueRequired\":true,\"valueName\":\"search_term_string\"}}],\"inLanguage\":\"fr-FR\"},{\"@type\":\"Organization\",\"@id\":\"https:\\\/\\\/www.bellunopress.it\\\/#organization\",\"name\":\"Bellunopress\",\"url\":\"https:\\\/\\\/www.bellunopress.it\\\/\",\"logo\":{\"@type\":\"ImageObject\",\"inLanguage\":\"fr-FR\",\"@id\":\"https:\\\/\\\/www.bellunopress.it\\\/#\\\/schema\\\/logo\\\/image\\\/\",\"url\":\"https:\\\/\\\/www.bellunopress.it\\\/wp-content\\\/uploads\\\/2011\\\/05\\\/cropped-logo-bellunopress-.jpg\",\"contentUrl\":\"https:\\\/\\\/www.bellunopress.it\\\/wp-content\\\/uploads\\\/2011\\\/05\\\/cropped-logo-bellunopress-.jpg\",\"width\":512,\"height\":512,\"caption\":\"Bellunopress\"},\"image\":{\"@id\":\"https:\\\/\\\/www.bellunopress.it\\\/#\\\/schema\\\/logo\\\/image\\\/\"},\"sameAs\":[\"https:\\\/\\\/www.facebook.com\\\/profile.php?id=100008943462799\",\"https:\\\/\\\/x.com\\\/bellunopress\",\"https:\\\/\\\/www.linkedin.com\\\/hp\\\/?dnr=JBzUWaJfMUw8vbXJJ2tVW5-I3jZKvC4wsoxE&amp;amp;amp;amp;amp;amp;trk=nav_responsive_tab_home\",\"https:\\\/\\\/www.youtube.com\\\/channel\\\/UCxL0wu1uN0_3_7hGG0306cw\"]},{\"@type\":\"Person\",\"@id\":\"https:\\\/\\\/www.bellunopress.it\\\/#\\\/schema\\\/person\\\/79bb06722b37ece1c03d3e94beb30d73\",\"name\":\"redazione\",\"image\":{\"@type\":\"ImageObject\",\"inLanguage\":\"fr-FR\",\"@id\":\"https:\\\/\\\/secure.gravatar.com\\\/avatar\\\/37d968a2e67a6fd04c169c4bdef102d0bc5d31b2546345219e348575eb80e9a0?s=96&d=mm&r=g\",\"url\":\"https:\\\/\\\/secure.gravatar.com\\\/avatar\\\/37d968a2e67a6fd04c169c4bdef102d0bc5d31b2546345219e348575eb80e9a0?s=96&d=mm&r=g\",\"contentUrl\":\"https:\\\/\\\/secure.gravatar.com\\\/avatar\\\/37d968a2e67a6fd04c169c4bdef102d0bc5d31b2546345219e348575eb80e9a0?s=96&d=mm&r=g\",\"caption\":\"redazione\"},\"sameAs\":[\"http:\\\/\\\/www.bellunopress.it\",\"https:\\\/\\\/x.com\\\/bellunopress\"],\"url\":\"https:\\\/\\\/www.bellunopress.it\\\/fr\\\/author\\\/redazione\\\/\"}]}<\/script>\n<!-- \/ Yoast SEO plugin. -->","yoast_head_json":{"title":"Domenica l'inaugurazione del bivacco Salvedella - Bellunopress - Dolomiti","robots":{"index":"index","follow":"follow","max-snippet":"max-snippet:-1","max-image-preview":"max-image-preview:large","max-video-preview":"max-video-preview:-1"},"canonical":"https:\/\/www.bellunopress.it\/fr\/2019\/08\/29\/domenica-linaugurazione-del-bivacco-salvedella\/","og_locale":"fr_FR","og_type":"article","og_title":"Domenica l'inaugurazione del bivacco Salvedella - Bellunopress - Dolomiti","og_description":"Domenica 1 settembre alle ore 11.00 si terr\u00e0 l\u2019inaugurazione per la fine dei lavori di recupero del terzo stallone del Bivacco Salvedella, all\u2019interno dell\u2019evento \u201cMalghe tra Miane e Borgo Valbelluna\u201d organizzato dai due comuni per dare risalto al patrimonio rurale della zona. Intervento di recupero eseguito dalle maestranze dell\u2019Unione Montana Val Belluna su progetto dell\u2019arch. [&hellip;]","og_url":"https:\/\/www.bellunopress.it\/fr\/2019\/08\/29\/domenica-linaugurazione-del-bivacco-salvedella\/","og_site_name":"Bellunopress - Dolomiti","article_publisher":"https:\/\/www.facebook.com\/profile.php?id=100008943462799","article_published_time":"2019-08-29T14:01:45+00:00","article_modified_time":"2019-08-29T14:01:47+00:00","og_image":[{"url":"http:\/\/www.bellunopress.it\/wp-content\/uploads\/2019\/08\/bivacco-salvedella-borgo-valbelluna.jpg","type":"","width":"","height":""}],"author":"redazione","twitter_card":"summary_large_image","twitter_creator":"@bellunopress","twitter_site":"@bellunopress","twitter_misc":{"\u00c9crit par":"redazione","Dur\u00e9e de lecture estim\u00e9e":"2 minutes"},"schema":{"@context":"https:\/\/schema.org","@graph":[{"@type":"Article","@id":"https:\/\/www.bellunopress.it\/2019\/08\/29\/domenica-linaugurazione-del-bivacco-salvedella\/#article","isPartOf":{"@id":"https:\/\/www.bellunopress.it\/2019\/08\/29\/domenica-linaugurazione-del-bivacco-salvedella\/"},"author":{"name":"redazione","@id":"https:\/\/www.bellunopress.it\/#\/schema\/person\/79bb06722b37ece1c03d3e94beb30d73"},"headline":"Domenica l&#8217;inaugurazione del bivacco Salvedella","datePublished":"2019-08-29T14:01:45+00:00","dateModified":"2019-08-29T14:01:47+00:00","mainEntityOfPage":{"@id":"https:\/\/www.bellunopress.it\/2019\/08\/29\/domenica-linaugurazione-del-bivacco-salvedella\/"},"wordCount":342,"publisher":{"@id":"https:\/\/www.bellunopress.it\/#organization"},"image":{"@id":"https:\/\/www.bellunopress.it\/2019\/08\/29\/domenica-linaugurazione-del-bivacco-salvedella\/#primaryimage"},"thumbnailUrl":"http:\/\/www.bellunopress.it\/wp-content\/uploads\/2019\/08\/bivacco-salvedella-borgo-valbelluna.jpg","articleSection":["Appuntamenti, Eventi","Prima Pagina","Societ\u00e0, Associazioni, Istituzioni","Sport, tempo libero"],"inLanguage":"fr-FR"},{"@type":"WebPage","@id":"https:\/\/www.bellunopress.it\/2019\/08\/29\/domenica-linaugurazione-del-bivacco-salvedella\/","url":"https:\/\/www.bellunopress.it\/2019\/08\/29\/domenica-linaugurazione-del-bivacco-salvedella\/","name":"Domenica l'inaugurazione del bivacco Salvedella - Bellunopress - Dolomiti","isPartOf":{"@id":"https:\/\/www.bellunopress.it\/#website"},"primaryImageOfPage":{"@id":"https:\/\/www.bellunopress.it\/2019\/08\/29\/domenica-linaugurazione-del-bivacco-salvedella\/#primaryimage"},"image":{"@id":"https:\/\/www.bellunopress.it\/2019\/08\/29\/domenica-linaugurazione-del-bivacco-salvedella\/#primaryimage"},"thumbnailUrl":"http:\/\/www.bellunopress.it\/wp-content\/uploads\/2019\/08\/bivacco-salvedella-borgo-valbelluna.jpg","datePublished":"2019-08-29T14:01:45+00:00","dateModified":"2019-08-29T14:01:47+00:00","breadcrumb":{"@id":"https:\/\/www.bellunopress.it\/2019\/08\/29\/domenica-linaugurazione-del-bivacco-salvedella\/#breadcrumb"},"inLanguage":"fr-FR","potentialAction":[{"@type":"ReadAction","target":["https:\/\/www.bellunopress.it\/2019\/08\/29\/domenica-linaugurazione-del-bivacco-salvedella\/"]}]},{"@type":"ImageObject","inLanguage":"fr-FR","@id":"https:\/\/www.bellunopress.it\/2019\/08\/29\/domenica-linaugurazione-del-bivacco-salvedella\/#primaryimage","url":"http:\/\/www.bellunopress.it\/wp-content\/uploads\/2019\/08\/bivacco-salvedella-borgo-valbelluna.jpg","contentUrl":"http:\/\/www.bellunopress.it\/wp-content\/uploads\/2019\/08\/bivacco-salvedella-borgo-valbelluna.jpg"},{"@type":"BreadcrumbList","@id":"https:\/\/www.bellunopress.it\/2019\/08\/29\/domenica-linaugurazione-del-bivacco-salvedella\/#breadcrumb","itemListElement":[{"@type":"ListItem","position":1,"name":"Home","item":"https:\/\/www.bellunopress.it\/"},{"@type":"ListItem","position":2,"name":"Domenica l&#8217;inaugurazione del bivacco Salvedella"}]},{"@type":"WebSite","@id":"https:\/\/www.bellunopress.it\/#website","url":"https:\/\/www.bellunopress.it\/","name":"Bellunopress - Dolomiti","description":"e-mail: redazione@bellunopress.it","publisher":{"@id":"https:\/\/www.bellunopress.it\/#organization"},"potentialAction":[{"@type":"SearchAction","target":{"@type":"EntryPoint","urlTemplate":"https:\/\/www.bellunopress.it\/?s={search_term_string}"},"query-input":{"@type":"PropertyValueSpecification","valueRequired":true,"valueName":"search_term_string"}}],"inLanguage":"fr-FR"},{"@type":"Organization","@id":"https:\/\/www.bellunopress.it\/#organization","name":"Bellunopress","url":"https:\/\/www.bellunopress.it\/","logo":{"@type":"ImageObject","inLanguage":"fr-FR","@id":"https:\/\/www.bellunopress.it\/#\/schema\/logo\/image\/","url":"https:\/\/www.bellunopress.it\/wp-content\/uploads\/2011\/05\/cropped-logo-bellunopress-.jpg","contentUrl":"https:\/\/www.bellunopress.it\/wp-content\/uploads\/2011\/05\/cropped-logo-bellunopress-.jpg","width":512,"height":512,"caption":"Bellunopress"},"image":{"@id":"https:\/\/www.bellunopress.it\/#\/schema\/logo\/image\/"},"sameAs":["https:\/\/www.facebook.com\/profile.php?id=100008943462799","https:\/\/x.com\/bellunopress","https:\/\/www.linkedin.com\/hp\/?dnr=JBzUWaJfMUw8vbXJJ2tVW5-I3jZKvC4wsoxE&amp;amp;amp;amp;amp;amp;trk=nav_responsive_tab_home","https:\/\/www.youtube.com\/channel\/UCxL0wu1uN0_3_7hGG0306cw"]},{"@type":"Person","@id":"https:\/\/www.bellunopress.it\/#\/schema\/person\/79bb06722b37ece1c03d3e94beb30d73","name":"r\u00e9daction","image":{"@type":"ImageObject","inLanguage":"fr-FR","@id":"https:\/\/secure.gravatar.com\/avatar\/37d968a2e67a6fd04c169c4bdef102d0bc5d31b2546345219e348575eb80e9a0?s=96&d=mm&r=g","url":"https:\/\/secure.gravatar.com\/avatar\/37d968a2e67a6fd04c169c4bdef102d0bc5d31b2546345219e348575eb80e9a0?s=96&d=mm&r=g","contentUrl":"https:\/\/secure.gravatar.com\/avatar\/37d968a2e67a6fd04c169c4bdef102d0bc5d31b2546345219e348575eb80e9a0?s=96&d=mm&r=g","caption":"redazione"},"sameAs":["http:\/\/www.bellunopress.it","https:\/\/x.com\/bellunopress"],"url":"https:\/\/www.bellunopress.it\/fr\/author\/redazione\/"}]}},"_links":{"self":[{"href":"https:\/\/www.bellunopress.it\/fr\/wp-json\/wp\/v2\/posts\/107438","targetHints":{"allow":["GET"]}}],"collection":[{"href":"https:\/\/www.bellunopress.it\/fr\/wp-json\/wp\/v2\/posts"}],"about":[{"href":"https:\/\/www.bellunopress.it\/fr\/wp-json\/wp\/v2\/types\/post"}],"author":[{"embeddable":true,"href":"https:\/\/www.bellunopress.it\/fr\/wp-json\/wp\/v2\/users\/2"}],"replies":[{"embeddable":true,"href":"https:\/\/www.bellunopress.it\/fr\/wp-json\/wp\/v2\/comments?post=107438"}],"version-history":[{"count":2,"href":"https:\/\/www.bellunopress.it\/fr\/wp-json\/wp\/v2\/posts\/107438\/revisions"}],"predecessor-version":[{"id":107441,"href":"https:\/\/www.bellunopress.it\/fr\/wp-json\/wp\/v2\/posts\/107438\/revisions\/107441"}],"wp:attachment":[{"href":"https:\/\/www.bellunopress.it\/fr\/wp-json\/wp\/v2\/media?parent=107438"}],"wp:term":[{"taxonomy":"category","embeddable":true,"href":"https:\/\/www.bellunopress.it\/fr\/wp-json\/wp\/v2\/categories?post=107438"},{"taxonomy":"post_tag","embeddable":true,"href":"https:\/\/www.bellunopress.it\/fr\/wp-json\/wp\/v2\/tags?post=107438"}],"curies":[{"name":"wp","href":"https:\/\/api.w.org\/{rel}","templated":true}]}}