{"id":10740,"date":"2009-12-17T16:17:21","date_gmt":"2009-12-17T15:17:21","guid":{"rendered":"http:\/\/www.bellunopress.it\/?p=10740"},"modified":"2009-12-17T16:17:21","modified_gmt":"2009-12-17T15:17:21","slug":"convenzione-assi-aism-per-la-palestra-ex-casa-del-sole-di-ponte-nelle-alpi","status":"publish","type":"post","link":"https:\/\/www.bellunopress.it\/fr\/2009\/12\/17\/convenzione-assi-aism-per-la-palestra-ex-casa-del-sole-di-ponte-nelle-alpi\/","title":{"rendered":"Convenzione Assi-Aism per la palestra ex Casa del sole di Ponte nelle Alpi"},"content":{"rendered":"<p>L\u2019Assi, Associazione sociale sportiva invalidi\u00a0 di Belluno ha stipulato una convenzione con la sezione provinciale dell\u2019Aism per l\u2019utilizzo della palestra nell\u2019ex Casa del Sole di Ponte nelle Alpi. La firma \u00e8 avvenuta pochi giorni fa tra il presidente dell\u2019Assi, l\u2019olimpionico di tiro con l\u2019arco Oscar De Pellegrin e il commissario dell\u2019Aism provinciale Fassetta e l\u2019accordo tra le due associazioni permetter\u00e0 l\u2019utilizzo della palestra da parte dell\u2019Assi a partire dal 14 gennaio 2010. \u201cCon questa convenzione \u2013 spiega Oscar De Pellegrin \u2013 riusciremo ad utilizzare la struttura pontalpina oggi gestita dall\u2019Aism parallelamente alla palestra delle scuole elementari Romolo Dal Mas di Cavarzano a Belluno, nella quale gi\u00e0 ci ritroviamo per la pratica di esercizi sportivi. La necessit\u00e0 di nuovi spazi \u00e8 per noi indispensabile, visto che la nostra associazione conta ormai una quarantina di iscritti, una ventina dei quali si danno appuntamento ogni luned\u00ec nella palestra delle scuole Dal Mas\u201d. Quindi, dal prossimo anno, gli spazi a disposizione e quindi anche le sedute in palestra raddoppieranno. I soci dell\u2019Assi si incontrano il luned\u00ec dalle 20 alle 21.30 alla palestra delle elementari Dal Mas di Cavarzano, mentre la palestra dell\u2019Aism di Ponte nelle Alpi sar\u00e0 a disposizione il gioved\u00ec dalle 17 alle 19. \u201cRingraziamo sentitamente l\u2019Aism per la sensibilit\u00e0 con la quale ha aderito alla nostra richiesta \u2013 afferma Oscar De Pellegrin \u2013 vogliamo infatti continuare nel nostro lavoro di portare in palestra ulteriori persone disabili, facendole uscire di casa e permettendo loro di vivere una utile e piacevole esperienza di sport e socializzazione\u201d.<\/p>","protected":false},"excerpt":{"rendered":"<p>L\u2019Assi, Associazione sociale sportiva invalidi\u00a0 di Belluno ha stipulato una convenzione con la sezione provinciale dell\u2019Aism per l\u2019utilizzo della palestra nell\u2019ex Casa del Sole di Ponte nelle Alpi. La firma \u00e8 avvenuta pochi giorni fa tra il presidente dell\u2019Assi, l\u2019olimpionico di tiro con l\u2019arco Oscar De Pellegrin e il commissario dell\u2019Aism provinciale Fassetta e l\u2019accordo [&hellip;]<\/p>\n","protected":false},"author":2,"featured_media":0,"comment_status":"closed","ping_status":"open","sticky":false,"template":"","format":"standard","meta":{"footnotes":""},"categories":[1],"tags":[139],"class_list":["post-10740","post","type-post","status-publish","format-standard","category-leo","tag-belluno"],"yoast_head":"<!-- This site is optimized with the Yoast SEO plugin v28.4 - https:\/\/yoast.com\/product\/yoast-seo-wordpress\/ -->\n<title>Convenzione Assi-Aism per la palestra ex Casa del sole di Ponte nelle Alpi - Bellunopress - Dolomiti<\/title>\n<meta name=\"robots\" content=\"index, follow, max-snippet:-1, max-image-preview:large, max-video-preview:-1\" \/>\n<link rel=\"canonical\" href=\"https:\/\/www.bellunopress.it\/fr\/2009\/12\/17\/convenzione-assi-aism-per-la-palestra-ex-casa-del-sole-di-ponte-nelle-alpi\/\" \/>\n<meta property=\"og:locale\" content=\"fr_FR\" \/>\n<meta property=\"og:type\" content=\"article\" \/>\n<meta property=\"og:title\" content=\"Convenzione Assi-Aism per la palestra ex Casa del sole di Ponte nelle Alpi - Bellunopress - Dolomiti\" \/>\n<meta property=\"og:description\" content=\"L\u2019Assi, Associazione sociale sportiva invalidi\u00a0 di Belluno ha stipulato una convenzione con la sezione provinciale dell\u2019Aism per l\u2019utilizzo della palestra nell\u2019ex Casa del Sole di Ponte nelle Alpi. La firma \u00e8 avvenuta pochi giorni fa tra il presidente dell\u2019Assi, l\u2019olimpionico di tiro con l\u2019arco Oscar De Pellegrin e il commissario dell\u2019Aism provinciale Fassetta e l\u2019accordo [&hellip;]\" \/>\n<meta property=\"og:url\" content=\"https:\/\/www.bellunopress.it\/fr\/2009\/12\/17\/convenzione-assi-aism-per-la-palestra-ex-casa-del-sole-di-ponte-nelle-alpi\/\" \/>\n<meta property=\"og:site_name\" content=\"Bellunopress - Dolomiti\" \/>\n<meta property=\"article:publisher\" content=\"https:\/\/www.facebook.com\/profile.php?id=100008943462799\" \/>\n<meta property=\"article:published_time\" content=\"2009-12-17T15:17:21+00:00\" \/>\n<meta property=\"og:image\" content=\"http:\/\/www.bellunopress.it\/wp-content\/uploads\/2012\/07\/logo-bellunopress-250x250-2012.jpg\" \/>\n<meta name=\"author\" content=\"redazione\" \/>\n<meta name=\"twitter:card\" content=\"summary_large_image\" \/>\n<meta name=\"twitter:creator\" content=\"@bellunopress\" \/>\n<meta name=\"twitter:site\" content=\"@bellunopress\" \/>\n<meta name=\"twitter:label1\" content=\"\u00c9crit par\" \/>\n\t<meta name=\"twitter:data1\" content=\"redazione\" \/>\n\t<meta name=\"twitter:label2\" content=\"Dur\u00e9e de lecture estim\u00e9e\" \/>\n\t<meta name=\"twitter:data2\" content=\"1 minute\" \/>\n<script type=\"application\/ld+json\" class=\"yoast-schema-graph\">{\"@context\":\"https:\\\/\\\/schema.org\",\"@graph\":[{\"@type\":\"Article\",\"@id\":\"https:\\\/\\\/www.bellunopress.it\\\/2009\\\/12\\\/17\\\/convenzione-assi-aism-per-la-palestra-ex-casa-del-sole-di-ponte-nelle-alpi\\\/#article\",\"isPartOf\":{\"@id\":\"https:\\\/\\\/www.bellunopress.it\\\/2009\\\/12\\\/17\\\/convenzione-assi-aism-per-la-palestra-ex-casa-del-sole-di-ponte-nelle-alpi\\\/\"},\"author\":{\"name\":\"redazione\",\"@id\":\"https:\\\/\\\/www.bellunopress.it\\\/#\\\/schema\\\/person\\\/79bb06722b37ece1c03d3e94beb30d73\"},\"headline\":\"Convenzione Assi-Aism per la palestra ex Casa del sole di Ponte nelle Alpi\",\"datePublished\":\"2009-12-17T15:17:21+00:00\",\"mainEntityOfPage\":{\"@id\":\"https:\\\/\\\/www.bellunopress.it\\\/2009\\\/12\\\/17\\\/convenzione-assi-aism-per-la-palestra-ex-casa-del-sole-di-ponte-nelle-alpi\\\/\"},\"wordCount\":268,\"publisher\":{\"@id\":\"https:\\\/\\\/www.bellunopress.it\\\/#organization\"},\"keywords\":[\"Belluno\"],\"articleSection\":[\"Lettere Opinioni\"],\"inLanguage\":\"fr-FR\"},{\"@type\":\"WebPage\",\"@id\":\"https:\\\/\\\/www.bellunopress.it\\\/2009\\\/12\\\/17\\\/convenzione-assi-aism-per-la-palestra-ex-casa-del-sole-di-ponte-nelle-alpi\\\/\",\"url\":\"https:\\\/\\\/www.bellunopress.it\\\/2009\\\/12\\\/17\\\/convenzione-assi-aism-per-la-palestra-ex-casa-del-sole-di-ponte-nelle-alpi\\\/\",\"name\":\"Convenzione Assi-Aism per la palestra ex Casa del sole di Ponte nelle Alpi - Bellunopress - Dolomiti\",\"isPartOf\":{\"@id\":\"https:\\\/\\\/www.bellunopress.it\\\/#website\"},\"datePublished\":\"2009-12-17T15:17:21+00:00\",\"breadcrumb\":{\"@id\":\"https:\\\/\\\/www.bellunopress.it\\\/2009\\\/12\\\/17\\\/convenzione-assi-aism-per-la-palestra-ex-casa-del-sole-di-ponte-nelle-alpi\\\/#breadcrumb\"},\"inLanguage\":\"fr-FR\",\"potentialAction\":[{\"@type\":\"ReadAction\",\"target\":[\"https:\\\/\\\/www.bellunopress.it\\\/2009\\\/12\\\/17\\\/convenzione-assi-aism-per-la-palestra-ex-casa-del-sole-di-ponte-nelle-alpi\\\/\"]}]},{\"@type\":\"BreadcrumbList\",\"@id\":\"https:\\\/\\\/www.bellunopress.it\\\/2009\\\/12\\\/17\\\/convenzione-assi-aism-per-la-palestra-ex-casa-del-sole-di-ponte-nelle-alpi\\\/#breadcrumb\",\"itemListElement\":[{\"@type\":\"ListItem\",\"position\":1,\"name\":\"Home\",\"item\":\"https:\\\/\\\/www.bellunopress.it\\\/\"},{\"@type\":\"ListItem\",\"position\":2,\"name\":\"Convenzione Assi-Aism per la palestra ex Casa del sole di Ponte nelle Alpi\"}]},{\"@type\":\"WebSite\",\"@id\":\"https:\\\/\\\/www.bellunopress.it\\\/#website\",\"url\":\"https:\\\/\\\/www.bellunopress.it\\\/\",\"name\":\"Bellunopress - Dolomiti\",\"description\":\"e-mail: redazione@bellunopress.it\",\"publisher\":{\"@id\":\"https:\\\/\\\/www.bellunopress.it\\\/#organization\"},\"potentialAction\":[{\"@type\":\"SearchAction\",\"target\":{\"@type\":\"EntryPoint\",\"urlTemplate\":\"https:\\\/\\\/www.bellunopress.it\\\/?s={search_term_string}\"},\"query-input\":{\"@type\":\"PropertyValueSpecification\",\"valueRequired\":true,\"valueName\":\"search_term_string\"}}],\"inLanguage\":\"fr-FR\"},{\"@type\":\"Organization\",\"@id\":\"https:\\\/\\\/www.bellunopress.it\\\/#organization\",\"name\":\"Bellunopress\",\"url\":\"https:\\\/\\\/www.bellunopress.it\\\/\",\"logo\":{\"@type\":\"ImageObject\",\"inLanguage\":\"fr-FR\",\"@id\":\"https:\\\/\\\/www.bellunopress.it\\\/#\\\/schema\\\/logo\\\/image\\\/\",\"url\":\"https:\\\/\\\/www.bellunopress.it\\\/wp-content\\\/uploads\\\/2011\\\/05\\\/cropped-logo-bellunopress-.jpg\",\"contentUrl\":\"https:\\\/\\\/www.bellunopress.it\\\/wp-content\\\/uploads\\\/2011\\\/05\\\/cropped-logo-bellunopress-.jpg\",\"width\":512,\"height\":512,\"caption\":\"Bellunopress\"},\"image\":{\"@id\":\"https:\\\/\\\/www.bellunopress.it\\\/#\\\/schema\\\/logo\\\/image\\\/\"},\"sameAs\":[\"https:\\\/\\\/www.facebook.com\\\/profile.php?id=100008943462799\",\"https:\\\/\\\/x.com\\\/bellunopress\",\"https:\\\/\\\/www.linkedin.com\\\/hp\\\/?dnr=JBzUWaJfMUw8vbXJJ2tVW5-I3jZKvC4wsoxE&amp;amp;amp;amp;amp;amp;trk=nav_responsive_tab_home\",\"https:\\\/\\\/www.youtube.com\\\/channel\\\/UCxL0wu1uN0_3_7hGG0306cw\"]},{\"@type\":\"Person\",\"@id\":\"https:\\\/\\\/www.bellunopress.it\\\/#\\\/schema\\\/person\\\/79bb06722b37ece1c03d3e94beb30d73\",\"name\":\"redazione\",\"image\":{\"@type\":\"ImageObject\",\"inLanguage\":\"fr-FR\",\"@id\":\"https:\\\/\\\/secure.gravatar.com\\\/avatar\\\/37d968a2e67a6fd04c169c4bdef102d0bc5d31b2546345219e348575eb80e9a0?s=96&d=mm&r=g\",\"url\":\"https:\\\/\\\/secure.gravatar.com\\\/avatar\\\/37d968a2e67a6fd04c169c4bdef102d0bc5d31b2546345219e348575eb80e9a0?s=96&d=mm&r=g\",\"contentUrl\":\"https:\\\/\\\/secure.gravatar.com\\\/avatar\\\/37d968a2e67a6fd04c169c4bdef102d0bc5d31b2546345219e348575eb80e9a0?s=96&d=mm&r=g\",\"caption\":\"redazione\"},\"sameAs\":[\"http:\\\/\\\/www.bellunopress.it\",\"https:\\\/\\\/x.com\\\/bellunopress\"],\"url\":\"https:\\\/\\\/www.bellunopress.it\\\/fr\\\/author\\\/redazione\\\/\"}]}<\/script>\n<!-- \/ Yoast SEO plugin. -->","yoast_head_json":{"title":"Convenzione Assi-Aism per la palestra ex Casa del sole di Ponte nelle Alpi - Bellunopress - Dolomiti","robots":{"index":"index","follow":"follow","max-snippet":"max-snippet:-1","max-image-preview":"max-image-preview:large","max-video-preview":"max-video-preview:-1"},"canonical":"https:\/\/www.bellunopress.it\/fr\/2009\/12\/17\/convenzione-assi-aism-per-la-palestra-ex-casa-del-sole-di-ponte-nelle-alpi\/","og_locale":"fr_FR","og_type":"article","og_title":"Convenzione Assi-Aism per la palestra ex Casa del sole di Ponte nelle Alpi - Bellunopress - Dolomiti","og_description":"L\u2019Assi, Associazione sociale sportiva invalidi\u00a0 di Belluno ha stipulato una convenzione con la sezione provinciale dell\u2019Aism per l\u2019utilizzo della palestra nell\u2019ex Casa del Sole di Ponte nelle Alpi. La firma \u00e8 avvenuta pochi giorni fa tra il presidente dell\u2019Assi, l\u2019olimpionico di tiro con l\u2019arco Oscar De Pellegrin e il commissario dell\u2019Aism provinciale Fassetta e l\u2019accordo [&hellip;]","og_url":"https:\/\/www.bellunopress.it\/fr\/2009\/12\/17\/convenzione-assi-aism-per-la-palestra-ex-casa-del-sole-di-ponte-nelle-alpi\/","og_site_name":"Bellunopress - Dolomiti","article_publisher":"https:\/\/www.facebook.com\/profile.php?id=100008943462799","article_published_time":"2009-12-17T15:17:21+00:00","og_image":[{"url":"http:\/\/www.bellunopress.it\/wp-content\/uploads\/2012\/07\/logo-bellunopress-250x250-2012.jpg","type":"","width":"","height":""}],"author":"redazione","twitter_card":"summary_large_image","twitter_creator":"@bellunopress","twitter_site":"@bellunopress","twitter_misc":{"\u00c9crit par":"redazione","Dur\u00e9e de lecture estim\u00e9e":"1 minute"},"schema":{"@context":"https:\/\/schema.org","@graph":[{"@type":"Article","@id":"https:\/\/www.bellunopress.it\/2009\/12\/17\/convenzione-assi-aism-per-la-palestra-ex-casa-del-sole-di-ponte-nelle-alpi\/#article","isPartOf":{"@id":"https:\/\/www.bellunopress.it\/2009\/12\/17\/convenzione-assi-aism-per-la-palestra-ex-casa-del-sole-di-ponte-nelle-alpi\/"},"author":{"name":"redazione","@id":"https:\/\/www.bellunopress.it\/#\/schema\/person\/79bb06722b37ece1c03d3e94beb30d73"},"headline":"Convenzione Assi-Aism per la palestra ex Casa del sole di Ponte nelle Alpi","datePublished":"2009-12-17T15:17:21+00:00","mainEntityOfPage":{"@id":"https:\/\/www.bellunopress.it\/2009\/12\/17\/convenzione-assi-aism-per-la-palestra-ex-casa-del-sole-di-ponte-nelle-alpi\/"},"wordCount":268,"publisher":{"@id":"https:\/\/www.bellunopress.it\/#organization"},"keywords":["Belluno"],"articleSection":["Lettere Opinioni"],"inLanguage":"fr-FR"},{"@type":"WebPage","@id":"https:\/\/www.bellunopress.it\/2009\/12\/17\/convenzione-assi-aism-per-la-palestra-ex-casa-del-sole-di-ponte-nelle-alpi\/","url":"https:\/\/www.bellunopress.it\/2009\/12\/17\/convenzione-assi-aism-per-la-palestra-ex-casa-del-sole-di-ponte-nelle-alpi\/","name":"Convenzione Assi-Aism per la palestra ex Casa del sole di Ponte nelle Alpi - Bellunopress - Dolomiti","isPartOf":{"@id":"https:\/\/www.bellunopress.it\/#website"},"datePublished":"2009-12-17T15:17:21+00:00","breadcrumb":{"@id":"https:\/\/www.bellunopress.it\/2009\/12\/17\/convenzione-assi-aism-per-la-palestra-ex-casa-del-sole-di-ponte-nelle-alpi\/#breadcrumb"},"inLanguage":"fr-FR","potentialAction":[{"@type":"ReadAction","target":["https:\/\/www.bellunopress.it\/2009\/12\/17\/convenzione-assi-aism-per-la-palestra-ex-casa-del-sole-di-ponte-nelle-alpi\/"]}]},{"@type":"BreadcrumbList","@id":"https:\/\/www.bellunopress.it\/2009\/12\/17\/convenzione-assi-aism-per-la-palestra-ex-casa-del-sole-di-ponte-nelle-alpi\/#breadcrumb","itemListElement":[{"@type":"ListItem","position":1,"name":"Home","item":"https:\/\/www.bellunopress.it\/"},{"@type":"ListItem","position":2,"name":"Convenzione Assi-Aism per la palestra ex Casa del sole di Ponte nelle Alpi"}]},{"@type":"WebSite","@id":"https:\/\/www.bellunopress.it\/#website","url":"https:\/\/www.bellunopress.it\/","name":"Bellunopress - Dolomiti","description":"e-mail: redazione@bellunopress.it","publisher":{"@id":"https:\/\/www.bellunopress.it\/#organization"},"potentialAction":[{"@type":"SearchAction","target":{"@type":"EntryPoint","urlTemplate":"https:\/\/www.bellunopress.it\/?s={search_term_string}"},"query-input":{"@type":"PropertyValueSpecification","valueRequired":true,"valueName":"search_term_string"}}],"inLanguage":"fr-FR"},{"@type":"Organization","@id":"https:\/\/www.bellunopress.it\/#organization","name":"Bellunopress","url":"https:\/\/www.bellunopress.it\/","logo":{"@type":"ImageObject","inLanguage":"fr-FR","@id":"https:\/\/www.bellunopress.it\/#\/schema\/logo\/image\/","url":"https:\/\/www.bellunopress.it\/wp-content\/uploads\/2011\/05\/cropped-logo-bellunopress-.jpg","contentUrl":"https:\/\/www.bellunopress.it\/wp-content\/uploads\/2011\/05\/cropped-logo-bellunopress-.jpg","width":512,"height":512,"caption":"Bellunopress"},"image":{"@id":"https:\/\/www.bellunopress.it\/#\/schema\/logo\/image\/"},"sameAs":["https:\/\/www.facebook.com\/profile.php?id=100008943462799","https:\/\/x.com\/bellunopress","https:\/\/www.linkedin.com\/hp\/?dnr=JBzUWaJfMUw8vbXJJ2tVW5-I3jZKvC4wsoxE&amp;amp;amp;amp;amp;amp;trk=nav_responsive_tab_home","https:\/\/www.youtube.com\/channel\/UCxL0wu1uN0_3_7hGG0306cw"]},{"@type":"Person","@id":"https:\/\/www.bellunopress.it\/#\/schema\/person\/79bb06722b37ece1c03d3e94beb30d73","name":"r\u00e9daction","image":{"@type":"ImageObject","inLanguage":"fr-FR","@id":"https:\/\/secure.gravatar.com\/avatar\/37d968a2e67a6fd04c169c4bdef102d0bc5d31b2546345219e348575eb80e9a0?s=96&d=mm&r=g","url":"https:\/\/secure.gravatar.com\/avatar\/37d968a2e67a6fd04c169c4bdef102d0bc5d31b2546345219e348575eb80e9a0?s=96&d=mm&r=g","contentUrl":"https:\/\/secure.gravatar.com\/avatar\/37d968a2e67a6fd04c169c4bdef102d0bc5d31b2546345219e348575eb80e9a0?s=96&d=mm&r=g","caption":"redazione"},"sameAs":["http:\/\/www.bellunopress.it","https:\/\/x.com\/bellunopress"],"url":"https:\/\/www.bellunopress.it\/fr\/author\/redazione\/"}]}},"_links":{"self":[{"href":"https:\/\/www.bellunopress.it\/fr\/wp-json\/wp\/v2\/posts\/10740","targetHints":{"allow":["GET"]}}],"collection":[{"href":"https:\/\/www.bellunopress.it\/fr\/wp-json\/wp\/v2\/posts"}],"about":[{"href":"https:\/\/www.bellunopress.it\/fr\/wp-json\/wp\/v2\/types\/post"}],"author":[{"embeddable":true,"href":"https:\/\/www.bellunopress.it\/fr\/wp-json\/wp\/v2\/users\/2"}],"replies":[{"embeddable":true,"href":"https:\/\/www.bellunopress.it\/fr\/wp-json\/wp\/v2\/comments?post=10740"}],"version-history":[{"count":1,"href":"https:\/\/www.bellunopress.it\/fr\/wp-json\/wp\/v2\/posts\/10740\/revisions"}],"predecessor-version":[{"id":10741,"href":"https:\/\/www.bellunopress.it\/fr\/wp-json\/wp\/v2\/posts\/10740\/revisions\/10741"}],"wp:attachment":[{"href":"https:\/\/www.bellunopress.it\/fr\/wp-json\/wp\/v2\/media?parent=10740"}],"wp:term":[{"taxonomy":"category","embeddable":true,"href":"https:\/\/www.bellunopress.it\/fr\/wp-json\/wp\/v2\/categories?post=10740"},{"taxonomy":"post_tag","embeddable":true,"href":"https:\/\/www.bellunopress.it\/fr\/wp-json\/wp\/v2\/tags?post=10740"}],"curies":[{"name":"wp","href":"https:\/\/api.w.org\/{rel}","templated":true}]}}