{"id":1074,"date":"2009-02-27T13:54:00","date_gmt":"2009-02-27T12:54:00","guid":{"rendered":"http:\/\/www.bellunopress.it\/?p=1074"},"modified":"2009-02-27T13:59:34","modified_gmt":"2009-02-27T12:59:34","slug":"orari-dei-treni-piol-scrive-a-trenitalia-e-chisso","status":"publish","type":"post","link":"https:\/\/www.bellunopress.it\/fr\/2009\/02\/27\/orari-dei-treni-piol-scrive-a-trenitalia-e-chisso\/","title":{"rendered":"Orari dei treni: Piol scrive a Trenitalia e Chisso"},"content":{"rendered":"<p><a href=\"http:\/\/www.bellunopress.it\/wp-content\/uploads\/2009\/02\/quinto-piol.jpg\"><img loading=\"lazy\" decoding=\"async\" class=\"alignleft size-medium wp-image-1078\" title=\"quinto-piol\" src=\"http:\/\/www.bellunopress.it\/wp-content\/uploads\/2009\/02\/quinto-piol.jpg\" alt=\"\" width=\"181\" height=\"244\" \/><\/a>\u00a0<\/p>\n<p style=\"margin-bottom: 0cm;\" align=\"left\">\u201cDal dicembre scorso il treno che parte da Ponte nelle Alpi per Calalzo alle 14.10, per pochi minuti, non ha pi\u00f9 la coincidenza n\u00e9 da Belluno n\u00e9 da Conegliano (il successivo \u00e8 dopo oltre un&#8217;ora). Di fatto, quindi, sono state cancellate due corse per Calalzo, una da Padova &#8211; Belluno e una da Venezia. Quel treno \u00e8 riservato, quindi, solo all&#8217;utenza che sale ed ha origine solo da Ponte nelle Alpi per Calalzo?\u201dA chiederselo \u00e8 l&#8217;assessore alla Mobilit\u00e0 e ai trasporti della provincia di Belluno Quinto Piol, che ha preso carta e penna ed ha scritto a Trenitalia e all&#8217;assessore regionale Chisso. \u201cSe poi Trenitalia mette nelle statistiche anche i dati di utilizzo di questo treno per dimostrare che il servizio ferroviario \u00e8 poco usato &#8211; prosegue Piol &#8211; allora il sospetto che si faccia di tutto per peggiorare il servizio e allontanare gli utenti al fine di giustificare tagli alla ferrovia bellunese \u00e8 pi\u00f9 che legittimo\u201d<\/p>","protected":false},"excerpt":{"rendered":"<p>\u00a0 \u201cDal dicembre scorso il treno che parte da Ponte nelle Alpi per Calalzo alle 14.10, per pochi minuti, non ha pi\u00f9 la coincidenza n\u00e9 da Belluno n\u00e9 da Conegliano (il successivo \u00e8 dopo oltre un&#8217;ora). Di fatto, quindi, sono state cancellate due corse per Calalzo, una da Padova &#8211; Belluno e una da Venezia. [&hellip;]<\/p>\n","protected":false},"author":2,"featured_media":0,"comment_status":"closed","ping_status":"open","sticky":false,"template":"","format":"standard","meta":{"footnotes":""},"categories":[1],"tags":[139],"class_list":["post-1074","post","type-post","status-publish","format-standard","category-leo","tag-belluno"],"yoast_head":"<!-- This site is optimized with the Yoast SEO plugin v28.4 - https:\/\/yoast.com\/product\/yoast-seo-wordpress\/ -->\n<title>Orari dei treni: Piol scrive a Trenitalia e Chisso  - Bellunopress - Dolomiti<\/title>\n<meta name=\"robots\" content=\"index, follow, max-snippet:-1, max-image-preview:large, max-video-preview:-1\" \/>\n<link rel=\"canonical\" href=\"https:\/\/www.bellunopress.it\/fr\/2009\/02\/27\/orari-dei-treni-piol-scrive-a-trenitalia-e-chisso\/\" \/>\n<meta property=\"og:locale\" content=\"fr_FR\" \/>\n<meta property=\"og:type\" content=\"article\" \/>\n<meta property=\"og:title\" content=\"Orari dei treni: Piol scrive a Trenitalia e Chisso  - Bellunopress - Dolomiti\" \/>\n<meta property=\"og:description\" content=\"\u00a0 \u201cDal dicembre scorso il treno che parte da Ponte nelle Alpi per Calalzo alle 14.10, per pochi minuti, non ha pi\u00f9 la coincidenza n\u00e9 da Belluno n\u00e9 da Conegliano (il successivo \u00e8 dopo oltre un&#8217;ora). Di fatto, quindi, sono state cancellate due corse per Calalzo, una da Padova &#8211; Belluno e una da Venezia. [&hellip;]\" \/>\n<meta property=\"og:url\" content=\"https:\/\/www.bellunopress.it\/fr\/2009\/02\/27\/orari-dei-treni-piol-scrive-a-trenitalia-e-chisso\/\" \/>\n<meta property=\"og:site_name\" content=\"Bellunopress - Dolomiti\" \/>\n<meta property=\"article:publisher\" content=\"https:\/\/www.facebook.com\/profile.php?id=100008943462799\" \/>\n<meta property=\"article:published_time\" content=\"2009-02-27T12:54:00+00:00\" \/>\n<meta property=\"article:modified_time\" content=\"2009-02-27T12:59:34+00:00\" \/>\n<meta property=\"og:image\" content=\"http:\/\/www.bellunopress.it\/wp-content\/uploads\/2009\/02\/quinto-piol.jpg\" \/>\n<meta name=\"author\" content=\"redazione\" \/>\n<meta name=\"twitter:card\" content=\"summary_large_image\" \/>\n<meta name=\"twitter:creator\" content=\"@bellunopress\" \/>\n<meta name=\"twitter:site\" content=\"@bellunopress\" \/>\n<meta name=\"twitter:label1\" content=\"\u00c9crit par\" \/>\n\t<meta name=\"twitter:data1\" content=\"redazione\" \/>\n\t<meta name=\"twitter:label2\" content=\"Dur\u00e9e de lecture estim\u00e9e\" \/>\n\t<meta name=\"twitter:data2\" content=\"1 minute\" \/>\n<script type=\"application\/ld+json\" class=\"yoast-schema-graph\">{\"@context\":\"https:\\\/\\\/schema.org\",\"@graph\":[{\"@type\":\"Article\",\"@id\":\"https:\\\/\\\/www.bellunopress.it\\\/2009\\\/02\\\/27\\\/orari-dei-treni-piol-scrive-a-trenitalia-e-chisso\\\/#article\",\"isPartOf\":{\"@id\":\"https:\\\/\\\/www.bellunopress.it\\\/2009\\\/02\\\/27\\\/orari-dei-treni-piol-scrive-a-trenitalia-e-chisso\\\/\"},\"author\":{\"name\":\"redazione\",\"@id\":\"https:\\\/\\\/www.bellunopress.it\\\/#\\\/schema\\\/person\\\/79bb06722b37ece1c03d3e94beb30d73\"},\"headline\":\"Orari dei treni: Piol scrive a Trenitalia e Chisso\",\"datePublished\":\"2009-02-27T12:54:00+00:00\",\"dateModified\":\"2009-02-27T12:59:34+00:00\",\"mainEntityOfPage\":{\"@id\":\"https:\\\/\\\/www.bellunopress.it\\\/2009\\\/02\\\/27\\\/orari-dei-treni-piol-scrive-a-trenitalia-e-chisso\\\/\"},\"wordCount\":165,\"publisher\":{\"@id\":\"https:\\\/\\\/www.bellunopress.it\\\/#organization\"},\"image\":{\"@id\":\"https:\\\/\\\/www.bellunopress.it\\\/2009\\\/02\\\/27\\\/orari-dei-treni-piol-scrive-a-trenitalia-e-chisso\\\/#primaryimage\"},\"thumbnailUrl\":\"http:\\\/\\\/www.bellunopress.it\\\/wp-content\\\/uploads\\\/2009\\\/02\\\/quinto-piol.jpg\",\"keywords\":[\"Belluno\"],\"articleSection\":[\"Lettere Opinioni\"],\"inLanguage\":\"fr-FR\"},{\"@type\":\"WebPage\",\"@id\":\"https:\\\/\\\/www.bellunopress.it\\\/2009\\\/02\\\/27\\\/orari-dei-treni-piol-scrive-a-trenitalia-e-chisso\\\/\",\"url\":\"https:\\\/\\\/www.bellunopress.it\\\/2009\\\/02\\\/27\\\/orari-dei-treni-piol-scrive-a-trenitalia-e-chisso\\\/\",\"name\":\"Orari dei treni: Piol scrive a Trenitalia e Chisso - Bellunopress - Dolomiti\",\"isPartOf\":{\"@id\":\"https:\\\/\\\/www.bellunopress.it\\\/#website\"},\"primaryImageOfPage\":{\"@id\":\"https:\\\/\\\/www.bellunopress.it\\\/2009\\\/02\\\/27\\\/orari-dei-treni-piol-scrive-a-trenitalia-e-chisso\\\/#primaryimage\"},\"image\":{\"@id\":\"https:\\\/\\\/www.bellunopress.it\\\/2009\\\/02\\\/27\\\/orari-dei-treni-piol-scrive-a-trenitalia-e-chisso\\\/#primaryimage\"},\"thumbnailUrl\":\"http:\\\/\\\/www.bellunopress.it\\\/wp-content\\\/uploads\\\/2009\\\/02\\\/quinto-piol.jpg\",\"datePublished\":\"2009-02-27T12:54:00+00:00\",\"dateModified\":\"2009-02-27T12:59:34+00:00\",\"breadcrumb\":{\"@id\":\"https:\\\/\\\/www.bellunopress.it\\\/2009\\\/02\\\/27\\\/orari-dei-treni-piol-scrive-a-trenitalia-e-chisso\\\/#breadcrumb\"},\"inLanguage\":\"fr-FR\",\"potentialAction\":[{\"@type\":\"ReadAction\",\"target\":[\"https:\\\/\\\/www.bellunopress.it\\\/2009\\\/02\\\/27\\\/orari-dei-treni-piol-scrive-a-trenitalia-e-chisso\\\/\"]}]},{\"@type\":\"ImageObject\",\"inLanguage\":\"fr-FR\",\"@id\":\"https:\\\/\\\/www.bellunopress.it\\\/2009\\\/02\\\/27\\\/orari-dei-treni-piol-scrive-a-trenitalia-e-chisso\\\/#primaryimage\",\"url\":\"http:\\\/\\\/www.bellunopress.it\\\/wp-content\\\/uploads\\\/2009\\\/02\\\/quinto-piol.jpg\",\"contentUrl\":\"http:\\\/\\\/www.bellunopress.it\\\/wp-content\\\/uploads\\\/2009\\\/02\\\/quinto-piol.jpg\"},{\"@type\":\"BreadcrumbList\",\"@id\":\"https:\\\/\\\/www.bellunopress.it\\\/2009\\\/02\\\/27\\\/orari-dei-treni-piol-scrive-a-trenitalia-e-chisso\\\/#breadcrumb\",\"itemListElement\":[{\"@type\":\"ListItem\",\"position\":1,\"name\":\"Home\",\"item\":\"https:\\\/\\\/www.bellunopress.it\\\/\"},{\"@type\":\"ListItem\",\"position\":2,\"name\":\"Orari dei treni: Piol scrive a Trenitalia e Chisso\"}]},{\"@type\":\"WebSite\",\"@id\":\"https:\\\/\\\/www.bellunopress.it\\\/#website\",\"url\":\"https:\\\/\\\/www.bellunopress.it\\\/\",\"name\":\"Bellunopress - Dolomiti\",\"description\":\"e-mail: redazione@bellunopress.it\",\"publisher\":{\"@id\":\"https:\\\/\\\/www.bellunopress.it\\\/#organization\"},\"potentialAction\":[{\"@type\":\"SearchAction\",\"target\":{\"@type\":\"EntryPoint\",\"urlTemplate\":\"https:\\\/\\\/www.bellunopress.it\\\/?s={search_term_string}\"},\"query-input\":{\"@type\":\"PropertyValueSpecification\",\"valueRequired\":true,\"valueName\":\"search_term_string\"}}],\"inLanguage\":\"fr-FR\"},{\"@type\":\"Organization\",\"@id\":\"https:\\\/\\\/www.bellunopress.it\\\/#organization\",\"name\":\"Bellunopress\",\"url\":\"https:\\\/\\\/www.bellunopress.it\\\/\",\"logo\":{\"@type\":\"ImageObject\",\"inLanguage\":\"fr-FR\",\"@id\":\"https:\\\/\\\/www.bellunopress.it\\\/#\\\/schema\\\/logo\\\/image\\\/\",\"url\":\"https:\\\/\\\/www.bellunopress.it\\\/wp-content\\\/uploads\\\/2011\\\/05\\\/cropped-logo-bellunopress-.jpg\",\"contentUrl\":\"https:\\\/\\\/www.bellunopress.it\\\/wp-content\\\/uploads\\\/2011\\\/05\\\/cropped-logo-bellunopress-.jpg\",\"width\":512,\"height\":512,\"caption\":\"Bellunopress\"},\"image\":{\"@id\":\"https:\\\/\\\/www.bellunopress.it\\\/#\\\/schema\\\/logo\\\/image\\\/\"},\"sameAs\":[\"https:\\\/\\\/www.facebook.com\\\/profile.php?id=100008943462799\",\"https:\\\/\\\/x.com\\\/bellunopress\",\"https:\\\/\\\/www.linkedin.com\\\/hp\\\/?dnr=JBzUWaJfMUw8vbXJJ2tVW5-I3jZKvC4wsoxE&amp;amp;amp;amp;amp;amp;trk=nav_responsive_tab_home\",\"https:\\\/\\\/www.youtube.com\\\/channel\\\/UCxL0wu1uN0_3_7hGG0306cw\"]},{\"@type\":\"Person\",\"@id\":\"https:\\\/\\\/www.bellunopress.it\\\/#\\\/schema\\\/person\\\/79bb06722b37ece1c03d3e94beb30d73\",\"name\":\"redazione\",\"image\":{\"@type\":\"ImageObject\",\"inLanguage\":\"fr-FR\",\"@id\":\"https:\\\/\\\/secure.gravatar.com\\\/avatar\\\/37d968a2e67a6fd04c169c4bdef102d0bc5d31b2546345219e348575eb80e9a0?s=96&d=mm&r=g\",\"url\":\"https:\\\/\\\/secure.gravatar.com\\\/avatar\\\/37d968a2e67a6fd04c169c4bdef102d0bc5d31b2546345219e348575eb80e9a0?s=96&d=mm&r=g\",\"contentUrl\":\"https:\\\/\\\/secure.gravatar.com\\\/avatar\\\/37d968a2e67a6fd04c169c4bdef102d0bc5d31b2546345219e348575eb80e9a0?s=96&d=mm&r=g\",\"caption\":\"redazione\"},\"sameAs\":[\"http:\\\/\\\/www.bellunopress.it\",\"https:\\\/\\\/x.com\\\/bellunopress\"],\"url\":\"https:\\\/\\\/www.bellunopress.it\\\/fr\\\/author\\\/redazione\\\/\"}]}<\/script>\n<!-- \/ Yoast SEO plugin. -->","yoast_head_json":{"title":"Orari dei treni: Piol scrive a Trenitalia e Chisso  - Bellunopress - Dolomiti","robots":{"index":"index","follow":"follow","max-snippet":"max-snippet:-1","max-image-preview":"max-image-preview:large","max-video-preview":"max-video-preview:-1"},"canonical":"https:\/\/www.bellunopress.it\/fr\/2009\/02\/27\/orari-dei-treni-piol-scrive-a-trenitalia-e-chisso\/","og_locale":"fr_FR","og_type":"article","og_title":"Orari dei treni: Piol scrive a Trenitalia e Chisso  - Bellunopress - Dolomiti","og_description":"\u00a0 \u201cDal dicembre scorso il treno che parte da Ponte nelle Alpi per Calalzo alle 14.10, per pochi minuti, non ha pi\u00f9 la coincidenza n\u00e9 da Belluno n\u00e9 da Conegliano (il successivo \u00e8 dopo oltre un&#8217;ora). Di fatto, quindi, sono state cancellate due corse per Calalzo, una da Padova &#8211; Belluno e una da Venezia. [&hellip;]","og_url":"https:\/\/www.bellunopress.it\/fr\/2009\/02\/27\/orari-dei-treni-piol-scrive-a-trenitalia-e-chisso\/","og_site_name":"Bellunopress - Dolomiti","article_publisher":"https:\/\/www.facebook.com\/profile.php?id=100008943462799","article_published_time":"2009-02-27T12:54:00+00:00","article_modified_time":"2009-02-27T12:59:34+00:00","og_image":[{"url":"http:\/\/www.bellunopress.it\/wp-content\/uploads\/2009\/02\/quinto-piol.jpg","type":"","width":"","height":""}],"author":"redazione","twitter_card":"summary_large_image","twitter_creator":"@bellunopress","twitter_site":"@bellunopress","twitter_misc":{"\u00c9crit par":"redazione","Dur\u00e9e de lecture estim\u00e9e":"1 minute"},"schema":{"@context":"https:\/\/schema.org","@graph":[{"@type":"Article","@id":"https:\/\/www.bellunopress.it\/2009\/02\/27\/orari-dei-treni-piol-scrive-a-trenitalia-e-chisso\/#article","isPartOf":{"@id":"https:\/\/www.bellunopress.it\/2009\/02\/27\/orari-dei-treni-piol-scrive-a-trenitalia-e-chisso\/"},"author":{"name":"redazione","@id":"https:\/\/www.bellunopress.it\/#\/schema\/person\/79bb06722b37ece1c03d3e94beb30d73"},"headline":"Orari dei treni: Piol scrive a Trenitalia e Chisso","datePublished":"2009-02-27T12:54:00+00:00","dateModified":"2009-02-27T12:59:34+00:00","mainEntityOfPage":{"@id":"https:\/\/www.bellunopress.it\/2009\/02\/27\/orari-dei-treni-piol-scrive-a-trenitalia-e-chisso\/"},"wordCount":165,"publisher":{"@id":"https:\/\/www.bellunopress.it\/#organization"},"image":{"@id":"https:\/\/www.bellunopress.it\/2009\/02\/27\/orari-dei-treni-piol-scrive-a-trenitalia-e-chisso\/#primaryimage"},"thumbnailUrl":"http:\/\/www.bellunopress.it\/wp-content\/uploads\/2009\/02\/quinto-piol.jpg","keywords":["Belluno"],"articleSection":["Lettere Opinioni"],"inLanguage":"fr-FR"},{"@type":"WebPage","@id":"https:\/\/www.bellunopress.it\/2009\/02\/27\/orari-dei-treni-piol-scrive-a-trenitalia-e-chisso\/","url":"https:\/\/www.bellunopress.it\/2009\/02\/27\/orari-dei-treni-piol-scrive-a-trenitalia-e-chisso\/","name":"Orari dei treni: Piol scrive a Trenitalia e Chisso - Bellunopress - Dolomiti","isPartOf":{"@id":"https:\/\/www.bellunopress.it\/#website"},"primaryImageOfPage":{"@id":"https:\/\/www.bellunopress.it\/2009\/02\/27\/orari-dei-treni-piol-scrive-a-trenitalia-e-chisso\/#primaryimage"},"image":{"@id":"https:\/\/www.bellunopress.it\/2009\/02\/27\/orari-dei-treni-piol-scrive-a-trenitalia-e-chisso\/#primaryimage"},"thumbnailUrl":"http:\/\/www.bellunopress.it\/wp-content\/uploads\/2009\/02\/quinto-piol.jpg","datePublished":"2009-02-27T12:54:00+00:00","dateModified":"2009-02-27T12:59:34+00:00","breadcrumb":{"@id":"https:\/\/www.bellunopress.it\/2009\/02\/27\/orari-dei-treni-piol-scrive-a-trenitalia-e-chisso\/#breadcrumb"},"inLanguage":"fr-FR","potentialAction":[{"@type":"ReadAction","target":["https:\/\/www.bellunopress.it\/2009\/02\/27\/orari-dei-treni-piol-scrive-a-trenitalia-e-chisso\/"]}]},{"@type":"ImageObject","inLanguage":"fr-FR","@id":"https:\/\/www.bellunopress.it\/2009\/02\/27\/orari-dei-treni-piol-scrive-a-trenitalia-e-chisso\/#primaryimage","url":"http:\/\/www.bellunopress.it\/wp-content\/uploads\/2009\/02\/quinto-piol.jpg","contentUrl":"http:\/\/www.bellunopress.it\/wp-content\/uploads\/2009\/02\/quinto-piol.jpg"},{"@type":"BreadcrumbList","@id":"https:\/\/www.bellunopress.it\/2009\/02\/27\/orari-dei-treni-piol-scrive-a-trenitalia-e-chisso\/#breadcrumb","itemListElement":[{"@type":"ListItem","position":1,"name":"Home","item":"https:\/\/www.bellunopress.it\/"},{"@type":"ListItem","position":2,"name":"Orari dei treni: Piol scrive a Trenitalia e Chisso"}]},{"@type":"WebSite","@id":"https:\/\/www.bellunopress.it\/#website","url":"https:\/\/www.bellunopress.it\/","name":"Bellunopress - Dolomiti","description":"e-mail: redazione@bellunopress.it","publisher":{"@id":"https:\/\/www.bellunopress.it\/#organization"},"potentialAction":[{"@type":"SearchAction","target":{"@type":"EntryPoint","urlTemplate":"https:\/\/www.bellunopress.it\/?s={search_term_string}"},"query-input":{"@type":"PropertyValueSpecification","valueRequired":true,"valueName":"search_term_string"}}],"inLanguage":"fr-FR"},{"@type":"Organization","@id":"https:\/\/www.bellunopress.it\/#organization","name":"Bellunopress","url":"https:\/\/www.bellunopress.it\/","logo":{"@type":"ImageObject","inLanguage":"fr-FR","@id":"https:\/\/www.bellunopress.it\/#\/schema\/logo\/image\/","url":"https:\/\/www.bellunopress.it\/wp-content\/uploads\/2011\/05\/cropped-logo-bellunopress-.jpg","contentUrl":"https:\/\/www.bellunopress.it\/wp-content\/uploads\/2011\/05\/cropped-logo-bellunopress-.jpg","width":512,"height":512,"caption":"Bellunopress"},"image":{"@id":"https:\/\/www.bellunopress.it\/#\/schema\/logo\/image\/"},"sameAs":["https:\/\/www.facebook.com\/profile.php?id=100008943462799","https:\/\/x.com\/bellunopress","https:\/\/www.linkedin.com\/hp\/?dnr=JBzUWaJfMUw8vbXJJ2tVW5-I3jZKvC4wsoxE&amp;amp;amp;amp;amp;amp;trk=nav_responsive_tab_home","https:\/\/www.youtube.com\/channel\/UCxL0wu1uN0_3_7hGG0306cw"]},{"@type":"Person","@id":"https:\/\/www.bellunopress.it\/#\/schema\/person\/79bb06722b37ece1c03d3e94beb30d73","name":"r\u00e9daction","image":{"@type":"ImageObject","inLanguage":"fr-FR","@id":"https:\/\/secure.gravatar.com\/avatar\/37d968a2e67a6fd04c169c4bdef102d0bc5d31b2546345219e348575eb80e9a0?s=96&d=mm&r=g","url":"https:\/\/secure.gravatar.com\/avatar\/37d968a2e67a6fd04c169c4bdef102d0bc5d31b2546345219e348575eb80e9a0?s=96&d=mm&r=g","contentUrl":"https:\/\/secure.gravatar.com\/avatar\/37d968a2e67a6fd04c169c4bdef102d0bc5d31b2546345219e348575eb80e9a0?s=96&d=mm&r=g","caption":"redazione"},"sameAs":["http:\/\/www.bellunopress.it","https:\/\/x.com\/bellunopress"],"url":"https:\/\/www.bellunopress.it\/fr\/author\/redazione\/"}]}},"_links":{"self":[{"href":"https:\/\/www.bellunopress.it\/fr\/wp-json\/wp\/v2\/posts\/1074","targetHints":{"allow":["GET"]}}],"collection":[{"href":"https:\/\/www.bellunopress.it\/fr\/wp-json\/wp\/v2\/posts"}],"about":[{"href":"https:\/\/www.bellunopress.it\/fr\/wp-json\/wp\/v2\/types\/post"}],"author":[{"embeddable":true,"href":"https:\/\/www.bellunopress.it\/fr\/wp-json\/wp\/v2\/users\/2"}],"replies":[{"embeddable":true,"href":"https:\/\/www.bellunopress.it\/fr\/wp-json\/wp\/v2\/comments?post=1074"}],"version-history":[{"count":4,"href":"https:\/\/www.bellunopress.it\/fr\/wp-json\/wp\/v2\/posts\/1074\/revisions"}],"predecessor-version":[{"id":1077,"href":"https:\/\/www.bellunopress.it\/fr\/wp-json\/wp\/v2\/posts\/1074\/revisions\/1077"}],"wp:attachment":[{"href":"https:\/\/www.bellunopress.it\/fr\/wp-json\/wp\/v2\/media?parent=1074"}],"wp:term":[{"taxonomy":"category","embeddable":true,"href":"https:\/\/www.bellunopress.it\/fr\/wp-json\/wp\/v2\/categories?post=1074"},{"taxonomy":"post_tag","embeddable":true,"href":"https:\/\/www.bellunopress.it\/fr\/wp-json\/wp\/v2\/tags?post=1074"}],"curies":[{"name":"wp","href":"https:\/\/api.w.org\/{rel}","templated":true}]}}