{"id":107390,"date":"2019-08-27T18:51:45","date_gmt":"2019-08-27T16:51:45","guid":{"rendered":"http:\/\/www.bellunopress.it\/?p=107390"},"modified":"2019-08-27T18:51:46","modified_gmt":"2019-08-27T16:51:46","slug":"talenti-storie-di-imprese-straordinarie-a-cortina-la-storia-dellitalia-dei-record","status":"publish","type":"post","link":"https:\/\/www.bellunopress.it\/fr\/2019\/08\/27\/talenti-storie-di-imprese-straordinarie-a-cortina-la-storia-dellitalia-dei-record\/","title":{"rendered":"Talenti, storie di imprese straordinarie. A Cortina la storia dell&#8217;Italia dei record"},"content":{"rendered":"<p>Dagli &#8220;stivali lunari&#8221; ispirati a Neil Armstrong alle esplorazioni ai confini del mondo, dalle grandi sfide del futuro, come i Mondiali e le Olimpiadi Invernali. Sotto il segno dell&#8217;avventura \u2013 imprenditoriale, umana, sportiva \u2013 torna dal 28 al 30 agosto la terza edizione dell&#8217;evento organizzato da Fondazione Cortina 2021 e Cristallo, a Luxury Collection Resort &amp; Spa Cortina d&#8217;Ampezzo con La Gazzetta dello Sport e i dorsi del Veneto, del Trentino, dell&#8217;Alto Adige e di Bologna del Corriere della Sera.<br \/>\nOgni sera una parola chiave, un&#8217;ora di talk one-to-one, una scoperta.<\/p>\n<p><a href=\"http:\/\/www.bellunopress.it\/fr\/2019\/08\/27\/talenti-storie-di-imprese-straordinarie-a-cortina-la-storia-dellitalia-dei-record\/hotel-cristallo-cortina-2\/\" rel=\"attachment wp-att-107391\"><img loading=\"lazy\" decoding=\"async\" class=\"alignleft size-full wp-image-107391\" src=\"http:\/\/www.bellunopress.it\/wp-content\/uploads\/2019\/08\/hotel-cristallo-cortina.jpg\" alt=\"\" width=\"300\" height=\"225\" \/><\/a>Il futuro deve ancora essere scritto: e allora liberiamo il potenziale creativo delle parole, diamo spazio alle storie, all&#8217;energia creativa che reinventa il mondo. A Cortina, dal 28 al 30 agosto, torna &#8220;Talenti: storie di imprese straordinarie&#8221;, terza edizione di un progetto di Fondazione Cortina 2021 con Cristallo, a Luxury Collection Resort &amp; Spa Cortina d&#8217;Ampezzo. Un evento che porta sotto i riflettori i volti, i racconti, le avventure umane di chi non si accontenta di risposte facili e ricette gi\u00e0 pronte ma vola alto, grazie a media partner d&#8217;eccezione come La Gazzetta dello Sport e i dorsi del Veneto, del Trentino, dell&#8217;Alto Adige e di Bologna del Corriere della Sera.<\/p>\n<p>Obiettivo: riscrivere il dizionario che ci accompagner\u00e0 verso il futuro. Ogni sera una parola chiave affidata a un ospite, una conversazione one-to-one con un giornalista, un&#8217;ora di tempo \u2013 dalle 18 alle 19 \u2013 per raccontare, incuriosire, illuminare nuove prospettive. L&#8217;occasione per conoscere da vicino la storia di una personalit\u00e0 di grande spessore, un imprenditore del Made in Italy o del mondo dello sport, impegnato ad alzare costantemente l&#8217;asticella del possibile.<\/p>\n<p>Se \u00e8 vero, per dirla con Wittgenstein, che &#8220;i limiti del mio linguaggio sono i limiti del mio mondo&#8221;, a Cortina, in quota \u2013 di fronte alla &#8220;sconfinata&#8221; bellezza delle Dolomiti \u2013 si impara l&#8217;arte di appunto, sconfinare, uscire dai sentieri battuti, colorare fuori dai bordi.<\/p>\n<p>E cos\u00ec, il primo giorno,<strong> mercoled\u00ec 28 agosto<\/strong>, anche l&#8217;intervista uscir\u00e0 dagli schemi ribaltando i ruoli tra intervistato e intervistatore: sar\u00e0 il direttore de La Gazzetta dello Sport, Andrea Monti, a essere intervistato da Kristian Ghedina, il pi\u00f9 forte discesista della nazionale azzurra negli anni Novanta. Incalzato dalle domande del &#8220;Jet di Cortina&#8221;, Monti dialogher\u00e0 col campione oggi Ambassador di Cortina 2021, leggendario per le sue vittorie quanto per i suoi exploit, come la spaccata in volo sulla Streif di Kitzbhuel, entrata nella storia.<\/p>\n<p>Parola chiave: &#8220;Sconfini&#8221;<\/p>\n<p>Ore 18.00 Cristallo, a Luxury Collection Resort &amp; Spa Cortina d&#8217;Ampezzo, aperitivo a seguire<\/p>\n<p><strong>Gioved\u00ec 29 agosto<\/strong> si ricalcheranno le orme di Neil Armstrong, a 50 anni dallo sbarco sulla Luna. \u00c8 proprio ispirandosi a quel &#8220;piccolo passo per un uomo, ma grande passo per l&#8217;umanit\u00e0&#8221; che Giancarlo Zanatta &#8211; imprenditore, fondatore di Tecnica Group &#8211; invent\u00f2 il Moon Boot, stivale lunare che ha conquistato la moda esattamente mezzo secolo fa. Intervista a cura Alessandro Russello direttore de Corriere del Veneto, Corriere del Trentino, Corriere dell&#8217;Alto Adige, Corriere di Bologna.<\/p>\n<p>Parola chiave: Luna<\/p>\n<p>Ore 18.00 Cristallo, a Luxury Collection Resort &amp; Spa Cortina d&#8217;Ampezzo, aperitivo a seguire<\/p>\n<p><strong>Il 30 agosto<\/strong> Gianni Valenti vicedirettore vicario de La Gazzetta dello Sport porter\u00e0 sul palco Christof Innerhofer, sciatore alpino italiano, campione del mondo di Super G a Garmisch-Partenkierchen nel 2011 e vincitore di diverse medaglie olimpiche e iridate, e Michela Moioli, snowboarder italiana, campionessa olimpica di snowboard cross ai Giochi olimpici di Pyeongchang 2018.<\/p>\n<p>Parola chiave: Velocit\u00e0<\/p>\n<p>Ore 18.00 Piazza Angelo Dibona, Corso Italia.<\/p>\n<p>In caso di maltempo, l&#8217;incontro si svolger\u00e0 presso Cristallo, a Luxury Collection Resort &amp; Spa Cortina d&#8217;Ampezzo.<\/p>","protected":false},"excerpt":{"rendered":"<p>Dagli &#8220;stivali lunari&#8221; ispirati a Neil Armstrong alle esplorazioni ai confini del mondo, dalle grandi sfide del futuro, come i Mondiali e le Olimpiadi Invernali. Sotto il segno dell&#8217;avventura \u2013 imprenditoriale, umana, sportiva \u2013 torna dal 28 al 30 agosto la terza edizione dell&#8217;evento organizzato da Fondazione Cortina 2021 e Cristallo, a Luxury Collection Resort [&hellip;]<\/p>\n","protected":false},"author":2,"featured_media":0,"comment_status":"closed","ping_status":"open","sticky":false,"template":"","format":"standard","meta":{"footnotes":""},"categories":[27,3,25],"tags":[],"class_list":["post-107390","post","type-post","status-publish","format-standard","category-appuntamenti","category-arte-cultura-spettacoli-scienza-archivi","category-pausa-caffe"],"yoast_head":"<!-- This site is optimized with the Yoast SEO plugin v28.4 - https:\/\/yoast.com\/product\/yoast-seo-wordpress\/ -->\n<title>Talenti, storie di imprese straordinarie. A Cortina la storia dell&#039;Italia dei record - Bellunopress - Dolomiti<\/title>\n<meta name=\"robots\" content=\"index, follow, max-snippet:-1, max-image-preview:large, max-video-preview:-1\" \/>\n<link rel=\"canonical\" href=\"https:\/\/www.bellunopress.it\/fr\/2019\/08\/27\/talenti-storie-di-imprese-straordinarie-a-cortina-la-storia-dellitalia-dei-record\/\" \/>\n<meta property=\"og:locale\" content=\"fr_FR\" \/>\n<meta property=\"og:type\" content=\"article\" \/>\n<meta property=\"og:title\" content=\"Talenti, storie di imprese straordinarie. A Cortina la storia dell&#039;Italia dei record - Bellunopress - Dolomiti\" \/>\n<meta property=\"og:description\" content=\"Dagli &#8220;stivali lunari&#8221; ispirati a Neil Armstrong alle esplorazioni ai confini del mondo, dalle grandi sfide del futuro, come i Mondiali e le Olimpiadi Invernali. Sotto il segno dell&#8217;avventura \u2013 imprenditoriale, umana, sportiva \u2013 torna dal 28 al 30 agosto la terza edizione dell&#8217;evento organizzato da Fondazione Cortina 2021 e Cristallo, a Luxury Collection Resort [&hellip;]\" \/>\n<meta property=\"og:url\" content=\"https:\/\/www.bellunopress.it\/fr\/2019\/08\/27\/talenti-storie-di-imprese-straordinarie-a-cortina-la-storia-dellitalia-dei-record\/\" \/>\n<meta property=\"og:site_name\" content=\"Bellunopress - Dolomiti\" \/>\n<meta property=\"article:publisher\" content=\"https:\/\/www.facebook.com\/profile.php?id=100008943462799\" \/>\n<meta property=\"article:published_time\" content=\"2019-08-27T16:51:45+00:00\" \/>\n<meta property=\"article:modified_time\" content=\"2019-08-27T16:51:46+00:00\" \/>\n<meta property=\"og:image\" content=\"http:\/\/www.bellunopress.it\/wp-content\/uploads\/2019\/08\/hotel-cristallo-cortina.jpg\" \/>\n<meta name=\"author\" content=\"redazione\" \/>\n<meta name=\"twitter:card\" content=\"summary_large_image\" \/>\n<meta name=\"twitter:creator\" content=\"@bellunopress\" \/>\n<meta name=\"twitter:site\" content=\"@bellunopress\" \/>\n<meta name=\"twitter:label1\" content=\"\u00c9crit par\" \/>\n\t<meta name=\"twitter:data1\" content=\"redazione\" \/>\n\t<meta name=\"twitter:label2\" content=\"Dur\u00e9e de lecture estim\u00e9e\" \/>\n\t<meta name=\"twitter:data2\" content=\"3 minutes\" \/>\n<script type=\"application\/ld+json\" class=\"yoast-schema-graph\">{\"@context\":\"https:\\\/\\\/schema.org\",\"@graph\":[{\"@type\":\"Article\",\"@id\":\"https:\\\/\\\/www.bellunopress.it\\\/2019\\\/08\\\/27\\\/talenti-storie-di-imprese-straordinarie-a-cortina-la-storia-dellitalia-dei-record\\\/#article\",\"isPartOf\":{\"@id\":\"https:\\\/\\\/www.bellunopress.it\\\/2019\\\/08\\\/27\\\/talenti-storie-di-imprese-straordinarie-a-cortina-la-storia-dellitalia-dei-record\\\/\"},\"author\":{\"name\":\"redazione\",\"@id\":\"https:\\\/\\\/www.bellunopress.it\\\/#\\\/schema\\\/person\\\/79bb06722b37ece1c03d3e94beb30d73\"},\"headline\":\"Talenti, storie di imprese straordinarie. A Cortina la storia dell&#8217;Italia dei record\",\"datePublished\":\"2019-08-27T16:51:45+00:00\",\"dateModified\":\"2019-08-27T16:51:46+00:00\",\"mainEntityOfPage\":{\"@id\":\"https:\\\/\\\/www.bellunopress.it\\\/2019\\\/08\\\/27\\\/talenti-storie-di-imprese-straordinarie-a-cortina-la-storia-dellitalia-dei-record\\\/\"},\"wordCount\":601,\"publisher\":{\"@id\":\"https:\\\/\\\/www.bellunopress.it\\\/#organization\"},\"image\":{\"@id\":\"https:\\\/\\\/www.bellunopress.it\\\/2019\\\/08\\\/27\\\/talenti-storie-di-imprese-straordinarie-a-cortina-la-storia-dellitalia-dei-record\\\/#primaryimage\"},\"thumbnailUrl\":\"http:\\\/\\\/www.bellunopress.it\\\/wp-content\\\/uploads\\\/2019\\\/08\\\/hotel-cristallo-cortina.jpg\",\"articleSection\":[\"Appuntamenti, Eventi\",\"Arte, Cultura, Spettacoli, Scienza\",\"Pausa Caff\u00e8\"],\"inLanguage\":\"fr-FR\"},{\"@type\":\"WebPage\",\"@id\":\"https:\\\/\\\/www.bellunopress.it\\\/2019\\\/08\\\/27\\\/talenti-storie-di-imprese-straordinarie-a-cortina-la-storia-dellitalia-dei-record\\\/\",\"url\":\"https:\\\/\\\/www.bellunopress.it\\\/2019\\\/08\\\/27\\\/talenti-storie-di-imprese-straordinarie-a-cortina-la-storia-dellitalia-dei-record\\\/\",\"name\":\"Talenti, storie di imprese straordinarie. A Cortina la storia dell'Italia dei record - Bellunopress - Dolomiti\",\"isPartOf\":{\"@id\":\"https:\\\/\\\/www.bellunopress.it\\\/#website\"},\"primaryImageOfPage\":{\"@id\":\"https:\\\/\\\/www.bellunopress.it\\\/2019\\\/08\\\/27\\\/talenti-storie-di-imprese-straordinarie-a-cortina-la-storia-dellitalia-dei-record\\\/#primaryimage\"},\"image\":{\"@id\":\"https:\\\/\\\/www.bellunopress.it\\\/2019\\\/08\\\/27\\\/talenti-storie-di-imprese-straordinarie-a-cortina-la-storia-dellitalia-dei-record\\\/#primaryimage\"},\"thumbnailUrl\":\"http:\\\/\\\/www.bellunopress.it\\\/wp-content\\\/uploads\\\/2019\\\/08\\\/hotel-cristallo-cortina.jpg\",\"datePublished\":\"2019-08-27T16:51:45+00:00\",\"dateModified\":\"2019-08-27T16:51:46+00:00\",\"breadcrumb\":{\"@id\":\"https:\\\/\\\/www.bellunopress.it\\\/2019\\\/08\\\/27\\\/talenti-storie-di-imprese-straordinarie-a-cortina-la-storia-dellitalia-dei-record\\\/#breadcrumb\"},\"inLanguage\":\"fr-FR\",\"potentialAction\":[{\"@type\":\"ReadAction\",\"target\":[\"https:\\\/\\\/www.bellunopress.it\\\/2019\\\/08\\\/27\\\/talenti-storie-di-imprese-straordinarie-a-cortina-la-storia-dellitalia-dei-record\\\/\"]}]},{\"@type\":\"ImageObject\",\"inLanguage\":\"fr-FR\",\"@id\":\"https:\\\/\\\/www.bellunopress.it\\\/2019\\\/08\\\/27\\\/talenti-storie-di-imprese-straordinarie-a-cortina-la-storia-dellitalia-dei-record\\\/#primaryimage\",\"url\":\"http:\\\/\\\/www.bellunopress.it\\\/wp-content\\\/uploads\\\/2019\\\/08\\\/hotel-cristallo-cortina.jpg\",\"contentUrl\":\"http:\\\/\\\/www.bellunopress.it\\\/wp-content\\\/uploads\\\/2019\\\/08\\\/hotel-cristallo-cortina.jpg\"},{\"@type\":\"BreadcrumbList\",\"@id\":\"https:\\\/\\\/www.bellunopress.it\\\/2019\\\/08\\\/27\\\/talenti-storie-di-imprese-straordinarie-a-cortina-la-storia-dellitalia-dei-record\\\/#breadcrumb\",\"itemListElement\":[{\"@type\":\"ListItem\",\"position\":1,\"name\":\"Home\",\"item\":\"https:\\\/\\\/www.bellunopress.it\\\/\"},{\"@type\":\"ListItem\",\"position\":2,\"name\":\"Talenti, storie di imprese straordinarie. A Cortina la storia dell&#8217;Italia dei record\"}]},{\"@type\":\"WebSite\",\"@id\":\"https:\\\/\\\/www.bellunopress.it\\\/#website\",\"url\":\"https:\\\/\\\/www.bellunopress.it\\\/\",\"name\":\"Bellunopress - Dolomiti\",\"description\":\"e-mail: redazione@bellunopress.it\",\"publisher\":{\"@id\":\"https:\\\/\\\/www.bellunopress.it\\\/#organization\"},\"potentialAction\":[{\"@type\":\"SearchAction\",\"target\":{\"@type\":\"EntryPoint\",\"urlTemplate\":\"https:\\\/\\\/www.bellunopress.it\\\/?s={search_term_string}\"},\"query-input\":{\"@type\":\"PropertyValueSpecification\",\"valueRequired\":true,\"valueName\":\"search_term_string\"}}],\"inLanguage\":\"fr-FR\"},{\"@type\":\"Organization\",\"@id\":\"https:\\\/\\\/www.bellunopress.it\\\/#organization\",\"name\":\"Bellunopress\",\"url\":\"https:\\\/\\\/www.bellunopress.it\\\/\",\"logo\":{\"@type\":\"ImageObject\",\"inLanguage\":\"fr-FR\",\"@id\":\"https:\\\/\\\/www.bellunopress.it\\\/#\\\/schema\\\/logo\\\/image\\\/\",\"url\":\"https:\\\/\\\/www.bellunopress.it\\\/wp-content\\\/uploads\\\/2011\\\/05\\\/cropped-logo-bellunopress-.jpg\",\"contentUrl\":\"https:\\\/\\\/www.bellunopress.it\\\/wp-content\\\/uploads\\\/2011\\\/05\\\/cropped-logo-bellunopress-.jpg\",\"width\":512,\"height\":512,\"caption\":\"Bellunopress\"},\"image\":{\"@id\":\"https:\\\/\\\/www.bellunopress.it\\\/#\\\/schema\\\/logo\\\/image\\\/\"},\"sameAs\":[\"https:\\\/\\\/www.facebook.com\\\/profile.php?id=100008943462799\",\"https:\\\/\\\/x.com\\\/bellunopress\",\"https:\\\/\\\/www.linkedin.com\\\/hp\\\/?dnr=JBzUWaJfMUw8vbXJJ2tVW5-I3jZKvC4wsoxE&amp;amp;amp;amp;amp;amp;trk=nav_responsive_tab_home\",\"https:\\\/\\\/www.youtube.com\\\/channel\\\/UCxL0wu1uN0_3_7hGG0306cw\"]},{\"@type\":\"Person\",\"@id\":\"https:\\\/\\\/www.bellunopress.it\\\/#\\\/schema\\\/person\\\/79bb06722b37ece1c03d3e94beb30d73\",\"name\":\"redazione\",\"image\":{\"@type\":\"ImageObject\",\"inLanguage\":\"fr-FR\",\"@id\":\"https:\\\/\\\/secure.gravatar.com\\\/avatar\\\/37d968a2e67a6fd04c169c4bdef102d0bc5d31b2546345219e348575eb80e9a0?s=96&d=mm&r=g\",\"url\":\"https:\\\/\\\/secure.gravatar.com\\\/avatar\\\/37d968a2e67a6fd04c169c4bdef102d0bc5d31b2546345219e348575eb80e9a0?s=96&d=mm&r=g\",\"contentUrl\":\"https:\\\/\\\/secure.gravatar.com\\\/avatar\\\/37d968a2e67a6fd04c169c4bdef102d0bc5d31b2546345219e348575eb80e9a0?s=96&d=mm&r=g\",\"caption\":\"redazione\"},\"sameAs\":[\"http:\\\/\\\/www.bellunopress.it\",\"https:\\\/\\\/x.com\\\/bellunopress\"],\"url\":\"https:\\\/\\\/www.bellunopress.it\\\/fr\\\/author\\\/redazione\\\/\"}]}<\/script>\n<!-- \/ Yoast SEO plugin. -->","yoast_head_json":{"title":"Talenti, storie di imprese straordinarie. A Cortina la storia dell'Italia dei record - Bellunopress - Dolomiti","robots":{"index":"index","follow":"follow","max-snippet":"max-snippet:-1","max-image-preview":"max-image-preview:large","max-video-preview":"max-video-preview:-1"},"canonical":"https:\/\/www.bellunopress.it\/fr\/2019\/08\/27\/talenti-storie-di-imprese-straordinarie-a-cortina-la-storia-dellitalia-dei-record\/","og_locale":"fr_FR","og_type":"article","og_title":"Talenti, storie di imprese straordinarie. A Cortina la storia dell'Italia dei record - Bellunopress - Dolomiti","og_description":"Dagli &#8220;stivali lunari&#8221; ispirati a Neil Armstrong alle esplorazioni ai confini del mondo, dalle grandi sfide del futuro, come i Mondiali e le Olimpiadi Invernali. Sotto il segno dell&#8217;avventura \u2013 imprenditoriale, umana, sportiva \u2013 torna dal 28 al 30 agosto la terza edizione dell&#8217;evento organizzato da Fondazione Cortina 2021 e Cristallo, a Luxury Collection Resort [&hellip;]","og_url":"https:\/\/www.bellunopress.it\/fr\/2019\/08\/27\/talenti-storie-di-imprese-straordinarie-a-cortina-la-storia-dellitalia-dei-record\/","og_site_name":"Bellunopress - Dolomiti","article_publisher":"https:\/\/www.facebook.com\/profile.php?id=100008943462799","article_published_time":"2019-08-27T16:51:45+00:00","article_modified_time":"2019-08-27T16:51:46+00:00","og_image":[{"url":"http:\/\/www.bellunopress.it\/wp-content\/uploads\/2019\/08\/hotel-cristallo-cortina.jpg","type":"","width":"","height":""}],"author":"redazione","twitter_card":"summary_large_image","twitter_creator":"@bellunopress","twitter_site":"@bellunopress","twitter_misc":{"\u00c9crit par":"redazione","Dur\u00e9e de lecture estim\u00e9e":"3 minutes"},"schema":{"@context":"https:\/\/schema.org","@graph":[{"@type":"Article","@id":"https:\/\/www.bellunopress.it\/2019\/08\/27\/talenti-storie-di-imprese-straordinarie-a-cortina-la-storia-dellitalia-dei-record\/#article","isPartOf":{"@id":"https:\/\/www.bellunopress.it\/2019\/08\/27\/talenti-storie-di-imprese-straordinarie-a-cortina-la-storia-dellitalia-dei-record\/"},"author":{"name":"redazione","@id":"https:\/\/www.bellunopress.it\/#\/schema\/person\/79bb06722b37ece1c03d3e94beb30d73"},"headline":"Talenti, storie di imprese straordinarie. A Cortina la storia dell&#8217;Italia dei record","datePublished":"2019-08-27T16:51:45+00:00","dateModified":"2019-08-27T16:51:46+00:00","mainEntityOfPage":{"@id":"https:\/\/www.bellunopress.it\/2019\/08\/27\/talenti-storie-di-imprese-straordinarie-a-cortina-la-storia-dellitalia-dei-record\/"},"wordCount":601,"publisher":{"@id":"https:\/\/www.bellunopress.it\/#organization"},"image":{"@id":"https:\/\/www.bellunopress.it\/2019\/08\/27\/talenti-storie-di-imprese-straordinarie-a-cortina-la-storia-dellitalia-dei-record\/#primaryimage"},"thumbnailUrl":"http:\/\/www.bellunopress.it\/wp-content\/uploads\/2019\/08\/hotel-cristallo-cortina.jpg","articleSection":["Appuntamenti, Eventi","Arte, Cultura, Spettacoli, Scienza","Pausa Caff\u00e8"],"inLanguage":"fr-FR"},{"@type":"WebPage","@id":"https:\/\/www.bellunopress.it\/2019\/08\/27\/talenti-storie-di-imprese-straordinarie-a-cortina-la-storia-dellitalia-dei-record\/","url":"https:\/\/www.bellunopress.it\/2019\/08\/27\/talenti-storie-di-imprese-straordinarie-a-cortina-la-storia-dellitalia-dei-record\/","name":"Talenti, storie di imprese straordinarie. A Cortina la storia dell'Italia dei record - Bellunopress - Dolomiti","isPartOf":{"@id":"https:\/\/www.bellunopress.it\/#website"},"primaryImageOfPage":{"@id":"https:\/\/www.bellunopress.it\/2019\/08\/27\/talenti-storie-di-imprese-straordinarie-a-cortina-la-storia-dellitalia-dei-record\/#primaryimage"},"image":{"@id":"https:\/\/www.bellunopress.it\/2019\/08\/27\/talenti-storie-di-imprese-straordinarie-a-cortina-la-storia-dellitalia-dei-record\/#primaryimage"},"thumbnailUrl":"http:\/\/www.bellunopress.it\/wp-content\/uploads\/2019\/08\/hotel-cristallo-cortina.jpg","datePublished":"2019-08-27T16:51:45+00:00","dateModified":"2019-08-27T16:51:46+00:00","breadcrumb":{"@id":"https:\/\/www.bellunopress.it\/2019\/08\/27\/talenti-storie-di-imprese-straordinarie-a-cortina-la-storia-dellitalia-dei-record\/#breadcrumb"},"inLanguage":"fr-FR","potentialAction":[{"@type":"ReadAction","target":["https:\/\/www.bellunopress.it\/2019\/08\/27\/talenti-storie-di-imprese-straordinarie-a-cortina-la-storia-dellitalia-dei-record\/"]}]},{"@type":"ImageObject","inLanguage":"fr-FR","@id":"https:\/\/www.bellunopress.it\/2019\/08\/27\/talenti-storie-di-imprese-straordinarie-a-cortina-la-storia-dellitalia-dei-record\/#primaryimage","url":"http:\/\/www.bellunopress.it\/wp-content\/uploads\/2019\/08\/hotel-cristallo-cortina.jpg","contentUrl":"http:\/\/www.bellunopress.it\/wp-content\/uploads\/2019\/08\/hotel-cristallo-cortina.jpg"},{"@type":"BreadcrumbList","@id":"https:\/\/www.bellunopress.it\/2019\/08\/27\/talenti-storie-di-imprese-straordinarie-a-cortina-la-storia-dellitalia-dei-record\/#breadcrumb","itemListElement":[{"@type":"ListItem","position":1,"name":"Home","item":"https:\/\/www.bellunopress.it\/"},{"@type":"ListItem","position":2,"name":"Talenti, storie di imprese straordinarie. A Cortina la storia dell&#8217;Italia dei record"}]},{"@type":"WebSite","@id":"https:\/\/www.bellunopress.it\/#website","url":"https:\/\/www.bellunopress.it\/","name":"Bellunopress - Dolomiti","description":"e-mail: redazione@bellunopress.it","publisher":{"@id":"https:\/\/www.bellunopress.it\/#organization"},"potentialAction":[{"@type":"SearchAction","target":{"@type":"EntryPoint","urlTemplate":"https:\/\/www.bellunopress.it\/?s={search_term_string}"},"query-input":{"@type":"PropertyValueSpecification","valueRequired":true,"valueName":"search_term_string"}}],"inLanguage":"fr-FR"},{"@type":"Organization","@id":"https:\/\/www.bellunopress.it\/#organization","name":"Bellunopress","url":"https:\/\/www.bellunopress.it\/","logo":{"@type":"ImageObject","inLanguage":"fr-FR","@id":"https:\/\/www.bellunopress.it\/#\/schema\/logo\/image\/","url":"https:\/\/www.bellunopress.it\/wp-content\/uploads\/2011\/05\/cropped-logo-bellunopress-.jpg","contentUrl":"https:\/\/www.bellunopress.it\/wp-content\/uploads\/2011\/05\/cropped-logo-bellunopress-.jpg","width":512,"height":512,"caption":"Bellunopress"},"image":{"@id":"https:\/\/www.bellunopress.it\/#\/schema\/logo\/image\/"},"sameAs":["https:\/\/www.facebook.com\/profile.php?id=100008943462799","https:\/\/x.com\/bellunopress","https:\/\/www.linkedin.com\/hp\/?dnr=JBzUWaJfMUw8vbXJJ2tVW5-I3jZKvC4wsoxE&amp;amp;amp;amp;amp;amp;trk=nav_responsive_tab_home","https:\/\/www.youtube.com\/channel\/UCxL0wu1uN0_3_7hGG0306cw"]},{"@type":"Person","@id":"https:\/\/www.bellunopress.it\/#\/schema\/person\/79bb06722b37ece1c03d3e94beb30d73","name":"r\u00e9daction","image":{"@type":"ImageObject","inLanguage":"fr-FR","@id":"https:\/\/secure.gravatar.com\/avatar\/37d968a2e67a6fd04c169c4bdef102d0bc5d31b2546345219e348575eb80e9a0?s=96&d=mm&r=g","url":"https:\/\/secure.gravatar.com\/avatar\/37d968a2e67a6fd04c169c4bdef102d0bc5d31b2546345219e348575eb80e9a0?s=96&d=mm&r=g","contentUrl":"https:\/\/secure.gravatar.com\/avatar\/37d968a2e67a6fd04c169c4bdef102d0bc5d31b2546345219e348575eb80e9a0?s=96&d=mm&r=g","caption":"redazione"},"sameAs":["http:\/\/www.bellunopress.it","https:\/\/x.com\/bellunopress"],"url":"https:\/\/www.bellunopress.it\/fr\/author\/redazione\/"}]}},"_links":{"self":[{"href":"https:\/\/www.bellunopress.it\/fr\/wp-json\/wp\/v2\/posts\/107390","targetHints":{"allow":["GET"]}}],"collection":[{"href":"https:\/\/www.bellunopress.it\/fr\/wp-json\/wp\/v2\/posts"}],"about":[{"href":"https:\/\/www.bellunopress.it\/fr\/wp-json\/wp\/v2\/types\/post"}],"author":[{"embeddable":true,"href":"https:\/\/www.bellunopress.it\/fr\/wp-json\/wp\/v2\/users\/2"}],"replies":[{"embeddable":true,"href":"https:\/\/www.bellunopress.it\/fr\/wp-json\/wp\/v2\/comments?post=107390"}],"version-history":[{"count":2,"href":"https:\/\/www.bellunopress.it\/fr\/wp-json\/wp\/v2\/posts\/107390\/revisions"}],"predecessor-version":[{"id":107393,"href":"https:\/\/www.bellunopress.it\/fr\/wp-json\/wp\/v2\/posts\/107390\/revisions\/107393"}],"wp:attachment":[{"href":"https:\/\/www.bellunopress.it\/fr\/wp-json\/wp\/v2\/media?parent=107390"}],"wp:term":[{"taxonomy":"category","embeddable":true,"href":"https:\/\/www.bellunopress.it\/fr\/wp-json\/wp\/v2\/categories?post=107390"},{"taxonomy":"post_tag","embeddable":true,"href":"https:\/\/www.bellunopress.it\/fr\/wp-json\/wp\/v2\/tags?post=107390"}],"curies":[{"name":"wp","href":"https:\/\/api.w.org\/{rel}","templated":true}]}}