{"id":10737,"date":"2009-12-17T16:13:12","date_gmt":"2009-12-17T15:13:12","guid":{"rendered":"http:\/\/www.bellunopress.it\/?p=10737"},"modified":"2009-12-17T16:13:12","modified_gmt":"2009-12-17T15:13:12","slug":"giovani-imprenditori-a-orient-2009-di-longarone-fiere","status":"publish","type":"post","link":"https:\/\/www.bellunopress.it\/fr\/2009\/12\/17\/giovani-imprenditori-a-orient-2009-di-longarone-fiere\/","title":{"rendered":"Giovani imprenditori a Orient@ 2009 di Longarone Fiere"},"content":{"rendered":"<p><a href=\"http:\/\/www.bellunopress.it\/wp-content\/uploads\/2009\/12\/longarone-fiere.jpg\"><img loading=\"lazy\" decoding=\"async\" class=\"alignleft size-medium wp-image-10738\" title=\"longarone-fiere\" src=\"http:\/\/www.bellunopress.it\/wp-content\/uploads\/2009\/12\/longarone-fiere.jpg\" alt=\"\" width=\"88\" height=\"98\" \/><\/a>Anche Confindustria Belluno Dolomiti a Orient@ 2009. Il salone dell\u2019orientamento organizzato dalla Provincia di Belluno, che si \u00e8 aperto oggi (gioved\u00ec 17 dicembre) a Longarone Fiere, presenta anche lo stand allestito dal Gruppo Giovani Imprenditori bellunesi, ricco di informazioni e orientamenti sul mondo delle imprese nella nostra provincia. I ragazzi che partecipano ad Orient@ trovano ad accoglierli negli spazi dell\u2019Associazione Industriali l\u2019illustrazione di un albero, simbolo del frutto della terra che d\u00e0 e riceve, dove sono state collocate le professioni presenti in azienda. Dal direttore generale all\u2019impiegato commerciale dall\u2019addetto alla produzione al responsabile marketing, passando per tutte le figure professionali che costituiscono gli uffici tecnici, amministrativi, finanziari, i sistemi informativi, la logistica, le risorse umane. \u201cAiutare i ragazzi a capire come \u00e8 costituita un\u2019azienda e quali possibilit\u00e0 professionali \u00e8 in grado di offrire \u00e8 l\u2019obiettivo del nostro lavoro\u201d \u2013 sottolinea Jury De Col Vice Presidente del Gruppo Giovani Imprenditori di Confindustria Belluno Dolomiti \u2013 \u201cgli studenti che sono pertanto in procinto di scegliere la scuola superiore sapranno quali percorsi di studio portano, ad esempio, a ricoprire la posizione di direttore tecnico in azienda, e quali invece a diventare responsabile commerciale. A ciascuno la sua scelta, quindi, consapevoli del fatto che le imprese hanno bisogno soprattutto di diplomati tecnici, e per loro \u00e8 quindi pi\u00f9 immediato trovare collocazione. In questa fase economica le nostre imprese devono aggiornarsi tempestivamente per competere sui mercati internazionali: la risorsa principale di cui disponiamo sono appunto i giovani, che devono essere tecnicamente preparati e molto motivati. E\u2019 giusto quindi che i ragazzi scelgano in base alle propensioni personali, ma si deve anche tenere in considerazione quali possibilit\u00e0 professionali concrete sono assicurate dalla scelta di una o dell\u2019altra scuola superiore\u201d \u2013 conclude Jury De Col. Il Gruppo Giovani Imprenditori di Confindustria Belluno Dolomiti \u00e8 molto attivo nell\u2019orientamento scolastico e lavorativo degli studenti. Da un paio di anni ha attivato un progetto di orientamento rivolto ai giovani delle classi terze delle scuole medie inferiori bellunesi, chiamato \u201cOrientAttack\u201d. Quest\u2019anno il progetto si svilupper\u00e0 in modo innovativo nel corso del 2010, sulla scia dell\u2019albero delle professioni in azienda che proprio Orient@ anticipa nel corso dei prossimi giorni: un percorso di analisi individuale rivolto agli studenti delle medie per scoprire attitudini, desideri e capacit\u00e0 e per individuare la figura professionale pi\u00f9 adatta a ciascuno di loro.<\/p>","protected":false},"excerpt":{"rendered":"<p>Anche Confindustria Belluno Dolomiti a Orient@ 2009. Il salone dell\u2019orientamento organizzato dalla Provincia di Belluno, che si \u00e8 aperto oggi (gioved\u00ec 17 dicembre) a Longarone Fiere, presenta anche lo stand allestito dal Gruppo Giovani Imprenditori bellunesi, ricco di informazioni e orientamenti sul mondo delle imprese nella nostra provincia. I ragazzi che partecipano ad Orient@ trovano [&hellip;]<\/p>\n","protected":false},"author":2,"featured_media":0,"comment_status":"closed","ping_status":"open","sticky":false,"template":"","format":"standard","meta":{"footnotes":""},"categories":[26,15],"tags":[139,63],"class_list":["post-10737","post","type-post","status-publish","format-standard","category-prima-pagina","category-scuola","tag-belluno","tag-dolomiti"],"yoast_head":"<!-- This site is optimized with the Yoast SEO plugin v28.4 - https:\/\/yoast.com\/product\/yoast-seo-wordpress\/ -->\n<title>Giovani imprenditori a Orient@ 2009 di Longarone Fiere  - Bellunopress - Dolomiti<\/title>\n<meta name=\"robots\" content=\"index, follow, max-snippet:-1, max-image-preview:large, max-video-preview:-1\" \/>\n<link rel=\"canonical\" href=\"https:\/\/www.bellunopress.it\/fr\/2009\/12\/17\/giovani-imprenditori-a-orient-2009-di-longarone-fiere\/\" \/>\n<meta property=\"og:locale\" content=\"fr_FR\" \/>\n<meta property=\"og:type\" content=\"article\" \/>\n<meta property=\"og:title\" content=\"Giovani imprenditori a Orient@ 2009 di Longarone Fiere  - Bellunopress - Dolomiti\" \/>\n<meta property=\"og:description\" content=\"Anche Confindustria Belluno Dolomiti a Orient@ 2009. Il salone dell\u2019orientamento organizzato dalla Provincia di Belluno, che si \u00e8 aperto oggi (gioved\u00ec 17 dicembre) a Longarone Fiere, presenta anche lo stand allestito dal Gruppo Giovani Imprenditori bellunesi, ricco di informazioni e orientamenti sul mondo delle imprese nella nostra provincia. I ragazzi che partecipano ad Orient@ trovano [&hellip;]\" \/>\n<meta property=\"og:url\" content=\"https:\/\/www.bellunopress.it\/fr\/2009\/12\/17\/giovani-imprenditori-a-orient-2009-di-longarone-fiere\/\" \/>\n<meta property=\"og:site_name\" content=\"Bellunopress - Dolomiti\" \/>\n<meta property=\"article:publisher\" content=\"https:\/\/www.facebook.com\/profile.php?id=100008943462799\" \/>\n<meta property=\"article:published_time\" content=\"2009-12-17T15:13:12+00:00\" \/>\n<meta property=\"og:image\" content=\"http:\/\/www.bellunopress.it\/wp-content\/uploads\/2009\/12\/longarone-fiere.jpg\" \/>\n<meta name=\"author\" content=\"redazione\" \/>\n<meta name=\"twitter:card\" content=\"summary_large_image\" \/>\n<meta name=\"twitter:creator\" content=\"@bellunopress\" \/>\n<meta name=\"twitter:site\" content=\"@bellunopress\" \/>\n<meta name=\"twitter:label1\" content=\"\u00c9crit par\" \/>\n\t<meta name=\"twitter:data1\" content=\"redazione\" \/>\n\t<meta name=\"twitter:label2\" content=\"Dur\u00e9e de lecture estim\u00e9e\" \/>\n\t<meta name=\"twitter:data2\" content=\"2 minutes\" \/>\n<script type=\"application\/ld+json\" class=\"yoast-schema-graph\">{\"@context\":\"https:\\\/\\\/schema.org\",\"@graph\":[{\"@type\":\"Article\",\"@id\":\"https:\\\/\\\/www.bellunopress.it\\\/2009\\\/12\\\/17\\\/giovani-imprenditori-a-orient-2009-di-longarone-fiere\\\/#article\",\"isPartOf\":{\"@id\":\"https:\\\/\\\/www.bellunopress.it\\\/2009\\\/12\\\/17\\\/giovani-imprenditori-a-orient-2009-di-longarone-fiere\\\/\"},\"author\":{\"name\":\"redazione\",\"@id\":\"https:\\\/\\\/www.bellunopress.it\\\/#\\\/schema\\\/person\\\/79bb06722b37ece1c03d3e94beb30d73\"},\"headline\":\"Giovani imprenditori a Orient@ 2009 di Longarone Fiere\",\"datePublished\":\"2009-12-17T15:13:12+00:00\",\"mainEntityOfPage\":{\"@id\":\"https:\\\/\\\/www.bellunopress.it\\\/2009\\\/12\\\/17\\\/giovani-imprenditori-a-orient-2009-di-longarone-fiere\\\/\"},\"wordCount\":391,\"publisher\":{\"@id\":\"https:\\\/\\\/www.bellunopress.it\\\/#organization\"},\"image\":{\"@id\":\"https:\\\/\\\/www.bellunopress.it\\\/2009\\\/12\\\/17\\\/giovani-imprenditori-a-orient-2009-di-longarone-fiere\\\/#primaryimage\"},\"thumbnailUrl\":\"http:\\\/\\\/www.bellunopress.it\\\/wp-content\\\/uploads\\\/2009\\\/12\\\/longarone-fiere.jpg\",\"keywords\":[\"Belluno\",\"Dolomiti\"],\"articleSection\":[\"Prima Pagina\",\"Scuola\"],\"inLanguage\":\"fr-FR\"},{\"@type\":\"WebPage\",\"@id\":\"https:\\\/\\\/www.bellunopress.it\\\/2009\\\/12\\\/17\\\/giovani-imprenditori-a-orient-2009-di-longarone-fiere\\\/\",\"url\":\"https:\\\/\\\/www.bellunopress.it\\\/2009\\\/12\\\/17\\\/giovani-imprenditori-a-orient-2009-di-longarone-fiere\\\/\",\"name\":\"Giovani imprenditori a Orient@ 2009 di Longarone Fiere - Bellunopress - Dolomiti\",\"isPartOf\":{\"@id\":\"https:\\\/\\\/www.bellunopress.it\\\/#website\"},\"primaryImageOfPage\":{\"@id\":\"https:\\\/\\\/www.bellunopress.it\\\/2009\\\/12\\\/17\\\/giovani-imprenditori-a-orient-2009-di-longarone-fiere\\\/#primaryimage\"},\"image\":{\"@id\":\"https:\\\/\\\/www.bellunopress.it\\\/2009\\\/12\\\/17\\\/giovani-imprenditori-a-orient-2009-di-longarone-fiere\\\/#primaryimage\"},\"thumbnailUrl\":\"http:\\\/\\\/www.bellunopress.it\\\/wp-content\\\/uploads\\\/2009\\\/12\\\/longarone-fiere.jpg\",\"datePublished\":\"2009-12-17T15:13:12+00:00\",\"breadcrumb\":{\"@id\":\"https:\\\/\\\/www.bellunopress.it\\\/2009\\\/12\\\/17\\\/giovani-imprenditori-a-orient-2009-di-longarone-fiere\\\/#breadcrumb\"},\"inLanguage\":\"fr-FR\",\"potentialAction\":[{\"@type\":\"ReadAction\",\"target\":[\"https:\\\/\\\/www.bellunopress.it\\\/2009\\\/12\\\/17\\\/giovani-imprenditori-a-orient-2009-di-longarone-fiere\\\/\"]}]},{\"@type\":\"ImageObject\",\"inLanguage\":\"fr-FR\",\"@id\":\"https:\\\/\\\/www.bellunopress.it\\\/2009\\\/12\\\/17\\\/giovani-imprenditori-a-orient-2009-di-longarone-fiere\\\/#primaryimage\",\"url\":\"http:\\\/\\\/www.bellunopress.it\\\/wp-content\\\/uploads\\\/2009\\\/12\\\/longarone-fiere.jpg\",\"contentUrl\":\"http:\\\/\\\/www.bellunopress.it\\\/wp-content\\\/uploads\\\/2009\\\/12\\\/longarone-fiere.jpg\"},{\"@type\":\"BreadcrumbList\",\"@id\":\"https:\\\/\\\/www.bellunopress.it\\\/2009\\\/12\\\/17\\\/giovani-imprenditori-a-orient-2009-di-longarone-fiere\\\/#breadcrumb\",\"itemListElement\":[{\"@type\":\"ListItem\",\"position\":1,\"name\":\"Home\",\"item\":\"https:\\\/\\\/www.bellunopress.it\\\/\"},{\"@type\":\"ListItem\",\"position\":2,\"name\":\"Giovani imprenditori a Orient@ 2009 di Longarone Fiere\"}]},{\"@type\":\"WebSite\",\"@id\":\"https:\\\/\\\/www.bellunopress.it\\\/#website\",\"url\":\"https:\\\/\\\/www.bellunopress.it\\\/\",\"name\":\"Bellunopress - Dolomiti\",\"description\":\"e-mail: redazione@bellunopress.it\",\"publisher\":{\"@id\":\"https:\\\/\\\/www.bellunopress.it\\\/#organization\"},\"potentialAction\":[{\"@type\":\"SearchAction\",\"target\":{\"@type\":\"EntryPoint\",\"urlTemplate\":\"https:\\\/\\\/www.bellunopress.it\\\/?s={search_term_string}\"},\"query-input\":{\"@type\":\"PropertyValueSpecification\",\"valueRequired\":true,\"valueName\":\"search_term_string\"}}],\"inLanguage\":\"fr-FR\"},{\"@type\":\"Organization\",\"@id\":\"https:\\\/\\\/www.bellunopress.it\\\/#organization\",\"name\":\"Bellunopress\",\"url\":\"https:\\\/\\\/www.bellunopress.it\\\/\",\"logo\":{\"@type\":\"ImageObject\",\"inLanguage\":\"fr-FR\",\"@id\":\"https:\\\/\\\/www.bellunopress.it\\\/#\\\/schema\\\/logo\\\/image\\\/\",\"url\":\"https:\\\/\\\/www.bellunopress.it\\\/wp-content\\\/uploads\\\/2011\\\/05\\\/cropped-logo-bellunopress-.jpg\",\"contentUrl\":\"https:\\\/\\\/www.bellunopress.it\\\/wp-content\\\/uploads\\\/2011\\\/05\\\/cropped-logo-bellunopress-.jpg\",\"width\":512,\"height\":512,\"caption\":\"Bellunopress\"},\"image\":{\"@id\":\"https:\\\/\\\/www.bellunopress.it\\\/#\\\/schema\\\/logo\\\/image\\\/\"},\"sameAs\":[\"https:\\\/\\\/www.facebook.com\\\/profile.php?id=100008943462799\",\"https:\\\/\\\/x.com\\\/bellunopress\",\"https:\\\/\\\/www.linkedin.com\\\/hp\\\/?dnr=JBzUWaJfMUw8vbXJJ2tVW5-I3jZKvC4wsoxE&amp;amp;amp;amp;amp;amp;trk=nav_responsive_tab_home\",\"https:\\\/\\\/www.youtube.com\\\/channel\\\/UCxL0wu1uN0_3_7hGG0306cw\"]},{\"@type\":\"Person\",\"@id\":\"https:\\\/\\\/www.bellunopress.it\\\/#\\\/schema\\\/person\\\/79bb06722b37ece1c03d3e94beb30d73\",\"name\":\"redazione\",\"image\":{\"@type\":\"ImageObject\",\"inLanguage\":\"fr-FR\",\"@id\":\"https:\\\/\\\/secure.gravatar.com\\\/avatar\\\/37d968a2e67a6fd04c169c4bdef102d0bc5d31b2546345219e348575eb80e9a0?s=96&d=mm&r=g\",\"url\":\"https:\\\/\\\/secure.gravatar.com\\\/avatar\\\/37d968a2e67a6fd04c169c4bdef102d0bc5d31b2546345219e348575eb80e9a0?s=96&d=mm&r=g\",\"contentUrl\":\"https:\\\/\\\/secure.gravatar.com\\\/avatar\\\/37d968a2e67a6fd04c169c4bdef102d0bc5d31b2546345219e348575eb80e9a0?s=96&d=mm&r=g\",\"caption\":\"redazione\"},\"sameAs\":[\"http:\\\/\\\/www.bellunopress.it\",\"https:\\\/\\\/x.com\\\/bellunopress\"],\"url\":\"https:\\\/\\\/www.bellunopress.it\\\/fr\\\/author\\\/redazione\\\/\"}]}<\/script>\n<!-- \/ Yoast SEO plugin. -->","yoast_head_json":{"title":"Giovani imprenditori a Orient@ 2009 di Longarone Fiere  - Bellunopress - Dolomiti","robots":{"index":"index","follow":"follow","max-snippet":"max-snippet:-1","max-image-preview":"max-image-preview:large","max-video-preview":"max-video-preview:-1"},"canonical":"https:\/\/www.bellunopress.it\/fr\/2009\/12\/17\/giovani-imprenditori-a-orient-2009-di-longarone-fiere\/","og_locale":"fr_FR","og_type":"article","og_title":"Giovani imprenditori a Orient@ 2009 di Longarone Fiere  - Bellunopress - Dolomiti","og_description":"Anche Confindustria Belluno Dolomiti a Orient@ 2009. Il salone dell\u2019orientamento organizzato dalla Provincia di Belluno, che si \u00e8 aperto oggi (gioved\u00ec 17 dicembre) a Longarone Fiere, presenta anche lo stand allestito dal Gruppo Giovani Imprenditori bellunesi, ricco di informazioni e orientamenti sul mondo delle imprese nella nostra provincia. I ragazzi che partecipano ad Orient@ trovano [&hellip;]","og_url":"https:\/\/www.bellunopress.it\/fr\/2009\/12\/17\/giovani-imprenditori-a-orient-2009-di-longarone-fiere\/","og_site_name":"Bellunopress - Dolomiti","article_publisher":"https:\/\/www.facebook.com\/profile.php?id=100008943462799","article_published_time":"2009-12-17T15:13:12+00:00","og_image":[{"url":"http:\/\/www.bellunopress.it\/wp-content\/uploads\/2009\/12\/longarone-fiere.jpg","type":"","width":"","height":""}],"author":"redazione","twitter_card":"summary_large_image","twitter_creator":"@bellunopress","twitter_site":"@bellunopress","twitter_misc":{"\u00c9crit par":"redazione","Dur\u00e9e de lecture estim\u00e9e":"2 minutes"},"schema":{"@context":"https:\/\/schema.org","@graph":[{"@type":"Article","@id":"https:\/\/www.bellunopress.it\/2009\/12\/17\/giovani-imprenditori-a-orient-2009-di-longarone-fiere\/#article","isPartOf":{"@id":"https:\/\/www.bellunopress.it\/2009\/12\/17\/giovani-imprenditori-a-orient-2009-di-longarone-fiere\/"},"author":{"name":"redazione","@id":"https:\/\/www.bellunopress.it\/#\/schema\/person\/79bb06722b37ece1c03d3e94beb30d73"},"headline":"Giovani imprenditori a Orient@ 2009 di Longarone Fiere","datePublished":"2009-12-17T15:13:12+00:00","mainEntityOfPage":{"@id":"https:\/\/www.bellunopress.it\/2009\/12\/17\/giovani-imprenditori-a-orient-2009-di-longarone-fiere\/"},"wordCount":391,"publisher":{"@id":"https:\/\/www.bellunopress.it\/#organization"},"image":{"@id":"https:\/\/www.bellunopress.it\/2009\/12\/17\/giovani-imprenditori-a-orient-2009-di-longarone-fiere\/#primaryimage"},"thumbnailUrl":"http:\/\/www.bellunopress.it\/wp-content\/uploads\/2009\/12\/longarone-fiere.jpg","keywords":["Belluno","Dolomiti"],"articleSection":["Prima Pagina","Scuola"],"inLanguage":"fr-FR"},{"@type":"WebPage","@id":"https:\/\/www.bellunopress.it\/2009\/12\/17\/giovani-imprenditori-a-orient-2009-di-longarone-fiere\/","url":"https:\/\/www.bellunopress.it\/2009\/12\/17\/giovani-imprenditori-a-orient-2009-di-longarone-fiere\/","name":"Giovani imprenditori a Orient@ 2009 di Longarone Fiere - Bellunopress - Dolomiti","isPartOf":{"@id":"https:\/\/www.bellunopress.it\/#website"},"primaryImageOfPage":{"@id":"https:\/\/www.bellunopress.it\/2009\/12\/17\/giovani-imprenditori-a-orient-2009-di-longarone-fiere\/#primaryimage"},"image":{"@id":"https:\/\/www.bellunopress.it\/2009\/12\/17\/giovani-imprenditori-a-orient-2009-di-longarone-fiere\/#primaryimage"},"thumbnailUrl":"http:\/\/www.bellunopress.it\/wp-content\/uploads\/2009\/12\/longarone-fiere.jpg","datePublished":"2009-12-17T15:13:12+00:00","breadcrumb":{"@id":"https:\/\/www.bellunopress.it\/2009\/12\/17\/giovani-imprenditori-a-orient-2009-di-longarone-fiere\/#breadcrumb"},"inLanguage":"fr-FR","potentialAction":[{"@type":"ReadAction","target":["https:\/\/www.bellunopress.it\/2009\/12\/17\/giovani-imprenditori-a-orient-2009-di-longarone-fiere\/"]}]},{"@type":"ImageObject","inLanguage":"fr-FR","@id":"https:\/\/www.bellunopress.it\/2009\/12\/17\/giovani-imprenditori-a-orient-2009-di-longarone-fiere\/#primaryimage","url":"http:\/\/www.bellunopress.it\/wp-content\/uploads\/2009\/12\/longarone-fiere.jpg","contentUrl":"http:\/\/www.bellunopress.it\/wp-content\/uploads\/2009\/12\/longarone-fiere.jpg"},{"@type":"BreadcrumbList","@id":"https:\/\/www.bellunopress.it\/2009\/12\/17\/giovani-imprenditori-a-orient-2009-di-longarone-fiere\/#breadcrumb","itemListElement":[{"@type":"ListItem","position":1,"name":"Home","item":"https:\/\/www.bellunopress.it\/"},{"@type":"ListItem","position":2,"name":"Giovani imprenditori a Orient@ 2009 di Longarone Fiere"}]},{"@type":"WebSite","@id":"https:\/\/www.bellunopress.it\/#website","url":"https:\/\/www.bellunopress.it\/","name":"Bellunopress - Dolomiti","description":"e-mail: redazione@bellunopress.it","publisher":{"@id":"https:\/\/www.bellunopress.it\/#organization"},"potentialAction":[{"@type":"SearchAction","target":{"@type":"EntryPoint","urlTemplate":"https:\/\/www.bellunopress.it\/?s={search_term_string}"},"query-input":{"@type":"PropertyValueSpecification","valueRequired":true,"valueName":"search_term_string"}}],"inLanguage":"fr-FR"},{"@type":"Organization","@id":"https:\/\/www.bellunopress.it\/#organization","name":"Bellunopress","url":"https:\/\/www.bellunopress.it\/","logo":{"@type":"ImageObject","inLanguage":"fr-FR","@id":"https:\/\/www.bellunopress.it\/#\/schema\/logo\/image\/","url":"https:\/\/www.bellunopress.it\/wp-content\/uploads\/2011\/05\/cropped-logo-bellunopress-.jpg","contentUrl":"https:\/\/www.bellunopress.it\/wp-content\/uploads\/2011\/05\/cropped-logo-bellunopress-.jpg","width":512,"height":512,"caption":"Bellunopress"},"image":{"@id":"https:\/\/www.bellunopress.it\/#\/schema\/logo\/image\/"},"sameAs":["https:\/\/www.facebook.com\/profile.php?id=100008943462799","https:\/\/x.com\/bellunopress","https:\/\/www.linkedin.com\/hp\/?dnr=JBzUWaJfMUw8vbXJJ2tVW5-I3jZKvC4wsoxE&amp;amp;amp;amp;amp;amp;trk=nav_responsive_tab_home","https:\/\/www.youtube.com\/channel\/UCxL0wu1uN0_3_7hGG0306cw"]},{"@type":"Person","@id":"https:\/\/www.bellunopress.it\/#\/schema\/person\/79bb06722b37ece1c03d3e94beb30d73","name":"r\u00e9daction","image":{"@type":"ImageObject","inLanguage":"fr-FR","@id":"https:\/\/secure.gravatar.com\/avatar\/37d968a2e67a6fd04c169c4bdef102d0bc5d31b2546345219e348575eb80e9a0?s=96&d=mm&r=g","url":"https:\/\/secure.gravatar.com\/avatar\/37d968a2e67a6fd04c169c4bdef102d0bc5d31b2546345219e348575eb80e9a0?s=96&d=mm&r=g","contentUrl":"https:\/\/secure.gravatar.com\/avatar\/37d968a2e67a6fd04c169c4bdef102d0bc5d31b2546345219e348575eb80e9a0?s=96&d=mm&r=g","caption":"redazione"},"sameAs":["http:\/\/www.bellunopress.it","https:\/\/x.com\/bellunopress"],"url":"https:\/\/www.bellunopress.it\/fr\/author\/redazione\/"}]}},"_links":{"self":[{"href":"https:\/\/www.bellunopress.it\/fr\/wp-json\/wp\/v2\/posts\/10737","targetHints":{"allow":["GET"]}}],"collection":[{"href":"https:\/\/www.bellunopress.it\/fr\/wp-json\/wp\/v2\/posts"}],"about":[{"href":"https:\/\/www.bellunopress.it\/fr\/wp-json\/wp\/v2\/types\/post"}],"author":[{"embeddable":true,"href":"https:\/\/www.bellunopress.it\/fr\/wp-json\/wp\/v2\/users\/2"}],"replies":[{"embeddable":true,"href":"https:\/\/www.bellunopress.it\/fr\/wp-json\/wp\/v2\/comments?post=10737"}],"version-history":[{"count":1,"href":"https:\/\/www.bellunopress.it\/fr\/wp-json\/wp\/v2\/posts\/10737\/revisions"}],"predecessor-version":[{"id":10739,"href":"https:\/\/www.bellunopress.it\/fr\/wp-json\/wp\/v2\/posts\/10737\/revisions\/10739"}],"wp:attachment":[{"href":"https:\/\/www.bellunopress.it\/fr\/wp-json\/wp\/v2\/media?parent=10737"}],"wp:term":[{"taxonomy":"category","embeddable":true,"href":"https:\/\/www.bellunopress.it\/fr\/wp-json\/wp\/v2\/categories?post=10737"},{"taxonomy":"post_tag","embeddable":true,"href":"https:\/\/www.bellunopress.it\/fr\/wp-json\/wp\/v2\/tags?post=10737"}],"curies":[{"name":"wp","href":"https:\/\/api.w.org\/{rel}","templated":true}]}}