{"id":107366,"date":"2019-08-27T05:30:58","date_gmt":"2019-08-27T03:30:58","guid":{"rendered":"http:\/\/www.bellunopress.it\/?p=107366"},"modified":"2019-08-27T06:33:49","modified_gmt":"2019-08-27T04:33:49","slug":"banche-assessore-lanzarin-controlli-ferrei-su-associazioni-e-comitati-di-assistenza-il-contributo-sociale-per-la-tutela-legale-e-cosa-diversa-dagli-indennizzi","status":"publish","type":"post","link":"https:\/\/www.bellunopress.it\/fr\/2019\/08\/27\/banche-assessore-lanzarin-controlli-ferrei-su-associazioni-e-comitati-di-assistenza-il-contributo-sociale-per-la-tutela-legale-e-cosa-diversa-dagli-indennizzi\/","title":{"rendered":"Banche. Assessore Lanzarin: &#8220;Controlli ferrei su associazioni e comitati di assistenza. Il contributo sociale per la tutela legale \u00e8 cosa diversa dagli indennizzi&#8221;"},"content":{"rendered":"<figure id=\"attachment_75088\" aria-describedby=\"caption-attachment-75088\" style=\"width: 249px\" class=\"wp-caption alignleft\"><a href=\"http:\/\/www.bellunopress.it\/fr\/2016\/01\/31\/immigrati-rapporto-veneto-2015-aumentano-i-nuovi-cittadini-arrivi-in-flessione-lanzarin-preoccupano-i-flussi-profughi\/manuela-lanzarin-assessore\/\" rel=\"attachment wp-att-75088\"><img loading=\"lazy\" decoding=\"async\" class=\"size-full wp-image-75088\" src=\"http:\/\/www.bellunopress.it\/wp-content\/uploads\/2016\/01\/manuela-lanzarin-assessore.jpg\" alt=\"\" width=\"249\" height=\"309\" \/><\/a><figcaption id=\"caption-attachment-75088\" class=\"wp-caption-text\">Manuela Lanzarin assessore regionale<\/figcaption><\/figure>\n<p>\u201cChe sia chiaro: i controlli sono ferrei perch\u00e9 nemmeno un euro del fondo di solidariet\u00e0 per le vittime dei crack bancari vada speso in modo indebito o a fini di lucro. Il fondo \u00e8 stato istituito per aiutare i cittadini pi\u00f9 in difficolt\u00e0 e pi\u00f9 deboli tra gli 80 mila veneti coinvolti dal dissesto di Popolare di Vicenza e Veneto Banca, nonostante la Regione Veneto non abbia competenza in materia bancaria, n\u00e9 tantomeno possa prevedere forme di indennizzo ai risparmiatori truffati o danneggiati dalle crisi delle banche del proprio territorio\u201d. E\u2019 quanto ribadisce l\u2019assessore regionale alla sanit\u00e0 e al sociale, Manuela Lanzarin, in merito alle preoccupazioni levatesi in questi giorni per il \u2018business\u2019 dei rimborsi attivabili con il Fondo Indennizzi Risparmiatori.<\/p>\n<p>\u201cUna cosa sono i rimborsi, previsti dalla nuova legge entrata in vigore in questi giorni e attivabile su domanda degli stessi risparmiatore \u2013 chiarisce Lanzarin \u2013 e un\u2019altra \u00e8 il contributo di solidariet\u00e0 per le maggiori spese legali che la Giunta regionale del Veneto ha pensato di istituire gi\u00e0 due anni fa per dare una mano a quanti, tra i risparmiatori \u2018traditi\u2019 dalle banche, si sono ritrovati in maggiori difficolt\u00e0 e non avrebbero forse nemmeno i mezzi per difendersi in sede legale e presentare domanda di rimborso. Il nostro fondo viene erogato tramite le associazioni e i comitati, legalmente costituti, che forniscono assistenza legale giudiziale alle vittime delle banche. Abbiamo gi\u00e0 liquidato i primi 500 mila euro, offrendo un contributo per le spese legali ad un migliaio di risparmiatori, previa presentazione delle fatture quietanziate per spese giudiziali. Ora sono stati reperiti, con fatica, nel bilancio della Regione ulteriore risorse Abbiamo gi\u00e0 liquidato i primi 500 mila euro, offrendo un contributo per le spese legali ad un migliaio di risparmiatori, previa presentazione delle fatture quietanziate per spese giudiziali. Con fatica, tra il 2018 e il 2019 abbiamo reperito ulteriori risorse per altri 600 mila euro in modo di allargare il numero dei beneficiari dando continuit\u00e0 all\u2019iniziativa solidaristica\u201d.<\/p>\n<p>L\u2019iniziativa regionale di carattere sociale, sostiene economicamente i cittadini veneti danneggiati dalle banche attraverso un contributo alle spese per l\u2019assistenza giudiziale legale sostenute dagli stessi. Le tre delibere della Giunta regionale che si sono succedute dal 2017 ad oggi prevedono che siano le Associazioni e Comitati costituiti ai sensi del Codice Civile, ad essere il tramite con i cittadini danneggiati. \u201cIn questo modo si \u00e8 inteso valorizzare l\u2019iniziativa di tali forme aggregative dei cittadini finalizzate alla tutela dei diritti e al perseguimento di uno scopo sociale\u201d, sottolinea l\u2019assessore Lanzarin.<\/p>\n<p><strong>Le Associazioni\/Comitati che hanno partecipato al bando regionale e che sono state ammessi al contributo regionale sono:<\/strong><br \/>\nNoi che credevamo nella Banca Popolare di Vicenza<br \/>\nAssociazione nazionale azionisti banca popolare di Vicenza, di Malo (VI)<br \/>\nAssociazioni Soci banche popolari, di Castelfranco Veneto (TV)<br \/>\nFederconsumatori Regione Veneto, di Venezia<br \/>\nAssociazione A.D.O.C. Veneto, di Venezia<br \/>\nAssociazione Casa del consumatore, di Schio (VI)<br \/>\nLega consumatori Regione Veneto, di Ficarolo (RO)<br \/>\nCoordinamento associazioni banche popolari venete Don Enrico Torta, di Venezia.<\/p>\n<p>Alle Associazioni e ai Comitati \u00e8 stato richiesto, sia il possesso di determinati requisiti, sia l\u2019esistenza di un rapporto convenzionale con studi legali o con Avvocati iscritti al competente ordine professionale preferibilmente esperti in materia bancaria, di avere un numero di rappresentati non inferiore a 10, di prendere in carico i propri rappresentati danneggiati dalle banche attraverso uno specifico modulo di adesione e di acquisire agli atti la documentazione dei propri rappresentati.<\/p>\n<p>Per i cittadini danneggiati destinatari dell\u2019intervento di solidariet\u00e0 \u00e8 stato prevista una soglia di reddito non superiore ai 36 mila euro, di cui l\u2019eventuale ammontare derivate da immobili a reddito non superiore ad 8 mila euro, e un limite massimo di investimento in azioni non superiore a 80 mila nel caso di persone singole e non superiore a euro 150mila nel caso di nuclei famigliari.<\/p>\n<p>La ripartizione del contributo \u00e8 stata prevista in due tranche: un acconto fisso del 30%; il saldo, pari al 70% proporzionato al numero dei mandati conferiti a ciascuna Associazione\/Comitato da parte dei propri rappresentati, valorizzandone l\u2019attivit\u00e0 svolta. Il saldo sar\u00e0 erogato previa presentazione, da parte delle Associazioni e dei Comitati, di dettagliata relazione finale delle attivit\u00e0 svolte, dell\u2019elenco dei mandati conferiti completi di tutte le informazioni necessarie per l\u2019individuazione dei singoli cittadini destinatari dei contributi, della rendicontazione delle spese giudiziali legali costituite da regolari fatture emesse da studio legale o da avvocati convenzionati, nonch\u00e9 la presentazione di attestazione comprovante l\u2019iscrizione a ruolo delle cause ovvero la presentazione del ricorso all\u2019Arbitro per le Controversie Finanziarie della Consob o altro organismo arbitrale che dovesse sostituire quest\u2019ultimo, entro il termine massimo di 180 giorni dall\u2019erogazione dall\u2019acconto, pena la decadenza dell\u2019assegnazione dello stesso ed obbligo di restituzione di quanto percepito a qualsiasi titolo.<\/p>\n<p>\u201cI controlli sono quindi rigorosi ed efficaci \u2013 conclude l\u2019assessore \u2013 a garanzia del contribuente pubblico e a tutela dei risparmiatori e della finalit\u00e0 solidaristica dell\u2019iniziativa\u201d.<\/p>\n<p>&nbsp;<\/p>","protected":false},"excerpt":{"rendered":"<p>\u201cChe sia chiaro: i controlli sono ferrei perch\u00e9 nemmeno un euro del fondo di solidariet\u00e0 per le vittime dei crack bancari vada speso in modo indebito o a fini di lucro. Il fondo \u00e8 stato istituito per aiutare i cittadini pi\u00f9 in difficolt\u00e0 e pi\u00f9 deboli tra gli 80 mila veneti coinvolti dal dissesto di [&hellip;]<\/p>\n","protected":false},"author":2,"featured_media":0,"comment_status":"closed","ping_status":"open","sticky":false,"template":"","format":"standard","meta":{"footnotes":""},"categories":[5,26],"tags":[],"class_list":["post-107366","post","type-post","status-publish","format-standard","category-cronaca","category-prima-pagina"],"yoast_head":"<!-- This site is optimized with the Yoast SEO plugin v28.4 - https:\/\/yoast.com\/product\/yoast-seo-wordpress\/ -->\n<title>Banche. Assessore Lanzarin: &quot;Controlli ferrei su associazioni e comitati di assistenza. Il contributo sociale per la tutela legale \u00e8 cosa diversa dagli indennizzi&quot; - Bellunopress - Dolomiti<\/title>\n<meta name=\"robots\" content=\"index, follow, max-snippet:-1, max-image-preview:large, max-video-preview:-1\" \/>\n<link rel=\"canonical\" href=\"https:\/\/www.bellunopress.it\/fr\/2019\/08\/27\/banche-assessore-lanzarin-controlli-ferrei-su-associazioni-e-comitati-di-assistenza-il-contributo-sociale-per-la-tutela-legale-e-cosa-diversa-dagli-indennizzi\/\" \/>\n<meta property=\"og:locale\" content=\"fr_FR\" \/>\n<meta property=\"og:type\" content=\"article\" \/>\n<meta property=\"og:title\" content=\"Banche. Assessore Lanzarin: &quot;Controlli ferrei su associazioni e comitati di assistenza. Il contributo sociale per la tutela legale \u00e8 cosa diversa dagli indennizzi&quot; - Bellunopress - Dolomiti\" \/>\n<meta property=\"og:description\" content=\"\u201cChe sia chiaro: i controlli sono ferrei perch\u00e9 nemmeno un euro del fondo di solidariet\u00e0 per le vittime dei crack bancari vada speso in modo indebito o a fini di lucro. Il fondo \u00e8 stato istituito per aiutare i cittadini pi\u00f9 in difficolt\u00e0 e pi\u00f9 deboli tra gli 80 mila veneti coinvolti dal dissesto di [&hellip;]\" \/>\n<meta property=\"og:url\" content=\"https:\/\/www.bellunopress.it\/fr\/2019\/08\/27\/banche-assessore-lanzarin-controlli-ferrei-su-associazioni-e-comitati-di-assistenza-il-contributo-sociale-per-la-tutela-legale-e-cosa-diversa-dagli-indennizzi\/\" \/>\n<meta property=\"og:site_name\" content=\"Bellunopress - Dolomiti\" \/>\n<meta property=\"article:publisher\" content=\"https:\/\/www.facebook.com\/profile.php?id=100008943462799\" \/>\n<meta property=\"article:published_time\" content=\"2019-08-27T03:30:58+00:00\" \/>\n<meta property=\"article:modified_time\" content=\"2019-08-27T04:33:49+00:00\" \/>\n<meta property=\"og:image\" content=\"http:\/\/www.bellunopress.it\/wp-content\/uploads\/2016\/01\/manuela-lanzarin-assessore.jpg\" \/>\n<meta name=\"author\" content=\"redazione\" \/>\n<meta name=\"twitter:card\" content=\"summary_large_image\" \/>\n<meta name=\"twitter:creator\" content=\"@bellunopress\" \/>\n<meta name=\"twitter:site\" content=\"@bellunopress\" \/>\n<meta name=\"twitter:label1\" content=\"\u00c9crit par\" \/>\n\t<meta name=\"twitter:data1\" content=\"redazione\" \/>\n\t<meta name=\"twitter:label2\" content=\"Dur\u00e9e de lecture estim\u00e9e\" \/>\n\t<meta name=\"twitter:data2\" content=\"4 minutes\" \/>\n<script type=\"application\/ld+json\" class=\"yoast-schema-graph\">{\"@context\":\"https:\\\/\\\/schema.org\",\"@graph\":[{\"@type\":\"Article\",\"@id\":\"https:\\\/\\\/www.bellunopress.it\\\/2019\\\/08\\\/27\\\/banche-assessore-lanzarin-controlli-ferrei-su-associazioni-e-comitati-di-assistenza-il-contributo-sociale-per-la-tutela-legale-e-cosa-diversa-dagli-indennizzi\\\/#article\",\"isPartOf\":{\"@id\":\"https:\\\/\\\/www.bellunopress.it\\\/2019\\\/08\\\/27\\\/banche-assessore-lanzarin-controlli-ferrei-su-associazioni-e-comitati-di-assistenza-il-contributo-sociale-per-la-tutela-legale-e-cosa-diversa-dagli-indennizzi\\\/\"},\"author\":{\"name\":\"redazione\",\"@id\":\"https:\\\/\\\/www.bellunopress.it\\\/#\\\/schema\\\/person\\\/79bb06722b37ece1c03d3e94beb30d73\"},\"headline\":\"Banche. Assessore Lanzarin: &#8220;Controlli ferrei su associazioni e comitati di assistenza. Il contributo sociale per la tutela legale \u00e8 cosa diversa dagli indennizzi&#8221;\",\"datePublished\":\"2019-08-27T03:30:58+00:00\",\"dateModified\":\"2019-08-27T04:33:49+00:00\",\"mainEntityOfPage\":{\"@id\":\"https:\\\/\\\/www.bellunopress.it\\\/2019\\\/08\\\/27\\\/banche-assessore-lanzarin-controlli-ferrei-su-associazioni-e-comitati-di-assistenza-il-contributo-sociale-per-la-tutela-legale-e-cosa-diversa-dagli-indennizzi\\\/\"},\"wordCount\":841,\"publisher\":{\"@id\":\"https:\\\/\\\/www.bellunopress.it\\\/#organization\"},\"image\":{\"@id\":\"https:\\\/\\\/www.bellunopress.it\\\/2019\\\/08\\\/27\\\/banche-assessore-lanzarin-controlli-ferrei-su-associazioni-e-comitati-di-assistenza-il-contributo-sociale-per-la-tutela-legale-e-cosa-diversa-dagli-indennizzi\\\/#primaryimage\"},\"thumbnailUrl\":\"http:\\\/\\\/www.bellunopress.it\\\/wp-content\\\/uploads\\\/2016\\\/01\\\/manuela-lanzarin-assessore.jpg\",\"articleSection\":[\"Cronaca\\\/Politica\",\"Prima Pagina\"],\"inLanguage\":\"fr-FR\"},{\"@type\":\"WebPage\",\"@id\":\"https:\\\/\\\/www.bellunopress.it\\\/2019\\\/08\\\/27\\\/banche-assessore-lanzarin-controlli-ferrei-su-associazioni-e-comitati-di-assistenza-il-contributo-sociale-per-la-tutela-legale-e-cosa-diversa-dagli-indennizzi\\\/\",\"url\":\"https:\\\/\\\/www.bellunopress.it\\\/2019\\\/08\\\/27\\\/banche-assessore-lanzarin-controlli-ferrei-su-associazioni-e-comitati-di-assistenza-il-contributo-sociale-per-la-tutela-legale-e-cosa-diversa-dagli-indennizzi\\\/\",\"name\":\"Banche. Assessore Lanzarin: \\\"Controlli ferrei su associazioni e comitati di assistenza. Il contributo sociale per la tutela legale \u00e8 cosa diversa dagli indennizzi\\\" - Bellunopress - Dolomiti\",\"isPartOf\":{\"@id\":\"https:\\\/\\\/www.bellunopress.it\\\/#website\"},\"primaryImageOfPage\":{\"@id\":\"https:\\\/\\\/www.bellunopress.it\\\/2019\\\/08\\\/27\\\/banche-assessore-lanzarin-controlli-ferrei-su-associazioni-e-comitati-di-assistenza-il-contributo-sociale-per-la-tutela-legale-e-cosa-diversa-dagli-indennizzi\\\/#primaryimage\"},\"image\":{\"@id\":\"https:\\\/\\\/www.bellunopress.it\\\/2019\\\/08\\\/27\\\/banche-assessore-lanzarin-controlli-ferrei-su-associazioni-e-comitati-di-assistenza-il-contributo-sociale-per-la-tutela-legale-e-cosa-diversa-dagli-indennizzi\\\/#primaryimage\"},\"thumbnailUrl\":\"http:\\\/\\\/www.bellunopress.it\\\/wp-content\\\/uploads\\\/2016\\\/01\\\/manuela-lanzarin-assessore.jpg\",\"datePublished\":\"2019-08-27T03:30:58+00:00\",\"dateModified\":\"2019-08-27T04:33:49+00:00\",\"breadcrumb\":{\"@id\":\"https:\\\/\\\/www.bellunopress.it\\\/2019\\\/08\\\/27\\\/banche-assessore-lanzarin-controlli-ferrei-su-associazioni-e-comitati-di-assistenza-il-contributo-sociale-per-la-tutela-legale-e-cosa-diversa-dagli-indennizzi\\\/#breadcrumb\"},\"inLanguage\":\"fr-FR\",\"potentialAction\":[{\"@type\":\"ReadAction\",\"target\":[\"https:\\\/\\\/www.bellunopress.it\\\/2019\\\/08\\\/27\\\/banche-assessore-lanzarin-controlli-ferrei-su-associazioni-e-comitati-di-assistenza-il-contributo-sociale-per-la-tutela-legale-e-cosa-diversa-dagli-indennizzi\\\/\"]}]},{\"@type\":\"ImageObject\",\"inLanguage\":\"fr-FR\",\"@id\":\"https:\\\/\\\/www.bellunopress.it\\\/2019\\\/08\\\/27\\\/banche-assessore-lanzarin-controlli-ferrei-su-associazioni-e-comitati-di-assistenza-il-contributo-sociale-per-la-tutela-legale-e-cosa-diversa-dagli-indennizzi\\\/#primaryimage\",\"url\":\"http:\\\/\\\/www.bellunopress.it\\\/wp-content\\\/uploads\\\/2016\\\/01\\\/manuela-lanzarin-assessore.jpg\",\"contentUrl\":\"http:\\\/\\\/www.bellunopress.it\\\/wp-content\\\/uploads\\\/2016\\\/01\\\/manuela-lanzarin-assessore.jpg\"},{\"@type\":\"BreadcrumbList\",\"@id\":\"https:\\\/\\\/www.bellunopress.it\\\/2019\\\/08\\\/27\\\/banche-assessore-lanzarin-controlli-ferrei-su-associazioni-e-comitati-di-assistenza-il-contributo-sociale-per-la-tutela-legale-e-cosa-diversa-dagli-indennizzi\\\/#breadcrumb\",\"itemListElement\":[{\"@type\":\"ListItem\",\"position\":1,\"name\":\"Home\",\"item\":\"https:\\\/\\\/www.bellunopress.it\\\/\"},{\"@type\":\"ListItem\",\"position\":2,\"name\":\"Banche. Assessore Lanzarin: &#8220;Controlli ferrei su associazioni e comitati di assistenza. Il contributo sociale per la tutela legale \u00e8 cosa diversa dagli indennizzi&#8221;\"}]},{\"@type\":\"WebSite\",\"@id\":\"https:\\\/\\\/www.bellunopress.it\\\/#website\",\"url\":\"https:\\\/\\\/www.bellunopress.it\\\/\",\"name\":\"Bellunopress - Dolomiti\",\"description\":\"e-mail: redazione@bellunopress.it\",\"publisher\":{\"@id\":\"https:\\\/\\\/www.bellunopress.it\\\/#organization\"},\"potentialAction\":[{\"@type\":\"SearchAction\",\"target\":{\"@type\":\"EntryPoint\",\"urlTemplate\":\"https:\\\/\\\/www.bellunopress.it\\\/?s={search_term_string}\"},\"query-input\":{\"@type\":\"PropertyValueSpecification\",\"valueRequired\":true,\"valueName\":\"search_term_string\"}}],\"inLanguage\":\"fr-FR\"},{\"@type\":\"Organization\",\"@id\":\"https:\\\/\\\/www.bellunopress.it\\\/#organization\",\"name\":\"Bellunopress\",\"url\":\"https:\\\/\\\/www.bellunopress.it\\\/\",\"logo\":{\"@type\":\"ImageObject\",\"inLanguage\":\"fr-FR\",\"@id\":\"https:\\\/\\\/www.bellunopress.it\\\/#\\\/schema\\\/logo\\\/image\\\/\",\"url\":\"https:\\\/\\\/www.bellunopress.it\\\/wp-content\\\/uploads\\\/2011\\\/05\\\/cropped-logo-bellunopress-.jpg\",\"contentUrl\":\"https:\\\/\\\/www.bellunopress.it\\\/wp-content\\\/uploads\\\/2011\\\/05\\\/cropped-logo-bellunopress-.jpg\",\"width\":512,\"height\":512,\"caption\":\"Bellunopress\"},\"image\":{\"@id\":\"https:\\\/\\\/www.bellunopress.it\\\/#\\\/schema\\\/logo\\\/image\\\/\"},\"sameAs\":[\"https:\\\/\\\/www.facebook.com\\\/profile.php?id=100008943462799\",\"https:\\\/\\\/x.com\\\/bellunopress\",\"https:\\\/\\\/www.linkedin.com\\\/hp\\\/?dnr=JBzUWaJfMUw8vbXJJ2tVW5-I3jZKvC4wsoxE&amp;amp;amp;amp;amp;amp;trk=nav_responsive_tab_home\",\"https:\\\/\\\/www.youtube.com\\\/channel\\\/UCxL0wu1uN0_3_7hGG0306cw\"]},{\"@type\":\"Person\",\"@id\":\"https:\\\/\\\/www.bellunopress.it\\\/#\\\/schema\\\/person\\\/79bb06722b37ece1c03d3e94beb30d73\",\"name\":\"redazione\",\"image\":{\"@type\":\"ImageObject\",\"inLanguage\":\"fr-FR\",\"@id\":\"https:\\\/\\\/secure.gravatar.com\\\/avatar\\\/37d968a2e67a6fd04c169c4bdef102d0bc5d31b2546345219e348575eb80e9a0?s=96&d=mm&r=g\",\"url\":\"https:\\\/\\\/secure.gravatar.com\\\/avatar\\\/37d968a2e67a6fd04c169c4bdef102d0bc5d31b2546345219e348575eb80e9a0?s=96&d=mm&r=g\",\"contentUrl\":\"https:\\\/\\\/secure.gravatar.com\\\/avatar\\\/37d968a2e67a6fd04c169c4bdef102d0bc5d31b2546345219e348575eb80e9a0?s=96&d=mm&r=g\",\"caption\":\"redazione\"},\"sameAs\":[\"http:\\\/\\\/www.bellunopress.it\",\"https:\\\/\\\/x.com\\\/bellunopress\"],\"url\":\"https:\\\/\\\/www.bellunopress.it\\\/fr\\\/author\\\/redazione\\\/\"}]}<\/script>\n<!-- \/ Yoast SEO plugin. -->","yoast_head_json":{"title":"Banche. Assessore Lanzarin: \"Controlli ferrei su associazioni e comitati di assistenza. Il contributo sociale per la tutela legale \u00e8 cosa diversa dagli indennizzi\" - Bellunopress - Dolomiti","robots":{"index":"index","follow":"follow","max-snippet":"max-snippet:-1","max-image-preview":"max-image-preview:large","max-video-preview":"max-video-preview:-1"},"canonical":"https:\/\/www.bellunopress.it\/fr\/2019\/08\/27\/banche-assessore-lanzarin-controlli-ferrei-su-associazioni-e-comitati-di-assistenza-il-contributo-sociale-per-la-tutela-legale-e-cosa-diversa-dagli-indennizzi\/","og_locale":"fr_FR","og_type":"article","og_title":"Banche. Assessore Lanzarin: \"Controlli ferrei su associazioni e comitati di assistenza. Il contributo sociale per la tutela legale \u00e8 cosa diversa dagli indennizzi\" - Bellunopress - Dolomiti","og_description":"\u201cChe sia chiaro: i controlli sono ferrei perch\u00e9 nemmeno un euro del fondo di solidariet\u00e0 per le vittime dei crack bancari vada speso in modo indebito o a fini di lucro. Il fondo \u00e8 stato istituito per aiutare i cittadini pi\u00f9 in difficolt\u00e0 e pi\u00f9 deboli tra gli 80 mila veneti coinvolti dal dissesto di [&hellip;]","og_url":"https:\/\/www.bellunopress.it\/fr\/2019\/08\/27\/banche-assessore-lanzarin-controlli-ferrei-su-associazioni-e-comitati-di-assistenza-il-contributo-sociale-per-la-tutela-legale-e-cosa-diversa-dagli-indennizzi\/","og_site_name":"Bellunopress - Dolomiti","article_publisher":"https:\/\/www.facebook.com\/profile.php?id=100008943462799","article_published_time":"2019-08-27T03:30:58+00:00","article_modified_time":"2019-08-27T04:33:49+00:00","og_image":[{"url":"http:\/\/www.bellunopress.it\/wp-content\/uploads\/2016\/01\/manuela-lanzarin-assessore.jpg","type":"","width":"","height":""}],"author":"redazione","twitter_card":"summary_large_image","twitter_creator":"@bellunopress","twitter_site":"@bellunopress","twitter_misc":{"\u00c9crit par":"redazione","Dur\u00e9e de lecture estim\u00e9e":"4 minutes"},"schema":{"@context":"https:\/\/schema.org","@graph":[{"@type":"Article","@id":"https:\/\/www.bellunopress.it\/2019\/08\/27\/banche-assessore-lanzarin-controlli-ferrei-su-associazioni-e-comitati-di-assistenza-il-contributo-sociale-per-la-tutela-legale-e-cosa-diversa-dagli-indennizzi\/#article","isPartOf":{"@id":"https:\/\/www.bellunopress.it\/2019\/08\/27\/banche-assessore-lanzarin-controlli-ferrei-su-associazioni-e-comitati-di-assistenza-il-contributo-sociale-per-la-tutela-legale-e-cosa-diversa-dagli-indennizzi\/"},"author":{"name":"redazione","@id":"https:\/\/www.bellunopress.it\/#\/schema\/person\/79bb06722b37ece1c03d3e94beb30d73"},"headline":"Banche. Assessore Lanzarin: &#8220;Controlli ferrei su associazioni e comitati di assistenza. Il contributo sociale per la tutela legale \u00e8 cosa diversa dagli indennizzi&#8221;","datePublished":"2019-08-27T03:30:58+00:00","dateModified":"2019-08-27T04:33:49+00:00","mainEntityOfPage":{"@id":"https:\/\/www.bellunopress.it\/2019\/08\/27\/banche-assessore-lanzarin-controlli-ferrei-su-associazioni-e-comitati-di-assistenza-il-contributo-sociale-per-la-tutela-legale-e-cosa-diversa-dagli-indennizzi\/"},"wordCount":841,"publisher":{"@id":"https:\/\/www.bellunopress.it\/#organization"},"image":{"@id":"https:\/\/www.bellunopress.it\/2019\/08\/27\/banche-assessore-lanzarin-controlli-ferrei-su-associazioni-e-comitati-di-assistenza-il-contributo-sociale-per-la-tutela-legale-e-cosa-diversa-dagli-indennizzi\/#primaryimage"},"thumbnailUrl":"http:\/\/www.bellunopress.it\/wp-content\/uploads\/2016\/01\/manuela-lanzarin-assessore.jpg","articleSection":["Cronaca\/Politica","Prima Pagina"],"inLanguage":"fr-FR"},{"@type":"WebPage","@id":"https:\/\/www.bellunopress.it\/2019\/08\/27\/banche-assessore-lanzarin-controlli-ferrei-su-associazioni-e-comitati-di-assistenza-il-contributo-sociale-per-la-tutela-legale-e-cosa-diversa-dagli-indennizzi\/","url":"https:\/\/www.bellunopress.it\/2019\/08\/27\/banche-assessore-lanzarin-controlli-ferrei-su-associazioni-e-comitati-di-assistenza-il-contributo-sociale-per-la-tutela-legale-e-cosa-diversa-dagli-indennizzi\/","name":"Banche. Assessore Lanzarin: \"Controlli ferrei su associazioni e comitati di assistenza. Il contributo sociale per la tutela legale \u00e8 cosa diversa dagli indennizzi\" - Bellunopress - Dolomiti","isPartOf":{"@id":"https:\/\/www.bellunopress.it\/#website"},"primaryImageOfPage":{"@id":"https:\/\/www.bellunopress.it\/2019\/08\/27\/banche-assessore-lanzarin-controlli-ferrei-su-associazioni-e-comitati-di-assistenza-il-contributo-sociale-per-la-tutela-legale-e-cosa-diversa-dagli-indennizzi\/#primaryimage"},"image":{"@id":"https:\/\/www.bellunopress.it\/2019\/08\/27\/banche-assessore-lanzarin-controlli-ferrei-su-associazioni-e-comitati-di-assistenza-il-contributo-sociale-per-la-tutela-legale-e-cosa-diversa-dagli-indennizzi\/#primaryimage"},"thumbnailUrl":"http:\/\/www.bellunopress.it\/wp-content\/uploads\/2016\/01\/manuela-lanzarin-assessore.jpg","datePublished":"2019-08-27T03:30:58+00:00","dateModified":"2019-08-27T04:33:49+00:00","breadcrumb":{"@id":"https:\/\/www.bellunopress.it\/2019\/08\/27\/banche-assessore-lanzarin-controlli-ferrei-su-associazioni-e-comitati-di-assistenza-il-contributo-sociale-per-la-tutela-legale-e-cosa-diversa-dagli-indennizzi\/#breadcrumb"},"inLanguage":"fr-FR","potentialAction":[{"@type":"ReadAction","target":["https:\/\/www.bellunopress.it\/2019\/08\/27\/banche-assessore-lanzarin-controlli-ferrei-su-associazioni-e-comitati-di-assistenza-il-contributo-sociale-per-la-tutela-legale-e-cosa-diversa-dagli-indennizzi\/"]}]},{"@type":"ImageObject","inLanguage":"fr-FR","@id":"https:\/\/www.bellunopress.it\/2019\/08\/27\/banche-assessore-lanzarin-controlli-ferrei-su-associazioni-e-comitati-di-assistenza-il-contributo-sociale-per-la-tutela-legale-e-cosa-diversa-dagli-indennizzi\/#primaryimage","url":"http:\/\/www.bellunopress.it\/wp-content\/uploads\/2016\/01\/manuela-lanzarin-assessore.jpg","contentUrl":"http:\/\/www.bellunopress.it\/wp-content\/uploads\/2016\/01\/manuela-lanzarin-assessore.jpg"},{"@type":"BreadcrumbList","@id":"https:\/\/www.bellunopress.it\/2019\/08\/27\/banche-assessore-lanzarin-controlli-ferrei-su-associazioni-e-comitati-di-assistenza-il-contributo-sociale-per-la-tutela-legale-e-cosa-diversa-dagli-indennizzi\/#breadcrumb","itemListElement":[{"@type":"ListItem","position":1,"name":"Home","item":"https:\/\/www.bellunopress.it\/"},{"@type":"ListItem","position":2,"name":"Banche. Assessore Lanzarin: &#8220;Controlli ferrei su associazioni e comitati di assistenza. Il contributo sociale per la tutela legale \u00e8 cosa diversa dagli indennizzi&#8221;"}]},{"@type":"WebSite","@id":"https:\/\/www.bellunopress.it\/#website","url":"https:\/\/www.bellunopress.it\/","name":"Bellunopress - Dolomiti","description":"e-mail: redazione@bellunopress.it","publisher":{"@id":"https:\/\/www.bellunopress.it\/#organization"},"potentialAction":[{"@type":"SearchAction","target":{"@type":"EntryPoint","urlTemplate":"https:\/\/www.bellunopress.it\/?s={search_term_string}"},"query-input":{"@type":"PropertyValueSpecification","valueRequired":true,"valueName":"search_term_string"}}],"inLanguage":"fr-FR"},{"@type":"Organization","@id":"https:\/\/www.bellunopress.it\/#organization","name":"Bellunopress","url":"https:\/\/www.bellunopress.it\/","logo":{"@type":"ImageObject","inLanguage":"fr-FR","@id":"https:\/\/www.bellunopress.it\/#\/schema\/logo\/image\/","url":"https:\/\/www.bellunopress.it\/wp-content\/uploads\/2011\/05\/cropped-logo-bellunopress-.jpg","contentUrl":"https:\/\/www.bellunopress.it\/wp-content\/uploads\/2011\/05\/cropped-logo-bellunopress-.jpg","width":512,"height":512,"caption":"Bellunopress"},"image":{"@id":"https:\/\/www.bellunopress.it\/#\/schema\/logo\/image\/"},"sameAs":["https:\/\/www.facebook.com\/profile.php?id=100008943462799","https:\/\/x.com\/bellunopress","https:\/\/www.linkedin.com\/hp\/?dnr=JBzUWaJfMUw8vbXJJ2tVW5-I3jZKvC4wsoxE&amp;amp;amp;amp;amp;amp;trk=nav_responsive_tab_home","https:\/\/www.youtube.com\/channel\/UCxL0wu1uN0_3_7hGG0306cw"]},{"@type":"Person","@id":"https:\/\/www.bellunopress.it\/#\/schema\/person\/79bb06722b37ece1c03d3e94beb30d73","name":"r\u00e9daction","image":{"@type":"ImageObject","inLanguage":"fr-FR","@id":"https:\/\/secure.gravatar.com\/avatar\/37d968a2e67a6fd04c169c4bdef102d0bc5d31b2546345219e348575eb80e9a0?s=96&d=mm&r=g","url":"https:\/\/secure.gravatar.com\/avatar\/37d968a2e67a6fd04c169c4bdef102d0bc5d31b2546345219e348575eb80e9a0?s=96&d=mm&r=g","contentUrl":"https:\/\/secure.gravatar.com\/avatar\/37d968a2e67a6fd04c169c4bdef102d0bc5d31b2546345219e348575eb80e9a0?s=96&d=mm&r=g","caption":"redazione"},"sameAs":["http:\/\/www.bellunopress.it","https:\/\/x.com\/bellunopress"],"url":"https:\/\/www.bellunopress.it\/fr\/author\/redazione\/"}]}},"_links":{"self":[{"href":"https:\/\/www.bellunopress.it\/fr\/wp-json\/wp\/v2\/posts\/107366","targetHints":{"allow":["GET"]}}],"collection":[{"href":"https:\/\/www.bellunopress.it\/fr\/wp-json\/wp\/v2\/posts"}],"about":[{"href":"https:\/\/www.bellunopress.it\/fr\/wp-json\/wp\/v2\/types\/post"}],"author":[{"embeddable":true,"href":"https:\/\/www.bellunopress.it\/fr\/wp-json\/wp\/v2\/users\/2"}],"replies":[{"embeddable":true,"href":"https:\/\/www.bellunopress.it\/fr\/wp-json\/wp\/v2\/comments?post=107366"}],"version-history":[{"count":1,"href":"https:\/\/www.bellunopress.it\/fr\/wp-json\/wp\/v2\/posts\/107366\/revisions"}],"predecessor-version":[{"id":107367,"href":"https:\/\/www.bellunopress.it\/fr\/wp-json\/wp\/v2\/posts\/107366\/revisions\/107367"}],"wp:attachment":[{"href":"https:\/\/www.bellunopress.it\/fr\/wp-json\/wp\/v2\/media?parent=107366"}],"wp:term":[{"taxonomy":"category","embeddable":true,"href":"https:\/\/www.bellunopress.it\/fr\/wp-json\/wp\/v2\/categories?post=107366"},{"taxonomy":"post_tag","embeddable":true,"href":"https:\/\/www.bellunopress.it\/fr\/wp-json\/wp\/v2\/tags?post=107366"}],"curies":[{"name":"wp","href":"https:\/\/api.w.org\/{rel}","templated":true}]}}