{"id":107360,"date":"2019-08-26T23:31:59","date_gmt":"2019-08-26T21:31:59","guid":{"rendered":"http:\/\/www.bellunopress.it\/?p=107360"},"modified":"2019-08-26T23:31:59","modified_gmt":"2019-08-26T21:31:59","slug":"fondazione-incontra-san-vito-di-cadore-una-serata-per-raccontare-leffetto-cortina-2021","status":"publish","type":"post","link":"https:\/\/www.bellunopress.it\/fr\/2019\/08\/26\/fondazione-incontra-san-vito-di-cadore-una-serata-per-raccontare-leffetto-cortina-2021\/","title":{"rendered":"Fondazione incontra San Vito di Cadore. Una serata per raccontare l\u2019effetto Cortina 2021"},"content":{"rendered":"<p><strong>Continua il roadshow per raccontare le ricadute positive dei Campionati del Mondo sul territorio. Appuntamento marted\u00ec 3 settembre ore 21.00 presso la Sala Polifunzionale E. De Lotto<\/strong><\/p>\n<p><a href=\"http:\/\/www.bellunopress.it\/fr\/2016\/07\/19\/formalizzato-alla-fondazione-cortina-2021-ruolo-comitato-organizzatore-dei-campionati-mondiali-sci-alpino-nominati-federico-caner-roberto-bortoluzzi-loretta-piroia-nel-comitato-esecutivo\/cortina-2021\/\" rel=\"attachment wp-att-79286\"><img loading=\"lazy\" decoding=\"async\" class=\"alignleft size-full wp-image-79286\" src=\"http:\/\/www.bellunopress.it\/wp-content\/uploads\/2016\/07\/cortina-2021.png\" alt=\"\" width=\"280\" height=\"199\" \/><\/a>\u00c8 San Vito di Cadore la terza tappa del roadshow promosso da Fondazione Cortina 2021 per illustrare alla cittadinanza le grandi trasformazioni che stanno coinvolgendo tutto il territorio dolomitico e la provincia bellunese in vista dei prossimi Campionati del Mondo di sci alpino, anche al di fuori di Cortina d\u2019Ampezzo.<br \/>\nL\u2019appuntamento \u00e8 per marted\u00ec 3 settembre, alle ore 21.00, presso la Sala Polifunzionale E. De Lotto, per una serata durante la quale interverranno Gianpietro Ghedina, Sindaco di Cortina d\u2019Ampezzo e Valerio Giacobbi, Amministratore Delegato di Fondazione Cortina 2021, introdotti dal Sindaco di San Vito di Cadore, Franco De Bon. Quello di San Vito sar\u00e0 il terzo incontro organizzato da Fondazione per incontrare il territorio, in un autentico tour che ha gi\u00e0 fatto tappa a Selva di Cadore (24 luglio) e a Pieve di Cadore (25 luglio).<br \/>\nSar\u00e0 l\u2019occasione per coinvolgere la cittadinanza e condividere con stakeholder e Amministrazioni locali le opportunit\u00e0 legate al grande progetto di Cortina 2021. Sono tantissime, infatti, le novit\u00e0 che stanno interessando le Dolomiti e la montagna veneta in questi anni di avvicinamento al traguardo iridato: investimenti pubblici e privati, nuove infrastrutture, soluzioni innovative e sostenibili per la viabilit\u00e0, ma anche un forte rinnovamento dell\u2019hospitality e una nuova attenzione internazionale verso questo straordinario territorio.<br \/>\n\u00c8 l\u2019effetto Cortina 2021, un insieme di opere, innovazioni, trasformazioni che sono state innescate dal grande obiettivo dei prossimi Campionati del Mondo, ma che resteranno come legacy materiale duratura anche dopo l\u2019evento iridato: un patrimonio di impianti e infrastrutture che sar\u00e0 funzionale anche per ospitare i Giochi olimpici invernali di Milano-Cortina 2026. Accanto a tutto questo, l\u2019organizzazione del grande appuntamento sportivo sta richiamando sul territorio professionalit\u00e0 e know-how, sta formando giovani talenti e continua a creare lavoro qualificato: un\u2019eredit\u00e0 immateriale che porta nuovo sviluppo economico e sociale a beneficio delle comunit\u00e0 locali.<br \/>\nFondazione Cortina 2021 svolge cos\u00ec il proprio ruolo di facilitatore delle reti territoriali esistenti e di promotore di partnership a favore di tutto territorio, in un\u2019onda lunga che sar\u00e0 funzionale a un ulteriore sviluppo turistico e valorizzazione di tutte le Dolomiti.<\/p>","protected":false},"excerpt":{"rendered":"<p>Continua il roadshow per raccontare le ricadute positive dei Campionati del Mondo sul territorio. Appuntamento marted\u00ec 3 settembre ore 21.00 presso la Sala Polifunzionale E. De Lotto \u00c8 San Vito di Cadore la terza tappa del roadshow promosso da Fondazione Cortina 2021 per illustrare alla cittadinanza le grandi trasformazioni che stanno coinvolgendo tutto il territorio [&hellip;]<\/p>\n","protected":false},"author":2,"featured_media":0,"comment_status":"closed","ping_status":"open","sticky":false,"template":"","format":"standard","meta":{"footnotes":""},"categories":[27,26,4],"tags":[],"class_list":["post-107360","post","type-post","status-publish","format-standard","category-appuntamenti","category-prima-pagina","category-sport"],"yoast_head":"<!-- This site is optimized with the Yoast SEO plugin v28.4 - https:\/\/yoast.com\/product\/yoast-seo-wordpress\/ -->\n<title>Fondazione incontra San Vito di Cadore. Una serata per raccontare l\u2019effetto Cortina 2021 - Bellunopress - Dolomiti<\/title>\n<meta name=\"robots\" content=\"index, follow, max-snippet:-1, max-image-preview:large, max-video-preview:-1\" \/>\n<link rel=\"canonical\" href=\"https:\/\/www.bellunopress.it\/fr\/2019\/08\/26\/fondazione-incontra-san-vito-di-cadore-una-serata-per-raccontare-leffetto-cortina-2021\/\" \/>\n<meta property=\"og:locale\" content=\"fr_FR\" \/>\n<meta property=\"og:type\" content=\"article\" \/>\n<meta property=\"og:title\" content=\"Fondazione incontra San Vito di Cadore. Una serata per raccontare l\u2019effetto Cortina 2021 - Bellunopress - Dolomiti\" \/>\n<meta property=\"og:description\" content=\"Continua il roadshow per raccontare le ricadute positive dei Campionati del Mondo sul territorio. Appuntamento marted\u00ec 3 settembre ore 21.00 presso la Sala Polifunzionale E. De Lotto \u00c8 San Vito di Cadore la terza tappa del roadshow promosso da Fondazione Cortina 2021 per illustrare alla cittadinanza le grandi trasformazioni che stanno coinvolgendo tutto il territorio [&hellip;]\" \/>\n<meta property=\"og:url\" content=\"https:\/\/www.bellunopress.it\/fr\/2019\/08\/26\/fondazione-incontra-san-vito-di-cadore-una-serata-per-raccontare-leffetto-cortina-2021\/\" \/>\n<meta property=\"og:site_name\" content=\"Bellunopress - Dolomiti\" \/>\n<meta property=\"article:publisher\" content=\"https:\/\/www.facebook.com\/profile.php?id=100008943462799\" \/>\n<meta property=\"article:published_time\" content=\"2019-08-26T21:31:59+00:00\" \/>\n<meta property=\"og:image\" content=\"http:\/\/www.bellunopress.it\/wp-content\/uploads\/2016\/07\/cortina-2021.png\" \/>\n<meta name=\"author\" content=\"redazione\" \/>\n<meta name=\"twitter:card\" content=\"summary_large_image\" \/>\n<meta name=\"twitter:creator\" content=\"@bellunopress\" \/>\n<meta name=\"twitter:site\" content=\"@bellunopress\" \/>\n<meta name=\"twitter:label1\" content=\"\u00c9crit par\" \/>\n\t<meta name=\"twitter:data1\" content=\"redazione\" \/>\n\t<meta name=\"twitter:label2\" content=\"Dur\u00e9e de lecture estim\u00e9e\" \/>\n\t<meta name=\"twitter:data2\" content=\"2 minutes\" \/>\n<script type=\"application\/ld+json\" class=\"yoast-schema-graph\">{\"@context\":\"https:\\\/\\\/schema.org\",\"@graph\":[{\"@type\":\"Article\",\"@id\":\"https:\\\/\\\/www.bellunopress.it\\\/2019\\\/08\\\/26\\\/fondazione-incontra-san-vito-di-cadore-una-serata-per-raccontare-leffetto-cortina-2021\\\/#article\",\"isPartOf\":{\"@id\":\"https:\\\/\\\/www.bellunopress.it\\\/2019\\\/08\\\/26\\\/fondazione-incontra-san-vito-di-cadore-una-serata-per-raccontare-leffetto-cortina-2021\\\/\"},\"author\":{\"name\":\"redazione\",\"@id\":\"https:\\\/\\\/www.bellunopress.it\\\/#\\\/schema\\\/person\\\/79bb06722b37ece1c03d3e94beb30d73\"},\"headline\":\"Fondazione incontra San Vito di Cadore. Una serata per raccontare l\u2019effetto Cortina 2021\",\"datePublished\":\"2019-08-26T21:31:59+00:00\",\"mainEntityOfPage\":{\"@id\":\"https:\\\/\\\/www.bellunopress.it\\\/2019\\\/08\\\/26\\\/fondazione-incontra-san-vito-di-cadore-una-serata-per-raccontare-leffetto-cortina-2021\\\/\"},\"wordCount\":376,\"publisher\":{\"@id\":\"https:\\\/\\\/www.bellunopress.it\\\/#organization\"},\"image\":{\"@id\":\"https:\\\/\\\/www.bellunopress.it\\\/2019\\\/08\\\/26\\\/fondazione-incontra-san-vito-di-cadore-una-serata-per-raccontare-leffetto-cortina-2021\\\/#primaryimage\"},\"thumbnailUrl\":\"http:\\\/\\\/www.bellunopress.it\\\/wp-content\\\/uploads\\\/2016\\\/07\\\/cortina-2021.png\",\"articleSection\":[\"Appuntamenti, Eventi\",\"Prima Pagina\",\"Sport, tempo libero\"],\"inLanguage\":\"fr-FR\"},{\"@type\":\"WebPage\",\"@id\":\"https:\\\/\\\/www.bellunopress.it\\\/2019\\\/08\\\/26\\\/fondazione-incontra-san-vito-di-cadore-una-serata-per-raccontare-leffetto-cortina-2021\\\/\",\"url\":\"https:\\\/\\\/www.bellunopress.it\\\/2019\\\/08\\\/26\\\/fondazione-incontra-san-vito-di-cadore-una-serata-per-raccontare-leffetto-cortina-2021\\\/\",\"name\":\"Fondazione incontra San Vito di Cadore. Una serata per raccontare l\u2019effetto Cortina 2021 - Bellunopress - Dolomiti\",\"isPartOf\":{\"@id\":\"https:\\\/\\\/www.bellunopress.it\\\/#website\"},\"primaryImageOfPage\":{\"@id\":\"https:\\\/\\\/www.bellunopress.it\\\/2019\\\/08\\\/26\\\/fondazione-incontra-san-vito-di-cadore-una-serata-per-raccontare-leffetto-cortina-2021\\\/#primaryimage\"},\"image\":{\"@id\":\"https:\\\/\\\/www.bellunopress.it\\\/2019\\\/08\\\/26\\\/fondazione-incontra-san-vito-di-cadore-una-serata-per-raccontare-leffetto-cortina-2021\\\/#primaryimage\"},\"thumbnailUrl\":\"http:\\\/\\\/www.bellunopress.it\\\/wp-content\\\/uploads\\\/2016\\\/07\\\/cortina-2021.png\",\"datePublished\":\"2019-08-26T21:31:59+00:00\",\"breadcrumb\":{\"@id\":\"https:\\\/\\\/www.bellunopress.it\\\/2019\\\/08\\\/26\\\/fondazione-incontra-san-vito-di-cadore-una-serata-per-raccontare-leffetto-cortina-2021\\\/#breadcrumb\"},\"inLanguage\":\"fr-FR\",\"potentialAction\":[{\"@type\":\"ReadAction\",\"target\":[\"https:\\\/\\\/www.bellunopress.it\\\/2019\\\/08\\\/26\\\/fondazione-incontra-san-vito-di-cadore-una-serata-per-raccontare-leffetto-cortina-2021\\\/\"]}]},{\"@type\":\"ImageObject\",\"inLanguage\":\"fr-FR\",\"@id\":\"https:\\\/\\\/www.bellunopress.it\\\/2019\\\/08\\\/26\\\/fondazione-incontra-san-vito-di-cadore-una-serata-per-raccontare-leffetto-cortina-2021\\\/#primaryimage\",\"url\":\"http:\\\/\\\/www.bellunopress.it\\\/wp-content\\\/uploads\\\/2016\\\/07\\\/cortina-2021.png\",\"contentUrl\":\"http:\\\/\\\/www.bellunopress.it\\\/wp-content\\\/uploads\\\/2016\\\/07\\\/cortina-2021.png\"},{\"@type\":\"BreadcrumbList\",\"@id\":\"https:\\\/\\\/www.bellunopress.it\\\/2019\\\/08\\\/26\\\/fondazione-incontra-san-vito-di-cadore-una-serata-per-raccontare-leffetto-cortina-2021\\\/#breadcrumb\",\"itemListElement\":[{\"@type\":\"ListItem\",\"position\":1,\"name\":\"Home\",\"item\":\"https:\\\/\\\/www.bellunopress.it\\\/\"},{\"@type\":\"ListItem\",\"position\":2,\"name\":\"Fondazione incontra San Vito di Cadore. Una serata per raccontare l\u2019effetto Cortina 2021\"}]},{\"@type\":\"WebSite\",\"@id\":\"https:\\\/\\\/www.bellunopress.it\\\/#website\",\"url\":\"https:\\\/\\\/www.bellunopress.it\\\/\",\"name\":\"Bellunopress - Dolomiti\",\"description\":\"e-mail: redazione@bellunopress.it\",\"publisher\":{\"@id\":\"https:\\\/\\\/www.bellunopress.it\\\/#organization\"},\"potentialAction\":[{\"@type\":\"SearchAction\",\"target\":{\"@type\":\"EntryPoint\",\"urlTemplate\":\"https:\\\/\\\/www.bellunopress.it\\\/?s={search_term_string}\"},\"query-input\":{\"@type\":\"PropertyValueSpecification\",\"valueRequired\":true,\"valueName\":\"search_term_string\"}}],\"inLanguage\":\"fr-FR\"},{\"@type\":\"Organization\",\"@id\":\"https:\\\/\\\/www.bellunopress.it\\\/#organization\",\"name\":\"Bellunopress\",\"url\":\"https:\\\/\\\/www.bellunopress.it\\\/\",\"logo\":{\"@type\":\"ImageObject\",\"inLanguage\":\"fr-FR\",\"@id\":\"https:\\\/\\\/www.bellunopress.it\\\/#\\\/schema\\\/logo\\\/image\\\/\",\"url\":\"https:\\\/\\\/www.bellunopress.it\\\/wp-content\\\/uploads\\\/2011\\\/05\\\/cropped-logo-bellunopress-.jpg\",\"contentUrl\":\"https:\\\/\\\/www.bellunopress.it\\\/wp-content\\\/uploads\\\/2011\\\/05\\\/cropped-logo-bellunopress-.jpg\",\"width\":512,\"height\":512,\"caption\":\"Bellunopress\"},\"image\":{\"@id\":\"https:\\\/\\\/www.bellunopress.it\\\/#\\\/schema\\\/logo\\\/image\\\/\"},\"sameAs\":[\"https:\\\/\\\/www.facebook.com\\\/profile.php?id=100008943462799\",\"https:\\\/\\\/x.com\\\/bellunopress\",\"https:\\\/\\\/www.linkedin.com\\\/hp\\\/?dnr=JBzUWaJfMUw8vbXJJ2tVW5-I3jZKvC4wsoxE&amp;amp;amp;amp;amp;amp;trk=nav_responsive_tab_home\",\"https:\\\/\\\/www.youtube.com\\\/channel\\\/UCxL0wu1uN0_3_7hGG0306cw\"]},{\"@type\":\"Person\",\"@id\":\"https:\\\/\\\/www.bellunopress.it\\\/#\\\/schema\\\/person\\\/79bb06722b37ece1c03d3e94beb30d73\",\"name\":\"redazione\",\"image\":{\"@type\":\"ImageObject\",\"inLanguage\":\"fr-FR\",\"@id\":\"https:\\\/\\\/secure.gravatar.com\\\/avatar\\\/37d968a2e67a6fd04c169c4bdef102d0bc5d31b2546345219e348575eb80e9a0?s=96&d=mm&r=g\",\"url\":\"https:\\\/\\\/secure.gravatar.com\\\/avatar\\\/37d968a2e67a6fd04c169c4bdef102d0bc5d31b2546345219e348575eb80e9a0?s=96&d=mm&r=g\",\"contentUrl\":\"https:\\\/\\\/secure.gravatar.com\\\/avatar\\\/37d968a2e67a6fd04c169c4bdef102d0bc5d31b2546345219e348575eb80e9a0?s=96&d=mm&r=g\",\"caption\":\"redazione\"},\"sameAs\":[\"http:\\\/\\\/www.bellunopress.it\",\"https:\\\/\\\/x.com\\\/bellunopress\"],\"url\":\"https:\\\/\\\/www.bellunopress.it\\\/fr\\\/author\\\/redazione\\\/\"}]}<\/script>\n<!-- \/ Yoast SEO plugin. -->","yoast_head_json":{"title":"Fondazione incontra San Vito di Cadore. Una serata per raccontare l\u2019effetto Cortina 2021 - Bellunopress - Dolomiti","robots":{"index":"index","follow":"follow","max-snippet":"max-snippet:-1","max-image-preview":"max-image-preview:large","max-video-preview":"max-video-preview:-1"},"canonical":"https:\/\/www.bellunopress.it\/fr\/2019\/08\/26\/fondazione-incontra-san-vito-di-cadore-una-serata-per-raccontare-leffetto-cortina-2021\/","og_locale":"fr_FR","og_type":"article","og_title":"Fondazione incontra San Vito di Cadore. Una serata per raccontare l\u2019effetto Cortina 2021 - Bellunopress - Dolomiti","og_description":"Continua il roadshow per raccontare le ricadute positive dei Campionati del Mondo sul territorio. Appuntamento marted\u00ec 3 settembre ore 21.00 presso la Sala Polifunzionale E. De Lotto \u00c8 San Vito di Cadore la terza tappa del roadshow promosso da Fondazione Cortina 2021 per illustrare alla cittadinanza le grandi trasformazioni che stanno coinvolgendo tutto il territorio [&hellip;]","og_url":"https:\/\/www.bellunopress.it\/fr\/2019\/08\/26\/fondazione-incontra-san-vito-di-cadore-una-serata-per-raccontare-leffetto-cortina-2021\/","og_site_name":"Bellunopress - Dolomiti","article_publisher":"https:\/\/www.facebook.com\/profile.php?id=100008943462799","article_published_time":"2019-08-26T21:31:59+00:00","og_image":[{"url":"http:\/\/www.bellunopress.it\/wp-content\/uploads\/2016\/07\/cortina-2021.png","type":"","width":"","height":""}],"author":"redazione","twitter_card":"summary_large_image","twitter_creator":"@bellunopress","twitter_site":"@bellunopress","twitter_misc":{"\u00c9crit par":"redazione","Dur\u00e9e de lecture estim\u00e9e":"2 minutes"},"schema":{"@context":"https:\/\/schema.org","@graph":[{"@type":"Article","@id":"https:\/\/www.bellunopress.it\/2019\/08\/26\/fondazione-incontra-san-vito-di-cadore-una-serata-per-raccontare-leffetto-cortina-2021\/#article","isPartOf":{"@id":"https:\/\/www.bellunopress.it\/2019\/08\/26\/fondazione-incontra-san-vito-di-cadore-una-serata-per-raccontare-leffetto-cortina-2021\/"},"author":{"name":"redazione","@id":"https:\/\/www.bellunopress.it\/#\/schema\/person\/79bb06722b37ece1c03d3e94beb30d73"},"headline":"Fondazione incontra San Vito di Cadore. Una serata per raccontare l\u2019effetto Cortina 2021","datePublished":"2019-08-26T21:31:59+00:00","mainEntityOfPage":{"@id":"https:\/\/www.bellunopress.it\/2019\/08\/26\/fondazione-incontra-san-vito-di-cadore-una-serata-per-raccontare-leffetto-cortina-2021\/"},"wordCount":376,"publisher":{"@id":"https:\/\/www.bellunopress.it\/#organization"},"image":{"@id":"https:\/\/www.bellunopress.it\/2019\/08\/26\/fondazione-incontra-san-vito-di-cadore-una-serata-per-raccontare-leffetto-cortina-2021\/#primaryimage"},"thumbnailUrl":"http:\/\/www.bellunopress.it\/wp-content\/uploads\/2016\/07\/cortina-2021.png","articleSection":["Appuntamenti, Eventi","Prima Pagina","Sport, tempo libero"],"inLanguage":"fr-FR"},{"@type":"WebPage","@id":"https:\/\/www.bellunopress.it\/2019\/08\/26\/fondazione-incontra-san-vito-di-cadore-una-serata-per-raccontare-leffetto-cortina-2021\/","url":"https:\/\/www.bellunopress.it\/2019\/08\/26\/fondazione-incontra-san-vito-di-cadore-una-serata-per-raccontare-leffetto-cortina-2021\/","name":"Fondazione incontra San Vito di Cadore. Una serata per raccontare l\u2019effetto Cortina 2021 - Bellunopress - Dolomiti","isPartOf":{"@id":"https:\/\/www.bellunopress.it\/#website"},"primaryImageOfPage":{"@id":"https:\/\/www.bellunopress.it\/2019\/08\/26\/fondazione-incontra-san-vito-di-cadore-una-serata-per-raccontare-leffetto-cortina-2021\/#primaryimage"},"image":{"@id":"https:\/\/www.bellunopress.it\/2019\/08\/26\/fondazione-incontra-san-vito-di-cadore-una-serata-per-raccontare-leffetto-cortina-2021\/#primaryimage"},"thumbnailUrl":"http:\/\/www.bellunopress.it\/wp-content\/uploads\/2016\/07\/cortina-2021.png","datePublished":"2019-08-26T21:31:59+00:00","breadcrumb":{"@id":"https:\/\/www.bellunopress.it\/2019\/08\/26\/fondazione-incontra-san-vito-di-cadore-una-serata-per-raccontare-leffetto-cortina-2021\/#breadcrumb"},"inLanguage":"fr-FR","potentialAction":[{"@type":"ReadAction","target":["https:\/\/www.bellunopress.it\/2019\/08\/26\/fondazione-incontra-san-vito-di-cadore-una-serata-per-raccontare-leffetto-cortina-2021\/"]}]},{"@type":"ImageObject","inLanguage":"fr-FR","@id":"https:\/\/www.bellunopress.it\/2019\/08\/26\/fondazione-incontra-san-vito-di-cadore-una-serata-per-raccontare-leffetto-cortina-2021\/#primaryimage","url":"http:\/\/www.bellunopress.it\/wp-content\/uploads\/2016\/07\/cortina-2021.png","contentUrl":"http:\/\/www.bellunopress.it\/wp-content\/uploads\/2016\/07\/cortina-2021.png"},{"@type":"BreadcrumbList","@id":"https:\/\/www.bellunopress.it\/2019\/08\/26\/fondazione-incontra-san-vito-di-cadore-una-serata-per-raccontare-leffetto-cortina-2021\/#breadcrumb","itemListElement":[{"@type":"ListItem","position":1,"name":"Home","item":"https:\/\/www.bellunopress.it\/"},{"@type":"ListItem","position":2,"name":"Fondazione incontra San Vito di Cadore. Una serata per raccontare l\u2019effetto Cortina 2021"}]},{"@type":"WebSite","@id":"https:\/\/www.bellunopress.it\/#website","url":"https:\/\/www.bellunopress.it\/","name":"Bellunopress - Dolomiti","description":"e-mail: redazione@bellunopress.it","publisher":{"@id":"https:\/\/www.bellunopress.it\/#organization"},"potentialAction":[{"@type":"SearchAction","target":{"@type":"EntryPoint","urlTemplate":"https:\/\/www.bellunopress.it\/?s={search_term_string}"},"query-input":{"@type":"PropertyValueSpecification","valueRequired":true,"valueName":"search_term_string"}}],"inLanguage":"fr-FR"},{"@type":"Organization","@id":"https:\/\/www.bellunopress.it\/#organization","name":"Bellunopress","url":"https:\/\/www.bellunopress.it\/","logo":{"@type":"ImageObject","inLanguage":"fr-FR","@id":"https:\/\/www.bellunopress.it\/#\/schema\/logo\/image\/","url":"https:\/\/www.bellunopress.it\/wp-content\/uploads\/2011\/05\/cropped-logo-bellunopress-.jpg","contentUrl":"https:\/\/www.bellunopress.it\/wp-content\/uploads\/2011\/05\/cropped-logo-bellunopress-.jpg","width":512,"height":512,"caption":"Bellunopress"},"image":{"@id":"https:\/\/www.bellunopress.it\/#\/schema\/logo\/image\/"},"sameAs":["https:\/\/www.facebook.com\/profile.php?id=100008943462799","https:\/\/x.com\/bellunopress","https:\/\/www.linkedin.com\/hp\/?dnr=JBzUWaJfMUw8vbXJJ2tVW5-I3jZKvC4wsoxE&amp;amp;amp;amp;amp;amp;trk=nav_responsive_tab_home","https:\/\/www.youtube.com\/channel\/UCxL0wu1uN0_3_7hGG0306cw"]},{"@type":"Person","@id":"https:\/\/www.bellunopress.it\/#\/schema\/person\/79bb06722b37ece1c03d3e94beb30d73","name":"r\u00e9daction","image":{"@type":"ImageObject","inLanguage":"fr-FR","@id":"https:\/\/secure.gravatar.com\/avatar\/37d968a2e67a6fd04c169c4bdef102d0bc5d31b2546345219e348575eb80e9a0?s=96&d=mm&r=g","url":"https:\/\/secure.gravatar.com\/avatar\/37d968a2e67a6fd04c169c4bdef102d0bc5d31b2546345219e348575eb80e9a0?s=96&d=mm&r=g","contentUrl":"https:\/\/secure.gravatar.com\/avatar\/37d968a2e67a6fd04c169c4bdef102d0bc5d31b2546345219e348575eb80e9a0?s=96&d=mm&r=g","caption":"redazione"},"sameAs":["http:\/\/www.bellunopress.it","https:\/\/x.com\/bellunopress"],"url":"https:\/\/www.bellunopress.it\/fr\/author\/redazione\/"}]}},"_links":{"self":[{"href":"https:\/\/www.bellunopress.it\/fr\/wp-json\/wp\/v2\/posts\/107360","targetHints":{"allow":["GET"]}}],"collection":[{"href":"https:\/\/www.bellunopress.it\/fr\/wp-json\/wp\/v2\/posts"}],"about":[{"href":"https:\/\/www.bellunopress.it\/fr\/wp-json\/wp\/v2\/types\/post"}],"author":[{"embeddable":true,"href":"https:\/\/www.bellunopress.it\/fr\/wp-json\/wp\/v2\/users\/2"}],"replies":[{"embeddable":true,"href":"https:\/\/www.bellunopress.it\/fr\/wp-json\/wp\/v2\/comments?post=107360"}],"version-history":[{"count":1,"href":"https:\/\/www.bellunopress.it\/fr\/wp-json\/wp\/v2\/posts\/107360\/revisions"}],"predecessor-version":[{"id":107361,"href":"https:\/\/www.bellunopress.it\/fr\/wp-json\/wp\/v2\/posts\/107360\/revisions\/107361"}],"wp:attachment":[{"href":"https:\/\/www.bellunopress.it\/fr\/wp-json\/wp\/v2\/media?parent=107360"}],"wp:term":[{"taxonomy":"category","embeddable":true,"href":"https:\/\/www.bellunopress.it\/fr\/wp-json\/wp\/v2\/categories?post=107360"},{"taxonomy":"post_tag","embeddable":true,"href":"https:\/\/www.bellunopress.it\/fr\/wp-json\/wp\/v2\/tags?post=107360"}],"curies":[{"name":"wp","href":"https:\/\/api.w.org\/{rel}","templated":true}]}}