{"id":10734,"date":"2009-12-17T12:58:30","date_gmt":"2009-12-17T11:58:30","guid":{"rendered":"http:\/\/www.bellunopress.it\/?p=10734"},"modified":"2009-12-17T12:58:30","modified_gmt":"2009-12-17T11:58:30","slug":"sviluppo-artigiano-buona-lattivita-del-2009-ma-servono-nuove-risorse","status":"publish","type":"post","link":"https:\/\/www.bellunopress.it\/fr\/2009\/12\/17\/sviluppo-artigiano-buona-lattivita-del-2009-ma-servono-nuove-risorse\/","title":{"rendered":"Sviluppo artigiano: buona l&#8217;attivit\u00e0 del 2009 ma servono nuove risorse"},"content":{"rendered":"<p><a href=\"http:\/\/www.bellunopress.it\/wp-content\/uploads\/2009\/12\/appia.jpg\"><img loading=\"lazy\" decoding=\"async\" class=\"alignleft size-medium wp-image-10735\" title=\"appia\" src=\"http:\/\/www.bellunopress.it\/wp-content\/uploads\/2009\/12\/appia.jpg\" alt=\"\" width=\"256\" height=\"192\" \/><\/a>Si \u00e8 tenuta oggi (gioved\u00ec 17 dicembre) nella sede dell\u2019APPIA &#8211; presenti il presidente, Fiorentino Da Rold\u00a0 l\u2019amministratore delegato, Mario Borin, il presidente del Comitato Tecnico d\u2019Area di Belluno, Adriano Munaro &#8211; la conferenza stampa di presentazione dell\u2019attivit\u00e0 svolta in questo 2009 da Sviluppo Artigiano, il consorzio fidi della CNA che opera in cinque province venete. In un contesto economico tutt\u2019altro che effervescente, i dati illustrati da Fiorentino Da Rold denotano\u00a0 una buona crescita della struttura, tanto in termini di numero soci, che hanno superato quota 19.000 con un incremento di\u00a0 347 nuove imprese, quanto di importi di garanzia prestati al sistema bancario. Al 30 novembre, l\u2019ammontare delle garanzie in essere ha, infatti, superato i 117 milioni, a fronte di quasi 240 milioni di operazioni creditizie con un incremento,\u00a0 rispetto al 31 dicembre 2008,\u00a0 di oltre 4 milioni di euro. A realizzare questo incremento ha contributo per oltre il 60% la sede di Belluno\u00a0 passata da 16.090.032 \u20ac a 19.086.938 \u20ac di garanzie rilasciate. \u201cPer quanto riguarda l\u2019attivit\u00e0 dei primi 11 mesi dell\u2019anno si evidenzia la notevole vivacit\u00e0 della nostra sede provinciale \u2013 ha fatto notare Adriano Munaro &#8211; che ha deliberato pratiche per un importo di \u20ac 45.184.437 su un totale regionale di \u20ac 198.253.114 e il dato\u00a0 riferito a Belluno assume ancor pi\u00f9 significato se confrontato con l\u2019importo deliberato nello stesso periodo del 2008: 21.811.683 euro\u201d. Esaminando in modo pi\u00f9 dettagliato la tipologia di linee di credito deliberate emerge in modo chiaro la bassa percentuale di finanziamenti legati a investimenti produttivi che si attesta al 7% sia come dato di Belluno che a livello aggregato. Cresce, per contro, la richiesta di finanziamenti in particolare nella meccanica, nell\u2019edilizia ed impiantistica\u00a0 per fronteggiare la carenza di liquidit\u00e0 e la necessit\u00e0 di consolidare le proprie esposizioni in una congiuntura caratterizzata da tensioni monetarie e fatturati in calo. Fatto questo che rende necessario, come sottolineato dall\u2019amministratore delegato Mario Borin, un forte impegno della Regione Veneto per patrimonializzare queste strutture consortili del credito affinch\u00e9 possano svolgere al meglio il loro lavoro anche in un 2010 che si preannuncia ancora difficile. Altro dato interessante, ricordato dalla responsabile del credito dell\u2019APPIA Sabrina Da Rin, \u00e8 il massiccio utilizzo del fondo antiusura, misura messa in campo dal governo nel 1996 per evitare il ricorso al credito clandestino spesso accompagnato da tassi di interesse a due, se non tre cifre. Se nel 2008 non c\u2019era ricorso a questo tipo di agevolazione, nel 2009 le richieste (tra breve e medio\/lungo) sono state, solo a Belluno, 23 per un importo di 3.400.000 euro. Va ricordato che\u00a0 l\u2019accesso a questo fondo permette alle aziende pi\u00f9 in difficolt\u00e0 di rivolgersi agli istituti di credito con una garanzia pari all\u201980% riducendo in tal modo il rischio della banca.\u00a0 Migliore delle aspettative il dato a consuntivo sui tempi di risposta delle banche: a livello aggregato il 77% delle pratiche deliberate viene erogato dal sistema bancario entro\u00a0 60 giorni; percentuale che sale all\u201984% per gli istituti presenti nella nostra provincia.<br \/>\nMa, come \u00e9 stato detto in conclusione dal direttore dell\u2019APPIA Maurizio Ranon, non \u00e9 sufficiente avere una buona struttura che sia in grado di supportare con garanzie adeguate le richieste delle imprese. E\u2019 necessario aumentarne le competenze finanziarie e la loro capacit\u00e0 di interloquire con il sistema bancario. E\u2019 per questo che\u00a0 dopo la predisposizione, nel 2008, di un applicativo utile a monitorare e tenere sotto controllo le condizioni applicate dalle banche \u00e9 stato realizzato, sempre con il contributo della Camera di Commercio, un nuovo software di valutazione degli equilibri economico \/ patrimoniali e finanziari che consente all\u2019imprenditore di valutare in via preventiva i fabbisogni derivanti dai processi produttivi individuando le pi\u00f9 opportune fonti di finanziamento e garantendo nel contempo un\u2019adeguata remunerazione del capitale investito.<\/p>","protected":false},"excerpt":{"rendered":"<p>Si \u00e8 tenuta oggi (gioved\u00ec 17 dicembre) nella sede dell\u2019APPIA &#8211; presenti il presidente, Fiorentino Da Rold\u00a0 l\u2019amministratore delegato, Mario Borin, il presidente del Comitato Tecnico d\u2019Area di Belluno, Adriano Munaro &#8211; la conferenza stampa di presentazione dell\u2019attivit\u00e0 svolta in questo 2009 da Sviluppo Artigiano, il consorzio fidi della CNA che opera in cinque province [&hellip;]<\/p>\n","protected":false},"author":2,"featured_media":0,"comment_status":"closed","ping_status":"open","sticky":false,"template":"","format":"standard","meta":{"footnotes":""},"categories":[36,26],"tags":[139],"class_list":["post-10734","post","type-post","status-publish","format-standard","category-lavoro-economia","category-prima-pagina","tag-belluno"],"yoast_head":"<!-- This site is optimized with the Yoast SEO plugin v28.4 - https:\/\/yoast.com\/product\/yoast-seo-wordpress\/ -->\n<title>Sviluppo artigiano: buona l&#039;attivit\u00e0 del 2009 ma servono nuove risorse  - Bellunopress - Dolomiti<\/title>\n<meta name=\"robots\" content=\"index, follow, max-snippet:-1, max-image-preview:large, max-video-preview:-1\" \/>\n<link rel=\"canonical\" href=\"https:\/\/www.bellunopress.it\/fr\/2009\/12\/17\/sviluppo-artigiano-buona-lattivita-del-2009-ma-servono-nuove-risorse\/\" \/>\n<meta property=\"og:locale\" content=\"fr_FR\" \/>\n<meta property=\"og:type\" content=\"article\" \/>\n<meta property=\"og:title\" content=\"Sviluppo artigiano: buona l&#039;attivit\u00e0 del 2009 ma servono nuove risorse  - Bellunopress - Dolomiti\" \/>\n<meta property=\"og:description\" content=\"Si \u00e8 tenuta oggi (gioved\u00ec 17 dicembre) nella sede dell\u2019APPIA &#8211; presenti il presidente, Fiorentino Da Rold\u00a0 l\u2019amministratore delegato, Mario Borin, il presidente del Comitato Tecnico d\u2019Area di Belluno, Adriano Munaro &#8211; la conferenza stampa di presentazione dell\u2019attivit\u00e0 svolta in questo 2009 da Sviluppo Artigiano, il consorzio fidi della CNA che opera in cinque province [&hellip;]\" \/>\n<meta property=\"og:url\" content=\"https:\/\/www.bellunopress.it\/fr\/2009\/12\/17\/sviluppo-artigiano-buona-lattivita-del-2009-ma-servono-nuove-risorse\/\" \/>\n<meta property=\"og:site_name\" content=\"Bellunopress - Dolomiti\" \/>\n<meta property=\"article:publisher\" content=\"https:\/\/www.facebook.com\/profile.php?id=100008943462799\" \/>\n<meta property=\"article:published_time\" content=\"2009-12-17T11:58:30+00:00\" \/>\n<meta property=\"og:image\" content=\"http:\/\/www.bellunopress.it\/wp-content\/uploads\/2009\/12\/appia.jpg\" \/>\n<meta name=\"author\" content=\"redazione\" \/>\n<meta name=\"twitter:card\" content=\"summary_large_image\" \/>\n<meta name=\"twitter:creator\" content=\"@bellunopress\" \/>\n<meta name=\"twitter:site\" content=\"@bellunopress\" \/>\n<meta name=\"twitter:label1\" content=\"\u00c9crit par\" \/>\n\t<meta name=\"twitter:data1\" content=\"redazione\" \/>\n\t<meta name=\"twitter:label2\" content=\"Dur\u00e9e de lecture estim\u00e9e\" \/>\n\t<meta name=\"twitter:data2\" content=\"3 minutes\" \/>\n<script type=\"application\/ld+json\" class=\"yoast-schema-graph\">{\"@context\":\"https:\\\/\\\/schema.org\",\"@graph\":[{\"@type\":\"Article\",\"@id\":\"https:\\\/\\\/www.bellunopress.it\\\/2009\\\/12\\\/17\\\/sviluppo-artigiano-buona-lattivita-del-2009-ma-servono-nuove-risorse\\\/#article\",\"isPartOf\":{\"@id\":\"https:\\\/\\\/www.bellunopress.it\\\/2009\\\/12\\\/17\\\/sviluppo-artigiano-buona-lattivita-del-2009-ma-servono-nuove-risorse\\\/\"},\"author\":{\"name\":\"redazione\",\"@id\":\"https:\\\/\\\/www.bellunopress.it\\\/#\\\/schema\\\/person\\\/79bb06722b37ece1c03d3e94beb30d73\"},\"headline\":\"Sviluppo artigiano: buona l&#8217;attivit\u00e0 del 2009 ma servono nuove risorse\",\"datePublished\":\"2009-12-17T11:58:30+00:00\",\"mainEntityOfPage\":{\"@id\":\"https:\\\/\\\/www.bellunopress.it\\\/2009\\\/12\\\/17\\\/sviluppo-artigiano-buona-lattivita-del-2009-ma-servono-nuove-risorse\\\/\"},\"wordCount\":610,\"publisher\":{\"@id\":\"https:\\\/\\\/www.bellunopress.it\\\/#organization\"},\"image\":{\"@id\":\"https:\\\/\\\/www.bellunopress.it\\\/2009\\\/12\\\/17\\\/sviluppo-artigiano-buona-lattivita-del-2009-ma-servono-nuove-risorse\\\/#primaryimage\"},\"thumbnailUrl\":\"http:\\\/\\\/www.bellunopress.it\\\/wp-content\\\/uploads\\\/2009\\\/12\\\/appia.jpg\",\"keywords\":[\"Belluno\"],\"articleSection\":[\"Lavoro, Economia, Turismo\",\"Prima Pagina\"],\"inLanguage\":\"fr-FR\"},{\"@type\":\"WebPage\",\"@id\":\"https:\\\/\\\/www.bellunopress.it\\\/2009\\\/12\\\/17\\\/sviluppo-artigiano-buona-lattivita-del-2009-ma-servono-nuove-risorse\\\/\",\"url\":\"https:\\\/\\\/www.bellunopress.it\\\/2009\\\/12\\\/17\\\/sviluppo-artigiano-buona-lattivita-del-2009-ma-servono-nuove-risorse\\\/\",\"name\":\"Sviluppo artigiano: buona l'attivit\u00e0 del 2009 ma servono nuove risorse - Bellunopress - Dolomiti\",\"isPartOf\":{\"@id\":\"https:\\\/\\\/www.bellunopress.it\\\/#website\"},\"primaryImageOfPage\":{\"@id\":\"https:\\\/\\\/www.bellunopress.it\\\/2009\\\/12\\\/17\\\/sviluppo-artigiano-buona-lattivita-del-2009-ma-servono-nuove-risorse\\\/#primaryimage\"},\"image\":{\"@id\":\"https:\\\/\\\/www.bellunopress.it\\\/2009\\\/12\\\/17\\\/sviluppo-artigiano-buona-lattivita-del-2009-ma-servono-nuove-risorse\\\/#primaryimage\"},\"thumbnailUrl\":\"http:\\\/\\\/www.bellunopress.it\\\/wp-content\\\/uploads\\\/2009\\\/12\\\/appia.jpg\",\"datePublished\":\"2009-12-17T11:58:30+00:00\",\"breadcrumb\":{\"@id\":\"https:\\\/\\\/www.bellunopress.it\\\/2009\\\/12\\\/17\\\/sviluppo-artigiano-buona-lattivita-del-2009-ma-servono-nuove-risorse\\\/#breadcrumb\"},\"inLanguage\":\"fr-FR\",\"potentialAction\":[{\"@type\":\"ReadAction\",\"target\":[\"https:\\\/\\\/www.bellunopress.it\\\/2009\\\/12\\\/17\\\/sviluppo-artigiano-buona-lattivita-del-2009-ma-servono-nuove-risorse\\\/\"]}]},{\"@type\":\"ImageObject\",\"inLanguage\":\"fr-FR\",\"@id\":\"https:\\\/\\\/www.bellunopress.it\\\/2009\\\/12\\\/17\\\/sviluppo-artigiano-buona-lattivita-del-2009-ma-servono-nuove-risorse\\\/#primaryimage\",\"url\":\"http:\\\/\\\/www.bellunopress.it\\\/wp-content\\\/uploads\\\/2009\\\/12\\\/appia.jpg\",\"contentUrl\":\"http:\\\/\\\/www.bellunopress.it\\\/wp-content\\\/uploads\\\/2009\\\/12\\\/appia.jpg\"},{\"@type\":\"BreadcrumbList\",\"@id\":\"https:\\\/\\\/www.bellunopress.it\\\/2009\\\/12\\\/17\\\/sviluppo-artigiano-buona-lattivita-del-2009-ma-servono-nuove-risorse\\\/#breadcrumb\",\"itemListElement\":[{\"@type\":\"ListItem\",\"position\":1,\"name\":\"Home\",\"item\":\"https:\\\/\\\/www.bellunopress.it\\\/\"},{\"@type\":\"ListItem\",\"position\":2,\"name\":\"Sviluppo artigiano: buona l&#8217;attivit\u00e0 del 2009 ma servono nuove risorse\"}]},{\"@type\":\"WebSite\",\"@id\":\"https:\\\/\\\/www.bellunopress.it\\\/#website\",\"url\":\"https:\\\/\\\/www.bellunopress.it\\\/\",\"name\":\"Bellunopress - Dolomiti\",\"description\":\"e-mail: redazione@bellunopress.it\",\"publisher\":{\"@id\":\"https:\\\/\\\/www.bellunopress.it\\\/#organization\"},\"potentialAction\":[{\"@type\":\"SearchAction\",\"target\":{\"@type\":\"EntryPoint\",\"urlTemplate\":\"https:\\\/\\\/www.bellunopress.it\\\/?s={search_term_string}\"},\"query-input\":{\"@type\":\"PropertyValueSpecification\",\"valueRequired\":true,\"valueName\":\"search_term_string\"}}],\"inLanguage\":\"fr-FR\"},{\"@type\":\"Organization\",\"@id\":\"https:\\\/\\\/www.bellunopress.it\\\/#organization\",\"name\":\"Bellunopress\",\"url\":\"https:\\\/\\\/www.bellunopress.it\\\/\",\"logo\":{\"@type\":\"ImageObject\",\"inLanguage\":\"fr-FR\",\"@id\":\"https:\\\/\\\/www.bellunopress.it\\\/#\\\/schema\\\/logo\\\/image\\\/\",\"url\":\"https:\\\/\\\/www.bellunopress.it\\\/wp-content\\\/uploads\\\/2011\\\/05\\\/cropped-logo-bellunopress-.jpg\",\"contentUrl\":\"https:\\\/\\\/www.bellunopress.it\\\/wp-content\\\/uploads\\\/2011\\\/05\\\/cropped-logo-bellunopress-.jpg\",\"width\":512,\"height\":512,\"caption\":\"Bellunopress\"},\"image\":{\"@id\":\"https:\\\/\\\/www.bellunopress.it\\\/#\\\/schema\\\/logo\\\/image\\\/\"},\"sameAs\":[\"https:\\\/\\\/www.facebook.com\\\/profile.php?id=100008943462799\",\"https:\\\/\\\/x.com\\\/bellunopress\",\"https:\\\/\\\/www.linkedin.com\\\/hp\\\/?dnr=JBzUWaJfMUw8vbXJJ2tVW5-I3jZKvC4wsoxE&amp;amp;amp;amp;amp;amp;trk=nav_responsive_tab_home\",\"https:\\\/\\\/www.youtube.com\\\/channel\\\/UCxL0wu1uN0_3_7hGG0306cw\"]},{\"@type\":\"Person\",\"@id\":\"https:\\\/\\\/www.bellunopress.it\\\/#\\\/schema\\\/person\\\/79bb06722b37ece1c03d3e94beb30d73\",\"name\":\"redazione\",\"image\":{\"@type\":\"ImageObject\",\"inLanguage\":\"fr-FR\",\"@id\":\"https:\\\/\\\/secure.gravatar.com\\\/avatar\\\/37d968a2e67a6fd04c169c4bdef102d0bc5d31b2546345219e348575eb80e9a0?s=96&d=mm&r=g\",\"url\":\"https:\\\/\\\/secure.gravatar.com\\\/avatar\\\/37d968a2e67a6fd04c169c4bdef102d0bc5d31b2546345219e348575eb80e9a0?s=96&d=mm&r=g\",\"contentUrl\":\"https:\\\/\\\/secure.gravatar.com\\\/avatar\\\/37d968a2e67a6fd04c169c4bdef102d0bc5d31b2546345219e348575eb80e9a0?s=96&d=mm&r=g\",\"caption\":\"redazione\"},\"sameAs\":[\"http:\\\/\\\/www.bellunopress.it\",\"https:\\\/\\\/x.com\\\/bellunopress\"],\"url\":\"https:\\\/\\\/www.bellunopress.it\\\/fr\\\/author\\\/redazione\\\/\"}]}<\/script>\n<!-- \/ Yoast SEO plugin. -->","yoast_head_json":{"title":"Sviluppo artigiano: buona l'attivit\u00e0 del 2009 ma servono nuove risorse  - Bellunopress - Dolomiti","robots":{"index":"index","follow":"follow","max-snippet":"max-snippet:-1","max-image-preview":"max-image-preview:large","max-video-preview":"max-video-preview:-1"},"canonical":"https:\/\/www.bellunopress.it\/fr\/2009\/12\/17\/sviluppo-artigiano-buona-lattivita-del-2009-ma-servono-nuove-risorse\/","og_locale":"fr_FR","og_type":"article","og_title":"Sviluppo artigiano: buona l'attivit\u00e0 del 2009 ma servono nuove risorse  - Bellunopress - Dolomiti","og_description":"Si \u00e8 tenuta oggi (gioved\u00ec 17 dicembre) nella sede dell\u2019APPIA &#8211; presenti il presidente, Fiorentino Da Rold\u00a0 l\u2019amministratore delegato, Mario Borin, il presidente del Comitato Tecnico d\u2019Area di Belluno, Adriano Munaro &#8211; la conferenza stampa di presentazione dell\u2019attivit\u00e0 svolta in questo 2009 da Sviluppo Artigiano, il consorzio fidi della CNA che opera in cinque province [&hellip;]","og_url":"https:\/\/www.bellunopress.it\/fr\/2009\/12\/17\/sviluppo-artigiano-buona-lattivita-del-2009-ma-servono-nuove-risorse\/","og_site_name":"Bellunopress - Dolomiti","article_publisher":"https:\/\/www.facebook.com\/profile.php?id=100008943462799","article_published_time":"2009-12-17T11:58:30+00:00","og_image":[{"url":"http:\/\/www.bellunopress.it\/wp-content\/uploads\/2009\/12\/appia.jpg","type":"","width":"","height":""}],"author":"redazione","twitter_card":"summary_large_image","twitter_creator":"@bellunopress","twitter_site":"@bellunopress","twitter_misc":{"\u00c9crit par":"redazione","Dur\u00e9e de lecture estim\u00e9e":"3 minutes"},"schema":{"@context":"https:\/\/schema.org","@graph":[{"@type":"Article","@id":"https:\/\/www.bellunopress.it\/2009\/12\/17\/sviluppo-artigiano-buona-lattivita-del-2009-ma-servono-nuove-risorse\/#article","isPartOf":{"@id":"https:\/\/www.bellunopress.it\/2009\/12\/17\/sviluppo-artigiano-buona-lattivita-del-2009-ma-servono-nuove-risorse\/"},"author":{"name":"redazione","@id":"https:\/\/www.bellunopress.it\/#\/schema\/person\/79bb06722b37ece1c03d3e94beb30d73"},"headline":"Sviluppo artigiano: buona l&#8217;attivit\u00e0 del 2009 ma servono nuove risorse","datePublished":"2009-12-17T11:58:30+00:00","mainEntityOfPage":{"@id":"https:\/\/www.bellunopress.it\/2009\/12\/17\/sviluppo-artigiano-buona-lattivita-del-2009-ma-servono-nuove-risorse\/"},"wordCount":610,"publisher":{"@id":"https:\/\/www.bellunopress.it\/#organization"},"image":{"@id":"https:\/\/www.bellunopress.it\/2009\/12\/17\/sviluppo-artigiano-buona-lattivita-del-2009-ma-servono-nuove-risorse\/#primaryimage"},"thumbnailUrl":"http:\/\/www.bellunopress.it\/wp-content\/uploads\/2009\/12\/appia.jpg","keywords":["Belluno"],"articleSection":["Lavoro, Economia, Turismo","Prima Pagina"],"inLanguage":"fr-FR"},{"@type":"WebPage","@id":"https:\/\/www.bellunopress.it\/2009\/12\/17\/sviluppo-artigiano-buona-lattivita-del-2009-ma-servono-nuove-risorse\/","url":"https:\/\/www.bellunopress.it\/2009\/12\/17\/sviluppo-artigiano-buona-lattivita-del-2009-ma-servono-nuove-risorse\/","name":"Sviluppo artigiano: buona l'attivit\u00e0 del 2009 ma servono nuove risorse - Bellunopress - Dolomiti","isPartOf":{"@id":"https:\/\/www.bellunopress.it\/#website"},"primaryImageOfPage":{"@id":"https:\/\/www.bellunopress.it\/2009\/12\/17\/sviluppo-artigiano-buona-lattivita-del-2009-ma-servono-nuove-risorse\/#primaryimage"},"image":{"@id":"https:\/\/www.bellunopress.it\/2009\/12\/17\/sviluppo-artigiano-buona-lattivita-del-2009-ma-servono-nuove-risorse\/#primaryimage"},"thumbnailUrl":"http:\/\/www.bellunopress.it\/wp-content\/uploads\/2009\/12\/appia.jpg","datePublished":"2009-12-17T11:58:30+00:00","breadcrumb":{"@id":"https:\/\/www.bellunopress.it\/2009\/12\/17\/sviluppo-artigiano-buona-lattivita-del-2009-ma-servono-nuove-risorse\/#breadcrumb"},"inLanguage":"fr-FR","potentialAction":[{"@type":"ReadAction","target":["https:\/\/www.bellunopress.it\/2009\/12\/17\/sviluppo-artigiano-buona-lattivita-del-2009-ma-servono-nuove-risorse\/"]}]},{"@type":"ImageObject","inLanguage":"fr-FR","@id":"https:\/\/www.bellunopress.it\/2009\/12\/17\/sviluppo-artigiano-buona-lattivita-del-2009-ma-servono-nuove-risorse\/#primaryimage","url":"http:\/\/www.bellunopress.it\/wp-content\/uploads\/2009\/12\/appia.jpg","contentUrl":"http:\/\/www.bellunopress.it\/wp-content\/uploads\/2009\/12\/appia.jpg"},{"@type":"BreadcrumbList","@id":"https:\/\/www.bellunopress.it\/2009\/12\/17\/sviluppo-artigiano-buona-lattivita-del-2009-ma-servono-nuove-risorse\/#breadcrumb","itemListElement":[{"@type":"ListItem","position":1,"name":"Home","item":"https:\/\/www.bellunopress.it\/"},{"@type":"ListItem","position":2,"name":"Sviluppo artigiano: buona l&#8217;attivit\u00e0 del 2009 ma servono nuove risorse"}]},{"@type":"WebSite","@id":"https:\/\/www.bellunopress.it\/#website","url":"https:\/\/www.bellunopress.it\/","name":"Bellunopress - Dolomiti","description":"e-mail: redazione@bellunopress.it","publisher":{"@id":"https:\/\/www.bellunopress.it\/#organization"},"potentialAction":[{"@type":"SearchAction","target":{"@type":"EntryPoint","urlTemplate":"https:\/\/www.bellunopress.it\/?s={search_term_string}"},"query-input":{"@type":"PropertyValueSpecification","valueRequired":true,"valueName":"search_term_string"}}],"inLanguage":"fr-FR"},{"@type":"Organization","@id":"https:\/\/www.bellunopress.it\/#organization","name":"Bellunopress","url":"https:\/\/www.bellunopress.it\/","logo":{"@type":"ImageObject","inLanguage":"fr-FR","@id":"https:\/\/www.bellunopress.it\/#\/schema\/logo\/image\/","url":"https:\/\/www.bellunopress.it\/wp-content\/uploads\/2011\/05\/cropped-logo-bellunopress-.jpg","contentUrl":"https:\/\/www.bellunopress.it\/wp-content\/uploads\/2011\/05\/cropped-logo-bellunopress-.jpg","width":512,"height":512,"caption":"Bellunopress"},"image":{"@id":"https:\/\/www.bellunopress.it\/#\/schema\/logo\/image\/"},"sameAs":["https:\/\/www.facebook.com\/profile.php?id=100008943462799","https:\/\/x.com\/bellunopress","https:\/\/www.linkedin.com\/hp\/?dnr=JBzUWaJfMUw8vbXJJ2tVW5-I3jZKvC4wsoxE&amp;amp;amp;amp;amp;amp;trk=nav_responsive_tab_home","https:\/\/www.youtube.com\/channel\/UCxL0wu1uN0_3_7hGG0306cw"]},{"@type":"Person","@id":"https:\/\/www.bellunopress.it\/#\/schema\/person\/79bb06722b37ece1c03d3e94beb30d73","name":"r\u00e9daction","image":{"@type":"ImageObject","inLanguage":"fr-FR","@id":"https:\/\/secure.gravatar.com\/avatar\/37d968a2e67a6fd04c169c4bdef102d0bc5d31b2546345219e348575eb80e9a0?s=96&d=mm&r=g","url":"https:\/\/secure.gravatar.com\/avatar\/37d968a2e67a6fd04c169c4bdef102d0bc5d31b2546345219e348575eb80e9a0?s=96&d=mm&r=g","contentUrl":"https:\/\/secure.gravatar.com\/avatar\/37d968a2e67a6fd04c169c4bdef102d0bc5d31b2546345219e348575eb80e9a0?s=96&d=mm&r=g","caption":"redazione"},"sameAs":["http:\/\/www.bellunopress.it","https:\/\/x.com\/bellunopress"],"url":"https:\/\/www.bellunopress.it\/fr\/author\/redazione\/"}]}},"_links":{"self":[{"href":"https:\/\/www.bellunopress.it\/fr\/wp-json\/wp\/v2\/posts\/10734","targetHints":{"allow":["GET"]}}],"collection":[{"href":"https:\/\/www.bellunopress.it\/fr\/wp-json\/wp\/v2\/posts"}],"about":[{"href":"https:\/\/www.bellunopress.it\/fr\/wp-json\/wp\/v2\/types\/post"}],"author":[{"embeddable":true,"href":"https:\/\/www.bellunopress.it\/fr\/wp-json\/wp\/v2\/users\/2"}],"replies":[{"embeddable":true,"href":"https:\/\/www.bellunopress.it\/fr\/wp-json\/wp\/v2\/comments?post=10734"}],"version-history":[{"count":1,"href":"https:\/\/www.bellunopress.it\/fr\/wp-json\/wp\/v2\/posts\/10734\/revisions"}],"predecessor-version":[{"id":10736,"href":"https:\/\/www.bellunopress.it\/fr\/wp-json\/wp\/v2\/posts\/10734\/revisions\/10736"}],"wp:attachment":[{"href":"https:\/\/www.bellunopress.it\/fr\/wp-json\/wp\/v2\/media?parent=10734"}],"wp:term":[{"taxonomy":"category","embeddable":true,"href":"https:\/\/www.bellunopress.it\/fr\/wp-json\/wp\/v2\/categories?post=10734"},{"taxonomy":"post_tag","embeddable":true,"href":"https:\/\/www.bellunopress.it\/fr\/wp-json\/wp\/v2\/tags?post=10734"}],"curies":[{"name":"wp","href":"https:\/\/api.w.org\/{rel}","templated":true}]}}