{"id":107337,"date":"2019-08-26T11:11:04","date_gmt":"2019-08-26T09:11:04","guid":{"rendered":"http:\/\/www.bellunopress.it\/?p=107337"},"modified":"2019-08-26T11:11:04","modified_gmt":"2019-08-26T09:11:04","slug":"davanti-le-quinte-ispirato-al-romanzo-del-nobel-saramago-associazioni-e-studenti-feltrini-protagonisti-di-un-viaggio-per-linclusione-nel-mondo-della-cecita-e-dellipovisione","status":"publish","type":"post","link":"https:\/\/www.bellunopress.it\/fr\/2019\/08\/26\/davanti-le-quinte-ispirato-al-romanzo-del-nobel-saramago-associazioni-e-studenti-feltrini-protagonisti-di-un-viaggio-per-linclusione-nel-mondo-della-cecita-e-dellipovisione\/","title":{"rendered":"Davanti le quinte. ispirato al romanzo del Nobel Saramago, associazioni e studenti feltrini protagonisti di un viaggio per l\u2019inclusione nel mondo della cecit\u00e0 e dell\u2019ipovisione"},"content":{"rendered":"<p>Il Comune di Feltre \u00e8 risultato assegnatario di un contributo regionale a valere sul bando denominato \u201cDavanti le quinte\u201d, teso a coinvolgere gli studenti in un percorso di consapevolezza della disabilit\u00e0 attraverso il teatro. A questo scopo il Comune di Feltre ha co-ideato un progetto con altre realt\u00e0 del territorio. Il gruppo di lavoro si \u00e8 soffermato sul tema della cecit\u00e0 e dell\u2019ipovisione, non solo intesa come disabilit\u00e0 fisica, ma anche come metafora dell&#8217;indifferenza, della perdita di empatia e del senso di solidariet\u00e0 tra le persone, traendo ispirazione dal romanzo \u201cCecit\u00e0\u201d di Jos\u00e8 Saramago. Da questo confronto, in particolare, tra realt\u00e0 associative che si occupano di teatro, di educazione artistica e sociale &#8211; alcune attive sul territorio feltrino da diversi anni, altre di recente costituzione &#8211; \u00e8 nato il progetto &#8220;Guardando oltre&#8230; con altri occhi&#8221;, finanziato dalla Regione del Veneto con una somma di circa 15 mila euro, la cui gestione \u00e8 stata affidata all&#8217;associazione culturale &#8220;Officina delle pezze&#8221;.<\/p>\n<figure id=\"attachment_96430\" aria-describedby=\"caption-attachment-96430\" style=\"width: 236px\" class=\"wp-caption alignleft\"><a href=\"http:\/\/www.bellunopress.it\/fr\/2018\/07\/17\/feltre-il-mercato-contadino-si-sposta-in-centro-citta-cresce-il-numero-dei-coltivatori-aderenti-alliniziativa-ora-in-largo-castaldi\/debora-nicoletto\/\" rel=\"attachment wp-att-96430\"><img loading=\"lazy\" decoding=\"async\" class=\"size-full wp-image-96430\" src=\"http:\/\/www.bellunopress.it\/wp-content\/uploads\/2018\/07\/debora-nicoletto.jpg\" alt=\"\" width=\"236\" height=\"300\" \/><\/a><figcaption id=\"caption-attachment-96430\" class=\"wp-caption-text\">Debora Nicoletto, assessore<\/figcaption><\/figure>\n<p>\u201cSono estremamente felice ed orgogliosa di questo progetto &#8211; che ci ha visti impegnati per lungo tempo nella co-progettazione, che mette insieme i nostri giovani studenti con numerose associazioni, e altri soggetti, in un percorso all\u2019interno della disabilit\u00e0 visiva e contro il pregiudizio\u201d, commenta l\u2019assessora alle politiche sociali e giovanili del Comune di Feltre Debora Nicoletto. \u201cIl nostro obiettivo, aggiunge l\u2019assessora, \u00e8 promuovere la cultura dell\u2019inclusione non soltanto tra i partecipanti al progetto, ma anche in tutta la cittadinanza, che sar\u00e0 coinvolta nell\u2019evento finale dell\u2019iniziativa; Feltre si conferma citt\u00e0 aperta e di frontiera, in cui le giovani generazioni hanno un ruolo propulsivo nella crescita civica e culturale di tutta la comunit\u00e0\u201d.<\/p>\n<p>L\u2019iniziativa coinvolger\u00e0 gruppi composti da studenti e giovani che intendano mettersi in gioco, affrontando in modo approfondito le tematiche della disabilit\u00e0, con particolare riferimento a quella visiva. I gruppi di giovani sperimenteranno tecniche teatrali, artistiche, laboratoriali ed espressive confrontandosi al contempo con i volontari dell&#8217;associazione \u201cBlindsight project\u201d, persone con disabilit\u00e0 visiva e con il supporto del CILP (Centro Internazionale del Libro Parlato). La presenza dell\u2019associazione \u201cBlindsight progect\u201d sar\u00e0 centrale, in quanto la loro collaborazione funger\u00e0 da punto di partenza per la predisposizione dei percorsi laboratoriali, nonch\u00e9 da strumento diretto per comprendere il quotidiano delle persone con cecit\u00e0 o ipovisione e il loro rapporto con la quotidianit\u00e0 e la comunit\u00e0. La parte artistica, educativa, laboratoriale sar\u00e0 sostenuta dall\u2019Officina delle Pezze e dall\u2019associazione teatrale Ghita oltre che dalla storica \u201cPapiria\u201d. L\u2019innovazione e la sfida progettuale a 360 gradi contempla anche il coinvolgimento del Consorzio Dolomiti Prealpi con il trentino TED.<\/p>\n<p>Infatti, quanto prodotto dal laboratorio confluir\u00e0 poi nella creazione di un evento artistico-partecipativo finale (che si svolger\u00e0 nella primavera del prossimo anno), in cui gli attori-studenti predisporranno un viaggio bendati, quindi senza visione, con il trenino turistico della citt\u00e0 attraverso le vie di Feltre. Il viaggio raggiunger\u00e0 diversi luoghi cittadini in cui gli esperti coinvolti e gli adolescenti mostreranno il frutto delle loro riflessioni sotto forma di piccoli esiti artistici. L\u2019evento finale sar\u00e0 rivolto ad un pubblico eterogeneo che sar\u00e0 invitato a salire sul trenino, farsi bendare e partecipare alle diverse tappe, ognuna delle quali offrir\u00e0 un\u2019esperienza diretta a carattere sensoriale e percettivo (tatto, udito, olfatto e gusto, sensi esaltati dall\u2019assenza della vista).<br \/>\nAl progetto hanno aderito anche alcuni Istituti scolastici feltrini, alcuni dei quali hanno gi\u00e0 dei gruppi teatrali attivi tutto l&#8217;anno.<\/p>\n<p>&nbsp;<\/p>","protected":false},"excerpt":{"rendered":"<p>Il Comune di Feltre \u00e8 risultato assegnatario di un contributo regionale a valere sul bando denominato \u201cDavanti le quinte\u201d, teso a coinvolgere gli studenti in un percorso di consapevolezza della disabilit\u00e0 attraverso il teatro. A questo scopo il Comune di Feltre ha co-ideato un progetto con altre realt\u00e0 del territorio. Il gruppo di lavoro si [&hellip;]<\/p>\n","protected":false},"author":2,"featured_media":0,"comment_status":"closed","ping_status":"open","sticky":false,"template":"","format":"standard","meta":{"footnotes":""},"categories":[27,3,26,15],"tags":[],"class_list":["post-107337","post","type-post","status-publish","format-standard","category-appuntamenti","category-arte-cultura-spettacoli-scienza-archivi","category-prima-pagina","category-scuola"],"yoast_head":"<!-- This site is optimized with the Yoast SEO plugin v28.4 - https:\/\/yoast.com\/product\/yoast-seo-wordpress\/ -->\n<title>Davanti le quinte. ispirato al romanzo del Nobel Saramago, associazioni e studenti feltrini protagonisti di un viaggio per l\u2019inclusione nel mondo della cecit\u00e0 e dell\u2019ipovisione - Bellunopress - Dolomiti<\/title>\n<meta name=\"robots\" content=\"index, follow, max-snippet:-1, max-image-preview:large, max-video-preview:-1\" \/>\n<link rel=\"canonical\" href=\"https:\/\/www.bellunopress.it\/fr\/2019\/08\/26\/davanti-le-quinte-ispirato-al-romanzo-del-nobel-saramago-associazioni-e-studenti-feltrini-protagonisti-di-un-viaggio-per-linclusione-nel-mondo-della-cecita-e-dellipovisione\/\" \/>\n<meta property=\"og:locale\" content=\"fr_FR\" \/>\n<meta property=\"og:type\" content=\"article\" \/>\n<meta property=\"og:title\" content=\"Davanti le quinte. ispirato al romanzo del Nobel Saramago, associazioni e studenti feltrini protagonisti di un viaggio per l\u2019inclusione nel mondo della cecit\u00e0 e dell\u2019ipovisione - Bellunopress - Dolomiti\" \/>\n<meta property=\"og:description\" content=\"Il Comune di Feltre \u00e8 risultato assegnatario di un contributo regionale a valere sul bando denominato \u201cDavanti le quinte\u201d, teso a coinvolgere gli studenti in un percorso di consapevolezza della disabilit\u00e0 attraverso il teatro. A questo scopo il Comune di Feltre ha co-ideato un progetto con altre realt\u00e0 del territorio. Il gruppo di lavoro si [&hellip;]\" \/>\n<meta property=\"og:url\" content=\"https:\/\/www.bellunopress.it\/fr\/2019\/08\/26\/davanti-le-quinte-ispirato-al-romanzo-del-nobel-saramago-associazioni-e-studenti-feltrini-protagonisti-di-un-viaggio-per-linclusione-nel-mondo-della-cecita-e-dellipovisione\/\" \/>\n<meta property=\"og:site_name\" content=\"Bellunopress - Dolomiti\" \/>\n<meta property=\"article:publisher\" content=\"https:\/\/www.facebook.com\/profile.php?id=100008943462799\" \/>\n<meta property=\"article:published_time\" content=\"2019-08-26T09:11:04+00:00\" \/>\n<meta property=\"og:image\" content=\"http:\/\/www.bellunopress.it\/wp-content\/uploads\/2018\/07\/debora-nicoletto.jpg\" \/>\n<meta name=\"author\" content=\"redazione\" \/>\n<meta name=\"twitter:card\" content=\"summary_large_image\" \/>\n<meta name=\"twitter:creator\" content=\"@bellunopress\" \/>\n<meta name=\"twitter:site\" content=\"@bellunopress\" \/>\n<meta name=\"twitter:label1\" content=\"\u00c9crit par\" \/>\n\t<meta name=\"twitter:data1\" content=\"redazione\" \/>\n\t<meta name=\"twitter:label2\" content=\"Dur\u00e9e de lecture estim\u00e9e\" \/>\n\t<meta name=\"twitter:data2\" content=\"3 minutes\" \/>\n<script type=\"application\/ld+json\" class=\"yoast-schema-graph\">{\"@context\":\"https:\\\/\\\/schema.org\",\"@graph\":[{\"@type\":\"Article\",\"@id\":\"https:\\\/\\\/www.bellunopress.it\\\/2019\\\/08\\\/26\\\/davanti-le-quinte-ispirato-al-romanzo-del-nobel-saramago-associazioni-e-studenti-feltrini-protagonisti-di-un-viaggio-per-linclusione-nel-mondo-della-cecita-e-dellipovisione\\\/#article\",\"isPartOf\":{\"@id\":\"https:\\\/\\\/www.bellunopress.it\\\/2019\\\/08\\\/26\\\/davanti-le-quinte-ispirato-al-romanzo-del-nobel-saramago-associazioni-e-studenti-feltrini-protagonisti-di-un-viaggio-per-linclusione-nel-mondo-della-cecita-e-dellipovisione\\\/\"},\"author\":{\"name\":\"redazione\",\"@id\":\"https:\\\/\\\/www.bellunopress.it\\\/#\\\/schema\\\/person\\\/79bb06722b37ece1c03d3e94beb30d73\"},\"headline\":\"Davanti le quinte. ispirato al romanzo del Nobel Saramago, associazioni e studenti feltrini protagonisti di un viaggio per l\u2019inclusione nel mondo della cecit\u00e0 e dell\u2019ipovisione\",\"datePublished\":\"2019-08-26T09:11:04+00:00\",\"mainEntityOfPage\":{\"@id\":\"https:\\\/\\\/www.bellunopress.it\\\/2019\\\/08\\\/26\\\/davanti-le-quinte-ispirato-al-romanzo-del-nobel-saramago-associazioni-e-studenti-feltrini-protagonisti-di-un-viaggio-per-linclusione-nel-mondo-della-cecita-e-dellipovisione\\\/\"},\"wordCount\":601,\"publisher\":{\"@id\":\"https:\\\/\\\/www.bellunopress.it\\\/#organization\"},\"image\":{\"@id\":\"https:\\\/\\\/www.bellunopress.it\\\/2019\\\/08\\\/26\\\/davanti-le-quinte-ispirato-al-romanzo-del-nobel-saramago-associazioni-e-studenti-feltrini-protagonisti-di-un-viaggio-per-linclusione-nel-mondo-della-cecita-e-dellipovisione\\\/#primaryimage\"},\"thumbnailUrl\":\"http:\\\/\\\/www.bellunopress.it\\\/wp-content\\\/uploads\\\/2018\\\/07\\\/debora-nicoletto.jpg\",\"articleSection\":[\"Appuntamenti, Eventi\",\"Arte, Cultura, Spettacoli, Scienza\",\"Prima Pagina\",\"Scuola\"],\"inLanguage\":\"fr-FR\"},{\"@type\":\"WebPage\",\"@id\":\"https:\\\/\\\/www.bellunopress.it\\\/2019\\\/08\\\/26\\\/davanti-le-quinte-ispirato-al-romanzo-del-nobel-saramago-associazioni-e-studenti-feltrini-protagonisti-di-un-viaggio-per-linclusione-nel-mondo-della-cecita-e-dellipovisione\\\/\",\"url\":\"https:\\\/\\\/www.bellunopress.it\\\/2019\\\/08\\\/26\\\/davanti-le-quinte-ispirato-al-romanzo-del-nobel-saramago-associazioni-e-studenti-feltrini-protagonisti-di-un-viaggio-per-linclusione-nel-mondo-della-cecita-e-dellipovisione\\\/\",\"name\":\"Davanti le quinte. ispirato al romanzo del Nobel Saramago, associazioni e studenti feltrini protagonisti di un viaggio per l\u2019inclusione nel mondo della cecit\u00e0 e dell\u2019ipovisione - Bellunopress - Dolomiti\",\"isPartOf\":{\"@id\":\"https:\\\/\\\/www.bellunopress.it\\\/#website\"},\"primaryImageOfPage\":{\"@id\":\"https:\\\/\\\/www.bellunopress.it\\\/2019\\\/08\\\/26\\\/davanti-le-quinte-ispirato-al-romanzo-del-nobel-saramago-associazioni-e-studenti-feltrini-protagonisti-di-un-viaggio-per-linclusione-nel-mondo-della-cecita-e-dellipovisione\\\/#primaryimage\"},\"image\":{\"@id\":\"https:\\\/\\\/www.bellunopress.it\\\/2019\\\/08\\\/26\\\/davanti-le-quinte-ispirato-al-romanzo-del-nobel-saramago-associazioni-e-studenti-feltrini-protagonisti-di-un-viaggio-per-linclusione-nel-mondo-della-cecita-e-dellipovisione\\\/#primaryimage\"},\"thumbnailUrl\":\"http:\\\/\\\/www.bellunopress.it\\\/wp-content\\\/uploads\\\/2018\\\/07\\\/debora-nicoletto.jpg\",\"datePublished\":\"2019-08-26T09:11:04+00:00\",\"breadcrumb\":{\"@id\":\"https:\\\/\\\/www.bellunopress.it\\\/2019\\\/08\\\/26\\\/davanti-le-quinte-ispirato-al-romanzo-del-nobel-saramago-associazioni-e-studenti-feltrini-protagonisti-di-un-viaggio-per-linclusione-nel-mondo-della-cecita-e-dellipovisione\\\/#breadcrumb\"},\"inLanguage\":\"fr-FR\",\"potentialAction\":[{\"@type\":\"ReadAction\",\"target\":[\"https:\\\/\\\/www.bellunopress.it\\\/2019\\\/08\\\/26\\\/davanti-le-quinte-ispirato-al-romanzo-del-nobel-saramago-associazioni-e-studenti-feltrini-protagonisti-di-un-viaggio-per-linclusione-nel-mondo-della-cecita-e-dellipovisione\\\/\"]}]},{\"@type\":\"ImageObject\",\"inLanguage\":\"fr-FR\",\"@id\":\"https:\\\/\\\/www.bellunopress.it\\\/2019\\\/08\\\/26\\\/davanti-le-quinte-ispirato-al-romanzo-del-nobel-saramago-associazioni-e-studenti-feltrini-protagonisti-di-un-viaggio-per-linclusione-nel-mondo-della-cecita-e-dellipovisione\\\/#primaryimage\",\"url\":\"http:\\\/\\\/www.bellunopress.it\\\/wp-content\\\/uploads\\\/2018\\\/07\\\/debora-nicoletto.jpg\",\"contentUrl\":\"http:\\\/\\\/www.bellunopress.it\\\/wp-content\\\/uploads\\\/2018\\\/07\\\/debora-nicoletto.jpg\"},{\"@type\":\"BreadcrumbList\",\"@id\":\"https:\\\/\\\/www.bellunopress.it\\\/2019\\\/08\\\/26\\\/davanti-le-quinte-ispirato-al-romanzo-del-nobel-saramago-associazioni-e-studenti-feltrini-protagonisti-di-un-viaggio-per-linclusione-nel-mondo-della-cecita-e-dellipovisione\\\/#breadcrumb\",\"itemListElement\":[{\"@type\":\"ListItem\",\"position\":1,\"name\":\"Home\",\"item\":\"https:\\\/\\\/www.bellunopress.it\\\/\"},{\"@type\":\"ListItem\",\"position\":2,\"name\":\"Davanti le quinte. ispirato al romanzo del Nobel Saramago, associazioni e studenti feltrini protagonisti di un viaggio per l\u2019inclusione nel mondo della cecit\u00e0 e dell\u2019ipovisione\"}]},{\"@type\":\"WebSite\",\"@id\":\"https:\\\/\\\/www.bellunopress.it\\\/#website\",\"url\":\"https:\\\/\\\/www.bellunopress.it\\\/\",\"name\":\"Bellunopress - Dolomiti\",\"description\":\"e-mail: redazione@bellunopress.it\",\"publisher\":{\"@id\":\"https:\\\/\\\/www.bellunopress.it\\\/#organization\"},\"potentialAction\":[{\"@type\":\"SearchAction\",\"target\":{\"@type\":\"EntryPoint\",\"urlTemplate\":\"https:\\\/\\\/www.bellunopress.it\\\/?s={search_term_string}\"},\"query-input\":{\"@type\":\"PropertyValueSpecification\",\"valueRequired\":true,\"valueName\":\"search_term_string\"}}],\"inLanguage\":\"fr-FR\"},{\"@type\":\"Organization\",\"@id\":\"https:\\\/\\\/www.bellunopress.it\\\/#organization\",\"name\":\"Bellunopress\",\"url\":\"https:\\\/\\\/www.bellunopress.it\\\/\",\"logo\":{\"@type\":\"ImageObject\",\"inLanguage\":\"fr-FR\",\"@id\":\"https:\\\/\\\/www.bellunopress.it\\\/#\\\/schema\\\/logo\\\/image\\\/\",\"url\":\"https:\\\/\\\/www.bellunopress.it\\\/wp-content\\\/uploads\\\/2011\\\/05\\\/cropped-logo-bellunopress-.jpg\",\"contentUrl\":\"https:\\\/\\\/www.bellunopress.it\\\/wp-content\\\/uploads\\\/2011\\\/05\\\/cropped-logo-bellunopress-.jpg\",\"width\":512,\"height\":512,\"caption\":\"Bellunopress\"},\"image\":{\"@id\":\"https:\\\/\\\/www.bellunopress.it\\\/#\\\/schema\\\/logo\\\/image\\\/\"},\"sameAs\":[\"https:\\\/\\\/www.facebook.com\\\/profile.php?id=100008943462799\",\"https:\\\/\\\/x.com\\\/bellunopress\",\"https:\\\/\\\/www.linkedin.com\\\/hp\\\/?dnr=JBzUWaJfMUw8vbXJJ2tVW5-I3jZKvC4wsoxE&amp;amp;amp;amp;amp;amp;trk=nav_responsive_tab_home\",\"https:\\\/\\\/www.youtube.com\\\/channel\\\/UCxL0wu1uN0_3_7hGG0306cw\"]},{\"@type\":\"Person\",\"@id\":\"https:\\\/\\\/www.bellunopress.it\\\/#\\\/schema\\\/person\\\/79bb06722b37ece1c03d3e94beb30d73\",\"name\":\"redazione\",\"image\":{\"@type\":\"ImageObject\",\"inLanguage\":\"fr-FR\",\"@id\":\"https:\\\/\\\/secure.gravatar.com\\\/avatar\\\/37d968a2e67a6fd04c169c4bdef102d0bc5d31b2546345219e348575eb80e9a0?s=96&d=mm&r=g\",\"url\":\"https:\\\/\\\/secure.gravatar.com\\\/avatar\\\/37d968a2e67a6fd04c169c4bdef102d0bc5d31b2546345219e348575eb80e9a0?s=96&d=mm&r=g\",\"contentUrl\":\"https:\\\/\\\/secure.gravatar.com\\\/avatar\\\/37d968a2e67a6fd04c169c4bdef102d0bc5d31b2546345219e348575eb80e9a0?s=96&d=mm&r=g\",\"caption\":\"redazione\"},\"sameAs\":[\"http:\\\/\\\/www.bellunopress.it\",\"https:\\\/\\\/x.com\\\/bellunopress\"],\"url\":\"https:\\\/\\\/www.bellunopress.it\\\/fr\\\/author\\\/redazione\\\/\"}]}<\/script>\n<!-- \/ Yoast SEO plugin. -->","yoast_head_json":{"title":"Davanti le quinte. ispirato al romanzo del Nobel Saramago, associazioni e studenti feltrini protagonisti di un viaggio per l\u2019inclusione nel mondo della cecit\u00e0 e dell\u2019ipovisione - Bellunopress - Dolomiti","robots":{"index":"index","follow":"follow","max-snippet":"max-snippet:-1","max-image-preview":"max-image-preview:large","max-video-preview":"max-video-preview:-1"},"canonical":"https:\/\/www.bellunopress.it\/fr\/2019\/08\/26\/davanti-le-quinte-ispirato-al-romanzo-del-nobel-saramago-associazioni-e-studenti-feltrini-protagonisti-di-un-viaggio-per-linclusione-nel-mondo-della-cecita-e-dellipovisione\/","og_locale":"fr_FR","og_type":"article","og_title":"Davanti le quinte. ispirato al romanzo del Nobel Saramago, associazioni e studenti feltrini protagonisti di un viaggio per l\u2019inclusione nel mondo della cecit\u00e0 e dell\u2019ipovisione - Bellunopress - Dolomiti","og_description":"Il Comune di Feltre \u00e8 risultato assegnatario di un contributo regionale a valere sul bando denominato \u201cDavanti le quinte\u201d, teso a coinvolgere gli studenti in un percorso di consapevolezza della disabilit\u00e0 attraverso il teatro. A questo scopo il Comune di Feltre ha co-ideato un progetto con altre realt\u00e0 del territorio. Il gruppo di lavoro si [&hellip;]","og_url":"https:\/\/www.bellunopress.it\/fr\/2019\/08\/26\/davanti-le-quinte-ispirato-al-romanzo-del-nobel-saramago-associazioni-e-studenti-feltrini-protagonisti-di-un-viaggio-per-linclusione-nel-mondo-della-cecita-e-dellipovisione\/","og_site_name":"Bellunopress - Dolomiti","article_publisher":"https:\/\/www.facebook.com\/profile.php?id=100008943462799","article_published_time":"2019-08-26T09:11:04+00:00","og_image":[{"url":"http:\/\/www.bellunopress.it\/wp-content\/uploads\/2018\/07\/debora-nicoletto.jpg","type":"","width":"","height":""}],"author":"redazione","twitter_card":"summary_large_image","twitter_creator":"@bellunopress","twitter_site":"@bellunopress","twitter_misc":{"\u00c9crit par":"redazione","Dur\u00e9e de lecture estim\u00e9e":"3 minutes"},"schema":{"@context":"https:\/\/schema.org","@graph":[{"@type":"Article","@id":"https:\/\/www.bellunopress.it\/2019\/08\/26\/davanti-le-quinte-ispirato-al-romanzo-del-nobel-saramago-associazioni-e-studenti-feltrini-protagonisti-di-un-viaggio-per-linclusione-nel-mondo-della-cecita-e-dellipovisione\/#article","isPartOf":{"@id":"https:\/\/www.bellunopress.it\/2019\/08\/26\/davanti-le-quinte-ispirato-al-romanzo-del-nobel-saramago-associazioni-e-studenti-feltrini-protagonisti-di-un-viaggio-per-linclusione-nel-mondo-della-cecita-e-dellipovisione\/"},"author":{"name":"redazione","@id":"https:\/\/www.bellunopress.it\/#\/schema\/person\/79bb06722b37ece1c03d3e94beb30d73"},"headline":"Davanti le quinte. ispirato al romanzo del Nobel Saramago, associazioni e studenti feltrini protagonisti di un viaggio per l\u2019inclusione nel mondo della cecit\u00e0 e dell\u2019ipovisione","datePublished":"2019-08-26T09:11:04+00:00","mainEntityOfPage":{"@id":"https:\/\/www.bellunopress.it\/2019\/08\/26\/davanti-le-quinte-ispirato-al-romanzo-del-nobel-saramago-associazioni-e-studenti-feltrini-protagonisti-di-un-viaggio-per-linclusione-nel-mondo-della-cecita-e-dellipovisione\/"},"wordCount":601,"publisher":{"@id":"https:\/\/www.bellunopress.it\/#organization"},"image":{"@id":"https:\/\/www.bellunopress.it\/2019\/08\/26\/davanti-le-quinte-ispirato-al-romanzo-del-nobel-saramago-associazioni-e-studenti-feltrini-protagonisti-di-un-viaggio-per-linclusione-nel-mondo-della-cecita-e-dellipovisione\/#primaryimage"},"thumbnailUrl":"http:\/\/www.bellunopress.it\/wp-content\/uploads\/2018\/07\/debora-nicoletto.jpg","articleSection":["Appuntamenti, Eventi","Arte, Cultura, Spettacoli, Scienza","Prima Pagina","Scuola"],"inLanguage":"fr-FR"},{"@type":"WebPage","@id":"https:\/\/www.bellunopress.it\/2019\/08\/26\/davanti-le-quinte-ispirato-al-romanzo-del-nobel-saramago-associazioni-e-studenti-feltrini-protagonisti-di-un-viaggio-per-linclusione-nel-mondo-della-cecita-e-dellipovisione\/","url":"https:\/\/www.bellunopress.it\/2019\/08\/26\/davanti-le-quinte-ispirato-al-romanzo-del-nobel-saramago-associazioni-e-studenti-feltrini-protagonisti-di-un-viaggio-per-linclusione-nel-mondo-della-cecita-e-dellipovisione\/","name":"Davanti le quinte. ispirato al romanzo del Nobel Saramago, associazioni e studenti feltrini protagonisti di un viaggio per l\u2019inclusione nel mondo della cecit\u00e0 e dell\u2019ipovisione - Bellunopress - Dolomiti","isPartOf":{"@id":"https:\/\/www.bellunopress.it\/#website"},"primaryImageOfPage":{"@id":"https:\/\/www.bellunopress.it\/2019\/08\/26\/davanti-le-quinte-ispirato-al-romanzo-del-nobel-saramago-associazioni-e-studenti-feltrini-protagonisti-di-un-viaggio-per-linclusione-nel-mondo-della-cecita-e-dellipovisione\/#primaryimage"},"image":{"@id":"https:\/\/www.bellunopress.it\/2019\/08\/26\/davanti-le-quinte-ispirato-al-romanzo-del-nobel-saramago-associazioni-e-studenti-feltrini-protagonisti-di-un-viaggio-per-linclusione-nel-mondo-della-cecita-e-dellipovisione\/#primaryimage"},"thumbnailUrl":"http:\/\/www.bellunopress.it\/wp-content\/uploads\/2018\/07\/debora-nicoletto.jpg","datePublished":"2019-08-26T09:11:04+00:00","breadcrumb":{"@id":"https:\/\/www.bellunopress.it\/2019\/08\/26\/davanti-le-quinte-ispirato-al-romanzo-del-nobel-saramago-associazioni-e-studenti-feltrini-protagonisti-di-un-viaggio-per-linclusione-nel-mondo-della-cecita-e-dellipovisione\/#breadcrumb"},"inLanguage":"fr-FR","potentialAction":[{"@type":"ReadAction","target":["https:\/\/www.bellunopress.it\/2019\/08\/26\/davanti-le-quinte-ispirato-al-romanzo-del-nobel-saramago-associazioni-e-studenti-feltrini-protagonisti-di-un-viaggio-per-linclusione-nel-mondo-della-cecita-e-dellipovisione\/"]}]},{"@type":"ImageObject","inLanguage":"fr-FR","@id":"https:\/\/www.bellunopress.it\/2019\/08\/26\/davanti-le-quinte-ispirato-al-romanzo-del-nobel-saramago-associazioni-e-studenti-feltrini-protagonisti-di-un-viaggio-per-linclusione-nel-mondo-della-cecita-e-dellipovisione\/#primaryimage","url":"http:\/\/www.bellunopress.it\/wp-content\/uploads\/2018\/07\/debora-nicoletto.jpg","contentUrl":"http:\/\/www.bellunopress.it\/wp-content\/uploads\/2018\/07\/debora-nicoletto.jpg"},{"@type":"BreadcrumbList","@id":"https:\/\/www.bellunopress.it\/2019\/08\/26\/davanti-le-quinte-ispirato-al-romanzo-del-nobel-saramago-associazioni-e-studenti-feltrini-protagonisti-di-un-viaggio-per-linclusione-nel-mondo-della-cecita-e-dellipovisione\/#breadcrumb","itemListElement":[{"@type":"ListItem","position":1,"name":"Home","item":"https:\/\/www.bellunopress.it\/"},{"@type":"ListItem","position":2,"name":"Davanti le quinte. ispirato al romanzo del Nobel Saramago, associazioni e studenti feltrini protagonisti di un viaggio per l\u2019inclusione nel mondo della cecit\u00e0 e dell\u2019ipovisione"}]},{"@type":"WebSite","@id":"https:\/\/www.bellunopress.it\/#website","url":"https:\/\/www.bellunopress.it\/","name":"Bellunopress - Dolomiti","description":"e-mail: redazione@bellunopress.it","publisher":{"@id":"https:\/\/www.bellunopress.it\/#organization"},"potentialAction":[{"@type":"SearchAction","target":{"@type":"EntryPoint","urlTemplate":"https:\/\/www.bellunopress.it\/?s={search_term_string}"},"query-input":{"@type":"PropertyValueSpecification","valueRequired":true,"valueName":"search_term_string"}}],"inLanguage":"fr-FR"},{"@type":"Organization","@id":"https:\/\/www.bellunopress.it\/#organization","name":"Bellunopress","url":"https:\/\/www.bellunopress.it\/","logo":{"@type":"ImageObject","inLanguage":"fr-FR","@id":"https:\/\/www.bellunopress.it\/#\/schema\/logo\/image\/","url":"https:\/\/www.bellunopress.it\/wp-content\/uploads\/2011\/05\/cropped-logo-bellunopress-.jpg","contentUrl":"https:\/\/www.bellunopress.it\/wp-content\/uploads\/2011\/05\/cropped-logo-bellunopress-.jpg","width":512,"height":512,"caption":"Bellunopress"},"image":{"@id":"https:\/\/www.bellunopress.it\/#\/schema\/logo\/image\/"},"sameAs":["https:\/\/www.facebook.com\/profile.php?id=100008943462799","https:\/\/x.com\/bellunopress","https:\/\/www.linkedin.com\/hp\/?dnr=JBzUWaJfMUw8vbXJJ2tVW5-I3jZKvC4wsoxE&amp;amp;amp;amp;amp;amp;trk=nav_responsive_tab_home","https:\/\/www.youtube.com\/channel\/UCxL0wu1uN0_3_7hGG0306cw"]},{"@type":"Person","@id":"https:\/\/www.bellunopress.it\/#\/schema\/person\/79bb06722b37ece1c03d3e94beb30d73","name":"r\u00e9daction","image":{"@type":"ImageObject","inLanguage":"fr-FR","@id":"https:\/\/secure.gravatar.com\/avatar\/37d968a2e67a6fd04c169c4bdef102d0bc5d31b2546345219e348575eb80e9a0?s=96&d=mm&r=g","url":"https:\/\/secure.gravatar.com\/avatar\/37d968a2e67a6fd04c169c4bdef102d0bc5d31b2546345219e348575eb80e9a0?s=96&d=mm&r=g","contentUrl":"https:\/\/secure.gravatar.com\/avatar\/37d968a2e67a6fd04c169c4bdef102d0bc5d31b2546345219e348575eb80e9a0?s=96&d=mm&r=g","caption":"redazione"},"sameAs":["http:\/\/www.bellunopress.it","https:\/\/x.com\/bellunopress"],"url":"https:\/\/www.bellunopress.it\/fr\/author\/redazione\/"}]}},"_links":{"self":[{"href":"https:\/\/www.bellunopress.it\/fr\/wp-json\/wp\/v2\/posts\/107337","targetHints":{"allow":["GET"]}}],"collection":[{"href":"https:\/\/www.bellunopress.it\/fr\/wp-json\/wp\/v2\/posts"}],"about":[{"href":"https:\/\/www.bellunopress.it\/fr\/wp-json\/wp\/v2\/types\/post"}],"author":[{"embeddable":true,"href":"https:\/\/www.bellunopress.it\/fr\/wp-json\/wp\/v2\/users\/2"}],"replies":[{"embeddable":true,"href":"https:\/\/www.bellunopress.it\/fr\/wp-json\/wp\/v2\/comments?post=107337"}],"version-history":[{"count":1,"href":"https:\/\/www.bellunopress.it\/fr\/wp-json\/wp\/v2\/posts\/107337\/revisions"}],"predecessor-version":[{"id":107338,"href":"https:\/\/www.bellunopress.it\/fr\/wp-json\/wp\/v2\/posts\/107337\/revisions\/107338"}],"wp:attachment":[{"href":"https:\/\/www.bellunopress.it\/fr\/wp-json\/wp\/v2\/media?parent=107337"}],"wp:term":[{"taxonomy":"category","embeddable":true,"href":"https:\/\/www.bellunopress.it\/fr\/wp-json\/wp\/v2\/categories?post=107337"},{"taxonomy":"post_tag","embeddable":true,"href":"https:\/\/www.bellunopress.it\/fr\/wp-json\/wp\/v2\/tags?post=107337"}],"curies":[{"name":"wp","href":"https:\/\/api.w.org\/{rel}","templated":true}]}}