{"id":107331,"date":"2019-08-26T10:17:06","date_gmt":"2019-08-26T08:17:06","guid":{"rendered":"http:\/\/www.bellunopress.it\/?p=107331"},"modified":"2019-08-26T23:08:02","modified_gmt":"2019-08-26T21:08:02","slug":"una-certa-idea-di-repubblica-da-gambetta-a-clemenceau-lunedi-alle-18-al-museo-darte-moderna-mario-rimoldi-di-cortina","status":"publish","type":"post","link":"https:\/\/www.bellunopress.it\/fr\/2019\/08\/26\/una-certa-idea-di-repubblica-da-gambetta-a-clemenceau-lunedi-alle-18-al-museo-darte-moderna-mario-rimoldi-di-cortina\/","title":{"rendered":"Una certa idea di repubblica, da Gambetta a Clemenceau. Luned\u00ec alle 18 al Museo d&#8217;Arte Moderna Mario Rimoldi di Cortina"},"content":{"rendered":"<p>Cortina d&#8217;Ampezzo. Nata da un compromesso provvisorio, la Terza Repubblica fu in Francia stagione di lunghissima durata. La nazione parve rinascere e ritrovarsi attorno a valori di parlamentarismo, pi\u00f9 forti di ogni vecchio notabilato. Certo, ci fu pure chi in Francia si sarebbe mostrato ostile ai parlamentari, giudicati dediti al professionismo della politica. Ben pi\u00f9 complessa fu la vicenda, anch&#8217;essa ricostruita da Luigi Compagna, di come la &#8220;repubblica&#8221; di Clemenceau abbia anticipato, in qualche punto, la &#8220;monarchia repubblicana&#8221; di De Gaulle. Quali paralleli (azzardati? Impossibili?) ha un senso tracciare con il mondo, e l&#8217;Italia di oggi? A Una Montagna di Libri, la festa internazionale della letteratura di Cortina d&#8217;Ampezzo, si interrogano tre raffinati interpreti dei cambiamenti della cultura, delle idee, della forma dello Stato.<\/p>\n<p><strong><a href=\"http:\/\/www.bellunopress.it\/fr\/2015\/12\/25\/una-montagna-di-libri\/una-montagna-di-libri-2015-16\/\" rel=\"attachment wp-att-74201\"><img loading=\"lazy\" decoding=\"async\" class=\"alignleft size-full wp-image-74201\" src=\"http:\/\/www.bellunopress.it\/wp-content\/uploads\/2015\/12\/una-montagna-di-libri-2015-16.jpg\" alt=\"\" width=\"300\" height=\"271\" \/><\/a>Luigi Compagna<\/strong><\/p>\n<p>Nato a Napoli nel 1948, ha insegnato Storia delle dottrine politiche alla LUISS \u00abGuido Carli\u00bb di Roma. Senatore liberale nella XI legislatura, poi rieletto varie volte, dirige con Antonio Patuelli, \u00abLibro Aperto\u00bb, la rivista fondata da Giovanni Malagodi, ed \u00e8 presidente dell&#8217;Istituto Storico Liberale. Fra le sue opere: Alle origini della libert\u00e0 di stampa nella Francia della Restaurazione (Laterza 1979); Gli opposti sentieri del costituzionalismo (Il Mulino 1998); Parlamentarismo antico e moderno (Lombardi 2003); Theodor Herzl (Rubbettino 2010) e Italia 1915 (Rubbettino 2015).<\/p>\n<p><strong>Gian Arturo Ferrari<\/strong><\/p>\n<p>Laureato in Lettere classiche all&#8217;Universit\u00e0 di Pavia, \u00e8 stato professore di Storia del pensiero scientifico, editor della Saggistica Mondadori nel 1984, direttore dei Libri Rizzoli nel 1986. E&#8217; stato dal 1997 al 2009 direttore generale della divisione Libri Mondadori, poi vice presidente di Mondadori. Dal 2010 al 2014 ha presieduto il Centro per il libro e la lettura.<\/p>\n<p><strong>Marina Valensise<\/strong><\/p>\n<p>Ha diretto l&#8217;Istituto italiano di cultura a Parigi. Collabora con \u00abIl Foglio\u00bb. Ha curato l&#8217;edizione italiana delle ultime opere di Fran\u00e7ois Furet. Ha pubblicato Sarkozy. La lezione francese (2007), L&#8217;H\u00f4tel de Galliffet (2015) e con Marsilio Il sole sorge a Sud (2012) e La cultura \u00e8 come la marmellata (2016).<\/p>\n<p>L&#8217;incontro con Luigi Compagna, Gian Arturo Ferrari e Marina Valensise \u00e8 quindi per luned\u00ec 26 agosto, ore 18, presso il Museo d&#8217;Arte Moderna Mario Rimoldi di Cortina d&#8217;Ampezzo. Ingresso libero fino a esaurimento posti.<\/p>\n<p>Una Montagna di Libri ritorna in autunno, sabato 21 settembre 2019. Long Litt Woon racconta la propria storia dalla Malesia alla Norvegia in un libro appassionante e travolgente, fatto di lutto, funghi e rinascita: La via del bosco (Iperborea). Per maggiori informazioni: unamontagnadilibri.it.<\/p>\n<p>&nbsp;<\/p>","protected":false},"excerpt":{"rendered":"<p>Cortina d&#8217;Ampezzo. Nata da un compromesso provvisorio, la Terza Repubblica fu in Francia stagione di lunghissima durata. La nazione parve rinascere e ritrovarsi attorno a valori di parlamentarismo, pi\u00f9 forti di ogni vecchio notabilato. Certo, ci fu pure chi in Francia si sarebbe mostrato ostile ai parlamentari, giudicati dediti al professionismo della politica. Ben pi\u00f9 [&hellip;]<\/p>\n","protected":false},"author":2,"featured_media":0,"comment_status":"closed","ping_status":"open","sticky":false,"template":"","format":"standard","meta":{"footnotes":""},"categories":[27,3],"tags":[],"class_list":["post-107331","post","type-post","status-publish","format-standard","category-appuntamenti","category-arte-cultura-spettacoli-scienza-archivi"],"yoast_head":"<!-- This site is optimized with the Yoast SEO plugin v28.4 - https:\/\/yoast.com\/product\/yoast-seo-wordpress\/ -->\n<title>Una certa idea di repubblica, da Gambetta a Clemenceau. Luned\u00ec alle 18 al Museo d&#039;Arte Moderna Mario Rimoldi di Cortina - Bellunopress - Dolomiti<\/title>\n<meta name=\"robots\" content=\"index, follow, max-snippet:-1, max-image-preview:large, max-video-preview:-1\" \/>\n<link rel=\"canonical\" href=\"https:\/\/www.bellunopress.it\/fr\/2019\/08\/26\/una-certa-idea-di-repubblica-da-gambetta-a-clemenceau-lunedi-alle-18-al-museo-darte-moderna-mario-rimoldi-di-cortina\/\" \/>\n<meta property=\"og:locale\" content=\"fr_FR\" \/>\n<meta property=\"og:type\" content=\"article\" \/>\n<meta property=\"og:title\" content=\"Una certa idea di repubblica, da Gambetta a Clemenceau. Luned\u00ec alle 18 al Museo d&#039;Arte Moderna Mario Rimoldi di Cortina - Bellunopress - Dolomiti\" \/>\n<meta property=\"og:description\" content=\"Cortina d&#8217;Ampezzo. Nata da un compromesso provvisorio, la Terza Repubblica fu in Francia stagione di lunghissima durata. La nazione parve rinascere e ritrovarsi attorno a valori di parlamentarismo, pi\u00f9 forti di ogni vecchio notabilato. Certo, ci fu pure chi in Francia si sarebbe mostrato ostile ai parlamentari, giudicati dediti al professionismo della politica. Ben pi\u00f9 [&hellip;]\" \/>\n<meta property=\"og:url\" content=\"https:\/\/www.bellunopress.it\/fr\/2019\/08\/26\/una-certa-idea-di-repubblica-da-gambetta-a-clemenceau-lunedi-alle-18-al-museo-darte-moderna-mario-rimoldi-di-cortina\/\" \/>\n<meta property=\"og:site_name\" content=\"Bellunopress - Dolomiti\" \/>\n<meta property=\"article:publisher\" content=\"https:\/\/www.facebook.com\/profile.php?id=100008943462799\" \/>\n<meta property=\"article:published_time\" content=\"2019-08-26T08:17:06+00:00\" \/>\n<meta property=\"article:modified_time\" content=\"2019-08-26T21:08:02+00:00\" \/>\n<meta property=\"og:image\" content=\"http:\/\/www.bellunopress.it\/wp-content\/uploads\/2015\/12\/una-montagna-di-libri-2015-16.jpg\" \/>\n<meta name=\"author\" content=\"redazione\" \/>\n<meta name=\"twitter:card\" content=\"summary_large_image\" \/>\n<meta name=\"twitter:creator\" content=\"@bellunopress\" \/>\n<meta name=\"twitter:site\" content=\"@bellunopress\" \/>\n<meta name=\"twitter:label1\" content=\"\u00c9crit par\" \/>\n\t<meta name=\"twitter:data1\" content=\"redazione\" \/>\n\t<meta name=\"twitter:label2\" content=\"Dur\u00e9e de lecture estim\u00e9e\" \/>\n\t<meta name=\"twitter:data2\" content=\"2 minutes\" \/>\n<script type=\"application\/ld+json\" class=\"yoast-schema-graph\">{\"@context\":\"https:\\\/\\\/schema.org\",\"@graph\":[{\"@type\":\"Article\",\"@id\":\"https:\\\/\\\/www.bellunopress.it\\\/2019\\\/08\\\/26\\\/una-certa-idea-di-repubblica-da-gambetta-a-clemenceau-lunedi-alle-18-al-museo-darte-moderna-mario-rimoldi-di-cortina\\\/#article\",\"isPartOf\":{\"@id\":\"https:\\\/\\\/www.bellunopress.it\\\/2019\\\/08\\\/26\\\/una-certa-idea-di-repubblica-da-gambetta-a-clemenceau-lunedi-alle-18-al-museo-darte-moderna-mario-rimoldi-di-cortina\\\/\"},\"author\":{\"name\":\"redazione\",\"@id\":\"https:\\\/\\\/www.bellunopress.it\\\/#\\\/schema\\\/person\\\/79bb06722b37ece1c03d3e94beb30d73\"},\"headline\":\"Una certa idea di repubblica, da Gambetta a Clemenceau. Luned\u00ec alle 18 al Museo d&#8217;Arte Moderna Mario Rimoldi di Cortina\",\"datePublished\":\"2019-08-26T08:17:06+00:00\",\"dateModified\":\"2019-08-26T21:08:02+00:00\",\"mainEntityOfPage\":{\"@id\":\"https:\\\/\\\/www.bellunopress.it\\\/2019\\\/08\\\/26\\\/una-certa-idea-di-repubblica-da-gambetta-a-clemenceau-lunedi-alle-18-al-museo-darte-moderna-mario-rimoldi-di-cortina\\\/\"},\"wordCount\":410,\"publisher\":{\"@id\":\"https:\\\/\\\/www.bellunopress.it\\\/#organization\"},\"image\":{\"@id\":\"https:\\\/\\\/www.bellunopress.it\\\/2019\\\/08\\\/26\\\/una-certa-idea-di-repubblica-da-gambetta-a-clemenceau-lunedi-alle-18-al-museo-darte-moderna-mario-rimoldi-di-cortina\\\/#primaryimage\"},\"thumbnailUrl\":\"http:\\\/\\\/www.bellunopress.it\\\/wp-content\\\/uploads\\\/2015\\\/12\\\/una-montagna-di-libri-2015-16.jpg\",\"articleSection\":[\"Appuntamenti, Eventi\",\"Arte, Cultura, Spettacoli, Scienza\"],\"inLanguage\":\"fr-FR\"},{\"@type\":\"WebPage\",\"@id\":\"https:\\\/\\\/www.bellunopress.it\\\/2019\\\/08\\\/26\\\/una-certa-idea-di-repubblica-da-gambetta-a-clemenceau-lunedi-alle-18-al-museo-darte-moderna-mario-rimoldi-di-cortina\\\/\",\"url\":\"https:\\\/\\\/www.bellunopress.it\\\/2019\\\/08\\\/26\\\/una-certa-idea-di-repubblica-da-gambetta-a-clemenceau-lunedi-alle-18-al-museo-darte-moderna-mario-rimoldi-di-cortina\\\/\",\"name\":\"Una certa idea di repubblica, da Gambetta a Clemenceau. Luned\u00ec alle 18 al Museo d'Arte Moderna Mario Rimoldi di Cortina - Bellunopress - Dolomiti\",\"isPartOf\":{\"@id\":\"https:\\\/\\\/www.bellunopress.it\\\/#website\"},\"primaryImageOfPage\":{\"@id\":\"https:\\\/\\\/www.bellunopress.it\\\/2019\\\/08\\\/26\\\/una-certa-idea-di-repubblica-da-gambetta-a-clemenceau-lunedi-alle-18-al-museo-darte-moderna-mario-rimoldi-di-cortina\\\/#primaryimage\"},\"image\":{\"@id\":\"https:\\\/\\\/www.bellunopress.it\\\/2019\\\/08\\\/26\\\/una-certa-idea-di-repubblica-da-gambetta-a-clemenceau-lunedi-alle-18-al-museo-darte-moderna-mario-rimoldi-di-cortina\\\/#primaryimage\"},\"thumbnailUrl\":\"http:\\\/\\\/www.bellunopress.it\\\/wp-content\\\/uploads\\\/2015\\\/12\\\/una-montagna-di-libri-2015-16.jpg\",\"datePublished\":\"2019-08-26T08:17:06+00:00\",\"dateModified\":\"2019-08-26T21:08:02+00:00\",\"breadcrumb\":{\"@id\":\"https:\\\/\\\/www.bellunopress.it\\\/2019\\\/08\\\/26\\\/una-certa-idea-di-repubblica-da-gambetta-a-clemenceau-lunedi-alle-18-al-museo-darte-moderna-mario-rimoldi-di-cortina\\\/#breadcrumb\"},\"inLanguage\":\"fr-FR\",\"potentialAction\":[{\"@type\":\"ReadAction\",\"target\":[\"https:\\\/\\\/www.bellunopress.it\\\/2019\\\/08\\\/26\\\/una-certa-idea-di-repubblica-da-gambetta-a-clemenceau-lunedi-alle-18-al-museo-darte-moderna-mario-rimoldi-di-cortina\\\/\"]}]},{\"@type\":\"ImageObject\",\"inLanguage\":\"fr-FR\",\"@id\":\"https:\\\/\\\/www.bellunopress.it\\\/2019\\\/08\\\/26\\\/una-certa-idea-di-repubblica-da-gambetta-a-clemenceau-lunedi-alle-18-al-museo-darte-moderna-mario-rimoldi-di-cortina\\\/#primaryimage\",\"url\":\"http:\\\/\\\/www.bellunopress.it\\\/wp-content\\\/uploads\\\/2015\\\/12\\\/una-montagna-di-libri-2015-16.jpg\",\"contentUrl\":\"http:\\\/\\\/www.bellunopress.it\\\/wp-content\\\/uploads\\\/2015\\\/12\\\/una-montagna-di-libri-2015-16.jpg\"},{\"@type\":\"BreadcrumbList\",\"@id\":\"https:\\\/\\\/www.bellunopress.it\\\/2019\\\/08\\\/26\\\/una-certa-idea-di-repubblica-da-gambetta-a-clemenceau-lunedi-alle-18-al-museo-darte-moderna-mario-rimoldi-di-cortina\\\/#breadcrumb\",\"itemListElement\":[{\"@type\":\"ListItem\",\"position\":1,\"name\":\"Home\",\"item\":\"https:\\\/\\\/www.bellunopress.it\\\/\"},{\"@type\":\"ListItem\",\"position\":2,\"name\":\"Una certa idea di repubblica, da Gambetta a Clemenceau. Luned\u00ec alle 18 al Museo d&#8217;Arte Moderna Mario Rimoldi di Cortina\"}]},{\"@type\":\"WebSite\",\"@id\":\"https:\\\/\\\/www.bellunopress.it\\\/#website\",\"url\":\"https:\\\/\\\/www.bellunopress.it\\\/\",\"name\":\"Bellunopress - Dolomiti\",\"description\":\"e-mail: redazione@bellunopress.it\",\"publisher\":{\"@id\":\"https:\\\/\\\/www.bellunopress.it\\\/#organization\"},\"potentialAction\":[{\"@type\":\"SearchAction\",\"target\":{\"@type\":\"EntryPoint\",\"urlTemplate\":\"https:\\\/\\\/www.bellunopress.it\\\/?s={search_term_string}\"},\"query-input\":{\"@type\":\"PropertyValueSpecification\",\"valueRequired\":true,\"valueName\":\"search_term_string\"}}],\"inLanguage\":\"fr-FR\"},{\"@type\":\"Organization\",\"@id\":\"https:\\\/\\\/www.bellunopress.it\\\/#organization\",\"name\":\"Bellunopress\",\"url\":\"https:\\\/\\\/www.bellunopress.it\\\/\",\"logo\":{\"@type\":\"ImageObject\",\"inLanguage\":\"fr-FR\",\"@id\":\"https:\\\/\\\/www.bellunopress.it\\\/#\\\/schema\\\/logo\\\/image\\\/\",\"url\":\"https:\\\/\\\/www.bellunopress.it\\\/wp-content\\\/uploads\\\/2011\\\/05\\\/cropped-logo-bellunopress-.jpg\",\"contentUrl\":\"https:\\\/\\\/www.bellunopress.it\\\/wp-content\\\/uploads\\\/2011\\\/05\\\/cropped-logo-bellunopress-.jpg\",\"width\":512,\"height\":512,\"caption\":\"Bellunopress\"},\"image\":{\"@id\":\"https:\\\/\\\/www.bellunopress.it\\\/#\\\/schema\\\/logo\\\/image\\\/\"},\"sameAs\":[\"https:\\\/\\\/www.facebook.com\\\/profile.php?id=100008943462799\",\"https:\\\/\\\/x.com\\\/bellunopress\",\"https:\\\/\\\/www.linkedin.com\\\/hp\\\/?dnr=JBzUWaJfMUw8vbXJJ2tVW5-I3jZKvC4wsoxE&amp;amp;amp;amp;amp;amp;trk=nav_responsive_tab_home\",\"https:\\\/\\\/www.youtube.com\\\/channel\\\/UCxL0wu1uN0_3_7hGG0306cw\"]},{\"@type\":\"Person\",\"@id\":\"https:\\\/\\\/www.bellunopress.it\\\/#\\\/schema\\\/person\\\/79bb06722b37ece1c03d3e94beb30d73\",\"name\":\"redazione\",\"image\":{\"@type\":\"ImageObject\",\"inLanguage\":\"fr-FR\",\"@id\":\"https:\\\/\\\/secure.gravatar.com\\\/avatar\\\/37d968a2e67a6fd04c169c4bdef102d0bc5d31b2546345219e348575eb80e9a0?s=96&d=mm&r=g\",\"url\":\"https:\\\/\\\/secure.gravatar.com\\\/avatar\\\/37d968a2e67a6fd04c169c4bdef102d0bc5d31b2546345219e348575eb80e9a0?s=96&d=mm&r=g\",\"contentUrl\":\"https:\\\/\\\/secure.gravatar.com\\\/avatar\\\/37d968a2e67a6fd04c169c4bdef102d0bc5d31b2546345219e348575eb80e9a0?s=96&d=mm&r=g\",\"caption\":\"redazione\"},\"sameAs\":[\"http:\\\/\\\/www.bellunopress.it\",\"https:\\\/\\\/x.com\\\/bellunopress\"],\"url\":\"https:\\\/\\\/www.bellunopress.it\\\/fr\\\/author\\\/redazione\\\/\"}]}<\/script>\n<!-- \/ Yoast SEO plugin. -->","yoast_head_json":{"title":"Una certa idea di repubblica, da Gambetta a Clemenceau. Luned\u00ec alle 18 al Museo d'Arte Moderna Mario Rimoldi di Cortina - Bellunopress - Dolomiti","robots":{"index":"index","follow":"follow","max-snippet":"max-snippet:-1","max-image-preview":"max-image-preview:large","max-video-preview":"max-video-preview:-1"},"canonical":"https:\/\/www.bellunopress.it\/fr\/2019\/08\/26\/una-certa-idea-di-repubblica-da-gambetta-a-clemenceau-lunedi-alle-18-al-museo-darte-moderna-mario-rimoldi-di-cortina\/","og_locale":"fr_FR","og_type":"article","og_title":"Una certa idea di repubblica, da Gambetta a Clemenceau. Luned\u00ec alle 18 al Museo d'Arte Moderna Mario Rimoldi di Cortina - Bellunopress - Dolomiti","og_description":"Cortina d&#8217;Ampezzo. Nata da un compromesso provvisorio, la Terza Repubblica fu in Francia stagione di lunghissima durata. La nazione parve rinascere e ritrovarsi attorno a valori di parlamentarismo, pi\u00f9 forti di ogni vecchio notabilato. Certo, ci fu pure chi in Francia si sarebbe mostrato ostile ai parlamentari, giudicati dediti al professionismo della politica. Ben pi\u00f9 [&hellip;]","og_url":"https:\/\/www.bellunopress.it\/fr\/2019\/08\/26\/una-certa-idea-di-repubblica-da-gambetta-a-clemenceau-lunedi-alle-18-al-museo-darte-moderna-mario-rimoldi-di-cortina\/","og_site_name":"Bellunopress - Dolomiti","article_publisher":"https:\/\/www.facebook.com\/profile.php?id=100008943462799","article_published_time":"2019-08-26T08:17:06+00:00","article_modified_time":"2019-08-26T21:08:02+00:00","og_image":[{"url":"http:\/\/www.bellunopress.it\/wp-content\/uploads\/2015\/12\/una-montagna-di-libri-2015-16.jpg","type":"","width":"","height":""}],"author":"redazione","twitter_card":"summary_large_image","twitter_creator":"@bellunopress","twitter_site":"@bellunopress","twitter_misc":{"\u00c9crit par":"redazione","Dur\u00e9e de lecture estim\u00e9e":"2 minutes"},"schema":{"@context":"https:\/\/schema.org","@graph":[{"@type":"Article","@id":"https:\/\/www.bellunopress.it\/2019\/08\/26\/una-certa-idea-di-repubblica-da-gambetta-a-clemenceau-lunedi-alle-18-al-museo-darte-moderna-mario-rimoldi-di-cortina\/#article","isPartOf":{"@id":"https:\/\/www.bellunopress.it\/2019\/08\/26\/una-certa-idea-di-repubblica-da-gambetta-a-clemenceau-lunedi-alle-18-al-museo-darte-moderna-mario-rimoldi-di-cortina\/"},"author":{"name":"redazione","@id":"https:\/\/www.bellunopress.it\/#\/schema\/person\/79bb06722b37ece1c03d3e94beb30d73"},"headline":"Una certa idea di repubblica, da Gambetta a Clemenceau. Luned\u00ec alle 18 al Museo d&#8217;Arte Moderna Mario Rimoldi di Cortina","datePublished":"2019-08-26T08:17:06+00:00","dateModified":"2019-08-26T21:08:02+00:00","mainEntityOfPage":{"@id":"https:\/\/www.bellunopress.it\/2019\/08\/26\/una-certa-idea-di-repubblica-da-gambetta-a-clemenceau-lunedi-alle-18-al-museo-darte-moderna-mario-rimoldi-di-cortina\/"},"wordCount":410,"publisher":{"@id":"https:\/\/www.bellunopress.it\/#organization"},"image":{"@id":"https:\/\/www.bellunopress.it\/2019\/08\/26\/una-certa-idea-di-repubblica-da-gambetta-a-clemenceau-lunedi-alle-18-al-museo-darte-moderna-mario-rimoldi-di-cortina\/#primaryimage"},"thumbnailUrl":"http:\/\/www.bellunopress.it\/wp-content\/uploads\/2015\/12\/una-montagna-di-libri-2015-16.jpg","articleSection":["Appuntamenti, Eventi","Arte, Cultura, Spettacoli, Scienza"],"inLanguage":"fr-FR"},{"@type":"WebPage","@id":"https:\/\/www.bellunopress.it\/2019\/08\/26\/una-certa-idea-di-repubblica-da-gambetta-a-clemenceau-lunedi-alle-18-al-museo-darte-moderna-mario-rimoldi-di-cortina\/","url":"https:\/\/www.bellunopress.it\/2019\/08\/26\/una-certa-idea-di-repubblica-da-gambetta-a-clemenceau-lunedi-alle-18-al-museo-darte-moderna-mario-rimoldi-di-cortina\/","name":"Una certa idea di repubblica, da Gambetta a Clemenceau. Luned\u00ec alle 18 al Museo d'Arte Moderna Mario Rimoldi di Cortina - Bellunopress - Dolomiti","isPartOf":{"@id":"https:\/\/www.bellunopress.it\/#website"},"primaryImageOfPage":{"@id":"https:\/\/www.bellunopress.it\/2019\/08\/26\/una-certa-idea-di-repubblica-da-gambetta-a-clemenceau-lunedi-alle-18-al-museo-darte-moderna-mario-rimoldi-di-cortina\/#primaryimage"},"image":{"@id":"https:\/\/www.bellunopress.it\/2019\/08\/26\/una-certa-idea-di-repubblica-da-gambetta-a-clemenceau-lunedi-alle-18-al-museo-darte-moderna-mario-rimoldi-di-cortina\/#primaryimage"},"thumbnailUrl":"http:\/\/www.bellunopress.it\/wp-content\/uploads\/2015\/12\/una-montagna-di-libri-2015-16.jpg","datePublished":"2019-08-26T08:17:06+00:00","dateModified":"2019-08-26T21:08:02+00:00","breadcrumb":{"@id":"https:\/\/www.bellunopress.it\/2019\/08\/26\/una-certa-idea-di-repubblica-da-gambetta-a-clemenceau-lunedi-alle-18-al-museo-darte-moderna-mario-rimoldi-di-cortina\/#breadcrumb"},"inLanguage":"fr-FR","potentialAction":[{"@type":"ReadAction","target":["https:\/\/www.bellunopress.it\/2019\/08\/26\/una-certa-idea-di-repubblica-da-gambetta-a-clemenceau-lunedi-alle-18-al-museo-darte-moderna-mario-rimoldi-di-cortina\/"]}]},{"@type":"ImageObject","inLanguage":"fr-FR","@id":"https:\/\/www.bellunopress.it\/2019\/08\/26\/una-certa-idea-di-repubblica-da-gambetta-a-clemenceau-lunedi-alle-18-al-museo-darte-moderna-mario-rimoldi-di-cortina\/#primaryimage","url":"http:\/\/www.bellunopress.it\/wp-content\/uploads\/2015\/12\/una-montagna-di-libri-2015-16.jpg","contentUrl":"http:\/\/www.bellunopress.it\/wp-content\/uploads\/2015\/12\/una-montagna-di-libri-2015-16.jpg"},{"@type":"BreadcrumbList","@id":"https:\/\/www.bellunopress.it\/2019\/08\/26\/una-certa-idea-di-repubblica-da-gambetta-a-clemenceau-lunedi-alle-18-al-museo-darte-moderna-mario-rimoldi-di-cortina\/#breadcrumb","itemListElement":[{"@type":"ListItem","position":1,"name":"Home","item":"https:\/\/www.bellunopress.it\/"},{"@type":"ListItem","position":2,"name":"Una certa idea di repubblica, da Gambetta a Clemenceau. Luned\u00ec alle 18 al Museo d&#8217;Arte Moderna Mario Rimoldi di Cortina"}]},{"@type":"WebSite","@id":"https:\/\/www.bellunopress.it\/#website","url":"https:\/\/www.bellunopress.it\/","name":"Bellunopress - Dolomiti","description":"e-mail: redazione@bellunopress.it","publisher":{"@id":"https:\/\/www.bellunopress.it\/#organization"},"potentialAction":[{"@type":"SearchAction","target":{"@type":"EntryPoint","urlTemplate":"https:\/\/www.bellunopress.it\/?s={search_term_string}"},"query-input":{"@type":"PropertyValueSpecification","valueRequired":true,"valueName":"search_term_string"}}],"inLanguage":"fr-FR"},{"@type":"Organization","@id":"https:\/\/www.bellunopress.it\/#organization","name":"Bellunopress","url":"https:\/\/www.bellunopress.it\/","logo":{"@type":"ImageObject","inLanguage":"fr-FR","@id":"https:\/\/www.bellunopress.it\/#\/schema\/logo\/image\/","url":"https:\/\/www.bellunopress.it\/wp-content\/uploads\/2011\/05\/cropped-logo-bellunopress-.jpg","contentUrl":"https:\/\/www.bellunopress.it\/wp-content\/uploads\/2011\/05\/cropped-logo-bellunopress-.jpg","width":512,"height":512,"caption":"Bellunopress"},"image":{"@id":"https:\/\/www.bellunopress.it\/#\/schema\/logo\/image\/"},"sameAs":["https:\/\/www.facebook.com\/profile.php?id=100008943462799","https:\/\/x.com\/bellunopress","https:\/\/www.linkedin.com\/hp\/?dnr=JBzUWaJfMUw8vbXJJ2tVW5-I3jZKvC4wsoxE&amp;amp;amp;amp;amp;amp;trk=nav_responsive_tab_home","https:\/\/www.youtube.com\/channel\/UCxL0wu1uN0_3_7hGG0306cw"]},{"@type":"Person","@id":"https:\/\/www.bellunopress.it\/#\/schema\/person\/79bb06722b37ece1c03d3e94beb30d73","name":"r\u00e9daction","image":{"@type":"ImageObject","inLanguage":"fr-FR","@id":"https:\/\/secure.gravatar.com\/avatar\/37d968a2e67a6fd04c169c4bdef102d0bc5d31b2546345219e348575eb80e9a0?s=96&d=mm&r=g","url":"https:\/\/secure.gravatar.com\/avatar\/37d968a2e67a6fd04c169c4bdef102d0bc5d31b2546345219e348575eb80e9a0?s=96&d=mm&r=g","contentUrl":"https:\/\/secure.gravatar.com\/avatar\/37d968a2e67a6fd04c169c4bdef102d0bc5d31b2546345219e348575eb80e9a0?s=96&d=mm&r=g","caption":"redazione"},"sameAs":["http:\/\/www.bellunopress.it","https:\/\/x.com\/bellunopress"],"url":"https:\/\/www.bellunopress.it\/fr\/author\/redazione\/"}]}},"_links":{"self":[{"href":"https:\/\/www.bellunopress.it\/fr\/wp-json\/wp\/v2\/posts\/107331","targetHints":{"allow":["GET"]}}],"collection":[{"href":"https:\/\/www.bellunopress.it\/fr\/wp-json\/wp\/v2\/posts"}],"about":[{"href":"https:\/\/www.bellunopress.it\/fr\/wp-json\/wp\/v2\/types\/post"}],"author":[{"embeddable":true,"href":"https:\/\/www.bellunopress.it\/fr\/wp-json\/wp\/v2\/users\/2"}],"replies":[{"embeddable":true,"href":"https:\/\/www.bellunopress.it\/fr\/wp-json\/wp\/v2\/comments?post=107331"}],"version-history":[{"count":1,"href":"https:\/\/www.bellunopress.it\/fr\/wp-json\/wp\/v2\/posts\/107331\/revisions"}],"predecessor-version":[{"id":107332,"href":"https:\/\/www.bellunopress.it\/fr\/wp-json\/wp\/v2\/posts\/107331\/revisions\/107332"}],"wp:attachment":[{"href":"https:\/\/www.bellunopress.it\/fr\/wp-json\/wp\/v2\/media?parent=107331"}],"wp:term":[{"taxonomy":"category","embeddable":true,"href":"https:\/\/www.bellunopress.it\/fr\/wp-json\/wp\/v2\/categories?post=107331"},{"taxonomy":"post_tag","embeddable":true,"href":"https:\/\/www.bellunopress.it\/fr\/wp-json\/wp\/v2\/tags?post=107331"}],"curies":[{"name":"wp","href":"https:\/\/api.w.org\/{rel}","templated":true}]}}