{"id":107327,"date":"2019-08-26T08:52:04","date_gmt":"2019-08-26T06:52:04","guid":{"rendered":"http:\/\/www.bellunopress.it\/?p=107327"},"modified":"2019-08-26T08:52:05","modified_gmt":"2019-08-26T06:52:05","slug":"belluno-kids-festival-lunedi-26-e-martedi-27-agosto-in-centro-citta","status":"publish","type":"post","link":"https:\/\/www.bellunopress.it\/fr\/2019\/08\/26\/belluno-kids-festival-lunedi-26-e-martedi-27-agosto-in-centro-citta\/","title":{"rendered":"Belluno Kids Festival, luned\u00ec 26 e marted\u00ec 27 agosto in centro citt\u00e0"},"content":{"rendered":"<p>Partir\u00e0 delicatamente la prima edizione del Belluno Kids festival, e lo far\u00e0&#8230; in bicicletta.<br \/>\nSaranno infatti le &#8220;Storie delle LiberBici&#8221; ad invadere il centro storico di Belluno nelle prime due giornate di Festival.<br \/>\n<a href=\"http:\/\/www.bellunopress.it\/fr\/2019\/08\/26\/belluno-kids-festival-lunedi-26-e-martedi-27-agosto-in-centro-citta\/liberbici\/\" rel=\"attachment wp-att-107328\"><img loading=\"lazy\" decoding=\"async\" class=\"alignleft size-full wp-image-107328\" src=\"http:\/\/www.bellunopress.it\/wp-content\/uploads\/2019\/08\/liberbici.jpg\" alt=\"\" width=\"300\" height=\"284\" \/><\/a>Tre le postazioni individuate, nelle quali gi\u00e0 da sabato sono presenti dei cartelli stradali indicanti il \u201cpunto spettacolo\u201d dove si fermer\u00e0, appunto, la LiberBici: alle 16.00 in piazza delle Erbe, alle 17.00 alla fontana di Piazza dei Martiri e alle 18.00 ai giardini di Parco Bologna.<\/p>\n<p>Michele Volpi\u00a0(Rinoceronte Teatro)\u00a0&#8211; formatore nazionale di volontari per\u00a0Nati per Leggere\u00a0&#8211; che, con la sua\u00a0LiberBici\u00a0(costruita su misura grazie all\u2019aiuto di un fabbro e di un meccanico) proporr\u00e0 alcuni frammenti dello spettacolo &#8220;La Bici(c)L\u00e8tta: letture e storie di bici, pedali, libri e letteratura&#8230; immersi nella natura!&#8221; Insomma, racconti per le infanzie di tutte le et\u00e0, servite in un originale format che riesce a catturare l&#8217;attenzione dei giovanissimi &#8211; ma non solo &#8211; attraverso l&#8217;interazione e la partecipazione del pubblico.<\/p>\n<p>\u201cLeggo ai bambini per coinvolgere gli adulti&#8221;, spiega Michele, che ci raggiunger\u00e0\u00a0a bordo della sua Atala bianca, con una cassetta stracolma di libri sul portapacchi.<br \/>\nNella sua vita, si \u00e8 sempre occupato di formazione, letteratura e teatro, con tanto di accademia di cinema e doppiaggio. Ama leggere e ha questo forte e coinvolgente desiderio di trasmettere la sua passione agli altri, cominciando dai pi\u00f9 piccoli, ma non solo:\u00a0da una decina di anni, infatti, si dedica alla lettura espressiva e ad alta voce; a Perugia ha fondato il circolo Letture ad alta voce e\u00a0ha fatto sempre volontariato nel sociale, per portare la cultura negli ospedali e nelle residenze per anziani.\u00a0Questo suo impegno lo ha portato all&#8217;attenzione della Segreteria del programma nazionale Nati per Leggere, che lo ha contattato e poi selezionato come formatore di persone che un domani si occuperanno della diffusione e della conoscenza della letteratura per l&#8217;infanzia.<\/p>\n<p>Nelle cassette \u2018caricate\u2019 sulla sua\u00a0LiberBici\u00a0ci sono decine e decine di albi e libri illustrati.<br \/>\n&#8220;Propongo diversi menu di libri e storie \u2013 spiega Michele \u2013 e cerco di variare le &#8216;portate&#8217; proprio come al ristorante. E, proprio come al ristorante, \u00e8 il pubblico a ordinare i piatti, a fronte di una modica offerta indicata accanto alle &#8216;ricette&#8217;. Ci sono antipasti, primi piatti, secondi, dolci e bibite, questi ultimi proprio i preferiti dei bambini. Spesso i racconti sono a tema, come, ad esempio, i &#8216;piatti vegetariani&#8217;, le cui storie che parlano di natura ed ecologia, ma anche i grandi classici, a volte rivisitati. Attraverso gli albi illustrati mi seguono tutti, dai pi\u00f9 piccoli fino ai ragazzini di 12-13 anni, compresi i genitori. Ai bambini di oggi \u2013 chiude Michele &#8211; come a quelli di ieri, piace ascoltare favole e fiabe, hanno una predisposizione naturale verso le storie. Ai pi\u00f9 grandi, invece, serve per riflettere su tante tematiche diverse ma anche per farsi due risate sull\u2019aspetto pi\u00f9 comico delle storie che racconto&#8221;.<br \/>\nUn cantastorie che potrebbe sembrare un po&#8217; stravagante, ma che conduce tutti per mano alla scoperta o ri-scoperta della libert\u00e0 della lettura e degli spostamenti sostenibili, con simpatia, umanit\u00e0 e allegria. Vale la pena incontrarlo, ascoltarlo, conoscerlo, insomma.<\/p>\n<p>La sera invece Belluno Kids propone le &#8220;Letture in attesa del buio&#8221; alle 21.00 al Giardino Loris Tormen sotto Palazzo Rosso. Un albero. Il buio. Pochi libri. Racconti quanto basta. Questi gli ingredienti per una performance dedicata ai bambini gi\u00e0 grandi (ma non del tutto) che sfideranno il calare della sera per ascoltare storie di avventura, di coraggio e&#8230;. di buio! A condurre per mano gli spettatori sar\u00e0 sempre Michele Volpi che, parcheggiata la bicicletta, indosser\u00e0 i panni del cantastorie notturno.<\/p>\n<p>Tutti gli spettacoli sono ad ingresso libero e gratuito. In caso di maltempo gli spettacoli della Liberbici si terranno sotto i portici della citt\u00e0 e le Letture in attesa del buio sotto i portici della Prefettura in Piazza Duomo.<\/p>","protected":false},"excerpt":{"rendered":"<p>Partir\u00e0 delicatamente la prima edizione del Belluno Kids festival, e lo far\u00e0&#8230; in bicicletta. Saranno infatti le &#8220;Storie delle LiberBici&#8221; ad invadere il centro storico di Belluno nelle prime due giornate di Festival. Tre le postazioni individuate, nelle quali gi\u00e0 da sabato sono presenti dei cartelli stradali indicanti il \u201cpunto spettacolo\u201d dove si fermer\u00e0, appunto, [&hellip;]<\/p>\n","protected":false},"author":2,"featured_media":0,"comment_status":"closed","ping_status":"open","sticky":false,"template":"","format":"standard","meta":{"footnotes":""},"categories":[27,3,25],"tags":[],"class_list":["post-107327","post","type-post","status-publish","format-standard","category-appuntamenti","category-arte-cultura-spettacoli-scienza-archivi","category-pausa-caffe"],"yoast_head":"<!-- This site is optimized with the Yoast SEO plugin v28.4 - https:\/\/yoast.com\/product\/yoast-seo-wordpress\/ -->\n<title>Belluno Kids Festival, luned\u00ec 26 e marted\u00ec 27 agosto in centro citt\u00e0 - Bellunopress - Dolomiti<\/title>\n<meta name=\"robots\" content=\"index, follow, max-snippet:-1, max-image-preview:large, max-video-preview:-1\" \/>\n<link rel=\"canonical\" href=\"https:\/\/www.bellunopress.it\/fr\/2019\/08\/26\/belluno-kids-festival-lunedi-26-e-martedi-27-agosto-in-centro-citta\/\" \/>\n<meta property=\"og:locale\" content=\"fr_FR\" \/>\n<meta property=\"og:type\" content=\"article\" \/>\n<meta property=\"og:title\" content=\"Belluno Kids Festival, luned\u00ec 26 e marted\u00ec 27 agosto in centro citt\u00e0 - Bellunopress - Dolomiti\" \/>\n<meta property=\"og:description\" content=\"Partir\u00e0 delicatamente la prima edizione del Belluno Kids festival, e lo far\u00e0&#8230; in bicicletta. Saranno infatti le &#8220;Storie delle LiberBici&#8221; ad invadere il centro storico di Belluno nelle prime due giornate di Festival. Tre le postazioni individuate, nelle quali gi\u00e0 da sabato sono presenti dei cartelli stradali indicanti il \u201cpunto spettacolo\u201d dove si fermer\u00e0, appunto, [&hellip;]\" \/>\n<meta property=\"og:url\" content=\"https:\/\/www.bellunopress.it\/fr\/2019\/08\/26\/belluno-kids-festival-lunedi-26-e-martedi-27-agosto-in-centro-citta\/\" \/>\n<meta property=\"og:site_name\" content=\"Bellunopress - Dolomiti\" \/>\n<meta property=\"article:publisher\" content=\"https:\/\/www.facebook.com\/profile.php?id=100008943462799\" \/>\n<meta property=\"article:published_time\" content=\"2019-08-26T06:52:04+00:00\" \/>\n<meta property=\"article:modified_time\" content=\"2019-08-26T06:52:05+00:00\" \/>\n<meta property=\"og:image\" content=\"http:\/\/www.bellunopress.it\/wp-content\/uploads\/2019\/08\/liberbici.jpg\" \/>\n<meta name=\"author\" content=\"redazione\" \/>\n<meta name=\"twitter:card\" content=\"summary_large_image\" \/>\n<meta name=\"twitter:creator\" content=\"@bellunopress\" \/>\n<meta name=\"twitter:site\" content=\"@bellunopress\" \/>\n<meta name=\"twitter:label1\" content=\"\u00c9crit par\" \/>\n\t<meta name=\"twitter:data1\" content=\"redazione\" \/>\n\t<meta name=\"twitter:label2\" content=\"Dur\u00e9e de lecture estim\u00e9e\" \/>\n\t<meta name=\"twitter:data2\" content=\"3 minutes\" \/>\n<script type=\"application\/ld+json\" class=\"yoast-schema-graph\">{\"@context\":\"https:\\\/\\\/schema.org\",\"@graph\":[{\"@type\":\"Article\",\"@id\":\"https:\\\/\\\/www.bellunopress.it\\\/2019\\\/08\\\/26\\\/belluno-kids-festival-lunedi-26-e-martedi-27-agosto-in-centro-citta\\\/#article\",\"isPartOf\":{\"@id\":\"https:\\\/\\\/www.bellunopress.it\\\/2019\\\/08\\\/26\\\/belluno-kids-festival-lunedi-26-e-martedi-27-agosto-in-centro-citta\\\/\"},\"author\":{\"name\":\"redazione\",\"@id\":\"https:\\\/\\\/www.bellunopress.it\\\/#\\\/schema\\\/person\\\/79bb06722b37ece1c03d3e94beb30d73\"},\"headline\":\"Belluno Kids Festival, luned\u00ec 26 e marted\u00ec 27 agosto in centro citt\u00e0\",\"datePublished\":\"2019-08-26T06:52:04+00:00\",\"dateModified\":\"2019-08-26T06:52:05+00:00\",\"mainEntityOfPage\":{\"@id\":\"https:\\\/\\\/www.bellunopress.it\\\/2019\\\/08\\\/26\\\/belluno-kids-festival-lunedi-26-e-martedi-27-agosto-in-centro-citta\\\/\"},\"wordCount\":654,\"publisher\":{\"@id\":\"https:\\\/\\\/www.bellunopress.it\\\/#organization\"},\"image\":{\"@id\":\"https:\\\/\\\/www.bellunopress.it\\\/2019\\\/08\\\/26\\\/belluno-kids-festival-lunedi-26-e-martedi-27-agosto-in-centro-citta\\\/#primaryimage\"},\"thumbnailUrl\":\"http:\\\/\\\/www.bellunopress.it\\\/wp-content\\\/uploads\\\/2019\\\/08\\\/liberbici.jpg\",\"articleSection\":[\"Appuntamenti, Eventi\",\"Arte, Cultura, Spettacoli, Scienza\",\"Pausa Caff\u00e8\"],\"inLanguage\":\"fr-FR\"},{\"@type\":\"WebPage\",\"@id\":\"https:\\\/\\\/www.bellunopress.it\\\/2019\\\/08\\\/26\\\/belluno-kids-festival-lunedi-26-e-martedi-27-agosto-in-centro-citta\\\/\",\"url\":\"https:\\\/\\\/www.bellunopress.it\\\/2019\\\/08\\\/26\\\/belluno-kids-festival-lunedi-26-e-martedi-27-agosto-in-centro-citta\\\/\",\"name\":\"Belluno Kids Festival, luned\u00ec 26 e marted\u00ec 27 agosto in centro citt\u00e0 - Bellunopress - Dolomiti\",\"isPartOf\":{\"@id\":\"https:\\\/\\\/www.bellunopress.it\\\/#website\"},\"primaryImageOfPage\":{\"@id\":\"https:\\\/\\\/www.bellunopress.it\\\/2019\\\/08\\\/26\\\/belluno-kids-festival-lunedi-26-e-martedi-27-agosto-in-centro-citta\\\/#primaryimage\"},\"image\":{\"@id\":\"https:\\\/\\\/www.bellunopress.it\\\/2019\\\/08\\\/26\\\/belluno-kids-festival-lunedi-26-e-martedi-27-agosto-in-centro-citta\\\/#primaryimage\"},\"thumbnailUrl\":\"http:\\\/\\\/www.bellunopress.it\\\/wp-content\\\/uploads\\\/2019\\\/08\\\/liberbici.jpg\",\"datePublished\":\"2019-08-26T06:52:04+00:00\",\"dateModified\":\"2019-08-26T06:52:05+00:00\",\"breadcrumb\":{\"@id\":\"https:\\\/\\\/www.bellunopress.it\\\/2019\\\/08\\\/26\\\/belluno-kids-festival-lunedi-26-e-martedi-27-agosto-in-centro-citta\\\/#breadcrumb\"},\"inLanguage\":\"fr-FR\",\"potentialAction\":[{\"@type\":\"ReadAction\",\"target\":[\"https:\\\/\\\/www.bellunopress.it\\\/2019\\\/08\\\/26\\\/belluno-kids-festival-lunedi-26-e-martedi-27-agosto-in-centro-citta\\\/\"]}]},{\"@type\":\"ImageObject\",\"inLanguage\":\"fr-FR\",\"@id\":\"https:\\\/\\\/www.bellunopress.it\\\/2019\\\/08\\\/26\\\/belluno-kids-festival-lunedi-26-e-martedi-27-agosto-in-centro-citta\\\/#primaryimage\",\"url\":\"http:\\\/\\\/www.bellunopress.it\\\/wp-content\\\/uploads\\\/2019\\\/08\\\/liberbici.jpg\",\"contentUrl\":\"http:\\\/\\\/www.bellunopress.it\\\/wp-content\\\/uploads\\\/2019\\\/08\\\/liberbici.jpg\"},{\"@type\":\"BreadcrumbList\",\"@id\":\"https:\\\/\\\/www.bellunopress.it\\\/2019\\\/08\\\/26\\\/belluno-kids-festival-lunedi-26-e-martedi-27-agosto-in-centro-citta\\\/#breadcrumb\",\"itemListElement\":[{\"@type\":\"ListItem\",\"position\":1,\"name\":\"Home\",\"item\":\"https:\\\/\\\/www.bellunopress.it\\\/\"},{\"@type\":\"ListItem\",\"position\":2,\"name\":\"Belluno Kids Festival, luned\u00ec 26 e marted\u00ec 27 agosto in centro citt\u00e0\"}]},{\"@type\":\"WebSite\",\"@id\":\"https:\\\/\\\/www.bellunopress.it\\\/#website\",\"url\":\"https:\\\/\\\/www.bellunopress.it\\\/\",\"name\":\"Bellunopress - Dolomiti\",\"description\":\"e-mail: redazione@bellunopress.it\",\"publisher\":{\"@id\":\"https:\\\/\\\/www.bellunopress.it\\\/#organization\"},\"potentialAction\":[{\"@type\":\"SearchAction\",\"target\":{\"@type\":\"EntryPoint\",\"urlTemplate\":\"https:\\\/\\\/www.bellunopress.it\\\/?s={search_term_string}\"},\"query-input\":{\"@type\":\"PropertyValueSpecification\",\"valueRequired\":true,\"valueName\":\"search_term_string\"}}],\"inLanguage\":\"fr-FR\"},{\"@type\":\"Organization\",\"@id\":\"https:\\\/\\\/www.bellunopress.it\\\/#organization\",\"name\":\"Bellunopress\",\"url\":\"https:\\\/\\\/www.bellunopress.it\\\/\",\"logo\":{\"@type\":\"ImageObject\",\"inLanguage\":\"fr-FR\",\"@id\":\"https:\\\/\\\/www.bellunopress.it\\\/#\\\/schema\\\/logo\\\/image\\\/\",\"url\":\"https:\\\/\\\/www.bellunopress.it\\\/wp-content\\\/uploads\\\/2011\\\/05\\\/cropped-logo-bellunopress-.jpg\",\"contentUrl\":\"https:\\\/\\\/www.bellunopress.it\\\/wp-content\\\/uploads\\\/2011\\\/05\\\/cropped-logo-bellunopress-.jpg\",\"width\":512,\"height\":512,\"caption\":\"Bellunopress\"},\"image\":{\"@id\":\"https:\\\/\\\/www.bellunopress.it\\\/#\\\/schema\\\/logo\\\/image\\\/\"},\"sameAs\":[\"https:\\\/\\\/www.facebook.com\\\/profile.php?id=100008943462799\",\"https:\\\/\\\/x.com\\\/bellunopress\",\"https:\\\/\\\/www.linkedin.com\\\/hp\\\/?dnr=JBzUWaJfMUw8vbXJJ2tVW5-I3jZKvC4wsoxE&amp;amp;amp;amp;amp;amp;trk=nav_responsive_tab_home\",\"https:\\\/\\\/www.youtube.com\\\/channel\\\/UCxL0wu1uN0_3_7hGG0306cw\"]},{\"@type\":\"Person\",\"@id\":\"https:\\\/\\\/www.bellunopress.it\\\/#\\\/schema\\\/person\\\/79bb06722b37ece1c03d3e94beb30d73\",\"name\":\"redazione\",\"image\":{\"@type\":\"ImageObject\",\"inLanguage\":\"fr-FR\",\"@id\":\"https:\\\/\\\/secure.gravatar.com\\\/avatar\\\/37d968a2e67a6fd04c169c4bdef102d0bc5d31b2546345219e348575eb80e9a0?s=96&d=mm&r=g\",\"url\":\"https:\\\/\\\/secure.gravatar.com\\\/avatar\\\/37d968a2e67a6fd04c169c4bdef102d0bc5d31b2546345219e348575eb80e9a0?s=96&d=mm&r=g\",\"contentUrl\":\"https:\\\/\\\/secure.gravatar.com\\\/avatar\\\/37d968a2e67a6fd04c169c4bdef102d0bc5d31b2546345219e348575eb80e9a0?s=96&d=mm&r=g\",\"caption\":\"redazione\"},\"sameAs\":[\"http:\\\/\\\/www.bellunopress.it\",\"https:\\\/\\\/x.com\\\/bellunopress\"],\"url\":\"https:\\\/\\\/www.bellunopress.it\\\/fr\\\/author\\\/redazione\\\/\"}]}<\/script>\n<!-- \/ Yoast SEO plugin. -->","yoast_head_json":{"title":"Belluno Kids Festival, luned\u00ec 26 e marted\u00ec 27 agosto in centro citt\u00e0 - Bellunopress - Dolomiti","robots":{"index":"index","follow":"follow","max-snippet":"max-snippet:-1","max-image-preview":"max-image-preview:large","max-video-preview":"max-video-preview:-1"},"canonical":"https:\/\/www.bellunopress.it\/fr\/2019\/08\/26\/belluno-kids-festival-lunedi-26-e-martedi-27-agosto-in-centro-citta\/","og_locale":"fr_FR","og_type":"article","og_title":"Belluno Kids Festival, luned\u00ec 26 e marted\u00ec 27 agosto in centro citt\u00e0 - Bellunopress - Dolomiti","og_description":"Partir\u00e0 delicatamente la prima edizione del Belluno Kids festival, e lo far\u00e0&#8230; in bicicletta. Saranno infatti le &#8220;Storie delle LiberBici&#8221; ad invadere il centro storico di Belluno nelle prime due giornate di Festival. Tre le postazioni individuate, nelle quali gi\u00e0 da sabato sono presenti dei cartelli stradali indicanti il \u201cpunto spettacolo\u201d dove si fermer\u00e0, appunto, [&hellip;]","og_url":"https:\/\/www.bellunopress.it\/fr\/2019\/08\/26\/belluno-kids-festival-lunedi-26-e-martedi-27-agosto-in-centro-citta\/","og_site_name":"Bellunopress - Dolomiti","article_publisher":"https:\/\/www.facebook.com\/profile.php?id=100008943462799","article_published_time":"2019-08-26T06:52:04+00:00","article_modified_time":"2019-08-26T06:52:05+00:00","og_image":[{"url":"http:\/\/www.bellunopress.it\/wp-content\/uploads\/2019\/08\/liberbici.jpg","type":"","width":"","height":""}],"author":"redazione","twitter_card":"summary_large_image","twitter_creator":"@bellunopress","twitter_site":"@bellunopress","twitter_misc":{"\u00c9crit par":"redazione","Dur\u00e9e de lecture estim\u00e9e":"3 minutes"},"schema":{"@context":"https:\/\/schema.org","@graph":[{"@type":"Article","@id":"https:\/\/www.bellunopress.it\/2019\/08\/26\/belluno-kids-festival-lunedi-26-e-martedi-27-agosto-in-centro-citta\/#article","isPartOf":{"@id":"https:\/\/www.bellunopress.it\/2019\/08\/26\/belluno-kids-festival-lunedi-26-e-martedi-27-agosto-in-centro-citta\/"},"author":{"name":"redazione","@id":"https:\/\/www.bellunopress.it\/#\/schema\/person\/79bb06722b37ece1c03d3e94beb30d73"},"headline":"Belluno Kids Festival, luned\u00ec 26 e marted\u00ec 27 agosto in centro citt\u00e0","datePublished":"2019-08-26T06:52:04+00:00","dateModified":"2019-08-26T06:52:05+00:00","mainEntityOfPage":{"@id":"https:\/\/www.bellunopress.it\/2019\/08\/26\/belluno-kids-festival-lunedi-26-e-martedi-27-agosto-in-centro-citta\/"},"wordCount":654,"publisher":{"@id":"https:\/\/www.bellunopress.it\/#organization"},"image":{"@id":"https:\/\/www.bellunopress.it\/2019\/08\/26\/belluno-kids-festival-lunedi-26-e-martedi-27-agosto-in-centro-citta\/#primaryimage"},"thumbnailUrl":"http:\/\/www.bellunopress.it\/wp-content\/uploads\/2019\/08\/liberbici.jpg","articleSection":["Appuntamenti, Eventi","Arte, Cultura, Spettacoli, Scienza","Pausa Caff\u00e8"],"inLanguage":"fr-FR"},{"@type":"WebPage","@id":"https:\/\/www.bellunopress.it\/2019\/08\/26\/belluno-kids-festival-lunedi-26-e-martedi-27-agosto-in-centro-citta\/","url":"https:\/\/www.bellunopress.it\/2019\/08\/26\/belluno-kids-festival-lunedi-26-e-martedi-27-agosto-in-centro-citta\/","name":"Belluno Kids Festival, luned\u00ec 26 e marted\u00ec 27 agosto in centro citt\u00e0 - Bellunopress - Dolomiti","isPartOf":{"@id":"https:\/\/www.bellunopress.it\/#website"},"primaryImageOfPage":{"@id":"https:\/\/www.bellunopress.it\/2019\/08\/26\/belluno-kids-festival-lunedi-26-e-martedi-27-agosto-in-centro-citta\/#primaryimage"},"image":{"@id":"https:\/\/www.bellunopress.it\/2019\/08\/26\/belluno-kids-festival-lunedi-26-e-martedi-27-agosto-in-centro-citta\/#primaryimage"},"thumbnailUrl":"http:\/\/www.bellunopress.it\/wp-content\/uploads\/2019\/08\/liberbici.jpg","datePublished":"2019-08-26T06:52:04+00:00","dateModified":"2019-08-26T06:52:05+00:00","breadcrumb":{"@id":"https:\/\/www.bellunopress.it\/2019\/08\/26\/belluno-kids-festival-lunedi-26-e-martedi-27-agosto-in-centro-citta\/#breadcrumb"},"inLanguage":"fr-FR","potentialAction":[{"@type":"ReadAction","target":["https:\/\/www.bellunopress.it\/2019\/08\/26\/belluno-kids-festival-lunedi-26-e-martedi-27-agosto-in-centro-citta\/"]}]},{"@type":"ImageObject","inLanguage":"fr-FR","@id":"https:\/\/www.bellunopress.it\/2019\/08\/26\/belluno-kids-festival-lunedi-26-e-martedi-27-agosto-in-centro-citta\/#primaryimage","url":"http:\/\/www.bellunopress.it\/wp-content\/uploads\/2019\/08\/liberbici.jpg","contentUrl":"http:\/\/www.bellunopress.it\/wp-content\/uploads\/2019\/08\/liberbici.jpg"},{"@type":"BreadcrumbList","@id":"https:\/\/www.bellunopress.it\/2019\/08\/26\/belluno-kids-festival-lunedi-26-e-martedi-27-agosto-in-centro-citta\/#breadcrumb","itemListElement":[{"@type":"ListItem","position":1,"name":"Home","item":"https:\/\/www.bellunopress.it\/"},{"@type":"ListItem","position":2,"name":"Belluno Kids Festival, luned\u00ec 26 e marted\u00ec 27 agosto in centro citt\u00e0"}]},{"@type":"WebSite","@id":"https:\/\/www.bellunopress.it\/#website","url":"https:\/\/www.bellunopress.it\/","name":"Bellunopress - Dolomiti","description":"e-mail: redazione@bellunopress.it","publisher":{"@id":"https:\/\/www.bellunopress.it\/#organization"},"potentialAction":[{"@type":"SearchAction","target":{"@type":"EntryPoint","urlTemplate":"https:\/\/www.bellunopress.it\/?s={search_term_string}"},"query-input":{"@type":"PropertyValueSpecification","valueRequired":true,"valueName":"search_term_string"}}],"inLanguage":"fr-FR"},{"@type":"Organization","@id":"https:\/\/www.bellunopress.it\/#organization","name":"Bellunopress","url":"https:\/\/www.bellunopress.it\/","logo":{"@type":"ImageObject","inLanguage":"fr-FR","@id":"https:\/\/www.bellunopress.it\/#\/schema\/logo\/image\/","url":"https:\/\/www.bellunopress.it\/wp-content\/uploads\/2011\/05\/cropped-logo-bellunopress-.jpg","contentUrl":"https:\/\/www.bellunopress.it\/wp-content\/uploads\/2011\/05\/cropped-logo-bellunopress-.jpg","width":512,"height":512,"caption":"Bellunopress"},"image":{"@id":"https:\/\/www.bellunopress.it\/#\/schema\/logo\/image\/"},"sameAs":["https:\/\/www.facebook.com\/profile.php?id=100008943462799","https:\/\/x.com\/bellunopress","https:\/\/www.linkedin.com\/hp\/?dnr=JBzUWaJfMUw8vbXJJ2tVW5-I3jZKvC4wsoxE&amp;amp;amp;amp;amp;amp;trk=nav_responsive_tab_home","https:\/\/www.youtube.com\/channel\/UCxL0wu1uN0_3_7hGG0306cw"]},{"@type":"Person","@id":"https:\/\/www.bellunopress.it\/#\/schema\/person\/79bb06722b37ece1c03d3e94beb30d73","name":"r\u00e9daction","image":{"@type":"ImageObject","inLanguage":"fr-FR","@id":"https:\/\/secure.gravatar.com\/avatar\/37d968a2e67a6fd04c169c4bdef102d0bc5d31b2546345219e348575eb80e9a0?s=96&d=mm&r=g","url":"https:\/\/secure.gravatar.com\/avatar\/37d968a2e67a6fd04c169c4bdef102d0bc5d31b2546345219e348575eb80e9a0?s=96&d=mm&r=g","contentUrl":"https:\/\/secure.gravatar.com\/avatar\/37d968a2e67a6fd04c169c4bdef102d0bc5d31b2546345219e348575eb80e9a0?s=96&d=mm&r=g","caption":"redazione"},"sameAs":["http:\/\/www.bellunopress.it","https:\/\/x.com\/bellunopress"],"url":"https:\/\/www.bellunopress.it\/fr\/author\/redazione\/"}]}},"_links":{"self":[{"href":"https:\/\/www.bellunopress.it\/fr\/wp-json\/wp\/v2\/posts\/107327","targetHints":{"allow":["GET"]}}],"collection":[{"href":"https:\/\/www.bellunopress.it\/fr\/wp-json\/wp\/v2\/posts"}],"about":[{"href":"https:\/\/www.bellunopress.it\/fr\/wp-json\/wp\/v2\/types\/post"}],"author":[{"embeddable":true,"href":"https:\/\/www.bellunopress.it\/fr\/wp-json\/wp\/v2\/users\/2"}],"replies":[{"embeddable":true,"href":"https:\/\/www.bellunopress.it\/fr\/wp-json\/wp\/v2\/comments?post=107327"}],"version-history":[{"count":2,"href":"https:\/\/www.bellunopress.it\/fr\/wp-json\/wp\/v2\/posts\/107327\/revisions"}],"predecessor-version":[{"id":107330,"href":"https:\/\/www.bellunopress.it\/fr\/wp-json\/wp\/v2\/posts\/107327\/revisions\/107330"}],"wp:attachment":[{"href":"https:\/\/www.bellunopress.it\/fr\/wp-json\/wp\/v2\/media?parent=107327"}],"wp:term":[{"taxonomy":"category","embeddable":true,"href":"https:\/\/www.bellunopress.it\/fr\/wp-json\/wp\/v2\/categories?post=107327"},{"taxonomy":"post_tag","embeddable":true,"href":"https:\/\/www.bellunopress.it\/fr\/wp-json\/wp\/v2\/tags?post=107327"}],"curies":[{"name":"wp","href":"https:\/\/api.w.org\/{rel}","templated":true}]}}