{"id":107252,"date":"2019-08-21T22:17:45","date_gmt":"2019-08-21T20:17:45","guid":{"rendered":"http:\/\/www.bellunopress.it\/?p=107252"},"modified":"2019-08-21T22:17:45","modified_gmt":"2019-08-21T20:17:45","slug":"aspettando-malghe-tra-miane-e-borgo-valbelluna","status":"publish","type":"post","link":"https:\/\/www.bellunopress.it\/fr\/2019\/08\/21\/aspettando-malghe-tra-miane-e-borgo-valbelluna\/","title":{"rendered":"Aspettando Malghe tra Miane e Borgo Valbelluna"},"content":{"rendered":"<p><strong>Venerd\u00ec 30 agosto<\/strong>, ore 20:30 \u2013 Rifugio Posa Puner \u2013 incontro con l&#8217;alpinista Maurizio Giordani.<br \/>\nMaurizio Giordani (Rovereto, giugno 1959) \u00e8 un alpinista italiano. Pratica l\u2019alpinismo dal 1979 e la sua esperienza spazia dalle alte difficolt\u00e0 delle pareti di roccia e ghiaccio e della falesia, alle elevate quote dell\u2019Himalaya, con migliaia di salite spesso oltre il 6\u00ba grado. Ha inoltre creato centinaia di vie nuove, decine di prime invernali e solitarie, tutte di difficolt\u00e0 estrema (fonte wikipedia)<\/p>\n<p><strong>Sabato 31 agosto,<\/strong> ore 19:30 \u2013 Malga Canidi &#8211; Degustazione guidata di formaggi di malga prodotti sul crinale prealpino abbinati ai vini di pianura e di collina con assaggiatori e sommelier. Info e prenotazioni (obbligatoria) al 347 308 7096 (Luca Parussolo) o a turismo.mel@borgovalbelluna.bl.it<\/p>\n<p><strong>Malghe tra Miane e Borgo Valbelluna 2019<\/strong><\/p>\n<p><strong>Domenica 1 settembre<\/strong><\/p>\n<p>Ritorna anche quest&#8217;anno la tradizionale manifestazione sul crinale prealpino tra i Comuni di Miane e Borgo Valbelluna. Come sempre molto ricco il programma (allego volantino).<\/p>\n<p><strong>Escursioni<\/strong><br \/>\nPartenza da:<br \/>\nMALGA CANIDI<br \/>\nPranzo con spezzatino del malgaro<\/p>\n<p>PRADERADEGO<br \/>\nore 8:30 tour guidato in MTB ed E-Bike con MTBGUIDESVALBELLUNA<br \/>\n(possibilit\u00e0 di noleggio). Info e prenotazioni 351 9368333.<\/p>\n<p>MALGA GARDA<br \/>\nore 8:30 partenza camminata di Nordik Walking a cura degli<br \/>\nistruttori della scuola italiana. Info e prenotazioni 347 1092858.<\/p>\n<p>MALGA CANIDI<br \/>\nore 8:30 partenza escursione naturalistico-esperienziale a cura delle<br \/>\nGuide Naturalistiche Mazarol. Info e prenotazioni 347 4331126<br \/>\nore 9:00 partenza Nordik Walking per arrivare a Salvedella e<br \/>\nMont (Hills Nordik Walking &#8211; Giuliano 339 4809367)<br \/>\nMunicipio di Miane<br \/>\nore 8:00 partenza TRAMALGABIKE in MTB da Miane al<br \/>\nRifugio Posa Puner<br \/>\n(a cura del Miane Bike Team &#8211; info Eddy Pierdon\u00e0 349 8476803<br \/>\nMalga Budoi<br \/>\nore 9:15 camminata da Malga Budoi, Cargador della Federa,<br \/>\nPosa Puner (accompagnati dai soci C.A.I. Sez. \u2018Velio Soldan di<br \/>\nPiave di Soligo)<br \/>\nPiazzale Rifugio Posa Puner<br \/>\nore 9:30 passeggiate didattiche a cura dell\u2019Ass \u2018Amici del Bosco\u2019<br \/>\n(info: Graziano &#8211; 333 9385863)<br \/>\nore 10:00 in MTB verso Canidi e ritorno &#8211; escursione guidata<br \/>\ne possibile nolleggio e-bike<\/p>","protected":false},"excerpt":{"rendered":"<p>Venerd\u00ec 30 agosto, ore 20:30 \u2013 Rifugio Posa Puner \u2013 incontro con l&#8217;alpinista Maurizio Giordani. Maurizio Giordani (Rovereto, giugno 1959) \u00e8 un alpinista italiano. Pratica l\u2019alpinismo dal 1979 e la sua esperienza spazia dalle alte difficolt\u00e0 delle pareti di roccia e ghiaccio e della falesia, alle elevate quote dell\u2019Himalaya, con migliaia di salite spesso oltre [&hellip;]<\/p>\n","protected":false},"author":2,"featured_media":0,"comment_status":"closed","ping_status":"open","sticky":false,"template":"","format":"standard","meta":{"footnotes":""},"categories":[27,3,25],"tags":[],"class_list":["post-107252","post","type-post","status-publish","format-standard","category-appuntamenti","category-arte-cultura-spettacoli-scienza-archivi","category-pausa-caffe"],"yoast_head":"<!-- This site is optimized with the Yoast SEO plugin v28.4 - https:\/\/yoast.com\/product\/yoast-seo-wordpress\/ -->\n<title>Aspettando Malghe tra Miane e Borgo Valbelluna - Bellunopress - Dolomiti<\/title>\n<meta name=\"robots\" content=\"index, follow, max-snippet:-1, max-image-preview:large, max-video-preview:-1\" \/>\n<link rel=\"canonical\" href=\"https:\/\/www.bellunopress.it\/fr\/2019\/08\/21\/aspettando-malghe-tra-miane-e-borgo-valbelluna\/\" \/>\n<meta property=\"og:locale\" content=\"fr_FR\" \/>\n<meta property=\"og:type\" content=\"article\" \/>\n<meta property=\"og:title\" content=\"Aspettando Malghe tra Miane e Borgo Valbelluna - Bellunopress - Dolomiti\" \/>\n<meta property=\"og:description\" content=\"Venerd\u00ec 30 agosto, ore 20:30 \u2013 Rifugio Posa Puner \u2013 incontro con l&#8217;alpinista Maurizio Giordani. Maurizio Giordani (Rovereto, giugno 1959) \u00e8 un alpinista italiano. Pratica l\u2019alpinismo dal 1979 e la sua esperienza spazia dalle alte difficolt\u00e0 delle pareti di roccia e ghiaccio e della falesia, alle elevate quote dell\u2019Himalaya, con migliaia di salite spesso oltre [&hellip;]\" \/>\n<meta property=\"og:url\" content=\"https:\/\/www.bellunopress.it\/fr\/2019\/08\/21\/aspettando-malghe-tra-miane-e-borgo-valbelluna\/\" \/>\n<meta property=\"og:site_name\" content=\"Bellunopress - Dolomiti\" \/>\n<meta property=\"article:publisher\" content=\"https:\/\/www.facebook.com\/profile.php?id=100008943462799\" \/>\n<meta property=\"article:published_time\" content=\"2019-08-21T20:17:45+00:00\" \/>\n<meta property=\"og:image\" content=\"http:\/\/www.bellunopress.it\/wp-content\/uploads\/2012\/07\/logo-bellunopress-250x250-2012.jpg\" \/>\n<meta name=\"author\" content=\"redazione\" \/>\n<meta name=\"twitter:card\" content=\"summary_large_image\" \/>\n<meta name=\"twitter:creator\" content=\"@bellunopress\" \/>\n<meta name=\"twitter:site\" content=\"@bellunopress\" \/>\n<meta name=\"twitter:label1\" content=\"\u00c9crit par\" \/>\n\t<meta name=\"twitter:data1\" content=\"redazione\" \/>\n\t<meta name=\"twitter:label2\" content=\"Dur\u00e9e de lecture estim\u00e9e\" \/>\n\t<meta name=\"twitter:data2\" content=\"2 minutes\" \/>\n<script type=\"application\/ld+json\" class=\"yoast-schema-graph\">{\"@context\":\"https:\\\/\\\/schema.org\",\"@graph\":[{\"@type\":\"Article\",\"@id\":\"https:\\\/\\\/www.bellunopress.it\\\/2019\\\/08\\\/21\\\/aspettando-malghe-tra-miane-e-borgo-valbelluna\\\/#article\",\"isPartOf\":{\"@id\":\"https:\\\/\\\/www.bellunopress.it\\\/2019\\\/08\\\/21\\\/aspettando-malghe-tra-miane-e-borgo-valbelluna\\\/\"},\"author\":{\"name\":\"redazione\",\"@id\":\"https:\\\/\\\/www.bellunopress.it\\\/#\\\/schema\\\/person\\\/79bb06722b37ece1c03d3e94beb30d73\"},\"headline\":\"Aspettando Malghe tra Miane e Borgo Valbelluna\",\"datePublished\":\"2019-08-21T20:17:45+00:00\",\"mainEntityOfPage\":{\"@id\":\"https:\\\/\\\/www.bellunopress.it\\\/2019\\\/08\\\/21\\\/aspettando-malghe-tra-miane-e-borgo-valbelluna\\\/\"},\"wordCount\":309,\"publisher\":{\"@id\":\"https:\\\/\\\/www.bellunopress.it\\\/#organization\"},\"articleSection\":[\"Appuntamenti, Eventi\",\"Arte, Cultura, Spettacoli, Scienza\",\"Pausa Caff\u00e8\"],\"inLanguage\":\"fr-FR\"},{\"@type\":\"WebPage\",\"@id\":\"https:\\\/\\\/www.bellunopress.it\\\/2019\\\/08\\\/21\\\/aspettando-malghe-tra-miane-e-borgo-valbelluna\\\/\",\"url\":\"https:\\\/\\\/www.bellunopress.it\\\/2019\\\/08\\\/21\\\/aspettando-malghe-tra-miane-e-borgo-valbelluna\\\/\",\"name\":\"Aspettando Malghe tra Miane e Borgo Valbelluna - Bellunopress - Dolomiti\",\"isPartOf\":{\"@id\":\"https:\\\/\\\/www.bellunopress.it\\\/#website\"},\"datePublished\":\"2019-08-21T20:17:45+00:00\",\"breadcrumb\":{\"@id\":\"https:\\\/\\\/www.bellunopress.it\\\/2019\\\/08\\\/21\\\/aspettando-malghe-tra-miane-e-borgo-valbelluna\\\/#breadcrumb\"},\"inLanguage\":\"fr-FR\",\"potentialAction\":[{\"@type\":\"ReadAction\",\"target\":[\"https:\\\/\\\/www.bellunopress.it\\\/2019\\\/08\\\/21\\\/aspettando-malghe-tra-miane-e-borgo-valbelluna\\\/\"]}]},{\"@type\":\"BreadcrumbList\",\"@id\":\"https:\\\/\\\/www.bellunopress.it\\\/2019\\\/08\\\/21\\\/aspettando-malghe-tra-miane-e-borgo-valbelluna\\\/#breadcrumb\",\"itemListElement\":[{\"@type\":\"ListItem\",\"position\":1,\"name\":\"Home\",\"item\":\"https:\\\/\\\/www.bellunopress.it\\\/\"},{\"@type\":\"ListItem\",\"position\":2,\"name\":\"Aspettando Malghe tra Miane e Borgo Valbelluna\"}]},{\"@type\":\"WebSite\",\"@id\":\"https:\\\/\\\/www.bellunopress.it\\\/#website\",\"url\":\"https:\\\/\\\/www.bellunopress.it\\\/\",\"name\":\"Bellunopress - Dolomiti\",\"description\":\"e-mail: redazione@bellunopress.it\",\"publisher\":{\"@id\":\"https:\\\/\\\/www.bellunopress.it\\\/#organization\"},\"potentialAction\":[{\"@type\":\"SearchAction\",\"target\":{\"@type\":\"EntryPoint\",\"urlTemplate\":\"https:\\\/\\\/www.bellunopress.it\\\/?s={search_term_string}\"},\"query-input\":{\"@type\":\"PropertyValueSpecification\",\"valueRequired\":true,\"valueName\":\"search_term_string\"}}],\"inLanguage\":\"fr-FR\"},{\"@type\":\"Organization\",\"@id\":\"https:\\\/\\\/www.bellunopress.it\\\/#organization\",\"name\":\"Bellunopress\",\"url\":\"https:\\\/\\\/www.bellunopress.it\\\/\",\"logo\":{\"@type\":\"ImageObject\",\"inLanguage\":\"fr-FR\",\"@id\":\"https:\\\/\\\/www.bellunopress.it\\\/#\\\/schema\\\/logo\\\/image\\\/\",\"url\":\"https:\\\/\\\/www.bellunopress.it\\\/wp-content\\\/uploads\\\/2011\\\/05\\\/cropped-logo-bellunopress-.jpg\",\"contentUrl\":\"https:\\\/\\\/www.bellunopress.it\\\/wp-content\\\/uploads\\\/2011\\\/05\\\/cropped-logo-bellunopress-.jpg\",\"width\":512,\"height\":512,\"caption\":\"Bellunopress\"},\"image\":{\"@id\":\"https:\\\/\\\/www.bellunopress.it\\\/#\\\/schema\\\/logo\\\/image\\\/\"},\"sameAs\":[\"https:\\\/\\\/www.facebook.com\\\/profile.php?id=100008943462799\",\"https:\\\/\\\/x.com\\\/bellunopress\",\"https:\\\/\\\/www.linkedin.com\\\/hp\\\/?dnr=JBzUWaJfMUw8vbXJJ2tVW5-I3jZKvC4wsoxE&amp;amp;amp;amp;amp;amp;trk=nav_responsive_tab_home\",\"https:\\\/\\\/www.youtube.com\\\/channel\\\/UCxL0wu1uN0_3_7hGG0306cw\"]},{\"@type\":\"Person\",\"@id\":\"https:\\\/\\\/www.bellunopress.it\\\/#\\\/schema\\\/person\\\/79bb06722b37ece1c03d3e94beb30d73\",\"name\":\"redazione\",\"image\":{\"@type\":\"ImageObject\",\"inLanguage\":\"fr-FR\",\"@id\":\"https:\\\/\\\/secure.gravatar.com\\\/avatar\\\/37d968a2e67a6fd04c169c4bdef102d0bc5d31b2546345219e348575eb80e9a0?s=96&d=mm&r=g\",\"url\":\"https:\\\/\\\/secure.gravatar.com\\\/avatar\\\/37d968a2e67a6fd04c169c4bdef102d0bc5d31b2546345219e348575eb80e9a0?s=96&d=mm&r=g\",\"contentUrl\":\"https:\\\/\\\/secure.gravatar.com\\\/avatar\\\/37d968a2e67a6fd04c169c4bdef102d0bc5d31b2546345219e348575eb80e9a0?s=96&d=mm&r=g\",\"caption\":\"redazione\"},\"sameAs\":[\"http:\\\/\\\/www.bellunopress.it\",\"https:\\\/\\\/x.com\\\/bellunopress\"],\"url\":\"https:\\\/\\\/www.bellunopress.it\\\/fr\\\/author\\\/redazione\\\/\"}]}<\/script>\n<!-- \/ Yoast SEO plugin. -->","yoast_head_json":{"title":"Aspettando Malghe tra Miane e Borgo Valbelluna - Bellunopress - Dolomiti","robots":{"index":"index","follow":"follow","max-snippet":"max-snippet:-1","max-image-preview":"max-image-preview:large","max-video-preview":"max-video-preview:-1"},"canonical":"https:\/\/www.bellunopress.it\/fr\/2019\/08\/21\/aspettando-malghe-tra-miane-e-borgo-valbelluna\/","og_locale":"fr_FR","og_type":"article","og_title":"Aspettando Malghe tra Miane e Borgo Valbelluna - Bellunopress - Dolomiti","og_description":"Venerd\u00ec 30 agosto, ore 20:30 \u2013 Rifugio Posa Puner \u2013 incontro con l&#8217;alpinista Maurizio Giordani. Maurizio Giordani (Rovereto, giugno 1959) \u00e8 un alpinista italiano. Pratica l\u2019alpinismo dal 1979 e la sua esperienza spazia dalle alte difficolt\u00e0 delle pareti di roccia e ghiaccio e della falesia, alle elevate quote dell\u2019Himalaya, con migliaia di salite spesso oltre [&hellip;]","og_url":"https:\/\/www.bellunopress.it\/fr\/2019\/08\/21\/aspettando-malghe-tra-miane-e-borgo-valbelluna\/","og_site_name":"Bellunopress - Dolomiti","article_publisher":"https:\/\/www.facebook.com\/profile.php?id=100008943462799","article_published_time":"2019-08-21T20:17:45+00:00","og_image":[{"url":"http:\/\/www.bellunopress.it\/wp-content\/uploads\/2012\/07\/logo-bellunopress-250x250-2012.jpg","type":"","width":"","height":""}],"author":"redazione","twitter_card":"summary_large_image","twitter_creator":"@bellunopress","twitter_site":"@bellunopress","twitter_misc":{"\u00c9crit par":"redazione","Dur\u00e9e de lecture estim\u00e9e":"2 minutes"},"schema":{"@context":"https:\/\/schema.org","@graph":[{"@type":"Article","@id":"https:\/\/www.bellunopress.it\/2019\/08\/21\/aspettando-malghe-tra-miane-e-borgo-valbelluna\/#article","isPartOf":{"@id":"https:\/\/www.bellunopress.it\/2019\/08\/21\/aspettando-malghe-tra-miane-e-borgo-valbelluna\/"},"author":{"name":"redazione","@id":"https:\/\/www.bellunopress.it\/#\/schema\/person\/79bb06722b37ece1c03d3e94beb30d73"},"headline":"Aspettando Malghe tra Miane e Borgo Valbelluna","datePublished":"2019-08-21T20:17:45+00:00","mainEntityOfPage":{"@id":"https:\/\/www.bellunopress.it\/2019\/08\/21\/aspettando-malghe-tra-miane-e-borgo-valbelluna\/"},"wordCount":309,"publisher":{"@id":"https:\/\/www.bellunopress.it\/#organization"},"articleSection":["Appuntamenti, Eventi","Arte, Cultura, Spettacoli, Scienza","Pausa Caff\u00e8"],"inLanguage":"fr-FR"},{"@type":"WebPage","@id":"https:\/\/www.bellunopress.it\/2019\/08\/21\/aspettando-malghe-tra-miane-e-borgo-valbelluna\/","url":"https:\/\/www.bellunopress.it\/2019\/08\/21\/aspettando-malghe-tra-miane-e-borgo-valbelluna\/","name":"Aspettando Malghe tra Miane e Borgo Valbelluna - Bellunopress - Dolomiti","isPartOf":{"@id":"https:\/\/www.bellunopress.it\/#website"},"datePublished":"2019-08-21T20:17:45+00:00","breadcrumb":{"@id":"https:\/\/www.bellunopress.it\/2019\/08\/21\/aspettando-malghe-tra-miane-e-borgo-valbelluna\/#breadcrumb"},"inLanguage":"fr-FR","potentialAction":[{"@type":"ReadAction","target":["https:\/\/www.bellunopress.it\/2019\/08\/21\/aspettando-malghe-tra-miane-e-borgo-valbelluna\/"]}]},{"@type":"BreadcrumbList","@id":"https:\/\/www.bellunopress.it\/2019\/08\/21\/aspettando-malghe-tra-miane-e-borgo-valbelluna\/#breadcrumb","itemListElement":[{"@type":"ListItem","position":1,"name":"Home","item":"https:\/\/www.bellunopress.it\/"},{"@type":"ListItem","position":2,"name":"Aspettando Malghe tra Miane e Borgo Valbelluna"}]},{"@type":"WebSite","@id":"https:\/\/www.bellunopress.it\/#website","url":"https:\/\/www.bellunopress.it\/","name":"Bellunopress - Dolomiti","description":"e-mail: redazione@bellunopress.it","publisher":{"@id":"https:\/\/www.bellunopress.it\/#organization"},"potentialAction":[{"@type":"SearchAction","target":{"@type":"EntryPoint","urlTemplate":"https:\/\/www.bellunopress.it\/?s={search_term_string}"},"query-input":{"@type":"PropertyValueSpecification","valueRequired":true,"valueName":"search_term_string"}}],"inLanguage":"fr-FR"},{"@type":"Organization","@id":"https:\/\/www.bellunopress.it\/#organization","name":"Bellunopress","url":"https:\/\/www.bellunopress.it\/","logo":{"@type":"ImageObject","inLanguage":"fr-FR","@id":"https:\/\/www.bellunopress.it\/#\/schema\/logo\/image\/","url":"https:\/\/www.bellunopress.it\/wp-content\/uploads\/2011\/05\/cropped-logo-bellunopress-.jpg","contentUrl":"https:\/\/www.bellunopress.it\/wp-content\/uploads\/2011\/05\/cropped-logo-bellunopress-.jpg","width":512,"height":512,"caption":"Bellunopress"},"image":{"@id":"https:\/\/www.bellunopress.it\/#\/schema\/logo\/image\/"},"sameAs":["https:\/\/www.facebook.com\/profile.php?id=100008943462799","https:\/\/x.com\/bellunopress","https:\/\/www.linkedin.com\/hp\/?dnr=JBzUWaJfMUw8vbXJJ2tVW5-I3jZKvC4wsoxE&amp;amp;amp;amp;amp;amp;trk=nav_responsive_tab_home","https:\/\/www.youtube.com\/channel\/UCxL0wu1uN0_3_7hGG0306cw"]},{"@type":"Person","@id":"https:\/\/www.bellunopress.it\/#\/schema\/person\/79bb06722b37ece1c03d3e94beb30d73","name":"r\u00e9daction","image":{"@type":"ImageObject","inLanguage":"fr-FR","@id":"https:\/\/secure.gravatar.com\/avatar\/37d968a2e67a6fd04c169c4bdef102d0bc5d31b2546345219e348575eb80e9a0?s=96&d=mm&r=g","url":"https:\/\/secure.gravatar.com\/avatar\/37d968a2e67a6fd04c169c4bdef102d0bc5d31b2546345219e348575eb80e9a0?s=96&d=mm&r=g","contentUrl":"https:\/\/secure.gravatar.com\/avatar\/37d968a2e67a6fd04c169c4bdef102d0bc5d31b2546345219e348575eb80e9a0?s=96&d=mm&r=g","caption":"redazione"},"sameAs":["http:\/\/www.bellunopress.it","https:\/\/x.com\/bellunopress"],"url":"https:\/\/www.bellunopress.it\/fr\/author\/redazione\/"}]}},"_links":{"self":[{"href":"https:\/\/www.bellunopress.it\/fr\/wp-json\/wp\/v2\/posts\/107252","targetHints":{"allow":["GET"]}}],"collection":[{"href":"https:\/\/www.bellunopress.it\/fr\/wp-json\/wp\/v2\/posts"}],"about":[{"href":"https:\/\/www.bellunopress.it\/fr\/wp-json\/wp\/v2\/types\/post"}],"author":[{"embeddable":true,"href":"https:\/\/www.bellunopress.it\/fr\/wp-json\/wp\/v2\/users\/2"}],"replies":[{"embeddable":true,"href":"https:\/\/www.bellunopress.it\/fr\/wp-json\/wp\/v2\/comments?post=107252"}],"version-history":[{"count":1,"href":"https:\/\/www.bellunopress.it\/fr\/wp-json\/wp\/v2\/posts\/107252\/revisions"}],"predecessor-version":[{"id":107253,"href":"https:\/\/www.bellunopress.it\/fr\/wp-json\/wp\/v2\/posts\/107252\/revisions\/107253"}],"wp:attachment":[{"href":"https:\/\/www.bellunopress.it\/fr\/wp-json\/wp\/v2\/media?parent=107252"}],"wp:term":[{"taxonomy":"category","embeddable":true,"href":"https:\/\/www.bellunopress.it\/fr\/wp-json\/wp\/v2\/categories?post=107252"},{"taxonomy":"post_tag","embeddable":true,"href":"https:\/\/www.bellunopress.it\/fr\/wp-json\/wp\/v2\/tags?post=107252"}],"curies":[{"name":"wp","href":"https:\/\/api.w.org\/{rel}","templated":true}]}}