{"id":10718,"date":"2009-12-16T16:45:53","date_gmt":"2009-12-16T15:45:53","guid":{"rendered":"http:\/\/www.bellunopress.it\/?p=10718"},"modified":"2009-12-16T16:45:53","modified_gmt":"2009-12-16T15:45:53","slug":"rabbia-silvestre-5-euro-a-cane-vaccinato-dalla-regione-e-bocconi-con-vaccino-per-le-volpi","status":"publish","type":"post","link":"https:\/\/www.bellunopress.it\/fr\/2009\/12\/16\/rabbia-silvestre-5-euro-a-cane-vaccinato-dalla-regione-e-bocconi-con-vaccino-per-le-volpi\/","title":{"rendered":"Rabbia silvestre: 5 euro a cane vaccinato dalla Regione e bocconi con vaccino per le volpi"},"content":{"rendered":"<p>La Regione del Veneto contribuir\u00e0 con 5 euro per ogni cane alla campagna di vaccinazione antirabbica avviata dopo il diffondersi della rabbia silvestre nel Veneto. Lo ha deciso la Giunta regionale, su proposta dell\u2019Assessore alla Sanit\u00e0 Sandro Sandri, di concerto con la collega ai Servizi Veterinari, Elena Donazzan. Il contributo sar\u00e0 erogato sia per i proprietari che si rivolgono ai veterinari liberi professionisti, sia per quelli che sceglieranno di rivolgersi ai Servizi Veterinari delle Ullss. \u201cStiamo ragionando \u2013 sottolinea Sandri \u2013 di una popolazione canina vaccinabile di 230.000 esemplari e quindi, anche se l\u2019entit\u00e0 del contributo pu\u00f2 apparire modesta, si tratta di un notevole sforzo finanziario, che abbiamo deciso di compiere per venire incontro ai moltissimi proprietari veneti\u201d. Per quanto riguarda il settore dei veterinari privati, la loro adesione ad un\u2019attivit\u00e0 di profilassi di Stato com\u2019\u00e8 questa \u00e8 considerata dalla Regione molto rilevante, perch\u00e9 si tratta della prima volta in Italia che i liberi professionisti ambulatoriali vengono coinvolti in un\u2019iniziativa simile. Quelli che aderiscono praticheranno al cliente una tariffa calmierata di 20 euro complessivi. A chi si rivolger\u00e0 invece alle Ullss, il contributo regionale consentir\u00e0 di sborsare soltanto 5 euro. Va peraltro precisato che le Ullss stesse hanno alcune priorit\u00e0 operative, che riguardano i canili, i cani randagi, e quelli di propriet\u00e0 di persone in difficolt\u00e0 economiche. Sulla base dell\u2019ordinanza regionale del 24 novembre scorso, l\u2019obbligo di vaccinazione per i cani riguarda le province di Belluno e Treviso ed alcuni Comuni di quelle di Venezia e Vicenza. Sempre sul fronte della rabbia silvestre, l\u2019Unit\u00e0 di Progetto Sanit\u00e0 Animale e Igiene Alimentare ha comunicato che sono in arrivo nelle prossime 24 ore i vaccini per avviare la campagna rivolta alle volpi. La somministrazione avverr\u00e0 lanciando dal cielo bocconi contenenti il vaccino. La riuscita di questa operazione \u00e8 considerata molto importante: immunizzare quasi contestualmente sia le volpi, veicolo dell\u2019infezione, sia i cani, potrebbe infatti consentire una pi\u00f9 rapida soluzione del problema.<\/p>","protected":false},"excerpt":{"rendered":"<p>La Regione del Veneto contribuir\u00e0 con 5 euro per ogni cane alla campagna di vaccinazione antirabbica avviata dopo il diffondersi della rabbia silvestre nel Veneto. Lo ha deciso la Giunta regionale, su proposta dell\u2019Assessore alla Sanit\u00e0 Sandro Sandri, di concerto con la collega ai Servizi Veterinari, Elena Donazzan. Il contributo sar\u00e0 erogato sia per i [&hellip;]<\/p>\n","protected":false},"author":2,"featured_media":0,"comment_status":"closed","ping_status":"open","sticky":false,"template":"","format":"standard","meta":{"footnotes":""},"categories":[26,17],"tags":[3050],"class_list":["post-10718","post","type-post","status-publish","format-standard","category-prima-pagina","category-sanita","tag-sanita"],"yoast_head":"<!-- This site is optimized with the Yoast SEO plugin v28.4 - https:\/\/yoast.com\/product\/yoast-seo-wordpress\/ -->\n<title>Rabbia silvestre: 5 euro a cane vaccinato dalla Regione e bocconi con vaccino per le volpi - Bellunopress - Dolomiti<\/title>\n<meta name=\"robots\" content=\"index, follow, max-snippet:-1, max-image-preview:large, max-video-preview:-1\" \/>\n<link rel=\"canonical\" href=\"https:\/\/www.bellunopress.it\/fr\/2009\/12\/16\/rabbia-silvestre-5-euro-a-cane-vaccinato-dalla-regione-e-bocconi-con-vaccino-per-le-volpi\/\" \/>\n<meta property=\"og:locale\" content=\"fr_FR\" \/>\n<meta property=\"og:type\" content=\"article\" \/>\n<meta property=\"og:title\" content=\"Rabbia silvestre: 5 euro a cane vaccinato dalla Regione e bocconi con vaccino per le volpi - Bellunopress - Dolomiti\" \/>\n<meta property=\"og:description\" content=\"La Regione del Veneto contribuir\u00e0 con 5 euro per ogni cane alla campagna di vaccinazione antirabbica avviata dopo il diffondersi della rabbia silvestre nel Veneto. Lo ha deciso la Giunta regionale, su proposta dell\u2019Assessore alla Sanit\u00e0 Sandro Sandri, di concerto con la collega ai Servizi Veterinari, Elena Donazzan. Il contributo sar\u00e0 erogato sia per i [&hellip;]\" \/>\n<meta property=\"og:url\" content=\"https:\/\/www.bellunopress.it\/fr\/2009\/12\/16\/rabbia-silvestre-5-euro-a-cane-vaccinato-dalla-regione-e-bocconi-con-vaccino-per-le-volpi\/\" \/>\n<meta property=\"og:site_name\" content=\"Bellunopress - Dolomiti\" \/>\n<meta property=\"article:publisher\" content=\"https:\/\/www.facebook.com\/profile.php?id=100008943462799\" \/>\n<meta property=\"article:published_time\" content=\"2009-12-16T15:45:53+00:00\" \/>\n<meta property=\"og:image\" content=\"http:\/\/www.bellunopress.it\/wp-content\/uploads\/2012\/07\/logo-bellunopress-250x250-2012.jpg\" \/>\n<meta name=\"author\" content=\"redazione\" \/>\n<meta name=\"twitter:card\" content=\"summary_large_image\" \/>\n<meta name=\"twitter:creator\" content=\"@bellunopress\" \/>\n<meta name=\"twitter:site\" content=\"@bellunopress\" \/>\n<meta name=\"twitter:label1\" content=\"\u00c9crit par\" \/>\n\t<meta name=\"twitter:data1\" content=\"redazione\" \/>\n\t<meta name=\"twitter:label2\" content=\"Dur\u00e9e de lecture estim\u00e9e\" \/>\n\t<meta name=\"twitter:data2\" content=\"2 minutes\" \/>\n<script type=\"application\/ld+json\" class=\"yoast-schema-graph\">{\"@context\":\"https:\\\/\\\/schema.org\",\"@graph\":[{\"@type\":\"Article\",\"@id\":\"https:\\\/\\\/www.bellunopress.it\\\/2009\\\/12\\\/16\\\/rabbia-silvestre-5-euro-a-cane-vaccinato-dalla-regione-e-bocconi-con-vaccino-per-le-volpi\\\/#article\",\"isPartOf\":{\"@id\":\"https:\\\/\\\/www.bellunopress.it\\\/2009\\\/12\\\/16\\\/rabbia-silvestre-5-euro-a-cane-vaccinato-dalla-regione-e-bocconi-con-vaccino-per-le-volpi\\\/\"},\"author\":{\"name\":\"redazione\",\"@id\":\"https:\\\/\\\/www.bellunopress.it\\\/#\\\/schema\\\/person\\\/79bb06722b37ece1c03d3e94beb30d73\"},\"headline\":\"Rabbia silvestre: 5 euro a cane vaccinato dalla Regione e bocconi con vaccino per le volpi\",\"datePublished\":\"2009-12-16T15:45:53+00:00\",\"mainEntityOfPage\":{\"@id\":\"https:\\\/\\\/www.bellunopress.it\\\/2009\\\/12\\\/16\\\/rabbia-silvestre-5-euro-a-cane-vaccinato-dalla-regione-e-bocconi-con-vaccino-per-le-volpi\\\/\"},\"wordCount\":332,\"publisher\":{\"@id\":\"https:\\\/\\\/www.bellunopress.it\\\/#organization\"},\"keywords\":[\"Sanit\u00e0\"],\"articleSection\":[\"Prima Pagina\",\"Sanit\u00e0 Medicina\"],\"inLanguage\":\"fr-FR\"},{\"@type\":\"WebPage\",\"@id\":\"https:\\\/\\\/www.bellunopress.it\\\/2009\\\/12\\\/16\\\/rabbia-silvestre-5-euro-a-cane-vaccinato-dalla-regione-e-bocconi-con-vaccino-per-le-volpi\\\/\",\"url\":\"https:\\\/\\\/www.bellunopress.it\\\/2009\\\/12\\\/16\\\/rabbia-silvestre-5-euro-a-cane-vaccinato-dalla-regione-e-bocconi-con-vaccino-per-le-volpi\\\/\",\"name\":\"Rabbia silvestre: 5 euro a cane vaccinato dalla Regione e bocconi con vaccino per le volpi - Bellunopress - Dolomiti\",\"isPartOf\":{\"@id\":\"https:\\\/\\\/www.bellunopress.it\\\/#website\"},\"datePublished\":\"2009-12-16T15:45:53+00:00\",\"breadcrumb\":{\"@id\":\"https:\\\/\\\/www.bellunopress.it\\\/2009\\\/12\\\/16\\\/rabbia-silvestre-5-euro-a-cane-vaccinato-dalla-regione-e-bocconi-con-vaccino-per-le-volpi\\\/#breadcrumb\"},\"inLanguage\":\"fr-FR\",\"potentialAction\":[{\"@type\":\"ReadAction\",\"target\":[\"https:\\\/\\\/www.bellunopress.it\\\/2009\\\/12\\\/16\\\/rabbia-silvestre-5-euro-a-cane-vaccinato-dalla-regione-e-bocconi-con-vaccino-per-le-volpi\\\/\"]}]},{\"@type\":\"BreadcrumbList\",\"@id\":\"https:\\\/\\\/www.bellunopress.it\\\/2009\\\/12\\\/16\\\/rabbia-silvestre-5-euro-a-cane-vaccinato-dalla-regione-e-bocconi-con-vaccino-per-le-volpi\\\/#breadcrumb\",\"itemListElement\":[{\"@type\":\"ListItem\",\"position\":1,\"name\":\"Home\",\"item\":\"https:\\\/\\\/www.bellunopress.it\\\/\"},{\"@type\":\"ListItem\",\"position\":2,\"name\":\"Rabbia silvestre: 5 euro a cane vaccinato dalla Regione e bocconi con vaccino per le volpi\"}]},{\"@type\":\"WebSite\",\"@id\":\"https:\\\/\\\/www.bellunopress.it\\\/#website\",\"url\":\"https:\\\/\\\/www.bellunopress.it\\\/\",\"name\":\"Bellunopress - Dolomiti\",\"description\":\"e-mail: redazione@bellunopress.it\",\"publisher\":{\"@id\":\"https:\\\/\\\/www.bellunopress.it\\\/#organization\"},\"potentialAction\":[{\"@type\":\"SearchAction\",\"target\":{\"@type\":\"EntryPoint\",\"urlTemplate\":\"https:\\\/\\\/www.bellunopress.it\\\/?s={search_term_string}\"},\"query-input\":{\"@type\":\"PropertyValueSpecification\",\"valueRequired\":true,\"valueName\":\"search_term_string\"}}],\"inLanguage\":\"fr-FR\"},{\"@type\":\"Organization\",\"@id\":\"https:\\\/\\\/www.bellunopress.it\\\/#organization\",\"name\":\"Bellunopress\",\"url\":\"https:\\\/\\\/www.bellunopress.it\\\/\",\"logo\":{\"@type\":\"ImageObject\",\"inLanguage\":\"fr-FR\",\"@id\":\"https:\\\/\\\/www.bellunopress.it\\\/#\\\/schema\\\/logo\\\/image\\\/\",\"url\":\"https:\\\/\\\/www.bellunopress.it\\\/wp-content\\\/uploads\\\/2011\\\/05\\\/cropped-logo-bellunopress-.jpg\",\"contentUrl\":\"https:\\\/\\\/www.bellunopress.it\\\/wp-content\\\/uploads\\\/2011\\\/05\\\/cropped-logo-bellunopress-.jpg\",\"width\":512,\"height\":512,\"caption\":\"Bellunopress\"},\"image\":{\"@id\":\"https:\\\/\\\/www.bellunopress.it\\\/#\\\/schema\\\/logo\\\/image\\\/\"},\"sameAs\":[\"https:\\\/\\\/www.facebook.com\\\/profile.php?id=100008943462799\",\"https:\\\/\\\/x.com\\\/bellunopress\",\"https:\\\/\\\/www.linkedin.com\\\/hp\\\/?dnr=JBzUWaJfMUw8vbXJJ2tVW5-I3jZKvC4wsoxE&amp;amp;amp;amp;amp;amp;trk=nav_responsive_tab_home\",\"https:\\\/\\\/www.youtube.com\\\/channel\\\/UCxL0wu1uN0_3_7hGG0306cw\"]},{\"@type\":\"Person\",\"@id\":\"https:\\\/\\\/www.bellunopress.it\\\/#\\\/schema\\\/person\\\/79bb06722b37ece1c03d3e94beb30d73\",\"name\":\"redazione\",\"image\":{\"@type\":\"ImageObject\",\"inLanguage\":\"fr-FR\",\"@id\":\"https:\\\/\\\/secure.gravatar.com\\\/avatar\\\/37d968a2e67a6fd04c169c4bdef102d0bc5d31b2546345219e348575eb80e9a0?s=96&d=mm&r=g\",\"url\":\"https:\\\/\\\/secure.gravatar.com\\\/avatar\\\/37d968a2e67a6fd04c169c4bdef102d0bc5d31b2546345219e348575eb80e9a0?s=96&d=mm&r=g\",\"contentUrl\":\"https:\\\/\\\/secure.gravatar.com\\\/avatar\\\/37d968a2e67a6fd04c169c4bdef102d0bc5d31b2546345219e348575eb80e9a0?s=96&d=mm&r=g\",\"caption\":\"redazione\"},\"sameAs\":[\"http:\\\/\\\/www.bellunopress.it\",\"https:\\\/\\\/x.com\\\/bellunopress\"],\"url\":\"https:\\\/\\\/www.bellunopress.it\\\/fr\\\/author\\\/redazione\\\/\"}]}<\/script>\n<!-- \/ Yoast SEO plugin. -->","yoast_head_json":{"title":"Rabbia silvestre: 5 euro a cane vaccinato dalla Regione e bocconi con vaccino per le volpi - Bellunopress - Dolomiti","robots":{"index":"index","follow":"follow","max-snippet":"max-snippet:-1","max-image-preview":"max-image-preview:large","max-video-preview":"max-video-preview:-1"},"canonical":"https:\/\/www.bellunopress.it\/fr\/2009\/12\/16\/rabbia-silvestre-5-euro-a-cane-vaccinato-dalla-regione-e-bocconi-con-vaccino-per-le-volpi\/","og_locale":"fr_FR","og_type":"article","og_title":"Rabbia silvestre: 5 euro a cane vaccinato dalla Regione e bocconi con vaccino per le volpi - Bellunopress - Dolomiti","og_description":"La Regione del Veneto contribuir\u00e0 con 5 euro per ogni cane alla campagna di vaccinazione antirabbica avviata dopo il diffondersi della rabbia silvestre nel Veneto. Lo ha deciso la Giunta regionale, su proposta dell\u2019Assessore alla Sanit\u00e0 Sandro Sandri, di concerto con la collega ai Servizi Veterinari, Elena Donazzan. Il contributo sar\u00e0 erogato sia per i [&hellip;]","og_url":"https:\/\/www.bellunopress.it\/fr\/2009\/12\/16\/rabbia-silvestre-5-euro-a-cane-vaccinato-dalla-regione-e-bocconi-con-vaccino-per-le-volpi\/","og_site_name":"Bellunopress - Dolomiti","article_publisher":"https:\/\/www.facebook.com\/profile.php?id=100008943462799","article_published_time":"2009-12-16T15:45:53+00:00","og_image":[{"url":"http:\/\/www.bellunopress.it\/wp-content\/uploads\/2012\/07\/logo-bellunopress-250x250-2012.jpg","type":"","width":"","height":""}],"author":"redazione","twitter_card":"summary_large_image","twitter_creator":"@bellunopress","twitter_site":"@bellunopress","twitter_misc":{"\u00c9crit par":"redazione","Dur\u00e9e de lecture estim\u00e9e":"2 minutes"},"schema":{"@context":"https:\/\/schema.org","@graph":[{"@type":"Article","@id":"https:\/\/www.bellunopress.it\/2009\/12\/16\/rabbia-silvestre-5-euro-a-cane-vaccinato-dalla-regione-e-bocconi-con-vaccino-per-le-volpi\/#article","isPartOf":{"@id":"https:\/\/www.bellunopress.it\/2009\/12\/16\/rabbia-silvestre-5-euro-a-cane-vaccinato-dalla-regione-e-bocconi-con-vaccino-per-le-volpi\/"},"author":{"name":"redazione","@id":"https:\/\/www.bellunopress.it\/#\/schema\/person\/79bb06722b37ece1c03d3e94beb30d73"},"headline":"Rabbia silvestre: 5 euro a cane vaccinato dalla Regione e bocconi con vaccino per le volpi","datePublished":"2009-12-16T15:45:53+00:00","mainEntityOfPage":{"@id":"https:\/\/www.bellunopress.it\/2009\/12\/16\/rabbia-silvestre-5-euro-a-cane-vaccinato-dalla-regione-e-bocconi-con-vaccino-per-le-volpi\/"},"wordCount":332,"publisher":{"@id":"https:\/\/www.bellunopress.it\/#organization"},"keywords":["Sanit\u00e0"],"articleSection":["Prima Pagina","Sanit\u00e0 Medicina"],"inLanguage":"fr-FR"},{"@type":"WebPage","@id":"https:\/\/www.bellunopress.it\/2009\/12\/16\/rabbia-silvestre-5-euro-a-cane-vaccinato-dalla-regione-e-bocconi-con-vaccino-per-le-volpi\/","url":"https:\/\/www.bellunopress.it\/2009\/12\/16\/rabbia-silvestre-5-euro-a-cane-vaccinato-dalla-regione-e-bocconi-con-vaccino-per-le-volpi\/","name":"Rabbia silvestre: 5 euro a cane vaccinato dalla Regione e bocconi con vaccino per le volpi - Bellunopress - Dolomiti","isPartOf":{"@id":"https:\/\/www.bellunopress.it\/#website"},"datePublished":"2009-12-16T15:45:53+00:00","breadcrumb":{"@id":"https:\/\/www.bellunopress.it\/2009\/12\/16\/rabbia-silvestre-5-euro-a-cane-vaccinato-dalla-regione-e-bocconi-con-vaccino-per-le-volpi\/#breadcrumb"},"inLanguage":"fr-FR","potentialAction":[{"@type":"ReadAction","target":["https:\/\/www.bellunopress.it\/2009\/12\/16\/rabbia-silvestre-5-euro-a-cane-vaccinato-dalla-regione-e-bocconi-con-vaccino-per-le-volpi\/"]}]},{"@type":"BreadcrumbList","@id":"https:\/\/www.bellunopress.it\/2009\/12\/16\/rabbia-silvestre-5-euro-a-cane-vaccinato-dalla-regione-e-bocconi-con-vaccino-per-le-volpi\/#breadcrumb","itemListElement":[{"@type":"ListItem","position":1,"name":"Home","item":"https:\/\/www.bellunopress.it\/"},{"@type":"ListItem","position":2,"name":"Rabbia silvestre: 5 euro a cane vaccinato dalla Regione e bocconi con vaccino per le volpi"}]},{"@type":"WebSite","@id":"https:\/\/www.bellunopress.it\/#website","url":"https:\/\/www.bellunopress.it\/","name":"Bellunopress - Dolomiti","description":"e-mail: redazione@bellunopress.it","publisher":{"@id":"https:\/\/www.bellunopress.it\/#organization"},"potentialAction":[{"@type":"SearchAction","target":{"@type":"EntryPoint","urlTemplate":"https:\/\/www.bellunopress.it\/?s={search_term_string}"},"query-input":{"@type":"PropertyValueSpecification","valueRequired":true,"valueName":"search_term_string"}}],"inLanguage":"fr-FR"},{"@type":"Organization","@id":"https:\/\/www.bellunopress.it\/#organization","name":"Bellunopress","url":"https:\/\/www.bellunopress.it\/","logo":{"@type":"ImageObject","inLanguage":"fr-FR","@id":"https:\/\/www.bellunopress.it\/#\/schema\/logo\/image\/","url":"https:\/\/www.bellunopress.it\/wp-content\/uploads\/2011\/05\/cropped-logo-bellunopress-.jpg","contentUrl":"https:\/\/www.bellunopress.it\/wp-content\/uploads\/2011\/05\/cropped-logo-bellunopress-.jpg","width":512,"height":512,"caption":"Bellunopress"},"image":{"@id":"https:\/\/www.bellunopress.it\/#\/schema\/logo\/image\/"},"sameAs":["https:\/\/www.facebook.com\/profile.php?id=100008943462799","https:\/\/x.com\/bellunopress","https:\/\/www.linkedin.com\/hp\/?dnr=JBzUWaJfMUw8vbXJJ2tVW5-I3jZKvC4wsoxE&amp;amp;amp;amp;amp;amp;trk=nav_responsive_tab_home","https:\/\/www.youtube.com\/channel\/UCxL0wu1uN0_3_7hGG0306cw"]},{"@type":"Person","@id":"https:\/\/www.bellunopress.it\/#\/schema\/person\/79bb06722b37ece1c03d3e94beb30d73","name":"r\u00e9daction","image":{"@type":"ImageObject","inLanguage":"fr-FR","@id":"https:\/\/secure.gravatar.com\/avatar\/37d968a2e67a6fd04c169c4bdef102d0bc5d31b2546345219e348575eb80e9a0?s=96&d=mm&r=g","url":"https:\/\/secure.gravatar.com\/avatar\/37d968a2e67a6fd04c169c4bdef102d0bc5d31b2546345219e348575eb80e9a0?s=96&d=mm&r=g","contentUrl":"https:\/\/secure.gravatar.com\/avatar\/37d968a2e67a6fd04c169c4bdef102d0bc5d31b2546345219e348575eb80e9a0?s=96&d=mm&r=g","caption":"redazione"},"sameAs":["http:\/\/www.bellunopress.it","https:\/\/x.com\/bellunopress"],"url":"https:\/\/www.bellunopress.it\/fr\/author\/redazione\/"}]}},"_links":{"self":[{"href":"https:\/\/www.bellunopress.it\/fr\/wp-json\/wp\/v2\/posts\/10718","targetHints":{"allow":["GET"]}}],"collection":[{"href":"https:\/\/www.bellunopress.it\/fr\/wp-json\/wp\/v2\/posts"}],"about":[{"href":"https:\/\/www.bellunopress.it\/fr\/wp-json\/wp\/v2\/types\/post"}],"author":[{"embeddable":true,"href":"https:\/\/www.bellunopress.it\/fr\/wp-json\/wp\/v2\/users\/2"}],"replies":[{"embeddable":true,"href":"https:\/\/www.bellunopress.it\/fr\/wp-json\/wp\/v2\/comments?post=10718"}],"version-history":[{"count":1,"href":"https:\/\/www.bellunopress.it\/fr\/wp-json\/wp\/v2\/posts\/10718\/revisions"}],"predecessor-version":[{"id":10719,"href":"https:\/\/www.bellunopress.it\/fr\/wp-json\/wp\/v2\/posts\/10718\/revisions\/10719"}],"wp:attachment":[{"href":"https:\/\/www.bellunopress.it\/fr\/wp-json\/wp\/v2\/media?parent=10718"}],"wp:term":[{"taxonomy":"category","embeddable":true,"href":"https:\/\/www.bellunopress.it\/fr\/wp-json\/wp\/v2\/categories?post=10718"},{"taxonomy":"post_tag","embeddable":true,"href":"https:\/\/www.bellunopress.it\/fr\/wp-json\/wp\/v2\/tags?post=10718"}],"curies":[{"name":"wp","href":"https:\/\/api.w.org\/{rel}","templated":true}]}}