{"id":10710,"date":"2009-12-16T14:15:00","date_gmt":"2009-12-16T13:15:00","guid":{"rendered":"http:\/\/www.bellunopress.it\/?p=10710"},"modified":"2009-12-16T14:17:08","modified_gmt":"2009-12-16T13:17:08","slug":"sicurezza-sul-lavoro-istituito-lorgano-provinciale-di-coordinamento","status":"publish","type":"post","link":"https:\/\/www.bellunopress.it\/fr\/2009\/12\/16\/sicurezza-sul-lavoro-istituito-lorgano-provinciale-di-coordinamento\/","title":{"rendered":"Sicurezza sul lavoro: \u00e8 stato istituito l&#8217;organo provinciale per il coordinamento"},"content":{"rendered":"<p>Ne fanno parte lo Spisal delle ULSS di Belluno e Feltre, l\u2019Inps, l\u2019Inail, l\u2019Ispesl, i Vigili del Fuoco e la Direzione Provinciale del Lavoro. E\u2019 stato istituito oggi (mercoled\u00ec 16 dicembre 2009) l\u2019Organismo Provinciale di Coordinamento (OPC) di Belluno che avr\u00e0 il compito di favorire la cultura della prevenzione e la tutela della sicurezza e della salute nei luoghi di lavoro. Ne fanno parte lo Spisal delle ULSS di Belluno e Feltre, l\u2019Inps, l\u2019Inail, l\u2019Ispesl, i Vigili del Fuoco e la Direzione Provinciale del Lavoro.\u00a0 In particolare, questo nuovo Organismo dovr\u00e0 elaborare piani di attivit\u00e0 e progetti specifici per il territorio bellunese, anche in considerazione del fatto che l&#8217;andamento dei fenomeni infortunistici e tecnopatici risente molto delle specificit\u00e0 e dei diversi contesti che si possono ritrovare negli ambienti di lavoro. Dovr\u00e0 anche indirizzare e programmare le attivit\u00e0 di prevenzione e vigilanza a livello provinciale e fornire risposte alle istanze provenienti dal territorio per supportare le aziende nell\u2019adempimento degli obblighi previsti dalle norme. Dovr\u00e0 inoltre promuovere la cooperazione con le Parti Sociali e con altri Enti per le funzioni di promozione della salute. Le funzioni di Presidenza e organizzazione dell\u2019Organismo Provinciale di Coordinamento sono affidate all\u2019ULSS di Belluno che le eserciter\u00e0 tramite il Servizio Spisal. \u00abGli infortuni sul lavoro \u2013 spiega la dottoressa Daniela Marcolina, direttrice dello Spisal di Belluno &#8211; rappresentano un gravissimo problema sociale e sanitario. Per una societ\u00e0 moderna la perdita di un lavoratore per mancanza di misure di sicurezza \u00e8 inaccettabile. Anche se il fenomeno infortunistico in Provincia ha presentato in questi anni un progressivo calo, \u00e8 necessario il contributo di tutte le forze sociali per consolidare i risultati raggiunti e migliorare ulteriormente il benessere sul posto di lavoro. Il costituendo Organismo si prefigge, quindi, di favorire lo sviluppo degli interventi di prevenzione gi\u00e0 intrapresi dai singoli Enti, programmando, inoltre, concrete azioni sinergiche per il perseguimento dell\u2019obiettivo comune di migliorare la sicurezza e di promuovere la salute nei luoghi di lavoro\u00bb. La pianificazione degli interventi di prevenzione nei luoghi di lavoro e il coordinamento delle attivit\u00e0 di vigilanza fra gli Enti deputati al controllo in materia di tutela e sicurezza sul lavoro erano gi\u00e0 stati previsti pi\u00f9 di 10 anni (con il D.Lgs. 626\/94), attraverso l\u2019istituzione dei Comitati di Coordinamento Regionali e Provinciali. Tuttavia non dappertutto si sono istituiti tali Comitati o comunque, pur istituendoli, non si sono resi pienamente operativi. Nel 2007, con la legge di delega al Governo per il riordino della normativa sulla sicurezza sul lavoro, si \u00e8 rinnovato l\u2019obbligo di una \u00abrazionalizzazione e coordinamento delle strutture centrali e territoriali di vigilanza al fine di rendere pi\u00f9 efficaci gli interventi di pianificazione, programmazione, promozione della salute\u00bb. Tuttavia, anche in assenza di tali direttive, in provincia, gi\u00e0 da qualche anno, si \u00e8 proceduto spontaneamente a forme di coordinamento territoriale efficaci. Infatti, gli enti provinciali ULSS (SPISAL di Belluno e SPISAL di Feltre), INAIL e DPL, pur nell\u2019ambito dei distinti ruoli istituzionali e delle specifiche competenze, hanno attivato importanti forme di comune collaborazione a sostegno di azioni dirette a favorire la cultura della prevenzione e la tutela della sicurezza e della salute nei luoghi di lavoro del territorio bellunese, sino a giungere ad esempio a specifici protocolli d&#8217;intesa per la vigilanza congiunta nel settore dell&#8217;edilizia. Oggi si \u00e8 arrivati alla istituzione formale del coordinamento regionale e provinciale fra questi Enti, allargandolo anche a INPS, Vigili del Fuoco e ISPESL.<\/p>","protected":false},"excerpt":{"rendered":"<p>Ne fanno parte lo Spisal delle ULSS di Belluno e Feltre, l\u2019Inps, l\u2019Inail, l\u2019Ispesl, i Vigili del Fuoco e la Direzione Provinciale del Lavoro. E\u2019 stato istituito oggi (mercoled\u00ec 16 dicembre 2009) l\u2019Organismo Provinciale di Coordinamento (OPC) di Belluno che avr\u00e0 il compito di favorire la cultura della prevenzione e la tutela della sicurezza e [&hellip;]<\/p>\n","protected":false},"author":2,"featured_media":0,"comment_status":"closed","ping_status":"open","sticky":false,"template":"","format":"standard","meta":{"footnotes":""},"categories":[5,36,26],"tags":[139,302],"class_list":["post-10710","post","type-post","status-publish","format-standard","category-cronaca","category-lavoro-economia","category-prima-pagina","tag-belluno","tag-feltre"],"yoast_head":"<!-- This site is optimized with the Yoast SEO plugin v28.4 - https:\/\/yoast.com\/product\/yoast-seo-wordpress\/ -->\n<title>Sicurezza sul lavoro: \u00e8 stato istituito l&#039;organo provinciale per il coordinamento - Bellunopress - Dolomiti<\/title>\n<meta name=\"robots\" content=\"index, follow, max-snippet:-1, max-image-preview:large, max-video-preview:-1\" \/>\n<link rel=\"canonical\" href=\"https:\/\/www.bellunopress.it\/fr\/2009\/12\/16\/sicurezza-sul-lavoro-istituito-lorgano-provinciale-di-coordinamento\/\" \/>\n<meta property=\"og:locale\" content=\"fr_FR\" \/>\n<meta property=\"og:type\" content=\"article\" \/>\n<meta property=\"og:title\" content=\"Sicurezza sul lavoro: \u00e8 stato istituito l&#039;organo provinciale per il coordinamento - Bellunopress - Dolomiti\" \/>\n<meta property=\"og:description\" content=\"Ne fanno parte lo Spisal delle ULSS di Belluno e Feltre, l\u2019Inps, l\u2019Inail, l\u2019Ispesl, i Vigili del Fuoco e la Direzione Provinciale del Lavoro. E\u2019 stato istituito oggi (mercoled\u00ec 16 dicembre 2009) l\u2019Organismo Provinciale di Coordinamento (OPC) di Belluno che avr\u00e0 il compito di favorire la cultura della prevenzione e la tutela della sicurezza e [&hellip;]\" \/>\n<meta property=\"og:url\" content=\"https:\/\/www.bellunopress.it\/fr\/2009\/12\/16\/sicurezza-sul-lavoro-istituito-lorgano-provinciale-di-coordinamento\/\" \/>\n<meta property=\"og:site_name\" content=\"Bellunopress - Dolomiti\" \/>\n<meta property=\"article:publisher\" content=\"https:\/\/www.facebook.com\/profile.php?id=100008943462799\" \/>\n<meta property=\"article:published_time\" content=\"2009-12-16T13:15:00+00:00\" \/>\n<meta property=\"article:modified_time\" content=\"2009-12-16T13:17:08+00:00\" \/>\n<meta property=\"og:image\" content=\"http:\/\/www.bellunopress.it\/wp-content\/uploads\/2012\/07\/logo-bellunopress-250x250-2012.jpg\" \/>\n<meta name=\"author\" content=\"redazione\" \/>\n<meta name=\"twitter:card\" content=\"summary_large_image\" \/>\n<meta name=\"twitter:creator\" content=\"@bellunopress\" \/>\n<meta name=\"twitter:site\" content=\"@bellunopress\" \/>\n<meta name=\"twitter:label1\" content=\"\u00c9crit par\" \/>\n\t<meta name=\"twitter:data1\" content=\"redazione\" \/>\n\t<meta name=\"twitter:label2\" content=\"Dur\u00e9e de lecture estim\u00e9e\" \/>\n\t<meta name=\"twitter:data2\" content=\"3 minutes\" \/>\n<script type=\"application\/ld+json\" class=\"yoast-schema-graph\">{\"@context\":\"https:\\\/\\\/schema.org\",\"@graph\":[{\"@type\":\"Article\",\"@id\":\"https:\\\/\\\/www.bellunopress.it\\\/2009\\\/12\\\/16\\\/sicurezza-sul-lavoro-istituito-lorgano-provinciale-di-coordinamento\\\/#article\",\"isPartOf\":{\"@id\":\"https:\\\/\\\/www.bellunopress.it\\\/2009\\\/12\\\/16\\\/sicurezza-sul-lavoro-istituito-lorgano-provinciale-di-coordinamento\\\/\"},\"author\":{\"name\":\"redazione\",\"@id\":\"https:\\\/\\\/www.bellunopress.it\\\/#\\\/schema\\\/person\\\/79bb06722b37ece1c03d3e94beb30d73\"},\"headline\":\"Sicurezza sul lavoro: \u00e8 stato istituito l&#8217;organo provinciale per il coordinamento\",\"datePublished\":\"2009-12-16T13:15:00+00:00\",\"dateModified\":\"2009-12-16T13:17:08+00:00\",\"mainEntityOfPage\":{\"@id\":\"https:\\\/\\\/www.bellunopress.it\\\/2009\\\/12\\\/16\\\/sicurezza-sul-lavoro-istituito-lorgano-provinciale-di-coordinamento\\\/\"},\"wordCount\":581,\"publisher\":{\"@id\":\"https:\\\/\\\/www.bellunopress.it\\\/#organization\"},\"keywords\":[\"Belluno\",\"Feltre\"],\"articleSection\":[\"Cronaca\\\/Politica\",\"Lavoro, Economia, Turismo\",\"Prima Pagina\"],\"inLanguage\":\"fr-FR\"},{\"@type\":\"WebPage\",\"@id\":\"https:\\\/\\\/www.bellunopress.it\\\/2009\\\/12\\\/16\\\/sicurezza-sul-lavoro-istituito-lorgano-provinciale-di-coordinamento\\\/\",\"url\":\"https:\\\/\\\/www.bellunopress.it\\\/2009\\\/12\\\/16\\\/sicurezza-sul-lavoro-istituito-lorgano-provinciale-di-coordinamento\\\/\",\"name\":\"Sicurezza sul lavoro: \u00e8 stato istituito l'organo provinciale per il coordinamento - Bellunopress - Dolomiti\",\"isPartOf\":{\"@id\":\"https:\\\/\\\/www.bellunopress.it\\\/#website\"},\"datePublished\":\"2009-12-16T13:15:00+00:00\",\"dateModified\":\"2009-12-16T13:17:08+00:00\",\"breadcrumb\":{\"@id\":\"https:\\\/\\\/www.bellunopress.it\\\/2009\\\/12\\\/16\\\/sicurezza-sul-lavoro-istituito-lorgano-provinciale-di-coordinamento\\\/#breadcrumb\"},\"inLanguage\":\"fr-FR\",\"potentialAction\":[{\"@type\":\"ReadAction\",\"target\":[\"https:\\\/\\\/www.bellunopress.it\\\/2009\\\/12\\\/16\\\/sicurezza-sul-lavoro-istituito-lorgano-provinciale-di-coordinamento\\\/\"]}]},{\"@type\":\"BreadcrumbList\",\"@id\":\"https:\\\/\\\/www.bellunopress.it\\\/2009\\\/12\\\/16\\\/sicurezza-sul-lavoro-istituito-lorgano-provinciale-di-coordinamento\\\/#breadcrumb\",\"itemListElement\":[{\"@type\":\"ListItem\",\"position\":1,\"name\":\"Home\",\"item\":\"https:\\\/\\\/www.bellunopress.it\\\/\"},{\"@type\":\"ListItem\",\"position\":2,\"name\":\"Sicurezza sul lavoro: \u00e8 stato istituito l&#8217;organo provinciale per il coordinamento\"}]},{\"@type\":\"WebSite\",\"@id\":\"https:\\\/\\\/www.bellunopress.it\\\/#website\",\"url\":\"https:\\\/\\\/www.bellunopress.it\\\/\",\"name\":\"Bellunopress - Dolomiti\",\"description\":\"e-mail: redazione@bellunopress.it\",\"publisher\":{\"@id\":\"https:\\\/\\\/www.bellunopress.it\\\/#organization\"},\"potentialAction\":[{\"@type\":\"SearchAction\",\"target\":{\"@type\":\"EntryPoint\",\"urlTemplate\":\"https:\\\/\\\/www.bellunopress.it\\\/?s={search_term_string}\"},\"query-input\":{\"@type\":\"PropertyValueSpecification\",\"valueRequired\":true,\"valueName\":\"search_term_string\"}}],\"inLanguage\":\"fr-FR\"},{\"@type\":\"Organization\",\"@id\":\"https:\\\/\\\/www.bellunopress.it\\\/#organization\",\"name\":\"Bellunopress\",\"url\":\"https:\\\/\\\/www.bellunopress.it\\\/\",\"logo\":{\"@type\":\"ImageObject\",\"inLanguage\":\"fr-FR\",\"@id\":\"https:\\\/\\\/www.bellunopress.it\\\/#\\\/schema\\\/logo\\\/image\\\/\",\"url\":\"https:\\\/\\\/www.bellunopress.it\\\/wp-content\\\/uploads\\\/2011\\\/05\\\/cropped-logo-bellunopress-.jpg\",\"contentUrl\":\"https:\\\/\\\/www.bellunopress.it\\\/wp-content\\\/uploads\\\/2011\\\/05\\\/cropped-logo-bellunopress-.jpg\",\"width\":512,\"height\":512,\"caption\":\"Bellunopress\"},\"image\":{\"@id\":\"https:\\\/\\\/www.bellunopress.it\\\/#\\\/schema\\\/logo\\\/image\\\/\"},\"sameAs\":[\"https:\\\/\\\/www.facebook.com\\\/profile.php?id=100008943462799\",\"https:\\\/\\\/x.com\\\/bellunopress\",\"https:\\\/\\\/www.linkedin.com\\\/hp\\\/?dnr=JBzUWaJfMUw8vbXJJ2tVW5-I3jZKvC4wsoxE&amp;amp;amp;amp;amp;amp;trk=nav_responsive_tab_home\",\"https:\\\/\\\/www.youtube.com\\\/channel\\\/UCxL0wu1uN0_3_7hGG0306cw\"]},{\"@type\":\"Person\",\"@id\":\"https:\\\/\\\/www.bellunopress.it\\\/#\\\/schema\\\/person\\\/79bb06722b37ece1c03d3e94beb30d73\",\"name\":\"redazione\",\"image\":{\"@type\":\"ImageObject\",\"inLanguage\":\"fr-FR\",\"@id\":\"https:\\\/\\\/secure.gravatar.com\\\/avatar\\\/37d968a2e67a6fd04c169c4bdef102d0bc5d31b2546345219e348575eb80e9a0?s=96&d=mm&r=g\",\"url\":\"https:\\\/\\\/secure.gravatar.com\\\/avatar\\\/37d968a2e67a6fd04c169c4bdef102d0bc5d31b2546345219e348575eb80e9a0?s=96&d=mm&r=g\",\"contentUrl\":\"https:\\\/\\\/secure.gravatar.com\\\/avatar\\\/37d968a2e67a6fd04c169c4bdef102d0bc5d31b2546345219e348575eb80e9a0?s=96&d=mm&r=g\",\"caption\":\"redazione\"},\"sameAs\":[\"http:\\\/\\\/www.bellunopress.it\",\"https:\\\/\\\/x.com\\\/bellunopress\"],\"url\":\"https:\\\/\\\/www.bellunopress.it\\\/fr\\\/author\\\/redazione\\\/\"}]}<\/script>\n<!-- \/ Yoast SEO plugin. -->","yoast_head_json":{"title":"Sicurezza sul lavoro: \u00e8 stato istituito l'organo provinciale per il coordinamento - Bellunopress - Dolomiti","robots":{"index":"index","follow":"follow","max-snippet":"max-snippet:-1","max-image-preview":"max-image-preview:large","max-video-preview":"max-video-preview:-1"},"canonical":"https:\/\/www.bellunopress.it\/fr\/2009\/12\/16\/sicurezza-sul-lavoro-istituito-lorgano-provinciale-di-coordinamento\/","og_locale":"fr_FR","og_type":"article","og_title":"Sicurezza sul lavoro: \u00e8 stato istituito l'organo provinciale per il coordinamento - Bellunopress - Dolomiti","og_description":"Ne fanno parte lo Spisal delle ULSS di Belluno e Feltre, l\u2019Inps, l\u2019Inail, l\u2019Ispesl, i Vigili del Fuoco e la Direzione Provinciale del Lavoro. E\u2019 stato istituito oggi (mercoled\u00ec 16 dicembre 2009) l\u2019Organismo Provinciale di Coordinamento (OPC) di Belluno che avr\u00e0 il compito di favorire la cultura della prevenzione e la tutela della sicurezza e [&hellip;]","og_url":"https:\/\/www.bellunopress.it\/fr\/2009\/12\/16\/sicurezza-sul-lavoro-istituito-lorgano-provinciale-di-coordinamento\/","og_site_name":"Bellunopress - Dolomiti","article_publisher":"https:\/\/www.facebook.com\/profile.php?id=100008943462799","article_published_time":"2009-12-16T13:15:00+00:00","article_modified_time":"2009-12-16T13:17:08+00:00","og_image":[{"url":"http:\/\/www.bellunopress.it\/wp-content\/uploads\/2012\/07\/logo-bellunopress-250x250-2012.jpg","type":"","width":"","height":""}],"author":"redazione","twitter_card":"summary_large_image","twitter_creator":"@bellunopress","twitter_site":"@bellunopress","twitter_misc":{"\u00c9crit par":"redazione","Dur\u00e9e de lecture estim\u00e9e":"3 minutes"},"schema":{"@context":"https:\/\/schema.org","@graph":[{"@type":"Article","@id":"https:\/\/www.bellunopress.it\/2009\/12\/16\/sicurezza-sul-lavoro-istituito-lorgano-provinciale-di-coordinamento\/#article","isPartOf":{"@id":"https:\/\/www.bellunopress.it\/2009\/12\/16\/sicurezza-sul-lavoro-istituito-lorgano-provinciale-di-coordinamento\/"},"author":{"name":"redazione","@id":"https:\/\/www.bellunopress.it\/#\/schema\/person\/79bb06722b37ece1c03d3e94beb30d73"},"headline":"Sicurezza sul lavoro: \u00e8 stato istituito l&#8217;organo provinciale per il coordinamento","datePublished":"2009-12-16T13:15:00+00:00","dateModified":"2009-12-16T13:17:08+00:00","mainEntityOfPage":{"@id":"https:\/\/www.bellunopress.it\/2009\/12\/16\/sicurezza-sul-lavoro-istituito-lorgano-provinciale-di-coordinamento\/"},"wordCount":581,"publisher":{"@id":"https:\/\/www.bellunopress.it\/#organization"},"keywords":["Belluno","Feltre"],"articleSection":["Cronaca\/Politica","Lavoro, Economia, Turismo","Prima Pagina"],"inLanguage":"fr-FR"},{"@type":"WebPage","@id":"https:\/\/www.bellunopress.it\/2009\/12\/16\/sicurezza-sul-lavoro-istituito-lorgano-provinciale-di-coordinamento\/","url":"https:\/\/www.bellunopress.it\/2009\/12\/16\/sicurezza-sul-lavoro-istituito-lorgano-provinciale-di-coordinamento\/","name":"Sicurezza sul lavoro: \u00e8 stato istituito l'organo provinciale per il coordinamento - Bellunopress - Dolomiti","isPartOf":{"@id":"https:\/\/www.bellunopress.it\/#website"},"datePublished":"2009-12-16T13:15:00+00:00","dateModified":"2009-12-16T13:17:08+00:00","breadcrumb":{"@id":"https:\/\/www.bellunopress.it\/2009\/12\/16\/sicurezza-sul-lavoro-istituito-lorgano-provinciale-di-coordinamento\/#breadcrumb"},"inLanguage":"fr-FR","potentialAction":[{"@type":"ReadAction","target":["https:\/\/www.bellunopress.it\/2009\/12\/16\/sicurezza-sul-lavoro-istituito-lorgano-provinciale-di-coordinamento\/"]}]},{"@type":"BreadcrumbList","@id":"https:\/\/www.bellunopress.it\/2009\/12\/16\/sicurezza-sul-lavoro-istituito-lorgano-provinciale-di-coordinamento\/#breadcrumb","itemListElement":[{"@type":"ListItem","position":1,"name":"Home","item":"https:\/\/www.bellunopress.it\/"},{"@type":"ListItem","position":2,"name":"Sicurezza sul lavoro: \u00e8 stato istituito l&#8217;organo provinciale per il coordinamento"}]},{"@type":"WebSite","@id":"https:\/\/www.bellunopress.it\/#website","url":"https:\/\/www.bellunopress.it\/","name":"Bellunopress - Dolomiti","description":"e-mail: redazione@bellunopress.it","publisher":{"@id":"https:\/\/www.bellunopress.it\/#organization"},"potentialAction":[{"@type":"SearchAction","target":{"@type":"EntryPoint","urlTemplate":"https:\/\/www.bellunopress.it\/?s={search_term_string}"},"query-input":{"@type":"PropertyValueSpecification","valueRequired":true,"valueName":"search_term_string"}}],"inLanguage":"fr-FR"},{"@type":"Organization","@id":"https:\/\/www.bellunopress.it\/#organization","name":"Bellunopress","url":"https:\/\/www.bellunopress.it\/","logo":{"@type":"ImageObject","inLanguage":"fr-FR","@id":"https:\/\/www.bellunopress.it\/#\/schema\/logo\/image\/","url":"https:\/\/www.bellunopress.it\/wp-content\/uploads\/2011\/05\/cropped-logo-bellunopress-.jpg","contentUrl":"https:\/\/www.bellunopress.it\/wp-content\/uploads\/2011\/05\/cropped-logo-bellunopress-.jpg","width":512,"height":512,"caption":"Bellunopress"},"image":{"@id":"https:\/\/www.bellunopress.it\/#\/schema\/logo\/image\/"},"sameAs":["https:\/\/www.facebook.com\/profile.php?id=100008943462799","https:\/\/x.com\/bellunopress","https:\/\/www.linkedin.com\/hp\/?dnr=JBzUWaJfMUw8vbXJJ2tVW5-I3jZKvC4wsoxE&amp;amp;amp;amp;amp;amp;trk=nav_responsive_tab_home","https:\/\/www.youtube.com\/channel\/UCxL0wu1uN0_3_7hGG0306cw"]},{"@type":"Person","@id":"https:\/\/www.bellunopress.it\/#\/schema\/person\/79bb06722b37ece1c03d3e94beb30d73","name":"r\u00e9daction","image":{"@type":"ImageObject","inLanguage":"fr-FR","@id":"https:\/\/secure.gravatar.com\/avatar\/37d968a2e67a6fd04c169c4bdef102d0bc5d31b2546345219e348575eb80e9a0?s=96&d=mm&r=g","url":"https:\/\/secure.gravatar.com\/avatar\/37d968a2e67a6fd04c169c4bdef102d0bc5d31b2546345219e348575eb80e9a0?s=96&d=mm&r=g","contentUrl":"https:\/\/secure.gravatar.com\/avatar\/37d968a2e67a6fd04c169c4bdef102d0bc5d31b2546345219e348575eb80e9a0?s=96&d=mm&r=g","caption":"redazione"},"sameAs":["http:\/\/www.bellunopress.it","https:\/\/x.com\/bellunopress"],"url":"https:\/\/www.bellunopress.it\/fr\/author\/redazione\/"}]}},"_links":{"self":[{"href":"https:\/\/www.bellunopress.it\/fr\/wp-json\/wp\/v2\/posts\/10710","targetHints":{"allow":["GET"]}}],"collection":[{"href":"https:\/\/www.bellunopress.it\/fr\/wp-json\/wp\/v2\/posts"}],"about":[{"href":"https:\/\/www.bellunopress.it\/fr\/wp-json\/wp\/v2\/types\/post"}],"author":[{"embeddable":true,"href":"https:\/\/www.bellunopress.it\/fr\/wp-json\/wp\/v2\/users\/2"}],"replies":[{"embeddable":true,"href":"https:\/\/www.bellunopress.it\/fr\/wp-json\/wp\/v2\/comments?post=10710"}],"version-history":[{"count":3,"href":"https:\/\/www.bellunopress.it\/fr\/wp-json\/wp\/v2\/posts\/10710\/revisions"}],"predecessor-version":[{"id":10715,"href":"https:\/\/www.bellunopress.it\/fr\/wp-json\/wp\/v2\/posts\/10710\/revisions\/10715"}],"wp:attachment":[{"href":"https:\/\/www.bellunopress.it\/fr\/wp-json\/wp\/v2\/media?parent=10710"}],"wp:term":[{"taxonomy":"category","embeddable":true,"href":"https:\/\/www.bellunopress.it\/fr\/wp-json\/wp\/v2\/categories?post=10710"},{"taxonomy":"post_tag","embeddable":true,"href":"https:\/\/www.bellunopress.it\/fr\/wp-json\/wp\/v2\/tags?post=10710"}],"curies":[{"name":"wp","href":"https:\/\/api.w.org\/{rel}","templated":true}]}}