{"id":10709,"date":"2009-12-16T14:16:45","date_gmt":"2009-12-16T13:16:45","guid":{"rendered":"http:\/\/www.bellunopress.it\/?p=10709"},"modified":"2009-12-16T21:18:51","modified_gmt":"2009-12-16T20:18:51","slug":"incontro-a-palazzo-piloni-tra-provincia-e-acc","status":"publish","type":"post","link":"https:\/\/www.bellunopress.it\/fr\/2009\/12\/16\/incontro-a-palazzo-piloni-tra-provincia-e-acc\/","title":{"rendered":"Incontro a Palazzo Piloni tra Provincia e ACC"},"content":{"rendered":"<figure id=\"attachment_9121\" aria-describedby=\"caption-attachment-9121\" style=\"width: 145px\" class=\"wp-caption alignleft\"><a href=\"http:\/\/www.bellunopress.it\/wp-content\/uploads\/2009\/10\/stefano-de-gan.jpg\"><img loading=\"lazy\" decoding=\"async\" class=\"size-medium wp-image-9121\" title=\"stefano-de-gan\" src=\"http:\/\/www.bellunopress.it\/wp-content\/uploads\/2009\/10\/stefano-de-gan.jpg\" alt=\"Stefano De Gan assessore provinciale\" width=\"145\" height=\"90\" \/><\/a><figcaption id=\"caption-attachment-9121\" class=\"wp-caption-text\">Stefano De Gan assessore provinciale<\/figcaption><\/figure>\n<p>L\u2019assessore provinciale alle Politiche del Lavoro, Stefano De Gan, ha incontrato oggi (mercoled\u00ec 16 dicembre) a Palazzo Piloni Rudolf Langerwisch e Marco Valerio Panci, rispettivamente direttore industriale dello stabilimento di Mel e direttore delle risorse umane del gruppo Acc, per approfondire le eventuali opportunit\u00e0 contenute nel nuovo bando relativo agli investimenti in innovazione della Regione Veneto. La settimana scorsa, lo stesso assessore aveva auspicato l\u2019utilizzo di questi fondi da parte delle imprese bellunesi, con particolare riferimento proprio all\u2019ACC. Secondo Stefano De Gan, si tratta di risorse da utilizzare come \u00absupporto agli investimenti dell\u2019azienda devono garantire il mantenimento dell\u2019attivit\u00e0 produttiva e dei livelli occupazionali\u00bb. La Provincia di Belluno si era quindi resa disponibile a sostenere e supportare le aziende che intendono cogliere le possibilit\u00e0 offerte dalla Regione Veneto e dalla Comunit\u00e0 Europea. L\u2019invito ad un approfondimento \u00e8 stato accettato dai manager del gruppo che hanno concordato un incontro a Palazzo Piloni. <a href=\"http:\/\/www.bellunopress.it\/wp-content\/uploads\/2009\/03\/manifestazione-acc-piazza-martiri-260x170.jpg\"><img loading=\"lazy\" decoding=\"async\" class=\"alignleft size-medium wp-image-1761\" title=\"manifestazione-acc-piazza-martiri-260x170\" src=\"http:\/\/www.bellunopress.it\/wp-content\/uploads\/2009\/03\/manifestazione-acc-piazza-martiri-260x170.jpg\" alt=\"\" width=\"260\" height=\"173\" \/><\/a>Nel corso dell\u2019incontro, Acc ha comunicato all\u2019assessore Stefano De Gan di essere in procinto di aprire la procedura di mobilit\u00e0 per gli esuberi in Cassa Integrazione Straordinaria da diversi anni, sottolineando, a scanso di equivoci e inopportune strumentalizzazioni, che si tratta solo di un atto dovuto \u00aba scopo cautelativo\u00bb resosi necessario in vista della scadenza della cassa integrazione straordinaria, fissata al 15 marzo prossimo. \u00abL\u2019apertura della procedura di mobilit\u00e0 \u2013 ha ribadito Marco Valerio Panci \u2013 \u00e8 stata effettuata solo per precauzione, nella malaugurata ipotesi che non venisse accettata la domanda di cassa integrazione in deroga\u00bb. \u00abCon l\u2019amministrazione provinciale \u2013 aggiunge il direttore delle risorse umane \u2013 abbiamo avviato un rapporto di collaborazione che speriamo possa essere proficuo\u00bb. \u00abDa parte nostra \u2013 commenta l\u2019assessore Stefano De Gan \u2013 vogliamo mettere subito in campo la necessaria pressione politica, affinch\u00e9 venga concessa l\u2019autorizzazione ufficiale alla cassa integrazione in deroga, entro la scadenza di quella attualmente in vigore, in modo da scongiurare quanto prima il pericolo della messa in mobilit\u00e0 dei lavoratori in esubero. Il nostro auspicio \u00e8 che le parti possano raggiungere presto un accordo per un recupero della competitivit\u00e0 dello stabilimento. Contestualmente, chiediamo all\u2019azienda di procedere all\u2019effettivo rilancio dello stabilimento bellunese, magari anche attraverso i fondi stanziati dalla Regione Veneto\u00bb.<\/p>","protected":false},"excerpt":{"rendered":"<p>L\u2019assessore provinciale alle Politiche del Lavoro, Stefano De Gan, ha incontrato oggi (mercoled\u00ec 16 dicembre) a Palazzo Piloni Rudolf Langerwisch e Marco Valerio Panci, rispettivamente direttore industriale dello stabilimento di Mel e direttore delle risorse umane del gruppo Acc, per approfondire le eventuali opportunit\u00e0 contenute nel nuovo bando relativo agli investimenti in innovazione della Regione [&hellip;]<\/p>\n","protected":false},"author":2,"featured_media":0,"comment_status":"closed","ping_status":"open","sticky":false,"template":"","format":"standard","meta":{"footnotes":""},"categories":[5,36,26],"tags":[139],"class_list":["post-10709","post","type-post","status-publish","format-standard","category-cronaca","category-lavoro-economia","category-prima-pagina","tag-belluno"],"yoast_head":"<!-- This site is optimized with the Yoast SEO plugin v28.4 - https:\/\/yoast.com\/product\/yoast-seo-wordpress\/ -->\n<title>Incontro a Palazzo Piloni tra Provincia e ACC - Bellunopress - Dolomiti<\/title>\n<meta name=\"robots\" content=\"index, follow, max-snippet:-1, max-image-preview:large, max-video-preview:-1\" \/>\n<link rel=\"canonical\" href=\"https:\/\/www.bellunopress.it\/fr\/2009\/12\/16\/incontro-a-palazzo-piloni-tra-provincia-e-acc\/\" \/>\n<meta property=\"og:locale\" content=\"fr_FR\" \/>\n<meta property=\"og:type\" content=\"article\" \/>\n<meta property=\"og:title\" content=\"Incontro a Palazzo Piloni tra Provincia e ACC - Bellunopress - Dolomiti\" \/>\n<meta property=\"og:description\" content=\"L\u2019assessore provinciale alle Politiche del Lavoro, Stefano De Gan, ha incontrato oggi (mercoled\u00ec 16 dicembre) a Palazzo Piloni Rudolf Langerwisch e Marco Valerio Panci, rispettivamente direttore industriale dello stabilimento di Mel e direttore delle risorse umane del gruppo Acc, per approfondire le eventuali opportunit\u00e0 contenute nel nuovo bando relativo agli investimenti in innovazione della Regione [&hellip;]\" \/>\n<meta property=\"og:url\" content=\"https:\/\/www.bellunopress.it\/fr\/2009\/12\/16\/incontro-a-palazzo-piloni-tra-provincia-e-acc\/\" \/>\n<meta property=\"og:site_name\" content=\"Bellunopress - Dolomiti\" \/>\n<meta property=\"article:publisher\" content=\"https:\/\/www.facebook.com\/profile.php?id=100008943462799\" \/>\n<meta property=\"article:published_time\" content=\"2009-12-16T13:16:45+00:00\" \/>\n<meta property=\"article:modified_time\" content=\"2009-12-16T20:18:51+00:00\" \/>\n<meta property=\"og:image\" content=\"http:\/\/www.bellunopress.it\/wp-content\/uploads\/2009\/10\/stefano-de-gan.jpg\" \/>\n<meta name=\"author\" content=\"redazione\" \/>\n<meta name=\"twitter:card\" content=\"summary_large_image\" \/>\n<meta name=\"twitter:creator\" content=\"@bellunopress\" \/>\n<meta name=\"twitter:site\" content=\"@bellunopress\" \/>\n<meta name=\"twitter:label1\" content=\"\u00c9crit par\" \/>\n\t<meta name=\"twitter:data1\" content=\"redazione\" \/>\n\t<meta name=\"twitter:label2\" content=\"Dur\u00e9e de lecture estim\u00e9e\" \/>\n\t<meta name=\"twitter:data2\" content=\"2 minutes\" \/>\n<script type=\"application\/ld+json\" class=\"yoast-schema-graph\">{\"@context\":\"https:\\\/\\\/schema.org\",\"@graph\":[{\"@type\":\"Article\",\"@id\":\"https:\\\/\\\/www.bellunopress.it\\\/2009\\\/12\\\/16\\\/incontro-a-palazzo-piloni-tra-provincia-e-acc\\\/#article\",\"isPartOf\":{\"@id\":\"https:\\\/\\\/www.bellunopress.it\\\/2009\\\/12\\\/16\\\/incontro-a-palazzo-piloni-tra-provincia-e-acc\\\/\"},\"author\":{\"name\":\"redazione\",\"@id\":\"https:\\\/\\\/www.bellunopress.it\\\/#\\\/schema\\\/person\\\/79bb06722b37ece1c03d3e94beb30d73\"},\"headline\":\"Incontro a Palazzo Piloni tra Provincia e ACC\",\"datePublished\":\"2009-12-16T13:16:45+00:00\",\"dateModified\":\"2009-12-16T20:18:51+00:00\",\"mainEntityOfPage\":{\"@id\":\"https:\\\/\\\/www.bellunopress.it\\\/2009\\\/12\\\/16\\\/incontro-a-palazzo-piloni-tra-provincia-e-acc\\\/\"},\"wordCount\":383,\"publisher\":{\"@id\":\"https:\\\/\\\/www.bellunopress.it\\\/#organization\"},\"image\":{\"@id\":\"https:\\\/\\\/www.bellunopress.it\\\/2009\\\/12\\\/16\\\/incontro-a-palazzo-piloni-tra-provincia-e-acc\\\/#primaryimage\"},\"thumbnailUrl\":\"http:\\\/\\\/www.bellunopress.it\\\/wp-content\\\/uploads\\\/2009\\\/10\\\/stefano-de-gan.jpg\",\"keywords\":[\"Belluno\"],\"articleSection\":[\"Cronaca\\\/Politica\",\"Lavoro, Economia, Turismo\",\"Prima Pagina\"],\"inLanguage\":\"fr-FR\"},{\"@type\":\"WebPage\",\"@id\":\"https:\\\/\\\/www.bellunopress.it\\\/2009\\\/12\\\/16\\\/incontro-a-palazzo-piloni-tra-provincia-e-acc\\\/\",\"url\":\"https:\\\/\\\/www.bellunopress.it\\\/2009\\\/12\\\/16\\\/incontro-a-palazzo-piloni-tra-provincia-e-acc\\\/\",\"name\":\"Incontro a Palazzo Piloni tra Provincia e ACC - Bellunopress - Dolomiti\",\"isPartOf\":{\"@id\":\"https:\\\/\\\/www.bellunopress.it\\\/#website\"},\"primaryImageOfPage\":{\"@id\":\"https:\\\/\\\/www.bellunopress.it\\\/2009\\\/12\\\/16\\\/incontro-a-palazzo-piloni-tra-provincia-e-acc\\\/#primaryimage\"},\"image\":{\"@id\":\"https:\\\/\\\/www.bellunopress.it\\\/2009\\\/12\\\/16\\\/incontro-a-palazzo-piloni-tra-provincia-e-acc\\\/#primaryimage\"},\"thumbnailUrl\":\"http:\\\/\\\/www.bellunopress.it\\\/wp-content\\\/uploads\\\/2009\\\/10\\\/stefano-de-gan.jpg\",\"datePublished\":\"2009-12-16T13:16:45+00:00\",\"dateModified\":\"2009-12-16T20:18:51+00:00\",\"breadcrumb\":{\"@id\":\"https:\\\/\\\/www.bellunopress.it\\\/2009\\\/12\\\/16\\\/incontro-a-palazzo-piloni-tra-provincia-e-acc\\\/#breadcrumb\"},\"inLanguage\":\"fr-FR\",\"potentialAction\":[{\"@type\":\"ReadAction\",\"target\":[\"https:\\\/\\\/www.bellunopress.it\\\/2009\\\/12\\\/16\\\/incontro-a-palazzo-piloni-tra-provincia-e-acc\\\/\"]}]},{\"@type\":\"ImageObject\",\"inLanguage\":\"fr-FR\",\"@id\":\"https:\\\/\\\/www.bellunopress.it\\\/2009\\\/12\\\/16\\\/incontro-a-palazzo-piloni-tra-provincia-e-acc\\\/#primaryimage\",\"url\":\"http:\\\/\\\/www.bellunopress.it\\\/wp-content\\\/uploads\\\/2009\\\/10\\\/stefano-de-gan.jpg\",\"contentUrl\":\"http:\\\/\\\/www.bellunopress.it\\\/wp-content\\\/uploads\\\/2009\\\/10\\\/stefano-de-gan.jpg\"},{\"@type\":\"BreadcrumbList\",\"@id\":\"https:\\\/\\\/www.bellunopress.it\\\/2009\\\/12\\\/16\\\/incontro-a-palazzo-piloni-tra-provincia-e-acc\\\/#breadcrumb\",\"itemListElement\":[{\"@type\":\"ListItem\",\"position\":1,\"name\":\"Home\",\"item\":\"https:\\\/\\\/www.bellunopress.it\\\/\"},{\"@type\":\"ListItem\",\"position\":2,\"name\":\"Incontro a Palazzo Piloni tra Provincia e ACC\"}]},{\"@type\":\"WebSite\",\"@id\":\"https:\\\/\\\/www.bellunopress.it\\\/#website\",\"url\":\"https:\\\/\\\/www.bellunopress.it\\\/\",\"name\":\"Bellunopress - Dolomiti\",\"description\":\"e-mail: redazione@bellunopress.it\",\"publisher\":{\"@id\":\"https:\\\/\\\/www.bellunopress.it\\\/#organization\"},\"potentialAction\":[{\"@type\":\"SearchAction\",\"target\":{\"@type\":\"EntryPoint\",\"urlTemplate\":\"https:\\\/\\\/www.bellunopress.it\\\/?s={search_term_string}\"},\"query-input\":{\"@type\":\"PropertyValueSpecification\",\"valueRequired\":true,\"valueName\":\"search_term_string\"}}],\"inLanguage\":\"fr-FR\"},{\"@type\":\"Organization\",\"@id\":\"https:\\\/\\\/www.bellunopress.it\\\/#organization\",\"name\":\"Bellunopress\",\"url\":\"https:\\\/\\\/www.bellunopress.it\\\/\",\"logo\":{\"@type\":\"ImageObject\",\"inLanguage\":\"fr-FR\",\"@id\":\"https:\\\/\\\/www.bellunopress.it\\\/#\\\/schema\\\/logo\\\/image\\\/\",\"url\":\"https:\\\/\\\/www.bellunopress.it\\\/wp-content\\\/uploads\\\/2011\\\/05\\\/cropped-logo-bellunopress-.jpg\",\"contentUrl\":\"https:\\\/\\\/www.bellunopress.it\\\/wp-content\\\/uploads\\\/2011\\\/05\\\/cropped-logo-bellunopress-.jpg\",\"width\":512,\"height\":512,\"caption\":\"Bellunopress\"},\"image\":{\"@id\":\"https:\\\/\\\/www.bellunopress.it\\\/#\\\/schema\\\/logo\\\/image\\\/\"},\"sameAs\":[\"https:\\\/\\\/www.facebook.com\\\/profile.php?id=100008943462799\",\"https:\\\/\\\/x.com\\\/bellunopress\",\"https:\\\/\\\/www.linkedin.com\\\/hp\\\/?dnr=JBzUWaJfMUw8vbXJJ2tVW5-I3jZKvC4wsoxE&amp;amp;amp;amp;amp;amp;trk=nav_responsive_tab_home\",\"https:\\\/\\\/www.youtube.com\\\/channel\\\/UCxL0wu1uN0_3_7hGG0306cw\"]},{\"@type\":\"Person\",\"@id\":\"https:\\\/\\\/www.bellunopress.it\\\/#\\\/schema\\\/person\\\/79bb06722b37ece1c03d3e94beb30d73\",\"name\":\"redazione\",\"image\":{\"@type\":\"ImageObject\",\"inLanguage\":\"fr-FR\",\"@id\":\"https:\\\/\\\/secure.gravatar.com\\\/avatar\\\/37d968a2e67a6fd04c169c4bdef102d0bc5d31b2546345219e348575eb80e9a0?s=96&d=mm&r=g\",\"url\":\"https:\\\/\\\/secure.gravatar.com\\\/avatar\\\/37d968a2e67a6fd04c169c4bdef102d0bc5d31b2546345219e348575eb80e9a0?s=96&d=mm&r=g\",\"contentUrl\":\"https:\\\/\\\/secure.gravatar.com\\\/avatar\\\/37d968a2e67a6fd04c169c4bdef102d0bc5d31b2546345219e348575eb80e9a0?s=96&d=mm&r=g\",\"caption\":\"redazione\"},\"sameAs\":[\"http:\\\/\\\/www.bellunopress.it\",\"https:\\\/\\\/x.com\\\/bellunopress\"],\"url\":\"https:\\\/\\\/www.bellunopress.it\\\/fr\\\/author\\\/redazione\\\/\"}]}<\/script>\n<!-- \/ Yoast SEO plugin. -->","yoast_head_json":{"title":"Incontro a Palazzo Piloni tra Provincia e ACC - Bellunopress - Dolomiti","robots":{"index":"index","follow":"follow","max-snippet":"max-snippet:-1","max-image-preview":"max-image-preview:large","max-video-preview":"max-video-preview:-1"},"canonical":"https:\/\/www.bellunopress.it\/fr\/2009\/12\/16\/incontro-a-palazzo-piloni-tra-provincia-e-acc\/","og_locale":"fr_FR","og_type":"article","og_title":"Incontro a Palazzo Piloni tra Provincia e ACC - Bellunopress - Dolomiti","og_description":"L\u2019assessore provinciale alle Politiche del Lavoro, Stefano De Gan, ha incontrato oggi (mercoled\u00ec 16 dicembre) a Palazzo Piloni Rudolf Langerwisch e Marco Valerio Panci, rispettivamente direttore industriale dello stabilimento di Mel e direttore delle risorse umane del gruppo Acc, per approfondire le eventuali opportunit\u00e0 contenute nel nuovo bando relativo agli investimenti in innovazione della Regione [&hellip;]","og_url":"https:\/\/www.bellunopress.it\/fr\/2009\/12\/16\/incontro-a-palazzo-piloni-tra-provincia-e-acc\/","og_site_name":"Bellunopress - Dolomiti","article_publisher":"https:\/\/www.facebook.com\/profile.php?id=100008943462799","article_published_time":"2009-12-16T13:16:45+00:00","article_modified_time":"2009-12-16T20:18:51+00:00","og_image":[{"url":"http:\/\/www.bellunopress.it\/wp-content\/uploads\/2009\/10\/stefano-de-gan.jpg","type":"","width":"","height":""}],"author":"redazione","twitter_card":"summary_large_image","twitter_creator":"@bellunopress","twitter_site":"@bellunopress","twitter_misc":{"\u00c9crit par":"redazione","Dur\u00e9e de lecture estim\u00e9e":"2 minutes"},"schema":{"@context":"https:\/\/schema.org","@graph":[{"@type":"Article","@id":"https:\/\/www.bellunopress.it\/2009\/12\/16\/incontro-a-palazzo-piloni-tra-provincia-e-acc\/#article","isPartOf":{"@id":"https:\/\/www.bellunopress.it\/2009\/12\/16\/incontro-a-palazzo-piloni-tra-provincia-e-acc\/"},"author":{"name":"redazione","@id":"https:\/\/www.bellunopress.it\/#\/schema\/person\/79bb06722b37ece1c03d3e94beb30d73"},"headline":"Incontro a Palazzo Piloni tra Provincia e ACC","datePublished":"2009-12-16T13:16:45+00:00","dateModified":"2009-12-16T20:18:51+00:00","mainEntityOfPage":{"@id":"https:\/\/www.bellunopress.it\/2009\/12\/16\/incontro-a-palazzo-piloni-tra-provincia-e-acc\/"},"wordCount":383,"publisher":{"@id":"https:\/\/www.bellunopress.it\/#organization"},"image":{"@id":"https:\/\/www.bellunopress.it\/2009\/12\/16\/incontro-a-palazzo-piloni-tra-provincia-e-acc\/#primaryimage"},"thumbnailUrl":"http:\/\/www.bellunopress.it\/wp-content\/uploads\/2009\/10\/stefano-de-gan.jpg","keywords":["Belluno"],"articleSection":["Cronaca\/Politica","Lavoro, Economia, Turismo","Prima Pagina"],"inLanguage":"fr-FR"},{"@type":"WebPage","@id":"https:\/\/www.bellunopress.it\/2009\/12\/16\/incontro-a-palazzo-piloni-tra-provincia-e-acc\/","url":"https:\/\/www.bellunopress.it\/2009\/12\/16\/incontro-a-palazzo-piloni-tra-provincia-e-acc\/","name":"Incontro a Palazzo Piloni tra Provincia e ACC - Bellunopress - Dolomiti","isPartOf":{"@id":"https:\/\/www.bellunopress.it\/#website"},"primaryImageOfPage":{"@id":"https:\/\/www.bellunopress.it\/2009\/12\/16\/incontro-a-palazzo-piloni-tra-provincia-e-acc\/#primaryimage"},"image":{"@id":"https:\/\/www.bellunopress.it\/2009\/12\/16\/incontro-a-palazzo-piloni-tra-provincia-e-acc\/#primaryimage"},"thumbnailUrl":"http:\/\/www.bellunopress.it\/wp-content\/uploads\/2009\/10\/stefano-de-gan.jpg","datePublished":"2009-12-16T13:16:45+00:00","dateModified":"2009-12-16T20:18:51+00:00","breadcrumb":{"@id":"https:\/\/www.bellunopress.it\/2009\/12\/16\/incontro-a-palazzo-piloni-tra-provincia-e-acc\/#breadcrumb"},"inLanguage":"fr-FR","potentialAction":[{"@type":"ReadAction","target":["https:\/\/www.bellunopress.it\/2009\/12\/16\/incontro-a-palazzo-piloni-tra-provincia-e-acc\/"]}]},{"@type":"ImageObject","inLanguage":"fr-FR","@id":"https:\/\/www.bellunopress.it\/2009\/12\/16\/incontro-a-palazzo-piloni-tra-provincia-e-acc\/#primaryimage","url":"http:\/\/www.bellunopress.it\/wp-content\/uploads\/2009\/10\/stefano-de-gan.jpg","contentUrl":"http:\/\/www.bellunopress.it\/wp-content\/uploads\/2009\/10\/stefano-de-gan.jpg"},{"@type":"BreadcrumbList","@id":"https:\/\/www.bellunopress.it\/2009\/12\/16\/incontro-a-palazzo-piloni-tra-provincia-e-acc\/#breadcrumb","itemListElement":[{"@type":"ListItem","position":1,"name":"Home","item":"https:\/\/www.bellunopress.it\/"},{"@type":"ListItem","position":2,"name":"Incontro a Palazzo Piloni tra Provincia e ACC"}]},{"@type":"WebSite","@id":"https:\/\/www.bellunopress.it\/#website","url":"https:\/\/www.bellunopress.it\/","name":"Bellunopress - Dolomiti","description":"e-mail: redazione@bellunopress.it","publisher":{"@id":"https:\/\/www.bellunopress.it\/#organization"},"potentialAction":[{"@type":"SearchAction","target":{"@type":"EntryPoint","urlTemplate":"https:\/\/www.bellunopress.it\/?s={search_term_string}"},"query-input":{"@type":"PropertyValueSpecification","valueRequired":true,"valueName":"search_term_string"}}],"inLanguage":"fr-FR"},{"@type":"Organization","@id":"https:\/\/www.bellunopress.it\/#organization","name":"Bellunopress","url":"https:\/\/www.bellunopress.it\/","logo":{"@type":"ImageObject","inLanguage":"fr-FR","@id":"https:\/\/www.bellunopress.it\/#\/schema\/logo\/image\/","url":"https:\/\/www.bellunopress.it\/wp-content\/uploads\/2011\/05\/cropped-logo-bellunopress-.jpg","contentUrl":"https:\/\/www.bellunopress.it\/wp-content\/uploads\/2011\/05\/cropped-logo-bellunopress-.jpg","width":512,"height":512,"caption":"Bellunopress"},"image":{"@id":"https:\/\/www.bellunopress.it\/#\/schema\/logo\/image\/"},"sameAs":["https:\/\/www.facebook.com\/profile.php?id=100008943462799","https:\/\/x.com\/bellunopress","https:\/\/www.linkedin.com\/hp\/?dnr=JBzUWaJfMUw8vbXJJ2tVW5-I3jZKvC4wsoxE&amp;amp;amp;amp;amp;amp;trk=nav_responsive_tab_home","https:\/\/www.youtube.com\/channel\/UCxL0wu1uN0_3_7hGG0306cw"]},{"@type":"Person","@id":"https:\/\/www.bellunopress.it\/#\/schema\/person\/79bb06722b37ece1c03d3e94beb30d73","name":"r\u00e9daction","image":{"@type":"ImageObject","inLanguage":"fr-FR","@id":"https:\/\/secure.gravatar.com\/avatar\/37d968a2e67a6fd04c169c4bdef102d0bc5d31b2546345219e348575eb80e9a0?s=96&d=mm&r=g","url":"https:\/\/secure.gravatar.com\/avatar\/37d968a2e67a6fd04c169c4bdef102d0bc5d31b2546345219e348575eb80e9a0?s=96&d=mm&r=g","contentUrl":"https:\/\/secure.gravatar.com\/avatar\/37d968a2e67a6fd04c169c4bdef102d0bc5d31b2546345219e348575eb80e9a0?s=96&d=mm&r=g","caption":"redazione"},"sameAs":["http:\/\/www.bellunopress.it","https:\/\/x.com\/bellunopress"],"url":"https:\/\/www.bellunopress.it\/fr\/author\/redazione\/"}]}},"_links":{"self":[{"href":"https:\/\/www.bellunopress.it\/fr\/wp-json\/wp\/v2\/posts\/10709","targetHints":{"allow":["GET"]}}],"collection":[{"href":"https:\/\/www.bellunopress.it\/fr\/wp-json\/wp\/v2\/posts"}],"about":[{"href":"https:\/\/www.bellunopress.it\/fr\/wp-json\/wp\/v2\/types\/post"}],"author":[{"embeddable":true,"href":"https:\/\/www.bellunopress.it\/fr\/wp-json\/wp\/v2\/users\/2"}],"replies":[{"embeddable":true,"href":"https:\/\/www.bellunopress.it\/fr\/wp-json\/wp\/v2\/comments?post=10709"}],"version-history":[{"count":2,"href":"https:\/\/www.bellunopress.it\/fr\/wp-json\/wp\/v2\/posts\/10709\/revisions"}],"predecessor-version":[{"id":10727,"href":"https:\/\/www.bellunopress.it\/fr\/wp-json\/wp\/v2\/posts\/10709\/revisions\/10727"}],"wp:attachment":[{"href":"https:\/\/www.bellunopress.it\/fr\/wp-json\/wp\/v2\/media?parent=10709"}],"wp:term":[{"taxonomy":"category","embeddable":true,"href":"https:\/\/www.bellunopress.it\/fr\/wp-json\/wp\/v2\/categories?post=10709"},{"taxonomy":"post_tag","embeddable":true,"href":"https:\/\/www.bellunopress.it\/fr\/wp-json\/wp\/v2\/tags?post=10709"}],"curies":[{"name":"wp","href":"https:\/\/api.w.org\/{rel}","templated":true}]}}