{"id":107076,"date":"2019-08-13T16:10:57","date_gmt":"2019-08-13T14:10:57","guid":{"rendered":"http:\/\/www.bellunopress.it\/?p=107076"},"modified":"2019-08-13T21:06:10","modified_gmt":"2019-08-13T19:06:10","slug":"dominion-il-nuovo-film-che-denuncia-la-violenza-sugli-animali-martedi-sera-a-cappella-maggiore","status":"publish","type":"post","link":"https:\/\/www.bellunopress.it\/fr\/2019\/08\/13\/dominion-il-nuovo-film-che-denuncia-la-violenza-sugli-animali-martedi-sera-a-cappella-maggiore\/","title":{"rendered":"\u201cDominion\u201d, il nuovo film che denuncia la violenza sugli animali. Marted\u00ec sera a Cappella Maggiore"},"content":{"rendered":"<p>Marted\u00ec 13 agosto alle ore 20.30 nella sede SIQUT s.b., via Cal della Veia 30, Cappella Maggiore (TV), loc. Anzano si terr\u00e0 la proiezione del docufilm Dominion.<\/p>\n<p><a href=\"http:\/\/www.bellunopress.it\/fr\/2019\/08\/13\/dominion-il-nuovo-film-che-denuncia-la-violenza-sugli-animali-martedi-sera-a-cappella-maggiore\/salus-bellatrix\/\" rel=\"attachment wp-att-107077\"><img loading=\"lazy\" decoding=\"async\" class=\"alignleft size-full wp-image-107077\" src=\"http:\/\/www.bellunopress.it\/wp-content\/uploads\/2019\/08\/salus-bellatrix.jpg\" alt=\"\" width=\"300\" height=\"67\" \/><\/a>Gli occhi sono lo specchio dell\u2019anima. In loro si legge la gioia e la paura. Non nascondono gli stati d\u2019animo che stiamo vivendo. E proprio con l\u2019occhio di un maiale inizia \u201cDominion\u201d, il nuovo film che denuncia la violenza sugli animali di ogni specie, scritto, diretto e realizzato da Chris Delforce.<\/p>\n<p>\u00abDalle bestie che disprezziamo in quanto senz\u2019anima, dalle foreste, dai campi e dalle tane, il grido si leva a testimoniare che sono gli uomini a essere senza cuore\u00bb. Sono le parole di M. Frida Hartley ricordate all\u2019inizio della proiezione.<\/p>\n<p>Attraverso le immagini catturate dalle telecamere nascoste all\u2019interno di allevamenti e macelli, e le riprese effettuate dai droni telecomandati, il regista accompagna lo spettatore in un viaggio infernale, per farci percepire dentro di noi con grande forza, l\u2019estrema sofferenza degli animali, la loro disperazione, il loro grido di aiuto.<\/p>\n<p>L&#8217;iniziativa \u00e8 dell&#8217;associazione <a href=\"http:\/\/www.salusbellatrix.it\/\">SalusBellatrix<\/a><\/p>\n<p>&nbsp;<\/p>","protected":false},"excerpt":{"rendered":"<p>Marted\u00ec 13 agosto alle ore 20.30 nella sede SIQUT s.b., via Cal della Veia 30, Cappella Maggiore (TV), loc. Anzano si terr\u00e0 la proiezione del docufilm Dominion. Gli occhi sono lo specchio dell\u2019anima. In loro si legge la gioia e la paura. Non nascondono gli stati d\u2019animo che stiamo vivendo. E proprio con l\u2019occhio di [&hellip;]<\/p>\n","protected":false},"author":2,"featured_media":0,"comment_status":"closed","ping_status":"open","sticky":false,"template":"","format":"standard","meta":{"footnotes":""},"categories":[3,3394],"tags":[],"class_list":["post-107076","post","type-post","status-publish","format-standard","category-arte-cultura-spettacoli-scienza-archivi","category-cultura-e-spettacoli-fuori-provincia"],"yoast_head":"<!-- This site is optimized with the Yoast SEO plugin v28.4 - https:\/\/yoast.com\/product\/yoast-seo-wordpress\/ -->\n<title>\u201cDominion\u201d, il nuovo film che denuncia la violenza sugli animali. Marted\u00ec sera a Cappella Maggiore - Bellunopress - Dolomiti<\/title>\n<meta name=\"robots\" content=\"index, follow, max-snippet:-1, max-image-preview:large, max-video-preview:-1\" \/>\n<link rel=\"canonical\" href=\"https:\/\/www.bellunopress.it\/fr\/2019\/08\/13\/dominion-il-nuovo-film-che-denuncia-la-violenza-sugli-animali-martedi-sera-a-cappella-maggiore\/\" \/>\n<meta property=\"og:locale\" content=\"fr_FR\" \/>\n<meta property=\"og:type\" content=\"article\" \/>\n<meta property=\"og:title\" content=\"\u201cDominion\u201d, il nuovo film che denuncia la violenza sugli animali. Marted\u00ec sera a Cappella Maggiore - Bellunopress - Dolomiti\" \/>\n<meta property=\"og:description\" content=\"Marted\u00ec 13 agosto alle ore 20.30 nella sede SIQUT s.b., via Cal della Veia 30, Cappella Maggiore (TV), loc. Anzano si terr\u00e0 la proiezione del docufilm Dominion. Gli occhi sono lo specchio dell\u2019anima. In loro si legge la gioia e la paura. Non nascondono gli stati d\u2019animo che stiamo vivendo. E proprio con l\u2019occhio di [&hellip;]\" \/>\n<meta property=\"og:url\" content=\"https:\/\/www.bellunopress.it\/fr\/2019\/08\/13\/dominion-il-nuovo-film-che-denuncia-la-violenza-sugli-animali-martedi-sera-a-cappella-maggiore\/\" \/>\n<meta property=\"og:site_name\" content=\"Bellunopress - Dolomiti\" \/>\n<meta property=\"article:publisher\" content=\"https:\/\/www.facebook.com\/profile.php?id=100008943462799\" \/>\n<meta property=\"article:published_time\" content=\"2019-08-13T14:10:57+00:00\" \/>\n<meta property=\"article:modified_time\" content=\"2019-08-13T19:06:10+00:00\" \/>\n<meta property=\"og:image\" content=\"http:\/\/www.bellunopress.it\/wp-content\/uploads\/2019\/08\/salus-bellatrix.jpg\" \/>\n<meta name=\"author\" content=\"redazione\" \/>\n<meta name=\"twitter:card\" content=\"summary_large_image\" \/>\n<meta name=\"twitter:creator\" content=\"@bellunopress\" \/>\n<meta name=\"twitter:site\" content=\"@bellunopress\" \/>\n<meta name=\"twitter:label1\" content=\"\u00c9crit par\" \/>\n\t<meta name=\"twitter:data1\" content=\"redazione\" \/>\n\t<meta name=\"twitter:label2\" content=\"Dur\u00e9e de lecture estim\u00e9e\" \/>\n\t<meta name=\"twitter:data2\" content=\"1 minute\" \/>\n<script type=\"application\/ld+json\" class=\"yoast-schema-graph\">{\"@context\":\"https:\\\/\\\/schema.org\",\"@graph\":[{\"@type\":\"Article\",\"@id\":\"https:\\\/\\\/www.bellunopress.it\\\/2019\\\/08\\\/13\\\/dominion-il-nuovo-film-che-denuncia-la-violenza-sugli-animali-martedi-sera-a-cappella-maggiore\\\/#article\",\"isPartOf\":{\"@id\":\"https:\\\/\\\/www.bellunopress.it\\\/2019\\\/08\\\/13\\\/dominion-il-nuovo-film-che-denuncia-la-violenza-sugli-animali-martedi-sera-a-cappella-maggiore\\\/\"},\"author\":{\"name\":\"redazione\",\"@id\":\"https:\\\/\\\/www.bellunopress.it\\\/#\\\/schema\\\/person\\\/79bb06722b37ece1c03d3e94beb30d73\"},\"headline\":\"\u201cDominion\u201d, il nuovo film che denuncia la violenza sugli animali. Marted\u00ec sera a Cappella Maggiore\",\"datePublished\":\"2019-08-13T14:10:57+00:00\",\"dateModified\":\"2019-08-13T19:06:10+00:00\",\"mainEntityOfPage\":{\"@id\":\"https:\\\/\\\/www.bellunopress.it\\\/2019\\\/08\\\/13\\\/dominion-il-nuovo-film-che-denuncia-la-violenza-sugli-animali-martedi-sera-a-cappella-maggiore\\\/\"},\"wordCount\":192,\"publisher\":{\"@id\":\"https:\\\/\\\/www.bellunopress.it\\\/#organization\"},\"image\":{\"@id\":\"https:\\\/\\\/www.bellunopress.it\\\/2019\\\/08\\\/13\\\/dominion-il-nuovo-film-che-denuncia-la-violenza-sugli-animali-martedi-sera-a-cappella-maggiore\\\/#primaryimage\"},\"thumbnailUrl\":\"http:\\\/\\\/www.bellunopress.it\\\/wp-content\\\/uploads\\\/2019\\\/08\\\/salus-bellatrix.jpg\",\"articleSection\":[\"Arte, Cultura, Spettacoli, Scienza\",\"Cultura e spettacoli, tempo libero, benessere, fuori provincia\"],\"inLanguage\":\"fr-FR\"},{\"@type\":\"WebPage\",\"@id\":\"https:\\\/\\\/www.bellunopress.it\\\/2019\\\/08\\\/13\\\/dominion-il-nuovo-film-che-denuncia-la-violenza-sugli-animali-martedi-sera-a-cappella-maggiore\\\/\",\"url\":\"https:\\\/\\\/www.bellunopress.it\\\/2019\\\/08\\\/13\\\/dominion-il-nuovo-film-che-denuncia-la-violenza-sugli-animali-martedi-sera-a-cappella-maggiore\\\/\",\"name\":\"\u201cDominion\u201d, il nuovo film che denuncia la violenza sugli animali. Marted\u00ec sera a Cappella Maggiore - Bellunopress - Dolomiti\",\"isPartOf\":{\"@id\":\"https:\\\/\\\/www.bellunopress.it\\\/#website\"},\"primaryImageOfPage\":{\"@id\":\"https:\\\/\\\/www.bellunopress.it\\\/2019\\\/08\\\/13\\\/dominion-il-nuovo-film-che-denuncia-la-violenza-sugli-animali-martedi-sera-a-cappella-maggiore\\\/#primaryimage\"},\"image\":{\"@id\":\"https:\\\/\\\/www.bellunopress.it\\\/2019\\\/08\\\/13\\\/dominion-il-nuovo-film-che-denuncia-la-violenza-sugli-animali-martedi-sera-a-cappella-maggiore\\\/#primaryimage\"},\"thumbnailUrl\":\"http:\\\/\\\/www.bellunopress.it\\\/wp-content\\\/uploads\\\/2019\\\/08\\\/salus-bellatrix.jpg\",\"datePublished\":\"2019-08-13T14:10:57+00:00\",\"dateModified\":\"2019-08-13T19:06:10+00:00\",\"breadcrumb\":{\"@id\":\"https:\\\/\\\/www.bellunopress.it\\\/2019\\\/08\\\/13\\\/dominion-il-nuovo-film-che-denuncia-la-violenza-sugli-animali-martedi-sera-a-cappella-maggiore\\\/#breadcrumb\"},\"inLanguage\":\"fr-FR\",\"potentialAction\":[{\"@type\":\"ReadAction\",\"target\":[\"https:\\\/\\\/www.bellunopress.it\\\/2019\\\/08\\\/13\\\/dominion-il-nuovo-film-che-denuncia-la-violenza-sugli-animali-martedi-sera-a-cappella-maggiore\\\/\"]}]},{\"@type\":\"ImageObject\",\"inLanguage\":\"fr-FR\",\"@id\":\"https:\\\/\\\/www.bellunopress.it\\\/2019\\\/08\\\/13\\\/dominion-il-nuovo-film-che-denuncia-la-violenza-sugli-animali-martedi-sera-a-cappella-maggiore\\\/#primaryimage\",\"url\":\"http:\\\/\\\/www.bellunopress.it\\\/wp-content\\\/uploads\\\/2019\\\/08\\\/salus-bellatrix.jpg\",\"contentUrl\":\"http:\\\/\\\/www.bellunopress.it\\\/wp-content\\\/uploads\\\/2019\\\/08\\\/salus-bellatrix.jpg\"},{\"@type\":\"BreadcrumbList\",\"@id\":\"https:\\\/\\\/www.bellunopress.it\\\/2019\\\/08\\\/13\\\/dominion-il-nuovo-film-che-denuncia-la-violenza-sugli-animali-martedi-sera-a-cappella-maggiore\\\/#breadcrumb\",\"itemListElement\":[{\"@type\":\"ListItem\",\"position\":1,\"name\":\"Home\",\"item\":\"https:\\\/\\\/www.bellunopress.it\\\/\"},{\"@type\":\"ListItem\",\"position\":2,\"name\":\"\u201cDominion\u201d, il nuovo film che denuncia la violenza sugli animali. Marted\u00ec sera a Cappella Maggiore\"}]},{\"@type\":\"WebSite\",\"@id\":\"https:\\\/\\\/www.bellunopress.it\\\/#website\",\"url\":\"https:\\\/\\\/www.bellunopress.it\\\/\",\"name\":\"Bellunopress - Dolomiti\",\"description\":\"e-mail: redazione@bellunopress.it\",\"publisher\":{\"@id\":\"https:\\\/\\\/www.bellunopress.it\\\/#organization\"},\"potentialAction\":[{\"@type\":\"SearchAction\",\"target\":{\"@type\":\"EntryPoint\",\"urlTemplate\":\"https:\\\/\\\/www.bellunopress.it\\\/?s={search_term_string}\"},\"query-input\":{\"@type\":\"PropertyValueSpecification\",\"valueRequired\":true,\"valueName\":\"search_term_string\"}}],\"inLanguage\":\"fr-FR\"},{\"@type\":\"Organization\",\"@id\":\"https:\\\/\\\/www.bellunopress.it\\\/#organization\",\"name\":\"Bellunopress\",\"url\":\"https:\\\/\\\/www.bellunopress.it\\\/\",\"logo\":{\"@type\":\"ImageObject\",\"inLanguage\":\"fr-FR\",\"@id\":\"https:\\\/\\\/www.bellunopress.it\\\/#\\\/schema\\\/logo\\\/image\\\/\",\"url\":\"https:\\\/\\\/www.bellunopress.it\\\/wp-content\\\/uploads\\\/2011\\\/05\\\/cropped-logo-bellunopress-.jpg\",\"contentUrl\":\"https:\\\/\\\/www.bellunopress.it\\\/wp-content\\\/uploads\\\/2011\\\/05\\\/cropped-logo-bellunopress-.jpg\",\"width\":512,\"height\":512,\"caption\":\"Bellunopress\"},\"image\":{\"@id\":\"https:\\\/\\\/www.bellunopress.it\\\/#\\\/schema\\\/logo\\\/image\\\/\"},\"sameAs\":[\"https:\\\/\\\/www.facebook.com\\\/profile.php?id=100008943462799\",\"https:\\\/\\\/x.com\\\/bellunopress\",\"https:\\\/\\\/www.linkedin.com\\\/hp\\\/?dnr=JBzUWaJfMUw8vbXJJ2tVW5-I3jZKvC4wsoxE&amp;amp;amp;amp;amp;amp;trk=nav_responsive_tab_home\",\"https:\\\/\\\/www.youtube.com\\\/channel\\\/UCxL0wu1uN0_3_7hGG0306cw\"]},{\"@type\":\"Person\",\"@id\":\"https:\\\/\\\/www.bellunopress.it\\\/#\\\/schema\\\/person\\\/79bb06722b37ece1c03d3e94beb30d73\",\"name\":\"redazione\",\"image\":{\"@type\":\"ImageObject\",\"inLanguage\":\"fr-FR\",\"@id\":\"https:\\\/\\\/secure.gravatar.com\\\/avatar\\\/37d968a2e67a6fd04c169c4bdef102d0bc5d31b2546345219e348575eb80e9a0?s=96&d=mm&r=g\",\"url\":\"https:\\\/\\\/secure.gravatar.com\\\/avatar\\\/37d968a2e67a6fd04c169c4bdef102d0bc5d31b2546345219e348575eb80e9a0?s=96&d=mm&r=g\",\"contentUrl\":\"https:\\\/\\\/secure.gravatar.com\\\/avatar\\\/37d968a2e67a6fd04c169c4bdef102d0bc5d31b2546345219e348575eb80e9a0?s=96&d=mm&r=g\",\"caption\":\"redazione\"},\"sameAs\":[\"http:\\\/\\\/www.bellunopress.it\",\"https:\\\/\\\/x.com\\\/bellunopress\"],\"url\":\"https:\\\/\\\/www.bellunopress.it\\\/fr\\\/author\\\/redazione\\\/\"}]}<\/script>\n<!-- \/ Yoast SEO plugin. -->","yoast_head_json":{"title":"\u201cDominion\u201d, il nuovo film che denuncia la violenza sugli animali. Marted\u00ec sera a Cappella Maggiore - Bellunopress - Dolomiti","robots":{"index":"index","follow":"follow","max-snippet":"max-snippet:-1","max-image-preview":"max-image-preview:large","max-video-preview":"max-video-preview:-1"},"canonical":"https:\/\/www.bellunopress.it\/fr\/2019\/08\/13\/dominion-il-nuovo-film-che-denuncia-la-violenza-sugli-animali-martedi-sera-a-cappella-maggiore\/","og_locale":"fr_FR","og_type":"article","og_title":"\u201cDominion\u201d, il nuovo film che denuncia la violenza sugli animali. Marted\u00ec sera a Cappella Maggiore - Bellunopress - Dolomiti","og_description":"Marted\u00ec 13 agosto alle ore 20.30 nella sede SIQUT s.b., via Cal della Veia 30, Cappella Maggiore (TV), loc. Anzano si terr\u00e0 la proiezione del docufilm Dominion. Gli occhi sono lo specchio dell\u2019anima. In loro si legge la gioia e la paura. Non nascondono gli stati d\u2019animo che stiamo vivendo. E proprio con l\u2019occhio di [&hellip;]","og_url":"https:\/\/www.bellunopress.it\/fr\/2019\/08\/13\/dominion-il-nuovo-film-che-denuncia-la-violenza-sugli-animali-martedi-sera-a-cappella-maggiore\/","og_site_name":"Bellunopress - Dolomiti","article_publisher":"https:\/\/www.facebook.com\/profile.php?id=100008943462799","article_published_time":"2019-08-13T14:10:57+00:00","article_modified_time":"2019-08-13T19:06:10+00:00","og_image":[{"url":"http:\/\/www.bellunopress.it\/wp-content\/uploads\/2019\/08\/salus-bellatrix.jpg","type":"","width":"","height":""}],"author":"redazione","twitter_card":"summary_large_image","twitter_creator":"@bellunopress","twitter_site":"@bellunopress","twitter_misc":{"\u00c9crit par":"redazione","Dur\u00e9e de lecture estim\u00e9e":"1 minute"},"schema":{"@context":"https:\/\/schema.org","@graph":[{"@type":"Article","@id":"https:\/\/www.bellunopress.it\/2019\/08\/13\/dominion-il-nuovo-film-che-denuncia-la-violenza-sugli-animali-martedi-sera-a-cappella-maggiore\/#article","isPartOf":{"@id":"https:\/\/www.bellunopress.it\/2019\/08\/13\/dominion-il-nuovo-film-che-denuncia-la-violenza-sugli-animali-martedi-sera-a-cappella-maggiore\/"},"author":{"name":"redazione","@id":"https:\/\/www.bellunopress.it\/#\/schema\/person\/79bb06722b37ece1c03d3e94beb30d73"},"headline":"\u201cDominion\u201d, il nuovo film che denuncia la violenza sugli animali. Marted\u00ec sera a Cappella Maggiore","datePublished":"2019-08-13T14:10:57+00:00","dateModified":"2019-08-13T19:06:10+00:00","mainEntityOfPage":{"@id":"https:\/\/www.bellunopress.it\/2019\/08\/13\/dominion-il-nuovo-film-che-denuncia-la-violenza-sugli-animali-martedi-sera-a-cappella-maggiore\/"},"wordCount":192,"publisher":{"@id":"https:\/\/www.bellunopress.it\/#organization"},"image":{"@id":"https:\/\/www.bellunopress.it\/2019\/08\/13\/dominion-il-nuovo-film-che-denuncia-la-violenza-sugli-animali-martedi-sera-a-cappella-maggiore\/#primaryimage"},"thumbnailUrl":"http:\/\/www.bellunopress.it\/wp-content\/uploads\/2019\/08\/salus-bellatrix.jpg","articleSection":["Arte, Cultura, Spettacoli, Scienza","Cultura e spettacoli, tempo libero, benessere, fuori provincia"],"inLanguage":"fr-FR"},{"@type":"WebPage","@id":"https:\/\/www.bellunopress.it\/2019\/08\/13\/dominion-il-nuovo-film-che-denuncia-la-violenza-sugli-animali-martedi-sera-a-cappella-maggiore\/","url":"https:\/\/www.bellunopress.it\/2019\/08\/13\/dominion-il-nuovo-film-che-denuncia-la-violenza-sugli-animali-martedi-sera-a-cappella-maggiore\/","name":"\u201cDominion\u201d, il nuovo film che denuncia la violenza sugli animali. Marted\u00ec sera a Cappella Maggiore - Bellunopress - Dolomiti","isPartOf":{"@id":"https:\/\/www.bellunopress.it\/#website"},"primaryImageOfPage":{"@id":"https:\/\/www.bellunopress.it\/2019\/08\/13\/dominion-il-nuovo-film-che-denuncia-la-violenza-sugli-animali-martedi-sera-a-cappella-maggiore\/#primaryimage"},"image":{"@id":"https:\/\/www.bellunopress.it\/2019\/08\/13\/dominion-il-nuovo-film-che-denuncia-la-violenza-sugli-animali-martedi-sera-a-cappella-maggiore\/#primaryimage"},"thumbnailUrl":"http:\/\/www.bellunopress.it\/wp-content\/uploads\/2019\/08\/salus-bellatrix.jpg","datePublished":"2019-08-13T14:10:57+00:00","dateModified":"2019-08-13T19:06:10+00:00","breadcrumb":{"@id":"https:\/\/www.bellunopress.it\/2019\/08\/13\/dominion-il-nuovo-film-che-denuncia-la-violenza-sugli-animali-martedi-sera-a-cappella-maggiore\/#breadcrumb"},"inLanguage":"fr-FR","potentialAction":[{"@type":"ReadAction","target":["https:\/\/www.bellunopress.it\/2019\/08\/13\/dominion-il-nuovo-film-che-denuncia-la-violenza-sugli-animali-martedi-sera-a-cappella-maggiore\/"]}]},{"@type":"ImageObject","inLanguage":"fr-FR","@id":"https:\/\/www.bellunopress.it\/2019\/08\/13\/dominion-il-nuovo-film-che-denuncia-la-violenza-sugli-animali-martedi-sera-a-cappella-maggiore\/#primaryimage","url":"http:\/\/www.bellunopress.it\/wp-content\/uploads\/2019\/08\/salus-bellatrix.jpg","contentUrl":"http:\/\/www.bellunopress.it\/wp-content\/uploads\/2019\/08\/salus-bellatrix.jpg"},{"@type":"BreadcrumbList","@id":"https:\/\/www.bellunopress.it\/2019\/08\/13\/dominion-il-nuovo-film-che-denuncia-la-violenza-sugli-animali-martedi-sera-a-cappella-maggiore\/#breadcrumb","itemListElement":[{"@type":"ListItem","position":1,"name":"Home","item":"https:\/\/www.bellunopress.it\/"},{"@type":"ListItem","position":2,"name":"\u201cDominion\u201d, il nuovo film che denuncia la violenza sugli animali. Marted\u00ec sera a Cappella Maggiore"}]},{"@type":"WebSite","@id":"https:\/\/www.bellunopress.it\/#website","url":"https:\/\/www.bellunopress.it\/","name":"Bellunopress - Dolomiti","description":"e-mail: redazione@bellunopress.it","publisher":{"@id":"https:\/\/www.bellunopress.it\/#organization"},"potentialAction":[{"@type":"SearchAction","target":{"@type":"EntryPoint","urlTemplate":"https:\/\/www.bellunopress.it\/?s={search_term_string}"},"query-input":{"@type":"PropertyValueSpecification","valueRequired":true,"valueName":"search_term_string"}}],"inLanguage":"fr-FR"},{"@type":"Organization","@id":"https:\/\/www.bellunopress.it\/#organization","name":"Bellunopress","url":"https:\/\/www.bellunopress.it\/","logo":{"@type":"ImageObject","inLanguage":"fr-FR","@id":"https:\/\/www.bellunopress.it\/#\/schema\/logo\/image\/","url":"https:\/\/www.bellunopress.it\/wp-content\/uploads\/2011\/05\/cropped-logo-bellunopress-.jpg","contentUrl":"https:\/\/www.bellunopress.it\/wp-content\/uploads\/2011\/05\/cropped-logo-bellunopress-.jpg","width":512,"height":512,"caption":"Bellunopress"},"image":{"@id":"https:\/\/www.bellunopress.it\/#\/schema\/logo\/image\/"},"sameAs":["https:\/\/www.facebook.com\/profile.php?id=100008943462799","https:\/\/x.com\/bellunopress","https:\/\/www.linkedin.com\/hp\/?dnr=JBzUWaJfMUw8vbXJJ2tVW5-I3jZKvC4wsoxE&amp;amp;amp;amp;amp;amp;trk=nav_responsive_tab_home","https:\/\/www.youtube.com\/channel\/UCxL0wu1uN0_3_7hGG0306cw"]},{"@type":"Person","@id":"https:\/\/www.bellunopress.it\/#\/schema\/person\/79bb06722b37ece1c03d3e94beb30d73","name":"r\u00e9daction","image":{"@type":"ImageObject","inLanguage":"fr-FR","@id":"https:\/\/secure.gravatar.com\/avatar\/37d968a2e67a6fd04c169c4bdef102d0bc5d31b2546345219e348575eb80e9a0?s=96&d=mm&r=g","url":"https:\/\/secure.gravatar.com\/avatar\/37d968a2e67a6fd04c169c4bdef102d0bc5d31b2546345219e348575eb80e9a0?s=96&d=mm&r=g","contentUrl":"https:\/\/secure.gravatar.com\/avatar\/37d968a2e67a6fd04c169c4bdef102d0bc5d31b2546345219e348575eb80e9a0?s=96&d=mm&r=g","caption":"redazione"},"sameAs":["http:\/\/www.bellunopress.it","https:\/\/x.com\/bellunopress"],"url":"https:\/\/www.bellunopress.it\/fr\/author\/redazione\/"}]}},"_links":{"self":[{"href":"https:\/\/www.bellunopress.it\/fr\/wp-json\/wp\/v2\/posts\/107076","targetHints":{"allow":["GET"]}}],"collection":[{"href":"https:\/\/www.bellunopress.it\/fr\/wp-json\/wp\/v2\/posts"}],"about":[{"href":"https:\/\/www.bellunopress.it\/fr\/wp-json\/wp\/v2\/types\/post"}],"author":[{"embeddable":true,"href":"https:\/\/www.bellunopress.it\/fr\/wp-json\/wp\/v2\/users\/2"}],"replies":[{"embeddable":true,"href":"https:\/\/www.bellunopress.it\/fr\/wp-json\/wp\/v2\/comments?post=107076"}],"version-history":[{"count":2,"href":"https:\/\/www.bellunopress.it\/fr\/wp-json\/wp\/v2\/posts\/107076\/revisions"}],"predecessor-version":[{"id":107079,"href":"https:\/\/www.bellunopress.it\/fr\/wp-json\/wp\/v2\/posts\/107076\/revisions\/107079"}],"wp:attachment":[{"href":"https:\/\/www.bellunopress.it\/fr\/wp-json\/wp\/v2\/media?parent=107076"}],"wp:term":[{"taxonomy":"category","embeddable":true,"href":"https:\/\/www.bellunopress.it\/fr\/wp-json\/wp\/v2\/categories?post=107076"},{"taxonomy":"post_tag","embeddable":true,"href":"https:\/\/www.bellunopress.it\/fr\/wp-json\/wp\/v2\/tags?post=107076"}],"curies":[{"name":"wp","href":"https:\/\/api.w.org\/{rel}","templated":true}]}}