{"id":10704,"date":"2009-12-16T13:39:00","date_gmt":"2009-12-16T12:39:00","guid":{"rendered":"http:\/\/www.bellunopress.it\/?p=10704"},"modified":"2009-12-16T13:39:00","modified_gmt":"2009-12-16T12:39:00","slug":"il-piano-del-parco-nazionale-dolomiti-bellunesi-disponibile-in-rete","status":"publish","type":"post","link":"https:\/\/www.bellunopress.it\/fr\/2009\/12\/16\/il-piano-del-parco-nazionale-dolomiti-bellunesi-disponibile-in-rete\/","title":{"rendered":"Il Piano del Parco Nazionale Dolomiti Bellunesi disponibile in rete"},"content":{"rendered":"<p>Aperto anche un forum per raccogliere osservazioni e proposte da parte di cittadini e amministrazioni. Il Consiglio Direttivo e la Comunit\u00e0 del Parco Nazionale Dolomiti Bellunesi hanno approvato la bozza del Master Plan del Parco (Piano del Parco, Regolamento del Parco, Piano di Sviluppo Economico e Sociale, Piano per il paesaggio, Piano di gestione del SIC-ZPS Dolomiti Feltrine, Piano di Interpretazione Ambientale).<br \/>\nSi tratta dei documenti che pianificano e regolamentano le attivit\u00e0 future dell\u2019area protetta.<br \/>\nOra si apre la fase di confronto con le Amministrazioni locali, le Associazioni di protezione ambientale, i residenti. Tutti sono invitati a prendere visione dei documenti, estrarne copia, formulare le proprie osservazioni, fornire spunti e suggerimenti. In questo modo il nuovo Piano del Parco sar\u00e0 uno strumento \u201ccostruito dal basso\u201d, con il contributo di chi vive e frequenta il territorio. Per agevolare al massimo il confronto con i cittadini tutti i documenti che fanno parte del Master Plan sono stati pubblicati sul sito internet del Parco www.dolomtiaprk.it, nella sezione \u201cAlbo dell\u2019Ente\u201d. \u201cVogliamo che il nuovo Piano del Parco sia il frutto di una condivisione pi\u00f9 ampia possibile. Ci interessano i pareri e i suggerimenti di tutti; &#8211; ha dichiarato il Direttore del Parco, Nino Martino &#8211; per questo abbiamo aperto, nel sito internet del Parco, un Forum in cui raccogliere i contributi di chi vuole aiutarci a migliorare i documenti di pianificazione che abbiamo preparato\u201d.<br \/>\nA partire dall&#8217;11 gennaio 2010 la Direzione dell&#8217;Ente Parco \u00e8 disponibile ad incontri con le Amministrazioni ed i cittadini, anche attraverso assemblee pubbliche nei singoli Comuni, laddove richieste dal Sindaco competente. Tutte le osservazioni pervenute faranno parte del fascicolo che sar\u00e0 sottoposto all&#8217;approvazione del nuovo Consiglio Direttivo dell&#8217;Ente parco, dopo l&#8217;insediamento del nuovo Presidente, cos\u00ec come previsto dalla procedura definita dalla Legge quadro sulle aree protette.<br \/>\n<strong>Natale, Capodanno e la Befana nelle Dolomiti Bellunesi. Ostello e Ristorante Imperina aperti durante le festivit\u00e0 natalizie.<\/strong><br \/>\nL&#8217;Ostello e il Ristorante Imperina nel Centro Minerario di Valle Imperina sono aperti dal 5 dicembre 2009 al 10 gennaio 2010. L&#8217;Ostello propone l&#8217;ospitalit\u00e0 per il periodo invernale agli stessi prezzi del periodo estivo (quindi euro 20,00 a persona per il B&amp;B, mezza pensione euro 35,00 e pensione completa euro 47,00 a persona, con pranzo o cena a men\u00f9 fisso euro 15,00). E&#8217; ideale per chi voglia programmare delle giornate sulla neve, abbinando un soggiorno a prezzi contenuti alla vicinanza ai principali comprensori sciistici delle Dolomiti. Il Ristorante Imperina \u00e8 la proposta &#8220;cheap and chic&#8221; per cene aziendali in occasione delle festivit\u00e0 natalizie, per il pranzo o la cena di Natale, per il Cenone di Capodanno e il pranzo del Primo dell&#8217;Anno, per gruppi familiari che si riuniscono in occasione delle feste. Sono previsti men\u00f9 particolari per il pranzo di Natale (euro 35,00 a persona) e per il Cenone di Capodanno (euro 40,00 a persona con sconto del 50% per i bambini di et\u00e0 inferiore ai 10 anni). Sempre con i prodotti tipici, biologici e a Km0 del circuito Carta Qualit\u00e0 del Parco Nazionale Dolomiti Bellunesi.<br \/>\n<strong>Per informazioni e prenotazioni \u00e8 possibile contattare il n. 0437\/62451 o inviare una e-mail a\u00a0 ostelloimperina@dolomitipark.it<\/strong><\/p>","protected":false},"excerpt":{"rendered":"<p>Aperto anche un forum per raccogliere osservazioni e proposte da parte di cittadini e amministrazioni. Il Consiglio Direttivo e la Comunit\u00e0 del Parco Nazionale Dolomiti Bellunesi hanno approvato la bozza del Master Plan del Parco (Piano del Parco, Regolamento del Parco, Piano di Sviluppo Economico e Sociale, Piano per il paesaggio, Piano di gestione del [&hellip;]<\/p>\n","protected":false},"author":2,"featured_media":0,"comment_status":"closed","ping_status":"open","sticky":false,"template":"","format":"standard","meta":{"footnotes":""},"categories":[27,38,26],"tags":[63],"class_list":["post-10704","post","type-post","status-publish","format-standard","category-appuntamenti","category-natura-ambiente","category-prima-pagina","tag-dolomiti"],"yoast_head":"<!-- This site is optimized with the Yoast SEO plugin v28.4 - https:\/\/yoast.com\/product\/yoast-seo-wordpress\/ -->\n<title>Il Piano del Parco Nazionale Dolomiti Bellunesi disponibile in rete - Bellunopress - Dolomiti<\/title>\n<meta name=\"robots\" content=\"index, follow, max-snippet:-1, max-image-preview:large, max-video-preview:-1\" \/>\n<link rel=\"canonical\" href=\"https:\/\/www.bellunopress.it\/fr\/2009\/12\/16\/il-piano-del-parco-nazionale-dolomiti-bellunesi-disponibile-in-rete\/\" \/>\n<meta property=\"og:locale\" content=\"fr_FR\" \/>\n<meta property=\"og:type\" content=\"article\" \/>\n<meta property=\"og:title\" content=\"Il Piano del Parco Nazionale Dolomiti Bellunesi disponibile in rete - Bellunopress - Dolomiti\" \/>\n<meta property=\"og:description\" content=\"Aperto anche un forum per raccogliere osservazioni e proposte da parte di cittadini e amministrazioni. Il Consiglio Direttivo e la Comunit\u00e0 del Parco Nazionale Dolomiti Bellunesi hanno approvato la bozza del Master Plan del Parco (Piano del Parco, Regolamento del Parco, Piano di Sviluppo Economico e Sociale, Piano per il paesaggio, Piano di gestione del [&hellip;]\" \/>\n<meta property=\"og:url\" content=\"https:\/\/www.bellunopress.it\/fr\/2009\/12\/16\/il-piano-del-parco-nazionale-dolomiti-bellunesi-disponibile-in-rete\/\" \/>\n<meta property=\"og:site_name\" content=\"Bellunopress - Dolomiti\" \/>\n<meta property=\"article:publisher\" content=\"https:\/\/www.facebook.com\/profile.php?id=100008943462799\" \/>\n<meta property=\"article:published_time\" content=\"2009-12-16T12:39:00+00:00\" \/>\n<meta property=\"og:image\" content=\"http:\/\/www.bellunopress.it\/wp-content\/uploads\/2012\/07\/logo-bellunopress-250x250-2012.jpg\" \/>\n<meta name=\"author\" content=\"redazione\" \/>\n<meta name=\"twitter:card\" content=\"summary_large_image\" \/>\n<meta name=\"twitter:creator\" content=\"@bellunopress\" \/>\n<meta name=\"twitter:site\" content=\"@bellunopress\" \/>\n<meta name=\"twitter:label1\" content=\"\u00c9crit par\" \/>\n\t<meta name=\"twitter:data1\" content=\"redazione\" \/>\n\t<meta name=\"twitter:label2\" content=\"Dur\u00e9e de lecture estim\u00e9e\" \/>\n\t<meta name=\"twitter:data2\" content=\"3 minutes\" \/>\n<script type=\"application\/ld+json\" class=\"yoast-schema-graph\">{\"@context\":\"https:\\\/\\\/schema.org\",\"@graph\":[{\"@type\":\"Article\",\"@id\":\"https:\\\/\\\/www.bellunopress.it\\\/2009\\\/12\\\/16\\\/il-piano-del-parco-nazionale-dolomiti-bellunesi-disponibile-in-rete\\\/#article\",\"isPartOf\":{\"@id\":\"https:\\\/\\\/www.bellunopress.it\\\/2009\\\/12\\\/16\\\/il-piano-del-parco-nazionale-dolomiti-bellunesi-disponibile-in-rete\\\/\"},\"author\":{\"name\":\"redazione\",\"@id\":\"https:\\\/\\\/www.bellunopress.it\\\/#\\\/schema\\\/person\\\/79bb06722b37ece1c03d3e94beb30d73\"},\"headline\":\"Il Piano del Parco Nazionale Dolomiti Bellunesi disponibile in rete\",\"datePublished\":\"2009-12-16T12:39:00+00:00\",\"mainEntityOfPage\":{\"@id\":\"https:\\\/\\\/www.bellunopress.it\\\/2009\\\/12\\\/16\\\/il-piano-del-parco-nazionale-dolomiti-bellunesi-disponibile-in-rete\\\/\"},\"wordCount\":524,\"publisher\":{\"@id\":\"https:\\\/\\\/www.bellunopress.it\\\/#organization\"},\"keywords\":[\"Dolomiti\"],\"articleSection\":[\"Appuntamenti, Eventi\",\"Meteo, natura, ambiente, animali\",\"Prima Pagina\"],\"inLanguage\":\"fr-FR\"},{\"@type\":\"WebPage\",\"@id\":\"https:\\\/\\\/www.bellunopress.it\\\/2009\\\/12\\\/16\\\/il-piano-del-parco-nazionale-dolomiti-bellunesi-disponibile-in-rete\\\/\",\"url\":\"https:\\\/\\\/www.bellunopress.it\\\/2009\\\/12\\\/16\\\/il-piano-del-parco-nazionale-dolomiti-bellunesi-disponibile-in-rete\\\/\",\"name\":\"Il Piano del Parco Nazionale Dolomiti Bellunesi disponibile in rete - Bellunopress - Dolomiti\",\"isPartOf\":{\"@id\":\"https:\\\/\\\/www.bellunopress.it\\\/#website\"},\"datePublished\":\"2009-12-16T12:39:00+00:00\",\"breadcrumb\":{\"@id\":\"https:\\\/\\\/www.bellunopress.it\\\/2009\\\/12\\\/16\\\/il-piano-del-parco-nazionale-dolomiti-bellunesi-disponibile-in-rete\\\/#breadcrumb\"},\"inLanguage\":\"fr-FR\",\"potentialAction\":[{\"@type\":\"ReadAction\",\"target\":[\"https:\\\/\\\/www.bellunopress.it\\\/2009\\\/12\\\/16\\\/il-piano-del-parco-nazionale-dolomiti-bellunesi-disponibile-in-rete\\\/\"]}]},{\"@type\":\"BreadcrumbList\",\"@id\":\"https:\\\/\\\/www.bellunopress.it\\\/2009\\\/12\\\/16\\\/il-piano-del-parco-nazionale-dolomiti-bellunesi-disponibile-in-rete\\\/#breadcrumb\",\"itemListElement\":[{\"@type\":\"ListItem\",\"position\":1,\"name\":\"Home\",\"item\":\"https:\\\/\\\/www.bellunopress.it\\\/\"},{\"@type\":\"ListItem\",\"position\":2,\"name\":\"Il Piano del Parco Nazionale Dolomiti Bellunesi disponibile in rete\"}]},{\"@type\":\"WebSite\",\"@id\":\"https:\\\/\\\/www.bellunopress.it\\\/#website\",\"url\":\"https:\\\/\\\/www.bellunopress.it\\\/\",\"name\":\"Bellunopress - Dolomiti\",\"description\":\"e-mail: redazione@bellunopress.it\",\"publisher\":{\"@id\":\"https:\\\/\\\/www.bellunopress.it\\\/#organization\"},\"potentialAction\":[{\"@type\":\"SearchAction\",\"target\":{\"@type\":\"EntryPoint\",\"urlTemplate\":\"https:\\\/\\\/www.bellunopress.it\\\/?s={search_term_string}\"},\"query-input\":{\"@type\":\"PropertyValueSpecification\",\"valueRequired\":true,\"valueName\":\"search_term_string\"}}],\"inLanguage\":\"fr-FR\"},{\"@type\":\"Organization\",\"@id\":\"https:\\\/\\\/www.bellunopress.it\\\/#organization\",\"name\":\"Bellunopress\",\"url\":\"https:\\\/\\\/www.bellunopress.it\\\/\",\"logo\":{\"@type\":\"ImageObject\",\"inLanguage\":\"fr-FR\",\"@id\":\"https:\\\/\\\/www.bellunopress.it\\\/#\\\/schema\\\/logo\\\/image\\\/\",\"url\":\"https:\\\/\\\/www.bellunopress.it\\\/wp-content\\\/uploads\\\/2011\\\/05\\\/cropped-logo-bellunopress-.jpg\",\"contentUrl\":\"https:\\\/\\\/www.bellunopress.it\\\/wp-content\\\/uploads\\\/2011\\\/05\\\/cropped-logo-bellunopress-.jpg\",\"width\":512,\"height\":512,\"caption\":\"Bellunopress\"},\"image\":{\"@id\":\"https:\\\/\\\/www.bellunopress.it\\\/#\\\/schema\\\/logo\\\/image\\\/\"},\"sameAs\":[\"https:\\\/\\\/www.facebook.com\\\/profile.php?id=100008943462799\",\"https:\\\/\\\/x.com\\\/bellunopress\",\"https:\\\/\\\/www.linkedin.com\\\/hp\\\/?dnr=JBzUWaJfMUw8vbXJJ2tVW5-I3jZKvC4wsoxE&amp;amp;amp;amp;amp;amp;trk=nav_responsive_tab_home\",\"https:\\\/\\\/www.youtube.com\\\/channel\\\/UCxL0wu1uN0_3_7hGG0306cw\"]},{\"@type\":\"Person\",\"@id\":\"https:\\\/\\\/www.bellunopress.it\\\/#\\\/schema\\\/person\\\/79bb06722b37ece1c03d3e94beb30d73\",\"name\":\"redazione\",\"image\":{\"@type\":\"ImageObject\",\"inLanguage\":\"fr-FR\",\"@id\":\"https:\\\/\\\/secure.gravatar.com\\\/avatar\\\/37d968a2e67a6fd04c169c4bdef102d0bc5d31b2546345219e348575eb80e9a0?s=96&d=mm&r=g\",\"url\":\"https:\\\/\\\/secure.gravatar.com\\\/avatar\\\/37d968a2e67a6fd04c169c4bdef102d0bc5d31b2546345219e348575eb80e9a0?s=96&d=mm&r=g\",\"contentUrl\":\"https:\\\/\\\/secure.gravatar.com\\\/avatar\\\/37d968a2e67a6fd04c169c4bdef102d0bc5d31b2546345219e348575eb80e9a0?s=96&d=mm&r=g\",\"caption\":\"redazione\"},\"sameAs\":[\"http:\\\/\\\/www.bellunopress.it\",\"https:\\\/\\\/x.com\\\/bellunopress\"],\"url\":\"https:\\\/\\\/www.bellunopress.it\\\/fr\\\/author\\\/redazione\\\/\"}]}<\/script>\n<!-- \/ Yoast SEO plugin. -->","yoast_head_json":{"title":"Il Piano del Parco Nazionale Dolomiti Bellunesi disponibile in rete - Bellunopress - Dolomiti","robots":{"index":"index","follow":"follow","max-snippet":"max-snippet:-1","max-image-preview":"max-image-preview:large","max-video-preview":"max-video-preview:-1"},"canonical":"https:\/\/www.bellunopress.it\/fr\/2009\/12\/16\/il-piano-del-parco-nazionale-dolomiti-bellunesi-disponibile-in-rete\/","og_locale":"fr_FR","og_type":"article","og_title":"Il Piano del Parco Nazionale Dolomiti Bellunesi disponibile in rete - Bellunopress - Dolomiti","og_description":"Aperto anche un forum per raccogliere osservazioni e proposte da parte di cittadini e amministrazioni. Il Consiglio Direttivo e la Comunit\u00e0 del Parco Nazionale Dolomiti Bellunesi hanno approvato la bozza del Master Plan del Parco (Piano del Parco, Regolamento del Parco, Piano di Sviluppo Economico e Sociale, Piano per il paesaggio, Piano di gestione del [&hellip;]","og_url":"https:\/\/www.bellunopress.it\/fr\/2009\/12\/16\/il-piano-del-parco-nazionale-dolomiti-bellunesi-disponibile-in-rete\/","og_site_name":"Bellunopress - Dolomiti","article_publisher":"https:\/\/www.facebook.com\/profile.php?id=100008943462799","article_published_time":"2009-12-16T12:39:00+00:00","og_image":[{"url":"http:\/\/www.bellunopress.it\/wp-content\/uploads\/2012\/07\/logo-bellunopress-250x250-2012.jpg","type":"","width":"","height":""}],"author":"redazione","twitter_card":"summary_large_image","twitter_creator":"@bellunopress","twitter_site":"@bellunopress","twitter_misc":{"\u00c9crit par":"redazione","Dur\u00e9e de lecture estim\u00e9e":"3 minutes"},"schema":{"@context":"https:\/\/schema.org","@graph":[{"@type":"Article","@id":"https:\/\/www.bellunopress.it\/2009\/12\/16\/il-piano-del-parco-nazionale-dolomiti-bellunesi-disponibile-in-rete\/#article","isPartOf":{"@id":"https:\/\/www.bellunopress.it\/2009\/12\/16\/il-piano-del-parco-nazionale-dolomiti-bellunesi-disponibile-in-rete\/"},"author":{"name":"redazione","@id":"https:\/\/www.bellunopress.it\/#\/schema\/person\/79bb06722b37ece1c03d3e94beb30d73"},"headline":"Il Piano del Parco Nazionale Dolomiti Bellunesi disponibile in rete","datePublished":"2009-12-16T12:39:00+00:00","mainEntityOfPage":{"@id":"https:\/\/www.bellunopress.it\/2009\/12\/16\/il-piano-del-parco-nazionale-dolomiti-bellunesi-disponibile-in-rete\/"},"wordCount":524,"publisher":{"@id":"https:\/\/www.bellunopress.it\/#organization"},"keywords":["Dolomiti"],"articleSection":["Appuntamenti, Eventi","Meteo, natura, ambiente, animali","Prima Pagina"],"inLanguage":"fr-FR"},{"@type":"WebPage","@id":"https:\/\/www.bellunopress.it\/2009\/12\/16\/il-piano-del-parco-nazionale-dolomiti-bellunesi-disponibile-in-rete\/","url":"https:\/\/www.bellunopress.it\/2009\/12\/16\/il-piano-del-parco-nazionale-dolomiti-bellunesi-disponibile-in-rete\/","name":"Il Piano del Parco Nazionale Dolomiti Bellunesi disponibile in rete - Bellunopress - Dolomiti","isPartOf":{"@id":"https:\/\/www.bellunopress.it\/#website"},"datePublished":"2009-12-16T12:39:00+00:00","breadcrumb":{"@id":"https:\/\/www.bellunopress.it\/2009\/12\/16\/il-piano-del-parco-nazionale-dolomiti-bellunesi-disponibile-in-rete\/#breadcrumb"},"inLanguage":"fr-FR","potentialAction":[{"@type":"ReadAction","target":["https:\/\/www.bellunopress.it\/2009\/12\/16\/il-piano-del-parco-nazionale-dolomiti-bellunesi-disponibile-in-rete\/"]}]},{"@type":"BreadcrumbList","@id":"https:\/\/www.bellunopress.it\/2009\/12\/16\/il-piano-del-parco-nazionale-dolomiti-bellunesi-disponibile-in-rete\/#breadcrumb","itemListElement":[{"@type":"ListItem","position":1,"name":"Home","item":"https:\/\/www.bellunopress.it\/"},{"@type":"ListItem","position":2,"name":"Il Piano del Parco Nazionale Dolomiti Bellunesi disponibile in rete"}]},{"@type":"WebSite","@id":"https:\/\/www.bellunopress.it\/#website","url":"https:\/\/www.bellunopress.it\/","name":"Bellunopress - Dolomiti","description":"e-mail: redazione@bellunopress.it","publisher":{"@id":"https:\/\/www.bellunopress.it\/#organization"},"potentialAction":[{"@type":"SearchAction","target":{"@type":"EntryPoint","urlTemplate":"https:\/\/www.bellunopress.it\/?s={search_term_string}"},"query-input":{"@type":"PropertyValueSpecification","valueRequired":true,"valueName":"search_term_string"}}],"inLanguage":"fr-FR"},{"@type":"Organization","@id":"https:\/\/www.bellunopress.it\/#organization","name":"Bellunopress","url":"https:\/\/www.bellunopress.it\/","logo":{"@type":"ImageObject","inLanguage":"fr-FR","@id":"https:\/\/www.bellunopress.it\/#\/schema\/logo\/image\/","url":"https:\/\/www.bellunopress.it\/wp-content\/uploads\/2011\/05\/cropped-logo-bellunopress-.jpg","contentUrl":"https:\/\/www.bellunopress.it\/wp-content\/uploads\/2011\/05\/cropped-logo-bellunopress-.jpg","width":512,"height":512,"caption":"Bellunopress"},"image":{"@id":"https:\/\/www.bellunopress.it\/#\/schema\/logo\/image\/"},"sameAs":["https:\/\/www.facebook.com\/profile.php?id=100008943462799","https:\/\/x.com\/bellunopress","https:\/\/www.linkedin.com\/hp\/?dnr=JBzUWaJfMUw8vbXJJ2tVW5-I3jZKvC4wsoxE&amp;amp;amp;amp;amp;amp;trk=nav_responsive_tab_home","https:\/\/www.youtube.com\/channel\/UCxL0wu1uN0_3_7hGG0306cw"]},{"@type":"Person","@id":"https:\/\/www.bellunopress.it\/#\/schema\/person\/79bb06722b37ece1c03d3e94beb30d73","name":"r\u00e9daction","image":{"@type":"ImageObject","inLanguage":"fr-FR","@id":"https:\/\/secure.gravatar.com\/avatar\/37d968a2e67a6fd04c169c4bdef102d0bc5d31b2546345219e348575eb80e9a0?s=96&d=mm&r=g","url":"https:\/\/secure.gravatar.com\/avatar\/37d968a2e67a6fd04c169c4bdef102d0bc5d31b2546345219e348575eb80e9a0?s=96&d=mm&r=g","contentUrl":"https:\/\/secure.gravatar.com\/avatar\/37d968a2e67a6fd04c169c4bdef102d0bc5d31b2546345219e348575eb80e9a0?s=96&d=mm&r=g","caption":"redazione"},"sameAs":["http:\/\/www.bellunopress.it","https:\/\/x.com\/bellunopress"],"url":"https:\/\/www.bellunopress.it\/fr\/author\/redazione\/"}]}},"_links":{"self":[{"href":"https:\/\/www.bellunopress.it\/fr\/wp-json\/wp\/v2\/posts\/10704","targetHints":{"allow":["GET"]}}],"collection":[{"href":"https:\/\/www.bellunopress.it\/fr\/wp-json\/wp\/v2\/posts"}],"about":[{"href":"https:\/\/www.bellunopress.it\/fr\/wp-json\/wp\/v2\/types\/post"}],"author":[{"embeddable":true,"href":"https:\/\/www.bellunopress.it\/fr\/wp-json\/wp\/v2\/users\/2"}],"replies":[{"embeddable":true,"href":"https:\/\/www.bellunopress.it\/fr\/wp-json\/wp\/v2\/comments?post=10704"}],"version-history":[{"count":1,"href":"https:\/\/www.bellunopress.it\/fr\/wp-json\/wp\/v2\/posts\/10704\/revisions"}],"predecessor-version":[{"id":10705,"href":"https:\/\/www.bellunopress.it\/fr\/wp-json\/wp\/v2\/posts\/10704\/revisions\/10705"}],"wp:attachment":[{"href":"https:\/\/www.bellunopress.it\/fr\/wp-json\/wp\/v2\/media?parent=10704"}],"wp:term":[{"taxonomy":"category","embeddable":true,"href":"https:\/\/www.bellunopress.it\/fr\/wp-json\/wp\/v2\/categories?post=10704"},{"taxonomy":"post_tag","embeddable":true,"href":"https:\/\/www.bellunopress.it\/fr\/wp-json\/wp\/v2\/tags?post=10704"}],"curies":[{"name":"wp","href":"https:\/\/api.w.org\/{rel}","templated":true}]}}