{"id":10679,"date":"2009-12-15T22:59:13","date_gmt":"2009-12-15T21:59:13","guid":{"rendered":"http:\/\/www.bellunopress.it\/?p=10679"},"modified":"2009-12-15T23:00:02","modified_gmt":"2009-12-15T22:00:02","slug":"assessore-silvestrin-%e2%80%9c17-milioni-di-euro-di-contributi-regionali-2009-a-30-gestioni-comunali-associate-per-ottimizzare-funzioni-e-servizi-nel-bellunese-44352-euro-per-la-gestione-associa","status":"publish","type":"post","link":"https:\/\/www.bellunopress.it\/fr\/2009\/12\/15\/assessore-silvestrin-%e2%80%9c17-milioni-di-euro-di-contributi-regionali-2009-a-30-gestioni-comunali-associate-per-ottimizzare-funzioni-e-servizi-nel-bellunese-44352-euro-per-la-gestione-associa\/","title":{"rendered":"Assessore Silvestrin: \u201c1,7 milioni di euro di contributi regionali 2009 a 30 gestioni comunali associate per ottimizzare funzioni e servizi&#8221;. Nel Bellunese 44.352 euro per la gestione associata di Polizia con capofila Ponte nelle Alpi"},"content":{"rendered":"<p><a href=\"http:\/\/www.bellunopress.it\/wp-content\/uploads\/2009\/12\/flavio-silvestrin.jpg\"><img loading=\"lazy\" decoding=\"async\" class=\"alignleft size-medium wp-image-10680\" title=\"flavio-silvestrin\" src=\"http:\/\/www.bellunopress.it\/wp-content\/uploads\/2009\/12\/flavio-silvestrin.jpg\" alt=\"\" width=\"117\" height=\"154\" \/><\/a>Sostenere le spese di primo impianto, di riorganizzazione e di ampliamento delle strutture e dei servizi dei Comuni che sono costituiti in gestioni associate per ottimizzare le risorse e aumentare la qualit\u00e0 nei servizi resi ai cittadini. Questo lo scopo del provvedimento approvato dalla Giunta veneta, su proposta dell\u2019Assessore regionale agli enti locali Flavio Silvestrin, che ha impegnato la spesa di 1.667.297 milioni di euro per il 2009 di contributi in conto investimento ripartiti tra 30 forme associate, come prevede la legge regionale n.2 del 2006. Per la gestione associata del servizio di Polizia dei Comuni di Ponte nelle Alpi, Longarone, Castellavazzo, Ospitale di Cadore, Soverzene e Forno di Zoldo, con spese preventivate e ammissibili pari a 73.920 euro, sono stati stanziati 44.352 euro da assegnare. <a href=\"http:\/\/www.bellunopress.it\/wp-content\/uploads\/2009\/12\/vigile-urbano-multa-3.jpg\"><img loading=\"lazy\" decoding=\"async\" class=\"alignleft size-medium wp-image-10681\" title=\"vigile-urbano-multa-3\" src=\"http:\/\/www.bellunopress.it\/wp-content\/uploads\/2009\/12\/vigile-urbano-multa-3.jpg\" alt=\"\" width=\"280\" height=\"186\" \/><\/a>Silvestrin sottolinea che i Comuni si possono costituire nelle forme previste dal testo unico delle leggi sull\u2019ordinamento degli enti locali per il 2008, e cio\u00e8 in Convenzioni e in Consorzi e le funzioni associate da loro svolte devono essere svolte da non meno di cinque anni. \u201cAbbiamo constatato in questi anni \u2013 spiega Silvestrin \u2013 che l\u2019associazionismo tra Comuni non \u00e8 solo un\u2019opportunit\u00e0 ma una scelta obbligata se si vuole perseguire con successo una politica di ottimizzazione delle risorse, e garantire qualit\u00e0 nei servizi offerti ai cittadini e nella loro efficiente gestione\u201d. Il contributo sar\u00e0 assegnato nella misura massima dell\u201980% delle spese d\u2019investimento preventivate e ammesse per il primo impianto, la riorganizzazione e l\u2019ampliamento delle funzioni e servizi necessari per l\u2019esercizio associato di una pluralit\u00e0 di funzioni e servizi comunali. Il contributo massimo erogabile alla singola forma associativa (Convenzione-Consorzio) non potr\u00e0 superare in ogni caso i 120 mila euro. Per l\u2019erogazione dei contributi i Comuni associati dovranno produrre entro il 31 dicembre 2010 la documentazione prevista dalla deliberazione regionale dell\u2019aprile 2004.<\/p>","protected":false},"excerpt":{"rendered":"<p>Sostenere le spese di primo impianto, di riorganizzazione e di ampliamento delle strutture e dei servizi dei Comuni che sono costituiti in gestioni associate per ottimizzare le risorse e aumentare la qualit\u00e0 nei servizi resi ai cittadini. Questo lo scopo del provvedimento approvato dalla Giunta veneta, su proposta dell\u2019Assessore regionale agli enti locali Flavio Silvestrin, [&hellip;]<\/p>\n","protected":false},"author":2,"featured_media":0,"comment_status":"closed","ping_status":"open","sticky":false,"template":"","format":"standard","meta":{"footnotes":""},"categories":[5],"tags":[139,151,2262],"class_list":["post-10679","post","type-post","status-publish","format-standard","category-cronaca","tag-belluno","tag-cadore","tag-zoldo"],"yoast_head":"<!-- This site is optimized with the Yoast SEO plugin v28.4 - https:\/\/yoast.com\/product\/yoast-seo-wordpress\/ -->\n<title>Assessore Silvestrin: \u201c1,7 milioni di euro di contributi regionali 2009 a 30 gestioni comunali associate per ottimizzare funzioni e servizi&quot;. Nel Bellunese 44.352 euro per la gestione associata di Polizia con capofila Ponte nelle Alpi - Bellunopress - Dolomiti<\/title>\n<meta name=\"robots\" content=\"index, follow, max-snippet:-1, max-image-preview:large, max-video-preview:-1\" \/>\n<link rel=\"canonical\" href=\"https:\/\/www.bellunopress.it\/fr\/2009\/12\/15\/assessore-silvestrin-\u201c17-milioni-di-euro-di-contributi-regionali-2009-a-30-gestioni-comunali-associate-per-ottimizzare-funzioni-e-servizi-nel-bellunese-44352-euro-per-la-gestione-associa\/\" \/>\n<meta property=\"og:locale\" content=\"fr_FR\" \/>\n<meta property=\"og:type\" content=\"article\" \/>\n<meta property=\"og:title\" content=\"Assessore Silvestrin: \u201c1,7 milioni di euro di contributi regionali 2009 a 30 gestioni comunali associate per ottimizzare funzioni e servizi&quot;. Nel Bellunese 44.352 euro per la gestione associata di Polizia con capofila Ponte nelle Alpi - Bellunopress - Dolomiti\" \/>\n<meta property=\"og:description\" content=\"Sostenere le spese di primo impianto, di riorganizzazione e di ampliamento delle strutture e dei servizi dei Comuni che sono costituiti in gestioni associate per ottimizzare le risorse e aumentare la qualit\u00e0 nei servizi resi ai cittadini. Questo lo scopo del provvedimento approvato dalla Giunta veneta, su proposta dell\u2019Assessore regionale agli enti locali Flavio Silvestrin, [&hellip;]\" \/>\n<meta property=\"og:url\" content=\"https:\/\/www.bellunopress.it\/fr\/2009\/12\/15\/assessore-silvestrin-\u201c17-milioni-di-euro-di-contributi-regionali-2009-a-30-gestioni-comunali-associate-per-ottimizzare-funzioni-e-servizi-nel-bellunese-44352-euro-per-la-gestione-associa\/\" \/>\n<meta property=\"og:site_name\" content=\"Bellunopress - Dolomiti\" \/>\n<meta property=\"article:publisher\" content=\"https:\/\/www.facebook.com\/profile.php?id=100008943462799\" \/>\n<meta property=\"article:published_time\" content=\"2009-12-15T21:59:13+00:00\" \/>\n<meta property=\"article:modified_time\" content=\"2009-12-15T22:00:02+00:00\" \/>\n<meta property=\"og:image\" content=\"http:\/\/www.bellunopress.it\/wp-content\/uploads\/2009\/12\/flavio-silvestrin.jpg\" \/>\n<meta name=\"author\" content=\"redazione\" \/>\n<meta name=\"twitter:card\" content=\"summary_large_image\" \/>\n<meta name=\"twitter:creator\" content=\"@bellunopress\" \/>\n<meta name=\"twitter:site\" content=\"@bellunopress\" \/>\n<meta name=\"twitter:label1\" content=\"\u00c9crit par\" \/>\n\t<meta name=\"twitter:data1\" content=\"redazione\" \/>\n\t<meta name=\"twitter:label2\" content=\"Dur\u00e9e de lecture estim\u00e9e\" \/>\n\t<meta name=\"twitter:data2\" content=\"1 minute\" \/>\n<script type=\"application\/ld+json\" class=\"yoast-schema-graph\">{\"@context\":\"https:\\\/\\\/schema.org\",\"@graph\":[{\"@type\":\"Article\",\"@id\":\"https:\\\/\\\/www.bellunopress.it\\\/2009\\\/12\\\/15\\\/assessore-silvestrin-%e2%80%9c17-milioni-di-euro-di-contributi-regionali-2009-a-30-gestioni-comunali-associate-per-ottimizzare-funzioni-e-servizi-nel-bellunese-44352-euro-per-la-gestione-associa\\\/#article\",\"isPartOf\":{\"@id\":\"https:\\\/\\\/www.bellunopress.it\\\/2009\\\/12\\\/15\\\/assessore-silvestrin-%e2%80%9c17-milioni-di-euro-di-contributi-regionali-2009-a-30-gestioni-comunali-associate-per-ottimizzare-funzioni-e-servizi-nel-bellunese-44352-euro-per-la-gestione-associa\\\/\"},\"author\":{\"name\":\"redazione\",\"@id\":\"https:\\\/\\\/www.bellunopress.it\\\/#\\\/schema\\\/person\\\/79bb06722b37ece1c03d3e94beb30d73\"},\"headline\":\"Assessore Silvestrin: \u201c1,7 milioni di euro di contributi regionali 2009 a 30 gestioni comunali associate per ottimizzare funzioni e servizi&#8221;. Nel Bellunese 44.352 euro per la gestione associata di Polizia con capofila Ponte nelle Alpi\",\"datePublished\":\"2009-12-15T21:59:13+00:00\",\"dateModified\":\"2009-12-15T22:00:02+00:00\",\"mainEntityOfPage\":{\"@id\":\"https:\\\/\\\/www.bellunopress.it\\\/2009\\\/12\\\/15\\\/assessore-silvestrin-%e2%80%9c17-milioni-di-euro-di-contributi-regionali-2009-a-30-gestioni-comunali-associate-per-ottimizzare-funzioni-e-servizi-nel-bellunese-44352-euro-per-la-gestione-associa\\\/\"},\"wordCount\":323,\"publisher\":{\"@id\":\"https:\\\/\\\/www.bellunopress.it\\\/#organization\"},\"image\":{\"@id\":\"https:\\\/\\\/www.bellunopress.it\\\/2009\\\/12\\\/15\\\/assessore-silvestrin-%e2%80%9c17-milioni-di-euro-di-contributi-regionali-2009-a-30-gestioni-comunali-associate-per-ottimizzare-funzioni-e-servizi-nel-bellunese-44352-euro-per-la-gestione-associa\\\/#primaryimage\"},\"thumbnailUrl\":\"http:\\\/\\\/www.bellunopress.it\\\/wp-content\\\/uploads\\\/2009\\\/12\\\/flavio-silvestrin.jpg\",\"keywords\":[\"Belluno\",\"Cadore\",\"zoldo\"],\"articleSection\":[\"Cronaca\\\/Politica\"],\"inLanguage\":\"fr-FR\"},{\"@type\":\"WebPage\",\"@id\":\"https:\\\/\\\/www.bellunopress.it\\\/2009\\\/12\\\/15\\\/assessore-silvestrin-%e2%80%9c17-milioni-di-euro-di-contributi-regionali-2009-a-30-gestioni-comunali-associate-per-ottimizzare-funzioni-e-servizi-nel-bellunese-44352-euro-per-la-gestione-associa\\\/\",\"url\":\"https:\\\/\\\/www.bellunopress.it\\\/2009\\\/12\\\/15\\\/assessore-silvestrin-%e2%80%9c17-milioni-di-euro-di-contributi-regionali-2009-a-30-gestioni-comunali-associate-per-ottimizzare-funzioni-e-servizi-nel-bellunese-44352-euro-per-la-gestione-associa\\\/\",\"name\":\"Assessore Silvestrin: \u201c1,7 milioni di euro di contributi regionali 2009 a 30 gestioni comunali associate per ottimizzare funzioni e servizi\\\". Nel Bellunese 44.352 euro per la gestione associata di Polizia con capofila Ponte nelle Alpi - Bellunopress - Dolomiti\",\"isPartOf\":{\"@id\":\"https:\\\/\\\/www.bellunopress.it\\\/#website\"},\"primaryImageOfPage\":{\"@id\":\"https:\\\/\\\/www.bellunopress.it\\\/2009\\\/12\\\/15\\\/assessore-silvestrin-%e2%80%9c17-milioni-di-euro-di-contributi-regionali-2009-a-30-gestioni-comunali-associate-per-ottimizzare-funzioni-e-servizi-nel-bellunese-44352-euro-per-la-gestione-associa\\\/#primaryimage\"},\"image\":{\"@id\":\"https:\\\/\\\/www.bellunopress.it\\\/2009\\\/12\\\/15\\\/assessore-silvestrin-%e2%80%9c17-milioni-di-euro-di-contributi-regionali-2009-a-30-gestioni-comunali-associate-per-ottimizzare-funzioni-e-servizi-nel-bellunese-44352-euro-per-la-gestione-associa\\\/#primaryimage\"},\"thumbnailUrl\":\"http:\\\/\\\/www.bellunopress.it\\\/wp-content\\\/uploads\\\/2009\\\/12\\\/flavio-silvestrin.jpg\",\"datePublished\":\"2009-12-15T21:59:13+00:00\",\"dateModified\":\"2009-12-15T22:00:02+00:00\",\"breadcrumb\":{\"@id\":\"https:\\\/\\\/www.bellunopress.it\\\/2009\\\/12\\\/15\\\/assessore-silvestrin-%e2%80%9c17-milioni-di-euro-di-contributi-regionali-2009-a-30-gestioni-comunali-associate-per-ottimizzare-funzioni-e-servizi-nel-bellunese-44352-euro-per-la-gestione-associa\\\/#breadcrumb\"},\"inLanguage\":\"fr-FR\",\"potentialAction\":[{\"@type\":\"ReadAction\",\"target\":[\"https:\\\/\\\/www.bellunopress.it\\\/2009\\\/12\\\/15\\\/assessore-silvestrin-%e2%80%9c17-milioni-di-euro-di-contributi-regionali-2009-a-30-gestioni-comunali-associate-per-ottimizzare-funzioni-e-servizi-nel-bellunese-44352-euro-per-la-gestione-associa\\\/\"]}]},{\"@type\":\"ImageObject\",\"inLanguage\":\"fr-FR\",\"@id\":\"https:\\\/\\\/www.bellunopress.it\\\/2009\\\/12\\\/15\\\/assessore-silvestrin-%e2%80%9c17-milioni-di-euro-di-contributi-regionali-2009-a-30-gestioni-comunali-associate-per-ottimizzare-funzioni-e-servizi-nel-bellunese-44352-euro-per-la-gestione-associa\\\/#primaryimage\",\"url\":\"http:\\\/\\\/www.bellunopress.it\\\/wp-content\\\/uploads\\\/2009\\\/12\\\/flavio-silvestrin.jpg\",\"contentUrl\":\"http:\\\/\\\/www.bellunopress.it\\\/wp-content\\\/uploads\\\/2009\\\/12\\\/flavio-silvestrin.jpg\"},{\"@type\":\"BreadcrumbList\",\"@id\":\"https:\\\/\\\/www.bellunopress.it\\\/2009\\\/12\\\/15\\\/assessore-silvestrin-%e2%80%9c17-milioni-di-euro-di-contributi-regionali-2009-a-30-gestioni-comunali-associate-per-ottimizzare-funzioni-e-servizi-nel-bellunese-44352-euro-per-la-gestione-associa\\\/#breadcrumb\",\"itemListElement\":[{\"@type\":\"ListItem\",\"position\":1,\"name\":\"Home\",\"item\":\"https:\\\/\\\/www.bellunopress.it\\\/\"},{\"@type\":\"ListItem\",\"position\":2,\"name\":\"Assessore Silvestrin: \u201c1,7 milioni di euro di contributi regionali 2009 a 30 gestioni comunali associate per ottimizzare funzioni e servizi&#8221;. Nel Bellunese 44.352 euro per la gestione associata di Polizia con capofila Ponte nelle Alpi\"}]},{\"@type\":\"WebSite\",\"@id\":\"https:\\\/\\\/www.bellunopress.it\\\/#website\",\"url\":\"https:\\\/\\\/www.bellunopress.it\\\/\",\"name\":\"Bellunopress - Dolomiti\",\"description\":\"e-mail: redazione@bellunopress.it\",\"publisher\":{\"@id\":\"https:\\\/\\\/www.bellunopress.it\\\/#organization\"},\"potentialAction\":[{\"@type\":\"SearchAction\",\"target\":{\"@type\":\"EntryPoint\",\"urlTemplate\":\"https:\\\/\\\/www.bellunopress.it\\\/?s={search_term_string}\"},\"query-input\":{\"@type\":\"PropertyValueSpecification\",\"valueRequired\":true,\"valueName\":\"search_term_string\"}}],\"inLanguage\":\"fr-FR\"},{\"@type\":\"Organization\",\"@id\":\"https:\\\/\\\/www.bellunopress.it\\\/#organization\",\"name\":\"Bellunopress\",\"url\":\"https:\\\/\\\/www.bellunopress.it\\\/\",\"logo\":{\"@type\":\"ImageObject\",\"inLanguage\":\"fr-FR\",\"@id\":\"https:\\\/\\\/www.bellunopress.it\\\/#\\\/schema\\\/logo\\\/image\\\/\",\"url\":\"https:\\\/\\\/www.bellunopress.it\\\/wp-content\\\/uploads\\\/2011\\\/05\\\/cropped-logo-bellunopress-.jpg\",\"contentUrl\":\"https:\\\/\\\/www.bellunopress.it\\\/wp-content\\\/uploads\\\/2011\\\/05\\\/cropped-logo-bellunopress-.jpg\",\"width\":512,\"height\":512,\"caption\":\"Bellunopress\"},\"image\":{\"@id\":\"https:\\\/\\\/www.bellunopress.it\\\/#\\\/schema\\\/logo\\\/image\\\/\"},\"sameAs\":[\"https:\\\/\\\/www.facebook.com\\\/profile.php?id=100008943462799\",\"https:\\\/\\\/x.com\\\/bellunopress\",\"https:\\\/\\\/www.linkedin.com\\\/hp\\\/?dnr=JBzUWaJfMUw8vbXJJ2tVW5-I3jZKvC4wsoxE&amp;amp;amp;amp;amp;amp;trk=nav_responsive_tab_home\",\"https:\\\/\\\/www.youtube.com\\\/channel\\\/UCxL0wu1uN0_3_7hGG0306cw\"]},{\"@type\":\"Person\",\"@id\":\"https:\\\/\\\/www.bellunopress.it\\\/#\\\/schema\\\/person\\\/79bb06722b37ece1c03d3e94beb30d73\",\"name\":\"redazione\",\"image\":{\"@type\":\"ImageObject\",\"inLanguage\":\"fr-FR\",\"@id\":\"https:\\\/\\\/secure.gravatar.com\\\/avatar\\\/37d968a2e67a6fd04c169c4bdef102d0bc5d31b2546345219e348575eb80e9a0?s=96&d=mm&r=g\",\"url\":\"https:\\\/\\\/secure.gravatar.com\\\/avatar\\\/37d968a2e67a6fd04c169c4bdef102d0bc5d31b2546345219e348575eb80e9a0?s=96&d=mm&r=g\",\"contentUrl\":\"https:\\\/\\\/secure.gravatar.com\\\/avatar\\\/37d968a2e67a6fd04c169c4bdef102d0bc5d31b2546345219e348575eb80e9a0?s=96&d=mm&r=g\",\"caption\":\"redazione\"},\"sameAs\":[\"http:\\\/\\\/www.bellunopress.it\",\"https:\\\/\\\/x.com\\\/bellunopress\"],\"url\":\"https:\\\/\\\/www.bellunopress.it\\\/fr\\\/author\\\/redazione\\\/\"}]}<\/script>\n<!-- \/ Yoast SEO plugin. -->","yoast_head_json":{"title":"Assessore Silvestrin: \u201c1,7 milioni di euro di contributi regionali 2009 a 30 gestioni comunali associate per ottimizzare funzioni e servizi\". Nel Bellunese 44.352 euro per la gestione associata di Polizia con capofila Ponte nelle Alpi - Bellunopress - Dolomiti","robots":{"index":"index","follow":"follow","max-snippet":"max-snippet:-1","max-image-preview":"max-image-preview:large","max-video-preview":"max-video-preview:-1"},"canonical":"https:\/\/www.bellunopress.it\/fr\/2009\/12\/15\/assessore-silvestrin-\u201c17-milioni-di-euro-di-contributi-regionali-2009-a-30-gestioni-comunali-associate-per-ottimizzare-funzioni-e-servizi-nel-bellunese-44352-euro-per-la-gestione-associa\/","og_locale":"fr_FR","og_type":"article","og_title":"Assessore Silvestrin: \u201c1,7 milioni di euro di contributi regionali 2009 a 30 gestioni comunali associate per ottimizzare funzioni e servizi\". Nel Bellunese 44.352 euro per la gestione associata di Polizia con capofila Ponte nelle Alpi - Bellunopress - Dolomiti","og_description":"Sostenere le spese di primo impianto, di riorganizzazione e di ampliamento delle strutture e dei servizi dei Comuni che sono costituiti in gestioni associate per ottimizzare le risorse e aumentare la qualit\u00e0 nei servizi resi ai cittadini. Questo lo scopo del provvedimento approvato dalla Giunta veneta, su proposta dell\u2019Assessore regionale agli enti locali Flavio Silvestrin, [&hellip;]","og_url":"https:\/\/www.bellunopress.it\/fr\/2009\/12\/15\/assessore-silvestrin-\u201c17-milioni-di-euro-di-contributi-regionali-2009-a-30-gestioni-comunali-associate-per-ottimizzare-funzioni-e-servizi-nel-bellunese-44352-euro-per-la-gestione-associa\/","og_site_name":"Bellunopress - Dolomiti","article_publisher":"https:\/\/www.facebook.com\/profile.php?id=100008943462799","article_published_time":"2009-12-15T21:59:13+00:00","article_modified_time":"2009-12-15T22:00:02+00:00","og_image":[{"url":"http:\/\/www.bellunopress.it\/wp-content\/uploads\/2009\/12\/flavio-silvestrin.jpg","type":"","width":"","height":""}],"author":"redazione","twitter_card":"summary_large_image","twitter_creator":"@bellunopress","twitter_site":"@bellunopress","twitter_misc":{"\u00c9crit par":"redazione","Dur\u00e9e de lecture estim\u00e9e":"1 minute"},"schema":{"@context":"https:\/\/schema.org","@graph":[{"@type":"Article","@id":"https:\/\/www.bellunopress.it\/2009\/12\/15\/assessore-silvestrin-%e2%80%9c17-milioni-di-euro-di-contributi-regionali-2009-a-30-gestioni-comunali-associate-per-ottimizzare-funzioni-e-servizi-nel-bellunese-44352-euro-per-la-gestione-associa\/#article","isPartOf":{"@id":"https:\/\/www.bellunopress.it\/2009\/12\/15\/assessore-silvestrin-%e2%80%9c17-milioni-di-euro-di-contributi-regionali-2009-a-30-gestioni-comunali-associate-per-ottimizzare-funzioni-e-servizi-nel-bellunese-44352-euro-per-la-gestione-associa\/"},"author":{"name":"redazione","@id":"https:\/\/www.bellunopress.it\/#\/schema\/person\/79bb06722b37ece1c03d3e94beb30d73"},"headline":"Assessore Silvestrin: \u201c1,7 milioni di euro di contributi regionali 2009 a 30 gestioni comunali associate per ottimizzare funzioni e servizi&#8221;. Nel Bellunese 44.352 euro per la gestione associata di Polizia con capofila Ponte nelle Alpi","datePublished":"2009-12-15T21:59:13+00:00","dateModified":"2009-12-15T22:00:02+00:00","mainEntityOfPage":{"@id":"https:\/\/www.bellunopress.it\/2009\/12\/15\/assessore-silvestrin-%e2%80%9c17-milioni-di-euro-di-contributi-regionali-2009-a-30-gestioni-comunali-associate-per-ottimizzare-funzioni-e-servizi-nel-bellunese-44352-euro-per-la-gestione-associa\/"},"wordCount":323,"publisher":{"@id":"https:\/\/www.bellunopress.it\/#organization"},"image":{"@id":"https:\/\/www.bellunopress.it\/2009\/12\/15\/assessore-silvestrin-%e2%80%9c17-milioni-di-euro-di-contributi-regionali-2009-a-30-gestioni-comunali-associate-per-ottimizzare-funzioni-e-servizi-nel-bellunese-44352-euro-per-la-gestione-associa\/#primaryimage"},"thumbnailUrl":"http:\/\/www.bellunopress.it\/wp-content\/uploads\/2009\/12\/flavio-silvestrin.jpg","keywords":["Belluno","Cadore","zoldo"],"articleSection":["Cronaca\/Politica"],"inLanguage":"fr-FR"},{"@type":"WebPage","@id":"https:\/\/www.bellunopress.it\/2009\/12\/15\/assessore-silvestrin-%e2%80%9c17-milioni-di-euro-di-contributi-regionali-2009-a-30-gestioni-comunali-associate-per-ottimizzare-funzioni-e-servizi-nel-bellunese-44352-euro-per-la-gestione-associa\/","url":"https:\/\/www.bellunopress.it\/2009\/12\/15\/assessore-silvestrin-%e2%80%9c17-milioni-di-euro-di-contributi-regionali-2009-a-30-gestioni-comunali-associate-per-ottimizzare-funzioni-e-servizi-nel-bellunese-44352-euro-per-la-gestione-associa\/","name":"Assessore Silvestrin: \u201c1,7 milioni di euro di contributi regionali 2009 a 30 gestioni comunali associate per ottimizzare funzioni e servizi\". Nel Bellunese 44.352 euro per la gestione associata di Polizia con capofila Ponte nelle Alpi - Bellunopress - Dolomiti","isPartOf":{"@id":"https:\/\/www.bellunopress.it\/#website"},"primaryImageOfPage":{"@id":"https:\/\/www.bellunopress.it\/2009\/12\/15\/assessore-silvestrin-%e2%80%9c17-milioni-di-euro-di-contributi-regionali-2009-a-30-gestioni-comunali-associate-per-ottimizzare-funzioni-e-servizi-nel-bellunese-44352-euro-per-la-gestione-associa\/#primaryimage"},"image":{"@id":"https:\/\/www.bellunopress.it\/2009\/12\/15\/assessore-silvestrin-%e2%80%9c17-milioni-di-euro-di-contributi-regionali-2009-a-30-gestioni-comunali-associate-per-ottimizzare-funzioni-e-servizi-nel-bellunese-44352-euro-per-la-gestione-associa\/#primaryimage"},"thumbnailUrl":"http:\/\/www.bellunopress.it\/wp-content\/uploads\/2009\/12\/flavio-silvestrin.jpg","datePublished":"2009-12-15T21:59:13+00:00","dateModified":"2009-12-15T22:00:02+00:00","breadcrumb":{"@id":"https:\/\/www.bellunopress.it\/2009\/12\/15\/assessore-silvestrin-%e2%80%9c17-milioni-di-euro-di-contributi-regionali-2009-a-30-gestioni-comunali-associate-per-ottimizzare-funzioni-e-servizi-nel-bellunese-44352-euro-per-la-gestione-associa\/#breadcrumb"},"inLanguage":"fr-FR","potentialAction":[{"@type":"ReadAction","target":["https:\/\/www.bellunopress.it\/2009\/12\/15\/assessore-silvestrin-%e2%80%9c17-milioni-di-euro-di-contributi-regionali-2009-a-30-gestioni-comunali-associate-per-ottimizzare-funzioni-e-servizi-nel-bellunese-44352-euro-per-la-gestione-associa\/"]}]},{"@type":"ImageObject","inLanguage":"fr-FR","@id":"https:\/\/www.bellunopress.it\/2009\/12\/15\/assessore-silvestrin-%e2%80%9c17-milioni-di-euro-di-contributi-regionali-2009-a-30-gestioni-comunali-associate-per-ottimizzare-funzioni-e-servizi-nel-bellunese-44352-euro-per-la-gestione-associa\/#primaryimage","url":"http:\/\/www.bellunopress.it\/wp-content\/uploads\/2009\/12\/flavio-silvestrin.jpg","contentUrl":"http:\/\/www.bellunopress.it\/wp-content\/uploads\/2009\/12\/flavio-silvestrin.jpg"},{"@type":"BreadcrumbList","@id":"https:\/\/www.bellunopress.it\/2009\/12\/15\/assessore-silvestrin-%e2%80%9c17-milioni-di-euro-di-contributi-regionali-2009-a-30-gestioni-comunali-associate-per-ottimizzare-funzioni-e-servizi-nel-bellunese-44352-euro-per-la-gestione-associa\/#breadcrumb","itemListElement":[{"@type":"ListItem","position":1,"name":"Home","item":"https:\/\/www.bellunopress.it\/"},{"@type":"ListItem","position":2,"name":"Assessore Silvestrin: \u201c1,7 milioni di euro di contributi regionali 2009 a 30 gestioni comunali associate per ottimizzare funzioni e servizi&#8221;. Nel Bellunese 44.352 euro per la gestione associata di Polizia con capofila Ponte nelle Alpi"}]},{"@type":"WebSite","@id":"https:\/\/www.bellunopress.it\/#website","url":"https:\/\/www.bellunopress.it\/","name":"Bellunopress - Dolomiti","description":"e-mail: redazione@bellunopress.it","publisher":{"@id":"https:\/\/www.bellunopress.it\/#organization"},"potentialAction":[{"@type":"SearchAction","target":{"@type":"EntryPoint","urlTemplate":"https:\/\/www.bellunopress.it\/?s={search_term_string}"},"query-input":{"@type":"PropertyValueSpecification","valueRequired":true,"valueName":"search_term_string"}}],"inLanguage":"fr-FR"},{"@type":"Organization","@id":"https:\/\/www.bellunopress.it\/#organization","name":"Bellunopress","url":"https:\/\/www.bellunopress.it\/","logo":{"@type":"ImageObject","inLanguage":"fr-FR","@id":"https:\/\/www.bellunopress.it\/#\/schema\/logo\/image\/","url":"https:\/\/www.bellunopress.it\/wp-content\/uploads\/2011\/05\/cropped-logo-bellunopress-.jpg","contentUrl":"https:\/\/www.bellunopress.it\/wp-content\/uploads\/2011\/05\/cropped-logo-bellunopress-.jpg","width":512,"height":512,"caption":"Bellunopress"},"image":{"@id":"https:\/\/www.bellunopress.it\/#\/schema\/logo\/image\/"},"sameAs":["https:\/\/www.facebook.com\/profile.php?id=100008943462799","https:\/\/x.com\/bellunopress","https:\/\/www.linkedin.com\/hp\/?dnr=JBzUWaJfMUw8vbXJJ2tVW5-I3jZKvC4wsoxE&amp;amp;amp;amp;amp;amp;trk=nav_responsive_tab_home","https:\/\/www.youtube.com\/channel\/UCxL0wu1uN0_3_7hGG0306cw"]},{"@type":"Person","@id":"https:\/\/www.bellunopress.it\/#\/schema\/person\/79bb06722b37ece1c03d3e94beb30d73","name":"r\u00e9daction","image":{"@type":"ImageObject","inLanguage":"fr-FR","@id":"https:\/\/secure.gravatar.com\/avatar\/37d968a2e67a6fd04c169c4bdef102d0bc5d31b2546345219e348575eb80e9a0?s=96&d=mm&r=g","url":"https:\/\/secure.gravatar.com\/avatar\/37d968a2e67a6fd04c169c4bdef102d0bc5d31b2546345219e348575eb80e9a0?s=96&d=mm&r=g","contentUrl":"https:\/\/secure.gravatar.com\/avatar\/37d968a2e67a6fd04c169c4bdef102d0bc5d31b2546345219e348575eb80e9a0?s=96&d=mm&r=g","caption":"redazione"},"sameAs":["http:\/\/www.bellunopress.it","https:\/\/x.com\/bellunopress"],"url":"https:\/\/www.bellunopress.it\/fr\/author\/redazione\/"}]}},"_links":{"self":[{"href":"https:\/\/www.bellunopress.it\/fr\/wp-json\/wp\/v2\/posts\/10679","targetHints":{"allow":["GET"]}}],"collection":[{"href":"https:\/\/www.bellunopress.it\/fr\/wp-json\/wp\/v2\/posts"}],"about":[{"href":"https:\/\/www.bellunopress.it\/fr\/wp-json\/wp\/v2\/types\/post"}],"author":[{"embeddable":true,"href":"https:\/\/www.bellunopress.it\/fr\/wp-json\/wp\/v2\/users\/2"}],"replies":[{"embeddable":true,"href":"https:\/\/www.bellunopress.it\/fr\/wp-json\/wp\/v2\/comments?post=10679"}],"version-history":[{"count":2,"href":"https:\/\/www.bellunopress.it\/fr\/wp-json\/wp\/v2\/posts\/10679\/revisions"}],"predecessor-version":[{"id":10683,"href":"https:\/\/www.bellunopress.it\/fr\/wp-json\/wp\/v2\/posts\/10679\/revisions\/10683"}],"wp:attachment":[{"href":"https:\/\/www.bellunopress.it\/fr\/wp-json\/wp\/v2\/media?parent=10679"}],"wp:term":[{"taxonomy":"category","embeddable":true,"href":"https:\/\/www.bellunopress.it\/fr\/wp-json\/wp\/v2\/categories?post=10679"},{"taxonomy":"post_tag","embeddable":true,"href":"https:\/\/www.bellunopress.it\/fr\/wp-json\/wp\/v2\/tags?post=10679"}],"curies":[{"name":"wp","href":"https:\/\/api.w.org\/{rel}","templated":true}]}}