{"id":10677,"date":"2009-12-15T18:33:28","date_gmt":"2009-12-15T17:33:28","guid":{"rendered":"http:\/\/www.bellunopress.it\/?p=10677"},"modified":"2009-12-15T18:33:28","modified_gmt":"2009-12-15T17:33:28","slug":"aggiornamento-epidemiologico-della-nuova-influenza-ah1n1-a-cura-delluls-1","status":"publish","type":"post","link":"https:\/\/www.bellunopress.it\/fr\/2009\/12\/15\/aggiornamento-epidemiologico-della-nuova-influenza-ah1n1-a-cura-delluls-1\/","title":{"rendered":"Aggiornamento epidemiologico della nuova influenza A(H1N1) a cura dell&#8217;Uls 1"},"content":{"rendered":"<p>In Europa la circolazione del virus pandemico continua ad essere rilevata anche se l\u2019attivit\u00e0 influenzale, in alcuni paesi, \u00e8 in fase di attenuazione. Nell\u2019Europa centrale ed in alcune aree dell\u2019Asia e dell\u2019America del nord \u00e8 stato segnalato l\u2019arrivo anticipato dell\u2019influenza stagionale invernale. In Italia la curva epidemica, riportata nel grafico seguente, sta continuando la sua discesa dopo aver raggiunto il picco nella settimana dal 9 al 15 novembre ed aver registrato un\u2019incidenza massima lievemente inferiore a quello dell\u2019influenza stagionale della stagione 2004\/05.\u00a0 Le Regioni dove nella prima settimana di dicembre si \u00e8 registrato il maggior numero di casi sono la Sardegna, le Marche ed il Friuli Venezia Giulia.<br \/>\nIl sistema di sorveglianza epidemiologica attivo nell\u2019ULSS 1 ha registrato, anche nella prima settimana di dicembre, una lieve diminuzione dei casi di influenza, che sono ancora pi\u00f9 frequenti tra i bambini e gli adolescenti. Nel corso dei primi dieci giorni del mese di dicembre sono stati confermati altri due nuovi casi di influenza AH1N1, in soggetti ricoverati presso l\u2019Ospedale S. Martino di Belluno.<br \/>\nSi tratta di una bambina di 5 anni e di un 53enne che non hanno manifestato complicanze e sono stati dimessi dopo qualche giorno.<br \/>\nCampagna di vaccinazione per l\u2019influenza pandemica<br \/>\nL\u2019offerta vaccinale alle categorie di persone individuate dal Ministero della Salute e programmate dalla Regine Veneto continua ad essere attiva.<br \/>\nIl monitoraggio delle prime settimane di vaccinazione evidenzia anche nell\u2019ULSS 1, come nel contesto regionale e nazionale, una contenuta percentuale di adesione delle categorie destinatarie; fino ad oggi, nelle sedi ambulatoriali del Servizio Igiene e Sanit\u00e0 Pubblica, il vaccino antinfluenzale \u00e8 stato somministrato a oltre 2800 persone presentatesi secondo il calendario di priorit\u00e0 indicato dalla Regione Veneto.<br \/>\nNella considerazione che la vaccinazione antinfluenzale rappresenta il mezzo pi\u00f9 efficace e sicuro per prevenire la malattia e le sue complicanze e che viene fortemente raccomandata dalle autorit\u00e0 sanitarie, si invitano le persone appartenenti alle categorie di seguito elencate a cogliere l\u2019opportunit\u00e0 dell\u2019offerta vaccinale in corso.<br \/>\nDurante il periodo pandemico \u00e8 possibile che l\u2019epidemia influenzale si sviluppi in pi\u00f9 ondate consecutive e pertanto la vaccinazione, oltre a prevenire la malattia e a ridurre la circolazione del virus, concorre alla attenuazione delle puntate epidemiche successive ed alla riduzione del rischio di eventuali mutazioni virali.<br \/>\nRitenendo che questo periodo di tempo che precede le festivit\u00e0 natalizie sia tuttora indicato\u00a0 per la somministrazione della vaccinazione contro l\u2019influenza pandemica presso le strutture ambulatoriali territoriali, si informa che ogni persona delle categorie indicate, appartenente all\u2019ULSS 1 di Belluno, che intende sottoporsi a vaccinazione, potr\u00e0 presentarsi nelle sedi ambulatoriali munita di tessera sanitaria con codice a barre.<br \/>\nGli interessati potranno presentarsi liberamente alle strutture ambulatoriali senza necessit\u00e0 di prenotazione.<br \/>\nEventuali diverse modalit\u00e0 di accesso potranno essere stabilite in base all\u2019affluenza riscontrata.<br \/>\nCategorie a cui \u00e8 rivolta l\u2019offerta vaccinale dal 14 dicembre 2009:<br \/>\n&#8211; bambini di et\u00e0 &gt; 6 mesi e adulti fino a 64 anni con patologia a rischio di complicanze<br \/>\n&#8211; bambini del nido o istituzionalizzati<br \/>\n&#8211; popolazione sana da 6 mesi a 27 anni<br \/>\n&#8211; forze dell\u2019ordine, polizia penitenziaria, guardia di finanza, vigili del fuoco, protezione civile, polizia locale<br \/>\n&#8211; donatori di sangue<br \/>\n&#8211; personale sanitario privato<br \/>\n&#8211; personale di trasporti pubblici urbani ed extraurbani<br \/>\n&#8211; personale settore energia, rifiuti, acquedotti, reti informatiche e telecomunicazioni<br \/>\n&#8211; persone di et\u00e0 &gt; 65 anni<br \/>\n&#8211; insegnanti e personale ATA<br \/>\n&#8211; personale dipendente di enti locali e pubblici<br \/>\n&#8211; personale poste e telecomunicazioni<br \/>\n&#8211; lavoratori a contatto con specie animali che sono serbatoi di virus influenzali.<br \/>\n<strong>STRUTTURA PER ANZIANI NON AUTOSUFFICIENTI DI AGORDO<br \/>\nGIOVED\u00cc GLI AUGURI DI NATALE<\/strong><br \/>\nCon l\u2019avvicinarsi delle festivit\u00e0 natalizie, si rinnova anche quest\u2019anno l\u2019appuntamento con ospiti, familiari, operatori, volontari e con tutti coloro che operano a favore degli anziani e dei disabili della Struttura di Agordo.<br \/>\nSar\u00e0 un momento conviviale per augurare a tutti un Buon Natale e un Felice Anno Nuovo. L\u2019incontro \u00e8 in programma gioved\u00ec prossimo (17 dicembre), a partire dalle 15,30. Il programma prevede la Santa Messa, celebrata dall\u2019Arcidiacono di Agordo Don Giorgio Lise e dal Cappellano dell\u2019ospedale Don Severino Da Roit presso la Sezione Polifunzionale al primo piano. Alle 16 sono previsti i saluti della Direzione che alle 16,40 porter\u00e0 gli auguri anche alla Sezione Anziani Inabili.<\/p>","protected":false},"excerpt":{"rendered":"<p>In Europa la circolazione del virus pandemico continua ad essere rilevata anche se l\u2019attivit\u00e0 influenzale, in alcuni paesi, \u00e8 in fase di attenuazione. Nell\u2019Europa centrale ed in alcune aree dell\u2019Asia e dell\u2019America del nord \u00e8 stato segnalato l\u2019arrivo anticipato dell\u2019influenza stagionale invernale. In Italia la curva epidemica, riportata nel grafico seguente, sta continuando la sua [&hellip;]<\/p>\n","protected":false},"author":2,"featured_media":0,"comment_status":"closed","ping_status":"open","sticky":false,"template":"","format":"standard","meta":{"footnotes":""},"categories":[26,17],"tags":[3050],"class_list":["post-10677","post","type-post","status-publish","format-standard","category-prima-pagina","category-sanita","tag-sanita"],"yoast_head":"<!-- This site is optimized with the Yoast SEO plugin v28.4 - https:\/\/yoast.com\/product\/yoast-seo-wordpress\/ -->\n<title>Aggiornamento epidemiologico della nuova influenza A(H1N1) a cura dell&#039;Uls 1 - Bellunopress - Dolomiti<\/title>\n<meta name=\"robots\" content=\"index, follow, max-snippet:-1, max-image-preview:large, max-video-preview:-1\" \/>\n<link rel=\"canonical\" href=\"https:\/\/www.bellunopress.it\/fr\/2009\/12\/15\/aggiornamento-epidemiologico-della-nuova-influenza-ah1n1-a-cura-delluls-1\/\" \/>\n<meta property=\"og:locale\" content=\"fr_FR\" \/>\n<meta property=\"og:type\" content=\"article\" \/>\n<meta property=\"og:title\" content=\"Aggiornamento epidemiologico della nuova influenza A(H1N1) a cura dell&#039;Uls 1 - Bellunopress - Dolomiti\" \/>\n<meta property=\"og:description\" content=\"In Europa la circolazione del virus pandemico continua ad essere rilevata anche se l\u2019attivit\u00e0 influenzale, in alcuni paesi, \u00e8 in fase di attenuazione. Nell\u2019Europa centrale ed in alcune aree dell\u2019Asia e dell\u2019America del nord \u00e8 stato segnalato l\u2019arrivo anticipato dell\u2019influenza stagionale invernale. In Italia la curva epidemica, riportata nel grafico seguente, sta continuando la sua [&hellip;]\" \/>\n<meta property=\"og:url\" content=\"https:\/\/www.bellunopress.it\/fr\/2009\/12\/15\/aggiornamento-epidemiologico-della-nuova-influenza-ah1n1-a-cura-delluls-1\/\" \/>\n<meta property=\"og:site_name\" content=\"Bellunopress - Dolomiti\" \/>\n<meta property=\"article:publisher\" content=\"https:\/\/www.facebook.com\/profile.php?id=100008943462799\" \/>\n<meta property=\"article:published_time\" content=\"2009-12-15T17:33:28+00:00\" \/>\n<meta property=\"og:image\" content=\"http:\/\/www.bellunopress.it\/wp-content\/uploads\/2012\/07\/logo-bellunopress-250x250-2012.jpg\" \/>\n<meta name=\"author\" content=\"redazione\" \/>\n<meta name=\"twitter:card\" content=\"summary_large_image\" \/>\n<meta name=\"twitter:creator\" content=\"@bellunopress\" \/>\n<meta name=\"twitter:site\" content=\"@bellunopress\" \/>\n<meta name=\"twitter:label1\" content=\"\u00c9crit par\" \/>\n\t<meta name=\"twitter:data1\" content=\"redazione\" \/>\n\t<meta name=\"twitter:label2\" content=\"Dur\u00e9e de lecture estim\u00e9e\" \/>\n\t<meta name=\"twitter:data2\" content=\"3 minutes\" \/>\n<script type=\"application\/ld+json\" class=\"yoast-schema-graph\">{\"@context\":\"https:\\\/\\\/schema.org\",\"@graph\":[{\"@type\":\"Article\",\"@id\":\"https:\\\/\\\/www.bellunopress.it\\\/2009\\\/12\\\/15\\\/aggiornamento-epidemiologico-della-nuova-influenza-ah1n1-a-cura-delluls-1\\\/#article\",\"isPartOf\":{\"@id\":\"https:\\\/\\\/www.bellunopress.it\\\/2009\\\/12\\\/15\\\/aggiornamento-epidemiologico-della-nuova-influenza-ah1n1-a-cura-delluls-1\\\/\"},\"author\":{\"name\":\"redazione\",\"@id\":\"https:\\\/\\\/www.bellunopress.it\\\/#\\\/schema\\\/person\\\/79bb06722b37ece1c03d3e94beb30d73\"},\"headline\":\"Aggiornamento epidemiologico della nuova influenza A(H1N1) a cura dell&#8217;Uls 1\",\"datePublished\":\"2009-12-15T17:33:28+00:00\",\"mainEntityOfPage\":{\"@id\":\"https:\\\/\\\/www.bellunopress.it\\\/2009\\\/12\\\/15\\\/aggiornamento-epidemiologico-della-nuova-influenza-ah1n1-a-cura-delluls-1\\\/\"},\"wordCount\":710,\"publisher\":{\"@id\":\"https:\\\/\\\/www.bellunopress.it\\\/#organization\"},\"keywords\":[\"Sanit\u00e0\"],\"articleSection\":[\"Prima Pagina\",\"Sanit\u00e0 Medicina\"],\"inLanguage\":\"fr-FR\"},{\"@type\":\"WebPage\",\"@id\":\"https:\\\/\\\/www.bellunopress.it\\\/2009\\\/12\\\/15\\\/aggiornamento-epidemiologico-della-nuova-influenza-ah1n1-a-cura-delluls-1\\\/\",\"url\":\"https:\\\/\\\/www.bellunopress.it\\\/2009\\\/12\\\/15\\\/aggiornamento-epidemiologico-della-nuova-influenza-ah1n1-a-cura-delluls-1\\\/\",\"name\":\"Aggiornamento epidemiologico della nuova influenza A(H1N1) a cura dell'Uls 1 - Bellunopress - Dolomiti\",\"isPartOf\":{\"@id\":\"https:\\\/\\\/www.bellunopress.it\\\/#website\"},\"datePublished\":\"2009-12-15T17:33:28+00:00\",\"breadcrumb\":{\"@id\":\"https:\\\/\\\/www.bellunopress.it\\\/2009\\\/12\\\/15\\\/aggiornamento-epidemiologico-della-nuova-influenza-ah1n1-a-cura-delluls-1\\\/#breadcrumb\"},\"inLanguage\":\"fr-FR\",\"potentialAction\":[{\"@type\":\"ReadAction\",\"target\":[\"https:\\\/\\\/www.bellunopress.it\\\/2009\\\/12\\\/15\\\/aggiornamento-epidemiologico-della-nuova-influenza-ah1n1-a-cura-delluls-1\\\/\"]}]},{\"@type\":\"BreadcrumbList\",\"@id\":\"https:\\\/\\\/www.bellunopress.it\\\/2009\\\/12\\\/15\\\/aggiornamento-epidemiologico-della-nuova-influenza-ah1n1-a-cura-delluls-1\\\/#breadcrumb\",\"itemListElement\":[{\"@type\":\"ListItem\",\"position\":1,\"name\":\"Home\",\"item\":\"https:\\\/\\\/www.bellunopress.it\\\/\"},{\"@type\":\"ListItem\",\"position\":2,\"name\":\"Aggiornamento epidemiologico della nuova influenza A(H1N1) a cura dell&#8217;Uls 1\"}]},{\"@type\":\"WebSite\",\"@id\":\"https:\\\/\\\/www.bellunopress.it\\\/#website\",\"url\":\"https:\\\/\\\/www.bellunopress.it\\\/\",\"name\":\"Bellunopress - Dolomiti\",\"description\":\"e-mail: redazione@bellunopress.it\",\"publisher\":{\"@id\":\"https:\\\/\\\/www.bellunopress.it\\\/#organization\"},\"potentialAction\":[{\"@type\":\"SearchAction\",\"target\":{\"@type\":\"EntryPoint\",\"urlTemplate\":\"https:\\\/\\\/www.bellunopress.it\\\/?s={search_term_string}\"},\"query-input\":{\"@type\":\"PropertyValueSpecification\",\"valueRequired\":true,\"valueName\":\"search_term_string\"}}],\"inLanguage\":\"fr-FR\"},{\"@type\":\"Organization\",\"@id\":\"https:\\\/\\\/www.bellunopress.it\\\/#organization\",\"name\":\"Bellunopress\",\"url\":\"https:\\\/\\\/www.bellunopress.it\\\/\",\"logo\":{\"@type\":\"ImageObject\",\"inLanguage\":\"fr-FR\",\"@id\":\"https:\\\/\\\/www.bellunopress.it\\\/#\\\/schema\\\/logo\\\/image\\\/\",\"url\":\"https:\\\/\\\/www.bellunopress.it\\\/wp-content\\\/uploads\\\/2011\\\/05\\\/cropped-logo-bellunopress-.jpg\",\"contentUrl\":\"https:\\\/\\\/www.bellunopress.it\\\/wp-content\\\/uploads\\\/2011\\\/05\\\/cropped-logo-bellunopress-.jpg\",\"width\":512,\"height\":512,\"caption\":\"Bellunopress\"},\"image\":{\"@id\":\"https:\\\/\\\/www.bellunopress.it\\\/#\\\/schema\\\/logo\\\/image\\\/\"},\"sameAs\":[\"https:\\\/\\\/www.facebook.com\\\/profile.php?id=100008943462799\",\"https:\\\/\\\/x.com\\\/bellunopress\",\"https:\\\/\\\/www.linkedin.com\\\/hp\\\/?dnr=JBzUWaJfMUw8vbXJJ2tVW5-I3jZKvC4wsoxE&amp;amp;amp;amp;amp;amp;trk=nav_responsive_tab_home\",\"https:\\\/\\\/www.youtube.com\\\/channel\\\/UCxL0wu1uN0_3_7hGG0306cw\"]},{\"@type\":\"Person\",\"@id\":\"https:\\\/\\\/www.bellunopress.it\\\/#\\\/schema\\\/person\\\/79bb06722b37ece1c03d3e94beb30d73\",\"name\":\"redazione\",\"image\":{\"@type\":\"ImageObject\",\"inLanguage\":\"fr-FR\",\"@id\":\"https:\\\/\\\/secure.gravatar.com\\\/avatar\\\/37d968a2e67a6fd04c169c4bdef102d0bc5d31b2546345219e348575eb80e9a0?s=96&d=mm&r=g\",\"url\":\"https:\\\/\\\/secure.gravatar.com\\\/avatar\\\/37d968a2e67a6fd04c169c4bdef102d0bc5d31b2546345219e348575eb80e9a0?s=96&d=mm&r=g\",\"contentUrl\":\"https:\\\/\\\/secure.gravatar.com\\\/avatar\\\/37d968a2e67a6fd04c169c4bdef102d0bc5d31b2546345219e348575eb80e9a0?s=96&d=mm&r=g\",\"caption\":\"redazione\"},\"sameAs\":[\"http:\\\/\\\/www.bellunopress.it\",\"https:\\\/\\\/x.com\\\/bellunopress\"],\"url\":\"https:\\\/\\\/www.bellunopress.it\\\/fr\\\/author\\\/redazione\\\/\"}]}<\/script>\n<!-- \/ Yoast SEO plugin. -->","yoast_head_json":{"title":"Aggiornamento epidemiologico della nuova influenza A(H1N1) a cura dell'Uls 1 - Bellunopress - Dolomiti","robots":{"index":"index","follow":"follow","max-snippet":"max-snippet:-1","max-image-preview":"max-image-preview:large","max-video-preview":"max-video-preview:-1"},"canonical":"https:\/\/www.bellunopress.it\/fr\/2009\/12\/15\/aggiornamento-epidemiologico-della-nuova-influenza-ah1n1-a-cura-delluls-1\/","og_locale":"fr_FR","og_type":"article","og_title":"Aggiornamento epidemiologico della nuova influenza A(H1N1) a cura dell'Uls 1 - Bellunopress - Dolomiti","og_description":"In Europa la circolazione del virus pandemico continua ad essere rilevata anche se l\u2019attivit\u00e0 influenzale, in alcuni paesi, \u00e8 in fase di attenuazione. Nell\u2019Europa centrale ed in alcune aree dell\u2019Asia e dell\u2019America del nord \u00e8 stato segnalato l\u2019arrivo anticipato dell\u2019influenza stagionale invernale. In Italia la curva epidemica, riportata nel grafico seguente, sta continuando la sua [&hellip;]","og_url":"https:\/\/www.bellunopress.it\/fr\/2009\/12\/15\/aggiornamento-epidemiologico-della-nuova-influenza-ah1n1-a-cura-delluls-1\/","og_site_name":"Bellunopress - Dolomiti","article_publisher":"https:\/\/www.facebook.com\/profile.php?id=100008943462799","article_published_time":"2009-12-15T17:33:28+00:00","og_image":[{"url":"http:\/\/www.bellunopress.it\/wp-content\/uploads\/2012\/07\/logo-bellunopress-250x250-2012.jpg","type":"","width":"","height":""}],"author":"redazione","twitter_card":"summary_large_image","twitter_creator":"@bellunopress","twitter_site":"@bellunopress","twitter_misc":{"\u00c9crit par":"redazione","Dur\u00e9e de lecture estim\u00e9e":"3 minutes"},"schema":{"@context":"https:\/\/schema.org","@graph":[{"@type":"Article","@id":"https:\/\/www.bellunopress.it\/2009\/12\/15\/aggiornamento-epidemiologico-della-nuova-influenza-ah1n1-a-cura-delluls-1\/#article","isPartOf":{"@id":"https:\/\/www.bellunopress.it\/2009\/12\/15\/aggiornamento-epidemiologico-della-nuova-influenza-ah1n1-a-cura-delluls-1\/"},"author":{"name":"redazione","@id":"https:\/\/www.bellunopress.it\/#\/schema\/person\/79bb06722b37ece1c03d3e94beb30d73"},"headline":"Aggiornamento epidemiologico della nuova influenza A(H1N1) a cura dell&#8217;Uls 1","datePublished":"2009-12-15T17:33:28+00:00","mainEntityOfPage":{"@id":"https:\/\/www.bellunopress.it\/2009\/12\/15\/aggiornamento-epidemiologico-della-nuova-influenza-ah1n1-a-cura-delluls-1\/"},"wordCount":710,"publisher":{"@id":"https:\/\/www.bellunopress.it\/#organization"},"keywords":["Sanit\u00e0"],"articleSection":["Prima Pagina","Sanit\u00e0 Medicina"],"inLanguage":"fr-FR"},{"@type":"WebPage","@id":"https:\/\/www.bellunopress.it\/2009\/12\/15\/aggiornamento-epidemiologico-della-nuova-influenza-ah1n1-a-cura-delluls-1\/","url":"https:\/\/www.bellunopress.it\/2009\/12\/15\/aggiornamento-epidemiologico-della-nuova-influenza-ah1n1-a-cura-delluls-1\/","name":"Aggiornamento epidemiologico della nuova influenza A(H1N1) a cura dell'Uls 1 - Bellunopress - Dolomiti","isPartOf":{"@id":"https:\/\/www.bellunopress.it\/#website"},"datePublished":"2009-12-15T17:33:28+00:00","breadcrumb":{"@id":"https:\/\/www.bellunopress.it\/2009\/12\/15\/aggiornamento-epidemiologico-della-nuova-influenza-ah1n1-a-cura-delluls-1\/#breadcrumb"},"inLanguage":"fr-FR","potentialAction":[{"@type":"ReadAction","target":["https:\/\/www.bellunopress.it\/2009\/12\/15\/aggiornamento-epidemiologico-della-nuova-influenza-ah1n1-a-cura-delluls-1\/"]}]},{"@type":"BreadcrumbList","@id":"https:\/\/www.bellunopress.it\/2009\/12\/15\/aggiornamento-epidemiologico-della-nuova-influenza-ah1n1-a-cura-delluls-1\/#breadcrumb","itemListElement":[{"@type":"ListItem","position":1,"name":"Home","item":"https:\/\/www.bellunopress.it\/"},{"@type":"ListItem","position":2,"name":"Aggiornamento epidemiologico della nuova influenza A(H1N1) a cura dell&#8217;Uls 1"}]},{"@type":"WebSite","@id":"https:\/\/www.bellunopress.it\/#website","url":"https:\/\/www.bellunopress.it\/","name":"Bellunopress - Dolomiti","description":"e-mail: redazione@bellunopress.it","publisher":{"@id":"https:\/\/www.bellunopress.it\/#organization"},"potentialAction":[{"@type":"SearchAction","target":{"@type":"EntryPoint","urlTemplate":"https:\/\/www.bellunopress.it\/?s={search_term_string}"},"query-input":{"@type":"PropertyValueSpecification","valueRequired":true,"valueName":"search_term_string"}}],"inLanguage":"fr-FR"},{"@type":"Organization","@id":"https:\/\/www.bellunopress.it\/#organization","name":"Bellunopress","url":"https:\/\/www.bellunopress.it\/","logo":{"@type":"ImageObject","inLanguage":"fr-FR","@id":"https:\/\/www.bellunopress.it\/#\/schema\/logo\/image\/","url":"https:\/\/www.bellunopress.it\/wp-content\/uploads\/2011\/05\/cropped-logo-bellunopress-.jpg","contentUrl":"https:\/\/www.bellunopress.it\/wp-content\/uploads\/2011\/05\/cropped-logo-bellunopress-.jpg","width":512,"height":512,"caption":"Bellunopress"},"image":{"@id":"https:\/\/www.bellunopress.it\/#\/schema\/logo\/image\/"},"sameAs":["https:\/\/www.facebook.com\/profile.php?id=100008943462799","https:\/\/x.com\/bellunopress","https:\/\/www.linkedin.com\/hp\/?dnr=JBzUWaJfMUw8vbXJJ2tVW5-I3jZKvC4wsoxE&amp;amp;amp;amp;amp;amp;trk=nav_responsive_tab_home","https:\/\/www.youtube.com\/channel\/UCxL0wu1uN0_3_7hGG0306cw"]},{"@type":"Person","@id":"https:\/\/www.bellunopress.it\/#\/schema\/person\/79bb06722b37ece1c03d3e94beb30d73","name":"r\u00e9daction","image":{"@type":"ImageObject","inLanguage":"fr-FR","@id":"https:\/\/secure.gravatar.com\/avatar\/37d968a2e67a6fd04c169c4bdef102d0bc5d31b2546345219e348575eb80e9a0?s=96&d=mm&r=g","url":"https:\/\/secure.gravatar.com\/avatar\/37d968a2e67a6fd04c169c4bdef102d0bc5d31b2546345219e348575eb80e9a0?s=96&d=mm&r=g","contentUrl":"https:\/\/secure.gravatar.com\/avatar\/37d968a2e67a6fd04c169c4bdef102d0bc5d31b2546345219e348575eb80e9a0?s=96&d=mm&r=g","caption":"redazione"},"sameAs":["http:\/\/www.bellunopress.it","https:\/\/x.com\/bellunopress"],"url":"https:\/\/www.bellunopress.it\/fr\/author\/redazione\/"}]}},"_links":{"self":[{"href":"https:\/\/www.bellunopress.it\/fr\/wp-json\/wp\/v2\/posts\/10677","targetHints":{"allow":["GET"]}}],"collection":[{"href":"https:\/\/www.bellunopress.it\/fr\/wp-json\/wp\/v2\/posts"}],"about":[{"href":"https:\/\/www.bellunopress.it\/fr\/wp-json\/wp\/v2\/types\/post"}],"author":[{"embeddable":true,"href":"https:\/\/www.bellunopress.it\/fr\/wp-json\/wp\/v2\/users\/2"}],"replies":[{"embeddable":true,"href":"https:\/\/www.bellunopress.it\/fr\/wp-json\/wp\/v2\/comments?post=10677"}],"version-history":[{"count":1,"href":"https:\/\/www.bellunopress.it\/fr\/wp-json\/wp\/v2\/posts\/10677\/revisions"}],"predecessor-version":[{"id":10678,"href":"https:\/\/www.bellunopress.it\/fr\/wp-json\/wp\/v2\/posts\/10677\/revisions\/10678"}],"wp:attachment":[{"href":"https:\/\/www.bellunopress.it\/fr\/wp-json\/wp\/v2\/media?parent=10677"}],"wp:term":[{"taxonomy":"category","embeddable":true,"href":"https:\/\/www.bellunopress.it\/fr\/wp-json\/wp\/v2\/categories?post=10677"},{"taxonomy":"post_tag","embeddable":true,"href":"https:\/\/www.bellunopress.it\/fr\/wp-json\/wp\/v2\/tags?post=10677"}],"curies":[{"name":"wp","href":"https:\/\/api.w.org\/{rel}","templated":true}]}}