{"id":10661,"date":"2009-12-14T21:51:53","date_gmt":"2009-12-14T20:51:53","guid":{"rendered":"http:\/\/www.bellunopress.it\/?p=10661"},"modified":"2009-12-14T21:51:53","modified_gmt":"2009-12-14T20:51:53","slug":"due-giorni-di-coppa-europa-ad-alleghe-al-via-18-nazioni","status":"publish","type":"post","link":"https:\/\/www.bellunopress.it\/fr\/2009\/12\/14\/due-giorni-di-coppa-europa-ad-alleghe-al-via-18-nazioni\/","title":{"rendered":"Due giorni di Coppa Europa ad Alleghe: al via 18 nazioni"},"content":{"rendered":"<p><a href=\"http:\/\/www.bellunopress.it\/wp-content\/uploads\/2009\/09\/roberto-bortoluzzi-presidente-fisi-veneto.jpg\"><img loading=\"lazy\" decoding=\"async\" class=\"alignleft size-medium wp-image-8286\" title=\"roberto-bortoluzzi-presidente-fisi-veneto\" src=\"http:\/\/www.bellunopress.it\/wp-content\/uploads\/2009\/09\/roberto-bortoluzzi-presidente-fisi-veneto.jpg\" alt=\"\" width=\"130\" height=\"130\" \/><\/a>Mercoled\u00ec 16 e gioved\u00ec 17 dicembre Alleghe (Belluno) ospiter\u00e0, per la quarta volta, una due giorni di Coppa Europa femminile di sci alpino. La manifestazione, proposta dallo Sci club Alleghe in collaborazione con Alleghe Funivie e Ski Civetta, si svolger\u00e0 sulla pista Coldai e prevede la disputa del gigante il mercoled\u00ec e dello slalom il gioved\u00ec. Al momento le iscrizioni hanno raggiunto quota 129. Al via atlete provenienti da 18 nazioni, non solo europee: al cancelletto, infatti, si schiereranno anche concorrenti provenienti da Giappone, Canada e Stati Uniti. Agguerrita si presenta la squadra italiana che vedr\u00e0 al via ragazze che si sono gi\u00e0 confrontate anche in Coppa del Mondo: Chiara Costazza, Elena Curtoni, Irene Cartoni, Sara Pramstaller, Sabrina Fanchini, Anna Hoffer, Ilary Longhini e Giulia Candiago. Grande la soddisfazione ai piedi del Civetta per l\u2019assegnazione della manifestazione continentale, evento che per le atlete costituisce un vero e proprio trampolino di lancio per la Coppa del Mondo: \u00ab\u00c8 il frutto della professionalit\u00e0\u00a0 e della capacit\u00e0 organizzativa\u00a0 del personale di Alleghe Funivie e dei numerosi volontari, professionalit\u00e0 e capacit\u00e0 dimostrate in occasione delle precedenti manifestazioni\u00bb commenta il nuovo presidente dello Sci club Alleghe, Giovanni Paolo De Bernardin. \u00abLo sci veneto si conferma realt\u00e0 in grado di proporre eventi di altissimo livello \u2013 spiega il presidente della Fisi regionale, Roberto Bortoluzzi \u2013 Non possiamo che dire \u201cgrazie\u201d allo Sci club Alleghe, che nei prossimi giorni proporr\u00e0 la Coppa Europa, e agli altri sci club delle nostre vallate che, in questo intenso inverno 2009-2010, organizzeranno manifestazioni che vanno dalla Coppa del Mondo ai Campionati italiani. Non si tratta solo di eventi agonistici, ma di manifestazioni che contribuiscono a promuovere la nostra montagna\u00bb.<\/p>","protected":false},"excerpt":{"rendered":"<p>Mercoled\u00ec 16 e gioved\u00ec 17 dicembre Alleghe (Belluno) ospiter\u00e0, per la quarta volta, una due giorni di Coppa Europa femminile di sci alpino. La manifestazione, proposta dallo Sci club Alleghe in collaborazione con Alleghe Funivie e Ski Civetta, si svolger\u00e0 sulla pista Coldai e prevede la disputa del gigante il mercoled\u00ec e dello slalom il [&hellip;]<\/p>\n","protected":false},"author":2,"featured_media":0,"comment_status":"closed","ping_status":"open","sticky":false,"template":"","format":"standard","meta":{"footnotes":""},"categories":[25,4],"tags":[139],"class_list":["post-10661","post","type-post","status-publish","format-standard","category-pausa-caffe","category-sport","tag-belluno"],"yoast_head":"<!-- This site is optimized with the Yoast SEO plugin v28.4 - https:\/\/yoast.com\/product\/yoast-seo-wordpress\/ -->\n<title>Due giorni di Coppa Europa ad Alleghe: al via 18 nazioni - Bellunopress - Dolomiti<\/title>\n<meta name=\"robots\" content=\"index, follow, max-snippet:-1, max-image-preview:large, max-video-preview:-1\" \/>\n<link rel=\"canonical\" href=\"https:\/\/www.bellunopress.it\/fr\/2009\/12\/14\/due-giorni-di-coppa-europa-ad-alleghe-al-via-18-nazioni\/\" \/>\n<meta property=\"og:locale\" content=\"fr_FR\" \/>\n<meta property=\"og:type\" content=\"article\" \/>\n<meta property=\"og:title\" content=\"Due giorni di Coppa Europa ad Alleghe: al via 18 nazioni - Bellunopress - Dolomiti\" \/>\n<meta property=\"og:description\" content=\"Mercoled\u00ec 16 e gioved\u00ec 17 dicembre Alleghe (Belluno) ospiter\u00e0, per la quarta volta, una due giorni di Coppa Europa femminile di sci alpino. La manifestazione, proposta dallo Sci club Alleghe in collaborazione con Alleghe Funivie e Ski Civetta, si svolger\u00e0 sulla pista Coldai e prevede la disputa del gigante il mercoled\u00ec e dello slalom il [&hellip;]\" \/>\n<meta property=\"og:url\" content=\"https:\/\/www.bellunopress.it\/fr\/2009\/12\/14\/due-giorni-di-coppa-europa-ad-alleghe-al-via-18-nazioni\/\" \/>\n<meta property=\"og:site_name\" content=\"Bellunopress - Dolomiti\" \/>\n<meta property=\"article:publisher\" content=\"https:\/\/www.facebook.com\/profile.php?id=100008943462799\" \/>\n<meta property=\"article:published_time\" content=\"2009-12-14T20:51:53+00:00\" \/>\n<meta property=\"og:image\" content=\"http:\/\/www.bellunopress.it\/wp-content\/uploads\/2009\/09\/roberto-bortoluzzi-presidente-fisi-veneto.jpg\" \/>\n<meta name=\"author\" content=\"redazione\" \/>\n<meta name=\"twitter:card\" content=\"summary_large_image\" \/>\n<meta name=\"twitter:creator\" content=\"@bellunopress\" \/>\n<meta name=\"twitter:site\" content=\"@bellunopress\" \/>\n<meta name=\"twitter:label1\" content=\"\u00c9crit par\" \/>\n\t<meta name=\"twitter:data1\" content=\"redazione\" \/>\n\t<meta name=\"twitter:label2\" content=\"Dur\u00e9e de lecture estim\u00e9e\" \/>\n\t<meta name=\"twitter:data2\" content=\"1 minute\" \/>\n<script type=\"application\/ld+json\" class=\"yoast-schema-graph\">{\"@context\":\"https:\\\/\\\/schema.org\",\"@graph\":[{\"@type\":\"Article\",\"@id\":\"https:\\\/\\\/www.bellunopress.it\\\/2009\\\/12\\\/14\\\/due-giorni-di-coppa-europa-ad-alleghe-al-via-18-nazioni\\\/#article\",\"isPartOf\":{\"@id\":\"https:\\\/\\\/www.bellunopress.it\\\/2009\\\/12\\\/14\\\/due-giorni-di-coppa-europa-ad-alleghe-al-via-18-nazioni\\\/\"},\"author\":{\"name\":\"redazione\",\"@id\":\"https:\\\/\\\/www.bellunopress.it\\\/#\\\/schema\\\/person\\\/79bb06722b37ece1c03d3e94beb30d73\"},\"headline\":\"Due giorni di Coppa Europa ad Alleghe: al via 18 nazioni\",\"datePublished\":\"2009-12-14T20:51:53+00:00\",\"mainEntityOfPage\":{\"@id\":\"https:\\\/\\\/www.bellunopress.it\\\/2009\\\/12\\\/14\\\/due-giorni-di-coppa-europa-ad-alleghe-al-via-18-nazioni\\\/\"},\"wordCount\":282,\"publisher\":{\"@id\":\"https:\\\/\\\/www.bellunopress.it\\\/#organization\"},\"image\":{\"@id\":\"https:\\\/\\\/www.bellunopress.it\\\/2009\\\/12\\\/14\\\/due-giorni-di-coppa-europa-ad-alleghe-al-via-18-nazioni\\\/#primaryimage\"},\"thumbnailUrl\":\"http:\\\/\\\/www.bellunopress.it\\\/wp-content\\\/uploads\\\/2009\\\/09\\\/roberto-bortoluzzi-presidente-fisi-veneto.jpg\",\"keywords\":[\"Belluno\"],\"articleSection\":[\"Pausa Caff\u00e8\",\"Sport, tempo libero\"],\"inLanguage\":\"fr-FR\"},{\"@type\":\"WebPage\",\"@id\":\"https:\\\/\\\/www.bellunopress.it\\\/2009\\\/12\\\/14\\\/due-giorni-di-coppa-europa-ad-alleghe-al-via-18-nazioni\\\/\",\"url\":\"https:\\\/\\\/www.bellunopress.it\\\/2009\\\/12\\\/14\\\/due-giorni-di-coppa-europa-ad-alleghe-al-via-18-nazioni\\\/\",\"name\":\"Due giorni di Coppa Europa ad Alleghe: al via 18 nazioni - Bellunopress - Dolomiti\",\"isPartOf\":{\"@id\":\"https:\\\/\\\/www.bellunopress.it\\\/#website\"},\"primaryImageOfPage\":{\"@id\":\"https:\\\/\\\/www.bellunopress.it\\\/2009\\\/12\\\/14\\\/due-giorni-di-coppa-europa-ad-alleghe-al-via-18-nazioni\\\/#primaryimage\"},\"image\":{\"@id\":\"https:\\\/\\\/www.bellunopress.it\\\/2009\\\/12\\\/14\\\/due-giorni-di-coppa-europa-ad-alleghe-al-via-18-nazioni\\\/#primaryimage\"},\"thumbnailUrl\":\"http:\\\/\\\/www.bellunopress.it\\\/wp-content\\\/uploads\\\/2009\\\/09\\\/roberto-bortoluzzi-presidente-fisi-veneto.jpg\",\"datePublished\":\"2009-12-14T20:51:53+00:00\",\"breadcrumb\":{\"@id\":\"https:\\\/\\\/www.bellunopress.it\\\/2009\\\/12\\\/14\\\/due-giorni-di-coppa-europa-ad-alleghe-al-via-18-nazioni\\\/#breadcrumb\"},\"inLanguage\":\"fr-FR\",\"potentialAction\":[{\"@type\":\"ReadAction\",\"target\":[\"https:\\\/\\\/www.bellunopress.it\\\/2009\\\/12\\\/14\\\/due-giorni-di-coppa-europa-ad-alleghe-al-via-18-nazioni\\\/\"]}]},{\"@type\":\"ImageObject\",\"inLanguage\":\"fr-FR\",\"@id\":\"https:\\\/\\\/www.bellunopress.it\\\/2009\\\/12\\\/14\\\/due-giorni-di-coppa-europa-ad-alleghe-al-via-18-nazioni\\\/#primaryimage\",\"url\":\"http:\\\/\\\/www.bellunopress.it\\\/wp-content\\\/uploads\\\/2009\\\/09\\\/roberto-bortoluzzi-presidente-fisi-veneto.jpg\",\"contentUrl\":\"http:\\\/\\\/www.bellunopress.it\\\/wp-content\\\/uploads\\\/2009\\\/09\\\/roberto-bortoluzzi-presidente-fisi-veneto.jpg\"},{\"@type\":\"BreadcrumbList\",\"@id\":\"https:\\\/\\\/www.bellunopress.it\\\/2009\\\/12\\\/14\\\/due-giorni-di-coppa-europa-ad-alleghe-al-via-18-nazioni\\\/#breadcrumb\",\"itemListElement\":[{\"@type\":\"ListItem\",\"position\":1,\"name\":\"Home\",\"item\":\"https:\\\/\\\/www.bellunopress.it\\\/\"},{\"@type\":\"ListItem\",\"position\":2,\"name\":\"Due giorni di Coppa Europa ad Alleghe: al via 18 nazioni\"}]},{\"@type\":\"WebSite\",\"@id\":\"https:\\\/\\\/www.bellunopress.it\\\/#website\",\"url\":\"https:\\\/\\\/www.bellunopress.it\\\/\",\"name\":\"Bellunopress - Dolomiti\",\"description\":\"e-mail: redazione@bellunopress.it\",\"publisher\":{\"@id\":\"https:\\\/\\\/www.bellunopress.it\\\/#organization\"},\"potentialAction\":[{\"@type\":\"SearchAction\",\"target\":{\"@type\":\"EntryPoint\",\"urlTemplate\":\"https:\\\/\\\/www.bellunopress.it\\\/?s={search_term_string}\"},\"query-input\":{\"@type\":\"PropertyValueSpecification\",\"valueRequired\":true,\"valueName\":\"search_term_string\"}}],\"inLanguage\":\"fr-FR\"},{\"@type\":\"Organization\",\"@id\":\"https:\\\/\\\/www.bellunopress.it\\\/#organization\",\"name\":\"Bellunopress\",\"url\":\"https:\\\/\\\/www.bellunopress.it\\\/\",\"logo\":{\"@type\":\"ImageObject\",\"inLanguage\":\"fr-FR\",\"@id\":\"https:\\\/\\\/www.bellunopress.it\\\/#\\\/schema\\\/logo\\\/image\\\/\",\"url\":\"https:\\\/\\\/www.bellunopress.it\\\/wp-content\\\/uploads\\\/2011\\\/05\\\/cropped-logo-bellunopress-.jpg\",\"contentUrl\":\"https:\\\/\\\/www.bellunopress.it\\\/wp-content\\\/uploads\\\/2011\\\/05\\\/cropped-logo-bellunopress-.jpg\",\"width\":512,\"height\":512,\"caption\":\"Bellunopress\"},\"image\":{\"@id\":\"https:\\\/\\\/www.bellunopress.it\\\/#\\\/schema\\\/logo\\\/image\\\/\"},\"sameAs\":[\"https:\\\/\\\/www.facebook.com\\\/profile.php?id=100008943462799\",\"https:\\\/\\\/x.com\\\/bellunopress\",\"https:\\\/\\\/www.linkedin.com\\\/hp\\\/?dnr=JBzUWaJfMUw8vbXJJ2tVW5-I3jZKvC4wsoxE&amp;amp;amp;amp;amp;amp;trk=nav_responsive_tab_home\",\"https:\\\/\\\/www.youtube.com\\\/channel\\\/UCxL0wu1uN0_3_7hGG0306cw\"]},{\"@type\":\"Person\",\"@id\":\"https:\\\/\\\/www.bellunopress.it\\\/#\\\/schema\\\/person\\\/79bb06722b37ece1c03d3e94beb30d73\",\"name\":\"redazione\",\"image\":{\"@type\":\"ImageObject\",\"inLanguage\":\"fr-FR\",\"@id\":\"https:\\\/\\\/secure.gravatar.com\\\/avatar\\\/37d968a2e67a6fd04c169c4bdef102d0bc5d31b2546345219e348575eb80e9a0?s=96&d=mm&r=g\",\"url\":\"https:\\\/\\\/secure.gravatar.com\\\/avatar\\\/37d968a2e67a6fd04c169c4bdef102d0bc5d31b2546345219e348575eb80e9a0?s=96&d=mm&r=g\",\"contentUrl\":\"https:\\\/\\\/secure.gravatar.com\\\/avatar\\\/37d968a2e67a6fd04c169c4bdef102d0bc5d31b2546345219e348575eb80e9a0?s=96&d=mm&r=g\",\"caption\":\"redazione\"},\"sameAs\":[\"http:\\\/\\\/www.bellunopress.it\",\"https:\\\/\\\/x.com\\\/bellunopress\"],\"url\":\"https:\\\/\\\/www.bellunopress.it\\\/fr\\\/author\\\/redazione\\\/\"}]}<\/script>\n<!-- \/ Yoast SEO plugin. -->","yoast_head_json":{"title":"Due giorni di Coppa Europa ad Alleghe: al via 18 nazioni - Bellunopress - Dolomiti","robots":{"index":"index","follow":"follow","max-snippet":"max-snippet:-1","max-image-preview":"max-image-preview:large","max-video-preview":"max-video-preview:-1"},"canonical":"https:\/\/www.bellunopress.it\/fr\/2009\/12\/14\/due-giorni-di-coppa-europa-ad-alleghe-al-via-18-nazioni\/","og_locale":"fr_FR","og_type":"article","og_title":"Due giorni di Coppa Europa ad Alleghe: al via 18 nazioni - Bellunopress - Dolomiti","og_description":"Mercoled\u00ec 16 e gioved\u00ec 17 dicembre Alleghe (Belluno) ospiter\u00e0, per la quarta volta, una due giorni di Coppa Europa femminile di sci alpino. La manifestazione, proposta dallo Sci club Alleghe in collaborazione con Alleghe Funivie e Ski Civetta, si svolger\u00e0 sulla pista Coldai e prevede la disputa del gigante il mercoled\u00ec e dello slalom il [&hellip;]","og_url":"https:\/\/www.bellunopress.it\/fr\/2009\/12\/14\/due-giorni-di-coppa-europa-ad-alleghe-al-via-18-nazioni\/","og_site_name":"Bellunopress - Dolomiti","article_publisher":"https:\/\/www.facebook.com\/profile.php?id=100008943462799","article_published_time":"2009-12-14T20:51:53+00:00","og_image":[{"url":"http:\/\/www.bellunopress.it\/wp-content\/uploads\/2009\/09\/roberto-bortoluzzi-presidente-fisi-veneto.jpg","type":"","width":"","height":""}],"author":"redazione","twitter_card":"summary_large_image","twitter_creator":"@bellunopress","twitter_site":"@bellunopress","twitter_misc":{"\u00c9crit par":"redazione","Dur\u00e9e de lecture estim\u00e9e":"1 minute"},"schema":{"@context":"https:\/\/schema.org","@graph":[{"@type":"Article","@id":"https:\/\/www.bellunopress.it\/2009\/12\/14\/due-giorni-di-coppa-europa-ad-alleghe-al-via-18-nazioni\/#article","isPartOf":{"@id":"https:\/\/www.bellunopress.it\/2009\/12\/14\/due-giorni-di-coppa-europa-ad-alleghe-al-via-18-nazioni\/"},"author":{"name":"redazione","@id":"https:\/\/www.bellunopress.it\/#\/schema\/person\/79bb06722b37ece1c03d3e94beb30d73"},"headline":"Due giorni di Coppa Europa ad Alleghe: al via 18 nazioni","datePublished":"2009-12-14T20:51:53+00:00","mainEntityOfPage":{"@id":"https:\/\/www.bellunopress.it\/2009\/12\/14\/due-giorni-di-coppa-europa-ad-alleghe-al-via-18-nazioni\/"},"wordCount":282,"publisher":{"@id":"https:\/\/www.bellunopress.it\/#organization"},"image":{"@id":"https:\/\/www.bellunopress.it\/2009\/12\/14\/due-giorni-di-coppa-europa-ad-alleghe-al-via-18-nazioni\/#primaryimage"},"thumbnailUrl":"http:\/\/www.bellunopress.it\/wp-content\/uploads\/2009\/09\/roberto-bortoluzzi-presidente-fisi-veneto.jpg","keywords":["Belluno"],"articleSection":["Pausa Caff\u00e8","Sport, tempo libero"],"inLanguage":"fr-FR"},{"@type":"WebPage","@id":"https:\/\/www.bellunopress.it\/2009\/12\/14\/due-giorni-di-coppa-europa-ad-alleghe-al-via-18-nazioni\/","url":"https:\/\/www.bellunopress.it\/2009\/12\/14\/due-giorni-di-coppa-europa-ad-alleghe-al-via-18-nazioni\/","name":"Due giorni di Coppa Europa ad Alleghe: al via 18 nazioni - Bellunopress - Dolomiti","isPartOf":{"@id":"https:\/\/www.bellunopress.it\/#website"},"primaryImageOfPage":{"@id":"https:\/\/www.bellunopress.it\/2009\/12\/14\/due-giorni-di-coppa-europa-ad-alleghe-al-via-18-nazioni\/#primaryimage"},"image":{"@id":"https:\/\/www.bellunopress.it\/2009\/12\/14\/due-giorni-di-coppa-europa-ad-alleghe-al-via-18-nazioni\/#primaryimage"},"thumbnailUrl":"http:\/\/www.bellunopress.it\/wp-content\/uploads\/2009\/09\/roberto-bortoluzzi-presidente-fisi-veneto.jpg","datePublished":"2009-12-14T20:51:53+00:00","breadcrumb":{"@id":"https:\/\/www.bellunopress.it\/2009\/12\/14\/due-giorni-di-coppa-europa-ad-alleghe-al-via-18-nazioni\/#breadcrumb"},"inLanguage":"fr-FR","potentialAction":[{"@type":"ReadAction","target":["https:\/\/www.bellunopress.it\/2009\/12\/14\/due-giorni-di-coppa-europa-ad-alleghe-al-via-18-nazioni\/"]}]},{"@type":"ImageObject","inLanguage":"fr-FR","@id":"https:\/\/www.bellunopress.it\/2009\/12\/14\/due-giorni-di-coppa-europa-ad-alleghe-al-via-18-nazioni\/#primaryimage","url":"http:\/\/www.bellunopress.it\/wp-content\/uploads\/2009\/09\/roberto-bortoluzzi-presidente-fisi-veneto.jpg","contentUrl":"http:\/\/www.bellunopress.it\/wp-content\/uploads\/2009\/09\/roberto-bortoluzzi-presidente-fisi-veneto.jpg"},{"@type":"BreadcrumbList","@id":"https:\/\/www.bellunopress.it\/2009\/12\/14\/due-giorni-di-coppa-europa-ad-alleghe-al-via-18-nazioni\/#breadcrumb","itemListElement":[{"@type":"ListItem","position":1,"name":"Home","item":"https:\/\/www.bellunopress.it\/"},{"@type":"ListItem","position":2,"name":"Due giorni di Coppa Europa ad Alleghe: al via 18 nazioni"}]},{"@type":"WebSite","@id":"https:\/\/www.bellunopress.it\/#website","url":"https:\/\/www.bellunopress.it\/","name":"Bellunopress - Dolomiti","description":"e-mail: redazione@bellunopress.it","publisher":{"@id":"https:\/\/www.bellunopress.it\/#organization"},"potentialAction":[{"@type":"SearchAction","target":{"@type":"EntryPoint","urlTemplate":"https:\/\/www.bellunopress.it\/?s={search_term_string}"},"query-input":{"@type":"PropertyValueSpecification","valueRequired":true,"valueName":"search_term_string"}}],"inLanguage":"fr-FR"},{"@type":"Organization","@id":"https:\/\/www.bellunopress.it\/#organization","name":"Bellunopress","url":"https:\/\/www.bellunopress.it\/","logo":{"@type":"ImageObject","inLanguage":"fr-FR","@id":"https:\/\/www.bellunopress.it\/#\/schema\/logo\/image\/","url":"https:\/\/www.bellunopress.it\/wp-content\/uploads\/2011\/05\/cropped-logo-bellunopress-.jpg","contentUrl":"https:\/\/www.bellunopress.it\/wp-content\/uploads\/2011\/05\/cropped-logo-bellunopress-.jpg","width":512,"height":512,"caption":"Bellunopress"},"image":{"@id":"https:\/\/www.bellunopress.it\/#\/schema\/logo\/image\/"},"sameAs":["https:\/\/www.facebook.com\/profile.php?id=100008943462799","https:\/\/x.com\/bellunopress","https:\/\/www.linkedin.com\/hp\/?dnr=JBzUWaJfMUw8vbXJJ2tVW5-I3jZKvC4wsoxE&amp;amp;amp;amp;amp;amp;trk=nav_responsive_tab_home","https:\/\/www.youtube.com\/channel\/UCxL0wu1uN0_3_7hGG0306cw"]},{"@type":"Person","@id":"https:\/\/www.bellunopress.it\/#\/schema\/person\/79bb06722b37ece1c03d3e94beb30d73","name":"r\u00e9daction","image":{"@type":"ImageObject","inLanguage":"fr-FR","@id":"https:\/\/secure.gravatar.com\/avatar\/37d968a2e67a6fd04c169c4bdef102d0bc5d31b2546345219e348575eb80e9a0?s=96&d=mm&r=g","url":"https:\/\/secure.gravatar.com\/avatar\/37d968a2e67a6fd04c169c4bdef102d0bc5d31b2546345219e348575eb80e9a0?s=96&d=mm&r=g","contentUrl":"https:\/\/secure.gravatar.com\/avatar\/37d968a2e67a6fd04c169c4bdef102d0bc5d31b2546345219e348575eb80e9a0?s=96&d=mm&r=g","caption":"redazione"},"sameAs":["http:\/\/www.bellunopress.it","https:\/\/x.com\/bellunopress"],"url":"https:\/\/www.bellunopress.it\/fr\/author\/redazione\/"}]}},"_links":{"self":[{"href":"https:\/\/www.bellunopress.it\/fr\/wp-json\/wp\/v2\/posts\/10661","targetHints":{"allow":["GET"]}}],"collection":[{"href":"https:\/\/www.bellunopress.it\/fr\/wp-json\/wp\/v2\/posts"}],"about":[{"href":"https:\/\/www.bellunopress.it\/fr\/wp-json\/wp\/v2\/types\/post"}],"author":[{"embeddable":true,"href":"https:\/\/www.bellunopress.it\/fr\/wp-json\/wp\/v2\/users\/2"}],"replies":[{"embeddable":true,"href":"https:\/\/www.bellunopress.it\/fr\/wp-json\/wp\/v2\/comments?post=10661"}],"version-history":[{"count":1,"href":"https:\/\/www.bellunopress.it\/fr\/wp-json\/wp\/v2\/posts\/10661\/revisions"}],"predecessor-version":[{"id":10662,"href":"https:\/\/www.bellunopress.it\/fr\/wp-json\/wp\/v2\/posts\/10661\/revisions\/10662"}],"wp:attachment":[{"href":"https:\/\/www.bellunopress.it\/fr\/wp-json\/wp\/v2\/media?parent=10661"}],"wp:term":[{"taxonomy":"category","embeddable":true,"href":"https:\/\/www.bellunopress.it\/fr\/wp-json\/wp\/v2\/categories?post=10661"},{"taxonomy":"post_tag","embeddable":true,"href":"https:\/\/www.bellunopress.it\/fr\/wp-json\/wp\/v2\/tags?post=10661"}],"curies":[{"name":"wp","href":"https:\/\/api.w.org\/{rel}","templated":true}]}}