{"id":10658,"date":"2009-12-15T01:31:35","date_gmt":"2009-12-15T00:31:35","guid":{"rendered":"http:\/\/www.bellunopress.it\/?p=10658"},"modified":"2009-12-15T07:58:19","modified_gmt":"2009-12-15T06:58:19","slug":"in-arrivo-un-protocollo-di-collaborazione-tra-belluno-e-cervia","status":"publish","type":"post","link":"https:\/\/www.bellunopress.it\/fr\/2009\/12\/15\/in-arrivo-un-protocollo-di-collaborazione-tra-belluno-e-cervia\/","title":{"rendered":"In arrivo un protocollo di collaborazione tra Belluno e Cervia"},"content":{"rendered":"<p><a href=\"http:\/\/www.bellunopress.it\/wp-content\/uploads\/2009\/12\/nevio-salimbeni-matteo-toscani-mariano-dellachiesa.jpg\"><img loading=\"lazy\" decoding=\"async\" class=\"alignleft size-medium wp-image-10659\" title=\"nevio-salimbeni-matteo-toscani-mariano-dellachiesa\" src=\"http:\/\/www.bellunopress.it\/wp-content\/uploads\/2009\/12\/nevio-salimbeni-matteo-toscani-mariano-dellachiesa.jpg\" alt=\"\" width=\"270\" height=\"203\" \/><\/a>Nuovo incontro durante lo scorso il week-end tra l&#8217;amministrazione provinciale di Belluno e l&#8217;amministrazione comunale di Cervia (Ravenna), a cui hanno partecipato anche CerviaTurismo, l&#8217;associazione Prime Alpi, l&#8217;Ascom di Belluno e le rappresentanze locali di categoria. Con l&#8217;obiettivo\u00a0di risaldare e ufficializzare i rapporti di collaborazione e promozione tra le due realt\u00e0. \u00abLa volont\u00e0 \u00e8 quella di arrivare ad un protocollo di collaborazione affinch\u00e9 il rapporto diventi continuativo, con lo scopo di promuovere i territori, realizzando progetti che saranno portati avanti dalle associazioni di categoria e dalle realt\u00e0 di promo-commercializzazione &#8211; ha spiegato l&#8217;assessore bellunese di comparto, Matteo Toscani, presente all&#8217;incontro &#8211; . Noi, come Cervia, abbiamo fra i cardini della promozione il paesaggio, i prodotti locali di alta qualit\u00e0 e la valorizzazione delle tradizioni: per questo \u00e8 nata l&#8217;\u0092ipotesi di riscoprire il legame tra Cervia e Belluno. Anche attraverso la storia delle saline di Cervia che rifornivano di sale i magazzini di Venezia e le montagne bellunesi, dove era impiegato per la conservazione dei prodotti tipici\u00bb. In questi giorni Belluno \u00e8 presente al mercatino di Cervia Gustosa, in piazza Garibaldi, con i prodotti artigianali e tipici della cucina bellunese, come la polenta e il pastin, che stanno riscuotendo un grande interesse.\u00a0La partecipazione a Cervia Citt\u00e0 Giardino, inoltre, \u00e8 gi\u00e0 confermata anche per il 2010 e anche la Ciaspalonda (corsa con le racchette da neve) sulla spiaggia romagnola.<br \/>\nNella foto da sinistra: Nevio Salimbeni, ass. com. Turismo di Cervia; Matteo Toscani, ass. prov. Turismo di Belluno; Mariano Dellachiesa, ass. com. Attivit\u00e0 Produttive di Cervia<\/p>","protected":false},"excerpt":{"rendered":"<p>Nuovo incontro durante lo scorso il week-end tra l&#8217;amministrazione provinciale di Belluno e l&#8217;amministrazione comunale di Cervia (Ravenna), a cui hanno partecipato anche CerviaTurismo, l&#8217;associazione Prime Alpi, l&#8217;Ascom di Belluno e le rappresentanze locali di categoria. Con l&#8217;obiettivo\u00a0di risaldare e ufficializzare i rapporti di collaborazione e promozione tra le due realt\u00e0. \u00abLa volont\u00e0 \u00e8 quella [&hellip;]<\/p>\n","protected":false},"author":2,"featured_media":0,"comment_status":"closed","ping_status":"open","sticky":false,"template":"","format":"standard","meta":{"footnotes":""},"categories":[5],"tags":[139],"class_list":["post-10658","post","type-post","status-publish","format-standard","category-cronaca","tag-belluno"],"yoast_head":"<!-- This site is optimized with the Yoast SEO plugin v28.4 - https:\/\/yoast.com\/product\/yoast-seo-wordpress\/ -->\n<title>In arrivo un protocollo di collaborazione tra Belluno e Cervia - Bellunopress - Dolomiti<\/title>\n<meta name=\"robots\" content=\"index, follow, max-snippet:-1, max-image-preview:large, max-video-preview:-1\" \/>\n<link rel=\"canonical\" href=\"https:\/\/www.bellunopress.it\/fr\/2009\/12\/15\/in-arrivo-un-protocollo-di-collaborazione-tra-belluno-e-cervia\/\" \/>\n<meta property=\"og:locale\" content=\"fr_FR\" \/>\n<meta property=\"og:type\" content=\"article\" \/>\n<meta property=\"og:title\" content=\"In arrivo un protocollo di collaborazione tra Belluno e Cervia - Bellunopress - Dolomiti\" \/>\n<meta property=\"og:description\" content=\"Nuovo incontro durante lo scorso il week-end tra l&#8217;amministrazione provinciale di Belluno e l&#8217;amministrazione comunale di Cervia (Ravenna), a cui hanno partecipato anche CerviaTurismo, l&#8217;associazione Prime Alpi, l&#8217;Ascom di Belluno e le rappresentanze locali di categoria. Con l&#8217;obiettivo\u00a0di risaldare e ufficializzare i rapporti di collaborazione e promozione tra le due realt\u00e0. \u00abLa volont\u00e0 \u00e8 quella [&hellip;]\" \/>\n<meta property=\"og:url\" content=\"https:\/\/www.bellunopress.it\/fr\/2009\/12\/15\/in-arrivo-un-protocollo-di-collaborazione-tra-belluno-e-cervia\/\" \/>\n<meta property=\"og:site_name\" content=\"Bellunopress - Dolomiti\" \/>\n<meta property=\"article:publisher\" content=\"https:\/\/www.facebook.com\/profile.php?id=100008943462799\" \/>\n<meta property=\"article:published_time\" content=\"2009-12-15T00:31:35+00:00\" \/>\n<meta property=\"article:modified_time\" content=\"2009-12-15T06:58:19+00:00\" \/>\n<meta property=\"og:image\" content=\"http:\/\/www.bellunopress.it\/wp-content\/uploads\/2009\/12\/nevio-salimbeni-matteo-toscani-mariano-dellachiesa.jpg\" \/>\n<meta name=\"author\" content=\"redazione\" \/>\n<meta name=\"twitter:card\" content=\"summary_large_image\" \/>\n<meta name=\"twitter:creator\" content=\"@bellunopress\" \/>\n<meta name=\"twitter:site\" content=\"@bellunopress\" \/>\n<meta name=\"twitter:label1\" content=\"\u00c9crit par\" \/>\n\t<meta name=\"twitter:data1\" content=\"redazione\" \/>\n\t<meta name=\"twitter:label2\" content=\"Dur\u00e9e de lecture estim\u00e9e\" \/>\n\t<meta name=\"twitter:data2\" content=\"1 minute\" \/>\n<script type=\"application\/ld+json\" class=\"yoast-schema-graph\">{\"@context\":\"https:\\\/\\\/schema.org\",\"@graph\":[{\"@type\":\"Article\",\"@id\":\"https:\\\/\\\/www.bellunopress.it\\\/2009\\\/12\\\/15\\\/in-arrivo-un-protocollo-di-collaborazione-tra-belluno-e-cervia\\\/#article\",\"isPartOf\":{\"@id\":\"https:\\\/\\\/www.bellunopress.it\\\/2009\\\/12\\\/15\\\/in-arrivo-un-protocollo-di-collaborazione-tra-belluno-e-cervia\\\/\"},\"author\":{\"name\":\"redazione\",\"@id\":\"https:\\\/\\\/www.bellunopress.it\\\/#\\\/schema\\\/person\\\/79bb06722b37ece1c03d3e94beb30d73\"},\"headline\":\"In arrivo un protocollo di collaborazione tra Belluno e Cervia\",\"datePublished\":\"2009-12-15T00:31:35+00:00\",\"dateModified\":\"2009-12-15T06:58:19+00:00\",\"mainEntityOfPage\":{\"@id\":\"https:\\\/\\\/www.bellunopress.it\\\/2009\\\/12\\\/15\\\/in-arrivo-un-protocollo-di-collaborazione-tra-belluno-e-cervia\\\/\"},\"wordCount\":267,\"publisher\":{\"@id\":\"https:\\\/\\\/www.bellunopress.it\\\/#organization\"},\"image\":{\"@id\":\"https:\\\/\\\/www.bellunopress.it\\\/2009\\\/12\\\/15\\\/in-arrivo-un-protocollo-di-collaborazione-tra-belluno-e-cervia\\\/#primaryimage\"},\"thumbnailUrl\":\"http:\\\/\\\/www.bellunopress.it\\\/wp-content\\\/uploads\\\/2009\\\/12\\\/nevio-salimbeni-matteo-toscani-mariano-dellachiesa.jpg\",\"keywords\":[\"Belluno\"],\"articleSection\":[\"Cronaca\\\/Politica\"],\"inLanguage\":\"fr-FR\"},{\"@type\":\"WebPage\",\"@id\":\"https:\\\/\\\/www.bellunopress.it\\\/2009\\\/12\\\/15\\\/in-arrivo-un-protocollo-di-collaborazione-tra-belluno-e-cervia\\\/\",\"url\":\"https:\\\/\\\/www.bellunopress.it\\\/2009\\\/12\\\/15\\\/in-arrivo-un-protocollo-di-collaborazione-tra-belluno-e-cervia\\\/\",\"name\":\"In arrivo un protocollo di collaborazione tra Belluno e Cervia - Bellunopress - Dolomiti\",\"isPartOf\":{\"@id\":\"https:\\\/\\\/www.bellunopress.it\\\/#website\"},\"primaryImageOfPage\":{\"@id\":\"https:\\\/\\\/www.bellunopress.it\\\/2009\\\/12\\\/15\\\/in-arrivo-un-protocollo-di-collaborazione-tra-belluno-e-cervia\\\/#primaryimage\"},\"image\":{\"@id\":\"https:\\\/\\\/www.bellunopress.it\\\/2009\\\/12\\\/15\\\/in-arrivo-un-protocollo-di-collaborazione-tra-belluno-e-cervia\\\/#primaryimage\"},\"thumbnailUrl\":\"http:\\\/\\\/www.bellunopress.it\\\/wp-content\\\/uploads\\\/2009\\\/12\\\/nevio-salimbeni-matteo-toscani-mariano-dellachiesa.jpg\",\"datePublished\":\"2009-12-15T00:31:35+00:00\",\"dateModified\":\"2009-12-15T06:58:19+00:00\",\"breadcrumb\":{\"@id\":\"https:\\\/\\\/www.bellunopress.it\\\/2009\\\/12\\\/15\\\/in-arrivo-un-protocollo-di-collaborazione-tra-belluno-e-cervia\\\/#breadcrumb\"},\"inLanguage\":\"fr-FR\",\"potentialAction\":[{\"@type\":\"ReadAction\",\"target\":[\"https:\\\/\\\/www.bellunopress.it\\\/2009\\\/12\\\/15\\\/in-arrivo-un-protocollo-di-collaborazione-tra-belluno-e-cervia\\\/\"]}]},{\"@type\":\"ImageObject\",\"inLanguage\":\"fr-FR\",\"@id\":\"https:\\\/\\\/www.bellunopress.it\\\/2009\\\/12\\\/15\\\/in-arrivo-un-protocollo-di-collaborazione-tra-belluno-e-cervia\\\/#primaryimage\",\"url\":\"http:\\\/\\\/www.bellunopress.it\\\/wp-content\\\/uploads\\\/2009\\\/12\\\/nevio-salimbeni-matteo-toscani-mariano-dellachiesa.jpg\",\"contentUrl\":\"http:\\\/\\\/www.bellunopress.it\\\/wp-content\\\/uploads\\\/2009\\\/12\\\/nevio-salimbeni-matteo-toscani-mariano-dellachiesa.jpg\"},{\"@type\":\"BreadcrumbList\",\"@id\":\"https:\\\/\\\/www.bellunopress.it\\\/2009\\\/12\\\/15\\\/in-arrivo-un-protocollo-di-collaborazione-tra-belluno-e-cervia\\\/#breadcrumb\",\"itemListElement\":[{\"@type\":\"ListItem\",\"position\":1,\"name\":\"Home\",\"item\":\"https:\\\/\\\/www.bellunopress.it\\\/\"},{\"@type\":\"ListItem\",\"position\":2,\"name\":\"In arrivo un protocollo di collaborazione tra Belluno e Cervia\"}]},{\"@type\":\"WebSite\",\"@id\":\"https:\\\/\\\/www.bellunopress.it\\\/#website\",\"url\":\"https:\\\/\\\/www.bellunopress.it\\\/\",\"name\":\"Bellunopress - Dolomiti\",\"description\":\"e-mail: redazione@bellunopress.it\",\"publisher\":{\"@id\":\"https:\\\/\\\/www.bellunopress.it\\\/#organization\"},\"potentialAction\":[{\"@type\":\"SearchAction\",\"target\":{\"@type\":\"EntryPoint\",\"urlTemplate\":\"https:\\\/\\\/www.bellunopress.it\\\/?s={search_term_string}\"},\"query-input\":{\"@type\":\"PropertyValueSpecification\",\"valueRequired\":true,\"valueName\":\"search_term_string\"}}],\"inLanguage\":\"fr-FR\"},{\"@type\":\"Organization\",\"@id\":\"https:\\\/\\\/www.bellunopress.it\\\/#organization\",\"name\":\"Bellunopress\",\"url\":\"https:\\\/\\\/www.bellunopress.it\\\/\",\"logo\":{\"@type\":\"ImageObject\",\"inLanguage\":\"fr-FR\",\"@id\":\"https:\\\/\\\/www.bellunopress.it\\\/#\\\/schema\\\/logo\\\/image\\\/\",\"url\":\"https:\\\/\\\/www.bellunopress.it\\\/wp-content\\\/uploads\\\/2011\\\/05\\\/cropped-logo-bellunopress-.jpg\",\"contentUrl\":\"https:\\\/\\\/www.bellunopress.it\\\/wp-content\\\/uploads\\\/2011\\\/05\\\/cropped-logo-bellunopress-.jpg\",\"width\":512,\"height\":512,\"caption\":\"Bellunopress\"},\"image\":{\"@id\":\"https:\\\/\\\/www.bellunopress.it\\\/#\\\/schema\\\/logo\\\/image\\\/\"},\"sameAs\":[\"https:\\\/\\\/www.facebook.com\\\/profile.php?id=100008943462799\",\"https:\\\/\\\/x.com\\\/bellunopress\",\"https:\\\/\\\/www.linkedin.com\\\/hp\\\/?dnr=JBzUWaJfMUw8vbXJJ2tVW5-I3jZKvC4wsoxE&amp;amp;amp;amp;amp;amp;trk=nav_responsive_tab_home\",\"https:\\\/\\\/www.youtube.com\\\/channel\\\/UCxL0wu1uN0_3_7hGG0306cw\"]},{\"@type\":\"Person\",\"@id\":\"https:\\\/\\\/www.bellunopress.it\\\/#\\\/schema\\\/person\\\/79bb06722b37ece1c03d3e94beb30d73\",\"name\":\"redazione\",\"image\":{\"@type\":\"ImageObject\",\"inLanguage\":\"fr-FR\",\"@id\":\"https:\\\/\\\/secure.gravatar.com\\\/avatar\\\/37d968a2e67a6fd04c169c4bdef102d0bc5d31b2546345219e348575eb80e9a0?s=96&d=mm&r=g\",\"url\":\"https:\\\/\\\/secure.gravatar.com\\\/avatar\\\/37d968a2e67a6fd04c169c4bdef102d0bc5d31b2546345219e348575eb80e9a0?s=96&d=mm&r=g\",\"contentUrl\":\"https:\\\/\\\/secure.gravatar.com\\\/avatar\\\/37d968a2e67a6fd04c169c4bdef102d0bc5d31b2546345219e348575eb80e9a0?s=96&d=mm&r=g\",\"caption\":\"redazione\"},\"sameAs\":[\"http:\\\/\\\/www.bellunopress.it\",\"https:\\\/\\\/x.com\\\/bellunopress\"],\"url\":\"https:\\\/\\\/www.bellunopress.it\\\/fr\\\/author\\\/redazione\\\/\"}]}<\/script>\n<!-- \/ Yoast SEO plugin. -->","yoast_head_json":{"title":"In arrivo un protocollo di collaborazione tra Belluno e Cervia - Bellunopress - Dolomiti","robots":{"index":"index","follow":"follow","max-snippet":"max-snippet:-1","max-image-preview":"max-image-preview:large","max-video-preview":"max-video-preview:-1"},"canonical":"https:\/\/www.bellunopress.it\/fr\/2009\/12\/15\/in-arrivo-un-protocollo-di-collaborazione-tra-belluno-e-cervia\/","og_locale":"fr_FR","og_type":"article","og_title":"In arrivo un protocollo di collaborazione tra Belluno e Cervia - Bellunopress - Dolomiti","og_description":"Nuovo incontro durante lo scorso il week-end tra l&#8217;amministrazione provinciale di Belluno e l&#8217;amministrazione comunale di Cervia (Ravenna), a cui hanno partecipato anche CerviaTurismo, l&#8217;associazione Prime Alpi, l&#8217;Ascom di Belluno e le rappresentanze locali di categoria. Con l&#8217;obiettivo\u00a0di risaldare e ufficializzare i rapporti di collaborazione e promozione tra le due realt\u00e0. \u00abLa volont\u00e0 \u00e8 quella [&hellip;]","og_url":"https:\/\/www.bellunopress.it\/fr\/2009\/12\/15\/in-arrivo-un-protocollo-di-collaborazione-tra-belluno-e-cervia\/","og_site_name":"Bellunopress - Dolomiti","article_publisher":"https:\/\/www.facebook.com\/profile.php?id=100008943462799","article_published_time":"2009-12-15T00:31:35+00:00","article_modified_time":"2009-12-15T06:58:19+00:00","og_image":[{"url":"http:\/\/www.bellunopress.it\/wp-content\/uploads\/2009\/12\/nevio-salimbeni-matteo-toscani-mariano-dellachiesa.jpg","type":"","width":"","height":""}],"author":"redazione","twitter_card":"summary_large_image","twitter_creator":"@bellunopress","twitter_site":"@bellunopress","twitter_misc":{"\u00c9crit par":"redazione","Dur\u00e9e de lecture estim\u00e9e":"1 minute"},"schema":{"@context":"https:\/\/schema.org","@graph":[{"@type":"Article","@id":"https:\/\/www.bellunopress.it\/2009\/12\/15\/in-arrivo-un-protocollo-di-collaborazione-tra-belluno-e-cervia\/#article","isPartOf":{"@id":"https:\/\/www.bellunopress.it\/2009\/12\/15\/in-arrivo-un-protocollo-di-collaborazione-tra-belluno-e-cervia\/"},"author":{"name":"redazione","@id":"https:\/\/www.bellunopress.it\/#\/schema\/person\/79bb06722b37ece1c03d3e94beb30d73"},"headline":"In arrivo un protocollo di collaborazione tra Belluno e Cervia","datePublished":"2009-12-15T00:31:35+00:00","dateModified":"2009-12-15T06:58:19+00:00","mainEntityOfPage":{"@id":"https:\/\/www.bellunopress.it\/2009\/12\/15\/in-arrivo-un-protocollo-di-collaborazione-tra-belluno-e-cervia\/"},"wordCount":267,"publisher":{"@id":"https:\/\/www.bellunopress.it\/#organization"},"image":{"@id":"https:\/\/www.bellunopress.it\/2009\/12\/15\/in-arrivo-un-protocollo-di-collaborazione-tra-belluno-e-cervia\/#primaryimage"},"thumbnailUrl":"http:\/\/www.bellunopress.it\/wp-content\/uploads\/2009\/12\/nevio-salimbeni-matteo-toscani-mariano-dellachiesa.jpg","keywords":["Belluno"],"articleSection":["Cronaca\/Politica"],"inLanguage":"fr-FR"},{"@type":"WebPage","@id":"https:\/\/www.bellunopress.it\/2009\/12\/15\/in-arrivo-un-protocollo-di-collaborazione-tra-belluno-e-cervia\/","url":"https:\/\/www.bellunopress.it\/2009\/12\/15\/in-arrivo-un-protocollo-di-collaborazione-tra-belluno-e-cervia\/","name":"In arrivo un protocollo di collaborazione tra Belluno e Cervia - Bellunopress - Dolomiti","isPartOf":{"@id":"https:\/\/www.bellunopress.it\/#website"},"primaryImageOfPage":{"@id":"https:\/\/www.bellunopress.it\/2009\/12\/15\/in-arrivo-un-protocollo-di-collaborazione-tra-belluno-e-cervia\/#primaryimage"},"image":{"@id":"https:\/\/www.bellunopress.it\/2009\/12\/15\/in-arrivo-un-protocollo-di-collaborazione-tra-belluno-e-cervia\/#primaryimage"},"thumbnailUrl":"http:\/\/www.bellunopress.it\/wp-content\/uploads\/2009\/12\/nevio-salimbeni-matteo-toscani-mariano-dellachiesa.jpg","datePublished":"2009-12-15T00:31:35+00:00","dateModified":"2009-12-15T06:58:19+00:00","breadcrumb":{"@id":"https:\/\/www.bellunopress.it\/2009\/12\/15\/in-arrivo-un-protocollo-di-collaborazione-tra-belluno-e-cervia\/#breadcrumb"},"inLanguage":"fr-FR","potentialAction":[{"@type":"ReadAction","target":["https:\/\/www.bellunopress.it\/2009\/12\/15\/in-arrivo-un-protocollo-di-collaborazione-tra-belluno-e-cervia\/"]}]},{"@type":"ImageObject","inLanguage":"fr-FR","@id":"https:\/\/www.bellunopress.it\/2009\/12\/15\/in-arrivo-un-protocollo-di-collaborazione-tra-belluno-e-cervia\/#primaryimage","url":"http:\/\/www.bellunopress.it\/wp-content\/uploads\/2009\/12\/nevio-salimbeni-matteo-toscani-mariano-dellachiesa.jpg","contentUrl":"http:\/\/www.bellunopress.it\/wp-content\/uploads\/2009\/12\/nevio-salimbeni-matteo-toscani-mariano-dellachiesa.jpg"},{"@type":"BreadcrumbList","@id":"https:\/\/www.bellunopress.it\/2009\/12\/15\/in-arrivo-un-protocollo-di-collaborazione-tra-belluno-e-cervia\/#breadcrumb","itemListElement":[{"@type":"ListItem","position":1,"name":"Home","item":"https:\/\/www.bellunopress.it\/"},{"@type":"ListItem","position":2,"name":"In arrivo un protocollo di collaborazione tra Belluno e Cervia"}]},{"@type":"WebSite","@id":"https:\/\/www.bellunopress.it\/#website","url":"https:\/\/www.bellunopress.it\/","name":"Bellunopress - Dolomiti","description":"e-mail: redazione@bellunopress.it","publisher":{"@id":"https:\/\/www.bellunopress.it\/#organization"},"potentialAction":[{"@type":"SearchAction","target":{"@type":"EntryPoint","urlTemplate":"https:\/\/www.bellunopress.it\/?s={search_term_string}"},"query-input":{"@type":"PropertyValueSpecification","valueRequired":true,"valueName":"search_term_string"}}],"inLanguage":"fr-FR"},{"@type":"Organization","@id":"https:\/\/www.bellunopress.it\/#organization","name":"Bellunopress","url":"https:\/\/www.bellunopress.it\/","logo":{"@type":"ImageObject","inLanguage":"fr-FR","@id":"https:\/\/www.bellunopress.it\/#\/schema\/logo\/image\/","url":"https:\/\/www.bellunopress.it\/wp-content\/uploads\/2011\/05\/cropped-logo-bellunopress-.jpg","contentUrl":"https:\/\/www.bellunopress.it\/wp-content\/uploads\/2011\/05\/cropped-logo-bellunopress-.jpg","width":512,"height":512,"caption":"Bellunopress"},"image":{"@id":"https:\/\/www.bellunopress.it\/#\/schema\/logo\/image\/"},"sameAs":["https:\/\/www.facebook.com\/profile.php?id=100008943462799","https:\/\/x.com\/bellunopress","https:\/\/www.linkedin.com\/hp\/?dnr=JBzUWaJfMUw8vbXJJ2tVW5-I3jZKvC4wsoxE&amp;amp;amp;amp;amp;amp;trk=nav_responsive_tab_home","https:\/\/www.youtube.com\/channel\/UCxL0wu1uN0_3_7hGG0306cw"]},{"@type":"Person","@id":"https:\/\/www.bellunopress.it\/#\/schema\/person\/79bb06722b37ece1c03d3e94beb30d73","name":"r\u00e9daction","image":{"@type":"ImageObject","inLanguage":"fr-FR","@id":"https:\/\/secure.gravatar.com\/avatar\/37d968a2e67a6fd04c169c4bdef102d0bc5d31b2546345219e348575eb80e9a0?s=96&d=mm&r=g","url":"https:\/\/secure.gravatar.com\/avatar\/37d968a2e67a6fd04c169c4bdef102d0bc5d31b2546345219e348575eb80e9a0?s=96&d=mm&r=g","contentUrl":"https:\/\/secure.gravatar.com\/avatar\/37d968a2e67a6fd04c169c4bdef102d0bc5d31b2546345219e348575eb80e9a0?s=96&d=mm&r=g","caption":"redazione"},"sameAs":["http:\/\/www.bellunopress.it","https:\/\/x.com\/bellunopress"],"url":"https:\/\/www.bellunopress.it\/fr\/author\/redazione\/"}]}},"_links":{"self":[{"href":"https:\/\/www.bellunopress.it\/fr\/wp-json\/wp\/v2\/posts\/10658","targetHints":{"allow":["GET"]}}],"collection":[{"href":"https:\/\/www.bellunopress.it\/fr\/wp-json\/wp\/v2\/posts"}],"about":[{"href":"https:\/\/www.bellunopress.it\/fr\/wp-json\/wp\/v2\/types\/post"}],"author":[{"embeddable":true,"href":"https:\/\/www.bellunopress.it\/fr\/wp-json\/wp\/v2\/users\/2"}],"replies":[{"embeddable":true,"href":"https:\/\/www.bellunopress.it\/fr\/wp-json\/wp\/v2\/comments?post=10658"}],"version-history":[{"count":2,"href":"https:\/\/www.bellunopress.it\/fr\/wp-json\/wp\/v2\/posts\/10658\/revisions"}],"predecessor-version":[{"id":10675,"href":"https:\/\/www.bellunopress.it\/fr\/wp-json\/wp\/v2\/posts\/10658\/revisions\/10675"}],"wp:attachment":[{"href":"https:\/\/www.bellunopress.it\/fr\/wp-json\/wp\/v2\/media?parent=10658"}],"wp:term":[{"taxonomy":"category","embeddable":true,"href":"https:\/\/www.bellunopress.it\/fr\/wp-json\/wp\/v2\/categories?post=10658"},{"taxonomy":"post_tag","embeddable":true,"href":"https:\/\/www.bellunopress.it\/fr\/wp-json\/wp\/v2\/tags?post=10658"}],"curies":[{"name":"wp","href":"https:\/\/api.w.org\/{rel}","templated":true}]}}