{"id":106578,"date":"2019-07-25T14:40:23","date_gmt":"2019-07-25T12:40:23","guid":{"rendered":"http:\/\/www.bellunopress.it\/?p=106578"},"modified":"2019-07-25T14:41:35","modified_gmt":"2019-07-25T12:41:35","slug":"stazione-di-calalzo-8-milioni-dal-cipe-zaianel-2017-aveva-ai-bagni-chiusi-de-berti-sara-un-prestigioso-centro-intermodale","status":"publish","type":"post","link":"https:\/\/www.bellunopress.it\/fr\/2019\/07\/25\/stazione-di-calalzo-8-milioni-dal-cipe-zaianel-2017-aveva-ai-bagni-chiusi-de-berti-sara-un-prestigioso-centro-intermodale\/","title":{"rendered":"Stazione di Calalzo. 8 milioni dal Cipe. Zaia:&#8221;Nel 2017 aveva ai bagni chiusi&#8221;. De Berti: &#8220;Sar\u00e0 un prestigioso centro intermodale&#8221;"},"content":{"rendered":"<figure id=\"attachment_106579\" aria-describedby=\"caption-attachment-106579\" style=\"width: 300px\" class=\"wp-caption alignleft\"><a href=\"http:\/\/www.bellunopress.it\/fr\/2019\/07\/25\/stazione-di-calalzo-8-milioni-dal-cipe-zaianel-2017-aveva-ai-bagni-chiusi-de-berti-sara-un-prestigioso-centro-intermodale\/freccia-delle-dolomiti_calalzo-copyright-enrico-paulatti-photorail\/\" rel=\"attachment wp-att-106579\"><img loading=\"lazy\" decoding=\"async\" class=\"size-full wp-image-106579\" src=\"http:\/\/www.bellunopress.it\/wp-content\/uploads\/2019\/07\/Freccia-delle-Dolomiti_Calalzo-copyright-Enrico-Paulatti-Photorail.jpg\" alt=\"\" width=\"300\" height=\"222\" \/><\/a><figcaption id=\"caption-attachment-106579\" class=\"wp-caption-text\">Freccia delle Dolomiti &#8211; Calalzo (copyright Enrico Paulatti &#8211; Photorail)<\/figcaption><\/figure>\n<p>Venezia, 25 luglio 2019\u00a0 &#8211;\u00a0\u00a0Nell\u2019ambito dell\u2019aggiornamento 2018 \u2013 2019 del Contratto di programma MIT &#8211; RFI 2017 \u2013 2021, il CIPE in data 24 luglio 2019 ha approvato, fra l\u2019altro, il finanziamento pari ad 8 milioni di euro per la completa ristrutturazione della stazione ferroviaria di Calalzo di Cadore, terminale nord della rete ferroviaria del Veneto e porta per il Cadore e le Dolomiti.<\/p>\n<p><a href=\"http:\/\/www.bellunopress.it\/fr\/2019\/03\/26\/sanita-giunta-veneta-autorizza-contratti-a-medici-pensionati-zaia-risposta-allemergenza\/luca-zaia-3\/\" rel=\"attachment wp-att-103218\"><img loading=\"lazy\" decoding=\"async\" class=\"alignleft size-full wp-image-103218\" src=\"http:\/\/www.bellunopress.it\/wp-content\/uploads\/2019\/03\/Luca-Zaia.jpg\" alt=\"\" width=\"182\" height=\"231\" \/><\/a>\u201cQuesta stazione \u2013 dice il presidente della Regione Luca Zaia \u2013 sar\u00e0 una porta prestigiosa aperta sulle Dolomiti Patrimonio Unesco, dedicata ai turisti, agli sportivi che arriveranno per i mondiali 2021 e le olimpiadi 2026, ma anche a tutti i residenti. Siamo partiti nel 2017 con le toilette chiuse \u2013 ricorda \u2013 e arriveremo al 2021 con un gioiello. Davvero complimenti a tutta la squadra che ci ha lavorato, a cominciare dall\u2019assessore De Berti e dai tecnici regionali\u201d.<\/p>\n<p>\u201cE\u2019 il completamento di un iter improntato all\u2019efficienza e al gioco di squadra \u2013 dice con soddisfazione l\u2019Assessore alle Infrastrutture della Regione Veneto Elisa De Berti \u2013 perch\u00e9 la Regione, con il Comune di Calalzo, ne aveva chiesto il completamento e ammodernamento nel 2017. Rfi ha recepito la richiesta regionale e ha fatto il progetto, che sar\u00e0 pronto per i mondiali di sci di Cortina 2021.<\/p>\n<figure id=\"attachment_85746\" aria-describedby=\"caption-attachment-85746\" style=\"width: 232px\" class=\"wp-caption alignleft\"><a href=\"http:\/\/www.bellunopress.it\/fr\/2017\/04\/13\/sicurezza-stradale-in-veneto-de-berti-65-milioni-dalla-regione-per-la-realizzazione-di-opere-per-15-milioni-in-provincia-di-belluno-incidenti-mortali-diminuiti-del-69-nessun-intervento\/de-berti-assessore\/\" rel=\"attachment wp-att-85746\"><img loading=\"lazy\" decoding=\"async\" class=\"size-full wp-image-85746\" src=\"http:\/\/www.bellunopress.it\/wp-content\/uploads\/2017\/04\/De-Berti-assessore.jpg\" alt=\"\" width=\"232\" height=\"300\" \/><\/a><figcaption id=\"caption-attachment-85746\" class=\"wp-caption-text\">Elisa De Berti &#8211; Assessore regionale<\/figcaption><\/figure>\n<p>La stazione di Calalzo \u00e8 la porta delle Dolomiti \u2013 aggiunge De Berti \u2013 e non si poteva proprio abbandonarla alla desolazione. Ora nascer\u00e0 una struttura intermodale moderna ed efficiente, di una valenza straordinaria anche come punto di interscambio ferro-gomma. I Mondiali di sci Cortina 2021 e le Olimpiadi invernali Milano-Cortina 2026 troveranno in questa stazione un gioiello, capace di qualificare l\u2019intera immagine infrastrutturale della montagna bellunese, anche in abbinamento ai lavori di elettrificazione, che velocizzeranno il tragitto da e per la pianura\u201d.<\/p>\n<p>L\u2019intervento prevede la completa ristrutturazione ed ammodernamento della stazione, dotandola di nuovi servizi e funzionalit\u00e0 e creando un vero polo di intercambio fra mezzo ferroviario, autobus, auto privata e bici. Infatti, da Calalzo partono i mezzi di Dolomiti bus per servire non solo Cortina ma l\u2019intero Cadore ed il Comelico e parte anche la ciclovia delle Dolomiti che da un lato arriva a Cortina, Cimabanche e di qui fino a Dobbiaco collegandosi con l\u2019itinerario della Pusteria italiana ed austriaca, e dall\u2019altro si collega al centro Cadore ed Auronzo di Cadore.<\/p>\n<p>La stazione \u00e8 storica; fu aperta nel 1914 con l\u2019inaugurazione della linea Ponte nelle Alpi Calalzo e dal 1925 al 1964 \u00e8 stata punto di partenza della ferrovia delle Dolomiti che collegava direttamente Cortina d\u2019Ampezzo.<br \/>\nGli interventi principali riguardano sia l\u2019accessibilit\u00e0 (innalzamento dei marciapiedi di stazione, modifica delle rampe delle scale del sottopasso per inserimento ascensori, prolungamento del sottopasso per collegarlo direttamente alla pista ciclabile), sia il fabbricato viaggiatori con una radicale redistribuzione degli spazi (biglietterie, sala attesa, bar, front office turistico, spazi per Dolomiti bus per gestione dell\u2019intermodalit\u00e0 con il TPL gomma e i servizi per le bici, servizi igienici), sia anche gli spazi esterni con la creazione del nuovo terminal con un collegamento coperto ed interventi nell\u2019ex magazzino merci per i servizi bici (info point, noleggio, deposito, officina, etc.).<\/p>\n<p>Gli interventi verranno realizzati da RFI fra la seconda met\u00e0 del corrente anno e la fine del 2020, in tempo utile per il loro pieno completamento entro la data dei Mondiali 2021.<\/p>","protected":false},"excerpt":{"rendered":"<p>Venezia, 25 luglio 2019\u00a0 &#8211;\u00a0\u00a0Nell\u2019ambito dell\u2019aggiornamento 2018 \u2013 2019 del Contratto di programma MIT &#8211; RFI 2017 \u2013 2021, il CIPE in data 24 luglio 2019 ha approvato, fra l\u2019altro, il finanziamento pari ad 8 milioni di euro per la completa ristrutturazione della stazione ferroviaria di Calalzo di Cadore, terminale nord della rete ferroviaria del [&hellip;]<\/p>\n","protected":false},"author":2,"featured_media":0,"comment_status":"closed","ping_status":"open","sticky":false,"template":"","format":"standard","meta":{"footnotes":""},"categories":[5,26],"tags":[],"class_list":["post-106578","post","type-post","status-publish","format-standard","category-cronaca","category-prima-pagina"],"yoast_head":"<!-- This site is optimized with the Yoast SEO plugin v28.4 - https:\/\/yoast.com\/product\/yoast-seo-wordpress\/ -->\n<title>Stazione di Calalzo. 8 milioni dal Cipe. Zaia:&quot;Nel 2017 aveva ai bagni chiusi&quot;. De Berti: &quot;Sar\u00e0 un prestigioso centro intermodale&quot; - Bellunopress - Dolomiti<\/title>\n<meta name=\"robots\" content=\"index, follow, max-snippet:-1, max-image-preview:large, max-video-preview:-1\" \/>\n<link rel=\"canonical\" href=\"https:\/\/www.bellunopress.it\/fr\/2019\/07\/25\/stazione-di-calalzo-8-milioni-dal-cipe-zaianel-2017-aveva-ai-bagni-chiusi-de-berti-sara-un-prestigioso-centro-intermodale\/\" \/>\n<meta property=\"og:locale\" content=\"fr_FR\" \/>\n<meta property=\"og:type\" content=\"article\" \/>\n<meta property=\"og:title\" content=\"Stazione di Calalzo. 8 milioni dal Cipe. Zaia:&quot;Nel 2017 aveva ai bagni chiusi&quot;. De Berti: &quot;Sar\u00e0 un prestigioso centro intermodale&quot; - Bellunopress - Dolomiti\" \/>\n<meta property=\"og:description\" content=\"Venezia, 25 luglio 2019\u00a0 &#8211;\u00a0\u00a0Nell\u2019ambito dell\u2019aggiornamento 2018 \u2013 2019 del Contratto di programma MIT &#8211; RFI 2017 \u2013 2021, il CIPE in data 24 luglio 2019 ha approvato, fra l\u2019altro, il finanziamento pari ad 8 milioni di euro per la completa ristrutturazione della stazione ferroviaria di Calalzo di Cadore, terminale nord della rete ferroviaria del [&hellip;]\" \/>\n<meta property=\"og:url\" content=\"https:\/\/www.bellunopress.it\/fr\/2019\/07\/25\/stazione-di-calalzo-8-milioni-dal-cipe-zaianel-2017-aveva-ai-bagni-chiusi-de-berti-sara-un-prestigioso-centro-intermodale\/\" \/>\n<meta property=\"og:site_name\" content=\"Bellunopress - Dolomiti\" \/>\n<meta property=\"article:publisher\" content=\"https:\/\/www.facebook.com\/profile.php?id=100008943462799\" \/>\n<meta property=\"article:published_time\" content=\"2019-07-25T12:40:23+00:00\" \/>\n<meta property=\"article:modified_time\" content=\"2019-07-25T12:41:35+00:00\" \/>\n<meta property=\"og:image\" content=\"http:\/\/www.bellunopress.it\/wp-content\/uploads\/2019\/07\/Freccia-delle-Dolomiti_Calalzo-copyright-Enrico-Paulatti-Photorail.jpg\" \/>\n<meta name=\"author\" content=\"redazione\" \/>\n<meta name=\"twitter:card\" content=\"summary_large_image\" \/>\n<meta name=\"twitter:creator\" content=\"@bellunopress\" \/>\n<meta name=\"twitter:site\" content=\"@bellunopress\" \/>\n<meta name=\"twitter:label1\" content=\"\u00c9crit par\" \/>\n\t<meta name=\"twitter:data1\" content=\"redazione\" \/>\n\t<meta name=\"twitter:label2\" content=\"Dur\u00e9e de lecture estim\u00e9e\" \/>\n\t<meta name=\"twitter:data2\" content=\"3 minutes\" \/>\n<script type=\"application\/ld+json\" class=\"yoast-schema-graph\">{\"@context\":\"https:\\\/\\\/schema.org\",\"@graph\":[{\"@type\":\"Article\",\"@id\":\"https:\\\/\\\/www.bellunopress.it\\\/2019\\\/07\\\/25\\\/stazione-di-calalzo-8-milioni-dal-cipe-zaianel-2017-aveva-ai-bagni-chiusi-de-berti-sara-un-prestigioso-centro-intermodale\\\/#article\",\"isPartOf\":{\"@id\":\"https:\\\/\\\/www.bellunopress.it\\\/2019\\\/07\\\/25\\\/stazione-di-calalzo-8-milioni-dal-cipe-zaianel-2017-aveva-ai-bagni-chiusi-de-berti-sara-un-prestigioso-centro-intermodale\\\/\"},\"author\":{\"name\":\"redazione\",\"@id\":\"https:\\\/\\\/www.bellunopress.it\\\/#\\\/schema\\\/person\\\/79bb06722b37ece1c03d3e94beb30d73\"},\"headline\":\"Stazione di Calalzo. 8 milioni dal Cipe. Zaia:&#8221;Nel 2017 aveva ai bagni chiusi&#8221;. De Berti: &#8220;Sar\u00e0 un prestigioso centro intermodale&#8221;\",\"datePublished\":\"2019-07-25T12:40:23+00:00\",\"dateModified\":\"2019-07-25T12:41:35+00:00\",\"mainEntityOfPage\":{\"@id\":\"https:\\\/\\\/www.bellunopress.it\\\/2019\\\/07\\\/25\\\/stazione-di-calalzo-8-milioni-dal-cipe-zaianel-2017-aveva-ai-bagni-chiusi-de-berti-sara-un-prestigioso-centro-intermodale\\\/\"},\"wordCount\":575,\"publisher\":{\"@id\":\"https:\\\/\\\/www.bellunopress.it\\\/#organization\"},\"image\":{\"@id\":\"https:\\\/\\\/www.bellunopress.it\\\/2019\\\/07\\\/25\\\/stazione-di-calalzo-8-milioni-dal-cipe-zaianel-2017-aveva-ai-bagni-chiusi-de-berti-sara-un-prestigioso-centro-intermodale\\\/#primaryimage\"},\"thumbnailUrl\":\"http:\\\/\\\/www.bellunopress.it\\\/wp-content\\\/uploads\\\/2019\\\/07\\\/Freccia-delle-Dolomiti_Calalzo-copyright-Enrico-Paulatti-Photorail.jpg\",\"articleSection\":[\"Cronaca\\\/Politica\",\"Prima Pagina\"],\"inLanguage\":\"fr-FR\"},{\"@type\":\"WebPage\",\"@id\":\"https:\\\/\\\/www.bellunopress.it\\\/2019\\\/07\\\/25\\\/stazione-di-calalzo-8-milioni-dal-cipe-zaianel-2017-aveva-ai-bagni-chiusi-de-berti-sara-un-prestigioso-centro-intermodale\\\/\",\"url\":\"https:\\\/\\\/www.bellunopress.it\\\/2019\\\/07\\\/25\\\/stazione-di-calalzo-8-milioni-dal-cipe-zaianel-2017-aveva-ai-bagni-chiusi-de-berti-sara-un-prestigioso-centro-intermodale\\\/\",\"name\":\"Stazione di Calalzo. 8 milioni dal Cipe. Zaia:\\\"Nel 2017 aveva ai bagni chiusi\\\". De Berti: \\\"Sar\u00e0 un prestigioso centro intermodale\\\" - Bellunopress - Dolomiti\",\"isPartOf\":{\"@id\":\"https:\\\/\\\/www.bellunopress.it\\\/#website\"},\"primaryImageOfPage\":{\"@id\":\"https:\\\/\\\/www.bellunopress.it\\\/2019\\\/07\\\/25\\\/stazione-di-calalzo-8-milioni-dal-cipe-zaianel-2017-aveva-ai-bagni-chiusi-de-berti-sara-un-prestigioso-centro-intermodale\\\/#primaryimage\"},\"image\":{\"@id\":\"https:\\\/\\\/www.bellunopress.it\\\/2019\\\/07\\\/25\\\/stazione-di-calalzo-8-milioni-dal-cipe-zaianel-2017-aveva-ai-bagni-chiusi-de-berti-sara-un-prestigioso-centro-intermodale\\\/#primaryimage\"},\"thumbnailUrl\":\"http:\\\/\\\/www.bellunopress.it\\\/wp-content\\\/uploads\\\/2019\\\/07\\\/Freccia-delle-Dolomiti_Calalzo-copyright-Enrico-Paulatti-Photorail.jpg\",\"datePublished\":\"2019-07-25T12:40:23+00:00\",\"dateModified\":\"2019-07-25T12:41:35+00:00\",\"breadcrumb\":{\"@id\":\"https:\\\/\\\/www.bellunopress.it\\\/2019\\\/07\\\/25\\\/stazione-di-calalzo-8-milioni-dal-cipe-zaianel-2017-aveva-ai-bagni-chiusi-de-berti-sara-un-prestigioso-centro-intermodale\\\/#breadcrumb\"},\"inLanguage\":\"fr-FR\",\"potentialAction\":[{\"@type\":\"ReadAction\",\"target\":[\"https:\\\/\\\/www.bellunopress.it\\\/2019\\\/07\\\/25\\\/stazione-di-calalzo-8-milioni-dal-cipe-zaianel-2017-aveva-ai-bagni-chiusi-de-berti-sara-un-prestigioso-centro-intermodale\\\/\"]}]},{\"@type\":\"ImageObject\",\"inLanguage\":\"fr-FR\",\"@id\":\"https:\\\/\\\/www.bellunopress.it\\\/2019\\\/07\\\/25\\\/stazione-di-calalzo-8-milioni-dal-cipe-zaianel-2017-aveva-ai-bagni-chiusi-de-berti-sara-un-prestigioso-centro-intermodale\\\/#primaryimage\",\"url\":\"http:\\\/\\\/www.bellunopress.it\\\/wp-content\\\/uploads\\\/2019\\\/07\\\/Freccia-delle-Dolomiti_Calalzo-copyright-Enrico-Paulatti-Photorail.jpg\",\"contentUrl\":\"http:\\\/\\\/www.bellunopress.it\\\/wp-content\\\/uploads\\\/2019\\\/07\\\/Freccia-delle-Dolomiti_Calalzo-copyright-Enrico-Paulatti-Photorail.jpg\"},{\"@type\":\"BreadcrumbList\",\"@id\":\"https:\\\/\\\/www.bellunopress.it\\\/2019\\\/07\\\/25\\\/stazione-di-calalzo-8-milioni-dal-cipe-zaianel-2017-aveva-ai-bagni-chiusi-de-berti-sara-un-prestigioso-centro-intermodale\\\/#breadcrumb\",\"itemListElement\":[{\"@type\":\"ListItem\",\"position\":1,\"name\":\"Home\",\"item\":\"https:\\\/\\\/www.bellunopress.it\\\/\"},{\"@type\":\"ListItem\",\"position\":2,\"name\":\"Stazione di Calalzo. 8 milioni dal Cipe. Zaia:&#8221;Nel 2017 aveva ai bagni chiusi&#8221;. De Berti: &#8220;Sar\u00e0 un prestigioso centro intermodale&#8221;\"}]},{\"@type\":\"WebSite\",\"@id\":\"https:\\\/\\\/www.bellunopress.it\\\/#website\",\"url\":\"https:\\\/\\\/www.bellunopress.it\\\/\",\"name\":\"Bellunopress - Dolomiti\",\"description\":\"e-mail: redazione@bellunopress.it\",\"publisher\":{\"@id\":\"https:\\\/\\\/www.bellunopress.it\\\/#organization\"},\"potentialAction\":[{\"@type\":\"SearchAction\",\"target\":{\"@type\":\"EntryPoint\",\"urlTemplate\":\"https:\\\/\\\/www.bellunopress.it\\\/?s={search_term_string}\"},\"query-input\":{\"@type\":\"PropertyValueSpecification\",\"valueRequired\":true,\"valueName\":\"search_term_string\"}}],\"inLanguage\":\"fr-FR\"},{\"@type\":\"Organization\",\"@id\":\"https:\\\/\\\/www.bellunopress.it\\\/#organization\",\"name\":\"Bellunopress\",\"url\":\"https:\\\/\\\/www.bellunopress.it\\\/\",\"logo\":{\"@type\":\"ImageObject\",\"inLanguage\":\"fr-FR\",\"@id\":\"https:\\\/\\\/www.bellunopress.it\\\/#\\\/schema\\\/logo\\\/image\\\/\",\"url\":\"https:\\\/\\\/www.bellunopress.it\\\/wp-content\\\/uploads\\\/2011\\\/05\\\/cropped-logo-bellunopress-.jpg\",\"contentUrl\":\"https:\\\/\\\/www.bellunopress.it\\\/wp-content\\\/uploads\\\/2011\\\/05\\\/cropped-logo-bellunopress-.jpg\",\"width\":512,\"height\":512,\"caption\":\"Bellunopress\"},\"image\":{\"@id\":\"https:\\\/\\\/www.bellunopress.it\\\/#\\\/schema\\\/logo\\\/image\\\/\"},\"sameAs\":[\"https:\\\/\\\/www.facebook.com\\\/profile.php?id=100008943462799\",\"https:\\\/\\\/x.com\\\/bellunopress\",\"https:\\\/\\\/www.linkedin.com\\\/hp\\\/?dnr=JBzUWaJfMUw8vbXJJ2tVW5-I3jZKvC4wsoxE&amp;amp;amp;amp;amp;amp;trk=nav_responsive_tab_home\",\"https:\\\/\\\/www.youtube.com\\\/channel\\\/UCxL0wu1uN0_3_7hGG0306cw\"]},{\"@type\":\"Person\",\"@id\":\"https:\\\/\\\/www.bellunopress.it\\\/#\\\/schema\\\/person\\\/79bb06722b37ece1c03d3e94beb30d73\",\"name\":\"redazione\",\"image\":{\"@type\":\"ImageObject\",\"inLanguage\":\"fr-FR\",\"@id\":\"https:\\\/\\\/secure.gravatar.com\\\/avatar\\\/37d968a2e67a6fd04c169c4bdef102d0bc5d31b2546345219e348575eb80e9a0?s=96&d=mm&r=g\",\"url\":\"https:\\\/\\\/secure.gravatar.com\\\/avatar\\\/37d968a2e67a6fd04c169c4bdef102d0bc5d31b2546345219e348575eb80e9a0?s=96&d=mm&r=g\",\"contentUrl\":\"https:\\\/\\\/secure.gravatar.com\\\/avatar\\\/37d968a2e67a6fd04c169c4bdef102d0bc5d31b2546345219e348575eb80e9a0?s=96&d=mm&r=g\",\"caption\":\"redazione\"},\"sameAs\":[\"http:\\\/\\\/www.bellunopress.it\",\"https:\\\/\\\/x.com\\\/bellunopress\"],\"url\":\"https:\\\/\\\/www.bellunopress.it\\\/fr\\\/author\\\/redazione\\\/\"}]}<\/script>\n<!-- \/ Yoast SEO plugin. -->","yoast_head_json":{"title":"Stazione di Calalzo. 8 milioni dal Cipe. Zaia:\"Nel 2017 aveva ai bagni chiusi\". De Berti: \"Sar\u00e0 un prestigioso centro intermodale\" - Bellunopress - Dolomiti","robots":{"index":"index","follow":"follow","max-snippet":"max-snippet:-1","max-image-preview":"max-image-preview:large","max-video-preview":"max-video-preview:-1"},"canonical":"https:\/\/www.bellunopress.it\/fr\/2019\/07\/25\/stazione-di-calalzo-8-milioni-dal-cipe-zaianel-2017-aveva-ai-bagni-chiusi-de-berti-sara-un-prestigioso-centro-intermodale\/","og_locale":"fr_FR","og_type":"article","og_title":"Stazione di Calalzo. 8 milioni dal Cipe. Zaia:\"Nel 2017 aveva ai bagni chiusi\". De Berti: \"Sar\u00e0 un prestigioso centro intermodale\" - Bellunopress - Dolomiti","og_description":"Venezia, 25 luglio 2019\u00a0 &#8211;\u00a0\u00a0Nell\u2019ambito dell\u2019aggiornamento 2018 \u2013 2019 del Contratto di programma MIT &#8211; RFI 2017 \u2013 2021, il CIPE in data 24 luglio 2019 ha approvato, fra l\u2019altro, il finanziamento pari ad 8 milioni di euro per la completa ristrutturazione della stazione ferroviaria di Calalzo di Cadore, terminale nord della rete ferroviaria del [&hellip;]","og_url":"https:\/\/www.bellunopress.it\/fr\/2019\/07\/25\/stazione-di-calalzo-8-milioni-dal-cipe-zaianel-2017-aveva-ai-bagni-chiusi-de-berti-sara-un-prestigioso-centro-intermodale\/","og_site_name":"Bellunopress - Dolomiti","article_publisher":"https:\/\/www.facebook.com\/profile.php?id=100008943462799","article_published_time":"2019-07-25T12:40:23+00:00","article_modified_time":"2019-07-25T12:41:35+00:00","og_image":[{"url":"http:\/\/www.bellunopress.it\/wp-content\/uploads\/2019\/07\/Freccia-delle-Dolomiti_Calalzo-copyright-Enrico-Paulatti-Photorail.jpg","type":"","width":"","height":""}],"author":"redazione","twitter_card":"summary_large_image","twitter_creator":"@bellunopress","twitter_site":"@bellunopress","twitter_misc":{"\u00c9crit par":"redazione","Dur\u00e9e de lecture estim\u00e9e":"3 minutes"},"schema":{"@context":"https:\/\/schema.org","@graph":[{"@type":"Article","@id":"https:\/\/www.bellunopress.it\/2019\/07\/25\/stazione-di-calalzo-8-milioni-dal-cipe-zaianel-2017-aveva-ai-bagni-chiusi-de-berti-sara-un-prestigioso-centro-intermodale\/#article","isPartOf":{"@id":"https:\/\/www.bellunopress.it\/2019\/07\/25\/stazione-di-calalzo-8-milioni-dal-cipe-zaianel-2017-aveva-ai-bagni-chiusi-de-berti-sara-un-prestigioso-centro-intermodale\/"},"author":{"name":"redazione","@id":"https:\/\/www.bellunopress.it\/#\/schema\/person\/79bb06722b37ece1c03d3e94beb30d73"},"headline":"Stazione di Calalzo. 8 milioni dal Cipe. Zaia:&#8221;Nel 2017 aveva ai bagni chiusi&#8221;. De Berti: &#8220;Sar\u00e0 un prestigioso centro intermodale&#8221;","datePublished":"2019-07-25T12:40:23+00:00","dateModified":"2019-07-25T12:41:35+00:00","mainEntityOfPage":{"@id":"https:\/\/www.bellunopress.it\/2019\/07\/25\/stazione-di-calalzo-8-milioni-dal-cipe-zaianel-2017-aveva-ai-bagni-chiusi-de-berti-sara-un-prestigioso-centro-intermodale\/"},"wordCount":575,"publisher":{"@id":"https:\/\/www.bellunopress.it\/#organization"},"image":{"@id":"https:\/\/www.bellunopress.it\/2019\/07\/25\/stazione-di-calalzo-8-milioni-dal-cipe-zaianel-2017-aveva-ai-bagni-chiusi-de-berti-sara-un-prestigioso-centro-intermodale\/#primaryimage"},"thumbnailUrl":"http:\/\/www.bellunopress.it\/wp-content\/uploads\/2019\/07\/Freccia-delle-Dolomiti_Calalzo-copyright-Enrico-Paulatti-Photorail.jpg","articleSection":["Cronaca\/Politica","Prima Pagina"],"inLanguage":"fr-FR"},{"@type":"WebPage","@id":"https:\/\/www.bellunopress.it\/2019\/07\/25\/stazione-di-calalzo-8-milioni-dal-cipe-zaianel-2017-aveva-ai-bagni-chiusi-de-berti-sara-un-prestigioso-centro-intermodale\/","url":"https:\/\/www.bellunopress.it\/2019\/07\/25\/stazione-di-calalzo-8-milioni-dal-cipe-zaianel-2017-aveva-ai-bagni-chiusi-de-berti-sara-un-prestigioso-centro-intermodale\/","name":"Stazione di Calalzo. 8 milioni dal Cipe. Zaia:\"Nel 2017 aveva ai bagni chiusi\". De Berti: \"Sar\u00e0 un prestigioso centro intermodale\" - Bellunopress - Dolomiti","isPartOf":{"@id":"https:\/\/www.bellunopress.it\/#website"},"primaryImageOfPage":{"@id":"https:\/\/www.bellunopress.it\/2019\/07\/25\/stazione-di-calalzo-8-milioni-dal-cipe-zaianel-2017-aveva-ai-bagni-chiusi-de-berti-sara-un-prestigioso-centro-intermodale\/#primaryimage"},"image":{"@id":"https:\/\/www.bellunopress.it\/2019\/07\/25\/stazione-di-calalzo-8-milioni-dal-cipe-zaianel-2017-aveva-ai-bagni-chiusi-de-berti-sara-un-prestigioso-centro-intermodale\/#primaryimage"},"thumbnailUrl":"http:\/\/www.bellunopress.it\/wp-content\/uploads\/2019\/07\/Freccia-delle-Dolomiti_Calalzo-copyright-Enrico-Paulatti-Photorail.jpg","datePublished":"2019-07-25T12:40:23+00:00","dateModified":"2019-07-25T12:41:35+00:00","breadcrumb":{"@id":"https:\/\/www.bellunopress.it\/2019\/07\/25\/stazione-di-calalzo-8-milioni-dal-cipe-zaianel-2017-aveva-ai-bagni-chiusi-de-berti-sara-un-prestigioso-centro-intermodale\/#breadcrumb"},"inLanguage":"fr-FR","potentialAction":[{"@type":"ReadAction","target":["https:\/\/www.bellunopress.it\/2019\/07\/25\/stazione-di-calalzo-8-milioni-dal-cipe-zaianel-2017-aveva-ai-bagni-chiusi-de-berti-sara-un-prestigioso-centro-intermodale\/"]}]},{"@type":"ImageObject","inLanguage":"fr-FR","@id":"https:\/\/www.bellunopress.it\/2019\/07\/25\/stazione-di-calalzo-8-milioni-dal-cipe-zaianel-2017-aveva-ai-bagni-chiusi-de-berti-sara-un-prestigioso-centro-intermodale\/#primaryimage","url":"http:\/\/www.bellunopress.it\/wp-content\/uploads\/2019\/07\/Freccia-delle-Dolomiti_Calalzo-copyright-Enrico-Paulatti-Photorail.jpg","contentUrl":"http:\/\/www.bellunopress.it\/wp-content\/uploads\/2019\/07\/Freccia-delle-Dolomiti_Calalzo-copyright-Enrico-Paulatti-Photorail.jpg"},{"@type":"BreadcrumbList","@id":"https:\/\/www.bellunopress.it\/2019\/07\/25\/stazione-di-calalzo-8-milioni-dal-cipe-zaianel-2017-aveva-ai-bagni-chiusi-de-berti-sara-un-prestigioso-centro-intermodale\/#breadcrumb","itemListElement":[{"@type":"ListItem","position":1,"name":"Home","item":"https:\/\/www.bellunopress.it\/"},{"@type":"ListItem","position":2,"name":"Stazione di Calalzo. 8 milioni dal Cipe. Zaia:&#8221;Nel 2017 aveva ai bagni chiusi&#8221;. De Berti: &#8220;Sar\u00e0 un prestigioso centro intermodale&#8221;"}]},{"@type":"WebSite","@id":"https:\/\/www.bellunopress.it\/#website","url":"https:\/\/www.bellunopress.it\/","name":"Bellunopress - Dolomiti","description":"e-mail: redazione@bellunopress.it","publisher":{"@id":"https:\/\/www.bellunopress.it\/#organization"},"potentialAction":[{"@type":"SearchAction","target":{"@type":"EntryPoint","urlTemplate":"https:\/\/www.bellunopress.it\/?s={search_term_string}"},"query-input":{"@type":"PropertyValueSpecification","valueRequired":true,"valueName":"search_term_string"}}],"inLanguage":"fr-FR"},{"@type":"Organization","@id":"https:\/\/www.bellunopress.it\/#organization","name":"Bellunopress","url":"https:\/\/www.bellunopress.it\/","logo":{"@type":"ImageObject","inLanguage":"fr-FR","@id":"https:\/\/www.bellunopress.it\/#\/schema\/logo\/image\/","url":"https:\/\/www.bellunopress.it\/wp-content\/uploads\/2011\/05\/cropped-logo-bellunopress-.jpg","contentUrl":"https:\/\/www.bellunopress.it\/wp-content\/uploads\/2011\/05\/cropped-logo-bellunopress-.jpg","width":512,"height":512,"caption":"Bellunopress"},"image":{"@id":"https:\/\/www.bellunopress.it\/#\/schema\/logo\/image\/"},"sameAs":["https:\/\/www.facebook.com\/profile.php?id=100008943462799","https:\/\/x.com\/bellunopress","https:\/\/www.linkedin.com\/hp\/?dnr=JBzUWaJfMUw8vbXJJ2tVW5-I3jZKvC4wsoxE&amp;amp;amp;amp;amp;amp;trk=nav_responsive_tab_home","https:\/\/www.youtube.com\/channel\/UCxL0wu1uN0_3_7hGG0306cw"]},{"@type":"Person","@id":"https:\/\/www.bellunopress.it\/#\/schema\/person\/79bb06722b37ece1c03d3e94beb30d73","name":"r\u00e9daction","image":{"@type":"ImageObject","inLanguage":"fr-FR","@id":"https:\/\/secure.gravatar.com\/avatar\/37d968a2e67a6fd04c169c4bdef102d0bc5d31b2546345219e348575eb80e9a0?s=96&d=mm&r=g","url":"https:\/\/secure.gravatar.com\/avatar\/37d968a2e67a6fd04c169c4bdef102d0bc5d31b2546345219e348575eb80e9a0?s=96&d=mm&r=g","contentUrl":"https:\/\/secure.gravatar.com\/avatar\/37d968a2e67a6fd04c169c4bdef102d0bc5d31b2546345219e348575eb80e9a0?s=96&d=mm&r=g","caption":"redazione"},"sameAs":["http:\/\/www.bellunopress.it","https:\/\/x.com\/bellunopress"],"url":"https:\/\/www.bellunopress.it\/fr\/author\/redazione\/"}]}},"_links":{"self":[{"href":"https:\/\/www.bellunopress.it\/fr\/wp-json\/wp\/v2\/posts\/106578","targetHints":{"allow":["GET"]}}],"collection":[{"href":"https:\/\/www.bellunopress.it\/fr\/wp-json\/wp\/v2\/posts"}],"about":[{"href":"https:\/\/www.bellunopress.it\/fr\/wp-json\/wp\/v2\/types\/post"}],"author":[{"embeddable":true,"href":"https:\/\/www.bellunopress.it\/fr\/wp-json\/wp\/v2\/users\/2"}],"replies":[{"embeddable":true,"href":"https:\/\/www.bellunopress.it\/fr\/wp-json\/wp\/v2\/comments?post=106578"}],"version-history":[{"count":2,"href":"https:\/\/www.bellunopress.it\/fr\/wp-json\/wp\/v2\/posts\/106578\/revisions"}],"predecessor-version":[{"id":106581,"href":"https:\/\/www.bellunopress.it\/fr\/wp-json\/wp\/v2\/posts\/106578\/revisions\/106581"}],"wp:attachment":[{"href":"https:\/\/www.bellunopress.it\/fr\/wp-json\/wp\/v2\/media?parent=106578"}],"wp:term":[{"taxonomy":"category","embeddable":true,"href":"https:\/\/www.bellunopress.it\/fr\/wp-json\/wp\/v2\/categories?post=106578"},{"taxonomy":"post_tag","embeddable":true,"href":"https:\/\/www.bellunopress.it\/fr\/wp-json\/wp\/v2\/tags?post=106578"}],"curies":[{"name":"wp","href":"https:\/\/api.w.org\/{rel}","templated":true}]}}