{"id":106568,"date":"2019-07-24T20:43:53","date_gmt":"2019-07-24T18:43:53","guid":{"rendered":"http:\/\/www.bellunopress.it\/?p=106568"},"modified":"2019-07-24T20:43:53","modified_gmt":"2019-07-24T18:43:53","slug":"auronzo-sistemazione-area-lago-ponte-di-transacqua-ovvero-le-auto-in-primo-piano-davanti-al-lago-di-santa-caterina","status":"publish","type":"post","link":"https:\/\/www.bellunopress.it\/fr\/2019\/07\/24\/auronzo-sistemazione-area-lago-ponte-di-transacqua-ovvero-le-auto-in-primo-piano-davanti-al-lago-di-santa-caterina\/","title":{"rendered":"Auronzo: sistemazione area lago Ponte di Transacqua, ovvero \u201cLe auto in primo piano davanti al lago di Santa Caterina\u201d"},"content":{"rendered":"<p><a href=\"http:\/\/www.bellunopress.it\/fr\/2015\/08\/01\/anello-ferroviario-delle-dolomiti-cera-anche-il-comitato\/lettera-1\/\" rel=\"attachment wp-att-70515\"><img loading=\"lazy\" decoding=\"async\" class=\"alignleft size-full wp-image-70515\" src=\"http:\/\/www.bellunopress.it\/wp-content\/uploads\/2015\/08\/lettera-1.jpg\" alt=\"\" width=\"153\" height=\"180\" \/><\/a>I lavori per la realizzazione della nuova spiaggia del Bucintoro sono in stato avanzato e il disegno progettuale \u00e8 ormai chiaramente delineato. Pensato per 70 posti auto, il parcheggio incide pesantemente &#8211; come avevamo previsto e segnalato &#8211; sia sul luogo che sul paesaggio: una scelta che riteniamo contraria a ogni logica, visto che in tutta Europa si cerca di lasciare le macchine lontane dai centri e dalle aree di maggior valore paesaggistico. Come \u00e8 stato affrontato il problema dell\u2019affioramento o del mancato drenaggio e convogliamento dell\u2019acqua che ristagna sulla sabbia del parco giochi, creando disagio e sporcizia, e risultando pericolosa per i bambini? Sono state fatte analisi del terreno e carotaggi? Dalla relazione che accompagna il progetto pare ci si sia basati unicamente sullo studio delle carte geologiche. E non sono certo le uniche criticit\u00e0 che potremmo sottolineare.<\/p>\n<p>La banalit\u00e0 del progetto ci porta ad affermare che si \u00e8 persa un&#8217;occasione per valorizzare uno dei luoghi pi\u00f9 qualificanti di Auronzo. Anche la Soprintendenza, alla quale erano pervenute osservazioni in merito al piano, aveva chiesto di mascherare il parcheggio, che invece risulta impattante da ogni prospettiva.<\/p>\n<p>L&#8217;importanza del luogo, che dovrebbe costituire un prestigioso biglietto da visita per la posizione sulla riva del lago, con le Tre Cime sullo sfondo e il bel paese alle spalle, quanto la consistenza del finanziamento, (un impegno complessivo di spesa di \u20ac 746.200,00 finanziato in larga parte dalla Regione Veneto) avrebbero dovuto spingere il Comune a indire un concorso di idee: perch\u00e9 non \u00e8 stato fatto?<br \/>\nE per quale motivo non \u00e8 stato possibile ottenere una presentazione pubblica del progetto, cosa che ci era stata promessa dal responsabile dell\u2019ufficio tecnico?<br \/>\nCome in altre occasioni (la ciclabile dei Diritti Umani, le due strade per il Col Agudo, la palestra Tre Cime) anche in questo caso le decisioni sono state prese in emergenza, senza spiegazioni che non siano pi\u00f9 di forma che di sostanza; senza lasciare il tempo per i confronti e le riflessioni e senza coinvolgere i cittadini che dovrebbero poter dire la loro su opere che li riguardano da vicino.<\/p>\n<p>Il motivo che ci ha spinto a scrivere questa lettera sta proprio in questo: nel bisogno di una maggiore trasparenza, di una maggiore partecipazione e in definitiva di un maggiore rispetto da parte di una amministrazione pro-tempore alla quale i cittadini hanno dato, s\u00ec, una delega, ma non una delega in bianco.<\/p>\n<p>Maria Rosa Larese Filon<br \/>\ne un gruppo di Auronzani<br \/>\nAuronzo di Cadore, 24 luglio 2019<\/p>","protected":false},"excerpt":{"rendered":"<p>I lavori per la realizzazione della nuova spiaggia del Bucintoro sono in stato avanzato e il disegno progettuale \u00e8 ormai chiaramente delineato. Pensato per 70 posti auto, il parcheggio incide pesantemente &#8211; come avevamo previsto e segnalato &#8211; sia sul luogo che sul paesaggio: una scelta che riteniamo contraria a ogni logica, visto che in [&hellip;]<\/p>\n","protected":false},"author":2,"featured_media":0,"comment_status":"closed","ping_status":"open","sticky":false,"template":"","format":"standard","meta":{"footnotes":""},"categories":[1,26],"tags":[],"class_list":["post-106568","post","type-post","status-publish","format-standard","category-leo","category-prima-pagina"],"yoast_head":"<!-- This site is optimized with the Yoast SEO plugin v28.4 - https:\/\/yoast.com\/product\/yoast-seo-wordpress\/ -->\n<title>Auronzo: sistemazione area lago Ponte di Transacqua, ovvero \u201cLe auto in primo piano davanti al lago di Santa Caterina\u201d - Bellunopress - Dolomiti<\/title>\n<meta name=\"robots\" content=\"index, follow, max-snippet:-1, max-image-preview:large, max-video-preview:-1\" \/>\n<link rel=\"canonical\" href=\"https:\/\/www.bellunopress.it\/fr\/2019\/07\/24\/auronzo-sistemazione-area-lago-ponte-di-transacqua-ovvero-le-auto-in-primo-piano-davanti-al-lago-di-santa-caterina\/\" \/>\n<meta property=\"og:locale\" content=\"fr_FR\" \/>\n<meta property=\"og:type\" content=\"article\" \/>\n<meta property=\"og:title\" content=\"Auronzo: sistemazione area lago Ponte di Transacqua, ovvero \u201cLe auto in primo piano davanti al lago di Santa Caterina\u201d - Bellunopress - Dolomiti\" \/>\n<meta property=\"og:description\" content=\"I lavori per la realizzazione della nuova spiaggia del Bucintoro sono in stato avanzato e il disegno progettuale \u00e8 ormai chiaramente delineato. Pensato per 70 posti auto, il parcheggio incide pesantemente &#8211; come avevamo previsto e segnalato &#8211; sia sul luogo che sul paesaggio: una scelta che riteniamo contraria a ogni logica, visto che in [&hellip;]\" \/>\n<meta property=\"og:url\" content=\"https:\/\/www.bellunopress.it\/fr\/2019\/07\/24\/auronzo-sistemazione-area-lago-ponte-di-transacqua-ovvero-le-auto-in-primo-piano-davanti-al-lago-di-santa-caterina\/\" \/>\n<meta property=\"og:site_name\" content=\"Bellunopress - Dolomiti\" \/>\n<meta property=\"article:publisher\" content=\"https:\/\/www.facebook.com\/profile.php?id=100008943462799\" \/>\n<meta property=\"article:published_time\" content=\"2019-07-24T18:43:53+00:00\" \/>\n<meta property=\"og:image\" content=\"http:\/\/www.bellunopress.it\/wp-content\/uploads\/2015\/08\/lettera-1.jpg\" \/>\n<meta name=\"author\" content=\"redazione\" \/>\n<meta name=\"twitter:card\" content=\"summary_large_image\" \/>\n<meta name=\"twitter:creator\" content=\"@bellunopress\" \/>\n<meta name=\"twitter:site\" content=\"@bellunopress\" \/>\n<meta name=\"twitter:label1\" content=\"Written by\" \/>\n\t<meta name=\"twitter:data1\" content=\"redazione\" \/>\n\t<meta name=\"twitter:label2\" content=\"Est. reading time\" \/>\n\t<meta name=\"twitter:data2\" content=\"2 minutes\" \/>\n<script type=\"application\/ld+json\" class=\"yoast-schema-graph\">{\"@context\":\"https:\\\/\\\/schema.org\",\"@graph\":[{\"@type\":\"Article\",\"@id\":\"https:\\\/\\\/www.bellunopress.it\\\/2019\\\/07\\\/24\\\/auronzo-sistemazione-area-lago-ponte-di-transacqua-ovvero-le-auto-in-primo-piano-davanti-al-lago-di-santa-caterina\\\/#article\",\"isPartOf\":{\"@id\":\"https:\\\/\\\/www.bellunopress.it\\\/2019\\\/07\\\/24\\\/auronzo-sistemazione-area-lago-ponte-di-transacqua-ovvero-le-auto-in-primo-piano-davanti-al-lago-di-santa-caterina\\\/\"},\"author\":{\"name\":\"redazione\",\"@id\":\"https:\\\/\\\/www.bellunopress.it\\\/#\\\/schema\\\/person\\\/79bb06722b37ece1c03d3e94beb30d73\"},\"headline\":\"Auronzo: sistemazione area lago Ponte di Transacqua, ovvero \u201cLe auto in primo piano davanti al lago di Santa Caterina\u201d\",\"datePublished\":\"2019-07-24T18:43:53+00:00\",\"mainEntityOfPage\":{\"@id\":\"https:\\\/\\\/www.bellunopress.it\\\/2019\\\/07\\\/24\\\/auronzo-sistemazione-area-lago-ponte-di-transacqua-ovvero-le-auto-in-primo-piano-davanti-al-lago-di-santa-caterina\\\/\"},\"wordCount\":427,\"publisher\":{\"@id\":\"https:\\\/\\\/www.bellunopress.it\\\/#organization\"},\"image\":{\"@id\":\"https:\\\/\\\/www.bellunopress.it\\\/2019\\\/07\\\/24\\\/auronzo-sistemazione-area-lago-ponte-di-transacqua-ovvero-le-auto-in-primo-piano-davanti-al-lago-di-santa-caterina\\\/#primaryimage\"},\"thumbnailUrl\":\"http:\\\/\\\/www.bellunopress.it\\\/wp-content\\\/uploads\\\/2015\\\/08\\\/lettera-1.jpg\",\"articleSection\":[\"Lettere Opinioni\",\"Prima Pagina\"],\"inLanguage\":\"fr-FR\"},{\"@type\":\"WebPage\",\"@id\":\"https:\\\/\\\/www.bellunopress.it\\\/2019\\\/07\\\/24\\\/auronzo-sistemazione-area-lago-ponte-di-transacqua-ovvero-le-auto-in-primo-piano-davanti-al-lago-di-santa-caterina\\\/\",\"url\":\"https:\\\/\\\/www.bellunopress.it\\\/2019\\\/07\\\/24\\\/auronzo-sistemazione-area-lago-ponte-di-transacqua-ovvero-le-auto-in-primo-piano-davanti-al-lago-di-santa-caterina\\\/\",\"name\":\"Auronzo: sistemazione area lago Ponte di Transacqua, ovvero \u201cLe auto in primo piano davanti al lago di Santa Caterina\u201d - Bellunopress - Dolomiti\",\"isPartOf\":{\"@id\":\"https:\\\/\\\/www.bellunopress.it\\\/#website\"},\"primaryImageOfPage\":{\"@id\":\"https:\\\/\\\/www.bellunopress.it\\\/2019\\\/07\\\/24\\\/auronzo-sistemazione-area-lago-ponte-di-transacqua-ovvero-le-auto-in-primo-piano-davanti-al-lago-di-santa-caterina\\\/#primaryimage\"},\"image\":{\"@id\":\"https:\\\/\\\/www.bellunopress.it\\\/2019\\\/07\\\/24\\\/auronzo-sistemazione-area-lago-ponte-di-transacqua-ovvero-le-auto-in-primo-piano-davanti-al-lago-di-santa-caterina\\\/#primaryimage\"},\"thumbnailUrl\":\"http:\\\/\\\/www.bellunopress.it\\\/wp-content\\\/uploads\\\/2015\\\/08\\\/lettera-1.jpg\",\"datePublished\":\"2019-07-24T18:43:53+00:00\",\"breadcrumb\":{\"@id\":\"https:\\\/\\\/www.bellunopress.it\\\/2019\\\/07\\\/24\\\/auronzo-sistemazione-area-lago-ponte-di-transacqua-ovvero-le-auto-in-primo-piano-davanti-al-lago-di-santa-caterina\\\/#breadcrumb\"},\"inLanguage\":\"fr-FR\",\"potentialAction\":[{\"@type\":\"ReadAction\",\"target\":[\"https:\\\/\\\/www.bellunopress.it\\\/2019\\\/07\\\/24\\\/auronzo-sistemazione-area-lago-ponte-di-transacqua-ovvero-le-auto-in-primo-piano-davanti-al-lago-di-santa-caterina\\\/\"]}]},{\"@type\":\"ImageObject\",\"inLanguage\":\"fr-FR\",\"@id\":\"https:\\\/\\\/www.bellunopress.it\\\/2019\\\/07\\\/24\\\/auronzo-sistemazione-area-lago-ponte-di-transacqua-ovvero-le-auto-in-primo-piano-davanti-al-lago-di-santa-caterina\\\/#primaryimage\",\"url\":\"http:\\\/\\\/www.bellunopress.it\\\/wp-content\\\/uploads\\\/2015\\\/08\\\/lettera-1.jpg\",\"contentUrl\":\"http:\\\/\\\/www.bellunopress.it\\\/wp-content\\\/uploads\\\/2015\\\/08\\\/lettera-1.jpg\"},{\"@type\":\"BreadcrumbList\",\"@id\":\"https:\\\/\\\/www.bellunopress.it\\\/2019\\\/07\\\/24\\\/auronzo-sistemazione-area-lago-ponte-di-transacqua-ovvero-le-auto-in-primo-piano-davanti-al-lago-di-santa-caterina\\\/#breadcrumb\",\"itemListElement\":[{\"@type\":\"ListItem\",\"position\":1,\"name\":\"Home\",\"item\":\"https:\\\/\\\/www.bellunopress.it\\\/\"},{\"@type\":\"ListItem\",\"position\":2,\"name\":\"Auronzo: sistemazione area lago Ponte di Transacqua, ovvero \u201cLe auto in primo piano davanti al lago di Santa Caterina\u201d\"}]},{\"@type\":\"WebSite\",\"@id\":\"https:\\\/\\\/www.bellunopress.it\\\/#website\",\"url\":\"https:\\\/\\\/www.bellunopress.it\\\/\",\"name\":\"Bellunopress - Dolomiti\",\"description\":\"e-mail: redazione@bellunopress.it\",\"publisher\":{\"@id\":\"https:\\\/\\\/www.bellunopress.it\\\/#organization\"},\"potentialAction\":[{\"@type\":\"SearchAction\",\"target\":{\"@type\":\"EntryPoint\",\"urlTemplate\":\"https:\\\/\\\/www.bellunopress.it\\\/?s={search_term_string}\"},\"query-input\":{\"@type\":\"PropertyValueSpecification\",\"valueRequired\":true,\"valueName\":\"search_term_string\"}}],\"inLanguage\":\"fr-FR\"},{\"@type\":\"Organization\",\"@id\":\"https:\\\/\\\/www.bellunopress.it\\\/#organization\",\"name\":\"Bellunopress\",\"url\":\"https:\\\/\\\/www.bellunopress.it\\\/\",\"logo\":{\"@type\":\"ImageObject\",\"inLanguage\":\"fr-FR\",\"@id\":\"https:\\\/\\\/www.bellunopress.it\\\/#\\\/schema\\\/logo\\\/image\\\/\",\"url\":\"https:\\\/\\\/www.bellunopress.it\\\/wp-content\\\/uploads\\\/2011\\\/05\\\/cropped-logo-bellunopress-.jpg\",\"contentUrl\":\"https:\\\/\\\/www.bellunopress.it\\\/wp-content\\\/uploads\\\/2011\\\/05\\\/cropped-logo-bellunopress-.jpg\",\"width\":512,\"height\":512,\"caption\":\"Bellunopress\"},\"image\":{\"@id\":\"https:\\\/\\\/www.bellunopress.it\\\/#\\\/schema\\\/logo\\\/image\\\/\"},\"sameAs\":[\"https:\\\/\\\/www.facebook.com\\\/profile.php?id=100008943462799\",\"https:\\\/\\\/x.com\\\/bellunopress\",\"https:\\\/\\\/www.linkedin.com\\\/hp\\\/?dnr=JBzUWaJfMUw8vbXJJ2tVW5-I3jZKvC4wsoxE&amp;amp;amp;amp;amp;amp;trk=nav_responsive_tab_home\",\"https:\\\/\\\/www.youtube.com\\\/channel\\\/UCxL0wu1uN0_3_7hGG0306cw\"]},{\"@type\":\"Person\",\"@id\":\"https:\\\/\\\/www.bellunopress.it\\\/#\\\/schema\\\/person\\\/79bb06722b37ece1c03d3e94beb30d73\",\"name\":\"redazione\",\"image\":{\"@type\":\"ImageObject\",\"inLanguage\":\"fr-FR\",\"@id\":\"https:\\\/\\\/secure.gravatar.com\\\/avatar\\\/37d968a2e67a6fd04c169c4bdef102d0bc5d31b2546345219e348575eb80e9a0?s=96&d=mm&r=g\",\"url\":\"https:\\\/\\\/secure.gravatar.com\\\/avatar\\\/37d968a2e67a6fd04c169c4bdef102d0bc5d31b2546345219e348575eb80e9a0?s=96&d=mm&r=g\",\"contentUrl\":\"https:\\\/\\\/secure.gravatar.com\\\/avatar\\\/37d968a2e67a6fd04c169c4bdef102d0bc5d31b2546345219e348575eb80e9a0?s=96&d=mm&r=g\",\"caption\":\"redazione\"},\"sameAs\":[\"http:\\\/\\\/www.bellunopress.it\",\"https:\\\/\\\/x.com\\\/bellunopress\"],\"url\":\"https:\\\/\\\/www.bellunopress.it\\\/fr\\\/author\\\/redazione\\\/\"}]}<\/script>\n<!-- \/ Yoast SEO plugin. -->","yoast_head_json":{"title":"Auronzo: sistemazione area lago Ponte di Transacqua, ovvero \u201cLe auto in primo piano davanti al lago di Santa Caterina\u201d - Bellunopress - Dolomiti","robots":{"index":"index","follow":"follow","max-snippet":"max-snippet:-1","max-image-preview":"max-image-preview:large","max-video-preview":"max-video-preview:-1"},"canonical":"https:\/\/www.bellunopress.it\/fr\/2019\/07\/24\/auronzo-sistemazione-area-lago-ponte-di-transacqua-ovvero-le-auto-in-primo-piano-davanti-al-lago-di-santa-caterina\/","og_locale":"fr_FR","og_type":"article","og_title":"Auronzo: sistemazione area lago Ponte di Transacqua, ovvero \u201cLe auto in primo piano davanti al lago di Santa Caterina\u201d - Bellunopress - Dolomiti","og_description":"I lavori per la realizzazione della nuova spiaggia del Bucintoro sono in stato avanzato e il disegno progettuale \u00e8 ormai chiaramente delineato. Pensato per 70 posti auto, il parcheggio incide pesantemente &#8211; come avevamo previsto e segnalato &#8211; sia sul luogo che sul paesaggio: una scelta che riteniamo contraria a ogni logica, visto che in [&hellip;]","og_url":"https:\/\/www.bellunopress.it\/fr\/2019\/07\/24\/auronzo-sistemazione-area-lago-ponte-di-transacqua-ovvero-le-auto-in-primo-piano-davanti-al-lago-di-santa-caterina\/","og_site_name":"Bellunopress - Dolomiti","article_publisher":"https:\/\/www.facebook.com\/profile.php?id=100008943462799","article_published_time":"2019-07-24T18:43:53+00:00","og_image":[{"url":"http:\/\/www.bellunopress.it\/wp-content\/uploads\/2015\/08\/lettera-1.jpg","type":"","width":"","height":""}],"author":"redazione","twitter_card":"summary_large_image","twitter_creator":"@bellunopress","twitter_site":"@bellunopress","twitter_misc":{"Written by":"redazione","Est. reading time":"2 minutes"},"schema":{"@context":"https:\/\/schema.org","@graph":[{"@type":"Article","@id":"https:\/\/www.bellunopress.it\/2019\/07\/24\/auronzo-sistemazione-area-lago-ponte-di-transacqua-ovvero-le-auto-in-primo-piano-davanti-al-lago-di-santa-caterina\/#article","isPartOf":{"@id":"https:\/\/www.bellunopress.it\/2019\/07\/24\/auronzo-sistemazione-area-lago-ponte-di-transacqua-ovvero-le-auto-in-primo-piano-davanti-al-lago-di-santa-caterina\/"},"author":{"name":"redazione","@id":"https:\/\/www.bellunopress.it\/#\/schema\/person\/79bb06722b37ece1c03d3e94beb30d73"},"headline":"Auronzo: sistemazione area lago Ponte di Transacqua, ovvero \u201cLe auto in primo piano davanti al lago di Santa Caterina\u201d","datePublished":"2019-07-24T18:43:53+00:00","mainEntityOfPage":{"@id":"https:\/\/www.bellunopress.it\/2019\/07\/24\/auronzo-sistemazione-area-lago-ponte-di-transacqua-ovvero-le-auto-in-primo-piano-davanti-al-lago-di-santa-caterina\/"},"wordCount":427,"publisher":{"@id":"https:\/\/www.bellunopress.it\/#organization"},"image":{"@id":"https:\/\/www.bellunopress.it\/2019\/07\/24\/auronzo-sistemazione-area-lago-ponte-di-transacqua-ovvero-le-auto-in-primo-piano-davanti-al-lago-di-santa-caterina\/#primaryimage"},"thumbnailUrl":"http:\/\/www.bellunopress.it\/wp-content\/uploads\/2015\/08\/lettera-1.jpg","articleSection":["Lettere Opinioni","Prima Pagina"],"inLanguage":"fr-FR"},{"@type":"WebPage","@id":"https:\/\/www.bellunopress.it\/2019\/07\/24\/auronzo-sistemazione-area-lago-ponte-di-transacqua-ovvero-le-auto-in-primo-piano-davanti-al-lago-di-santa-caterina\/","url":"https:\/\/www.bellunopress.it\/2019\/07\/24\/auronzo-sistemazione-area-lago-ponte-di-transacqua-ovvero-le-auto-in-primo-piano-davanti-al-lago-di-santa-caterina\/","name":"Auronzo: sistemazione area lago Ponte di Transacqua, ovvero \u201cLe auto in primo piano davanti al lago di Santa Caterina\u201d - Bellunopress - Dolomiti","isPartOf":{"@id":"https:\/\/www.bellunopress.it\/#website"},"primaryImageOfPage":{"@id":"https:\/\/www.bellunopress.it\/2019\/07\/24\/auronzo-sistemazione-area-lago-ponte-di-transacqua-ovvero-le-auto-in-primo-piano-davanti-al-lago-di-santa-caterina\/#primaryimage"},"image":{"@id":"https:\/\/www.bellunopress.it\/2019\/07\/24\/auronzo-sistemazione-area-lago-ponte-di-transacqua-ovvero-le-auto-in-primo-piano-davanti-al-lago-di-santa-caterina\/#primaryimage"},"thumbnailUrl":"http:\/\/www.bellunopress.it\/wp-content\/uploads\/2015\/08\/lettera-1.jpg","datePublished":"2019-07-24T18:43:53+00:00","breadcrumb":{"@id":"https:\/\/www.bellunopress.it\/2019\/07\/24\/auronzo-sistemazione-area-lago-ponte-di-transacqua-ovvero-le-auto-in-primo-piano-davanti-al-lago-di-santa-caterina\/#breadcrumb"},"inLanguage":"fr-FR","potentialAction":[{"@type":"ReadAction","target":["https:\/\/www.bellunopress.it\/2019\/07\/24\/auronzo-sistemazione-area-lago-ponte-di-transacqua-ovvero-le-auto-in-primo-piano-davanti-al-lago-di-santa-caterina\/"]}]},{"@type":"ImageObject","inLanguage":"fr-FR","@id":"https:\/\/www.bellunopress.it\/2019\/07\/24\/auronzo-sistemazione-area-lago-ponte-di-transacqua-ovvero-le-auto-in-primo-piano-davanti-al-lago-di-santa-caterina\/#primaryimage","url":"http:\/\/www.bellunopress.it\/wp-content\/uploads\/2015\/08\/lettera-1.jpg","contentUrl":"http:\/\/www.bellunopress.it\/wp-content\/uploads\/2015\/08\/lettera-1.jpg"},{"@type":"BreadcrumbList","@id":"https:\/\/www.bellunopress.it\/2019\/07\/24\/auronzo-sistemazione-area-lago-ponte-di-transacqua-ovvero-le-auto-in-primo-piano-davanti-al-lago-di-santa-caterina\/#breadcrumb","itemListElement":[{"@type":"ListItem","position":1,"name":"Home","item":"https:\/\/www.bellunopress.it\/"},{"@type":"ListItem","position":2,"name":"Auronzo: sistemazione area lago Ponte di Transacqua, ovvero \u201cLe auto in primo piano davanti al lago di Santa Caterina\u201d"}]},{"@type":"WebSite","@id":"https:\/\/www.bellunopress.it\/#website","url":"https:\/\/www.bellunopress.it\/","name":"Bellunopress - Dolomiti","description":"e-mail: redazione@bellunopress.it","publisher":{"@id":"https:\/\/www.bellunopress.it\/#organization"},"potentialAction":[{"@type":"SearchAction","target":{"@type":"EntryPoint","urlTemplate":"https:\/\/www.bellunopress.it\/?s={search_term_string}"},"query-input":{"@type":"PropertyValueSpecification","valueRequired":true,"valueName":"search_term_string"}}],"inLanguage":"fr-FR"},{"@type":"Organization","@id":"https:\/\/www.bellunopress.it\/#organization","name":"Bellunopress","url":"https:\/\/www.bellunopress.it\/","logo":{"@type":"ImageObject","inLanguage":"fr-FR","@id":"https:\/\/www.bellunopress.it\/#\/schema\/logo\/image\/","url":"https:\/\/www.bellunopress.it\/wp-content\/uploads\/2011\/05\/cropped-logo-bellunopress-.jpg","contentUrl":"https:\/\/www.bellunopress.it\/wp-content\/uploads\/2011\/05\/cropped-logo-bellunopress-.jpg","width":512,"height":512,"caption":"Bellunopress"},"image":{"@id":"https:\/\/www.bellunopress.it\/#\/schema\/logo\/image\/"},"sameAs":["https:\/\/www.facebook.com\/profile.php?id=100008943462799","https:\/\/x.com\/bellunopress","https:\/\/www.linkedin.com\/hp\/?dnr=JBzUWaJfMUw8vbXJJ2tVW5-I3jZKvC4wsoxE&amp;amp;amp;amp;amp;amp;trk=nav_responsive_tab_home","https:\/\/www.youtube.com\/channel\/UCxL0wu1uN0_3_7hGG0306cw"]},{"@type":"Person","@id":"https:\/\/www.bellunopress.it\/#\/schema\/person\/79bb06722b37ece1c03d3e94beb30d73","name":"r\u00e9daction","image":{"@type":"ImageObject","inLanguage":"fr-FR","@id":"https:\/\/secure.gravatar.com\/avatar\/37d968a2e67a6fd04c169c4bdef102d0bc5d31b2546345219e348575eb80e9a0?s=96&d=mm&r=g","url":"https:\/\/secure.gravatar.com\/avatar\/37d968a2e67a6fd04c169c4bdef102d0bc5d31b2546345219e348575eb80e9a0?s=96&d=mm&r=g","contentUrl":"https:\/\/secure.gravatar.com\/avatar\/37d968a2e67a6fd04c169c4bdef102d0bc5d31b2546345219e348575eb80e9a0?s=96&d=mm&r=g","caption":"redazione"},"sameAs":["http:\/\/www.bellunopress.it","https:\/\/x.com\/bellunopress"],"url":"https:\/\/www.bellunopress.it\/fr\/author\/redazione\/"}]}},"_links":{"self":[{"href":"https:\/\/www.bellunopress.it\/fr\/wp-json\/wp\/v2\/posts\/106568","targetHints":{"allow":["GET"]}}],"collection":[{"href":"https:\/\/www.bellunopress.it\/fr\/wp-json\/wp\/v2\/posts"}],"about":[{"href":"https:\/\/www.bellunopress.it\/fr\/wp-json\/wp\/v2\/types\/post"}],"author":[{"embeddable":true,"href":"https:\/\/www.bellunopress.it\/fr\/wp-json\/wp\/v2\/users\/2"}],"replies":[{"embeddable":true,"href":"https:\/\/www.bellunopress.it\/fr\/wp-json\/wp\/v2\/comments?post=106568"}],"version-history":[{"count":1,"href":"https:\/\/www.bellunopress.it\/fr\/wp-json\/wp\/v2\/posts\/106568\/revisions"}],"predecessor-version":[{"id":106569,"href":"https:\/\/www.bellunopress.it\/fr\/wp-json\/wp\/v2\/posts\/106568\/revisions\/106569"}],"wp:attachment":[{"href":"https:\/\/www.bellunopress.it\/fr\/wp-json\/wp\/v2\/media?parent=106568"}],"wp:term":[{"taxonomy":"category","embeddable":true,"href":"https:\/\/www.bellunopress.it\/fr\/wp-json\/wp\/v2\/categories?post=106568"},{"taxonomy":"post_tag","embeddable":true,"href":"https:\/\/www.bellunopress.it\/fr\/wp-json\/wp\/v2\/tags?post=106568"}],"curies":[{"name":"wp","href":"https:\/\/api.w.org\/{rel}","templated":true}]}}