{"id":106558,"date":"2019-07-24T17:21:29","date_gmt":"2019-07-24T15:21:29","guid":{"rendered":"http:\/\/www.bellunopress.it\/?p=106558"},"modified":"2019-07-25T07:39:54","modified_gmt":"2019-07-25T05:39:54","slug":"nuovi-schermi-con-tecnologia-4k-alla-multisala-la-petite-lumiere-di-belluno-sabato-linaugurazione","status":"publish","type":"post","link":"https:\/\/www.bellunopress.it\/fr\/2019\/07\/24\/nuovi-schermi-con-tecnologia-4k-alla-multisala-la-petite-lumiere-di-belluno-sabato-linaugurazione\/","title":{"rendered":"Nuovi schermi con tecnologia 4k alla multisala La Petite Lumiere di Belluno. Sabato l&#8217;inaugurazione"},"content":{"rendered":"<p><a href=\"http:\/\/www.bellunopress.it\/fr\/2019\/07\/24\/nuovi-schermi-con-tecnologia-4k-alla-multisala-la-petite-lumiere-di-belluno-sabato-linaugurazione\/la-petite-lumiere-cinema\/\" rel=\"attachment wp-att-106570\"><img loading=\"lazy\" decoding=\"async\" class=\"alignleft size-full wp-image-106570\" src=\"http:\/\/www.bellunopress.it\/wp-content\/uploads\/2019\/07\/la-petite-lumiere-cinema.jpg\" alt=\"\" width=\"300\" height=\"206\" \/><\/a>La multisala La Petite Lumiere di Belluno si rinnova. Grandi lavori in questa settimana al cinema gestito dai fratelli Zampieri. L&#8217;inaugurazione delle nuove sale avverr\u00e0 sabato 27 Luglio 2019, con in programmazione Spiderman-Far from home, il cartone animato Birba, Serenity e il nuovissimo Men in Black International.<\/p>\n<p>Nuovi schermi e nuovi proiettori 4K della Sony in arrivo direttamente dal Giappone a Belluno. Un impianto di proiezione d&#8217;avanguardia affiancato da tre nuovi schermi, provenienti dalla ditta anglo-francese Harkness, leader mondiale nel settore di schermi cinematografici, idonei a supportare la definizione dei nuovi proiettori.<\/p>\n<p>Tolti i vecchi schermi con un sistema di impalcature, i nuovi schermi vengono inviati al cinema in lunghissimi tubi, da cui vengono estratti con guanti chirurgici, attentamente srotolati e montati a mano su tutto il perimetro dello schermo, tendendoli con cura per raggiungere l&#8217;effetto liscio e impeccabile dello schermo bianco. Un semplice tocco di un dito sullo schermo sarebbe fatale per la proiezione tanto \u00e8 pura la resa finale della nuova schermatura! Inoltre i nuovi candidi schermi saranno di due tipi, uno argentato, lo schermo Silver, in Sala Rossa, per mantenere la polarizzazione della luce e permettere un sublime effetto tridimensionale, gli altri saranno di un bianco niveo, studiati apposta per una proiezione in due dimensioni esemplare.<br \/>\nUna nuova interessante caratteristica sar\u00e0 la microperforazione dello schermo. Le perforazioni microscopiche che servono a far passare il suono non saranno &#8220;grandi&#8221; come negli schermi tradizionali, della larghezza di due millimetri, ma praticamente invisibili: i forellini sono pi\u00f9 piccoli di un singolo pixel di proiezione del film sullo schermo, una risoluzione talmente profonda e straordinaria da non creare alcun artefatto visivo e da dare una stupefacente visione simile alla vista umana. Il Digital Cinema 4K permetter\u00e0 agli spettatori di immergersi in un film ricco di dettagli come mai visti prima, con una visione nitida, perfetta e sorprendente.<\/p>\n<p>Con una gru, i vecchi e imponenti proiettori sono in questo momento portati fuori dal cinema attraverso finestre, tetto o terrazze, per far posto alle nuovissime macchine di ultima generazione Sony. Queste satinate meraviglie della tecnologia permetteranno la famosa proiezione 4K. Ovvero\u00a0 due volte di pi\u00f9 in altezza, due volte di pi\u00f9 in grandezza, rispetto alla vecchia tecnologia in 2K, in termini di pixel.<br \/>\nI proiettori della Petite Lumiere avranno ora ben quattro volte la risoluzione di una normale proiezione, quattro volte il contrasto e una gamma colore estremamente pi\u00f9 estesa e strabiliante.<br \/>\nLe immagini che vedrete avranno una risoluzione di oltre 8 megapixel (milioni di pixel), ovvero quattro volte il numero di pixel offerti da un TV Full HD domestico (1920 x 1080 pixel).<br \/>\nPer quanto riguarda gli spettacoli tridimensionali, le proiezioni 3D raggiungeranno un livello sbalorditivo e una purezza ineffabile, grazie ad un nuovo sistema con occhiali 3D polarizzati.<br \/>\nA differenza di una proiezione di cinema tradizionale, in cui l&#8217;effetto 3D \u00e8 dato da una rapida successione di fotogrammi, uno destinato all&#8217;occhio destro e uno al sinistro, alternativamente, il sistema SONY proietta contemporaneamente sullo schermo i due fotogrammi, creando una proiezione rilassante e meno affaticante per la vista, pi\u00f9 brillante nonch\u00e8 piu naturale. Insomma, quello che pi\u00f9 si avvicina alla reale visione umana di ci\u00f2 che ci circonda.<br \/>\nI nuovissimi occhialini 3D inoltre saranno personali, una volta acquistati. Potranno cio\u00e8 essere portati a casa alla fine dello spettacolo e utilizzati di volta in volta quando si andr\u00e0 al cinema. L&#8217;acquisto degli occhiali assieme al biglietto dello show 3D verr\u00e0 accompagnato da un tagliandino che, presentato alla maschera, vi far\u00e0 consegnare gli occhiali 3D prima dell&#8217;ingresso in sala. Gli occhialini 3D saranno quindi riutilizzabili e personali!<br \/>\nI lavori durante questi giorni vedranno poi la taratura dei livelli audio, con speciali apparecchiature di misurazione del sonoro, per garantire una totale immersione nello spettacolo, un suono coinvolgente, brillante, esaltante, che far\u00e0 sentire lo spettatore all&#8217;interno del film, in una esperienza cinematografica unica e incredibile.<br \/>\nI lavori stanno procedendo con molta rapidit\u00e0 ed efficienza, nelle mani di esperti del settore che portano passione e dedizione alla meravigliosa arte del cinema. I gestori del multisala La Petite Lumiere e lo staff si augurano che le grandi novit\u00e0 portino un&#8217;emozionante curiosit\u00e0 e gioia agli spettatori, che potranno cos\u00ec scoprire una nuova stagione di freschi titoli e proposte. Insieme si potr\u00e0 sperimentare un nuovo passo per il Cinema, un nuovo traguardo tecnologico, un nuovo approccio alla cinematografia, coadiuvata da una scienza sempre in movimento per trasmettere emozioni, avventura, amore, musica e umanit\u00e0: il CINEMA!<\/p>","protected":false},"excerpt":{"rendered":"<p>La multisala La Petite Lumiere di Belluno si rinnova. Grandi lavori in questa settimana al cinema gestito dai fratelli Zampieri. L&#8217;inaugurazione delle nuove sale avverr\u00e0 sabato 27 Luglio 2019, con in programmazione Spiderman-Far from home, il cartone animato Birba, Serenity e il nuovissimo Men in Black International. Nuovi schermi e nuovi proiettori 4K della Sony [&hellip;]<\/p>\n","protected":false},"author":2,"featured_media":0,"comment_status":"closed","ping_status":"open","sticky":false,"template":"","format":"standard","meta":{"footnotes":""},"categories":[3,26,4],"tags":[],"class_list":["post-106558","post","type-post","status-publish","format-standard","category-arte-cultura-spettacoli-scienza-archivi","category-prima-pagina","category-sport"],"yoast_head":"<!-- This site is optimized with the Yoast SEO plugin v28.4 - https:\/\/yoast.com\/product\/yoast-seo-wordpress\/ -->\n<title>Nuovi schermi con tecnologia 4k alla multisala La Petite Lumiere di Belluno. Sabato l&#039;inaugurazione - Bellunopress - Dolomiti<\/title>\n<meta name=\"robots\" content=\"index, follow, max-snippet:-1, max-image-preview:large, max-video-preview:-1\" \/>\n<link rel=\"canonical\" href=\"https:\/\/www.bellunopress.it\/fr\/2019\/07\/24\/nuovi-schermi-con-tecnologia-4k-alla-multisala-la-petite-lumiere-di-belluno-sabato-linaugurazione\/\" \/>\n<meta property=\"og:locale\" content=\"fr_FR\" \/>\n<meta property=\"og:type\" content=\"article\" \/>\n<meta property=\"og:title\" content=\"Nuovi schermi con tecnologia 4k alla multisala La Petite Lumiere di Belluno. Sabato l&#039;inaugurazione - Bellunopress - Dolomiti\" \/>\n<meta property=\"og:description\" content=\"La multisala La Petite Lumiere di Belluno si rinnova. Grandi lavori in questa settimana al cinema gestito dai fratelli Zampieri. L&#8217;inaugurazione delle nuove sale avverr\u00e0 sabato 27 Luglio 2019, con in programmazione Spiderman-Far from home, il cartone animato Birba, Serenity e il nuovissimo Men in Black International. Nuovi schermi e nuovi proiettori 4K della Sony [&hellip;]\" \/>\n<meta property=\"og:url\" content=\"https:\/\/www.bellunopress.it\/fr\/2019\/07\/24\/nuovi-schermi-con-tecnologia-4k-alla-multisala-la-petite-lumiere-di-belluno-sabato-linaugurazione\/\" \/>\n<meta property=\"og:site_name\" content=\"Bellunopress - Dolomiti\" \/>\n<meta property=\"article:publisher\" content=\"https:\/\/www.facebook.com\/profile.php?id=100008943462799\" \/>\n<meta property=\"article:published_time\" content=\"2019-07-24T15:21:29+00:00\" \/>\n<meta property=\"article:modified_time\" content=\"2019-07-25T05:39:54+00:00\" \/>\n<meta property=\"og:image\" content=\"http:\/\/www.bellunopress.it\/wp-content\/uploads\/2019\/07\/la-petite-lumiere-cinema.jpg\" \/>\n<meta name=\"author\" content=\"redazione\" \/>\n<meta name=\"twitter:card\" content=\"summary_large_image\" \/>\n<meta name=\"twitter:creator\" content=\"@bellunopress\" \/>\n<meta name=\"twitter:site\" content=\"@bellunopress\" \/>\n<meta name=\"twitter:label1\" content=\"\u00c9crit par\" \/>\n\t<meta name=\"twitter:data1\" content=\"redazione\" \/>\n\t<meta name=\"twitter:label2\" content=\"Dur\u00e9e de lecture estim\u00e9e\" \/>\n\t<meta name=\"twitter:data2\" content=\"4 minutes\" \/>\n<script type=\"application\/ld+json\" class=\"yoast-schema-graph\">{\"@context\":\"https:\\\/\\\/schema.org\",\"@graph\":[{\"@type\":\"Article\",\"@id\":\"https:\\\/\\\/www.bellunopress.it\\\/2019\\\/07\\\/24\\\/nuovi-schermi-con-tecnologia-4k-alla-multisala-la-petite-lumiere-di-belluno-sabato-linaugurazione\\\/#article\",\"isPartOf\":{\"@id\":\"https:\\\/\\\/www.bellunopress.it\\\/2019\\\/07\\\/24\\\/nuovi-schermi-con-tecnologia-4k-alla-multisala-la-petite-lumiere-di-belluno-sabato-linaugurazione\\\/\"},\"author\":{\"name\":\"redazione\",\"@id\":\"https:\\\/\\\/www.bellunopress.it\\\/#\\\/schema\\\/person\\\/79bb06722b37ece1c03d3e94beb30d73\"},\"headline\":\"Nuovi schermi con tecnologia 4k alla multisala La Petite Lumiere di Belluno. Sabato l&#8217;inaugurazione\",\"datePublished\":\"2019-07-24T15:21:29+00:00\",\"dateModified\":\"2019-07-25T05:39:54+00:00\",\"mainEntityOfPage\":{\"@id\":\"https:\\\/\\\/www.bellunopress.it\\\/2019\\\/07\\\/24\\\/nuovi-schermi-con-tecnologia-4k-alla-multisala-la-petite-lumiere-di-belluno-sabato-linaugurazione\\\/\"},\"wordCount\":752,\"publisher\":{\"@id\":\"https:\\\/\\\/www.bellunopress.it\\\/#organization\"},\"image\":{\"@id\":\"https:\\\/\\\/www.bellunopress.it\\\/2019\\\/07\\\/24\\\/nuovi-schermi-con-tecnologia-4k-alla-multisala-la-petite-lumiere-di-belluno-sabato-linaugurazione\\\/#primaryimage\"},\"thumbnailUrl\":\"http:\\\/\\\/www.bellunopress.it\\\/wp-content\\\/uploads\\\/2019\\\/07\\\/la-petite-lumiere-cinema.jpg\",\"articleSection\":[\"Arte, Cultura, Spettacoli, Scienza\",\"Prima Pagina\",\"Sport, tempo libero\"],\"inLanguage\":\"fr-FR\"},{\"@type\":\"WebPage\",\"@id\":\"https:\\\/\\\/www.bellunopress.it\\\/2019\\\/07\\\/24\\\/nuovi-schermi-con-tecnologia-4k-alla-multisala-la-petite-lumiere-di-belluno-sabato-linaugurazione\\\/\",\"url\":\"https:\\\/\\\/www.bellunopress.it\\\/2019\\\/07\\\/24\\\/nuovi-schermi-con-tecnologia-4k-alla-multisala-la-petite-lumiere-di-belluno-sabato-linaugurazione\\\/\",\"name\":\"Nuovi schermi con tecnologia 4k alla multisala La Petite Lumiere di Belluno. Sabato l'inaugurazione - Bellunopress - Dolomiti\",\"isPartOf\":{\"@id\":\"https:\\\/\\\/www.bellunopress.it\\\/#website\"},\"primaryImageOfPage\":{\"@id\":\"https:\\\/\\\/www.bellunopress.it\\\/2019\\\/07\\\/24\\\/nuovi-schermi-con-tecnologia-4k-alla-multisala-la-petite-lumiere-di-belluno-sabato-linaugurazione\\\/#primaryimage\"},\"image\":{\"@id\":\"https:\\\/\\\/www.bellunopress.it\\\/2019\\\/07\\\/24\\\/nuovi-schermi-con-tecnologia-4k-alla-multisala-la-petite-lumiere-di-belluno-sabato-linaugurazione\\\/#primaryimage\"},\"thumbnailUrl\":\"http:\\\/\\\/www.bellunopress.it\\\/wp-content\\\/uploads\\\/2019\\\/07\\\/la-petite-lumiere-cinema.jpg\",\"datePublished\":\"2019-07-24T15:21:29+00:00\",\"dateModified\":\"2019-07-25T05:39:54+00:00\",\"breadcrumb\":{\"@id\":\"https:\\\/\\\/www.bellunopress.it\\\/2019\\\/07\\\/24\\\/nuovi-schermi-con-tecnologia-4k-alla-multisala-la-petite-lumiere-di-belluno-sabato-linaugurazione\\\/#breadcrumb\"},\"inLanguage\":\"fr-FR\",\"potentialAction\":[{\"@type\":\"ReadAction\",\"target\":[\"https:\\\/\\\/www.bellunopress.it\\\/2019\\\/07\\\/24\\\/nuovi-schermi-con-tecnologia-4k-alla-multisala-la-petite-lumiere-di-belluno-sabato-linaugurazione\\\/\"]}]},{\"@type\":\"ImageObject\",\"inLanguage\":\"fr-FR\",\"@id\":\"https:\\\/\\\/www.bellunopress.it\\\/2019\\\/07\\\/24\\\/nuovi-schermi-con-tecnologia-4k-alla-multisala-la-petite-lumiere-di-belluno-sabato-linaugurazione\\\/#primaryimage\",\"url\":\"http:\\\/\\\/www.bellunopress.it\\\/wp-content\\\/uploads\\\/2019\\\/07\\\/la-petite-lumiere-cinema.jpg\",\"contentUrl\":\"http:\\\/\\\/www.bellunopress.it\\\/wp-content\\\/uploads\\\/2019\\\/07\\\/la-petite-lumiere-cinema.jpg\"},{\"@type\":\"BreadcrumbList\",\"@id\":\"https:\\\/\\\/www.bellunopress.it\\\/2019\\\/07\\\/24\\\/nuovi-schermi-con-tecnologia-4k-alla-multisala-la-petite-lumiere-di-belluno-sabato-linaugurazione\\\/#breadcrumb\",\"itemListElement\":[{\"@type\":\"ListItem\",\"position\":1,\"name\":\"Home\",\"item\":\"https:\\\/\\\/www.bellunopress.it\\\/\"},{\"@type\":\"ListItem\",\"position\":2,\"name\":\"Nuovi schermi con tecnologia 4k alla multisala La Petite Lumiere di Belluno. Sabato l&#8217;inaugurazione\"}]},{\"@type\":\"WebSite\",\"@id\":\"https:\\\/\\\/www.bellunopress.it\\\/#website\",\"url\":\"https:\\\/\\\/www.bellunopress.it\\\/\",\"name\":\"Bellunopress - Dolomiti\",\"description\":\"e-mail: redazione@bellunopress.it\",\"publisher\":{\"@id\":\"https:\\\/\\\/www.bellunopress.it\\\/#organization\"},\"potentialAction\":[{\"@type\":\"SearchAction\",\"target\":{\"@type\":\"EntryPoint\",\"urlTemplate\":\"https:\\\/\\\/www.bellunopress.it\\\/?s={search_term_string}\"},\"query-input\":{\"@type\":\"PropertyValueSpecification\",\"valueRequired\":true,\"valueName\":\"search_term_string\"}}],\"inLanguage\":\"fr-FR\"},{\"@type\":\"Organization\",\"@id\":\"https:\\\/\\\/www.bellunopress.it\\\/#organization\",\"name\":\"Bellunopress\",\"url\":\"https:\\\/\\\/www.bellunopress.it\\\/\",\"logo\":{\"@type\":\"ImageObject\",\"inLanguage\":\"fr-FR\",\"@id\":\"https:\\\/\\\/www.bellunopress.it\\\/#\\\/schema\\\/logo\\\/image\\\/\",\"url\":\"https:\\\/\\\/www.bellunopress.it\\\/wp-content\\\/uploads\\\/2011\\\/05\\\/cropped-logo-bellunopress-.jpg\",\"contentUrl\":\"https:\\\/\\\/www.bellunopress.it\\\/wp-content\\\/uploads\\\/2011\\\/05\\\/cropped-logo-bellunopress-.jpg\",\"width\":512,\"height\":512,\"caption\":\"Bellunopress\"},\"image\":{\"@id\":\"https:\\\/\\\/www.bellunopress.it\\\/#\\\/schema\\\/logo\\\/image\\\/\"},\"sameAs\":[\"https:\\\/\\\/www.facebook.com\\\/profile.php?id=100008943462799\",\"https:\\\/\\\/x.com\\\/bellunopress\",\"https:\\\/\\\/www.linkedin.com\\\/hp\\\/?dnr=JBzUWaJfMUw8vbXJJ2tVW5-I3jZKvC4wsoxE&amp;amp;amp;amp;amp;amp;trk=nav_responsive_tab_home\",\"https:\\\/\\\/www.youtube.com\\\/channel\\\/UCxL0wu1uN0_3_7hGG0306cw\"]},{\"@type\":\"Person\",\"@id\":\"https:\\\/\\\/www.bellunopress.it\\\/#\\\/schema\\\/person\\\/79bb06722b37ece1c03d3e94beb30d73\",\"name\":\"redazione\",\"image\":{\"@type\":\"ImageObject\",\"inLanguage\":\"fr-FR\",\"@id\":\"https:\\\/\\\/secure.gravatar.com\\\/avatar\\\/37d968a2e67a6fd04c169c4bdef102d0bc5d31b2546345219e348575eb80e9a0?s=96&d=mm&r=g\",\"url\":\"https:\\\/\\\/secure.gravatar.com\\\/avatar\\\/37d968a2e67a6fd04c169c4bdef102d0bc5d31b2546345219e348575eb80e9a0?s=96&d=mm&r=g\",\"contentUrl\":\"https:\\\/\\\/secure.gravatar.com\\\/avatar\\\/37d968a2e67a6fd04c169c4bdef102d0bc5d31b2546345219e348575eb80e9a0?s=96&d=mm&r=g\",\"caption\":\"redazione\"},\"sameAs\":[\"http:\\\/\\\/www.bellunopress.it\",\"https:\\\/\\\/x.com\\\/bellunopress\"],\"url\":\"https:\\\/\\\/www.bellunopress.it\\\/fr\\\/author\\\/redazione\\\/\"}]}<\/script>\n<!-- \/ Yoast SEO plugin. -->","yoast_head_json":{"title":"Nuovi schermi con tecnologia 4k alla multisala La Petite Lumiere di Belluno. Sabato l'inaugurazione - Bellunopress - Dolomiti","robots":{"index":"index","follow":"follow","max-snippet":"max-snippet:-1","max-image-preview":"max-image-preview:large","max-video-preview":"max-video-preview:-1"},"canonical":"https:\/\/www.bellunopress.it\/fr\/2019\/07\/24\/nuovi-schermi-con-tecnologia-4k-alla-multisala-la-petite-lumiere-di-belluno-sabato-linaugurazione\/","og_locale":"fr_FR","og_type":"article","og_title":"Nuovi schermi con tecnologia 4k alla multisala La Petite Lumiere di Belluno. Sabato l'inaugurazione - Bellunopress - Dolomiti","og_description":"La multisala La Petite Lumiere di Belluno si rinnova. Grandi lavori in questa settimana al cinema gestito dai fratelli Zampieri. L&#8217;inaugurazione delle nuove sale avverr\u00e0 sabato 27 Luglio 2019, con in programmazione Spiderman-Far from home, il cartone animato Birba, Serenity e il nuovissimo Men in Black International. Nuovi schermi e nuovi proiettori 4K della Sony [&hellip;]","og_url":"https:\/\/www.bellunopress.it\/fr\/2019\/07\/24\/nuovi-schermi-con-tecnologia-4k-alla-multisala-la-petite-lumiere-di-belluno-sabato-linaugurazione\/","og_site_name":"Bellunopress - Dolomiti","article_publisher":"https:\/\/www.facebook.com\/profile.php?id=100008943462799","article_published_time":"2019-07-24T15:21:29+00:00","article_modified_time":"2019-07-25T05:39:54+00:00","og_image":[{"url":"http:\/\/www.bellunopress.it\/wp-content\/uploads\/2019\/07\/la-petite-lumiere-cinema.jpg","type":"","width":"","height":""}],"author":"redazione","twitter_card":"summary_large_image","twitter_creator":"@bellunopress","twitter_site":"@bellunopress","twitter_misc":{"\u00c9crit par":"redazione","Dur\u00e9e de lecture estim\u00e9e":"4 minutes"},"schema":{"@context":"https:\/\/schema.org","@graph":[{"@type":"Article","@id":"https:\/\/www.bellunopress.it\/2019\/07\/24\/nuovi-schermi-con-tecnologia-4k-alla-multisala-la-petite-lumiere-di-belluno-sabato-linaugurazione\/#article","isPartOf":{"@id":"https:\/\/www.bellunopress.it\/2019\/07\/24\/nuovi-schermi-con-tecnologia-4k-alla-multisala-la-petite-lumiere-di-belluno-sabato-linaugurazione\/"},"author":{"name":"redazione","@id":"https:\/\/www.bellunopress.it\/#\/schema\/person\/79bb06722b37ece1c03d3e94beb30d73"},"headline":"Nuovi schermi con tecnologia 4k alla multisala La Petite Lumiere di Belluno. Sabato l&#8217;inaugurazione","datePublished":"2019-07-24T15:21:29+00:00","dateModified":"2019-07-25T05:39:54+00:00","mainEntityOfPage":{"@id":"https:\/\/www.bellunopress.it\/2019\/07\/24\/nuovi-schermi-con-tecnologia-4k-alla-multisala-la-petite-lumiere-di-belluno-sabato-linaugurazione\/"},"wordCount":752,"publisher":{"@id":"https:\/\/www.bellunopress.it\/#organization"},"image":{"@id":"https:\/\/www.bellunopress.it\/2019\/07\/24\/nuovi-schermi-con-tecnologia-4k-alla-multisala-la-petite-lumiere-di-belluno-sabato-linaugurazione\/#primaryimage"},"thumbnailUrl":"http:\/\/www.bellunopress.it\/wp-content\/uploads\/2019\/07\/la-petite-lumiere-cinema.jpg","articleSection":["Arte, Cultura, Spettacoli, Scienza","Prima Pagina","Sport, tempo libero"],"inLanguage":"fr-FR"},{"@type":"WebPage","@id":"https:\/\/www.bellunopress.it\/2019\/07\/24\/nuovi-schermi-con-tecnologia-4k-alla-multisala-la-petite-lumiere-di-belluno-sabato-linaugurazione\/","url":"https:\/\/www.bellunopress.it\/2019\/07\/24\/nuovi-schermi-con-tecnologia-4k-alla-multisala-la-petite-lumiere-di-belluno-sabato-linaugurazione\/","name":"Nuovi schermi con tecnologia 4k alla multisala La Petite Lumiere di Belluno. Sabato l'inaugurazione - Bellunopress - Dolomiti","isPartOf":{"@id":"https:\/\/www.bellunopress.it\/#website"},"primaryImageOfPage":{"@id":"https:\/\/www.bellunopress.it\/2019\/07\/24\/nuovi-schermi-con-tecnologia-4k-alla-multisala-la-petite-lumiere-di-belluno-sabato-linaugurazione\/#primaryimage"},"image":{"@id":"https:\/\/www.bellunopress.it\/2019\/07\/24\/nuovi-schermi-con-tecnologia-4k-alla-multisala-la-petite-lumiere-di-belluno-sabato-linaugurazione\/#primaryimage"},"thumbnailUrl":"http:\/\/www.bellunopress.it\/wp-content\/uploads\/2019\/07\/la-petite-lumiere-cinema.jpg","datePublished":"2019-07-24T15:21:29+00:00","dateModified":"2019-07-25T05:39:54+00:00","breadcrumb":{"@id":"https:\/\/www.bellunopress.it\/2019\/07\/24\/nuovi-schermi-con-tecnologia-4k-alla-multisala-la-petite-lumiere-di-belluno-sabato-linaugurazione\/#breadcrumb"},"inLanguage":"fr-FR","potentialAction":[{"@type":"ReadAction","target":["https:\/\/www.bellunopress.it\/2019\/07\/24\/nuovi-schermi-con-tecnologia-4k-alla-multisala-la-petite-lumiere-di-belluno-sabato-linaugurazione\/"]}]},{"@type":"ImageObject","inLanguage":"fr-FR","@id":"https:\/\/www.bellunopress.it\/2019\/07\/24\/nuovi-schermi-con-tecnologia-4k-alla-multisala-la-petite-lumiere-di-belluno-sabato-linaugurazione\/#primaryimage","url":"http:\/\/www.bellunopress.it\/wp-content\/uploads\/2019\/07\/la-petite-lumiere-cinema.jpg","contentUrl":"http:\/\/www.bellunopress.it\/wp-content\/uploads\/2019\/07\/la-petite-lumiere-cinema.jpg"},{"@type":"BreadcrumbList","@id":"https:\/\/www.bellunopress.it\/2019\/07\/24\/nuovi-schermi-con-tecnologia-4k-alla-multisala-la-petite-lumiere-di-belluno-sabato-linaugurazione\/#breadcrumb","itemListElement":[{"@type":"ListItem","position":1,"name":"Home","item":"https:\/\/www.bellunopress.it\/"},{"@type":"ListItem","position":2,"name":"Nuovi schermi con tecnologia 4k alla multisala La Petite Lumiere di Belluno. Sabato l&#8217;inaugurazione"}]},{"@type":"WebSite","@id":"https:\/\/www.bellunopress.it\/#website","url":"https:\/\/www.bellunopress.it\/","name":"Bellunopress - Dolomiti","description":"e-mail: redazione@bellunopress.it","publisher":{"@id":"https:\/\/www.bellunopress.it\/#organization"},"potentialAction":[{"@type":"SearchAction","target":{"@type":"EntryPoint","urlTemplate":"https:\/\/www.bellunopress.it\/?s={search_term_string}"},"query-input":{"@type":"PropertyValueSpecification","valueRequired":true,"valueName":"search_term_string"}}],"inLanguage":"fr-FR"},{"@type":"Organization","@id":"https:\/\/www.bellunopress.it\/#organization","name":"Bellunopress","url":"https:\/\/www.bellunopress.it\/","logo":{"@type":"ImageObject","inLanguage":"fr-FR","@id":"https:\/\/www.bellunopress.it\/#\/schema\/logo\/image\/","url":"https:\/\/www.bellunopress.it\/wp-content\/uploads\/2011\/05\/cropped-logo-bellunopress-.jpg","contentUrl":"https:\/\/www.bellunopress.it\/wp-content\/uploads\/2011\/05\/cropped-logo-bellunopress-.jpg","width":512,"height":512,"caption":"Bellunopress"},"image":{"@id":"https:\/\/www.bellunopress.it\/#\/schema\/logo\/image\/"},"sameAs":["https:\/\/www.facebook.com\/profile.php?id=100008943462799","https:\/\/x.com\/bellunopress","https:\/\/www.linkedin.com\/hp\/?dnr=JBzUWaJfMUw8vbXJJ2tVW5-I3jZKvC4wsoxE&amp;amp;amp;amp;amp;amp;trk=nav_responsive_tab_home","https:\/\/www.youtube.com\/channel\/UCxL0wu1uN0_3_7hGG0306cw"]},{"@type":"Person","@id":"https:\/\/www.bellunopress.it\/#\/schema\/person\/79bb06722b37ece1c03d3e94beb30d73","name":"r\u00e9daction","image":{"@type":"ImageObject","inLanguage":"fr-FR","@id":"https:\/\/secure.gravatar.com\/avatar\/37d968a2e67a6fd04c169c4bdef102d0bc5d31b2546345219e348575eb80e9a0?s=96&d=mm&r=g","url":"https:\/\/secure.gravatar.com\/avatar\/37d968a2e67a6fd04c169c4bdef102d0bc5d31b2546345219e348575eb80e9a0?s=96&d=mm&r=g","contentUrl":"https:\/\/secure.gravatar.com\/avatar\/37d968a2e67a6fd04c169c4bdef102d0bc5d31b2546345219e348575eb80e9a0?s=96&d=mm&r=g","caption":"redazione"},"sameAs":["http:\/\/www.bellunopress.it","https:\/\/x.com\/bellunopress"],"url":"https:\/\/www.bellunopress.it\/fr\/author\/redazione\/"}]}},"_links":{"self":[{"href":"https:\/\/www.bellunopress.it\/fr\/wp-json\/wp\/v2\/posts\/106558","targetHints":{"allow":["GET"]}}],"collection":[{"href":"https:\/\/www.bellunopress.it\/fr\/wp-json\/wp\/v2\/posts"}],"about":[{"href":"https:\/\/www.bellunopress.it\/fr\/wp-json\/wp\/v2\/types\/post"}],"author":[{"embeddable":true,"href":"https:\/\/www.bellunopress.it\/fr\/wp-json\/wp\/v2\/users\/2"}],"replies":[{"embeddable":true,"href":"https:\/\/www.bellunopress.it\/fr\/wp-json\/wp\/v2\/comments?post=106558"}],"version-history":[{"count":2,"href":"https:\/\/www.bellunopress.it\/fr\/wp-json\/wp\/v2\/posts\/106558\/revisions"}],"predecessor-version":[{"id":106571,"href":"https:\/\/www.bellunopress.it\/fr\/wp-json\/wp\/v2\/posts\/106558\/revisions\/106571"}],"wp:attachment":[{"href":"https:\/\/www.bellunopress.it\/fr\/wp-json\/wp\/v2\/media?parent=106558"}],"wp:term":[{"taxonomy":"category","embeddable":true,"href":"https:\/\/www.bellunopress.it\/fr\/wp-json\/wp\/v2\/categories?post=106558"},{"taxonomy":"post_tag","embeddable":true,"href":"https:\/\/www.bellunopress.it\/fr\/wp-json\/wp\/v2\/tags?post=106558"}],"curies":[{"name":"wp","href":"https:\/\/api.w.org\/{rel}","templated":true}]}}